{"id":23622,"date":"2016-12-27T19:00:19","date_gmt":"2016-12-27T22:00:19","guid":{"rendered":"http:\/\/patagoniambiental.com.ar\/?p=23622"},"modified":"2016-12-27T19:00:19","modified_gmt":"2016-12-27T22:00:19","slug":"se-firmo-convenio-de-trabajo-para-postular-al-sistema-lagunar-de-trelew-como-sitio-ramsar","status":"publish","type":"post","link":"https:\/\/patagoniambiental.com.ar\/info\/se-firmo-convenio-de-trabajo-para-postular-al-sistema-lagunar-de-trelew-como-sitio-ramsar\/","title":{"rendered":"Se firm\u00f3 Convenio de trabajo para postular al Sistema Lagunar de Trelew como sitio RAMSAR"},"content":{"rendered":"<pre><b><\/b>Trelew.-El intendente de Trelew, Adri\u00e1n Maderna, celebr\u00f3 un convenio de trabajo con la Universidad Nacional de la Patagonia \u201cSan Juan Bosco\u201d, representada por la decana de la Facultad de Ciencias Naturales Dra. M\u00f3nica Freile, para la elaboraci\u00f3n de un documento que permita postular al Sistema Lagunar como sitio RAMSAR (Convenci\u00f3n relacionada a humedales de importancia internacional). El acuerdo <span class=\"text_exposed_show\">se celebr\u00f3 con la presencia de autoridades municipales y de la casa de altos estudios en instalaciones del Centro Astron\u00f3mico Trelew. La coordinaci\u00f3n general del convenio estar\u00e1 a cargo de la directora de Turismo M\u00f3nica Montes Roberts y la delegada Acad\u00e9mica de la Sede Trelew de la Facultad de Ciencias Naturales Viviana Sastre.<\/span><\/pre>\n<p><!--more--><\/p>\n<p><span class=\"text_exposed_show\">El intendente Adri\u00e1n Maderna destac\u00f3 \u201clo que va a significar esta declaraci\u00f3n para poner en valor a nuestra ciudad\u201d y que \u201cpara nosotros es muy importante la vinculaci\u00f3n con la universidad, ya lo hemos hecho con otras Facultades, para profesionalizar las tem\u00e1ticas m\u00e1s importantes con el aporte de quienes son id\u00f3neos\u201d.<br \/>\nPor \u00faltimo subray\u00f3 la importancia de este espacio lagunar, incluida la Laguna Cacique Chiquichano, y todo el sistema del este de la ciudad \u201cpara que lo disfruten los vecinos hoy y tambi\u00e9n en el futuro. Lograr la denominaci\u00f3n de sitio RAMSAR har\u00e1 crecer a Trelew en materia tur\u00edstica\u201d. Tambi\u00e9n especific\u00f3 que este convenio se ve fortalecido por el Plan de Uso P\u00fablico de la Laguna Cacique Chiquichano, el cual se est\u00e1 trabajando con los equipos t\u00e9cnicos, y que est\u00e1 vinculado a la conservaci\u00f3n de este espacio natural. \u201cAmbos proyectos est\u00e1n vinculados a poner en valor estos lugares e ir poniendo en valor los atractivos que tenemos\u201d se\u00f1al\u00f3 Maderna.<\/span><\/p>\n<div class=\"text_exposed_show\">\n<p>Colaboraci\u00f3n t\u00e9cnica<br \/>\nEl docente e investigador universitario Gabriel Punta, quien ya ven\u00eda trabajando hace un tiempo en el proyecto, dijo que el convenio permitir\u00e1 la elaboraci\u00f3n de toda la documentaci\u00f3n t\u00e9cnica que \u201cse requiere para la presentaci\u00f3n de la postulaci\u00f3n de la laguna como sitio RAMSAR, importante para este humedal, en este caso con relaci\u00f3n a la conservaci\u00f3n de aves residentes y migratorias\u201d.<br \/>\nPunta dijo que a nivel mundial no hay muchos sitios declarados RAMSAR \u201ces una distinci\u00f3n que se otorga a lugares que tienen caracter\u00edsticas particulares para la conservaci\u00f3n de las especies\u201d. La UNPSJB dispondr\u00e1 de un equipo t\u00e9cnico para la confecci\u00f3n del objetivo propuesto \u201cvan a participar colaboradores de la c\u00e1tedra de Gesti\u00f3n Ambiental, y calculamos que la elaboraci\u00f3n del documento nos va a llevar unos cuatro meses, y despu\u00e9s vendr\u00e1 la parte administrativa que es la elevaci\u00f3n de la propuesta a los representantes argentinos de la convenci\u00f3n RAMSAR\u201d.<\/p>\n<p>Fuente: Direcci\u00f3n de Gesti\u00f3n Ambiental de la Municipalidad de Trelew<\/p>\n<\/div>\n","protected":false},"excerpt":{"rendered":"<p>Trelew.-El intendente de Trelew, Adri\u00e1n Maderna, celebr\u00f3 un convenio de trabajo con la Universidad Nacional de la Patagonia \u201cSan Juan [&hellip;]<\/p>\n","protected":false},"author":2,"featured_media":0,"comment_status":"closed","ping_status":"closed","sticky":false,"template":"","format":"standard","meta":{"site-sidebar-layout":"default","site-content-layout":"","ast-site-content-layout":"default","site-content-style":"default","site-sidebar-style":"default","ast-global-header-display":"","ast-banner-title-visibility":"","ast-main-header-display":"","ast-hfb-above-header-display":"","ast-hfb-below-header-display":"","ast-hfb-mobile-header-display":"","site-post-title":"","ast-breadcrumbs-content":"","ast-featured-img":"","footer-sml-layout":"","ast-disable-related-posts":"","theme-transparent-header-meta":"","adv-header-id-meta":"","stick-header-meta":"","header-above-stick-meta":"","header-main-stick-meta":"","header-below-stick-meta":"","astra-migrate-meta-layouts":"default","ast-page-background-enabled":"default","ast-page-background-meta":{"desktop":{"background-color":"var(--ast-global-color-5)","background-image":"","background-repeat":"repeat","background-position":"center center","background-size":"auto","background-attachment":"scroll","background-type":"","background-media":"","overlay-type":"","overlay-color":"","overlay-opacity":"","overlay-gradient":""},"tablet":{"background-color":"","background-image":"","background-repeat":"repeat","background-position":"center center","background-size":"auto","background-attachment":"scroll","background-type":"","background-media":"","overlay-type":"","overlay-color":"","overlay-opacity":"","overlay-gradient":""},"mobile":{"background-color":"","background-image":"","background-repeat":"repeat","background-position":"center center","background-size":"auto","background-attachment":"scroll","background-type":"","background-media":"","overlay-type":"","overlay-color":"","overlay-opacity":"","overlay-gradient":""}},"ast-content-background-meta":{"desktop":{"background-color":"var(--ast-global-color-4)","background-image":"","background-repeat":"repeat","background-position":"center center","background-size":"auto","background-attachment":"scroll","background-type":"","background-media":"","overlay-type":"","overlay-color":"","overlay-opacity":"","overlay-gradient":""},"tablet":{"background-color":"var(--ast-global-color-4)","background-image":"","background-repeat":"repeat","background-position":"center center","background-size":"auto","background-attachment":"scroll","background-type":"","background-media":"","overlay-type":"","overlay-color":"","overlay-opacity":"","overlay-gradient":""},"mobile":{"background-color":"var(--ast-global-color-4)","background-image":"","background-repeat":"repeat","background-position":"center center","background-size":"auto","background-attachment":"scroll","background-type":"","background-media":"","overlay-type":"","overlay-color":"","overlay-opacity":"","overlay-gradient":""}},"footnotes":""},"categories":[16,1],"tags":[],"class_list":["post-23622","post","type-post","status-publish","format-standard","hentry","category-municipales","category-noticias"],"yoast_head":"<!-- This site is optimized with the Yoast SEO Premium plugin v23.0 (Yoast SEO v27.4) - https:\/\/yoast.com\/product\/yoast-seo-premium-wordpress\/ -->\n<title>Se firm\u00f3 Convenio de trabajo para postular al Sistema Lagunar de Trelew como sitio RAMSAR<\/title>\n<meta name=\"robots\" content=\"index, follow, max-snippet:-1, max-image-preview:large, max-video-preview:-1\" \/>\n<link rel=\"canonical\" href=\"https:\/\/patagoniambiental.com.ar\/info\/se-firmo-convenio-de-trabajo-para-postular-al-sistema-lagunar-de-trelew-como-sitio-ramsar\/\" \/>\n<meta property=\"og:locale\" content=\"es_ES\" \/>\n<meta property=\"og:type\" content=\"article\" \/>\n<meta property=\"og:title\" content=\"Se firm\u00f3 Convenio de trabajo para postular al Sistema Lagunar de Trelew como sitio RAMSAR\" \/>\n<meta property=\"og:description\" content=\"Trelew.-El intendente de Trelew, Adri\u00e1n Maderna, celebr\u00f3 un convenio de trabajo con la Universidad Nacional de la Patagonia \u201cSan Juan [&hellip;]\" \/>\n<meta property=\"og:url\" content=\"https:\/\/patagoniambiental.com.ar\/info\/se-firmo-convenio-de-trabajo-para-postular-al-sistema-lagunar-de-trelew-como-sitio-ramsar\/\" \/>\n<meta property=\"og:site_name\" content=\"Patagonia Ambiental\" \/>\n<meta property=\"article:publisher\" content=\"https:\/\/www.facebook.com\/patagonia.ambiental\" \/>\n<meta property=\"article:author\" content=\"https:\/\/www.facebook.com\/share\/1C1V8Gv9BX\/?mibextid=qi2Omg\" \/>\n<meta property=\"article:published_time\" content=\"2016-12-27T22:00:19+00:00\" \/>\n<meta name=\"author\" content=\"Patagonia Ambiental\" \/>\n<meta name=\"twitter:card\" content=\"summary_large_image\" \/>\n<meta name=\"twitter:creator\" content=\"@PatAmb\" \/>\n<meta name=\"twitter:site\" content=\"@PatAmb\" \/>\n<script type=\"application\/ld+json\" class=\"yoast-schema-graph\">{\"@context\":\"https:\\\/\\\/schema.org\",\"@graph\":[{\"@type\":\"Article\",\"@id\":\"https:\\\/\\\/patagoniambiental.com.ar\\\/info\\\/se-firmo-convenio-de-trabajo-para-postular-al-sistema-lagunar-de-trelew-como-sitio-ramsar\\\/#article\",\"isPartOf\":{\"@id\":\"https:\\\/\\\/patagoniambiental.com.ar\\\/info\\\/se-firmo-convenio-de-trabajo-para-postular-al-sistema-lagunar-de-trelew-como-sitio-ramsar\\\/\"},\"author\":{\"name\":\"Patagonia Ambiental\",\"@id\":\"https:\\\/\\\/patagoniambiental.com.ar\\\/info\\\/#\\\/schema\\\/person\\\/db12bff64bbcbf6a253710bf0ea37b5d\"},\"headline\":\"Se firm\u00f3 Convenio de trabajo para postular al Sistema Lagunar de Trelew como sitio RAMSAR\",\"datePublished\":\"2016-12-27T22:00:19+00:00\",\"mainEntityOfPage\":{\"@id\":\"https:\\\/\\\/patagoniambiental.com.ar\\\/info\\\/se-firmo-convenio-de-trabajo-para-postular-al-sistema-lagunar-de-trelew-como-sitio-ramsar\\\/\"},\"wordCount\":373,\"publisher\":{\"@id\":\"https:\\\/\\\/patagoniambiental.com.ar\\\/info\\\/#organization\"},\"articleSection\":[\"Municipales\",\"Noticias\"],\"inLanguage\":\"es\"},{\"@type\":\"WebPage\",\"@id\":\"https:\\\/\\\/patagoniambiental.com.ar\\\/info\\\/se-firmo-convenio-de-trabajo-para-postular-al-sistema-lagunar-de-trelew-como-sitio-ramsar\\\/\",\"url\":\"https:\\\/\\\/patagoniambiental.com.ar\\\/info\\\/se-firmo-convenio-de-trabajo-para-postular-al-sistema-lagunar-de-trelew-como-sitio-ramsar\\\/\",\"name\":\"Se firm\u00f3 Convenio de trabajo para postular al Sistema Lagunar de Trelew como sitio RAMSAR\",\"isPartOf\":{\"@id\":\"https:\\\/\\\/patagoniambiental.com.ar\\\/info\\\/#website\"},\"datePublished\":\"2016-12-27T22:00:19+00:00\",\"breadcrumb\":{\"@id\":\"https:\\\/\\\/patagoniambiental.com.ar\\\/info\\\/se-firmo-convenio-de-trabajo-para-postular-al-sistema-lagunar-de-trelew-como-sitio-ramsar\\\/#breadcrumb\"},\"inLanguage\":\"es\",\"potentialAction\":[{\"@type\":\"ReadAction\",\"target\":[\"https:\\\/\\\/patagoniambiental.com.ar\\\/info\\\/se-firmo-convenio-de-trabajo-para-postular-al-sistema-lagunar-de-trelew-como-sitio-ramsar\\\/\"]}]},{\"@type\":\"BreadcrumbList\",\"@id\":\"https:\\\/\\\/patagoniambiental.com.ar\\\/info\\\/se-firmo-convenio-de-trabajo-para-postular-al-sistema-lagunar-de-trelew-como-sitio-ramsar\\\/#breadcrumb\",\"itemListElement\":[{\"@type\":\"ListItem\",\"position\":1,\"name\":\"Inicio\",\"item\":\"https:\\\/\\\/patagoniambiental.com.ar\\\/info\\\/\"},{\"@type\":\"ListItem\",\"position\":2,\"name\":\"Se firm\u00f3 Convenio de trabajo para postular al Sistema Lagunar de Trelew como sitio RAMSAR\"}]},{\"@type\":\"WebSite\",\"@id\":\"https:\\\/\\\/patagoniambiental.com.ar\\\/info\\\/#website\",\"url\":\"https:\\\/\\\/patagoniambiental.com.ar\\\/info\\\/\",\"name\":\"Patagonia Ambiental\",\"description\":\"Monitoreo y an\u00e1lisis de la situaci\u00f3n geopol\u00edtica en el mundo y su implicancia en la Patagonia\",\"publisher\":{\"@id\":\"https:\\\/\\\/patagoniambiental.com.ar\\\/info\\\/#organization\"},\"potentialAction\":[{\"@type\":\"SearchAction\",\"target\":{\"@type\":\"EntryPoint\",\"urlTemplate\":\"https:\\\/\\\/patagoniambiental.com.ar\\\/info\\\/?s={search_term_string}\"},\"query-input\":{\"@type\":\"PropertyValueSpecification\",\"valueRequired\":true,\"valueName\":\"search_term_string\"}}],\"inLanguage\":\"es\"},{\"@type\":\"Organization\",\"@id\":\"https:\\\/\\\/patagoniambiental.com.ar\\\/info\\\/#organization\",\"name\":\"Patagonia Ambiental\",\"url\":\"https:\\\/\\\/patagoniambiental.com.ar\\\/info\\\/\",\"logo\":{\"@type\":\"ImageObject\",\"inLanguage\":\"es\",\"@id\":\"https:\\\/\\\/patagoniambiental.com.ar\\\/info\\\/#\\\/schema\\\/logo\\\/image\\\/\",\"url\":\"https:\\\/\\\/patagoniambiental.com.ar\\\/info\\\/wp-content\\\/uploads\\\/2025\\\/05\\\/LOGO-PATAGONIA-AMBIENTAL.png\",\"contentUrl\":\"https:\\\/\\\/patagoniambiental.com.ar\\\/info\\\/wp-content\\\/uploads\\\/2025\\\/05\\\/LOGO-PATAGONIA-AMBIENTAL.png\",\"width\":433,\"height\":250,\"caption\":\"Patagonia Ambiental\"},\"image\":{\"@id\":\"https:\\\/\\\/patagoniambiental.com.ar\\\/info\\\/#\\\/schema\\\/logo\\\/image\\\/\"},\"sameAs\":[\"https:\\\/\\\/www.facebook.com\\\/patagonia.ambiental\",\"https:\\\/\\\/x.com\\\/PatAmb\"]},{\"@type\":\"Person\",\"@id\":\"https:\\\/\\\/patagoniambiental.com.ar\\\/info\\\/#\\\/schema\\\/person\\\/db12bff64bbcbf6a253710bf0ea37b5d\",\"name\":\"Patagonia Ambiental\",\"description\":\"Andr\u00e9s Nievas T\u00e9cnico en manejo ambiental, consultor Ambiental y escritor para medios locales e internacionales sobre temas de geopolitica y medio ambiente.\",\"sameAs\":[\"http:\\\/\\\/www.patagoniambiental.com.ar\",\"https:\\\/\\\/www.facebook.com\\\/share\\\/1C1V8Gv9BX\\\/?mibextid=qi2Omg\",\"@patagoniambiental\",\"https:\\\/\\\/youtube.com\\\/@patagoniaambiental2023?si=BLt58t0wuXquxlYZ\"]}]}<\/script>\n<!-- \/ Yoast SEO Premium plugin. -->","yoast_head_json":{"title":"Se firm\u00f3 Convenio de trabajo para postular al Sistema Lagunar de Trelew como sitio RAMSAR","robots":{"index":"index","follow":"follow","max-snippet":"max-snippet:-1","max-image-preview":"max-image-preview:large","max-video-preview":"max-video-preview:-1"},"canonical":"https:\/\/patagoniambiental.com.ar\/info\/se-firmo-convenio-de-trabajo-para-postular-al-sistema-lagunar-de-trelew-como-sitio-ramsar\/","og_locale":"es_ES","og_type":"article","og_title":"Se firm\u00f3 Convenio de trabajo para postular al Sistema Lagunar de Trelew como sitio RAMSAR","og_description":"Trelew.-El intendente de Trelew, Adri\u00e1n Maderna, celebr\u00f3 un convenio de trabajo con la Universidad Nacional de la Patagonia \u201cSan Juan [&hellip;]","og_url":"https:\/\/patagoniambiental.com.ar\/info\/se-firmo-convenio-de-trabajo-para-postular-al-sistema-lagunar-de-trelew-como-sitio-ramsar\/","og_site_name":"Patagonia Ambiental","article_publisher":"https:\/\/www.facebook.com\/patagonia.ambiental","article_author":"https:\/\/www.facebook.com\/share\/1C1V8Gv9BX\/?mibextid=qi2Omg","article_published_time":"2016-12-27T22:00:19+00:00","author":"Patagonia Ambiental","twitter_card":"summary_large_image","twitter_creator":"@PatAmb","twitter_site":"@PatAmb","schema":{"@context":"https:\/\/schema.org","@graph":[{"@type":"Article","@id":"https:\/\/patagoniambiental.com.ar\/info\/se-firmo-convenio-de-trabajo-para-postular-al-sistema-lagunar-de-trelew-como-sitio-ramsar\/#article","isPartOf":{"@id":"https:\/\/patagoniambiental.com.ar\/info\/se-firmo-convenio-de-trabajo-para-postular-al-sistema-lagunar-de-trelew-como-sitio-ramsar\/"},"author":{"name":"Patagonia Ambiental","@id":"https:\/\/patagoniambiental.com.ar\/info\/#\/schema\/person\/db12bff64bbcbf6a253710bf0ea37b5d"},"headline":"Se firm\u00f3 Convenio de trabajo para postular al Sistema Lagunar de Trelew como sitio RAMSAR","datePublished":"2016-12-27T22:00:19+00:00","mainEntityOfPage":{"@id":"https:\/\/patagoniambiental.com.ar\/info\/se-firmo-convenio-de-trabajo-para-postular-al-sistema-lagunar-de-trelew-como-sitio-ramsar\/"},"wordCount":373,"publisher":{"@id":"https:\/\/patagoniambiental.com.ar\/info\/#organization"},"articleSection":["Municipales","Noticias"],"inLanguage":"es"},{"@type":"WebPage","@id":"https:\/\/patagoniambiental.com.ar\/info\/se-firmo-convenio-de-trabajo-para-postular-al-sistema-lagunar-de-trelew-como-sitio-ramsar\/","url":"https:\/\/patagoniambiental.com.ar\/info\/se-firmo-convenio-de-trabajo-para-postular-al-sistema-lagunar-de-trelew-como-sitio-ramsar\/","name":"Se firm\u00f3 Convenio de trabajo para postular al Sistema Lagunar de Trelew como sitio RAMSAR","isPartOf":{"@id":"https:\/\/patagoniambiental.com.ar\/info\/#website"},"datePublished":"2016-12-27T22:00:19+00:00","breadcrumb":{"@id":"https:\/\/patagoniambiental.com.ar\/info\/se-firmo-convenio-de-trabajo-para-postular-al-sistema-lagunar-de-trelew-como-sitio-ramsar\/#breadcrumb"},"inLanguage":"es","potentialAction":[{"@type":"ReadAction","target":["https:\/\/patagoniambiental.com.ar\/info\/se-firmo-convenio-de-trabajo-para-postular-al-sistema-lagunar-de-trelew-como-sitio-ramsar\/"]}]},{"@type":"BreadcrumbList","@id":"https:\/\/patagoniambiental.com.ar\/info\/se-firmo-convenio-de-trabajo-para-postular-al-sistema-lagunar-de-trelew-como-sitio-ramsar\/#breadcrumb","itemListElement":[{"@type":"ListItem","position":1,"name":"Inicio","item":"https:\/\/patagoniambiental.com.ar\/info\/"},{"@type":"ListItem","position":2,"name":"Se firm\u00f3 Convenio de trabajo para postular al Sistema Lagunar de Trelew como sitio RAMSAR"}]},{"@type":"WebSite","@id":"https:\/\/patagoniambiental.com.ar\/info\/#website","url":"https:\/\/patagoniambiental.com.ar\/info\/","name":"Patagonia Ambiental","description":"Monitoreo y an\u00e1lisis de la situaci\u00f3n geopol\u00edtica en el mundo y su implicancia en la Patagonia","publisher":{"@id":"https:\/\/patagoniambiental.com.ar\/info\/#organization"},"potentialAction":[{"@type":"SearchAction","target":{"@type":"EntryPoint","urlTemplate":"https:\/\/patagoniambiental.com.ar\/info\/?s={search_term_string}"},"query-input":{"@type":"PropertyValueSpecification","valueRequired":true,"valueName":"search_term_string"}}],"inLanguage":"es"},{"@type":"Organization","@id":"https:\/\/patagoniambiental.com.ar\/info\/#organization","name":"Patagonia Ambiental","url":"https:\/\/patagoniambiental.com.ar\/info\/","logo":{"@type":"ImageObject","inLanguage":"es","@id":"https:\/\/patagoniambiental.com.ar\/info\/#\/schema\/logo\/image\/","url":"https:\/\/patagoniambiental.com.ar\/info\/wp-content\/uploads\/2025\/05\/LOGO-PATAGONIA-AMBIENTAL.png","contentUrl":"https:\/\/patagoniambiental.com.ar\/info\/wp-content\/uploads\/2025\/05\/LOGO-PATAGONIA-AMBIENTAL.png","width":433,"height":250,"caption":"Patagonia Ambiental"},"image":{"@id":"https:\/\/patagoniambiental.com.ar\/info\/#\/schema\/logo\/image\/"},"sameAs":["https:\/\/www.facebook.com\/patagonia.ambiental","https:\/\/x.com\/PatAmb"]},{"@type":"Person","@id":"https:\/\/patagoniambiental.com.ar\/info\/#\/schema\/person\/db12bff64bbcbf6a253710bf0ea37b5d","name":"Patagonia Ambiental","description":"Andr\u00e9s Nievas T\u00e9cnico en manejo ambiental, consultor Ambiental y escritor para medios locales e internacionales sobre temas de geopolitica y medio ambiente.","sameAs":["http:\/\/www.patagoniambiental.com.ar","https:\/\/www.facebook.com\/share\/1C1V8Gv9BX\/?mibextid=qi2Omg","@patagoniambiental","https:\/\/youtube.com\/@patagoniaambiental2023?si=BLt58t0wuXquxlYZ"]}]}},"_links":{"self":[{"href":"https:\/\/patagoniambiental.com.ar\/info\/wp-json\/wp\/v2\/posts\/23622","targetHints":{"allow":["GET"]}}],"collection":[{"href":"https:\/\/patagoniambiental.com.ar\/info\/wp-json\/wp\/v2\/posts"}],"about":[{"href":"https:\/\/patagoniambiental.com.ar\/info\/wp-json\/wp\/v2\/types\/post"}],"author":[{"embeddable":true,"href":"https:\/\/patagoniambiental.com.ar\/info\/wp-json\/wp\/v2\/users\/2"}],"replies":[{"embeddable":true,"href":"https:\/\/patagoniambiental.com.ar\/info\/wp-json\/wp\/v2\/comments?post=23622"}],"version-history":[{"count":0,"href":"https:\/\/patagoniambiental.com.ar\/info\/wp-json\/wp\/v2\/posts\/23622\/revisions"}],"wp:attachment":[{"href":"https:\/\/patagoniambiental.com.ar\/info\/wp-json\/wp\/v2\/media?parent=23622"}],"wp:term":[{"taxonomy":"category","embeddable":true,"href":"https:\/\/patagoniambiental.com.ar\/info\/wp-json\/wp\/v2\/categories?post=23622"},{"taxonomy":"post_tag","embeddable":true,"href":"https:\/\/patagoniambiental.com.ar\/info\/wp-json\/wp\/v2\/tags?post=23622"}],"curies":[{"name":"wp","href":"https:\/\/api.w.org\/{rel}","templated":true}]}}