{"id":23630,"date":"2016-12-28T09:00:57","date_gmt":"2016-12-28T12:00:57","guid":{"rendered":"http:\/\/patagoniambiental.com.ar\/?p=23630"},"modified":"2016-12-28T09:00:57","modified_gmt":"2016-12-28T12:00:57","slug":"asociaciones-ambientalistas-exigieron-relocalizacion-de-recital-organizado-en-el-parque-nacional-tierra-del-fuego","status":"publish","type":"post","link":"https:\/\/patagoniambiental.com.ar\/info\/asociaciones-ambientalistas-exigieron-relocalizacion-de-recital-organizado-en-el-parque-nacional-tierra-del-fuego\/","title":{"rendered":"Asociaciones ambientalistas exigieron relocalizaci\u00f3n de recital organizado en el Parque Nacional Tierra del Fuego"},"content":{"rendered":"<p>USHUAIA.- Asociaciones ambientalistas organizaron una protesta en el cartel tur\u00edstico ubicado en la costanera, para exigir la relocalizaci\u00f3n del recital que organiza la Administraci\u00f3n de Parques Nacionales y la Secretar\u00eda de Cultura de la Naci\u00f3n, en el interior del Parque Nacional Tierra del Fuego.<\/p>\n<p>El \u201cPicnic Musical\u201d est\u00e1 organizado para el 21 de enero, y los ambientalistas no est\u00e1n en contra que se realice, con el fin de concientizar sobre el cuidado del medio ambiente, lo que rechazan es que se haga en el interior del Parque Nacional Tierra del Fuego y por lo tanto solicitan que el mismo sea en otro lugar.<\/p>\n<p>En di\u00e1logo con El Sure\u00f1o, Nancy Fern\u00e1ndez, integrante de la Asociaci\u00f3n Manekenk, dijo que \u201cnos hemos juntado varias organizaciones para solicitar que se relocalice el recital en otro lugar porque no hay necesidad de hacerlo dentro del Parque Nacional\u201d y enumer\u00f3 que en la cruzada tambi\u00e9n est\u00e1n miembros de la Asociaci\u00f3n Bah\u00eda Encerrada, la asociaci\u00f3n de Profesionales en Turismo de Tierra del Fuego, la Fundaci\u00f3n Ushuaia XXI y algunos voluntarios.<\/p>\n<p>\u201cSe puede hacer m\u00fasica en cualquier lugar, no es necesario hacerlo en nuestro parque. Si el objetivo es concientizar a la poblaci\u00f3n sobre el cuidado del ambiente, m\u00e1s en Ushuaia donde nos rodea un entorno natural, no hay necesidad de hacerlo ah\u00ed\u201d, indic\u00f3 Fern\u00e1ndez, quien record\u00f3 que todav\u00eda se juntan firmas en adhesi\u00f3n al pedido de los ambientalistas, a trav\u00e9s de la p\u00e1gina de internet \u201cChange.org\u201d.<\/p>\n<p>Sabrina Kizman, integrante de la comisi\u00f3n directiva de la Asociaci\u00f3n de Profesionales en Turismo, cont\u00f3 sobre una reuni\u00f3n que hubo con la representante de \u00e1rea de prensa de la Administraci\u00f3n Nacional de Parques Nacionales y un representante del \u00e1rea de Cultura de Naci\u00f3n, que recibieron el petitorio y quedaron en brindar una respuesta; la cual est\u00e1n a la espera.<\/p>\n<p>En el encuentro tambi\u00e9n hubo presencia de funcionarios de Cultura de la Provincia y del INFUETUR, quienes acudieron como oyentes, ya que no tienen jurisdicci\u00f3n sobre el Parque Nacional y no est\u00e1n en la organizaci\u00f3n del evento musical, donde est\u00e1 programada la actuaci\u00f3n del grupo Estelares.<\/p>\n<p>Kizman dijo que se le plante\u00f3 a los organizadores del Picnic Musical que \u201ces una oportunidad mayor poder transmitir este mensaje sobre la preservaci\u00f3n del medio ambiente, realizando el recital fuera del Parque Nacional, ya que entendemos que la prioridad es conservar su naturaleza y su biodiversidad\u201d.<\/p>\n<p>Se\u00f1al\u00f3 que \u201ccreemos que cualquier actividad no necesariamente tiene que estar dentro del parque nacional como tal vez este evento, por mas que sea controlado y que no sea algo masivo, puede ser realizado fuera del lugar, es viable y el mensaje ser\u00e1 mucho mas positivo en cuanto a preservaci\u00f3n del medio ambiente\u201d.<\/p>\n<p>Kizman puntualiz\u00f3 que \u201ctenemos esperanzas que seguramente las autoridades van a poder repensar y considerar que tiene alguna ventaja hacerlo fuera del Parque Nacional. Estamos a la espera de la respuesta formal\u201d.<\/p>\n<p>Fuente: El Sure\u00f1o<\/p>\n","protected":false},"excerpt":{"rendered":"<p>USHUAIA.- Asociaciones ambientalistas organizaron una protesta en el cartel tur\u00edstico ubicado en la costanera, para exigir la relocalizaci\u00f3n del recital [&hellip;]<\/p>\n","protected":false},"author":2,"featured_media":0,"comment_status":"closed","ping_status":"closed","sticky":false,"template":"","format":"standard","meta":{"site-sidebar-layout":"default","site-content-layout":"","ast-site-content-layout":"default","site-content-style":"default","site-sidebar-style":"default","ast-global-header-display":"","ast-banner-title-visibility":"","ast-main-header-display":"","ast-hfb-above-header-display":"","ast-hfb-below-header-display":"","ast-hfb-mobile-header-display":"","site-post-title":"","ast-breadcrumbs-content":"","ast-featured-img":"","footer-sml-layout":"","ast-disable-related-posts":"","theme-transparent-header-meta":"","adv-header-id-meta":"","stick-header-meta":"","header-above-stick-meta":"","header-main-stick-meta":"","header-below-stick-meta":"","astra-migrate-meta-layouts":"default","ast-page-background-enabled":"default","ast-page-background-meta":{"desktop":{"background-color":"var(--ast-global-color-5)","background-image":"","background-repeat":"repeat","background-position":"center center","background-size":"auto","background-attachment":"scroll","background-type":"","background-media":"","overlay-type":"","overlay-color":"","overlay-opacity":"","overlay-gradient":""},"tablet":{"background-color":"","background-image":"","background-repeat":"repeat","background-position":"center center","background-size":"auto","background-attachment":"scroll","background-type":"","background-media":"","overlay-type":"","overlay-color":"","overlay-opacity":"","overlay-gradient":""},"mobile":{"background-color":"","background-image":"","background-repeat":"repeat","background-position":"center center","background-size":"auto","background-attachment":"scroll","background-type":"","background-media":"","overlay-type":"","overlay-color":"","overlay-opacity":"","overlay-gradient":""}},"ast-content-background-meta":{"desktop":{"background-color":"var(--ast-global-color-4)","background-image":"","background-repeat":"repeat","background-position":"center center","background-size":"auto","background-attachment":"scroll","background-type":"","background-media":"","overlay-type":"","overlay-color":"","overlay-opacity":"","overlay-gradient":""},"tablet":{"background-color":"var(--ast-global-color-4)","background-image":"","background-repeat":"repeat","background-position":"center center","background-size":"auto","background-attachment":"scroll","background-type":"","background-media":"","overlay-type":"","overlay-color":"","overlay-opacity":"","overlay-gradient":""},"mobile":{"background-color":"var(--ast-global-color-4)","background-image":"","background-repeat":"repeat","background-position":"center center","background-size":"auto","background-attachment":"scroll","background-type":"","background-media":"","overlay-type":"","overlay-color":"","overlay-opacity":"","overlay-gradient":""}},"footnotes":""},"categories":[16,1],"tags":[],"class_list":["post-23630","post","type-post","status-publish","format-standard","hentry","category-municipales","category-noticias"],"yoast_head":"<!-- This site is optimized with the Yoast SEO Premium plugin v23.0 (Yoast SEO v27.4) - https:\/\/yoast.com\/product\/yoast-seo-premium-wordpress\/ -->\n<title>Asociaciones ambientalistas exigieron relocalizaci\u00f3n de recital organizado en el Parque Nacional Tierra del Fuego<\/title>\n<meta name=\"robots\" content=\"index, follow, max-snippet:-1, max-image-preview:large, max-video-preview:-1\" \/>\n<link rel=\"canonical\" href=\"https:\/\/patagoniambiental.com.ar\/info\/asociaciones-ambientalistas-exigieron-relocalizacion-de-recital-organizado-en-el-parque-nacional-tierra-del-fuego\/\" \/>\n<meta property=\"og:locale\" content=\"es_ES\" \/>\n<meta property=\"og:type\" content=\"article\" \/>\n<meta property=\"og:title\" content=\"Asociaciones ambientalistas exigieron relocalizaci\u00f3n de recital organizado en el Parque Nacional Tierra del Fuego\" \/>\n<meta property=\"og:description\" content=\"USHUAIA.- Asociaciones ambientalistas organizaron una protesta en el cartel tur\u00edstico ubicado en la costanera, para exigir la relocalizaci\u00f3n del recital [&hellip;]\" \/>\n<meta property=\"og:url\" content=\"https:\/\/patagoniambiental.com.ar\/info\/asociaciones-ambientalistas-exigieron-relocalizacion-de-recital-organizado-en-el-parque-nacional-tierra-del-fuego\/\" \/>\n<meta property=\"og:site_name\" content=\"Patagonia Ambiental\" \/>\n<meta property=\"article:publisher\" content=\"https:\/\/www.facebook.com\/patagonia.ambiental\" \/>\n<meta property=\"article:author\" content=\"https:\/\/www.facebook.com\/share\/1C1V8Gv9BX\/?mibextid=qi2Omg\" \/>\n<meta property=\"article:published_time\" content=\"2016-12-28T12:00:57+00:00\" \/>\n<meta name=\"author\" content=\"Patagonia Ambiental\" \/>\n<meta name=\"twitter:card\" content=\"summary_large_image\" \/>\n<meta name=\"twitter:creator\" content=\"@PatAmb\" \/>\n<meta name=\"twitter:site\" content=\"@PatAmb\" \/>\n<script type=\"application\/ld+json\" class=\"yoast-schema-graph\">{\"@context\":\"https:\\\/\\\/schema.org\",\"@graph\":[{\"@type\":\"Article\",\"@id\":\"https:\\\/\\\/patagoniambiental.com.ar\\\/info\\\/asociaciones-ambientalistas-exigieron-relocalizacion-de-recital-organizado-en-el-parque-nacional-tierra-del-fuego\\\/#article\",\"isPartOf\":{\"@id\":\"https:\\\/\\\/patagoniambiental.com.ar\\\/info\\\/asociaciones-ambientalistas-exigieron-relocalizacion-de-recital-organizado-en-el-parque-nacional-tierra-del-fuego\\\/\"},\"author\":{\"name\":\"Patagonia Ambiental\",\"@id\":\"https:\\\/\\\/patagoniambiental.com.ar\\\/info\\\/#\\\/schema\\\/person\\\/db12bff64bbcbf6a253710bf0ea37b5d\"},\"headline\":\"Asociaciones ambientalistas exigieron relocalizaci\u00f3n de recital organizado en el Parque Nacional Tierra del Fuego\",\"datePublished\":\"2016-12-28T12:00:57+00:00\",\"mainEntityOfPage\":{\"@id\":\"https:\\\/\\\/patagoniambiental.com.ar\\\/info\\\/asociaciones-ambientalistas-exigieron-relocalizacion-de-recital-organizado-en-el-parque-nacional-tierra-del-fuego\\\/\"},\"wordCount\":534,\"publisher\":{\"@id\":\"https:\\\/\\\/patagoniambiental.com.ar\\\/info\\\/#organization\"},\"articleSection\":[\"Municipales\",\"Noticias\"],\"inLanguage\":\"es\"},{\"@type\":\"WebPage\",\"@id\":\"https:\\\/\\\/patagoniambiental.com.ar\\\/info\\\/asociaciones-ambientalistas-exigieron-relocalizacion-de-recital-organizado-en-el-parque-nacional-tierra-del-fuego\\\/\",\"url\":\"https:\\\/\\\/patagoniambiental.com.ar\\\/info\\\/asociaciones-ambientalistas-exigieron-relocalizacion-de-recital-organizado-en-el-parque-nacional-tierra-del-fuego\\\/\",\"name\":\"Asociaciones ambientalistas exigieron relocalizaci\u00f3n de recital organizado en el Parque Nacional Tierra del Fuego\",\"isPartOf\":{\"@id\":\"https:\\\/\\\/patagoniambiental.com.ar\\\/info\\\/#website\"},\"datePublished\":\"2016-12-28T12:00:57+00:00\",\"breadcrumb\":{\"@id\":\"https:\\\/\\\/patagoniambiental.com.ar\\\/info\\\/asociaciones-ambientalistas-exigieron-relocalizacion-de-recital-organizado-en-el-parque-nacional-tierra-del-fuego\\\/#breadcrumb\"},\"inLanguage\":\"es\",\"potentialAction\":[{\"@type\":\"ReadAction\",\"target\":[\"https:\\\/\\\/patagoniambiental.com.ar\\\/info\\\/asociaciones-ambientalistas-exigieron-relocalizacion-de-recital-organizado-en-el-parque-nacional-tierra-del-fuego\\\/\"]}]},{\"@type\":\"BreadcrumbList\",\"@id\":\"https:\\\/\\\/patagoniambiental.com.ar\\\/info\\\/asociaciones-ambientalistas-exigieron-relocalizacion-de-recital-organizado-en-el-parque-nacional-tierra-del-fuego\\\/#breadcrumb\",\"itemListElement\":[{\"@type\":\"ListItem\",\"position\":1,\"name\":\"Inicio\",\"item\":\"https:\\\/\\\/patagoniambiental.com.ar\\\/info\\\/\"},{\"@type\":\"ListItem\",\"position\":2,\"name\":\"Asociaciones ambientalistas exigieron relocalizaci\u00f3n de recital organizado en el Parque Nacional Tierra del Fuego\"}]},{\"@type\":\"WebSite\",\"@id\":\"https:\\\/\\\/patagoniambiental.com.ar\\\/info\\\/#website\",\"url\":\"https:\\\/\\\/patagoniambiental.com.ar\\\/info\\\/\",\"name\":\"Patagonia Ambiental\",\"description\":\"Monitoreo y an\u00e1lisis de la situaci\u00f3n geopol\u00edtica en el mundo y su implicancia en la Patagonia\",\"publisher\":{\"@id\":\"https:\\\/\\\/patagoniambiental.com.ar\\\/info\\\/#organization\"},\"potentialAction\":[{\"@type\":\"SearchAction\",\"target\":{\"@type\":\"EntryPoint\",\"urlTemplate\":\"https:\\\/\\\/patagoniambiental.com.ar\\\/info\\\/?s={search_term_string}\"},\"query-input\":{\"@type\":\"PropertyValueSpecification\",\"valueRequired\":true,\"valueName\":\"search_term_string\"}}],\"inLanguage\":\"es\"},{\"@type\":\"Organization\",\"@id\":\"https:\\\/\\\/patagoniambiental.com.ar\\\/info\\\/#organization\",\"name\":\"Patagonia Ambiental\",\"url\":\"https:\\\/\\\/patagoniambiental.com.ar\\\/info\\\/\",\"logo\":{\"@type\":\"ImageObject\",\"inLanguage\":\"es\",\"@id\":\"https:\\\/\\\/patagoniambiental.com.ar\\\/info\\\/#\\\/schema\\\/logo\\\/image\\\/\",\"url\":\"https:\\\/\\\/patagoniambiental.com.ar\\\/info\\\/wp-content\\\/uploads\\\/2025\\\/05\\\/LOGO-PATAGONIA-AMBIENTAL.png\",\"contentUrl\":\"https:\\\/\\\/patagoniambiental.com.ar\\\/info\\\/wp-content\\\/uploads\\\/2025\\\/05\\\/LOGO-PATAGONIA-AMBIENTAL.png\",\"width\":433,\"height\":250,\"caption\":\"Patagonia Ambiental\"},\"image\":{\"@id\":\"https:\\\/\\\/patagoniambiental.com.ar\\\/info\\\/#\\\/schema\\\/logo\\\/image\\\/\"},\"sameAs\":[\"https:\\\/\\\/www.facebook.com\\\/patagonia.ambiental\",\"https:\\\/\\\/x.com\\\/PatAmb\"]},{\"@type\":\"Person\",\"@id\":\"https:\\\/\\\/patagoniambiental.com.ar\\\/info\\\/#\\\/schema\\\/person\\\/db12bff64bbcbf6a253710bf0ea37b5d\",\"name\":\"Patagonia Ambiental\",\"description\":\"Andr\u00e9s Nievas T\u00e9cnico en manejo ambiental, consultor Ambiental y escritor para medios locales e internacionales sobre temas de geopolitica y medio ambiente.\",\"sameAs\":[\"http:\\\/\\\/www.patagoniambiental.com.ar\",\"https:\\\/\\\/www.facebook.com\\\/share\\\/1C1V8Gv9BX\\\/?mibextid=qi2Omg\",\"@patagoniambiental\",\"https:\\\/\\\/youtube.com\\\/@patagoniaambiental2023?si=BLt58t0wuXquxlYZ\"]}]}<\/script>\n<!-- \/ Yoast SEO Premium plugin. -->","yoast_head_json":{"title":"Asociaciones ambientalistas exigieron relocalizaci\u00f3n de recital organizado en el Parque Nacional Tierra del Fuego","robots":{"index":"index","follow":"follow","max-snippet":"max-snippet:-1","max-image-preview":"max-image-preview:large","max-video-preview":"max-video-preview:-1"},"canonical":"https:\/\/patagoniambiental.com.ar\/info\/asociaciones-ambientalistas-exigieron-relocalizacion-de-recital-organizado-en-el-parque-nacional-tierra-del-fuego\/","og_locale":"es_ES","og_type":"article","og_title":"Asociaciones ambientalistas exigieron relocalizaci\u00f3n de recital organizado en el Parque Nacional Tierra del Fuego","og_description":"USHUAIA.- Asociaciones ambientalistas organizaron una protesta en el cartel tur\u00edstico ubicado en la costanera, para exigir la relocalizaci\u00f3n del recital [&hellip;]","og_url":"https:\/\/patagoniambiental.com.ar\/info\/asociaciones-ambientalistas-exigieron-relocalizacion-de-recital-organizado-en-el-parque-nacional-tierra-del-fuego\/","og_site_name":"Patagonia Ambiental","article_publisher":"https:\/\/www.facebook.com\/patagonia.ambiental","article_author":"https:\/\/www.facebook.com\/share\/1C1V8Gv9BX\/?mibextid=qi2Omg","article_published_time":"2016-12-28T12:00:57+00:00","author":"Patagonia Ambiental","twitter_card":"summary_large_image","twitter_creator":"@PatAmb","twitter_site":"@PatAmb","schema":{"@context":"https:\/\/schema.org","@graph":[{"@type":"Article","@id":"https:\/\/patagoniambiental.com.ar\/info\/asociaciones-ambientalistas-exigieron-relocalizacion-de-recital-organizado-en-el-parque-nacional-tierra-del-fuego\/#article","isPartOf":{"@id":"https:\/\/patagoniambiental.com.ar\/info\/asociaciones-ambientalistas-exigieron-relocalizacion-de-recital-organizado-en-el-parque-nacional-tierra-del-fuego\/"},"author":{"name":"Patagonia Ambiental","@id":"https:\/\/patagoniambiental.com.ar\/info\/#\/schema\/person\/db12bff64bbcbf6a253710bf0ea37b5d"},"headline":"Asociaciones ambientalistas exigieron relocalizaci\u00f3n de recital organizado en el Parque Nacional Tierra del Fuego","datePublished":"2016-12-28T12:00:57+00:00","mainEntityOfPage":{"@id":"https:\/\/patagoniambiental.com.ar\/info\/asociaciones-ambientalistas-exigieron-relocalizacion-de-recital-organizado-en-el-parque-nacional-tierra-del-fuego\/"},"wordCount":534,"publisher":{"@id":"https:\/\/patagoniambiental.com.ar\/info\/#organization"},"articleSection":["Municipales","Noticias"],"inLanguage":"es"},{"@type":"WebPage","@id":"https:\/\/patagoniambiental.com.ar\/info\/asociaciones-ambientalistas-exigieron-relocalizacion-de-recital-organizado-en-el-parque-nacional-tierra-del-fuego\/","url":"https:\/\/patagoniambiental.com.ar\/info\/asociaciones-ambientalistas-exigieron-relocalizacion-de-recital-organizado-en-el-parque-nacional-tierra-del-fuego\/","name":"Asociaciones ambientalistas exigieron relocalizaci\u00f3n de recital organizado en el Parque Nacional Tierra del Fuego","isPartOf":{"@id":"https:\/\/patagoniambiental.com.ar\/info\/#website"},"datePublished":"2016-12-28T12:00:57+00:00","breadcrumb":{"@id":"https:\/\/patagoniambiental.com.ar\/info\/asociaciones-ambientalistas-exigieron-relocalizacion-de-recital-organizado-en-el-parque-nacional-tierra-del-fuego\/#breadcrumb"},"inLanguage":"es","potentialAction":[{"@type":"ReadAction","target":["https:\/\/patagoniambiental.com.ar\/info\/asociaciones-ambientalistas-exigieron-relocalizacion-de-recital-organizado-en-el-parque-nacional-tierra-del-fuego\/"]}]},{"@type":"BreadcrumbList","@id":"https:\/\/patagoniambiental.com.ar\/info\/asociaciones-ambientalistas-exigieron-relocalizacion-de-recital-organizado-en-el-parque-nacional-tierra-del-fuego\/#breadcrumb","itemListElement":[{"@type":"ListItem","position":1,"name":"Inicio","item":"https:\/\/patagoniambiental.com.ar\/info\/"},{"@type":"ListItem","position":2,"name":"Asociaciones ambientalistas exigieron relocalizaci\u00f3n de recital organizado en el Parque Nacional Tierra del Fuego"}]},{"@type":"WebSite","@id":"https:\/\/patagoniambiental.com.ar\/info\/#website","url":"https:\/\/patagoniambiental.com.ar\/info\/","name":"Patagonia Ambiental","description":"Monitoreo y an\u00e1lisis de la situaci\u00f3n geopol\u00edtica en el mundo y su implicancia en la Patagonia","publisher":{"@id":"https:\/\/patagoniambiental.com.ar\/info\/#organization"},"potentialAction":[{"@type":"SearchAction","target":{"@type":"EntryPoint","urlTemplate":"https:\/\/patagoniambiental.com.ar\/info\/?s={search_term_string}"},"query-input":{"@type":"PropertyValueSpecification","valueRequired":true,"valueName":"search_term_string"}}],"inLanguage":"es"},{"@type":"Organization","@id":"https:\/\/patagoniambiental.com.ar\/info\/#organization","name":"Patagonia Ambiental","url":"https:\/\/patagoniambiental.com.ar\/info\/","logo":{"@type":"ImageObject","inLanguage":"es","@id":"https:\/\/patagoniambiental.com.ar\/info\/#\/schema\/logo\/image\/","url":"https:\/\/patagoniambiental.com.ar\/info\/wp-content\/uploads\/2025\/05\/LOGO-PATAGONIA-AMBIENTAL.png","contentUrl":"https:\/\/patagoniambiental.com.ar\/info\/wp-content\/uploads\/2025\/05\/LOGO-PATAGONIA-AMBIENTAL.png","width":433,"height":250,"caption":"Patagonia Ambiental"},"image":{"@id":"https:\/\/patagoniambiental.com.ar\/info\/#\/schema\/logo\/image\/"},"sameAs":["https:\/\/www.facebook.com\/patagonia.ambiental","https:\/\/x.com\/PatAmb"]},{"@type":"Person","@id":"https:\/\/patagoniambiental.com.ar\/info\/#\/schema\/person\/db12bff64bbcbf6a253710bf0ea37b5d","name":"Patagonia Ambiental","description":"Andr\u00e9s Nievas T\u00e9cnico en manejo ambiental, consultor Ambiental y escritor para medios locales e internacionales sobre temas de geopolitica y medio ambiente.","sameAs":["http:\/\/www.patagoniambiental.com.ar","https:\/\/www.facebook.com\/share\/1C1V8Gv9BX\/?mibextid=qi2Omg","@patagoniambiental","https:\/\/youtube.com\/@patagoniaambiental2023?si=BLt58t0wuXquxlYZ"]}]}},"_links":{"self":[{"href":"https:\/\/patagoniambiental.com.ar\/info\/wp-json\/wp\/v2\/posts\/23630","targetHints":{"allow":["GET"]}}],"collection":[{"href":"https:\/\/patagoniambiental.com.ar\/info\/wp-json\/wp\/v2\/posts"}],"about":[{"href":"https:\/\/patagoniambiental.com.ar\/info\/wp-json\/wp\/v2\/types\/post"}],"author":[{"embeddable":true,"href":"https:\/\/patagoniambiental.com.ar\/info\/wp-json\/wp\/v2\/users\/2"}],"replies":[{"embeddable":true,"href":"https:\/\/patagoniambiental.com.ar\/info\/wp-json\/wp\/v2\/comments?post=23630"}],"version-history":[{"count":0,"href":"https:\/\/patagoniambiental.com.ar\/info\/wp-json\/wp\/v2\/posts\/23630\/revisions"}],"wp:attachment":[{"href":"https:\/\/patagoniambiental.com.ar\/info\/wp-json\/wp\/v2\/media?parent=23630"}],"wp:term":[{"taxonomy":"category","embeddable":true,"href":"https:\/\/patagoniambiental.com.ar\/info\/wp-json\/wp\/v2\/categories?post=23630"},{"taxonomy":"post_tag","embeddable":true,"href":"https:\/\/patagoniambiental.com.ar\/info\/wp-json\/wp\/v2\/tags?post=23630"}],"curies":[{"name":"wp","href":"https:\/\/api.w.org\/{rel}","templated":true}]}}