{"id":23654,"date":"2016-12-28T19:00:49","date_gmt":"2016-12-28T22:00:49","guid":{"rendered":"http:\/\/patagoniambiental.com.ar\/?p=23654"},"modified":"2016-12-28T19:00:49","modified_gmt":"2016-12-28T22:00:49","slug":"refuerzan-el-trabajo-del-municipio-en-las-playas-y-los-barrios","status":"publish","type":"post","link":"https:\/\/patagoniambiental.com.ar\/info\/refuerzan-el-trabajo-del-municipio-en-las-playas-y-los-barrios\/","title":{"rendered":"Refuerzan el trabajo del Municipio en las playas y los barrios"},"content":{"rendered":"<p>Puerto Madryn.-A trav\u00e9s de su cuenta en la red social Facebook, la Municipalidad de Puerto Madryn destac\u00f3 que a trav\u00e9s de cuadrillas de la Secretar\u00eda de <!--more-->Ecolog\u00eda y Protecci\u00f3n Ambiental se encuentra limpiando y poniendo en condiciones las zonas de Playa Paran\u00e1 y \u00e1reas aleda\u00f1as a la ciudad, adem\u00e1s de llevar a cabo intensas tareas de fumigaci\u00f3n en la madrugada de este martes en las playas m\u00e1s concurridas de Madryn.<br \/>\nDe la misma forma, anunciaron por el mismo medio que realizaron tareas de limpieza y mantenimiento en el barrio Per\u00f3n y calle Ushuaia con cuadrillas de Ecolog\u00eda y Medio Ambiente.<\/p>\n<p><strong>Recolecci\u00f3n de basura en las Fiestas<\/strong><\/p>\n<p>Por otra parte, recordaron que por motivos de los festejos de Fin de A\u00f1o, la recolecci\u00f3n de residuos tendr\u00e1n horarios especiales.<br \/>\nEn cuanto al servicio prestado por Ashira, el 31 de diciembre, el servicio del turno ma\u00f1ana ser\u00e1 como habitualmente, mientras que el de la tarde tendr\u00e1 lugar desde las 21, excepto el centro. El 1 de enero no habr\u00e1 servicio durante la ma\u00f1ana, mientras que el itinerario del turno tarde ser\u00e1 normal en la zona c\u00e9ntrica y, a partir de las 21, en la costa. El 2 de enero, el recorrido ser\u00e1 con normalidad en ambos turnos.<br \/>\nDesde el \u00e1rea municipal se record\u00f3 que el servicio diurno es de 7 a 15 y el nocturno comienza a las 20 y se extiende hasta las 3 de la madrugada.<br \/>\nPara que los recolectores puedan hacer su trabajo correctamente, desde la Comuna solicitaron colocar cestos, depositar s\u00f3lo desechos domiciliarios, disponerlos en bolsas cerradas y retirarlas en horarios cercanos a los detallados anteriormente as\u00ed como retener a las mascotas durante el horario del servicio.<\/p>\n<p><strong>Servicio a cargo del Municipio<\/strong><\/p>\n<p>El recorrido a cargo de los camiones del Municipio se realizar\u00e1 con normalidad el 31 de diciembre. En el sector costero y de playas, ser\u00e1 de 7 a 8 horas; en el centro, desde las 8; y el recorrido gastron\u00f3mico se efectuar\u00e1 a partir de las 10. Los barrios incluidos dentro de este servicio (Cenpat, STIA, Mapu Ngef\u00fc, Parque Ecol\u00f3gico El Doradillo y parte del Presidente Per\u00f3n) tendr\u00e1n recolecci\u00f3n normal.<br \/>\nAcerca del 1 de enero, se inform\u00f3 que la recolecci\u00f3n en la costa ser\u00e1 de 7 a 8 horas. Asimismo, se aclar\u00f3 que, en ambas fechas, habr\u00e1 dos recolecciones, una brindada en tal horario y la otra \u2013tal como se mencion\u00f3 anteriormente- a trav\u00e9s de Ashira a las 21. Por lo tanto, se solicit\u00f3 a las concesiones costeras no dejar los contenedores fuera de sus instalaciones entre las 8 y las 21 horas.<br \/>\nEl recorrido c\u00e9ntrico ser\u00e1 a partir de las 8 y el gastron\u00f3mico desde las 10. Aunque no habr\u00e1 recolecci\u00f3n barrial, por lo que se ruega mantener las bolsas con residuos hasta el d\u00eda siguiente.<\/p>\n<p>Fuente: El Diario de Madryn<\/p>\n","protected":false},"excerpt":{"rendered":"<p>Puerto Madryn.-A trav\u00e9s de su cuenta en la red social Facebook, la Municipalidad de Puerto Madryn destac\u00f3 que a trav\u00e9s [&hellip;]<\/p>\n","protected":false},"author":2,"featured_media":0,"comment_status":"closed","ping_status":"closed","sticky":false,"template":"","format":"standard","meta":{"site-sidebar-layout":"default","site-content-layout":"","ast-site-content-layout":"default","site-content-style":"default","site-sidebar-style":"default","ast-global-header-display":"","ast-banner-title-visibility":"","ast-main-header-display":"","ast-hfb-above-header-display":"","ast-hfb-below-header-display":"","ast-hfb-mobile-header-display":"","site-post-title":"","ast-breadcrumbs-content":"","ast-featured-img":"","footer-sml-layout":"","ast-disable-related-posts":"","theme-transparent-header-meta":"","adv-header-id-meta":"","stick-header-meta":"","header-above-stick-meta":"","header-main-stick-meta":"","header-below-stick-meta":"","astra-migrate-meta-layouts":"default","ast-page-background-enabled":"default","ast-page-background-meta":{"desktop":{"background-color":"var(--ast-global-color-5)","background-image":"","background-repeat":"repeat","background-position":"center center","background-size":"auto","background-attachment":"scroll","background-type":"","background-media":"","overlay-type":"","overlay-color":"","overlay-opacity":"","overlay-gradient":""},"tablet":{"background-color":"","background-image":"","background-repeat":"repeat","background-position":"center center","background-size":"auto","background-attachment":"scroll","background-type":"","background-media":"","overlay-type":"","overlay-color":"","overlay-opacity":"","overlay-gradient":""},"mobile":{"background-color":"","background-image":"","background-repeat":"repeat","background-position":"center center","background-size":"auto","background-attachment":"scroll","background-type":"","background-media":"","overlay-type":"","overlay-color":"","overlay-opacity":"","overlay-gradient":""}},"ast-content-background-meta":{"desktop":{"background-color":"var(--ast-global-color-4)","background-image":"","background-repeat":"repeat","background-position":"center center","background-size":"auto","background-attachment":"scroll","background-type":"","background-media":"","overlay-type":"","overlay-color":"","overlay-opacity":"","overlay-gradient":""},"tablet":{"background-color":"var(--ast-global-color-4)","background-image":"","background-repeat":"repeat","background-position":"center center","background-size":"auto","background-attachment":"scroll","background-type":"","background-media":"","overlay-type":"","overlay-color":"","overlay-opacity":"","overlay-gradient":""},"mobile":{"background-color":"var(--ast-global-color-4)","background-image":"","background-repeat":"repeat","background-position":"center center","background-size":"auto","background-attachment":"scroll","background-type":"","background-media":"","overlay-type":"","overlay-color":"","overlay-opacity":"","overlay-gradient":""}},"footnotes":""},"categories":[16,1],"tags":[],"class_list":["post-23654","post","type-post","status-publish","format-standard","hentry","category-municipales","category-noticias"],"yoast_head":"<!-- This site is optimized with the Yoast SEO Premium plugin v23.0 (Yoast SEO v27.4) - https:\/\/yoast.com\/product\/yoast-seo-premium-wordpress\/ -->\n<title>Refuerzan el trabajo del Municipio en las playas y los barrios<\/title>\n<meta name=\"robots\" content=\"index, follow, max-snippet:-1, max-image-preview:large, max-video-preview:-1\" \/>\n<link rel=\"canonical\" href=\"https:\/\/patagoniambiental.com.ar\/info\/refuerzan-el-trabajo-del-municipio-en-las-playas-y-los-barrios\/\" \/>\n<meta property=\"og:locale\" content=\"es_ES\" \/>\n<meta property=\"og:type\" content=\"article\" \/>\n<meta property=\"og:title\" content=\"Refuerzan el trabajo del Municipio en las playas y los barrios\" \/>\n<meta property=\"og:description\" content=\"Puerto Madryn.-A trav\u00e9s de su cuenta en la red social Facebook, la Municipalidad de Puerto Madryn destac\u00f3 que a trav\u00e9s [&hellip;]\" \/>\n<meta property=\"og:url\" content=\"https:\/\/patagoniambiental.com.ar\/info\/refuerzan-el-trabajo-del-municipio-en-las-playas-y-los-barrios\/\" \/>\n<meta property=\"og:site_name\" content=\"Patagonia Ambiental\" \/>\n<meta property=\"article:publisher\" content=\"https:\/\/www.facebook.com\/patagonia.ambiental\" \/>\n<meta property=\"article:author\" content=\"https:\/\/www.facebook.com\/share\/1C1V8Gv9BX\/?mibextid=qi2Omg\" \/>\n<meta property=\"article:published_time\" content=\"2016-12-28T22:00:49+00:00\" \/>\n<meta name=\"author\" content=\"Patagonia Ambiental\" \/>\n<meta name=\"twitter:card\" content=\"summary_large_image\" \/>\n<meta name=\"twitter:creator\" content=\"@PatAmb\" \/>\n<meta name=\"twitter:site\" content=\"@PatAmb\" \/>\n<script type=\"application\/ld+json\" class=\"yoast-schema-graph\">{\"@context\":\"https:\\\/\\\/schema.org\",\"@graph\":[{\"@type\":\"Article\",\"@id\":\"https:\\\/\\\/patagoniambiental.com.ar\\\/info\\\/refuerzan-el-trabajo-del-municipio-en-las-playas-y-los-barrios\\\/#article\",\"isPartOf\":{\"@id\":\"https:\\\/\\\/patagoniambiental.com.ar\\\/info\\\/refuerzan-el-trabajo-del-municipio-en-las-playas-y-los-barrios\\\/\"},\"author\":{\"name\":\"Patagonia Ambiental\",\"@id\":\"https:\\\/\\\/patagoniambiental.com.ar\\\/info\\\/#\\\/schema\\\/person\\\/db12bff64bbcbf6a253710bf0ea37b5d\"},\"headline\":\"Refuerzan el trabajo del Municipio en las playas y los barrios\",\"datePublished\":\"2016-12-28T22:00:49+00:00\",\"mainEntityOfPage\":{\"@id\":\"https:\\\/\\\/patagoniambiental.com.ar\\\/info\\\/refuerzan-el-trabajo-del-municipio-en-las-playas-y-los-barrios\\\/\"},\"wordCount\":485,\"publisher\":{\"@id\":\"https:\\\/\\\/patagoniambiental.com.ar\\\/info\\\/#organization\"},\"articleSection\":[\"Municipales\",\"Noticias\"],\"inLanguage\":\"es\"},{\"@type\":\"WebPage\",\"@id\":\"https:\\\/\\\/patagoniambiental.com.ar\\\/info\\\/refuerzan-el-trabajo-del-municipio-en-las-playas-y-los-barrios\\\/\",\"url\":\"https:\\\/\\\/patagoniambiental.com.ar\\\/info\\\/refuerzan-el-trabajo-del-municipio-en-las-playas-y-los-barrios\\\/\",\"name\":\"Refuerzan el trabajo del Municipio en las playas y los barrios\",\"isPartOf\":{\"@id\":\"https:\\\/\\\/patagoniambiental.com.ar\\\/info\\\/#website\"},\"datePublished\":\"2016-12-28T22:00:49+00:00\",\"breadcrumb\":{\"@id\":\"https:\\\/\\\/patagoniambiental.com.ar\\\/info\\\/refuerzan-el-trabajo-del-municipio-en-las-playas-y-los-barrios\\\/#breadcrumb\"},\"inLanguage\":\"es\",\"potentialAction\":[{\"@type\":\"ReadAction\",\"target\":[\"https:\\\/\\\/patagoniambiental.com.ar\\\/info\\\/refuerzan-el-trabajo-del-municipio-en-las-playas-y-los-barrios\\\/\"]}]},{\"@type\":\"BreadcrumbList\",\"@id\":\"https:\\\/\\\/patagoniambiental.com.ar\\\/info\\\/refuerzan-el-trabajo-del-municipio-en-las-playas-y-los-barrios\\\/#breadcrumb\",\"itemListElement\":[{\"@type\":\"ListItem\",\"position\":1,\"name\":\"Inicio\",\"item\":\"https:\\\/\\\/patagoniambiental.com.ar\\\/info\\\/\"},{\"@type\":\"ListItem\",\"position\":2,\"name\":\"Refuerzan el trabajo del Municipio en las playas y los barrios\"}]},{\"@type\":\"WebSite\",\"@id\":\"https:\\\/\\\/patagoniambiental.com.ar\\\/info\\\/#website\",\"url\":\"https:\\\/\\\/patagoniambiental.com.ar\\\/info\\\/\",\"name\":\"Patagonia Ambiental\",\"description\":\"Monitoreo y an\u00e1lisis de la situaci\u00f3n geopol\u00edtica en el mundo y su implicancia en la Patagonia\",\"publisher\":{\"@id\":\"https:\\\/\\\/patagoniambiental.com.ar\\\/info\\\/#organization\"},\"potentialAction\":[{\"@type\":\"SearchAction\",\"target\":{\"@type\":\"EntryPoint\",\"urlTemplate\":\"https:\\\/\\\/patagoniambiental.com.ar\\\/info\\\/?s={search_term_string}\"},\"query-input\":{\"@type\":\"PropertyValueSpecification\",\"valueRequired\":true,\"valueName\":\"search_term_string\"}}],\"inLanguage\":\"es\"},{\"@type\":\"Organization\",\"@id\":\"https:\\\/\\\/patagoniambiental.com.ar\\\/info\\\/#organization\",\"name\":\"Patagonia Ambiental\",\"url\":\"https:\\\/\\\/patagoniambiental.com.ar\\\/info\\\/\",\"logo\":{\"@type\":\"ImageObject\",\"inLanguage\":\"es\",\"@id\":\"https:\\\/\\\/patagoniambiental.com.ar\\\/info\\\/#\\\/schema\\\/logo\\\/image\\\/\",\"url\":\"https:\\\/\\\/patagoniambiental.com.ar\\\/info\\\/wp-content\\\/uploads\\\/2025\\\/05\\\/LOGO-PATAGONIA-AMBIENTAL.png\",\"contentUrl\":\"https:\\\/\\\/patagoniambiental.com.ar\\\/info\\\/wp-content\\\/uploads\\\/2025\\\/05\\\/LOGO-PATAGONIA-AMBIENTAL.png\",\"width\":433,\"height\":250,\"caption\":\"Patagonia Ambiental\"},\"image\":{\"@id\":\"https:\\\/\\\/patagoniambiental.com.ar\\\/info\\\/#\\\/schema\\\/logo\\\/image\\\/\"},\"sameAs\":[\"https:\\\/\\\/www.facebook.com\\\/patagonia.ambiental\",\"https:\\\/\\\/x.com\\\/PatAmb\"]},{\"@type\":\"Person\",\"@id\":\"https:\\\/\\\/patagoniambiental.com.ar\\\/info\\\/#\\\/schema\\\/person\\\/db12bff64bbcbf6a253710bf0ea37b5d\",\"name\":\"Patagonia Ambiental\",\"description\":\"Andr\u00e9s Nievas T\u00e9cnico en manejo ambiental, consultor Ambiental y escritor para medios locales e internacionales sobre temas de geopolitica y medio ambiente.\",\"sameAs\":[\"http:\\\/\\\/www.patagoniambiental.com.ar\",\"https:\\\/\\\/www.facebook.com\\\/share\\\/1C1V8Gv9BX\\\/?mibextid=qi2Omg\",\"@patagoniambiental\",\"https:\\\/\\\/youtube.com\\\/@patagoniaambiental2023?si=BLt58t0wuXquxlYZ\"]}]}<\/script>\n<!-- \/ Yoast SEO Premium plugin. -->","yoast_head_json":{"title":"Refuerzan el trabajo del Municipio en las playas y los barrios","robots":{"index":"index","follow":"follow","max-snippet":"max-snippet:-1","max-image-preview":"max-image-preview:large","max-video-preview":"max-video-preview:-1"},"canonical":"https:\/\/patagoniambiental.com.ar\/info\/refuerzan-el-trabajo-del-municipio-en-las-playas-y-los-barrios\/","og_locale":"es_ES","og_type":"article","og_title":"Refuerzan el trabajo del Municipio en las playas y los barrios","og_description":"Puerto Madryn.-A trav\u00e9s de su cuenta en la red social Facebook, la Municipalidad de Puerto Madryn destac\u00f3 que a trav\u00e9s [&hellip;]","og_url":"https:\/\/patagoniambiental.com.ar\/info\/refuerzan-el-trabajo-del-municipio-en-las-playas-y-los-barrios\/","og_site_name":"Patagonia Ambiental","article_publisher":"https:\/\/www.facebook.com\/patagonia.ambiental","article_author":"https:\/\/www.facebook.com\/share\/1C1V8Gv9BX\/?mibextid=qi2Omg","article_published_time":"2016-12-28T22:00:49+00:00","author":"Patagonia Ambiental","twitter_card":"summary_large_image","twitter_creator":"@PatAmb","twitter_site":"@PatAmb","schema":{"@context":"https:\/\/schema.org","@graph":[{"@type":"Article","@id":"https:\/\/patagoniambiental.com.ar\/info\/refuerzan-el-trabajo-del-municipio-en-las-playas-y-los-barrios\/#article","isPartOf":{"@id":"https:\/\/patagoniambiental.com.ar\/info\/refuerzan-el-trabajo-del-municipio-en-las-playas-y-los-barrios\/"},"author":{"name":"Patagonia Ambiental","@id":"https:\/\/patagoniambiental.com.ar\/info\/#\/schema\/person\/db12bff64bbcbf6a253710bf0ea37b5d"},"headline":"Refuerzan el trabajo del Municipio en las playas y los barrios","datePublished":"2016-12-28T22:00:49+00:00","mainEntityOfPage":{"@id":"https:\/\/patagoniambiental.com.ar\/info\/refuerzan-el-trabajo-del-municipio-en-las-playas-y-los-barrios\/"},"wordCount":485,"publisher":{"@id":"https:\/\/patagoniambiental.com.ar\/info\/#organization"},"articleSection":["Municipales","Noticias"],"inLanguage":"es"},{"@type":"WebPage","@id":"https:\/\/patagoniambiental.com.ar\/info\/refuerzan-el-trabajo-del-municipio-en-las-playas-y-los-barrios\/","url":"https:\/\/patagoniambiental.com.ar\/info\/refuerzan-el-trabajo-del-municipio-en-las-playas-y-los-barrios\/","name":"Refuerzan el trabajo del Municipio en las playas y los barrios","isPartOf":{"@id":"https:\/\/patagoniambiental.com.ar\/info\/#website"},"datePublished":"2016-12-28T22:00:49+00:00","breadcrumb":{"@id":"https:\/\/patagoniambiental.com.ar\/info\/refuerzan-el-trabajo-del-municipio-en-las-playas-y-los-barrios\/#breadcrumb"},"inLanguage":"es","potentialAction":[{"@type":"ReadAction","target":["https:\/\/patagoniambiental.com.ar\/info\/refuerzan-el-trabajo-del-municipio-en-las-playas-y-los-barrios\/"]}]},{"@type":"BreadcrumbList","@id":"https:\/\/patagoniambiental.com.ar\/info\/refuerzan-el-trabajo-del-municipio-en-las-playas-y-los-barrios\/#breadcrumb","itemListElement":[{"@type":"ListItem","position":1,"name":"Inicio","item":"https:\/\/patagoniambiental.com.ar\/info\/"},{"@type":"ListItem","position":2,"name":"Refuerzan el trabajo del Municipio en las playas y los barrios"}]},{"@type":"WebSite","@id":"https:\/\/patagoniambiental.com.ar\/info\/#website","url":"https:\/\/patagoniambiental.com.ar\/info\/","name":"Patagonia Ambiental","description":"Monitoreo y an\u00e1lisis de la situaci\u00f3n geopol\u00edtica en el mundo y su implicancia en la Patagonia","publisher":{"@id":"https:\/\/patagoniambiental.com.ar\/info\/#organization"},"potentialAction":[{"@type":"SearchAction","target":{"@type":"EntryPoint","urlTemplate":"https:\/\/patagoniambiental.com.ar\/info\/?s={search_term_string}"},"query-input":{"@type":"PropertyValueSpecification","valueRequired":true,"valueName":"search_term_string"}}],"inLanguage":"es"},{"@type":"Organization","@id":"https:\/\/patagoniambiental.com.ar\/info\/#organization","name":"Patagonia Ambiental","url":"https:\/\/patagoniambiental.com.ar\/info\/","logo":{"@type":"ImageObject","inLanguage":"es","@id":"https:\/\/patagoniambiental.com.ar\/info\/#\/schema\/logo\/image\/","url":"https:\/\/patagoniambiental.com.ar\/info\/wp-content\/uploads\/2025\/05\/LOGO-PATAGONIA-AMBIENTAL.png","contentUrl":"https:\/\/patagoniambiental.com.ar\/info\/wp-content\/uploads\/2025\/05\/LOGO-PATAGONIA-AMBIENTAL.png","width":433,"height":250,"caption":"Patagonia Ambiental"},"image":{"@id":"https:\/\/patagoniambiental.com.ar\/info\/#\/schema\/logo\/image\/"},"sameAs":["https:\/\/www.facebook.com\/patagonia.ambiental","https:\/\/x.com\/PatAmb"]},{"@type":"Person","@id":"https:\/\/patagoniambiental.com.ar\/info\/#\/schema\/person\/db12bff64bbcbf6a253710bf0ea37b5d","name":"Patagonia Ambiental","description":"Andr\u00e9s Nievas T\u00e9cnico en manejo ambiental, consultor Ambiental y escritor para medios locales e internacionales sobre temas de geopolitica y medio ambiente.","sameAs":["http:\/\/www.patagoniambiental.com.ar","https:\/\/www.facebook.com\/share\/1C1V8Gv9BX\/?mibextid=qi2Omg","@patagoniambiental","https:\/\/youtube.com\/@patagoniaambiental2023?si=BLt58t0wuXquxlYZ"]}]}},"_links":{"self":[{"href":"https:\/\/patagoniambiental.com.ar\/info\/wp-json\/wp\/v2\/posts\/23654","targetHints":{"allow":["GET"]}}],"collection":[{"href":"https:\/\/patagoniambiental.com.ar\/info\/wp-json\/wp\/v2\/posts"}],"about":[{"href":"https:\/\/patagoniambiental.com.ar\/info\/wp-json\/wp\/v2\/types\/post"}],"author":[{"embeddable":true,"href":"https:\/\/patagoniambiental.com.ar\/info\/wp-json\/wp\/v2\/users\/2"}],"replies":[{"embeddable":true,"href":"https:\/\/patagoniambiental.com.ar\/info\/wp-json\/wp\/v2\/comments?post=23654"}],"version-history":[{"count":0,"href":"https:\/\/patagoniambiental.com.ar\/info\/wp-json\/wp\/v2\/posts\/23654\/revisions"}],"wp:attachment":[{"href":"https:\/\/patagoniambiental.com.ar\/info\/wp-json\/wp\/v2\/media?parent=23654"}],"wp:term":[{"taxonomy":"category","embeddable":true,"href":"https:\/\/patagoniambiental.com.ar\/info\/wp-json\/wp\/v2\/categories?post=23654"},{"taxonomy":"post_tag","embeddable":true,"href":"https:\/\/patagoniambiental.com.ar\/info\/wp-json\/wp\/v2\/tags?post=23654"}],"curies":[{"name":"wp","href":"https:\/\/api.w.org\/{rel}","templated":true}]}}