{"id":23661,"date":"2016-12-29T09:10:15","date_gmt":"2016-12-29T12:10:15","guid":{"rendered":"http:\/\/patagoniambiental.com.ar\/?p=23661"},"modified":"2016-12-29T09:10:15","modified_gmt":"2016-12-29T12:10:15","slug":"la-fundacion-felix-de-azara-se-interesa-en-enlazar-el-museo-del-ingeniero-guido-jacobacci-de-san-antonio-con-nuestra-ciudad","status":"publish","type":"post","link":"https:\/\/patagoniambiental.com.ar\/info\/la-fundacion-felix-de-azara-se-interesa-en-enlazar-el-museo-del-ingeniero-guido-jacobacci-de-san-antonio-con-nuestra-ciudad\/","title":{"rendered":"LA FUNDACI\u00d3N FELIX DE AZARA SE INTERESA EN ENLAZAR EL MUSEO DEL INGENIERO GUIDO JACOBACCI DE SAN ANTONIO CON NUESTRA CIUDAD"},"content":{"rendered":"<p>Ingeniero Jacobacci.-El Presidente de la Fundaci\u00f3n de Historia Natural F\u00e9lix de Azara, Adri\u00e1n Giacchino, se mostr\u00f3 interesado en llevar adelante un proyecto que enlace en la actualidad la historia del Ingeniero Guido Jacobacci en estos lugares de R\u00edo Negro.<!--more--><\/p>\n<p>Cabe destacar que en el marco del comienzo de una nueva temporada estival en San Antonio Oeste, este y Las Grutas, se inaugur\u00f3 el Museo en la casa en la que residi\u00f3 el ingeniero y contiene un total de 11 salas con exhibiciones de ciencias naturales y antropol\u00f3gicas de la costa patag\u00f3nica, geolog\u00eda, paleontolog\u00eda, biolog\u00eda marina, arqueolog\u00eda y etnograf\u00eda local.<\/p>\n<p>El hist\u00f3rico inmueble estaba siendo recuperada desde el a\u00f1o 2014 por la Municipalidad local y la Fundaci\u00f3n F\u00e9lix de Azara.<\/p>\n<p>El Museo abrir\u00e1 sus puertas al p\u00fablico a partir de la primera semana de enero para disfrute de todos los que quieran descubrir el importante patrimonio cultural y cient\u00edfico que alberga.<\/p>\n<p>La Fundaci\u00f3n de Historia Natural F\u00e9lix de Azara es una entidad sin fines de lucro destinada a contribuir con el desarrollo de las distintas especialidades de las ciencias naturales en Latinoam\u00e9rica. Fue creada el 13 de noviembre de 2002, apoya proyectos de investigaci\u00f3n, edita libros, monograf\u00edas, gu\u00edas de campo y publicaciones peri\u00f3dicas; organiza bases de datos, una biblioteca especializada y museos; fomenta la divulgaci\u00f3n cient\u00edfica y los trabajos vinculados a la historia y la filosof\u00eda de la ciencia; contribuye a la formaci\u00f3n y conservaci\u00f3n de colecciones; efect\u00faa exposiciones; realiza trabajos de campo, de laboratorio y de gabinete; organiza congresos y jornadas; da cursos y conferencias; y realiza todo tipo de emprendimientos que contribuyan al estudio y la conservaci\u00f3n de la naturaleza, y al desarrollo y divulgaci\u00f3n de la ciencia.<\/p>\n<p>Giacchino plante\u00f3 su inter\u00e9s de proyectar junto al Intendente Toro, un diagrama de recuperaci\u00f3n y desarrollo de espacios y tem\u00e1ticas de nuestra ciudad que se vinculen directamente con la historia del Guido Jacobacci, como tambi\u00e9n con la<\/p>\n<p>paleontolog\u00eda, \u201ctengo muchas ganas de conocer el Bajo Colorado\u201d expres\u00f3 en una entrevista televisiva.<\/p>\n<p>El encuentro entre Toro y Giacchino quedo planteado para los primeros meses de 2017, como tambi\u00e9n la visita a nuestra ciudad del titular de la Fundaci\u00f3n F\u00e9lix de Azara.-<\/p>\n<p>Fuente: Municipalidad de Ingeniero Jacobacci<\/p>\n","protected":false},"excerpt":{"rendered":"<p>Ingeniero Jacobacci.-El Presidente de la Fundaci\u00f3n de Historia Natural F\u00e9lix de Azara, Adri\u00e1n Giacchino, se mostr\u00f3 interesado en llevar adelante [&hellip;]<\/p>\n","protected":false},"author":2,"featured_media":0,"comment_status":"closed","ping_status":"closed","sticky":false,"template":"","format":"standard","meta":{"site-sidebar-layout":"default","site-content-layout":"","ast-site-content-layout":"default","site-content-style":"default","site-sidebar-style":"default","ast-global-header-display":"","ast-banner-title-visibility":"","ast-main-header-display":"","ast-hfb-above-header-display":"","ast-hfb-below-header-display":"","ast-hfb-mobile-header-display":"","site-post-title":"","ast-breadcrumbs-content":"","ast-featured-img":"","footer-sml-layout":"","ast-disable-related-posts":"","theme-transparent-header-meta":"","adv-header-id-meta":"","stick-header-meta":"","header-above-stick-meta":"","header-main-stick-meta":"","header-below-stick-meta":"","astra-migrate-meta-layouts":"default","ast-page-background-enabled":"default","ast-page-background-meta":{"desktop":{"background-color":"var(--ast-global-color-5)","background-image":"","background-repeat":"repeat","background-position":"center center","background-size":"auto","background-attachment":"scroll","background-type":"","background-media":"","overlay-type":"","overlay-color":"","overlay-opacity":"","overlay-gradient":""},"tablet":{"background-color":"","background-image":"","background-repeat":"repeat","background-position":"center center","background-size":"auto","background-attachment":"scroll","background-type":"","background-media":"","overlay-type":"","overlay-color":"","overlay-opacity":"","overlay-gradient":""},"mobile":{"background-color":"","background-image":"","background-repeat":"repeat","background-position":"center center","background-size":"auto","background-attachment":"scroll","background-type":"","background-media":"","overlay-type":"","overlay-color":"","overlay-opacity":"","overlay-gradient":""}},"ast-content-background-meta":{"desktop":{"background-color":"var(--ast-global-color-4)","background-image":"","background-repeat":"repeat","background-position":"center center","background-size":"auto","background-attachment":"scroll","background-type":"","background-media":"","overlay-type":"","overlay-color":"","overlay-opacity":"","overlay-gradient":""},"tablet":{"background-color":"var(--ast-global-color-4)","background-image":"","background-repeat":"repeat","background-position":"center center","background-size":"auto","background-attachment":"scroll","background-type":"","background-media":"","overlay-type":"","overlay-color":"","overlay-opacity":"","overlay-gradient":""},"mobile":{"background-color":"var(--ast-global-color-4)","background-image":"","background-repeat":"repeat","background-position":"center center","background-size":"auto","background-attachment":"scroll","background-type":"","background-media":"","overlay-type":"","overlay-color":"","overlay-opacity":"","overlay-gradient":""}},"footnotes":""},"categories":[16,1],"tags":[],"class_list":["post-23661","post","type-post","status-publish","format-standard","hentry","category-municipales","category-noticias"],"yoast_head":"<!-- This site is optimized with the Yoast SEO Premium plugin v23.0 (Yoast SEO v27.4) - https:\/\/yoast.com\/product\/yoast-seo-premium-wordpress\/ -->\n<title>LA FUNDACI\u00d3N FELIX DE AZARA SE INTERESA EN ENLAZAR EL MUSEO DEL INGENIERO GUIDO JACOBACCI DE SAN ANTONIO CON NUESTRA CIUDAD<\/title>\n<meta name=\"robots\" content=\"index, follow, max-snippet:-1, max-image-preview:large, max-video-preview:-1\" \/>\n<link rel=\"canonical\" href=\"https:\/\/patagoniambiental.com.ar\/info\/la-fundacion-felix-de-azara-se-interesa-en-enlazar-el-museo-del-ingeniero-guido-jacobacci-de-san-antonio-con-nuestra-ciudad\/\" \/>\n<meta property=\"og:locale\" content=\"es_ES\" \/>\n<meta property=\"og:type\" content=\"article\" \/>\n<meta property=\"og:title\" content=\"LA FUNDACI\u00d3N FELIX DE AZARA SE INTERESA EN ENLAZAR EL MUSEO DEL INGENIERO GUIDO JACOBACCI DE SAN ANTONIO CON NUESTRA CIUDAD\" \/>\n<meta property=\"og:description\" content=\"Ingeniero Jacobacci.-El Presidente de la Fundaci\u00f3n de Historia Natural F\u00e9lix de Azara, Adri\u00e1n Giacchino, se mostr\u00f3 interesado en llevar adelante [&hellip;]\" \/>\n<meta property=\"og:url\" content=\"https:\/\/patagoniambiental.com.ar\/info\/la-fundacion-felix-de-azara-se-interesa-en-enlazar-el-museo-del-ingeniero-guido-jacobacci-de-san-antonio-con-nuestra-ciudad\/\" \/>\n<meta property=\"og:site_name\" content=\"Patagonia Ambiental\" \/>\n<meta property=\"article:publisher\" content=\"https:\/\/www.facebook.com\/patagonia.ambiental\" \/>\n<meta property=\"article:author\" content=\"https:\/\/www.facebook.com\/share\/1C1V8Gv9BX\/?mibextid=qi2Omg\" \/>\n<meta property=\"article:published_time\" content=\"2016-12-29T12:10:15+00:00\" \/>\n<meta name=\"author\" content=\"Patagonia Ambiental\" \/>\n<meta name=\"twitter:card\" content=\"summary_large_image\" \/>\n<meta name=\"twitter:creator\" content=\"@PatAmb\" \/>\n<meta name=\"twitter:site\" content=\"@PatAmb\" \/>\n<script type=\"application\/ld+json\" class=\"yoast-schema-graph\">{\"@context\":\"https:\\\/\\\/schema.org\",\"@graph\":[{\"@type\":\"Article\",\"@id\":\"https:\\\/\\\/patagoniambiental.com.ar\\\/info\\\/la-fundacion-felix-de-azara-se-interesa-en-enlazar-el-museo-del-ingeniero-guido-jacobacci-de-san-antonio-con-nuestra-ciudad\\\/#article\",\"isPartOf\":{\"@id\":\"https:\\\/\\\/patagoniambiental.com.ar\\\/info\\\/la-fundacion-felix-de-azara-se-interesa-en-enlazar-el-museo-del-ingeniero-guido-jacobacci-de-san-antonio-con-nuestra-ciudad\\\/\"},\"author\":{\"name\":\"Patagonia Ambiental\",\"@id\":\"https:\\\/\\\/patagoniambiental.com.ar\\\/info\\\/#\\\/schema\\\/person\\\/db12bff64bbcbf6a253710bf0ea37b5d\"},\"headline\":\"LA FUNDACI\u00d3N FELIX DE AZARA SE INTERESA EN ENLAZAR EL MUSEO DEL INGENIERO GUIDO JACOBACCI DE SAN ANTONIO CON NUESTRA CIUDAD\",\"datePublished\":\"2016-12-29T12:10:15+00:00\",\"mainEntityOfPage\":{\"@id\":\"https:\\\/\\\/patagoniambiental.com.ar\\\/info\\\/la-fundacion-felix-de-azara-se-interesa-en-enlazar-el-museo-del-ingeniero-guido-jacobacci-de-san-antonio-con-nuestra-ciudad\\\/\"},\"wordCount\":423,\"publisher\":{\"@id\":\"https:\\\/\\\/patagoniambiental.com.ar\\\/info\\\/#organization\"},\"articleSection\":[\"Municipales\",\"Noticias\"],\"inLanguage\":\"es\"},{\"@type\":\"WebPage\",\"@id\":\"https:\\\/\\\/patagoniambiental.com.ar\\\/info\\\/la-fundacion-felix-de-azara-se-interesa-en-enlazar-el-museo-del-ingeniero-guido-jacobacci-de-san-antonio-con-nuestra-ciudad\\\/\",\"url\":\"https:\\\/\\\/patagoniambiental.com.ar\\\/info\\\/la-fundacion-felix-de-azara-se-interesa-en-enlazar-el-museo-del-ingeniero-guido-jacobacci-de-san-antonio-con-nuestra-ciudad\\\/\",\"name\":\"LA FUNDACI\u00d3N FELIX DE AZARA SE INTERESA EN ENLAZAR EL MUSEO DEL INGENIERO GUIDO JACOBACCI DE SAN ANTONIO CON NUESTRA CIUDAD\",\"isPartOf\":{\"@id\":\"https:\\\/\\\/patagoniambiental.com.ar\\\/info\\\/#website\"},\"datePublished\":\"2016-12-29T12:10:15+00:00\",\"breadcrumb\":{\"@id\":\"https:\\\/\\\/patagoniambiental.com.ar\\\/info\\\/la-fundacion-felix-de-azara-se-interesa-en-enlazar-el-museo-del-ingeniero-guido-jacobacci-de-san-antonio-con-nuestra-ciudad\\\/#breadcrumb\"},\"inLanguage\":\"es\",\"potentialAction\":[{\"@type\":\"ReadAction\",\"target\":[\"https:\\\/\\\/patagoniambiental.com.ar\\\/info\\\/la-fundacion-felix-de-azara-se-interesa-en-enlazar-el-museo-del-ingeniero-guido-jacobacci-de-san-antonio-con-nuestra-ciudad\\\/\"]}]},{\"@type\":\"BreadcrumbList\",\"@id\":\"https:\\\/\\\/patagoniambiental.com.ar\\\/info\\\/la-fundacion-felix-de-azara-se-interesa-en-enlazar-el-museo-del-ingeniero-guido-jacobacci-de-san-antonio-con-nuestra-ciudad\\\/#breadcrumb\",\"itemListElement\":[{\"@type\":\"ListItem\",\"position\":1,\"name\":\"Inicio\",\"item\":\"https:\\\/\\\/patagoniambiental.com.ar\\\/info\\\/\"},{\"@type\":\"ListItem\",\"position\":2,\"name\":\"LA FUNDACI\u00d3N FELIX DE AZARA SE INTERESA EN ENLAZAR EL MUSEO DEL INGENIERO GUIDO JACOBACCI DE SAN ANTONIO CON NUESTRA CIUDAD\"}]},{\"@type\":\"WebSite\",\"@id\":\"https:\\\/\\\/patagoniambiental.com.ar\\\/info\\\/#website\",\"url\":\"https:\\\/\\\/patagoniambiental.com.ar\\\/info\\\/\",\"name\":\"Patagonia Ambiental\",\"description\":\"Monitoreo y an\u00e1lisis de la situaci\u00f3n geopol\u00edtica en el mundo y su implicancia en la Patagonia\",\"publisher\":{\"@id\":\"https:\\\/\\\/patagoniambiental.com.ar\\\/info\\\/#organization\"},\"potentialAction\":[{\"@type\":\"SearchAction\",\"target\":{\"@type\":\"EntryPoint\",\"urlTemplate\":\"https:\\\/\\\/patagoniambiental.com.ar\\\/info\\\/?s={search_term_string}\"},\"query-input\":{\"@type\":\"PropertyValueSpecification\",\"valueRequired\":true,\"valueName\":\"search_term_string\"}}],\"inLanguage\":\"es\"},{\"@type\":\"Organization\",\"@id\":\"https:\\\/\\\/patagoniambiental.com.ar\\\/info\\\/#organization\",\"name\":\"Patagonia Ambiental\",\"url\":\"https:\\\/\\\/patagoniambiental.com.ar\\\/info\\\/\",\"logo\":{\"@type\":\"ImageObject\",\"inLanguage\":\"es\",\"@id\":\"https:\\\/\\\/patagoniambiental.com.ar\\\/info\\\/#\\\/schema\\\/logo\\\/image\\\/\",\"url\":\"https:\\\/\\\/patagoniambiental.com.ar\\\/info\\\/wp-content\\\/uploads\\\/2025\\\/05\\\/LOGO-PATAGONIA-AMBIENTAL.png\",\"contentUrl\":\"https:\\\/\\\/patagoniambiental.com.ar\\\/info\\\/wp-content\\\/uploads\\\/2025\\\/05\\\/LOGO-PATAGONIA-AMBIENTAL.png\",\"width\":433,\"height\":250,\"caption\":\"Patagonia Ambiental\"},\"image\":{\"@id\":\"https:\\\/\\\/patagoniambiental.com.ar\\\/info\\\/#\\\/schema\\\/logo\\\/image\\\/\"},\"sameAs\":[\"https:\\\/\\\/www.facebook.com\\\/patagonia.ambiental\",\"https:\\\/\\\/x.com\\\/PatAmb\"]},{\"@type\":\"Person\",\"@id\":\"https:\\\/\\\/patagoniambiental.com.ar\\\/info\\\/#\\\/schema\\\/person\\\/db12bff64bbcbf6a253710bf0ea37b5d\",\"name\":\"Patagonia Ambiental\",\"description\":\"Andr\u00e9s Nievas T\u00e9cnico en manejo ambiental, consultor Ambiental y escritor para medios locales e internacionales sobre temas de geopolitica y medio ambiente.\",\"sameAs\":[\"http:\\\/\\\/www.patagoniambiental.com.ar\",\"https:\\\/\\\/www.facebook.com\\\/share\\\/1C1V8Gv9BX\\\/?mibextid=qi2Omg\",\"@patagoniambiental\",\"https:\\\/\\\/youtube.com\\\/@patagoniaambiental2023?si=BLt58t0wuXquxlYZ\"]}]}<\/script>\n<!-- \/ Yoast SEO Premium plugin. -->","yoast_head_json":{"title":"LA FUNDACI\u00d3N FELIX DE AZARA SE INTERESA EN ENLAZAR EL MUSEO DEL INGENIERO GUIDO JACOBACCI DE SAN ANTONIO CON NUESTRA CIUDAD","robots":{"index":"index","follow":"follow","max-snippet":"max-snippet:-1","max-image-preview":"max-image-preview:large","max-video-preview":"max-video-preview:-1"},"canonical":"https:\/\/patagoniambiental.com.ar\/info\/la-fundacion-felix-de-azara-se-interesa-en-enlazar-el-museo-del-ingeniero-guido-jacobacci-de-san-antonio-con-nuestra-ciudad\/","og_locale":"es_ES","og_type":"article","og_title":"LA FUNDACI\u00d3N FELIX DE AZARA SE INTERESA EN ENLAZAR EL MUSEO DEL INGENIERO GUIDO JACOBACCI DE SAN ANTONIO CON NUESTRA CIUDAD","og_description":"Ingeniero Jacobacci.-El Presidente de la Fundaci\u00f3n de Historia Natural F\u00e9lix de Azara, Adri\u00e1n Giacchino, se mostr\u00f3 interesado en llevar adelante [&hellip;]","og_url":"https:\/\/patagoniambiental.com.ar\/info\/la-fundacion-felix-de-azara-se-interesa-en-enlazar-el-museo-del-ingeniero-guido-jacobacci-de-san-antonio-con-nuestra-ciudad\/","og_site_name":"Patagonia Ambiental","article_publisher":"https:\/\/www.facebook.com\/patagonia.ambiental","article_author":"https:\/\/www.facebook.com\/share\/1C1V8Gv9BX\/?mibextid=qi2Omg","article_published_time":"2016-12-29T12:10:15+00:00","author":"Patagonia Ambiental","twitter_card":"summary_large_image","twitter_creator":"@PatAmb","twitter_site":"@PatAmb","schema":{"@context":"https:\/\/schema.org","@graph":[{"@type":"Article","@id":"https:\/\/patagoniambiental.com.ar\/info\/la-fundacion-felix-de-azara-se-interesa-en-enlazar-el-museo-del-ingeniero-guido-jacobacci-de-san-antonio-con-nuestra-ciudad\/#article","isPartOf":{"@id":"https:\/\/patagoniambiental.com.ar\/info\/la-fundacion-felix-de-azara-se-interesa-en-enlazar-el-museo-del-ingeniero-guido-jacobacci-de-san-antonio-con-nuestra-ciudad\/"},"author":{"name":"Patagonia Ambiental","@id":"https:\/\/patagoniambiental.com.ar\/info\/#\/schema\/person\/db12bff64bbcbf6a253710bf0ea37b5d"},"headline":"LA FUNDACI\u00d3N FELIX DE AZARA SE INTERESA EN ENLAZAR EL MUSEO DEL INGENIERO GUIDO JACOBACCI DE SAN ANTONIO CON NUESTRA CIUDAD","datePublished":"2016-12-29T12:10:15+00:00","mainEntityOfPage":{"@id":"https:\/\/patagoniambiental.com.ar\/info\/la-fundacion-felix-de-azara-se-interesa-en-enlazar-el-museo-del-ingeniero-guido-jacobacci-de-san-antonio-con-nuestra-ciudad\/"},"wordCount":423,"publisher":{"@id":"https:\/\/patagoniambiental.com.ar\/info\/#organization"},"articleSection":["Municipales","Noticias"],"inLanguage":"es"},{"@type":"WebPage","@id":"https:\/\/patagoniambiental.com.ar\/info\/la-fundacion-felix-de-azara-se-interesa-en-enlazar-el-museo-del-ingeniero-guido-jacobacci-de-san-antonio-con-nuestra-ciudad\/","url":"https:\/\/patagoniambiental.com.ar\/info\/la-fundacion-felix-de-azara-se-interesa-en-enlazar-el-museo-del-ingeniero-guido-jacobacci-de-san-antonio-con-nuestra-ciudad\/","name":"LA FUNDACI\u00d3N FELIX DE AZARA SE INTERESA EN ENLAZAR EL MUSEO DEL INGENIERO GUIDO JACOBACCI DE SAN ANTONIO CON NUESTRA CIUDAD","isPartOf":{"@id":"https:\/\/patagoniambiental.com.ar\/info\/#website"},"datePublished":"2016-12-29T12:10:15+00:00","breadcrumb":{"@id":"https:\/\/patagoniambiental.com.ar\/info\/la-fundacion-felix-de-azara-se-interesa-en-enlazar-el-museo-del-ingeniero-guido-jacobacci-de-san-antonio-con-nuestra-ciudad\/#breadcrumb"},"inLanguage":"es","potentialAction":[{"@type":"ReadAction","target":["https:\/\/patagoniambiental.com.ar\/info\/la-fundacion-felix-de-azara-se-interesa-en-enlazar-el-museo-del-ingeniero-guido-jacobacci-de-san-antonio-con-nuestra-ciudad\/"]}]},{"@type":"BreadcrumbList","@id":"https:\/\/patagoniambiental.com.ar\/info\/la-fundacion-felix-de-azara-se-interesa-en-enlazar-el-museo-del-ingeniero-guido-jacobacci-de-san-antonio-con-nuestra-ciudad\/#breadcrumb","itemListElement":[{"@type":"ListItem","position":1,"name":"Inicio","item":"https:\/\/patagoniambiental.com.ar\/info\/"},{"@type":"ListItem","position":2,"name":"LA FUNDACI\u00d3N FELIX DE AZARA SE INTERESA EN ENLAZAR EL MUSEO DEL INGENIERO GUIDO JACOBACCI DE SAN ANTONIO CON NUESTRA CIUDAD"}]},{"@type":"WebSite","@id":"https:\/\/patagoniambiental.com.ar\/info\/#website","url":"https:\/\/patagoniambiental.com.ar\/info\/","name":"Patagonia Ambiental","description":"Monitoreo y an\u00e1lisis de la situaci\u00f3n geopol\u00edtica en el mundo y su implicancia en la Patagonia","publisher":{"@id":"https:\/\/patagoniambiental.com.ar\/info\/#organization"},"potentialAction":[{"@type":"SearchAction","target":{"@type":"EntryPoint","urlTemplate":"https:\/\/patagoniambiental.com.ar\/info\/?s={search_term_string}"},"query-input":{"@type":"PropertyValueSpecification","valueRequired":true,"valueName":"search_term_string"}}],"inLanguage":"es"},{"@type":"Organization","@id":"https:\/\/patagoniambiental.com.ar\/info\/#organization","name":"Patagonia Ambiental","url":"https:\/\/patagoniambiental.com.ar\/info\/","logo":{"@type":"ImageObject","inLanguage":"es","@id":"https:\/\/patagoniambiental.com.ar\/info\/#\/schema\/logo\/image\/","url":"https:\/\/patagoniambiental.com.ar\/info\/wp-content\/uploads\/2025\/05\/LOGO-PATAGONIA-AMBIENTAL.png","contentUrl":"https:\/\/patagoniambiental.com.ar\/info\/wp-content\/uploads\/2025\/05\/LOGO-PATAGONIA-AMBIENTAL.png","width":433,"height":250,"caption":"Patagonia Ambiental"},"image":{"@id":"https:\/\/patagoniambiental.com.ar\/info\/#\/schema\/logo\/image\/"},"sameAs":["https:\/\/www.facebook.com\/patagonia.ambiental","https:\/\/x.com\/PatAmb"]},{"@type":"Person","@id":"https:\/\/patagoniambiental.com.ar\/info\/#\/schema\/person\/db12bff64bbcbf6a253710bf0ea37b5d","name":"Patagonia Ambiental","description":"Andr\u00e9s Nievas T\u00e9cnico en manejo ambiental, consultor Ambiental y escritor para medios locales e internacionales sobre temas de geopolitica y medio ambiente.","sameAs":["http:\/\/www.patagoniambiental.com.ar","https:\/\/www.facebook.com\/share\/1C1V8Gv9BX\/?mibextid=qi2Omg","@patagoniambiental","https:\/\/youtube.com\/@patagoniaambiental2023?si=BLt58t0wuXquxlYZ"]}]}},"_links":{"self":[{"href":"https:\/\/patagoniambiental.com.ar\/info\/wp-json\/wp\/v2\/posts\/23661","targetHints":{"allow":["GET"]}}],"collection":[{"href":"https:\/\/patagoniambiental.com.ar\/info\/wp-json\/wp\/v2\/posts"}],"about":[{"href":"https:\/\/patagoniambiental.com.ar\/info\/wp-json\/wp\/v2\/types\/post"}],"author":[{"embeddable":true,"href":"https:\/\/patagoniambiental.com.ar\/info\/wp-json\/wp\/v2\/users\/2"}],"replies":[{"embeddable":true,"href":"https:\/\/patagoniambiental.com.ar\/info\/wp-json\/wp\/v2\/comments?post=23661"}],"version-history":[{"count":0,"href":"https:\/\/patagoniambiental.com.ar\/info\/wp-json\/wp\/v2\/posts\/23661\/revisions"}],"wp:attachment":[{"href":"https:\/\/patagoniambiental.com.ar\/info\/wp-json\/wp\/v2\/media?parent=23661"}],"wp:term":[{"taxonomy":"category","embeddable":true,"href":"https:\/\/patagoniambiental.com.ar\/info\/wp-json\/wp\/v2\/categories?post=23661"},{"taxonomy":"post_tag","embeddable":true,"href":"https:\/\/patagoniambiental.com.ar\/info\/wp-json\/wp\/v2\/tags?post=23661"}],"curies":[{"name":"wp","href":"https:\/\/api.w.org\/{rel}","templated":true}]}}