{"id":24436,"date":"2017-02-02T09:00:46","date_gmt":"2017-02-02T12:00:46","guid":{"rendered":"http:\/\/patagoniambiental.com.ar\/?p=24436"},"modified":"2017-02-02T09:00:46","modified_gmt":"2017-02-02T12:00:46","slug":"instalaran-equipos-de-energias-renovables-en-instituciones-de-bien-publico","status":"publish","type":"post","link":"https:\/\/patagoniambiental.com.ar\/info\/instalaran-equipos-de-energias-renovables-en-instituciones-de-bien-publico\/","title":{"rendered":"Instalar\u00e1n equipos de energ\u00edas renovables en instituciones de bien p\u00fablico"},"content":{"rendered":"<p>Un total de 15 organizaciones sociales ahorrar\u00e1n entre un 30 y un 70 por ciento de gas gracias a una iniciativa del gobierno porte\u00f1o, que instalar\u00e1 40 equipos de calentamiento de agua con tecnolog\u00eda solar a trav\u00e9s de un proyecto que concluir\u00e1 en marzo.<\/p>\n<p>Los equipos, que permitir\u00e1n precalentar unos 300 litros de agua apta para el uso sanitario, se entregar\u00e1n a hogares, comedores y otro tipo de instituciones asociadas a la vulnerabilidad social dedicadas a la contenci\u00f3n de ni\u00f1os, adolescentes y adultos que re\u00fanan las condiciones adecuadas para su instalaci\u00f3n, es decir, que tengan una buena recepci\u00f3n de sol y puedan resistir el peso de los contenedores.<\/p>\n<div class=\"sign\">\u00abNuestra idea era convertir las pol\u00edticas ambientales en una acci\u00f3n de cambio social. Por eso, despu\u00e9s de la desregulaci\u00f3n de las tarifas de gas, encontramos en el Proyecto de Colectores Solares T\u00e9rmicos una manera de incorporar las energ\u00edas renovables a la sociedad y ayudar a esas instituciones que pagan de su bolsillo el gas a ahorrar energ\u00eda y dinero\u00bb, expres\u00f3 a T\u00e9lam Federico Iglesias, director general de la Agencia de Control Ambiental de la Ciudad.<\/p>\n<p>El funcionario afirm\u00f3 que lo que se busca es \u00abque las energ\u00edas renovables dejen de ser para una minor\u00eda y tengan un uso pr\u00e1ctico\u00bb.<\/p>\n<p>Adem\u00e1s de instalar los equipos, se capacitar\u00e1 a los usuarios sobre el uso del sistema solar t\u00e9rmico, y a los instaladores sanitaristas o plomeros de las instituciones se les explicar\u00e1 el funcionamiento, las conexiones y el mantenimiento del sistema.<br \/>\nTambi\u00e9n se abastecer\u00e1 a las instituciones con repuestos para que hagan las reparaciones necesarias en caso de una rotura, mal funcionamiento o mantenimiento general.<\/p>\n<p>\u00abAl enterarse de que podr\u00edan ahorrar hasta un 70 por ciento del gasto en gas, las instituciones se mostraron muy interesadas en los equipos. Esperamos que eso ayude a reforzar la apropiaci\u00f3n\u00bb, resalt\u00f3 Iglesias.<\/p>\n<p>Una vez instalados los contenedores, se realizar\u00e1 un seguimiento de su uso y apropiaci\u00f3n por parte de los usuarios a trav\u00e9s de entrevistas y an\u00e1lisis de consumo energ\u00e9tico, de manera que, a los seis meses, pueda trazarse una evaluaci\u00f3n del impacto concreto en cada instituci\u00f3n.<\/p>\n<p>Respecto de sus beneficios, los colectores permiten: reducir el consumo de energ\u00eda para calentamiento de agua, disminuir la emisi\u00f3n de gases de efecto invernadero, promocionar el uso de energ\u00edas renovables y concientizar sobre la eficiencia energ\u00e9tica y el cuidado del ambiente.<\/p><\/div>\n<div class=\"sign\"><\/div>\n<div class=\"sign\">Fuente: Telam<\/div>\n<div class=\"addthis_custom_sharing\" style=\"box-sizing: inherit; position: absolute; top: -81px; right: 0px; margin: 0px; color: #000000; font-family: 'Open Sans', sans-serif; font-size: 10px; font-style: normal; font-variant-ligatures: normal; font-variant-caps: normal; font-weight: normal; letter-spacing: normal; orphans: 2; text-align: start; text-indent: 0px; text-transform: none; white-space: normal; widows: 2; word-spacing: 0px; -webkit-text-stroke-width: 0px; clear: both;\" data-url=\"http:\/\/www.telam.com.ar\/notas\/201701\/178208-energias-renovables-instituciones-bien-publico.html\" data-title=\"Instalar\u00e1n equipos de energ\u00edas renovables en instituciones de bien p\u00fablico\" data-description=\"Un total de 15 organizaciones sociales ahorrar\u00e1n entre un 30 y un 70 por ciento de gas gracias a una iniciativa del gobierno porte\u00f1o, que instalar\u00e1 40 equipos de calentamiento de agua con tecnolog\u00eda solar a trav\u00e9s de un proyecto que concluir\u00e1 en marzo.&lt;br \/&gt;\n\"><\/div>\n","protected":false},"excerpt":{"rendered":"<p>Un total de 15 organizaciones sociales ahorrar\u00e1n entre un 30 y un 70 por ciento de gas gracias a una [&hellip;]<\/p>\n","protected":false},"author":2,"featured_media":0,"comment_status":"closed","ping_status":"closed","sticky":false,"template":"","format":"standard","meta":{"site-sidebar-layout":"default","site-content-layout":"","ast-site-content-layout":"default","site-content-style":"default","site-sidebar-style":"default","ast-global-header-display":"","ast-banner-title-visibility":"","ast-main-header-display":"","ast-hfb-above-header-display":"","ast-hfb-below-header-display":"","ast-hfb-mobile-header-display":"","site-post-title":"","ast-breadcrumbs-content":"","ast-featured-img":"","footer-sml-layout":"","ast-disable-related-posts":"","theme-transparent-header-meta":"","adv-header-id-meta":"","stick-header-meta":"","header-above-stick-meta":"","header-main-stick-meta":"","header-below-stick-meta":"","astra-migrate-meta-layouts":"default","ast-page-background-enabled":"default","ast-page-background-meta":{"desktop":{"background-color":"var(--ast-global-color-5)","background-image":"","background-repeat":"repeat","background-position":"center center","background-size":"auto","background-attachment":"scroll","background-type":"","background-media":"","overlay-type":"","overlay-color":"","overlay-opacity":"","overlay-gradient":""},"tablet":{"background-color":"","background-image":"","background-repeat":"repeat","background-position":"center center","background-size":"auto","background-attachment":"scroll","background-type":"","background-media":"","overlay-type":"","overlay-color":"","overlay-opacity":"","overlay-gradient":""},"mobile":{"background-color":"","background-image":"","background-repeat":"repeat","background-position":"center center","background-size":"auto","background-attachment":"scroll","background-type":"","background-media":"","overlay-type":"","overlay-color":"","overlay-opacity":"","overlay-gradient":""}},"ast-content-background-meta":{"desktop":{"background-color":"var(--ast-global-color-4)","background-image":"","background-repeat":"repeat","background-position":"center center","background-size":"auto","background-attachment":"scroll","background-type":"","background-media":"","overlay-type":"","overlay-color":"","overlay-opacity":"","overlay-gradient":""},"tablet":{"background-color":"var(--ast-global-color-4)","background-image":"","background-repeat":"repeat","background-position":"center center","background-size":"auto","background-attachment":"scroll","background-type":"","background-media":"","overlay-type":"","overlay-color":"","overlay-opacity":"","overlay-gradient":""},"mobile":{"background-color":"var(--ast-global-color-4)","background-image":"","background-repeat":"repeat","background-position":"center center","background-size":"auto","background-attachment":"scroll","background-type":"","background-media":"","overlay-type":"","overlay-color":"","overlay-opacity":"","overlay-gradient":""}},"footnotes":""},"categories":[16],"tags":[],"class_list":["post-24436","post","type-post","status-publish","format-standard","hentry","category-municipales"],"yoast_head":"<!-- This site is optimized with the Yoast SEO Premium plugin v23.0 (Yoast SEO v27.4) - https:\/\/yoast.com\/product\/yoast-seo-premium-wordpress\/ -->\n<title>Instalar\u00e1n equipos de energ\u00edas renovables en instituciones de bien p\u00fablico<\/title>\n<meta name=\"robots\" content=\"index, follow, max-snippet:-1, max-image-preview:large, max-video-preview:-1\" \/>\n<link rel=\"canonical\" href=\"https:\/\/patagoniambiental.com.ar\/info\/instalaran-equipos-de-energias-renovables-en-instituciones-de-bien-publico\/\" \/>\n<meta property=\"og:locale\" content=\"es_ES\" \/>\n<meta property=\"og:type\" content=\"article\" \/>\n<meta property=\"og:title\" content=\"Instalar\u00e1n equipos de energ\u00edas renovables en instituciones de bien p\u00fablico\" \/>\n<meta property=\"og:description\" content=\"Un total de 15 organizaciones sociales ahorrar\u00e1n entre un 30 y un 70 por ciento de gas gracias a una [&hellip;]\" \/>\n<meta property=\"og:url\" content=\"https:\/\/patagoniambiental.com.ar\/info\/instalaran-equipos-de-energias-renovables-en-instituciones-de-bien-publico\/\" \/>\n<meta property=\"og:site_name\" content=\"Patagonia Ambiental\" \/>\n<meta property=\"article:publisher\" content=\"https:\/\/www.facebook.com\/patagonia.ambiental\" \/>\n<meta property=\"article:author\" content=\"https:\/\/www.facebook.com\/share\/1C1V8Gv9BX\/?mibextid=qi2Omg\" \/>\n<meta property=\"article:published_time\" content=\"2017-02-02T12:00:46+00:00\" \/>\n<meta name=\"author\" content=\"Patagonia Ambiental\" \/>\n<meta name=\"twitter:card\" content=\"summary_large_image\" \/>\n<meta name=\"twitter:creator\" content=\"@PatAmb\" \/>\n<meta name=\"twitter:site\" content=\"@PatAmb\" \/>\n<script type=\"application\/ld+json\" class=\"yoast-schema-graph\">{\"@context\":\"https:\\\/\\\/schema.org\",\"@graph\":[{\"@type\":\"Article\",\"@id\":\"https:\\\/\\\/patagoniambiental.com.ar\\\/info\\\/instalaran-equipos-de-energias-renovables-en-instituciones-de-bien-publico\\\/#article\",\"isPartOf\":{\"@id\":\"https:\\\/\\\/patagoniambiental.com.ar\\\/info\\\/instalaran-equipos-de-energias-renovables-en-instituciones-de-bien-publico\\\/\"},\"author\":{\"name\":\"Patagonia Ambiental\",\"@id\":\"https:\\\/\\\/patagoniambiental.com.ar\\\/info\\\/#\\\/schema\\\/person\\\/db12bff64bbcbf6a253710bf0ea37b5d\"},\"headline\":\"Instalar\u00e1n equipos de energ\u00edas renovables en instituciones de bien p\u00fablico\",\"datePublished\":\"2017-02-02T12:00:46+00:00\",\"mainEntityOfPage\":{\"@id\":\"https:\\\/\\\/patagoniambiental.com.ar\\\/info\\\/instalaran-equipos-de-energias-renovables-en-instituciones-de-bien-publico\\\/\"},\"wordCount\":436,\"publisher\":{\"@id\":\"https:\\\/\\\/patagoniambiental.com.ar\\\/info\\\/#organization\"},\"articleSection\":[\"Municipales\"],\"inLanguage\":\"es\"},{\"@type\":\"WebPage\",\"@id\":\"https:\\\/\\\/patagoniambiental.com.ar\\\/info\\\/instalaran-equipos-de-energias-renovables-en-instituciones-de-bien-publico\\\/\",\"url\":\"https:\\\/\\\/patagoniambiental.com.ar\\\/info\\\/instalaran-equipos-de-energias-renovables-en-instituciones-de-bien-publico\\\/\",\"name\":\"Instalar\u00e1n equipos de energ\u00edas renovables en instituciones de bien p\u00fablico\",\"isPartOf\":{\"@id\":\"https:\\\/\\\/patagoniambiental.com.ar\\\/info\\\/#website\"},\"datePublished\":\"2017-02-02T12:00:46+00:00\",\"breadcrumb\":{\"@id\":\"https:\\\/\\\/patagoniambiental.com.ar\\\/info\\\/instalaran-equipos-de-energias-renovables-en-instituciones-de-bien-publico\\\/#breadcrumb\"},\"inLanguage\":\"es\",\"potentialAction\":[{\"@type\":\"ReadAction\",\"target\":[\"https:\\\/\\\/patagoniambiental.com.ar\\\/info\\\/instalaran-equipos-de-energias-renovables-en-instituciones-de-bien-publico\\\/\"]}]},{\"@type\":\"BreadcrumbList\",\"@id\":\"https:\\\/\\\/patagoniambiental.com.ar\\\/info\\\/instalaran-equipos-de-energias-renovables-en-instituciones-de-bien-publico\\\/#breadcrumb\",\"itemListElement\":[{\"@type\":\"ListItem\",\"position\":1,\"name\":\"Inicio\",\"item\":\"https:\\\/\\\/patagoniambiental.com.ar\\\/info\\\/\"},{\"@type\":\"ListItem\",\"position\":2,\"name\":\"Instalar\u00e1n equipos de energ\u00edas renovables en instituciones de bien p\u00fablico\"}]},{\"@type\":\"WebSite\",\"@id\":\"https:\\\/\\\/patagoniambiental.com.ar\\\/info\\\/#website\",\"url\":\"https:\\\/\\\/patagoniambiental.com.ar\\\/info\\\/\",\"name\":\"Patagonia Ambiental\",\"description\":\"Monitoreo y an\u00e1lisis de la situaci\u00f3n geopol\u00edtica en el mundo y su implicancia en la Patagonia\",\"publisher\":{\"@id\":\"https:\\\/\\\/patagoniambiental.com.ar\\\/info\\\/#organization\"},\"potentialAction\":[{\"@type\":\"SearchAction\",\"target\":{\"@type\":\"EntryPoint\",\"urlTemplate\":\"https:\\\/\\\/patagoniambiental.com.ar\\\/info\\\/?s={search_term_string}\"},\"query-input\":{\"@type\":\"PropertyValueSpecification\",\"valueRequired\":true,\"valueName\":\"search_term_string\"}}],\"inLanguage\":\"es\"},{\"@type\":\"Organization\",\"@id\":\"https:\\\/\\\/patagoniambiental.com.ar\\\/info\\\/#organization\",\"name\":\"Patagonia Ambiental\",\"url\":\"https:\\\/\\\/patagoniambiental.com.ar\\\/info\\\/\",\"logo\":{\"@type\":\"ImageObject\",\"inLanguage\":\"es\",\"@id\":\"https:\\\/\\\/patagoniambiental.com.ar\\\/info\\\/#\\\/schema\\\/logo\\\/image\\\/\",\"url\":\"https:\\\/\\\/patagoniambiental.com.ar\\\/info\\\/wp-content\\\/uploads\\\/2025\\\/05\\\/LOGO-PATAGONIA-AMBIENTAL.png\",\"contentUrl\":\"https:\\\/\\\/patagoniambiental.com.ar\\\/info\\\/wp-content\\\/uploads\\\/2025\\\/05\\\/LOGO-PATAGONIA-AMBIENTAL.png\",\"width\":433,\"height\":250,\"caption\":\"Patagonia Ambiental\"},\"image\":{\"@id\":\"https:\\\/\\\/patagoniambiental.com.ar\\\/info\\\/#\\\/schema\\\/logo\\\/image\\\/\"},\"sameAs\":[\"https:\\\/\\\/www.facebook.com\\\/patagonia.ambiental\",\"https:\\\/\\\/x.com\\\/PatAmb\"]},{\"@type\":\"Person\",\"@id\":\"https:\\\/\\\/patagoniambiental.com.ar\\\/info\\\/#\\\/schema\\\/person\\\/db12bff64bbcbf6a253710bf0ea37b5d\",\"name\":\"Patagonia Ambiental\",\"description\":\"Andr\u00e9s Nievas T\u00e9cnico en manejo ambiental, consultor Ambiental y escritor para medios locales e internacionales sobre temas de geopolitica y medio ambiente.\",\"sameAs\":[\"http:\\\/\\\/www.patagoniambiental.com.ar\",\"https:\\\/\\\/www.facebook.com\\\/share\\\/1C1V8Gv9BX\\\/?mibextid=qi2Omg\",\"@patagoniambiental\",\"https:\\\/\\\/youtube.com\\\/@patagoniaambiental2023?si=BLt58t0wuXquxlYZ\"]}]}<\/script>\n<!-- \/ Yoast SEO Premium plugin. -->","yoast_head_json":{"title":"Instalar\u00e1n equipos de energ\u00edas renovables en instituciones de bien p\u00fablico","robots":{"index":"index","follow":"follow","max-snippet":"max-snippet:-1","max-image-preview":"max-image-preview:large","max-video-preview":"max-video-preview:-1"},"canonical":"https:\/\/patagoniambiental.com.ar\/info\/instalaran-equipos-de-energias-renovables-en-instituciones-de-bien-publico\/","og_locale":"es_ES","og_type":"article","og_title":"Instalar\u00e1n equipos de energ\u00edas renovables en instituciones de bien p\u00fablico","og_description":"Un total de 15 organizaciones sociales ahorrar\u00e1n entre un 30 y un 70 por ciento de gas gracias a una [&hellip;]","og_url":"https:\/\/patagoniambiental.com.ar\/info\/instalaran-equipos-de-energias-renovables-en-instituciones-de-bien-publico\/","og_site_name":"Patagonia Ambiental","article_publisher":"https:\/\/www.facebook.com\/patagonia.ambiental","article_author":"https:\/\/www.facebook.com\/share\/1C1V8Gv9BX\/?mibextid=qi2Omg","article_published_time":"2017-02-02T12:00:46+00:00","author":"Patagonia Ambiental","twitter_card":"summary_large_image","twitter_creator":"@PatAmb","twitter_site":"@PatAmb","schema":{"@context":"https:\/\/schema.org","@graph":[{"@type":"Article","@id":"https:\/\/patagoniambiental.com.ar\/info\/instalaran-equipos-de-energias-renovables-en-instituciones-de-bien-publico\/#article","isPartOf":{"@id":"https:\/\/patagoniambiental.com.ar\/info\/instalaran-equipos-de-energias-renovables-en-instituciones-de-bien-publico\/"},"author":{"name":"Patagonia Ambiental","@id":"https:\/\/patagoniambiental.com.ar\/info\/#\/schema\/person\/db12bff64bbcbf6a253710bf0ea37b5d"},"headline":"Instalar\u00e1n equipos de energ\u00edas renovables en instituciones de bien p\u00fablico","datePublished":"2017-02-02T12:00:46+00:00","mainEntityOfPage":{"@id":"https:\/\/patagoniambiental.com.ar\/info\/instalaran-equipos-de-energias-renovables-en-instituciones-de-bien-publico\/"},"wordCount":436,"publisher":{"@id":"https:\/\/patagoniambiental.com.ar\/info\/#organization"},"articleSection":["Municipales"],"inLanguage":"es"},{"@type":"WebPage","@id":"https:\/\/patagoniambiental.com.ar\/info\/instalaran-equipos-de-energias-renovables-en-instituciones-de-bien-publico\/","url":"https:\/\/patagoniambiental.com.ar\/info\/instalaran-equipos-de-energias-renovables-en-instituciones-de-bien-publico\/","name":"Instalar\u00e1n equipos de energ\u00edas renovables en instituciones de bien p\u00fablico","isPartOf":{"@id":"https:\/\/patagoniambiental.com.ar\/info\/#website"},"datePublished":"2017-02-02T12:00:46+00:00","breadcrumb":{"@id":"https:\/\/patagoniambiental.com.ar\/info\/instalaran-equipos-de-energias-renovables-en-instituciones-de-bien-publico\/#breadcrumb"},"inLanguage":"es","potentialAction":[{"@type":"ReadAction","target":["https:\/\/patagoniambiental.com.ar\/info\/instalaran-equipos-de-energias-renovables-en-instituciones-de-bien-publico\/"]}]},{"@type":"BreadcrumbList","@id":"https:\/\/patagoniambiental.com.ar\/info\/instalaran-equipos-de-energias-renovables-en-instituciones-de-bien-publico\/#breadcrumb","itemListElement":[{"@type":"ListItem","position":1,"name":"Inicio","item":"https:\/\/patagoniambiental.com.ar\/info\/"},{"@type":"ListItem","position":2,"name":"Instalar\u00e1n equipos de energ\u00edas renovables en instituciones de bien p\u00fablico"}]},{"@type":"WebSite","@id":"https:\/\/patagoniambiental.com.ar\/info\/#website","url":"https:\/\/patagoniambiental.com.ar\/info\/","name":"Patagonia Ambiental","description":"Monitoreo y an\u00e1lisis de la situaci\u00f3n geopol\u00edtica en el mundo y su implicancia en la Patagonia","publisher":{"@id":"https:\/\/patagoniambiental.com.ar\/info\/#organization"},"potentialAction":[{"@type":"SearchAction","target":{"@type":"EntryPoint","urlTemplate":"https:\/\/patagoniambiental.com.ar\/info\/?s={search_term_string}"},"query-input":{"@type":"PropertyValueSpecification","valueRequired":true,"valueName":"search_term_string"}}],"inLanguage":"es"},{"@type":"Organization","@id":"https:\/\/patagoniambiental.com.ar\/info\/#organization","name":"Patagonia Ambiental","url":"https:\/\/patagoniambiental.com.ar\/info\/","logo":{"@type":"ImageObject","inLanguage":"es","@id":"https:\/\/patagoniambiental.com.ar\/info\/#\/schema\/logo\/image\/","url":"https:\/\/patagoniambiental.com.ar\/info\/wp-content\/uploads\/2025\/05\/LOGO-PATAGONIA-AMBIENTAL.png","contentUrl":"https:\/\/patagoniambiental.com.ar\/info\/wp-content\/uploads\/2025\/05\/LOGO-PATAGONIA-AMBIENTAL.png","width":433,"height":250,"caption":"Patagonia Ambiental"},"image":{"@id":"https:\/\/patagoniambiental.com.ar\/info\/#\/schema\/logo\/image\/"},"sameAs":["https:\/\/www.facebook.com\/patagonia.ambiental","https:\/\/x.com\/PatAmb"]},{"@type":"Person","@id":"https:\/\/patagoniambiental.com.ar\/info\/#\/schema\/person\/db12bff64bbcbf6a253710bf0ea37b5d","name":"Patagonia Ambiental","description":"Andr\u00e9s Nievas T\u00e9cnico en manejo ambiental, consultor Ambiental y escritor para medios locales e internacionales sobre temas de geopolitica y medio ambiente.","sameAs":["http:\/\/www.patagoniambiental.com.ar","https:\/\/www.facebook.com\/share\/1C1V8Gv9BX\/?mibextid=qi2Omg","@patagoniambiental","https:\/\/youtube.com\/@patagoniaambiental2023?si=BLt58t0wuXquxlYZ"]}]}},"_links":{"self":[{"href":"https:\/\/patagoniambiental.com.ar\/info\/wp-json\/wp\/v2\/posts\/24436","targetHints":{"allow":["GET"]}}],"collection":[{"href":"https:\/\/patagoniambiental.com.ar\/info\/wp-json\/wp\/v2\/posts"}],"about":[{"href":"https:\/\/patagoniambiental.com.ar\/info\/wp-json\/wp\/v2\/types\/post"}],"author":[{"embeddable":true,"href":"https:\/\/patagoniambiental.com.ar\/info\/wp-json\/wp\/v2\/users\/2"}],"replies":[{"embeddable":true,"href":"https:\/\/patagoniambiental.com.ar\/info\/wp-json\/wp\/v2\/comments?post=24436"}],"version-history":[{"count":0,"href":"https:\/\/patagoniambiental.com.ar\/info\/wp-json\/wp\/v2\/posts\/24436\/revisions"}],"wp:attachment":[{"href":"https:\/\/patagoniambiental.com.ar\/info\/wp-json\/wp\/v2\/media?parent=24436"}],"wp:term":[{"taxonomy":"category","embeddable":true,"href":"https:\/\/patagoniambiental.com.ar\/info\/wp-json\/wp\/v2\/categories?post=24436"},{"taxonomy":"post_tag","embeddable":true,"href":"https:\/\/patagoniambiental.com.ar\/info\/wp-json\/wp\/v2\/tags?post=24436"}],"curies":[{"name":"wp","href":"https:\/\/api.w.org\/{rel}","templated":true}]}}