{"id":24438,"date":"2017-02-02T09:00:37","date_gmt":"2017-02-02T12:00:37","guid":{"rendered":"http:\/\/patagoniambiental.com.ar\/?p=24438"},"modified":"2017-02-02T09:00:37","modified_gmt":"2017-02-02T12:00:37","slug":"de-bahia-blanca-a-corea-del-sur-por-las-energias-renovables","status":"publish","type":"post","link":"https:\/\/patagoniambiental.com.ar\/info\/de-bahia-blanca-a-corea-del-sur-por-las-energias-renovables\/","title":{"rendered":"De Bah\u00eda Blanca a Corea del Sur por las energ\u00edas renovables"},"content":{"rendered":"<p>BAHIA BLANCA.- \u00a0 \u00a0La diputada provincial por la sexta secci\u00f3n Ros\u00edo Antinori (Cambiemos) disertar\u00e1 sobre el despegue argentino en energ\u00edas renovables en una cumbre mundial a desarrollarse en Corea del Sur entre el 1 y el 5 de febrero.<\/p>\n<p>Se trata de la 4\u00b0 edici\u00f3n de la cumbre destinada a legisladores de 130 pa\u00edses de todo el mundo, denominada \u201cPaz, Seguridad y Desarrollo Humano\u201d y organizada por un organismo dependiente de la ONU.<\/p>\n<p>Antinori asistir\u00e1 junto con otros cinco legisladores argentinos: dos diputados del Parlasur, un diputado y un senador nacionales y una legisladora porte\u00f1a.<\/p>\n<p>\u201cPara m\u00ed es una gran experiencia y un orgullo poder representar a nuestro pa\u00eds. Nuestro gobierno puso reglas claras y sali\u00f3 a buscar inversiones al mundo, por lo que poder hablar en esta cumbre sobre lo que est\u00e1n haciendo en la materia el pa\u00eds, la provincia e incluso la sexta secci\u00f3n, me tiene muy entusiasmada\u201d, coment\u00f3 Antinori.<\/p>\n<p>La abogada, nacida en Oriente y radicada en Tres Arroyos, ocupa actualmente la banca de H\u00e9ctor Gay en la C\u00e1mara de Diputados de la Provincia de Buenos Aires e ide\u00f3 junto al diputado Santiago Nardelli la ley de exenci\u00f3n impositiva a las inversiones en materia de energ\u00edas renovables en el territorio bonaerense.<\/p>\n<p>\u201cEste 2017 fue declarado por el presidente Mauricio Macri como &#8216;el a\u00f1o de las energ\u00edas renovables&#8217;. Por medio del desarrollo de este tipo de energ\u00edas podemos aportar a dos grandes tem\u00e1ticas del mundo actual, como lo son el desarrollo sustentable y el cuidado del medioambiente a trav\u00e9s del cambio clim\u00e1tico. Sin dudas nuestro pa\u00eds tiene todos los recursos para desarrollarlas e iremos a la cumbre a intercambiar ideas y traer propuestas de otros pa\u00edses para tratarlas ac\u00e1\u201d, se\u00f1al\u00f3 la abogada.<\/p>\n<p>Como ya fue anunciado, durante este a\u00f1o comenzar\u00e1 la construcci\u00f3n de numerosos parques e\u00f3licos en todo el pa\u00eds, de los cuales varios estar\u00e1n en la sexta secci\u00f3n, por caso uno en Villalonga, uno en Mayor Buratovich, uno en Villarino, dos en Bah\u00eda Blanca \u2013-en los parajes Corti y Garc\u00eda del R\u00edo&#8211; y uno en Tres Arroyos.<\/p>\n<p>\u201cAproximadamente de Tandil para abajo tenemos un potencial e\u00f3lico comparable al de pa\u00edses como Alemania, pioneros en energ\u00edas renovables. Adem\u00e1s de ese recurso natural, nuestra zona cuenta con otras ventajas como la cercan\u00eda de los grandes centros de consumo, mano de obra capacitada y universidades\u201d, explic\u00f3 la diputada.<\/p>\n<p>\u201cEl plazo m\u00e1ximo de finalizaci\u00f3n de las obras es de 2 a\u00f1os, por lo que en los pr\u00f3ximos meses se ver\u00e1 el movimiento que estos parques generan, con inversiones millonarias y una gran activaci\u00f3n econ\u00f3mica. El puerto de Bah\u00eda Blanca y la Zona Franca ocupar\u00e1n un rol protag\u00f3nico en este proyecto\u201d, agreg\u00f3.<\/p>\n<p>Adem\u00e1s del ahorro que significar\u00e1 para el pa\u00eds no tener que comprar tanta energ\u00eda en el extranjero, seg\u00fan Antinori, estos sistemas mejorar\u00e1n la calidad de vida de los habitantes de -\u2013en este caso&#8211; la provincia, porque \u201cposeer m\u00e1s energ\u00eda va a servir much\u00edsimo para el desarrollo de los parques industriales, que se encontraban limitados para crecer, as\u00ed como se impulsar\u00e1 a las econom\u00edas regionales y se generar\u00e1n numerosos puestos de trabajo\u201d.<\/p>\n<p>\u201cHe recorrido toda la sexta secci\u00f3n y no solo se puede pensar en la energ\u00eda e\u00f3lica, tambi\u00e9n est\u00e1n teniendo lugar peque\u00f1os emprendimientos de otras fuentes renovables, como la solar, la hidroel\u00e9ctrica, la biomasa y el biocombustible. Recursos hay, es cuesti\u00f3n de trabajar\u201d, finaliz\u00f3.<\/p>\n<p>Fuente:\u00a0http:\/\/www.lanueva.com\/la-ciudad-impresa\/892409\/de-la-region-a-corea-del-sur-por-energias-renovables.html<\/p>\n","protected":false},"excerpt":{"rendered":"<p>BAHIA BLANCA.- \u00a0 \u00a0La diputada provincial por la sexta secci\u00f3n Ros\u00edo Antinori (Cambiemos) disertar\u00e1 sobre el despegue argentino en energ\u00edas [&hellip;]<\/p>\n","protected":false},"author":2,"featured_media":0,"comment_status":"closed","ping_status":"closed","sticky":false,"template":"","format":"standard","meta":{"site-sidebar-layout":"default","site-content-layout":"","ast-site-content-layout":"default","site-content-style":"default","site-sidebar-style":"default","ast-global-header-display":"","ast-banner-title-visibility":"","ast-main-header-display":"","ast-hfb-above-header-display":"","ast-hfb-below-header-display":"","ast-hfb-mobile-header-display":"","site-post-title":"","ast-breadcrumbs-content":"","ast-featured-img":"","footer-sml-layout":"","ast-disable-related-posts":"","theme-transparent-header-meta":"","adv-header-id-meta":"","stick-header-meta":"","header-above-stick-meta":"","header-main-stick-meta":"","header-below-stick-meta":"","astra-migrate-meta-layouts":"default","ast-page-background-enabled":"default","ast-page-background-meta":{"desktop":{"background-color":"var(--ast-global-color-5)","background-image":"","background-repeat":"repeat","background-position":"center center","background-size":"auto","background-attachment":"scroll","background-type":"","background-media":"","overlay-type":"","overlay-color":"","overlay-opacity":"","overlay-gradient":""},"tablet":{"background-color":"","background-image":"","background-repeat":"repeat","background-position":"center center","background-size":"auto","background-attachment":"scroll","background-type":"","background-media":"","overlay-type":"","overlay-color":"","overlay-opacity":"","overlay-gradient":""},"mobile":{"background-color":"","background-image":"","background-repeat":"repeat","background-position":"center center","background-size":"auto","background-attachment":"scroll","background-type":"","background-media":"","overlay-type":"","overlay-color":"","overlay-opacity":"","overlay-gradient":""}},"ast-content-background-meta":{"desktop":{"background-color":"var(--ast-global-color-4)","background-image":"","background-repeat":"repeat","background-position":"center center","background-size":"auto","background-attachment":"scroll","background-type":"","background-media":"","overlay-type":"","overlay-color":"","overlay-opacity":"","overlay-gradient":""},"tablet":{"background-color":"var(--ast-global-color-4)","background-image":"","background-repeat":"repeat","background-position":"center center","background-size":"auto","background-attachment":"scroll","background-type":"","background-media":"","overlay-type":"","overlay-color":"","overlay-opacity":"","overlay-gradient":""},"mobile":{"background-color":"var(--ast-global-color-4)","background-image":"","background-repeat":"repeat","background-position":"center center","background-size":"auto","background-attachment":"scroll","background-type":"","background-media":"","overlay-type":"","overlay-color":"","overlay-opacity":"","overlay-gradient":""}},"footnotes":""},"categories":[16],"tags":[],"class_list":["post-24438","post","type-post","status-publish","format-standard","hentry","category-municipales"],"yoast_head":"<!-- This site is optimized with the Yoast SEO Premium plugin v23.0 (Yoast SEO v27.4) - https:\/\/yoast.com\/product\/yoast-seo-premium-wordpress\/ -->\n<title>De Bah\u00eda Blanca a Corea del Sur por las energ\u00edas renovables<\/title>\n<meta name=\"robots\" content=\"index, follow, max-snippet:-1, max-image-preview:large, max-video-preview:-1\" \/>\n<link rel=\"canonical\" href=\"https:\/\/patagoniambiental.com.ar\/info\/de-bahia-blanca-a-corea-del-sur-por-las-energias-renovables\/\" \/>\n<meta property=\"og:locale\" content=\"es_ES\" \/>\n<meta property=\"og:type\" content=\"article\" \/>\n<meta property=\"og:title\" content=\"De Bah\u00eda Blanca a Corea del Sur por las energ\u00edas renovables\" \/>\n<meta property=\"og:description\" content=\"BAHIA BLANCA.- \u00a0 \u00a0La diputada provincial por la sexta secci\u00f3n Ros\u00edo Antinori (Cambiemos) disertar\u00e1 sobre el despegue argentino en energ\u00edas [&hellip;]\" \/>\n<meta property=\"og:url\" content=\"https:\/\/patagoniambiental.com.ar\/info\/de-bahia-blanca-a-corea-del-sur-por-las-energias-renovables\/\" \/>\n<meta property=\"og:site_name\" content=\"Patagonia Ambiental\" \/>\n<meta property=\"article:publisher\" content=\"https:\/\/www.facebook.com\/patagonia.ambiental\" \/>\n<meta property=\"article:author\" content=\"https:\/\/www.facebook.com\/share\/1C1V8Gv9BX\/?mibextid=qi2Omg\" \/>\n<meta property=\"article:published_time\" content=\"2017-02-02T12:00:37+00:00\" \/>\n<meta property=\"og:image\" content=\"https:\/\/patagoniambiental.com.ar\/info\/wp-content\/uploads\/2017\/02\/corea-energia.jpg\" \/>\n\t<meta property=\"og:image:width\" content=\"640\" \/>\n\t<meta property=\"og:image:height\" content=\"583\" \/>\n\t<meta property=\"og:image:type\" content=\"image\/jpeg\" \/>\n<meta name=\"author\" content=\"Patagonia Ambiental\" \/>\n<meta name=\"twitter:card\" content=\"summary_large_image\" \/>\n<meta name=\"twitter:creator\" content=\"@PatAmb\" \/>\n<meta name=\"twitter:site\" content=\"@PatAmb\" \/>\n<script type=\"application\/ld+json\" class=\"yoast-schema-graph\">{\"@context\":\"https:\\\/\\\/schema.org\",\"@graph\":[{\"@type\":\"Article\",\"@id\":\"https:\\\/\\\/patagoniambiental.com.ar\\\/info\\\/de-bahia-blanca-a-corea-del-sur-por-las-energias-renovables\\\/#article\",\"isPartOf\":{\"@id\":\"https:\\\/\\\/patagoniambiental.com.ar\\\/info\\\/de-bahia-blanca-a-corea-del-sur-por-las-energias-renovables\\\/\"},\"author\":{\"name\":\"Patagonia Ambiental\",\"@id\":\"https:\\\/\\\/patagoniambiental.com.ar\\\/info\\\/#\\\/schema\\\/person\\\/db12bff64bbcbf6a253710bf0ea37b5d\"},\"headline\":\"De Bah\u00eda Blanca a Corea del Sur por las energ\u00edas renovables\",\"datePublished\":\"2017-02-02T12:00:37+00:00\",\"mainEntityOfPage\":{\"@id\":\"https:\\\/\\\/patagoniambiental.com.ar\\\/info\\\/de-bahia-blanca-a-corea-del-sur-por-las-energias-renovables\\\/\"},\"wordCount\":634,\"publisher\":{\"@id\":\"https:\\\/\\\/patagoniambiental.com.ar\\\/info\\\/#organization\"},\"articleSection\":[\"Municipales\"],\"inLanguage\":\"es\"},{\"@type\":\"WebPage\",\"@id\":\"https:\\\/\\\/patagoniambiental.com.ar\\\/info\\\/de-bahia-blanca-a-corea-del-sur-por-las-energias-renovables\\\/\",\"url\":\"https:\\\/\\\/patagoniambiental.com.ar\\\/info\\\/de-bahia-blanca-a-corea-del-sur-por-las-energias-renovables\\\/\",\"name\":\"De Bah\u00eda Blanca a Corea del Sur por las energ\u00edas renovables\",\"isPartOf\":{\"@id\":\"https:\\\/\\\/patagoniambiental.com.ar\\\/info\\\/#website\"},\"datePublished\":\"2017-02-02T12:00:37+00:00\",\"breadcrumb\":{\"@id\":\"https:\\\/\\\/patagoniambiental.com.ar\\\/info\\\/de-bahia-blanca-a-corea-del-sur-por-las-energias-renovables\\\/#breadcrumb\"},\"inLanguage\":\"es\",\"potentialAction\":[{\"@type\":\"ReadAction\",\"target\":[\"https:\\\/\\\/patagoniambiental.com.ar\\\/info\\\/de-bahia-blanca-a-corea-del-sur-por-las-energias-renovables\\\/\"]}]},{\"@type\":\"BreadcrumbList\",\"@id\":\"https:\\\/\\\/patagoniambiental.com.ar\\\/info\\\/de-bahia-blanca-a-corea-del-sur-por-las-energias-renovables\\\/#breadcrumb\",\"itemListElement\":[{\"@type\":\"ListItem\",\"position\":1,\"name\":\"Inicio\",\"item\":\"https:\\\/\\\/patagoniambiental.com.ar\\\/info\\\/\"},{\"@type\":\"ListItem\",\"position\":2,\"name\":\"De Bah\u00eda Blanca a Corea del Sur por las energ\u00edas renovables\"}]},{\"@type\":\"WebSite\",\"@id\":\"https:\\\/\\\/patagoniambiental.com.ar\\\/info\\\/#website\",\"url\":\"https:\\\/\\\/patagoniambiental.com.ar\\\/info\\\/\",\"name\":\"Patagonia Ambiental\",\"description\":\"Monitoreo y an\u00e1lisis de la situaci\u00f3n geopol\u00edtica en el mundo y su implicancia en la Patagonia\",\"publisher\":{\"@id\":\"https:\\\/\\\/patagoniambiental.com.ar\\\/info\\\/#organization\"},\"potentialAction\":[{\"@type\":\"SearchAction\",\"target\":{\"@type\":\"EntryPoint\",\"urlTemplate\":\"https:\\\/\\\/patagoniambiental.com.ar\\\/info\\\/?s={search_term_string}\"},\"query-input\":{\"@type\":\"PropertyValueSpecification\",\"valueRequired\":true,\"valueName\":\"search_term_string\"}}],\"inLanguage\":\"es\"},{\"@type\":\"Organization\",\"@id\":\"https:\\\/\\\/patagoniambiental.com.ar\\\/info\\\/#organization\",\"name\":\"Patagonia Ambiental\",\"url\":\"https:\\\/\\\/patagoniambiental.com.ar\\\/info\\\/\",\"logo\":{\"@type\":\"ImageObject\",\"inLanguage\":\"es\",\"@id\":\"https:\\\/\\\/patagoniambiental.com.ar\\\/info\\\/#\\\/schema\\\/logo\\\/image\\\/\",\"url\":\"https:\\\/\\\/patagoniambiental.com.ar\\\/info\\\/wp-content\\\/uploads\\\/2025\\\/05\\\/LOGO-PATAGONIA-AMBIENTAL.png\",\"contentUrl\":\"https:\\\/\\\/patagoniambiental.com.ar\\\/info\\\/wp-content\\\/uploads\\\/2025\\\/05\\\/LOGO-PATAGONIA-AMBIENTAL.png\",\"width\":433,\"height\":250,\"caption\":\"Patagonia Ambiental\"},\"image\":{\"@id\":\"https:\\\/\\\/patagoniambiental.com.ar\\\/info\\\/#\\\/schema\\\/logo\\\/image\\\/\"},\"sameAs\":[\"https:\\\/\\\/www.facebook.com\\\/patagonia.ambiental\",\"https:\\\/\\\/x.com\\\/PatAmb\"]},{\"@type\":\"Person\",\"@id\":\"https:\\\/\\\/patagoniambiental.com.ar\\\/info\\\/#\\\/schema\\\/person\\\/db12bff64bbcbf6a253710bf0ea37b5d\",\"name\":\"Patagonia Ambiental\",\"description\":\"Andr\u00e9s Nievas T\u00e9cnico en manejo ambiental, consultor Ambiental y escritor para medios locales e internacionales sobre temas de geopolitica y medio ambiente.\",\"sameAs\":[\"http:\\\/\\\/www.patagoniambiental.com.ar\",\"https:\\\/\\\/www.facebook.com\\\/share\\\/1C1V8Gv9BX\\\/?mibextid=qi2Omg\",\"@patagoniambiental\",\"https:\\\/\\\/youtube.com\\\/@patagoniaambiental2023?si=BLt58t0wuXquxlYZ\"]}]}<\/script>\n<!-- \/ Yoast SEO Premium plugin. -->","yoast_head_json":{"title":"De Bah\u00eda Blanca a Corea del Sur por las energ\u00edas renovables","robots":{"index":"index","follow":"follow","max-snippet":"max-snippet:-1","max-image-preview":"max-image-preview:large","max-video-preview":"max-video-preview:-1"},"canonical":"https:\/\/patagoniambiental.com.ar\/info\/de-bahia-blanca-a-corea-del-sur-por-las-energias-renovables\/","og_locale":"es_ES","og_type":"article","og_title":"De Bah\u00eda Blanca a Corea del Sur por las energ\u00edas renovables","og_description":"BAHIA BLANCA.- \u00a0 \u00a0La diputada provincial por la sexta secci\u00f3n Ros\u00edo Antinori (Cambiemos) disertar\u00e1 sobre el despegue argentino en energ\u00edas [&hellip;]","og_url":"https:\/\/patagoniambiental.com.ar\/info\/de-bahia-blanca-a-corea-del-sur-por-las-energias-renovables\/","og_site_name":"Patagonia Ambiental","article_publisher":"https:\/\/www.facebook.com\/patagonia.ambiental","article_author":"https:\/\/www.facebook.com\/share\/1C1V8Gv9BX\/?mibextid=qi2Omg","article_published_time":"2017-02-02T12:00:37+00:00","og_image":[{"width":640,"height":583,"url":"https:\/\/patagoniambiental.com.ar\/info\/wp-content\/uploads\/2017\/02\/corea-energia.jpg","type":"image\/jpeg"}],"author":"Patagonia Ambiental","twitter_card":"summary_large_image","twitter_creator":"@PatAmb","twitter_site":"@PatAmb","schema":{"@context":"https:\/\/schema.org","@graph":[{"@type":"Article","@id":"https:\/\/patagoniambiental.com.ar\/info\/de-bahia-blanca-a-corea-del-sur-por-las-energias-renovables\/#article","isPartOf":{"@id":"https:\/\/patagoniambiental.com.ar\/info\/de-bahia-blanca-a-corea-del-sur-por-las-energias-renovables\/"},"author":{"name":"Patagonia Ambiental","@id":"https:\/\/patagoniambiental.com.ar\/info\/#\/schema\/person\/db12bff64bbcbf6a253710bf0ea37b5d"},"headline":"De Bah\u00eda Blanca a Corea del Sur por las energ\u00edas renovables","datePublished":"2017-02-02T12:00:37+00:00","mainEntityOfPage":{"@id":"https:\/\/patagoniambiental.com.ar\/info\/de-bahia-blanca-a-corea-del-sur-por-las-energias-renovables\/"},"wordCount":634,"publisher":{"@id":"https:\/\/patagoniambiental.com.ar\/info\/#organization"},"articleSection":["Municipales"],"inLanguage":"es"},{"@type":"WebPage","@id":"https:\/\/patagoniambiental.com.ar\/info\/de-bahia-blanca-a-corea-del-sur-por-las-energias-renovables\/","url":"https:\/\/patagoniambiental.com.ar\/info\/de-bahia-blanca-a-corea-del-sur-por-las-energias-renovables\/","name":"De Bah\u00eda Blanca a Corea del Sur por las energ\u00edas renovables","isPartOf":{"@id":"https:\/\/patagoniambiental.com.ar\/info\/#website"},"datePublished":"2017-02-02T12:00:37+00:00","breadcrumb":{"@id":"https:\/\/patagoniambiental.com.ar\/info\/de-bahia-blanca-a-corea-del-sur-por-las-energias-renovables\/#breadcrumb"},"inLanguage":"es","potentialAction":[{"@type":"ReadAction","target":["https:\/\/patagoniambiental.com.ar\/info\/de-bahia-blanca-a-corea-del-sur-por-las-energias-renovables\/"]}]},{"@type":"BreadcrumbList","@id":"https:\/\/patagoniambiental.com.ar\/info\/de-bahia-blanca-a-corea-del-sur-por-las-energias-renovables\/#breadcrumb","itemListElement":[{"@type":"ListItem","position":1,"name":"Inicio","item":"https:\/\/patagoniambiental.com.ar\/info\/"},{"@type":"ListItem","position":2,"name":"De Bah\u00eda Blanca a Corea del Sur por las energ\u00edas renovables"}]},{"@type":"WebSite","@id":"https:\/\/patagoniambiental.com.ar\/info\/#website","url":"https:\/\/patagoniambiental.com.ar\/info\/","name":"Patagonia Ambiental","description":"Monitoreo y an\u00e1lisis de la situaci\u00f3n geopol\u00edtica en el mundo y su implicancia en la Patagonia","publisher":{"@id":"https:\/\/patagoniambiental.com.ar\/info\/#organization"},"potentialAction":[{"@type":"SearchAction","target":{"@type":"EntryPoint","urlTemplate":"https:\/\/patagoniambiental.com.ar\/info\/?s={search_term_string}"},"query-input":{"@type":"PropertyValueSpecification","valueRequired":true,"valueName":"search_term_string"}}],"inLanguage":"es"},{"@type":"Organization","@id":"https:\/\/patagoniambiental.com.ar\/info\/#organization","name":"Patagonia Ambiental","url":"https:\/\/patagoniambiental.com.ar\/info\/","logo":{"@type":"ImageObject","inLanguage":"es","@id":"https:\/\/patagoniambiental.com.ar\/info\/#\/schema\/logo\/image\/","url":"https:\/\/patagoniambiental.com.ar\/info\/wp-content\/uploads\/2025\/05\/LOGO-PATAGONIA-AMBIENTAL.png","contentUrl":"https:\/\/patagoniambiental.com.ar\/info\/wp-content\/uploads\/2025\/05\/LOGO-PATAGONIA-AMBIENTAL.png","width":433,"height":250,"caption":"Patagonia Ambiental"},"image":{"@id":"https:\/\/patagoniambiental.com.ar\/info\/#\/schema\/logo\/image\/"},"sameAs":["https:\/\/www.facebook.com\/patagonia.ambiental","https:\/\/x.com\/PatAmb"]},{"@type":"Person","@id":"https:\/\/patagoniambiental.com.ar\/info\/#\/schema\/person\/db12bff64bbcbf6a253710bf0ea37b5d","name":"Patagonia Ambiental","description":"Andr\u00e9s Nievas T\u00e9cnico en manejo ambiental, consultor Ambiental y escritor para medios locales e internacionales sobre temas de geopolitica y medio ambiente.","sameAs":["http:\/\/www.patagoniambiental.com.ar","https:\/\/www.facebook.com\/share\/1C1V8Gv9BX\/?mibextid=qi2Omg","@patagoniambiental","https:\/\/youtube.com\/@patagoniaambiental2023?si=BLt58t0wuXquxlYZ"]}]}},"_links":{"self":[{"href":"https:\/\/patagoniambiental.com.ar\/info\/wp-json\/wp\/v2\/posts\/24438","targetHints":{"allow":["GET"]}}],"collection":[{"href":"https:\/\/patagoniambiental.com.ar\/info\/wp-json\/wp\/v2\/posts"}],"about":[{"href":"https:\/\/patagoniambiental.com.ar\/info\/wp-json\/wp\/v2\/types\/post"}],"author":[{"embeddable":true,"href":"https:\/\/patagoniambiental.com.ar\/info\/wp-json\/wp\/v2\/users\/2"}],"replies":[{"embeddable":true,"href":"https:\/\/patagoniambiental.com.ar\/info\/wp-json\/wp\/v2\/comments?post=24438"}],"version-history":[{"count":0,"href":"https:\/\/patagoniambiental.com.ar\/info\/wp-json\/wp\/v2\/posts\/24438\/revisions"}],"wp:attachment":[{"href":"https:\/\/patagoniambiental.com.ar\/info\/wp-json\/wp\/v2\/media?parent=24438"}],"wp:term":[{"taxonomy":"category","embeddable":true,"href":"https:\/\/patagoniambiental.com.ar\/info\/wp-json\/wp\/v2\/categories?post=24438"},{"taxonomy":"post_tag","embeddable":true,"href":"https:\/\/patagoniambiental.com.ar\/info\/wp-json\/wp\/v2\/tags?post=24438"}],"curies":[{"name":"wp","href":"https:\/\/api.w.org\/{rel}","templated":true}]}}