{"id":24459,"date":"2017-02-02T19:00:34","date_gmt":"2017-02-02T22:00:34","guid":{"rendered":"http:\/\/patagoniambiental.com.ar\/?p=24459"},"modified":"2017-02-02T19:00:34","modified_gmt":"2017-02-02T22:00:34","slug":"en-enero-colapso-parte-de-la-estructura-metalica-comenzaron-las-tareas-de-contencion-en-el-museo-del-desembarco","status":"publish","type":"post","link":"https:\/\/patagoniambiental.com.ar\/info\/en-enero-colapso-parte-de-la-estructura-metalica-comenzaron-las-tareas-de-contencion-en-el-museo-del-desembarco\/","title":{"rendered":"EN ENERO COLAPS\u00d3 PARTE DE LA ESTRUCTURA MET\u00c1LICA: Comenzaron las tareas de contenci\u00f3n en el Museo del Desembarco"},"content":{"rendered":"<div class=\"Nota_volanta\">Puerto Madryn.-En los primeros d\u00edas de este a\u00f1o, colaps\u00f3 parte de la estructura met\u00e1lica que sostiene la construcci\u00f3n del Museo del Desembarco, sobre la Cuesta del Indio.<\/div>\n<p><!--more--><\/p>\n<p>En su momento, el titular de la Secretar\u00eda de Planeamiento Urbano, el arquitecto Enrique Calvo, hab\u00eda anunciado que se iniciar\u00edan las reparaciones inmediatamente, levantando un murete de hormig\u00f3n, para resguardar la vereda y per\u00edmetro del Museo. En el d\u00eda de ayer comenzaron las tareas de contenci\u00f3n, construyendo los pilotes de hormig\u00f3n.<\/p>\n<p><strong>A la espera<\/strong><\/p>\n<p>El Museo se encuentra ubicado en el \u00e1rea de Punta Cuevas, cuyo \u201cPlan de Manejo\u201d fuera aprobado en 2014, aunque al d\u00eda de hoy no fue puesto en marcha; el mismo establece la delimitaci\u00f3n de \u00e1reas de uso, preservaci\u00f3n y un ordenamiento integral para evitar el deterioro de la zona donde, hace m\u00e1s de 150 a\u00f1os, desembarcaron por primera vez los primeros colonos galeses a bordo del velero \u201cMimosa\u201d.<br \/>\nDesde hace 12 a\u00f1os, el Museo es administrado por la Asociaci\u00f3n Punta Cuevas, tras firmar un comodato luego de la firma del comodato por 20 a\u00f1os con el Municipio de Puerto Madryn.<\/p>\n<div class=\"sharedaddy sd-sharing-enabled\">\n<div class=\"robots-nocontent sd-block sd-social sd-social-icon-text sd-sharing\">\n<p class=\"sd-title\">Fuente: El Diario de Madryn<\/p>\n<\/div>\n<\/div>\n","protected":false},"excerpt":{"rendered":"<p>Puerto Madryn.-En los primeros d\u00edas de este a\u00f1o, colaps\u00f3 parte de la estructura met\u00e1lica que sostiene la construcci\u00f3n del Museo [&hellip;]<\/p>\n","protected":false},"author":2,"featured_media":0,"comment_status":"closed","ping_status":"closed","sticky":false,"template":"","format":"standard","meta":{"site-sidebar-layout":"default","site-content-layout":"","ast-site-content-layout":"default","site-content-style":"default","site-sidebar-style":"default","ast-global-header-display":"","ast-banner-title-visibility":"","ast-main-header-display":"","ast-hfb-above-header-display":"","ast-hfb-below-header-display":"","ast-hfb-mobile-header-display":"","site-post-title":"","ast-breadcrumbs-content":"","ast-featured-img":"","footer-sml-layout":"","ast-disable-related-posts":"","theme-transparent-header-meta":"","adv-header-id-meta":"","stick-header-meta":"","header-above-stick-meta":"","header-main-stick-meta":"","header-below-stick-meta":"","astra-migrate-meta-layouts":"default","ast-page-background-enabled":"default","ast-page-background-meta":{"desktop":{"background-color":"var(--ast-global-color-5)","background-image":"","background-repeat":"repeat","background-position":"center center","background-size":"auto","background-attachment":"scroll","background-type":"","background-media":"","overlay-type":"","overlay-color":"","overlay-opacity":"","overlay-gradient":""},"tablet":{"background-color":"","background-image":"","background-repeat":"repeat","background-position":"center center","background-size":"auto","background-attachment":"scroll","background-type":"","background-media":"","overlay-type":"","overlay-color":"","overlay-opacity":"","overlay-gradient":""},"mobile":{"background-color":"","background-image":"","background-repeat":"repeat","background-position":"center center","background-size":"auto","background-attachment":"scroll","background-type":"","background-media":"","overlay-type":"","overlay-color":"","overlay-opacity":"","overlay-gradient":""}},"ast-content-background-meta":{"desktop":{"background-color":"var(--ast-global-color-4)","background-image":"","background-repeat":"repeat","background-position":"center center","background-size":"auto","background-attachment":"scroll","background-type":"","background-media":"","overlay-type":"","overlay-color":"","overlay-opacity":"","overlay-gradient":""},"tablet":{"background-color":"var(--ast-global-color-4)","background-image":"","background-repeat":"repeat","background-position":"center center","background-size":"auto","background-attachment":"scroll","background-type":"","background-media":"","overlay-type":"","overlay-color":"","overlay-opacity":"","overlay-gradient":""},"mobile":{"background-color":"var(--ast-global-color-4)","background-image":"","background-repeat":"repeat","background-position":"center center","background-size":"auto","background-attachment":"scroll","background-type":"","background-media":"","overlay-type":"","overlay-color":"","overlay-opacity":"","overlay-gradient":""}},"footnotes":""},"categories":[16],"tags":[],"class_list":["post-24459","post","type-post","status-publish","format-standard","hentry","category-municipales"],"yoast_head":"<!-- This site is optimized with the Yoast SEO Premium plugin v23.0 (Yoast SEO v27.4) - https:\/\/yoast.com\/product\/yoast-seo-premium-wordpress\/ -->\n<title>EN ENERO COLAPS\u00d3 PARTE DE LA ESTRUCTURA MET\u00c1LICA: Comenzaron las tareas de contenci\u00f3n en el Museo del Desembarco<\/title>\n<meta name=\"robots\" content=\"index, follow, max-snippet:-1, max-image-preview:large, max-video-preview:-1\" \/>\n<link rel=\"canonical\" href=\"https:\/\/patagoniambiental.com.ar\/info\/en-enero-colapso-parte-de-la-estructura-metalica-comenzaron-las-tareas-de-contencion-en-el-museo-del-desembarco\/\" \/>\n<meta property=\"og:locale\" content=\"es_ES\" \/>\n<meta property=\"og:type\" content=\"article\" \/>\n<meta property=\"og:title\" content=\"EN ENERO COLAPS\u00d3 PARTE DE LA ESTRUCTURA MET\u00c1LICA: Comenzaron las tareas de contenci\u00f3n en el Museo del Desembarco\" \/>\n<meta property=\"og:description\" content=\"Puerto Madryn.-En los primeros d\u00edas de este a\u00f1o, colaps\u00f3 parte de la estructura met\u00e1lica que sostiene la construcci\u00f3n del Museo [&hellip;]\" \/>\n<meta property=\"og:url\" content=\"https:\/\/patagoniambiental.com.ar\/info\/en-enero-colapso-parte-de-la-estructura-metalica-comenzaron-las-tareas-de-contencion-en-el-museo-del-desembarco\/\" \/>\n<meta property=\"og:site_name\" content=\"Patagonia Ambiental\" \/>\n<meta property=\"article:publisher\" content=\"https:\/\/www.facebook.com\/patagonia.ambiental\" \/>\n<meta property=\"article:author\" content=\"https:\/\/www.facebook.com\/share\/1C1V8Gv9BX\/?mibextid=qi2Omg\" \/>\n<meta property=\"article:published_time\" content=\"2017-02-02T22:00:34+00:00\" \/>\n<meta property=\"og:image\" content=\"https:\/\/patagoniambiental.com.ar\/info\/wp-content\/uploads\/2017\/02\/museo.jpg\" \/>\n\t<meta property=\"og:image:width\" content=\"400\" \/>\n\t<meta property=\"og:image:height\" content=\"225\" \/>\n\t<meta property=\"og:image:type\" content=\"image\/jpeg\" \/>\n<meta name=\"author\" content=\"Patagonia Ambiental\" \/>\n<meta name=\"twitter:card\" content=\"summary_large_image\" \/>\n<meta name=\"twitter:creator\" content=\"@PatAmb\" \/>\n<meta name=\"twitter:site\" content=\"@PatAmb\" \/>\n<script type=\"application\/ld+json\" class=\"yoast-schema-graph\">{\"@context\":\"https:\\\/\\\/schema.org\",\"@graph\":[{\"@type\":\"Article\",\"@id\":\"https:\\\/\\\/patagoniambiental.com.ar\\\/info\\\/en-enero-colapso-parte-de-la-estructura-metalica-comenzaron-las-tareas-de-contencion-en-el-museo-del-desembarco\\\/#article\",\"isPartOf\":{\"@id\":\"https:\\\/\\\/patagoniambiental.com.ar\\\/info\\\/en-enero-colapso-parte-de-la-estructura-metalica-comenzaron-las-tareas-de-contencion-en-el-museo-del-desembarco\\\/\"},\"author\":{\"name\":\"Patagonia Ambiental\",\"@id\":\"https:\\\/\\\/patagoniambiental.com.ar\\\/info\\\/#\\\/schema\\\/person\\\/db12bff64bbcbf6a253710bf0ea37b5d\"},\"headline\":\"EN ENERO COLAPS\u00d3 PARTE DE LA ESTRUCTURA MET\u00c1LICA: Comenzaron las tareas de contenci\u00f3n en el Museo del Desembarco\",\"datePublished\":\"2017-02-02T22:00:34+00:00\",\"mainEntityOfPage\":{\"@id\":\"https:\\\/\\\/patagoniambiental.com.ar\\\/info\\\/en-enero-colapso-parte-de-la-estructura-metalica-comenzaron-las-tareas-de-contencion-en-el-museo-del-desembarco\\\/\"},\"wordCount\":224,\"publisher\":{\"@id\":\"https:\\\/\\\/patagoniambiental.com.ar\\\/info\\\/#organization\"},\"articleSection\":[\"Municipales\"],\"inLanguage\":\"es\"},{\"@type\":\"WebPage\",\"@id\":\"https:\\\/\\\/patagoniambiental.com.ar\\\/info\\\/en-enero-colapso-parte-de-la-estructura-metalica-comenzaron-las-tareas-de-contencion-en-el-museo-del-desembarco\\\/\",\"url\":\"https:\\\/\\\/patagoniambiental.com.ar\\\/info\\\/en-enero-colapso-parte-de-la-estructura-metalica-comenzaron-las-tareas-de-contencion-en-el-museo-del-desembarco\\\/\",\"name\":\"EN ENERO COLAPS\u00d3 PARTE DE LA ESTRUCTURA MET\u00c1LICA: Comenzaron las tareas de contenci\u00f3n en el Museo del Desembarco\",\"isPartOf\":{\"@id\":\"https:\\\/\\\/patagoniambiental.com.ar\\\/info\\\/#website\"},\"datePublished\":\"2017-02-02T22:00:34+00:00\",\"breadcrumb\":{\"@id\":\"https:\\\/\\\/patagoniambiental.com.ar\\\/info\\\/en-enero-colapso-parte-de-la-estructura-metalica-comenzaron-las-tareas-de-contencion-en-el-museo-del-desembarco\\\/#breadcrumb\"},\"inLanguage\":\"es\",\"potentialAction\":[{\"@type\":\"ReadAction\",\"target\":[\"https:\\\/\\\/patagoniambiental.com.ar\\\/info\\\/en-enero-colapso-parte-de-la-estructura-metalica-comenzaron-las-tareas-de-contencion-en-el-museo-del-desembarco\\\/\"]}]},{\"@type\":\"BreadcrumbList\",\"@id\":\"https:\\\/\\\/patagoniambiental.com.ar\\\/info\\\/en-enero-colapso-parte-de-la-estructura-metalica-comenzaron-las-tareas-de-contencion-en-el-museo-del-desembarco\\\/#breadcrumb\",\"itemListElement\":[{\"@type\":\"ListItem\",\"position\":1,\"name\":\"Inicio\",\"item\":\"https:\\\/\\\/patagoniambiental.com.ar\\\/info\\\/\"},{\"@type\":\"ListItem\",\"position\":2,\"name\":\"EN ENERO COLAPS\u00d3 PARTE DE LA ESTRUCTURA MET\u00c1LICA: Comenzaron las tareas de contenci\u00f3n en el Museo del Desembarco\"}]},{\"@type\":\"WebSite\",\"@id\":\"https:\\\/\\\/patagoniambiental.com.ar\\\/info\\\/#website\",\"url\":\"https:\\\/\\\/patagoniambiental.com.ar\\\/info\\\/\",\"name\":\"Patagonia Ambiental\",\"description\":\"Monitoreo y an\u00e1lisis de la situaci\u00f3n geopol\u00edtica en el mundo y su implicancia en la Patagonia\",\"publisher\":{\"@id\":\"https:\\\/\\\/patagoniambiental.com.ar\\\/info\\\/#organization\"},\"potentialAction\":[{\"@type\":\"SearchAction\",\"target\":{\"@type\":\"EntryPoint\",\"urlTemplate\":\"https:\\\/\\\/patagoniambiental.com.ar\\\/info\\\/?s={search_term_string}\"},\"query-input\":{\"@type\":\"PropertyValueSpecification\",\"valueRequired\":true,\"valueName\":\"search_term_string\"}}],\"inLanguage\":\"es\"},{\"@type\":\"Organization\",\"@id\":\"https:\\\/\\\/patagoniambiental.com.ar\\\/info\\\/#organization\",\"name\":\"Patagonia Ambiental\",\"url\":\"https:\\\/\\\/patagoniambiental.com.ar\\\/info\\\/\",\"logo\":{\"@type\":\"ImageObject\",\"inLanguage\":\"es\",\"@id\":\"https:\\\/\\\/patagoniambiental.com.ar\\\/info\\\/#\\\/schema\\\/logo\\\/image\\\/\",\"url\":\"https:\\\/\\\/patagoniambiental.com.ar\\\/info\\\/wp-content\\\/uploads\\\/2025\\\/05\\\/LOGO-PATAGONIA-AMBIENTAL.png\",\"contentUrl\":\"https:\\\/\\\/patagoniambiental.com.ar\\\/info\\\/wp-content\\\/uploads\\\/2025\\\/05\\\/LOGO-PATAGONIA-AMBIENTAL.png\",\"width\":433,\"height\":250,\"caption\":\"Patagonia Ambiental\"},\"image\":{\"@id\":\"https:\\\/\\\/patagoniambiental.com.ar\\\/info\\\/#\\\/schema\\\/logo\\\/image\\\/\"},\"sameAs\":[\"https:\\\/\\\/www.facebook.com\\\/patagonia.ambiental\",\"https:\\\/\\\/x.com\\\/PatAmb\"]},{\"@type\":\"Person\",\"@id\":\"https:\\\/\\\/patagoniambiental.com.ar\\\/info\\\/#\\\/schema\\\/person\\\/db12bff64bbcbf6a253710bf0ea37b5d\",\"name\":\"Patagonia Ambiental\",\"description\":\"Andr\u00e9s Nievas T\u00e9cnico en manejo ambiental, consultor Ambiental y escritor para medios locales e internacionales sobre temas de geopolitica y medio ambiente.\",\"sameAs\":[\"http:\\\/\\\/www.patagoniambiental.com.ar\",\"https:\\\/\\\/www.facebook.com\\\/share\\\/1C1V8Gv9BX\\\/?mibextid=qi2Omg\",\"@patagoniambiental\",\"https:\\\/\\\/youtube.com\\\/@patagoniaambiental2023?si=BLt58t0wuXquxlYZ\"]}]}<\/script>\n<!-- \/ Yoast SEO Premium plugin. -->","yoast_head_json":{"title":"EN ENERO COLAPS\u00d3 PARTE DE LA ESTRUCTURA MET\u00c1LICA: Comenzaron las tareas de contenci\u00f3n en el Museo del Desembarco","robots":{"index":"index","follow":"follow","max-snippet":"max-snippet:-1","max-image-preview":"max-image-preview:large","max-video-preview":"max-video-preview:-1"},"canonical":"https:\/\/patagoniambiental.com.ar\/info\/en-enero-colapso-parte-de-la-estructura-metalica-comenzaron-las-tareas-de-contencion-en-el-museo-del-desembarco\/","og_locale":"es_ES","og_type":"article","og_title":"EN ENERO COLAPS\u00d3 PARTE DE LA ESTRUCTURA MET\u00c1LICA: Comenzaron las tareas de contenci\u00f3n en el Museo del Desembarco","og_description":"Puerto Madryn.-En los primeros d\u00edas de este a\u00f1o, colaps\u00f3 parte de la estructura met\u00e1lica que sostiene la construcci\u00f3n del Museo [&hellip;]","og_url":"https:\/\/patagoniambiental.com.ar\/info\/en-enero-colapso-parte-de-la-estructura-metalica-comenzaron-las-tareas-de-contencion-en-el-museo-del-desembarco\/","og_site_name":"Patagonia Ambiental","article_publisher":"https:\/\/www.facebook.com\/patagonia.ambiental","article_author":"https:\/\/www.facebook.com\/share\/1C1V8Gv9BX\/?mibextid=qi2Omg","article_published_time":"2017-02-02T22:00:34+00:00","og_image":[{"width":400,"height":225,"url":"https:\/\/patagoniambiental.com.ar\/info\/wp-content\/uploads\/2017\/02\/museo.jpg","type":"image\/jpeg"}],"author":"Patagonia Ambiental","twitter_card":"summary_large_image","twitter_creator":"@PatAmb","twitter_site":"@PatAmb","schema":{"@context":"https:\/\/schema.org","@graph":[{"@type":"Article","@id":"https:\/\/patagoniambiental.com.ar\/info\/en-enero-colapso-parte-de-la-estructura-metalica-comenzaron-las-tareas-de-contencion-en-el-museo-del-desembarco\/#article","isPartOf":{"@id":"https:\/\/patagoniambiental.com.ar\/info\/en-enero-colapso-parte-de-la-estructura-metalica-comenzaron-las-tareas-de-contencion-en-el-museo-del-desembarco\/"},"author":{"name":"Patagonia Ambiental","@id":"https:\/\/patagoniambiental.com.ar\/info\/#\/schema\/person\/db12bff64bbcbf6a253710bf0ea37b5d"},"headline":"EN ENERO COLAPS\u00d3 PARTE DE LA ESTRUCTURA MET\u00c1LICA: Comenzaron las tareas de contenci\u00f3n en el Museo del Desembarco","datePublished":"2017-02-02T22:00:34+00:00","mainEntityOfPage":{"@id":"https:\/\/patagoniambiental.com.ar\/info\/en-enero-colapso-parte-de-la-estructura-metalica-comenzaron-las-tareas-de-contencion-en-el-museo-del-desembarco\/"},"wordCount":224,"publisher":{"@id":"https:\/\/patagoniambiental.com.ar\/info\/#organization"},"articleSection":["Municipales"],"inLanguage":"es"},{"@type":"WebPage","@id":"https:\/\/patagoniambiental.com.ar\/info\/en-enero-colapso-parte-de-la-estructura-metalica-comenzaron-las-tareas-de-contencion-en-el-museo-del-desembarco\/","url":"https:\/\/patagoniambiental.com.ar\/info\/en-enero-colapso-parte-de-la-estructura-metalica-comenzaron-las-tareas-de-contencion-en-el-museo-del-desembarco\/","name":"EN ENERO COLAPS\u00d3 PARTE DE LA ESTRUCTURA MET\u00c1LICA: Comenzaron las tareas de contenci\u00f3n en el Museo del Desembarco","isPartOf":{"@id":"https:\/\/patagoniambiental.com.ar\/info\/#website"},"datePublished":"2017-02-02T22:00:34+00:00","breadcrumb":{"@id":"https:\/\/patagoniambiental.com.ar\/info\/en-enero-colapso-parte-de-la-estructura-metalica-comenzaron-las-tareas-de-contencion-en-el-museo-del-desembarco\/#breadcrumb"},"inLanguage":"es","potentialAction":[{"@type":"ReadAction","target":["https:\/\/patagoniambiental.com.ar\/info\/en-enero-colapso-parte-de-la-estructura-metalica-comenzaron-las-tareas-de-contencion-en-el-museo-del-desembarco\/"]}]},{"@type":"BreadcrumbList","@id":"https:\/\/patagoniambiental.com.ar\/info\/en-enero-colapso-parte-de-la-estructura-metalica-comenzaron-las-tareas-de-contencion-en-el-museo-del-desembarco\/#breadcrumb","itemListElement":[{"@type":"ListItem","position":1,"name":"Inicio","item":"https:\/\/patagoniambiental.com.ar\/info\/"},{"@type":"ListItem","position":2,"name":"EN ENERO COLAPS\u00d3 PARTE DE LA ESTRUCTURA MET\u00c1LICA: Comenzaron las tareas de contenci\u00f3n en el Museo del Desembarco"}]},{"@type":"WebSite","@id":"https:\/\/patagoniambiental.com.ar\/info\/#website","url":"https:\/\/patagoniambiental.com.ar\/info\/","name":"Patagonia Ambiental","description":"Monitoreo y an\u00e1lisis de la situaci\u00f3n geopol\u00edtica en el mundo y su implicancia en la Patagonia","publisher":{"@id":"https:\/\/patagoniambiental.com.ar\/info\/#organization"},"potentialAction":[{"@type":"SearchAction","target":{"@type":"EntryPoint","urlTemplate":"https:\/\/patagoniambiental.com.ar\/info\/?s={search_term_string}"},"query-input":{"@type":"PropertyValueSpecification","valueRequired":true,"valueName":"search_term_string"}}],"inLanguage":"es"},{"@type":"Organization","@id":"https:\/\/patagoniambiental.com.ar\/info\/#organization","name":"Patagonia Ambiental","url":"https:\/\/patagoniambiental.com.ar\/info\/","logo":{"@type":"ImageObject","inLanguage":"es","@id":"https:\/\/patagoniambiental.com.ar\/info\/#\/schema\/logo\/image\/","url":"https:\/\/patagoniambiental.com.ar\/info\/wp-content\/uploads\/2025\/05\/LOGO-PATAGONIA-AMBIENTAL.png","contentUrl":"https:\/\/patagoniambiental.com.ar\/info\/wp-content\/uploads\/2025\/05\/LOGO-PATAGONIA-AMBIENTAL.png","width":433,"height":250,"caption":"Patagonia Ambiental"},"image":{"@id":"https:\/\/patagoniambiental.com.ar\/info\/#\/schema\/logo\/image\/"},"sameAs":["https:\/\/www.facebook.com\/patagonia.ambiental","https:\/\/x.com\/PatAmb"]},{"@type":"Person","@id":"https:\/\/patagoniambiental.com.ar\/info\/#\/schema\/person\/db12bff64bbcbf6a253710bf0ea37b5d","name":"Patagonia Ambiental","description":"Andr\u00e9s Nievas T\u00e9cnico en manejo ambiental, consultor Ambiental y escritor para medios locales e internacionales sobre temas de geopolitica y medio ambiente.","sameAs":["http:\/\/www.patagoniambiental.com.ar","https:\/\/www.facebook.com\/share\/1C1V8Gv9BX\/?mibextid=qi2Omg","@patagoniambiental","https:\/\/youtube.com\/@patagoniaambiental2023?si=BLt58t0wuXquxlYZ"]}]}},"_links":{"self":[{"href":"https:\/\/patagoniambiental.com.ar\/info\/wp-json\/wp\/v2\/posts\/24459","targetHints":{"allow":["GET"]}}],"collection":[{"href":"https:\/\/patagoniambiental.com.ar\/info\/wp-json\/wp\/v2\/posts"}],"about":[{"href":"https:\/\/patagoniambiental.com.ar\/info\/wp-json\/wp\/v2\/types\/post"}],"author":[{"embeddable":true,"href":"https:\/\/patagoniambiental.com.ar\/info\/wp-json\/wp\/v2\/users\/2"}],"replies":[{"embeddable":true,"href":"https:\/\/patagoniambiental.com.ar\/info\/wp-json\/wp\/v2\/comments?post=24459"}],"version-history":[{"count":0,"href":"https:\/\/patagoniambiental.com.ar\/info\/wp-json\/wp\/v2\/posts\/24459\/revisions"}],"wp:attachment":[{"href":"https:\/\/patagoniambiental.com.ar\/info\/wp-json\/wp\/v2\/media?parent=24459"}],"wp:term":[{"taxonomy":"category","embeddable":true,"href":"https:\/\/patagoniambiental.com.ar\/info\/wp-json\/wp\/v2\/categories?post=24459"},{"taxonomy":"post_tag","embeddable":true,"href":"https:\/\/patagoniambiental.com.ar\/info\/wp-json\/wp\/v2\/tags?post=24459"}],"curies":[{"name":"wp","href":"https:\/\/api.w.org\/{rel}","templated":true}]}}