{"id":24466,"date":"2017-02-02T19:00:52","date_gmt":"2017-02-02T22:00:52","guid":{"rendered":"http:\/\/patagoniambiental.com.ar\/?p=24466"},"modified":"2017-02-02T19:00:52","modified_gmt":"2017-02-02T22:00:52","slug":"dirigentes-barriales-colaboraron-con-la-iniciativa-el-programa-trelew-limpio-llegara-a-todos-los-barrios","status":"publish","type":"post","link":"https:\/\/patagoniambiental.com.ar\/info\/dirigentes-barriales-colaboraron-con-la-iniciativa-el-programa-trelew-limpio-llegara-a-todos-los-barrios\/","title":{"rendered":"DIRIGENTES BARRIALES COLABORARON CON LA INICIATIVA: El programa \u201cTrelew limpio\u201d llegar\u00e1 a todos los barrios"},"content":{"rendered":"<div class=\"Nota_volanta\">Trelew.-Con la organizaci\u00f3n de la Municipalidad de Trelew, comenz\u00f3 el programa de limpieza integral \u201cTrelew limpio. Mejor, entre todos\u201d, a cargo de personal municipal, integrantes de ocho cooperativas y dirigentes barriales junto a maquinarias de la C\u00e1mara Argentina de la Construcci\u00f3n.<\/div>\n<p><!--more--><\/p>\n<p>Hasta este viernes se estar\u00e1 trabajando en la limpieza integral en inmediaciones al Aeropuerto viejo, a lo largo de la avenida La Plata, en el acceso a Ruta 3 y 25 (frente a GIRSU), en el acceso Salvador Allende (frente a Volkswagen), en el acceso intercambiador (Comodoro Rivadavia-Rawson), en el ingreso por Eva Per\u00f3n e Yrigoyen, y avenida Libertadores (ruta 25).<\/p>\n<p><strong>El aporte de los dirigentes barriales<\/strong><\/p>\n<p>A las tareas que se concretaron durante este mi\u00e9rcoles se sum\u00f3 personal de la Coordinaci\u00f3n de Asociaciones Vecinales. La responsable del \u00e1rea Teresita Mackenzie manifest\u00f3 que \u201cestamos colaborando para tener una ciudad m\u00e1s limpia, trabajando con varias vecinales como Moreira, INTA, Norte, Etchepare, etc.\u201d.<br \/>\nMackenzie afirm\u00f3 que la semana que viene ya se dispondr\u00e1 de un cronograma de trabajo barrial. A la vez que efectu\u00f3 un pedido especial a los vecinos, \u201cpara que colaboren con la limpieza, porque no es que no se trabaja para mantener la ciudad en condiciones, se lo hace a diario, pero necesitamos del aporte de todos para mantener la limpieza. Tiene que haber responsabilidad, porque esto no pasa solamente por el municipio, por eso los vecinos que quieran colaborar ser\u00e1n bienvenidos\u201d.<\/p>\n<p><strong>La suma de las cooperativas<\/strong><\/p>\n<p>Por su parte, los integrantes de las cooperativas que se sumaron al proyecto \u201cTrelew limpio. Mejor, entre todos\u201d destacaron el acompa\u00f1amiento permanente del gobierno municipal.<br \/>\nAdri\u00e1n Casetti, presidente de la Cooperativa \u201cLa Reconstructora\u201d, se mostr\u00f3 satisfecho de haberse sumado al plan de limpieza intensiva, que lanz\u00f3 la Municipalidad de Trelew. En sus declaraciones Casetti agradeci\u00f3 al intendente Adri\u00e1n Maderna \u201cporque nos dio la oportunidad de tener un trabajo, pudimos ir comprando herramientas. Estamos contentos por esta alternativa\u201d.<br \/>\nAdem\u00e1s, se\u00f1al\u00f3 que la entidad comenz\u00f3 a conformarse \u201chace cuatro meses, en base a sacrificio, con mi esposa y unos compa\u00f1eros, hacemos trabajos de limpieza y de construcci\u00f3n\u201d.<\/p>\n<p><strong>\u201cMunicipio de puertas abiertas\u201d<\/strong><\/p>\n<p>A su vez, el presidente de la Cooperativa \u201cEsperanza Juvenil\u201d, Lucas Gonz\u00e1lez, se\u00f1al\u00f3 que \u201cnos abocamos a los trabajos en la zona norte de la ciudad, en inmediaciones de la Planta de Separaci\u00f3n y Transferencia y el Relleno Sanitario del Sistema de Gesti\u00f3n Integral de Residuos S\u00f3lidos Urbanos (GIRSU), por convocatoria del intendente Maderna y, con esta posibilidad estamos trabajando\u201d.<br \/>\nGonz\u00e1lez manifest\u00f3 que \u201cpara nosotros, es una oportunidad de ganar dignamente nuestro dinero y adem\u00e1s colaborar con la ciudad y ayudar a generar conciencia sobre conservar la limpieza\u201d, y destac\u00f3 adem\u00e1s que \u201cvaloramos que este municipio sea de puertas abiertas, que integre a la comunidad y le de una posibilidad a los j\u00f3venes de trabajar\u201d.<br \/>\n\u201cEsperanza Juvenil\u201d est\u00e1 conformada por aproximadamente 50 j\u00f3venes, que en su mayor\u00eda est\u00e1n estudiando \u201cnos dedicamos a hacer trabajos de limpieza y alba\u00f1iler\u00eda\u201d finaliz\u00f3 Gonz\u00e1lez.<\/p>\n<div class=\"sharedaddy sd-sharing-enabled\">\n<div class=\"robots-nocontent sd-block sd-social sd-social-icon-text sd-sharing\">\n<p class=\"sd-title\">Fuente: El Diario de Madryn<\/p>\n<\/div>\n<\/div>\n","protected":false},"excerpt":{"rendered":"<p>Trelew.-Con la organizaci\u00f3n de la Municipalidad de Trelew, comenz\u00f3 el programa de limpieza integral \u201cTrelew limpio. Mejor, entre todos\u201d, a [&hellip;]<\/p>\n","protected":false},"author":2,"featured_media":0,"comment_status":"closed","ping_status":"closed","sticky":false,"template":"","format":"standard","meta":{"site-sidebar-layout":"default","site-content-layout":"","ast-site-content-layout":"default","site-content-style":"default","site-sidebar-style":"default","ast-global-header-display":"","ast-banner-title-visibility":"","ast-main-header-display":"","ast-hfb-above-header-display":"","ast-hfb-below-header-display":"","ast-hfb-mobile-header-display":"","site-post-title":"","ast-breadcrumbs-content":"","ast-featured-img":"","footer-sml-layout":"","ast-disable-related-posts":"","theme-transparent-header-meta":"","adv-header-id-meta":"","stick-header-meta":"","header-above-stick-meta":"","header-main-stick-meta":"","header-below-stick-meta":"","astra-migrate-meta-layouts":"default","ast-page-background-enabled":"default","ast-page-background-meta":{"desktop":{"background-color":"var(--ast-global-color-5)","background-image":"","background-repeat":"repeat","background-position":"center center","background-size":"auto","background-attachment":"scroll","background-type":"","background-media":"","overlay-type":"","overlay-color":"","overlay-opacity":"","overlay-gradient":""},"tablet":{"background-color":"","background-image":"","background-repeat":"repeat","background-position":"center center","background-size":"auto","background-attachment":"scroll","background-type":"","background-media":"","overlay-type":"","overlay-color":"","overlay-opacity":"","overlay-gradient":""},"mobile":{"background-color":"","background-image":"","background-repeat":"repeat","background-position":"center center","background-size":"auto","background-attachment":"scroll","background-type":"","background-media":"","overlay-type":"","overlay-color":"","overlay-opacity":"","overlay-gradient":""}},"ast-content-background-meta":{"desktop":{"background-color":"var(--ast-global-color-4)","background-image":"","background-repeat":"repeat","background-position":"center center","background-size":"auto","background-attachment":"scroll","background-type":"","background-media":"","overlay-type":"","overlay-color":"","overlay-opacity":"","overlay-gradient":""},"tablet":{"background-color":"var(--ast-global-color-4)","background-image":"","background-repeat":"repeat","background-position":"center center","background-size":"auto","background-attachment":"scroll","background-type":"","background-media":"","overlay-type":"","overlay-color":"","overlay-opacity":"","overlay-gradient":""},"mobile":{"background-color":"var(--ast-global-color-4)","background-image":"","background-repeat":"repeat","background-position":"center center","background-size":"auto","background-attachment":"scroll","background-type":"","background-media":"","overlay-type":"","overlay-color":"","overlay-opacity":"","overlay-gradient":""}},"footnotes":""},"categories":[16],"tags":[],"class_list":["post-24466","post","type-post","status-publish","format-standard","hentry","category-municipales"],"yoast_head":"<!-- This site is optimized with the Yoast SEO Premium plugin v23.0 (Yoast SEO v27.4) - https:\/\/yoast.com\/product\/yoast-seo-premium-wordpress\/ -->\n<title>DIRIGENTES BARRIALES COLABORARON CON LA INICIATIVA: El programa \u201cTrelew limpio\u201d llegar\u00e1 a todos los barrios<\/title>\n<meta name=\"robots\" content=\"index, follow, max-snippet:-1, max-image-preview:large, max-video-preview:-1\" \/>\n<link rel=\"canonical\" href=\"https:\/\/patagoniambiental.com.ar\/info\/dirigentes-barriales-colaboraron-con-la-iniciativa-el-programa-trelew-limpio-llegara-a-todos-los-barrios\/\" \/>\n<meta property=\"og:locale\" content=\"es_ES\" \/>\n<meta property=\"og:type\" content=\"article\" \/>\n<meta property=\"og:title\" content=\"DIRIGENTES BARRIALES COLABORARON CON LA INICIATIVA: El programa \u201cTrelew limpio\u201d llegar\u00e1 a todos los barrios\" \/>\n<meta property=\"og:description\" content=\"Trelew.-Con la organizaci\u00f3n de la Municipalidad de Trelew, comenz\u00f3 el programa de limpieza integral \u201cTrelew limpio. Mejor, entre todos\u201d, a [&hellip;]\" \/>\n<meta property=\"og:url\" content=\"https:\/\/patagoniambiental.com.ar\/info\/dirigentes-barriales-colaboraron-con-la-iniciativa-el-programa-trelew-limpio-llegara-a-todos-los-barrios\/\" \/>\n<meta property=\"og:site_name\" content=\"Patagonia Ambiental\" \/>\n<meta property=\"article:publisher\" content=\"https:\/\/www.facebook.com\/patagonia.ambiental\" \/>\n<meta property=\"article:author\" content=\"https:\/\/www.facebook.com\/share\/1C1V8Gv9BX\/?mibextid=qi2Omg\" \/>\n<meta property=\"article:published_time\" content=\"2017-02-02T22:00:52+00:00\" \/>\n<meta property=\"og:image\" content=\"https:\/\/patagoniambiental.com.ar\/info\/wp-content\/uploads\/2017\/02\/trelew-limpio-en-los-barrios-1.jpg\" \/>\n\t<meta property=\"og:image:width\" content=\"400\" \/>\n\t<meta property=\"og:image:height\" content=\"225\" \/>\n\t<meta property=\"og:image:type\" content=\"image\/jpeg\" \/>\n<meta name=\"author\" content=\"Patagonia Ambiental\" \/>\n<meta name=\"twitter:card\" content=\"summary_large_image\" \/>\n<meta name=\"twitter:creator\" content=\"@PatAmb\" \/>\n<meta name=\"twitter:site\" content=\"@PatAmb\" \/>\n<script type=\"application\/ld+json\" class=\"yoast-schema-graph\">{\"@context\":\"https:\\\/\\\/schema.org\",\"@graph\":[{\"@type\":\"Article\",\"@id\":\"https:\\\/\\\/patagoniambiental.com.ar\\\/info\\\/dirigentes-barriales-colaboraron-con-la-iniciativa-el-programa-trelew-limpio-llegara-a-todos-los-barrios\\\/#article\",\"isPartOf\":{\"@id\":\"https:\\\/\\\/patagoniambiental.com.ar\\\/info\\\/dirigentes-barriales-colaboraron-con-la-iniciativa-el-programa-trelew-limpio-llegara-a-todos-los-barrios\\\/\"},\"author\":{\"name\":\"Patagonia Ambiental\",\"@id\":\"https:\\\/\\\/patagoniambiental.com.ar\\\/info\\\/#\\\/schema\\\/person\\\/db12bff64bbcbf6a253710bf0ea37b5d\"},\"headline\":\"DIRIGENTES BARRIALES COLABORARON CON LA INICIATIVA: El programa \u201cTrelew limpio\u201d llegar\u00e1 a todos los barrios\",\"datePublished\":\"2017-02-02T22:00:52+00:00\",\"mainEntityOfPage\":{\"@id\":\"https:\\\/\\\/patagoniambiental.com.ar\\\/info\\\/dirigentes-barriales-colaboraron-con-la-iniciativa-el-programa-trelew-limpio-llegara-a-todos-los-barrios\\\/\"},\"wordCount\":535,\"publisher\":{\"@id\":\"https:\\\/\\\/patagoniambiental.com.ar\\\/info\\\/#organization\"},\"articleSection\":[\"Municipales\"],\"inLanguage\":\"es\"},{\"@type\":\"WebPage\",\"@id\":\"https:\\\/\\\/patagoniambiental.com.ar\\\/info\\\/dirigentes-barriales-colaboraron-con-la-iniciativa-el-programa-trelew-limpio-llegara-a-todos-los-barrios\\\/\",\"url\":\"https:\\\/\\\/patagoniambiental.com.ar\\\/info\\\/dirigentes-barriales-colaboraron-con-la-iniciativa-el-programa-trelew-limpio-llegara-a-todos-los-barrios\\\/\",\"name\":\"DIRIGENTES BARRIALES COLABORARON CON LA INICIATIVA: El programa \u201cTrelew limpio\u201d llegar\u00e1 a todos los barrios\",\"isPartOf\":{\"@id\":\"https:\\\/\\\/patagoniambiental.com.ar\\\/info\\\/#website\"},\"datePublished\":\"2017-02-02T22:00:52+00:00\",\"breadcrumb\":{\"@id\":\"https:\\\/\\\/patagoniambiental.com.ar\\\/info\\\/dirigentes-barriales-colaboraron-con-la-iniciativa-el-programa-trelew-limpio-llegara-a-todos-los-barrios\\\/#breadcrumb\"},\"inLanguage\":\"es\",\"potentialAction\":[{\"@type\":\"ReadAction\",\"target\":[\"https:\\\/\\\/patagoniambiental.com.ar\\\/info\\\/dirigentes-barriales-colaboraron-con-la-iniciativa-el-programa-trelew-limpio-llegara-a-todos-los-barrios\\\/\"]}]},{\"@type\":\"BreadcrumbList\",\"@id\":\"https:\\\/\\\/patagoniambiental.com.ar\\\/info\\\/dirigentes-barriales-colaboraron-con-la-iniciativa-el-programa-trelew-limpio-llegara-a-todos-los-barrios\\\/#breadcrumb\",\"itemListElement\":[{\"@type\":\"ListItem\",\"position\":1,\"name\":\"Inicio\",\"item\":\"https:\\\/\\\/patagoniambiental.com.ar\\\/info\\\/\"},{\"@type\":\"ListItem\",\"position\":2,\"name\":\"DIRIGENTES BARRIALES COLABORARON CON LA INICIATIVA: El programa \u201cTrelew limpio\u201d llegar\u00e1 a todos los barrios\"}]},{\"@type\":\"WebSite\",\"@id\":\"https:\\\/\\\/patagoniambiental.com.ar\\\/info\\\/#website\",\"url\":\"https:\\\/\\\/patagoniambiental.com.ar\\\/info\\\/\",\"name\":\"Patagonia Ambiental\",\"description\":\"Monitoreo y an\u00e1lisis de la situaci\u00f3n geopol\u00edtica en el mundo y su implicancia en la Patagonia\",\"publisher\":{\"@id\":\"https:\\\/\\\/patagoniambiental.com.ar\\\/info\\\/#organization\"},\"potentialAction\":[{\"@type\":\"SearchAction\",\"target\":{\"@type\":\"EntryPoint\",\"urlTemplate\":\"https:\\\/\\\/patagoniambiental.com.ar\\\/info\\\/?s={search_term_string}\"},\"query-input\":{\"@type\":\"PropertyValueSpecification\",\"valueRequired\":true,\"valueName\":\"search_term_string\"}}],\"inLanguage\":\"es\"},{\"@type\":\"Organization\",\"@id\":\"https:\\\/\\\/patagoniambiental.com.ar\\\/info\\\/#organization\",\"name\":\"Patagonia Ambiental\",\"url\":\"https:\\\/\\\/patagoniambiental.com.ar\\\/info\\\/\",\"logo\":{\"@type\":\"ImageObject\",\"inLanguage\":\"es\",\"@id\":\"https:\\\/\\\/patagoniambiental.com.ar\\\/info\\\/#\\\/schema\\\/logo\\\/image\\\/\",\"url\":\"https:\\\/\\\/patagoniambiental.com.ar\\\/info\\\/wp-content\\\/uploads\\\/2025\\\/05\\\/LOGO-PATAGONIA-AMBIENTAL.png\",\"contentUrl\":\"https:\\\/\\\/patagoniambiental.com.ar\\\/info\\\/wp-content\\\/uploads\\\/2025\\\/05\\\/LOGO-PATAGONIA-AMBIENTAL.png\",\"width\":433,\"height\":250,\"caption\":\"Patagonia Ambiental\"},\"image\":{\"@id\":\"https:\\\/\\\/patagoniambiental.com.ar\\\/info\\\/#\\\/schema\\\/logo\\\/image\\\/\"},\"sameAs\":[\"https:\\\/\\\/www.facebook.com\\\/patagonia.ambiental\",\"https:\\\/\\\/x.com\\\/PatAmb\"]},{\"@type\":\"Person\",\"@id\":\"https:\\\/\\\/patagoniambiental.com.ar\\\/info\\\/#\\\/schema\\\/person\\\/db12bff64bbcbf6a253710bf0ea37b5d\",\"name\":\"Patagonia Ambiental\",\"description\":\"Andr\u00e9s Nievas T\u00e9cnico en manejo ambiental, consultor Ambiental y escritor para medios locales e internacionales sobre temas de geopolitica y medio ambiente.\",\"sameAs\":[\"http:\\\/\\\/www.patagoniambiental.com.ar\",\"https:\\\/\\\/www.facebook.com\\\/share\\\/1C1V8Gv9BX\\\/?mibextid=qi2Omg\",\"@patagoniambiental\",\"https:\\\/\\\/youtube.com\\\/@patagoniaambiental2023?si=BLt58t0wuXquxlYZ\"]}]}<\/script>\n<!-- \/ Yoast SEO Premium plugin. -->","yoast_head_json":{"title":"DIRIGENTES BARRIALES COLABORARON CON LA INICIATIVA: El programa \u201cTrelew limpio\u201d llegar\u00e1 a todos los barrios","robots":{"index":"index","follow":"follow","max-snippet":"max-snippet:-1","max-image-preview":"max-image-preview:large","max-video-preview":"max-video-preview:-1"},"canonical":"https:\/\/patagoniambiental.com.ar\/info\/dirigentes-barriales-colaboraron-con-la-iniciativa-el-programa-trelew-limpio-llegara-a-todos-los-barrios\/","og_locale":"es_ES","og_type":"article","og_title":"DIRIGENTES BARRIALES COLABORARON CON LA INICIATIVA: El programa \u201cTrelew limpio\u201d llegar\u00e1 a todos los barrios","og_description":"Trelew.-Con la organizaci\u00f3n de la Municipalidad de Trelew, comenz\u00f3 el programa de limpieza integral \u201cTrelew limpio. Mejor, entre todos\u201d, a [&hellip;]","og_url":"https:\/\/patagoniambiental.com.ar\/info\/dirigentes-barriales-colaboraron-con-la-iniciativa-el-programa-trelew-limpio-llegara-a-todos-los-barrios\/","og_site_name":"Patagonia Ambiental","article_publisher":"https:\/\/www.facebook.com\/patagonia.ambiental","article_author":"https:\/\/www.facebook.com\/share\/1C1V8Gv9BX\/?mibextid=qi2Omg","article_published_time":"2017-02-02T22:00:52+00:00","og_image":[{"width":400,"height":225,"url":"https:\/\/patagoniambiental.com.ar\/info\/wp-content\/uploads\/2017\/02\/trelew-limpio-en-los-barrios-1.jpg","type":"image\/jpeg"}],"author":"Patagonia Ambiental","twitter_card":"summary_large_image","twitter_creator":"@PatAmb","twitter_site":"@PatAmb","schema":{"@context":"https:\/\/schema.org","@graph":[{"@type":"Article","@id":"https:\/\/patagoniambiental.com.ar\/info\/dirigentes-barriales-colaboraron-con-la-iniciativa-el-programa-trelew-limpio-llegara-a-todos-los-barrios\/#article","isPartOf":{"@id":"https:\/\/patagoniambiental.com.ar\/info\/dirigentes-barriales-colaboraron-con-la-iniciativa-el-programa-trelew-limpio-llegara-a-todos-los-barrios\/"},"author":{"name":"Patagonia Ambiental","@id":"https:\/\/patagoniambiental.com.ar\/info\/#\/schema\/person\/db12bff64bbcbf6a253710bf0ea37b5d"},"headline":"DIRIGENTES BARRIALES COLABORARON CON LA INICIATIVA: El programa \u201cTrelew limpio\u201d llegar\u00e1 a todos los barrios","datePublished":"2017-02-02T22:00:52+00:00","mainEntityOfPage":{"@id":"https:\/\/patagoniambiental.com.ar\/info\/dirigentes-barriales-colaboraron-con-la-iniciativa-el-programa-trelew-limpio-llegara-a-todos-los-barrios\/"},"wordCount":535,"publisher":{"@id":"https:\/\/patagoniambiental.com.ar\/info\/#organization"},"articleSection":["Municipales"],"inLanguage":"es"},{"@type":"WebPage","@id":"https:\/\/patagoniambiental.com.ar\/info\/dirigentes-barriales-colaboraron-con-la-iniciativa-el-programa-trelew-limpio-llegara-a-todos-los-barrios\/","url":"https:\/\/patagoniambiental.com.ar\/info\/dirigentes-barriales-colaboraron-con-la-iniciativa-el-programa-trelew-limpio-llegara-a-todos-los-barrios\/","name":"DIRIGENTES BARRIALES COLABORARON CON LA INICIATIVA: El programa \u201cTrelew limpio\u201d llegar\u00e1 a todos los barrios","isPartOf":{"@id":"https:\/\/patagoniambiental.com.ar\/info\/#website"},"datePublished":"2017-02-02T22:00:52+00:00","breadcrumb":{"@id":"https:\/\/patagoniambiental.com.ar\/info\/dirigentes-barriales-colaboraron-con-la-iniciativa-el-programa-trelew-limpio-llegara-a-todos-los-barrios\/#breadcrumb"},"inLanguage":"es","potentialAction":[{"@type":"ReadAction","target":["https:\/\/patagoniambiental.com.ar\/info\/dirigentes-barriales-colaboraron-con-la-iniciativa-el-programa-trelew-limpio-llegara-a-todos-los-barrios\/"]}]},{"@type":"BreadcrumbList","@id":"https:\/\/patagoniambiental.com.ar\/info\/dirigentes-barriales-colaboraron-con-la-iniciativa-el-programa-trelew-limpio-llegara-a-todos-los-barrios\/#breadcrumb","itemListElement":[{"@type":"ListItem","position":1,"name":"Inicio","item":"https:\/\/patagoniambiental.com.ar\/info\/"},{"@type":"ListItem","position":2,"name":"DIRIGENTES BARRIALES COLABORARON CON LA INICIATIVA: El programa \u201cTrelew limpio\u201d llegar\u00e1 a todos los barrios"}]},{"@type":"WebSite","@id":"https:\/\/patagoniambiental.com.ar\/info\/#website","url":"https:\/\/patagoniambiental.com.ar\/info\/","name":"Patagonia Ambiental","description":"Monitoreo y an\u00e1lisis de la situaci\u00f3n geopol\u00edtica en el mundo y su implicancia en la Patagonia","publisher":{"@id":"https:\/\/patagoniambiental.com.ar\/info\/#organization"},"potentialAction":[{"@type":"SearchAction","target":{"@type":"EntryPoint","urlTemplate":"https:\/\/patagoniambiental.com.ar\/info\/?s={search_term_string}"},"query-input":{"@type":"PropertyValueSpecification","valueRequired":true,"valueName":"search_term_string"}}],"inLanguage":"es"},{"@type":"Organization","@id":"https:\/\/patagoniambiental.com.ar\/info\/#organization","name":"Patagonia Ambiental","url":"https:\/\/patagoniambiental.com.ar\/info\/","logo":{"@type":"ImageObject","inLanguage":"es","@id":"https:\/\/patagoniambiental.com.ar\/info\/#\/schema\/logo\/image\/","url":"https:\/\/patagoniambiental.com.ar\/info\/wp-content\/uploads\/2025\/05\/LOGO-PATAGONIA-AMBIENTAL.png","contentUrl":"https:\/\/patagoniambiental.com.ar\/info\/wp-content\/uploads\/2025\/05\/LOGO-PATAGONIA-AMBIENTAL.png","width":433,"height":250,"caption":"Patagonia Ambiental"},"image":{"@id":"https:\/\/patagoniambiental.com.ar\/info\/#\/schema\/logo\/image\/"},"sameAs":["https:\/\/www.facebook.com\/patagonia.ambiental","https:\/\/x.com\/PatAmb"]},{"@type":"Person","@id":"https:\/\/patagoniambiental.com.ar\/info\/#\/schema\/person\/db12bff64bbcbf6a253710bf0ea37b5d","name":"Patagonia Ambiental","description":"Andr\u00e9s Nievas T\u00e9cnico en manejo ambiental, consultor Ambiental y escritor para medios locales e internacionales sobre temas de geopolitica y medio ambiente.","sameAs":["http:\/\/www.patagoniambiental.com.ar","https:\/\/www.facebook.com\/share\/1C1V8Gv9BX\/?mibextid=qi2Omg","@patagoniambiental","https:\/\/youtube.com\/@patagoniaambiental2023?si=BLt58t0wuXquxlYZ"]}]}},"_links":{"self":[{"href":"https:\/\/patagoniambiental.com.ar\/info\/wp-json\/wp\/v2\/posts\/24466","targetHints":{"allow":["GET"]}}],"collection":[{"href":"https:\/\/patagoniambiental.com.ar\/info\/wp-json\/wp\/v2\/posts"}],"about":[{"href":"https:\/\/patagoniambiental.com.ar\/info\/wp-json\/wp\/v2\/types\/post"}],"author":[{"embeddable":true,"href":"https:\/\/patagoniambiental.com.ar\/info\/wp-json\/wp\/v2\/users\/2"}],"replies":[{"embeddable":true,"href":"https:\/\/patagoniambiental.com.ar\/info\/wp-json\/wp\/v2\/comments?post=24466"}],"version-history":[{"count":0,"href":"https:\/\/patagoniambiental.com.ar\/info\/wp-json\/wp\/v2\/posts\/24466\/revisions"}],"wp:attachment":[{"href":"https:\/\/patagoniambiental.com.ar\/info\/wp-json\/wp\/v2\/media?parent=24466"}],"wp:term":[{"taxonomy":"category","embeddable":true,"href":"https:\/\/patagoniambiental.com.ar\/info\/wp-json\/wp\/v2\/categories?post=24466"},{"taxonomy":"post_tag","embeddable":true,"href":"https:\/\/patagoniambiental.com.ar\/info\/wp-json\/wp\/v2\/tags?post=24466"}],"curies":[{"name":"wp","href":"https:\/\/api.w.org\/{rel}","templated":true}]}}