{"id":24489,"date":"2017-02-02T19:00:05","date_gmt":"2017-02-02T22:00:05","guid":{"rendered":"http:\/\/patagoniambiental.com.ar\/?p=24489"},"modified":"2017-02-02T19:00:05","modified_gmt":"2017-02-02T22:00:05","slug":"caminatas-en-bosques-y-montana-desde-defensa-civil-alientan-la-actividad-responsable-en-ambientes-agrestes","status":"publish","type":"post","link":"https:\/\/patagoniambiental.com.ar\/info\/caminatas-en-bosques-y-montana-desde-defensa-civil-alientan-la-actividad-responsable-en-ambientes-agrestes\/","title":{"rendered":"CAMINATAS EN BOSQUES Y MONTA\u00d1A: Desde Defensa Civil alientan la actividad responsable en ambientes agrestes"},"content":{"rendered":"<div class=\"volanta_individual_noticia\">Ushuaia.-Existe una campa\u00f1a destinada a informar sobre los riesgos objetivos y subjetivos que representa la actividad en ambientes naturales. La iniciativa est\u00e1 en manos de Defensa Civil de Ushuaia.<\/div>\n<p><!--more--><\/p>\n<div class=\"volanta_individual_noticia\">Defensa Civil municipal recuerda a los vecinos tomar los recaudos necesarios al momento de emprender una traves\u00eda en diferentes sectores aleda\u00f1os a la ciudad. Durante el fin de semana debieron acudir en dos ocasiones en b\u00fasqueda y rescate de personas extraviadas, situaci\u00f3n que se suma a otros casos ocurridos durante la temporada.<br \/>\nPersonal de Defensa Civil trabaj\u00f3, previo al inicio de la temporada, en la demarcaci\u00f3n con GPS de caminos y senderos, para despu\u00e9s garantizar la carteler\u00eda, con chapas y material reflectivo. Personal de rescate indic\u00f3 que esta se\u00f1al\u00e9tica \u201cfacilita el trabajo de la comisi\u00f3n de auxilio y\u00a0 ayuda a prevenir males peores, ofreciendo indicaciones precisas para que los excursionistas brinden la mayor informaci\u00f3n posible al momento de comunicarse solicitando asistencia\u201d.<br \/>\nPor este motivo, Defensa Civil solicita transitar a trav\u00e9s de las sendas se\u00f1alizadas, con los recaudos de conocer las condiciones clim\u00e1ticas, asistir con alguien que conozca el camino, considerando los tiempos estimados de retorno (por la oscuridad), las capacidades f\u00edsicas de adultos y menores. En tanto \u201cresulta imprescindible que asistan con suficiente abrigo, agua, bater\u00eda en el tel\u00e9fono m\u00f3vil para mantener al rescatista ofreciendo acompa\u00f1amiento necesario\u201d.<br \/>\nPersonal de Defensa Civil fue alertado en la doble jornada del fin de semana para colaborar con el rescate de dos turistas; el s\u00e1bado ocurri\u00f3 en la Laguna Turquesa, con un turista riograndense de 57 a\u00f1os y el domingo una joven con heridas leves, extraviada en inmediaciones del Cerro Vinciguerra.<br \/>\nLa comisi\u00f3n de auxilio se encuentra integrada por el Cuartel de Bomberos Voluntarios de Ushuaia, Zona Norte, 2 de Abril, Defensa Civil Municipal, Defensa Civil Provincial, Divisi\u00f3n de Servicios Especiales de la Polic\u00eda Provincial, Gendarmer\u00eda, Club Andino y Parques Nacionales.<\/div>\n<div class=\"volanta_individual_noticia\"><\/div>\n<div class=\"volanta_individual_noticia\">Fuente: El Diario del Fin del Mundo<\/div>\n<div class=\"categoria_individual_noticia\" title=\"Municipales\"><\/div>\n","protected":false},"excerpt":{"rendered":"<p>Ushuaia.-Existe una campa\u00f1a destinada a informar sobre los riesgos objetivos y subjetivos que representa la actividad en ambientes naturales. La [&hellip;]<\/p>\n","protected":false},"author":2,"featured_media":0,"comment_status":"closed","ping_status":"closed","sticky":false,"template":"","format":"standard","meta":{"site-sidebar-layout":"default","site-content-layout":"","ast-site-content-layout":"default","site-content-style":"default","site-sidebar-style":"default","ast-global-header-display":"","ast-banner-title-visibility":"","ast-main-header-display":"","ast-hfb-above-header-display":"","ast-hfb-below-header-display":"","ast-hfb-mobile-header-display":"","site-post-title":"","ast-breadcrumbs-content":"","ast-featured-img":"","footer-sml-layout":"","ast-disable-related-posts":"","theme-transparent-header-meta":"","adv-header-id-meta":"","stick-header-meta":"","header-above-stick-meta":"","header-main-stick-meta":"","header-below-stick-meta":"","astra-migrate-meta-layouts":"default","ast-page-background-enabled":"default","ast-page-background-meta":{"desktop":{"background-color":"var(--ast-global-color-5)","background-image":"","background-repeat":"repeat","background-position":"center center","background-size":"auto","background-attachment":"scroll","background-type":"","background-media":"","overlay-type":"","overlay-color":"","overlay-opacity":"","overlay-gradient":""},"tablet":{"background-color":"","background-image":"","background-repeat":"repeat","background-position":"center center","background-size":"auto","background-attachment":"scroll","background-type":"","background-media":"","overlay-type":"","overlay-color":"","overlay-opacity":"","overlay-gradient":""},"mobile":{"background-color":"","background-image":"","background-repeat":"repeat","background-position":"center center","background-size":"auto","background-attachment":"scroll","background-type":"","background-media":"","overlay-type":"","overlay-color":"","overlay-opacity":"","overlay-gradient":""}},"ast-content-background-meta":{"desktop":{"background-color":"var(--ast-global-color-4)","background-image":"","background-repeat":"repeat","background-position":"center center","background-size":"auto","background-attachment":"scroll","background-type":"","background-media":"","overlay-type":"","overlay-color":"","overlay-opacity":"","overlay-gradient":""},"tablet":{"background-color":"var(--ast-global-color-4)","background-image":"","background-repeat":"repeat","background-position":"center center","background-size":"auto","background-attachment":"scroll","background-type":"","background-media":"","overlay-type":"","overlay-color":"","overlay-opacity":"","overlay-gradient":""},"mobile":{"background-color":"var(--ast-global-color-4)","background-image":"","background-repeat":"repeat","background-position":"center center","background-size":"auto","background-attachment":"scroll","background-type":"","background-media":"","overlay-type":"","overlay-color":"","overlay-opacity":"","overlay-gradient":""}},"footnotes":""},"categories":[16],"tags":[],"class_list":["post-24489","post","type-post","status-publish","format-standard","hentry","category-municipales"],"yoast_head":"<!-- This site is optimized with the Yoast SEO Premium plugin v23.0 (Yoast SEO v27.4) - https:\/\/yoast.com\/product\/yoast-seo-premium-wordpress\/ -->\n<title>CAMINATAS EN BOSQUES Y MONTA\u00d1A: Desde Defensa Civil alientan la actividad responsable en ambientes agrestes<\/title>\n<meta name=\"robots\" content=\"index, follow, max-snippet:-1, max-image-preview:large, max-video-preview:-1\" \/>\n<link rel=\"canonical\" href=\"https:\/\/patagoniambiental.com.ar\/info\/caminatas-en-bosques-y-montana-desde-defensa-civil-alientan-la-actividad-responsable-en-ambientes-agrestes\/\" \/>\n<meta property=\"og:locale\" content=\"es_ES\" \/>\n<meta property=\"og:type\" content=\"article\" \/>\n<meta property=\"og:title\" content=\"CAMINATAS EN BOSQUES Y MONTA\u00d1A: Desde Defensa Civil alientan la actividad responsable en ambientes agrestes\" \/>\n<meta property=\"og:description\" content=\"Ushuaia.-Existe una campa\u00f1a destinada a informar sobre los riesgos objetivos y subjetivos que representa la actividad en ambientes naturales. La [&hellip;]\" \/>\n<meta property=\"og:url\" content=\"https:\/\/patagoniambiental.com.ar\/info\/caminatas-en-bosques-y-montana-desde-defensa-civil-alientan-la-actividad-responsable-en-ambientes-agrestes\/\" \/>\n<meta property=\"og:site_name\" content=\"Patagonia Ambiental\" \/>\n<meta property=\"article:publisher\" content=\"https:\/\/www.facebook.com\/patagonia.ambiental\" \/>\n<meta property=\"article:author\" content=\"https:\/\/www.facebook.com\/share\/1C1V8Gv9BX\/?mibextid=qi2Omg\" \/>\n<meta property=\"article:published_time\" content=\"2017-02-02T22:00:05+00:00\" \/>\n<meta property=\"og:image\" content=\"https:\/\/patagoniambiental.com.ar\/info\/wp-content\/uploads\/2017\/02\/20170130112237a372a096f82dd6854acc2435cb7180d4.jpg\" \/>\n\t<meta property=\"og:image:width\" content=\"800\" \/>\n\t<meta property=\"og:image:height\" content=\"450\" \/>\n\t<meta property=\"og:image:type\" content=\"image\/jpeg\" \/>\n<meta name=\"author\" content=\"Patagonia Ambiental\" \/>\n<meta name=\"twitter:card\" content=\"summary_large_image\" \/>\n<meta name=\"twitter:creator\" content=\"@PatAmb\" \/>\n<meta name=\"twitter:site\" content=\"@PatAmb\" \/>\n<script type=\"application\/ld+json\" class=\"yoast-schema-graph\">{\"@context\":\"https:\\\/\\\/schema.org\",\"@graph\":[{\"@type\":\"Article\",\"@id\":\"https:\\\/\\\/patagoniambiental.com.ar\\\/info\\\/caminatas-en-bosques-y-montana-desde-defensa-civil-alientan-la-actividad-responsable-en-ambientes-agrestes\\\/#article\",\"isPartOf\":{\"@id\":\"https:\\\/\\\/patagoniambiental.com.ar\\\/info\\\/caminatas-en-bosques-y-montana-desde-defensa-civil-alientan-la-actividad-responsable-en-ambientes-agrestes\\\/\"},\"author\":{\"name\":\"Patagonia Ambiental\",\"@id\":\"https:\\\/\\\/patagoniambiental.com.ar\\\/info\\\/#\\\/schema\\\/person\\\/db12bff64bbcbf6a253710bf0ea37b5d\"},\"headline\":\"CAMINATAS EN BOSQUES Y MONTA\u00d1A: Desde Defensa Civil alientan la actividad responsable en ambientes agrestes\",\"datePublished\":\"2017-02-02T22:00:05+00:00\",\"mainEntityOfPage\":{\"@id\":\"https:\\\/\\\/patagoniambiental.com.ar\\\/info\\\/caminatas-en-bosques-y-montana-desde-defensa-civil-alientan-la-actividad-responsable-en-ambientes-agrestes\\\/\"},\"wordCount\":354,\"publisher\":{\"@id\":\"https:\\\/\\\/patagoniambiental.com.ar\\\/info\\\/#organization\"},\"articleSection\":[\"Municipales\"],\"inLanguage\":\"es\"},{\"@type\":\"WebPage\",\"@id\":\"https:\\\/\\\/patagoniambiental.com.ar\\\/info\\\/caminatas-en-bosques-y-montana-desde-defensa-civil-alientan-la-actividad-responsable-en-ambientes-agrestes\\\/\",\"url\":\"https:\\\/\\\/patagoniambiental.com.ar\\\/info\\\/caminatas-en-bosques-y-montana-desde-defensa-civil-alientan-la-actividad-responsable-en-ambientes-agrestes\\\/\",\"name\":\"CAMINATAS EN BOSQUES Y MONTA\u00d1A: Desde Defensa Civil alientan la actividad responsable en ambientes agrestes\",\"isPartOf\":{\"@id\":\"https:\\\/\\\/patagoniambiental.com.ar\\\/info\\\/#website\"},\"datePublished\":\"2017-02-02T22:00:05+00:00\",\"breadcrumb\":{\"@id\":\"https:\\\/\\\/patagoniambiental.com.ar\\\/info\\\/caminatas-en-bosques-y-montana-desde-defensa-civil-alientan-la-actividad-responsable-en-ambientes-agrestes\\\/#breadcrumb\"},\"inLanguage\":\"es\",\"potentialAction\":[{\"@type\":\"ReadAction\",\"target\":[\"https:\\\/\\\/patagoniambiental.com.ar\\\/info\\\/caminatas-en-bosques-y-montana-desde-defensa-civil-alientan-la-actividad-responsable-en-ambientes-agrestes\\\/\"]}]},{\"@type\":\"BreadcrumbList\",\"@id\":\"https:\\\/\\\/patagoniambiental.com.ar\\\/info\\\/caminatas-en-bosques-y-montana-desde-defensa-civil-alientan-la-actividad-responsable-en-ambientes-agrestes\\\/#breadcrumb\",\"itemListElement\":[{\"@type\":\"ListItem\",\"position\":1,\"name\":\"Inicio\",\"item\":\"https:\\\/\\\/patagoniambiental.com.ar\\\/info\\\/\"},{\"@type\":\"ListItem\",\"position\":2,\"name\":\"CAMINATAS EN BOSQUES Y MONTA\u00d1A: Desde Defensa Civil alientan la actividad responsable en ambientes agrestes\"}]},{\"@type\":\"WebSite\",\"@id\":\"https:\\\/\\\/patagoniambiental.com.ar\\\/info\\\/#website\",\"url\":\"https:\\\/\\\/patagoniambiental.com.ar\\\/info\\\/\",\"name\":\"Patagonia Ambiental\",\"description\":\"Monitoreo y an\u00e1lisis de la situaci\u00f3n geopol\u00edtica en el mundo y su implicancia en la Patagonia\",\"publisher\":{\"@id\":\"https:\\\/\\\/patagoniambiental.com.ar\\\/info\\\/#organization\"},\"potentialAction\":[{\"@type\":\"SearchAction\",\"target\":{\"@type\":\"EntryPoint\",\"urlTemplate\":\"https:\\\/\\\/patagoniambiental.com.ar\\\/info\\\/?s={search_term_string}\"},\"query-input\":{\"@type\":\"PropertyValueSpecification\",\"valueRequired\":true,\"valueName\":\"search_term_string\"}}],\"inLanguage\":\"es\"},{\"@type\":\"Organization\",\"@id\":\"https:\\\/\\\/patagoniambiental.com.ar\\\/info\\\/#organization\",\"name\":\"Patagonia Ambiental\",\"url\":\"https:\\\/\\\/patagoniambiental.com.ar\\\/info\\\/\",\"logo\":{\"@type\":\"ImageObject\",\"inLanguage\":\"es\",\"@id\":\"https:\\\/\\\/patagoniambiental.com.ar\\\/info\\\/#\\\/schema\\\/logo\\\/image\\\/\",\"url\":\"https:\\\/\\\/patagoniambiental.com.ar\\\/info\\\/wp-content\\\/uploads\\\/2025\\\/05\\\/LOGO-PATAGONIA-AMBIENTAL.png\",\"contentUrl\":\"https:\\\/\\\/patagoniambiental.com.ar\\\/info\\\/wp-content\\\/uploads\\\/2025\\\/05\\\/LOGO-PATAGONIA-AMBIENTAL.png\",\"width\":433,\"height\":250,\"caption\":\"Patagonia Ambiental\"},\"image\":{\"@id\":\"https:\\\/\\\/patagoniambiental.com.ar\\\/info\\\/#\\\/schema\\\/logo\\\/image\\\/\"},\"sameAs\":[\"https:\\\/\\\/www.facebook.com\\\/patagonia.ambiental\",\"https:\\\/\\\/x.com\\\/PatAmb\"]},{\"@type\":\"Person\",\"@id\":\"https:\\\/\\\/patagoniambiental.com.ar\\\/info\\\/#\\\/schema\\\/person\\\/db12bff64bbcbf6a253710bf0ea37b5d\",\"name\":\"Patagonia Ambiental\",\"description\":\"Andr\u00e9s Nievas T\u00e9cnico en manejo ambiental, consultor Ambiental y escritor para medios locales e internacionales sobre temas de geopolitica y medio ambiente.\",\"sameAs\":[\"http:\\\/\\\/www.patagoniambiental.com.ar\",\"https:\\\/\\\/www.facebook.com\\\/share\\\/1C1V8Gv9BX\\\/?mibextid=qi2Omg\",\"@patagoniambiental\",\"https:\\\/\\\/youtube.com\\\/@patagoniaambiental2023?si=BLt58t0wuXquxlYZ\"]}]}<\/script>\n<!-- \/ Yoast SEO Premium plugin. -->","yoast_head_json":{"title":"CAMINATAS EN BOSQUES Y MONTA\u00d1A: Desde Defensa Civil alientan la actividad responsable en ambientes agrestes","robots":{"index":"index","follow":"follow","max-snippet":"max-snippet:-1","max-image-preview":"max-image-preview:large","max-video-preview":"max-video-preview:-1"},"canonical":"https:\/\/patagoniambiental.com.ar\/info\/caminatas-en-bosques-y-montana-desde-defensa-civil-alientan-la-actividad-responsable-en-ambientes-agrestes\/","og_locale":"es_ES","og_type":"article","og_title":"CAMINATAS EN BOSQUES Y MONTA\u00d1A: Desde Defensa Civil alientan la actividad responsable en ambientes agrestes","og_description":"Ushuaia.-Existe una campa\u00f1a destinada a informar sobre los riesgos objetivos y subjetivos que representa la actividad en ambientes naturales. La [&hellip;]","og_url":"https:\/\/patagoniambiental.com.ar\/info\/caminatas-en-bosques-y-montana-desde-defensa-civil-alientan-la-actividad-responsable-en-ambientes-agrestes\/","og_site_name":"Patagonia Ambiental","article_publisher":"https:\/\/www.facebook.com\/patagonia.ambiental","article_author":"https:\/\/www.facebook.com\/share\/1C1V8Gv9BX\/?mibextid=qi2Omg","article_published_time":"2017-02-02T22:00:05+00:00","og_image":[{"width":800,"height":450,"url":"https:\/\/patagoniambiental.com.ar\/info\/wp-content\/uploads\/2017\/02\/20170130112237a372a096f82dd6854acc2435cb7180d4.jpg","type":"image\/jpeg"}],"author":"Patagonia Ambiental","twitter_card":"summary_large_image","twitter_creator":"@PatAmb","twitter_site":"@PatAmb","schema":{"@context":"https:\/\/schema.org","@graph":[{"@type":"Article","@id":"https:\/\/patagoniambiental.com.ar\/info\/caminatas-en-bosques-y-montana-desde-defensa-civil-alientan-la-actividad-responsable-en-ambientes-agrestes\/#article","isPartOf":{"@id":"https:\/\/patagoniambiental.com.ar\/info\/caminatas-en-bosques-y-montana-desde-defensa-civil-alientan-la-actividad-responsable-en-ambientes-agrestes\/"},"author":{"name":"Patagonia Ambiental","@id":"https:\/\/patagoniambiental.com.ar\/info\/#\/schema\/person\/db12bff64bbcbf6a253710bf0ea37b5d"},"headline":"CAMINATAS EN BOSQUES Y MONTA\u00d1A: Desde Defensa Civil alientan la actividad responsable en ambientes agrestes","datePublished":"2017-02-02T22:00:05+00:00","mainEntityOfPage":{"@id":"https:\/\/patagoniambiental.com.ar\/info\/caminatas-en-bosques-y-montana-desde-defensa-civil-alientan-la-actividad-responsable-en-ambientes-agrestes\/"},"wordCount":354,"publisher":{"@id":"https:\/\/patagoniambiental.com.ar\/info\/#organization"},"articleSection":["Municipales"],"inLanguage":"es"},{"@type":"WebPage","@id":"https:\/\/patagoniambiental.com.ar\/info\/caminatas-en-bosques-y-montana-desde-defensa-civil-alientan-la-actividad-responsable-en-ambientes-agrestes\/","url":"https:\/\/patagoniambiental.com.ar\/info\/caminatas-en-bosques-y-montana-desde-defensa-civil-alientan-la-actividad-responsable-en-ambientes-agrestes\/","name":"CAMINATAS EN BOSQUES Y MONTA\u00d1A: Desde Defensa Civil alientan la actividad responsable en ambientes agrestes","isPartOf":{"@id":"https:\/\/patagoniambiental.com.ar\/info\/#website"},"datePublished":"2017-02-02T22:00:05+00:00","breadcrumb":{"@id":"https:\/\/patagoniambiental.com.ar\/info\/caminatas-en-bosques-y-montana-desde-defensa-civil-alientan-la-actividad-responsable-en-ambientes-agrestes\/#breadcrumb"},"inLanguage":"es","potentialAction":[{"@type":"ReadAction","target":["https:\/\/patagoniambiental.com.ar\/info\/caminatas-en-bosques-y-montana-desde-defensa-civil-alientan-la-actividad-responsable-en-ambientes-agrestes\/"]}]},{"@type":"BreadcrumbList","@id":"https:\/\/patagoniambiental.com.ar\/info\/caminatas-en-bosques-y-montana-desde-defensa-civil-alientan-la-actividad-responsable-en-ambientes-agrestes\/#breadcrumb","itemListElement":[{"@type":"ListItem","position":1,"name":"Inicio","item":"https:\/\/patagoniambiental.com.ar\/info\/"},{"@type":"ListItem","position":2,"name":"CAMINATAS EN BOSQUES Y MONTA\u00d1A: Desde Defensa Civil alientan la actividad responsable en ambientes agrestes"}]},{"@type":"WebSite","@id":"https:\/\/patagoniambiental.com.ar\/info\/#website","url":"https:\/\/patagoniambiental.com.ar\/info\/","name":"Patagonia Ambiental","description":"Monitoreo y an\u00e1lisis de la situaci\u00f3n geopol\u00edtica en el mundo y su implicancia en la Patagonia","publisher":{"@id":"https:\/\/patagoniambiental.com.ar\/info\/#organization"},"potentialAction":[{"@type":"SearchAction","target":{"@type":"EntryPoint","urlTemplate":"https:\/\/patagoniambiental.com.ar\/info\/?s={search_term_string}"},"query-input":{"@type":"PropertyValueSpecification","valueRequired":true,"valueName":"search_term_string"}}],"inLanguage":"es"},{"@type":"Organization","@id":"https:\/\/patagoniambiental.com.ar\/info\/#organization","name":"Patagonia Ambiental","url":"https:\/\/patagoniambiental.com.ar\/info\/","logo":{"@type":"ImageObject","inLanguage":"es","@id":"https:\/\/patagoniambiental.com.ar\/info\/#\/schema\/logo\/image\/","url":"https:\/\/patagoniambiental.com.ar\/info\/wp-content\/uploads\/2025\/05\/LOGO-PATAGONIA-AMBIENTAL.png","contentUrl":"https:\/\/patagoniambiental.com.ar\/info\/wp-content\/uploads\/2025\/05\/LOGO-PATAGONIA-AMBIENTAL.png","width":433,"height":250,"caption":"Patagonia Ambiental"},"image":{"@id":"https:\/\/patagoniambiental.com.ar\/info\/#\/schema\/logo\/image\/"},"sameAs":["https:\/\/www.facebook.com\/patagonia.ambiental","https:\/\/x.com\/PatAmb"]},{"@type":"Person","@id":"https:\/\/patagoniambiental.com.ar\/info\/#\/schema\/person\/db12bff64bbcbf6a253710bf0ea37b5d","name":"Patagonia Ambiental","description":"Andr\u00e9s Nievas T\u00e9cnico en manejo ambiental, consultor Ambiental y escritor para medios locales e internacionales sobre temas de geopolitica y medio ambiente.","sameAs":["http:\/\/www.patagoniambiental.com.ar","https:\/\/www.facebook.com\/share\/1C1V8Gv9BX\/?mibextid=qi2Omg","@patagoniambiental","https:\/\/youtube.com\/@patagoniaambiental2023?si=BLt58t0wuXquxlYZ"]}]}},"_links":{"self":[{"href":"https:\/\/patagoniambiental.com.ar\/info\/wp-json\/wp\/v2\/posts\/24489","targetHints":{"allow":["GET"]}}],"collection":[{"href":"https:\/\/patagoniambiental.com.ar\/info\/wp-json\/wp\/v2\/posts"}],"about":[{"href":"https:\/\/patagoniambiental.com.ar\/info\/wp-json\/wp\/v2\/types\/post"}],"author":[{"embeddable":true,"href":"https:\/\/patagoniambiental.com.ar\/info\/wp-json\/wp\/v2\/users\/2"}],"replies":[{"embeddable":true,"href":"https:\/\/patagoniambiental.com.ar\/info\/wp-json\/wp\/v2\/comments?post=24489"}],"version-history":[{"count":0,"href":"https:\/\/patagoniambiental.com.ar\/info\/wp-json\/wp\/v2\/posts\/24489\/revisions"}],"wp:attachment":[{"href":"https:\/\/patagoniambiental.com.ar\/info\/wp-json\/wp\/v2\/media?parent=24489"}],"wp:term":[{"taxonomy":"category","embeddable":true,"href":"https:\/\/patagoniambiental.com.ar\/info\/wp-json\/wp\/v2\/categories?post=24489"},{"taxonomy":"post_tag","embeddable":true,"href":"https:\/\/patagoniambiental.com.ar\/info\/wp-json\/wp\/v2\/tags?post=24489"}],"curies":[{"name":"wp","href":"https:\/\/api.w.org\/{rel}","templated":true}]}}