{"id":24511,"date":"2017-02-03T09:00:15","date_gmt":"2017-02-03T12:00:15","guid":{"rendered":"http:\/\/patagoniambiental.com.ar\/?p=24511"},"modified":"2017-02-03T09:00:15","modified_gmt":"2017-02-03T12:00:15","slug":"bariloche-avanza-en-el-diseno-de-su-inventario-de-gases-de-efecto-invernadero","status":"publish","type":"post","link":"https:\/\/patagoniambiental.com.ar\/info\/bariloche-avanza-en-el-diseno-de-su-inventario-de-gases-de-efecto-invernadero\/","title":{"rendered":"Bariloche avanza en el dise\u00f1o de su inventario de gases de efecto invernadero"},"content":{"rendered":"<div class=\"itemIntroText\">\n<p>BARILOCHE.- La Subsecretar\u00eda de Medio Ambiente de la Municipalidad de San Carlos de Bariloche est\u00e1 trabajando en la elaboraci\u00f3n del primer inventario de GEIs local para ser presentado en 2017.\u00a0Luego del Acta de Compromiso de Alcaldes firmada por el Intendente Ing. <strong>Gustavo Gennuso<\/strong> el 16\/09\/16, \u00e9ste ser\u00eda el primer paso en firme en el abordaje de pol\u00edticas p\u00fablicas frente al Cambio Clim\u00e1tico.<\/p>\n<\/div>\n<div class=\"itemFullText\">\n<p>La ciudad de San Carlos de Bariloche, reconoce que las actividades diarias que tienen lugardentro de sus l\u00edmites geopol\u00edticos pueden tener un impacto global al traducirlas en emisiones de gases de efecto invernadero (GEIs). Es as\u00ed como a trav\u00e9s del c\u00e1lculo del primer inventario de GEIs busca identificar la participaci\u00f3n de los distintos sectores en las emisiones totales de la ciudad a fin de trabajar sobre aquellos que m\u00e1s emiten, y contar con una l\u00ednea base para medir el desempe\u00f1o de los distintos esfuerzos que se llevan a cabo para mitigar el Cambio Clim\u00e1tico.<\/p>\n<p>Para su primer inventario de GEIs, la ciudad est\u00e1 trabajando siguiendo el protocolo de reporte para gobiernos locales \u00abGPC\u00bb, por sus siglas en ingl\u00e9s. Tras definir el l\u00edmite geogr\u00e1fico y temporal del inventario, se identificaron los sectores con alg\u00fan grado de responsabilidad en las emisiones totales de la ciudad y los entes u organismos a los que dicha informaci\u00f3n de actividad debiera ser solicitada. Entre estos \u00faltimos se incluyen organismos municipales, nacionales y empresas prestadoras de servicios p\u00fablicos como la energ\u00eda el\u00e9ctrica, gas natural y saneamiento. En una primera etapa la ciudad busca alcanzar el nivel B\u00c1SICO de reporte.<\/p>\n<p>Este nivel de reporte le permite concentrarse en recabar la informaci\u00f3n con mayor precisi\u00f3n, y comenzar a trabajar junto a los distintos actores en un inventario m\u00e1s detallado en el mediano plazo.<\/p>\n<p>Se espera que las caracter\u00edsticas clim\u00e1ticas, econ\u00f3micas y culturales propias de la ciudad sean las principales variables que impactan en las emisiones totales. Las bajas temperaturas medias anuales, as\u00ed como los modos de transporte urbano y el flujo de turistas, que supera las 700.000 personas al a\u00f1o, influyen estacionalmente en los sectores, quedando luego pasmado en mayores emisiones totales. Es as\u00ed como en temporada alta de turismo se observa mayor generaci\u00f3n de residuos y mayores consumos de combustible para transporte; y en \u00e9poca invernal altos consumos de energ\u00eda para calefacci\u00f3n. Dadas estas caracter\u00edsticas locales, un indicador de emisiones per capita podr\u00eda no ser el m\u00e1s representativo a la hora de compararse o posicionarse frente a otras ciudades, en este sentido, la ciudad buscar\u00e1 generar distintos indicadores una vez que cuente con los resultados de emisiones finales.<\/p>\n<p>Fuente: Municipalidad de San Carlos de Bariloche<\/p>\n<\/div>\n<div class=\"clr\"><\/div>\n","protected":false},"excerpt":{"rendered":"<p>BARILOCHE.- La Subsecretar\u00eda de Medio Ambiente de la Municipalidad de San Carlos de Bariloche est\u00e1 trabajando en la elaboraci\u00f3n del [&hellip;]<\/p>\n","protected":false},"author":2,"featured_media":0,"comment_status":"closed","ping_status":"closed","sticky":false,"template":"","format":"standard","meta":{"site-sidebar-layout":"default","site-content-layout":"","ast-site-content-layout":"default","site-content-style":"default","site-sidebar-style":"default","ast-global-header-display":"","ast-banner-title-visibility":"","ast-main-header-display":"","ast-hfb-above-header-display":"","ast-hfb-below-header-display":"","ast-hfb-mobile-header-display":"","site-post-title":"","ast-breadcrumbs-content":"","ast-featured-img":"","footer-sml-layout":"","ast-disable-related-posts":"","theme-transparent-header-meta":"","adv-header-id-meta":"","stick-header-meta":"","header-above-stick-meta":"","header-main-stick-meta":"","header-below-stick-meta":"","astra-migrate-meta-layouts":"default","ast-page-background-enabled":"default","ast-page-background-meta":{"desktop":{"background-color":"var(--ast-global-color-5)","background-image":"","background-repeat":"repeat","background-position":"center center","background-size":"auto","background-attachment":"scroll","background-type":"","background-media":"","overlay-type":"","overlay-color":"","overlay-opacity":"","overlay-gradient":""},"tablet":{"background-color":"","background-image":"","background-repeat":"repeat","background-position":"center center","background-size":"auto","background-attachment":"scroll","background-type":"","background-media":"","overlay-type":"","overlay-color":"","overlay-opacity":"","overlay-gradient":""},"mobile":{"background-color":"","background-image":"","background-repeat":"repeat","background-position":"center center","background-size":"auto","background-attachment":"scroll","background-type":"","background-media":"","overlay-type":"","overlay-color":"","overlay-opacity":"","overlay-gradient":""}},"ast-content-background-meta":{"desktop":{"background-color":"var(--ast-global-color-4)","background-image":"","background-repeat":"repeat","background-position":"center center","background-size":"auto","background-attachment":"scroll","background-type":"","background-media":"","overlay-type":"","overlay-color":"","overlay-opacity":"","overlay-gradient":""},"tablet":{"background-color":"var(--ast-global-color-4)","background-image":"","background-repeat":"repeat","background-position":"center center","background-size":"auto","background-attachment":"scroll","background-type":"","background-media":"","overlay-type":"","overlay-color":"","overlay-opacity":"","overlay-gradient":""},"mobile":{"background-color":"var(--ast-global-color-4)","background-image":"","background-repeat":"repeat","background-position":"center center","background-size":"auto","background-attachment":"scroll","background-type":"","background-media":"","overlay-type":"","overlay-color":"","overlay-opacity":"","overlay-gradient":""}},"footnotes":""},"categories":[16],"tags":[],"class_list":["post-24511","post","type-post","status-publish","format-standard","hentry","category-municipales"],"yoast_head":"<!-- This site is optimized with the Yoast SEO Premium plugin v23.0 (Yoast SEO v27.4) - https:\/\/yoast.com\/product\/yoast-seo-premium-wordpress\/ -->\n<title>Bariloche avanza en el dise\u00f1o de su inventario de gases de efecto invernadero<\/title>\n<meta name=\"robots\" content=\"index, follow, max-snippet:-1, max-image-preview:large, max-video-preview:-1\" \/>\n<link rel=\"canonical\" href=\"https:\/\/patagoniambiental.com.ar\/info\/bariloche-avanza-en-el-diseno-de-su-inventario-de-gases-de-efecto-invernadero\/\" \/>\n<meta property=\"og:locale\" content=\"es_ES\" \/>\n<meta property=\"og:type\" content=\"article\" \/>\n<meta property=\"og:title\" content=\"Bariloche avanza en el dise\u00f1o de su inventario de gases de efecto invernadero\" \/>\n<meta property=\"og:description\" content=\"BARILOCHE.- La Subsecretar\u00eda de Medio Ambiente de la Municipalidad de San Carlos de Bariloche est\u00e1 trabajando en la elaboraci\u00f3n del [&hellip;]\" \/>\n<meta property=\"og:url\" content=\"https:\/\/patagoniambiental.com.ar\/info\/bariloche-avanza-en-el-diseno-de-su-inventario-de-gases-de-efecto-invernadero\/\" \/>\n<meta property=\"og:site_name\" content=\"Patagonia Ambiental\" \/>\n<meta property=\"article:publisher\" content=\"https:\/\/www.facebook.com\/patagonia.ambiental\" \/>\n<meta property=\"article:author\" content=\"https:\/\/www.facebook.com\/share\/1C1V8Gv9BX\/?mibextid=qi2Omg\" \/>\n<meta property=\"article:published_time\" content=\"2017-02-03T12:00:15+00:00\" \/>\n<meta property=\"og:image\" content=\"https:\/\/patagoniambiental.com.ar\/info\/wp-content\/uploads\/2017\/02\/GASES-INVERNADEROS-BARILOCHE.jpg\" \/>\n\t<meta property=\"og:image:width\" content=\"600\" \/>\n\t<meta property=\"og:image:height\" content=\"243\" \/>\n\t<meta property=\"og:image:type\" content=\"image\/jpeg\" \/>\n<meta name=\"author\" content=\"Patagonia Ambiental\" \/>\n<meta name=\"twitter:card\" content=\"summary_large_image\" \/>\n<meta name=\"twitter:creator\" content=\"@PatAmb\" \/>\n<meta name=\"twitter:site\" content=\"@PatAmb\" \/>\n<script type=\"application\/ld+json\" class=\"yoast-schema-graph\">{\"@context\":\"https:\\\/\\\/schema.org\",\"@graph\":[{\"@type\":\"Article\",\"@id\":\"https:\\\/\\\/patagoniambiental.com.ar\\\/info\\\/bariloche-avanza-en-el-diseno-de-su-inventario-de-gases-de-efecto-invernadero\\\/#article\",\"isPartOf\":{\"@id\":\"https:\\\/\\\/patagoniambiental.com.ar\\\/info\\\/bariloche-avanza-en-el-diseno-de-su-inventario-de-gases-de-efecto-invernadero\\\/\"},\"author\":{\"name\":\"Patagonia Ambiental\",\"@id\":\"https:\\\/\\\/patagoniambiental.com.ar\\\/info\\\/#\\\/schema\\\/person\\\/db12bff64bbcbf6a253710bf0ea37b5d\"},\"headline\":\"Bariloche avanza en el dise\u00f1o de su inventario de gases de efecto invernadero\",\"datePublished\":\"2017-02-03T12:00:15+00:00\",\"mainEntityOfPage\":{\"@id\":\"https:\\\/\\\/patagoniambiental.com.ar\\\/info\\\/bariloche-avanza-en-el-diseno-de-su-inventario-de-gases-de-efecto-invernadero\\\/\"},\"wordCount\":480,\"publisher\":{\"@id\":\"https:\\\/\\\/patagoniambiental.com.ar\\\/info\\\/#organization\"},\"articleSection\":[\"Municipales\"],\"inLanguage\":\"es\"},{\"@type\":\"WebPage\",\"@id\":\"https:\\\/\\\/patagoniambiental.com.ar\\\/info\\\/bariloche-avanza-en-el-diseno-de-su-inventario-de-gases-de-efecto-invernadero\\\/\",\"url\":\"https:\\\/\\\/patagoniambiental.com.ar\\\/info\\\/bariloche-avanza-en-el-diseno-de-su-inventario-de-gases-de-efecto-invernadero\\\/\",\"name\":\"Bariloche avanza en el dise\u00f1o de su inventario de gases de efecto invernadero\",\"isPartOf\":{\"@id\":\"https:\\\/\\\/patagoniambiental.com.ar\\\/info\\\/#website\"},\"datePublished\":\"2017-02-03T12:00:15+00:00\",\"breadcrumb\":{\"@id\":\"https:\\\/\\\/patagoniambiental.com.ar\\\/info\\\/bariloche-avanza-en-el-diseno-de-su-inventario-de-gases-de-efecto-invernadero\\\/#breadcrumb\"},\"inLanguage\":\"es\",\"potentialAction\":[{\"@type\":\"ReadAction\",\"target\":[\"https:\\\/\\\/patagoniambiental.com.ar\\\/info\\\/bariloche-avanza-en-el-diseno-de-su-inventario-de-gases-de-efecto-invernadero\\\/\"]}]},{\"@type\":\"BreadcrumbList\",\"@id\":\"https:\\\/\\\/patagoniambiental.com.ar\\\/info\\\/bariloche-avanza-en-el-diseno-de-su-inventario-de-gases-de-efecto-invernadero\\\/#breadcrumb\",\"itemListElement\":[{\"@type\":\"ListItem\",\"position\":1,\"name\":\"Inicio\",\"item\":\"https:\\\/\\\/patagoniambiental.com.ar\\\/info\\\/\"},{\"@type\":\"ListItem\",\"position\":2,\"name\":\"Bariloche avanza en el dise\u00f1o de su inventario de gases de efecto invernadero\"}]},{\"@type\":\"WebSite\",\"@id\":\"https:\\\/\\\/patagoniambiental.com.ar\\\/info\\\/#website\",\"url\":\"https:\\\/\\\/patagoniambiental.com.ar\\\/info\\\/\",\"name\":\"Patagonia Ambiental\",\"description\":\"Monitoreo y an\u00e1lisis de la situaci\u00f3n geopol\u00edtica en el mundo y su implicancia en la Patagonia\",\"publisher\":{\"@id\":\"https:\\\/\\\/patagoniambiental.com.ar\\\/info\\\/#organization\"},\"potentialAction\":[{\"@type\":\"SearchAction\",\"target\":{\"@type\":\"EntryPoint\",\"urlTemplate\":\"https:\\\/\\\/patagoniambiental.com.ar\\\/info\\\/?s={search_term_string}\"},\"query-input\":{\"@type\":\"PropertyValueSpecification\",\"valueRequired\":true,\"valueName\":\"search_term_string\"}}],\"inLanguage\":\"es\"},{\"@type\":\"Organization\",\"@id\":\"https:\\\/\\\/patagoniambiental.com.ar\\\/info\\\/#organization\",\"name\":\"Patagonia Ambiental\",\"url\":\"https:\\\/\\\/patagoniambiental.com.ar\\\/info\\\/\",\"logo\":{\"@type\":\"ImageObject\",\"inLanguage\":\"es\",\"@id\":\"https:\\\/\\\/patagoniambiental.com.ar\\\/info\\\/#\\\/schema\\\/logo\\\/image\\\/\",\"url\":\"https:\\\/\\\/patagoniambiental.com.ar\\\/info\\\/wp-content\\\/uploads\\\/2025\\\/05\\\/LOGO-PATAGONIA-AMBIENTAL.png\",\"contentUrl\":\"https:\\\/\\\/patagoniambiental.com.ar\\\/info\\\/wp-content\\\/uploads\\\/2025\\\/05\\\/LOGO-PATAGONIA-AMBIENTAL.png\",\"width\":433,\"height\":250,\"caption\":\"Patagonia Ambiental\"},\"image\":{\"@id\":\"https:\\\/\\\/patagoniambiental.com.ar\\\/info\\\/#\\\/schema\\\/logo\\\/image\\\/\"},\"sameAs\":[\"https:\\\/\\\/www.facebook.com\\\/patagonia.ambiental\",\"https:\\\/\\\/x.com\\\/PatAmb\"]},{\"@type\":\"Person\",\"@id\":\"https:\\\/\\\/patagoniambiental.com.ar\\\/info\\\/#\\\/schema\\\/person\\\/db12bff64bbcbf6a253710bf0ea37b5d\",\"name\":\"Patagonia Ambiental\",\"description\":\"Andr\u00e9s Nievas T\u00e9cnico en manejo ambiental, consultor Ambiental y escritor para medios locales e internacionales sobre temas de geopolitica y medio ambiente.\",\"sameAs\":[\"http:\\\/\\\/www.patagoniambiental.com.ar\",\"https:\\\/\\\/www.facebook.com\\\/share\\\/1C1V8Gv9BX\\\/?mibextid=qi2Omg\",\"@patagoniambiental\",\"https:\\\/\\\/youtube.com\\\/@patagoniaambiental2023?si=BLt58t0wuXquxlYZ\"]}]}<\/script>\n<!-- \/ Yoast SEO Premium plugin. -->","yoast_head_json":{"title":"Bariloche avanza en el dise\u00f1o de su inventario de gases de efecto invernadero","robots":{"index":"index","follow":"follow","max-snippet":"max-snippet:-1","max-image-preview":"max-image-preview:large","max-video-preview":"max-video-preview:-1"},"canonical":"https:\/\/patagoniambiental.com.ar\/info\/bariloche-avanza-en-el-diseno-de-su-inventario-de-gases-de-efecto-invernadero\/","og_locale":"es_ES","og_type":"article","og_title":"Bariloche avanza en el dise\u00f1o de su inventario de gases de efecto invernadero","og_description":"BARILOCHE.- La Subsecretar\u00eda de Medio Ambiente de la Municipalidad de San Carlos de Bariloche est\u00e1 trabajando en la elaboraci\u00f3n del [&hellip;]","og_url":"https:\/\/patagoniambiental.com.ar\/info\/bariloche-avanza-en-el-diseno-de-su-inventario-de-gases-de-efecto-invernadero\/","og_site_name":"Patagonia Ambiental","article_publisher":"https:\/\/www.facebook.com\/patagonia.ambiental","article_author":"https:\/\/www.facebook.com\/share\/1C1V8Gv9BX\/?mibextid=qi2Omg","article_published_time":"2017-02-03T12:00:15+00:00","og_image":[{"width":600,"height":243,"url":"https:\/\/patagoniambiental.com.ar\/info\/wp-content\/uploads\/2017\/02\/GASES-INVERNADEROS-BARILOCHE.jpg","type":"image\/jpeg"}],"author":"Patagonia Ambiental","twitter_card":"summary_large_image","twitter_creator":"@PatAmb","twitter_site":"@PatAmb","schema":{"@context":"https:\/\/schema.org","@graph":[{"@type":"Article","@id":"https:\/\/patagoniambiental.com.ar\/info\/bariloche-avanza-en-el-diseno-de-su-inventario-de-gases-de-efecto-invernadero\/#article","isPartOf":{"@id":"https:\/\/patagoniambiental.com.ar\/info\/bariloche-avanza-en-el-diseno-de-su-inventario-de-gases-de-efecto-invernadero\/"},"author":{"name":"Patagonia Ambiental","@id":"https:\/\/patagoniambiental.com.ar\/info\/#\/schema\/person\/db12bff64bbcbf6a253710bf0ea37b5d"},"headline":"Bariloche avanza en el dise\u00f1o de su inventario de gases de efecto invernadero","datePublished":"2017-02-03T12:00:15+00:00","mainEntityOfPage":{"@id":"https:\/\/patagoniambiental.com.ar\/info\/bariloche-avanza-en-el-diseno-de-su-inventario-de-gases-de-efecto-invernadero\/"},"wordCount":480,"publisher":{"@id":"https:\/\/patagoniambiental.com.ar\/info\/#organization"},"articleSection":["Municipales"],"inLanguage":"es"},{"@type":"WebPage","@id":"https:\/\/patagoniambiental.com.ar\/info\/bariloche-avanza-en-el-diseno-de-su-inventario-de-gases-de-efecto-invernadero\/","url":"https:\/\/patagoniambiental.com.ar\/info\/bariloche-avanza-en-el-diseno-de-su-inventario-de-gases-de-efecto-invernadero\/","name":"Bariloche avanza en el dise\u00f1o de su inventario de gases de efecto invernadero","isPartOf":{"@id":"https:\/\/patagoniambiental.com.ar\/info\/#website"},"datePublished":"2017-02-03T12:00:15+00:00","breadcrumb":{"@id":"https:\/\/patagoniambiental.com.ar\/info\/bariloche-avanza-en-el-diseno-de-su-inventario-de-gases-de-efecto-invernadero\/#breadcrumb"},"inLanguage":"es","potentialAction":[{"@type":"ReadAction","target":["https:\/\/patagoniambiental.com.ar\/info\/bariloche-avanza-en-el-diseno-de-su-inventario-de-gases-de-efecto-invernadero\/"]}]},{"@type":"BreadcrumbList","@id":"https:\/\/patagoniambiental.com.ar\/info\/bariloche-avanza-en-el-diseno-de-su-inventario-de-gases-de-efecto-invernadero\/#breadcrumb","itemListElement":[{"@type":"ListItem","position":1,"name":"Inicio","item":"https:\/\/patagoniambiental.com.ar\/info\/"},{"@type":"ListItem","position":2,"name":"Bariloche avanza en el dise\u00f1o de su inventario de gases de efecto invernadero"}]},{"@type":"WebSite","@id":"https:\/\/patagoniambiental.com.ar\/info\/#website","url":"https:\/\/patagoniambiental.com.ar\/info\/","name":"Patagonia Ambiental","description":"Monitoreo y an\u00e1lisis de la situaci\u00f3n geopol\u00edtica en el mundo y su implicancia en la Patagonia","publisher":{"@id":"https:\/\/patagoniambiental.com.ar\/info\/#organization"},"potentialAction":[{"@type":"SearchAction","target":{"@type":"EntryPoint","urlTemplate":"https:\/\/patagoniambiental.com.ar\/info\/?s={search_term_string}"},"query-input":{"@type":"PropertyValueSpecification","valueRequired":true,"valueName":"search_term_string"}}],"inLanguage":"es"},{"@type":"Organization","@id":"https:\/\/patagoniambiental.com.ar\/info\/#organization","name":"Patagonia Ambiental","url":"https:\/\/patagoniambiental.com.ar\/info\/","logo":{"@type":"ImageObject","inLanguage":"es","@id":"https:\/\/patagoniambiental.com.ar\/info\/#\/schema\/logo\/image\/","url":"https:\/\/patagoniambiental.com.ar\/info\/wp-content\/uploads\/2025\/05\/LOGO-PATAGONIA-AMBIENTAL.png","contentUrl":"https:\/\/patagoniambiental.com.ar\/info\/wp-content\/uploads\/2025\/05\/LOGO-PATAGONIA-AMBIENTAL.png","width":433,"height":250,"caption":"Patagonia Ambiental"},"image":{"@id":"https:\/\/patagoniambiental.com.ar\/info\/#\/schema\/logo\/image\/"},"sameAs":["https:\/\/www.facebook.com\/patagonia.ambiental","https:\/\/x.com\/PatAmb"]},{"@type":"Person","@id":"https:\/\/patagoniambiental.com.ar\/info\/#\/schema\/person\/db12bff64bbcbf6a253710bf0ea37b5d","name":"Patagonia Ambiental","description":"Andr\u00e9s Nievas T\u00e9cnico en manejo ambiental, consultor Ambiental y escritor para medios locales e internacionales sobre temas de geopolitica y medio ambiente.","sameAs":["http:\/\/www.patagoniambiental.com.ar","https:\/\/www.facebook.com\/share\/1C1V8Gv9BX\/?mibextid=qi2Omg","@patagoniambiental","https:\/\/youtube.com\/@patagoniaambiental2023?si=BLt58t0wuXquxlYZ"]}]}},"_links":{"self":[{"href":"https:\/\/patagoniambiental.com.ar\/info\/wp-json\/wp\/v2\/posts\/24511","targetHints":{"allow":["GET"]}}],"collection":[{"href":"https:\/\/patagoniambiental.com.ar\/info\/wp-json\/wp\/v2\/posts"}],"about":[{"href":"https:\/\/patagoniambiental.com.ar\/info\/wp-json\/wp\/v2\/types\/post"}],"author":[{"embeddable":true,"href":"https:\/\/patagoniambiental.com.ar\/info\/wp-json\/wp\/v2\/users\/2"}],"replies":[{"embeddable":true,"href":"https:\/\/patagoniambiental.com.ar\/info\/wp-json\/wp\/v2\/comments?post=24511"}],"version-history":[{"count":0,"href":"https:\/\/patagoniambiental.com.ar\/info\/wp-json\/wp\/v2\/posts\/24511\/revisions"}],"wp:attachment":[{"href":"https:\/\/patagoniambiental.com.ar\/info\/wp-json\/wp\/v2\/media?parent=24511"}],"wp:term":[{"taxonomy":"category","embeddable":true,"href":"https:\/\/patagoniambiental.com.ar\/info\/wp-json\/wp\/v2\/categories?post=24511"},{"taxonomy":"post_tag","embeddable":true,"href":"https:\/\/patagoniambiental.com.ar\/info\/wp-json\/wp\/v2\/tags?post=24511"}],"curies":[{"name":"wp","href":"https:\/\/api.w.org\/{rel}","templated":true}]}}