{"id":24541,"date":"2017-02-04T09:00:30","date_gmt":"2017-02-04T12:00:30","guid":{"rendered":"http:\/\/patagoniambiental.com.ar\/?p=24541"},"modified":"2017-02-04T09:00:30","modified_gmt":"2017-02-04T12:00:30","slug":"viedma-inauguraron-las-nuevas-pasarelas-y-escaleras-de-la-playa-el-espigon","status":"publish","type":"post","link":"https:\/\/patagoniambiental.com.ar\/info\/viedma-inauguraron-las-nuevas-pasarelas-y-escaleras-de-la-playa-el-espigon\/","title":{"rendered":"Viedma: Inauguraron las nuevas pasarelas y escaleras de la playa \u00abEl Espig\u00f3n\u00bb"},"content":{"rendered":"<p class=\"title\">VIEDMA.- El gobernador de R\u00edo Negro, Alberto Weretilneck, encabez\u00f3 la inauguraci\u00f3n de las nuevas pasarelas y escaleras en la baja \u00abEl Espig\u00f3n\u00bb, obra que demand\u00f3 una inversi\u00f3n que supera los $3.100.000.<\/p>\n<p>Con estos trabajos, se pone nuevamente en valor un enclave tur\u00edstico de gran atractivo de la costa.<\/p>\n<p>La bajada \u201cEl Espig\u00f3n\u201d se encuentra a unos 20 kil\u00f3metros del balneario El C\u00f3ndor, sobre la Ruta Provincial 1. Con estas obras, se facilita notablemente el acceso de turistas y pescadores a la playa y al macizo rocoso enclavado dentro del mar, desde donde se puede practicar la pesca directa a la r\u00eda mar\u00edtima.<\/p>\n<p>Acompa\u00f1aron al Mandatario, el vicegobernador Pedro Pesatti; el intendente de Viedma, Jos\u00e9 Luis Foulkes; el secretario general de la Gobernaci\u00f3n, Mat\u00edas Rulli; los ministros de Obras y Servicios P\u00fablicos, Carlos Valeri y de Turismo, Cultura y Deporte, Silvina Arrieta; los secretarios de Obras e Infraestructura, Alejandro Echarren y de Deportes, Marcelo Szczygol; los legisladores, Alejandro Palmieri, Facundo L\u00f3pez y Rodolfo Cufre, entre otras autoridades.<\/p>\n<p>Luego del corte de cinta, los presentes recorrieron las pasarelas, dialogaron con los veraneantes que disfrutaban de las playas y los pescadores que se encontraban en el espig\u00f3n central.<\/p>\n<p>Luego, se degustaron bocadillos preparados por el chef Sandro Fogel, con materias primas de la zona y vinos de la provincia.<\/p>\n<p>En este marco, el Vicegobernador Pesatti resalt\u00f3 la importancia de la obra, se\u00f1alando \u201cque estas pasarelas permiten vincular un moj\u00f3n natural, que es el espig\u00f3n, con la costa, los que facilita el acceso de pescadores y visitantes, en una de las playas m\u00e1s particulares que tiene R\u00edo Negro\u201d.<\/p>\n<p>\u201cEs un lugar donde adem\u00e1s se practica surf, pero es indudablemente un espacio muy apropiado para la pesca deportiva, independientemente de la playa inconmensurable que tiene\u201d, dijo.<\/p>\n<p>Resalt\u00f3 este tipo de obra ratifica a R\u00edo Negro como \u201cuna provincia tur\u00edstica, con una actividad superlativa y de las principales, junto con la fruticultura, generadora de empleo y recursos para el Estado\u201d.<\/p>\n<p>\u201cPara el Gobierno Provincial, el turismo es una de las \u00e1reas m\u00e1s importantes para seguir desarrollando, teniendo en cuenta adem\u00e1s que R\u00edo Negro prontamente ser\u00e1 la \u00fanica provincia que permitir\u00e1 a un turista disfrutar en un mismo d\u00eda del mar y la cordillera, a trav\u00e9s de la Ruta Nacional 23\u201d.<\/p>\n<p>\u201cEsto tiene que ver con las bondades que la naturaleza le prodigo a la provincia y es nuestro deber, como Gobierno, dotarla de la infraestructura que necesita\u201d, finaliz\u00f3.<\/p>\n<p>Por su parte, el Ministro Valeri coincidi\u00f3 al destacar la importancia de los trabajos y record\u00f3 sus inicios: \u201cEsto empez\u00f3 con el Municipio, que hizo la bajada de hormig\u00f3n, barandas y una escalera, pero esa obra qued\u00f3 trunca en ese momento y el Gobierno Provincial asumi\u00f3 el compromiso de recuperar esas pasarelas que ya exist\u00edan, pero que durante 20 a\u00f1os se deterioraron\u201d.<\/p>\n<p>\u201cLa obra consiste en la escalinata final, un puente que no exist\u00eda antes, pero se arm\u00f3 luego por el riesgo de desmoronamiento del acantilado. Posteriormente, se hizo una pasarela de hormig\u00f3n. La obra demand\u00f3 $3.100.000 de inversi\u00f3n, con mucho tiempo de trabajo en taller\u201d, explic\u00f3.<\/p>\n<p>Destac\u00f3 que la Provincia tiene en marcha y proyecta obras de infraestructura en materia tur\u00edstica, para \u201cgenerar empleo y acompa\u00f1ar el atractivo tur\u00edstico de cada regi\u00f3n\u201d.<\/p>\n<p>En ese marco, explic\u00f3 que se avanza en otros trabajos similares a este, \u201ccomo el punto panor\u00e1mico en Bariloche, un lugar de la Ruta 77 donde pasan unos 600.000 visitantes por a\u00f1o, pero no tiene un deck con medidas de seguridad y otras necesidades\u201d.<\/p>\n<p>\u201cMas all\u00e1 de las obras que el gobierno ejecuta en salud, seguridad y escolares, tenemos que hacer este tipo de inversi\u00f3n para activar el turismo\u201d, finaliz\u00f3.<\/p>\n<p><strong>Detalles de la obra<\/strong><\/p>\n<p>Los trabajos de construcci\u00f3n de pasarelas y escaleras estuvieron a cargo de la empresa Construcciones Normalizadas Viedma. La inversi\u00f3n total fue de $3.163.087.<\/p>\n<p>La primera etapa de la obra se inici\u00f3 en los talleres de la empresa contratista, con el armado en m\u00f3dulos de las pasarelas y escalinatas que incluye tambi\u00e9n barandas de seguridad, pasamanos y ca\u00f1os de contenci\u00f3n.<\/p>\n<p>Las pasarelas peatonales tienen una capacidad total de carga de 3.000 kilogramos o sea 30 a 40 personas. Adem\u00e1s, todos los elementos tienen un arenado previo y triple tratamiento anticorrosivo con base cincada, pintura ep\u00f3xica y pintura protectora de rayos UV, lo que garantizar\u00e1 su vida \u00fatil.<\/p>\n<p>Posteriormente, se continu\u00f3 en terreno con la preparaci\u00f3n de la superficie de asiento y la ejecuci\u00f3n de dados de hormig\u00f3n armado para sostener las estructuras de las pasarelas peatonales.<\/p>\n<p>Por \u00faltimo, se montaron las nuevas pasarelas y se reemplaz\u00f3 la escalinata de acceso a la playa.\u00a0Tambi\u00e9n se construy\u00f3 un viaducto que va desde la escalera de acceso hasta la primera piedra de apoyo de una de las pasarelas.<\/p>\n<div id=\"social-share\">\u00a0Fuente: Gobierno de R\u00edo Negro<\/div>\n","protected":false},"excerpt":{"rendered":"<p>VIEDMA.- El gobernador de R\u00edo Negro, Alberto Weretilneck, encabez\u00f3 la inauguraci\u00f3n de las nuevas pasarelas y escaleras en la baja [&hellip;]<\/p>\n","protected":false},"author":2,"featured_media":0,"comment_status":"closed","ping_status":"closed","sticky":false,"template":"","format":"standard","meta":{"site-sidebar-layout":"default","site-content-layout":"","ast-site-content-layout":"default","site-content-style":"default","site-sidebar-style":"default","ast-global-header-display":"","ast-banner-title-visibility":"","ast-main-header-display":"","ast-hfb-above-header-display":"","ast-hfb-below-header-display":"","ast-hfb-mobile-header-display":"","site-post-title":"","ast-breadcrumbs-content":"","ast-featured-img":"","footer-sml-layout":"","ast-disable-related-posts":"","theme-transparent-header-meta":"","adv-header-id-meta":"","stick-header-meta":"","header-above-stick-meta":"","header-main-stick-meta":"","header-below-stick-meta":"","astra-migrate-meta-layouts":"default","ast-page-background-enabled":"default","ast-page-background-meta":{"desktop":{"background-color":"var(--ast-global-color-5)","background-image":"","background-repeat":"repeat","background-position":"center center","background-size":"auto","background-attachment":"scroll","background-type":"","background-media":"","overlay-type":"","overlay-color":"","overlay-opacity":"","overlay-gradient":""},"tablet":{"background-color":"","background-image":"","background-repeat":"repeat","background-position":"center center","background-size":"auto","background-attachment":"scroll","background-type":"","background-media":"","overlay-type":"","overlay-color":"","overlay-opacity":"","overlay-gradient":""},"mobile":{"background-color":"","background-image":"","background-repeat":"repeat","background-position":"center center","background-size":"auto","background-attachment":"scroll","background-type":"","background-media":"","overlay-type":"","overlay-color":"","overlay-opacity":"","overlay-gradient":""}},"ast-content-background-meta":{"desktop":{"background-color":"var(--ast-global-color-4)","background-image":"","background-repeat":"repeat","background-position":"center center","background-size":"auto","background-attachment":"scroll","background-type":"","background-media":"","overlay-type":"","overlay-color":"","overlay-opacity":"","overlay-gradient":""},"tablet":{"background-color":"var(--ast-global-color-4)","background-image":"","background-repeat":"repeat","background-position":"center center","background-size":"auto","background-attachment":"scroll","background-type":"","background-media":"","overlay-type":"","overlay-color":"","overlay-opacity":"","overlay-gradient":""},"mobile":{"background-color":"var(--ast-global-color-4)","background-image":"","background-repeat":"repeat","background-position":"center center","background-size":"auto","background-attachment":"scroll","background-type":"","background-media":"","overlay-type":"","overlay-color":"","overlay-opacity":"","overlay-gradient":""}},"footnotes":""},"categories":[16],"tags":[],"class_list":["post-24541","post","type-post","status-publish","format-standard","hentry","category-municipales"],"yoast_head":"<!-- This site is optimized with the Yoast SEO Premium plugin v23.0 (Yoast SEO v27.4) - https:\/\/yoast.com\/product\/yoast-seo-premium-wordpress\/ -->\n<title>Viedma: Inauguraron las nuevas pasarelas y escaleras de la playa &quot;El Espig\u00f3n&quot;<\/title>\n<meta name=\"robots\" content=\"index, follow, max-snippet:-1, max-image-preview:large, max-video-preview:-1\" \/>\n<link rel=\"canonical\" href=\"https:\/\/patagoniambiental.com.ar\/info\/viedma-inauguraron-las-nuevas-pasarelas-y-escaleras-de-la-playa-el-espigon\/\" \/>\n<meta property=\"og:locale\" content=\"es_ES\" \/>\n<meta property=\"og:type\" content=\"article\" \/>\n<meta property=\"og:title\" content=\"Viedma: Inauguraron las nuevas pasarelas y escaleras de la playa &quot;El Espig\u00f3n&quot;\" \/>\n<meta property=\"og:description\" content=\"VIEDMA.- El gobernador de R\u00edo Negro, Alberto Weretilneck, encabez\u00f3 la inauguraci\u00f3n de las nuevas pasarelas y escaleras en la baja [&hellip;]\" \/>\n<meta property=\"og:url\" content=\"https:\/\/patagoniambiental.com.ar\/info\/viedma-inauguraron-las-nuevas-pasarelas-y-escaleras-de-la-playa-el-espigon\/\" \/>\n<meta property=\"og:site_name\" content=\"Patagonia Ambiental\" \/>\n<meta property=\"article:publisher\" content=\"https:\/\/www.facebook.com\/patagonia.ambiental\" \/>\n<meta property=\"article:author\" content=\"https:\/\/www.facebook.com\/share\/1C1V8Gv9BX\/?mibextid=qi2Omg\" \/>\n<meta property=\"article:published_time\" content=\"2017-02-04T12:00:30+00:00\" \/>\n<meta property=\"og:image\" content=\"https:\/\/patagoniambiental.com.ar\/info\/wp-content\/uploads\/2017\/02\/31845979914_bccdc0d603_z.jpg\" \/>\n\t<meta property=\"og:image:width\" content=\"640\" \/>\n\t<meta property=\"og:image:height\" content=\"427\" \/>\n\t<meta property=\"og:image:type\" content=\"image\/jpeg\" \/>\n<meta name=\"author\" content=\"Patagonia Ambiental\" \/>\n<meta name=\"twitter:card\" content=\"summary_large_image\" \/>\n<meta name=\"twitter:creator\" content=\"@PatAmb\" \/>\n<meta name=\"twitter:site\" content=\"@PatAmb\" \/>\n<script type=\"application\/ld+json\" class=\"yoast-schema-graph\">{\"@context\":\"https:\\\/\\\/schema.org\",\"@graph\":[{\"@type\":\"Article\",\"@id\":\"https:\\\/\\\/patagoniambiental.com.ar\\\/info\\\/viedma-inauguraron-las-nuevas-pasarelas-y-escaleras-de-la-playa-el-espigon\\\/#article\",\"isPartOf\":{\"@id\":\"https:\\\/\\\/patagoniambiental.com.ar\\\/info\\\/viedma-inauguraron-las-nuevas-pasarelas-y-escaleras-de-la-playa-el-espigon\\\/\"},\"author\":{\"name\":\"Patagonia Ambiental\",\"@id\":\"https:\\\/\\\/patagoniambiental.com.ar\\\/info\\\/#\\\/schema\\\/person\\\/db12bff64bbcbf6a253710bf0ea37b5d\"},\"headline\":\"Viedma: Inauguraron las nuevas pasarelas y escaleras de la playa \u00abEl Espig\u00f3n\u00bb\",\"datePublished\":\"2017-02-04T12:00:30+00:00\",\"mainEntityOfPage\":{\"@id\":\"https:\\\/\\\/patagoniambiental.com.ar\\\/info\\\/viedma-inauguraron-las-nuevas-pasarelas-y-escaleras-de-la-playa-el-espigon\\\/\"},\"wordCount\":846,\"publisher\":{\"@id\":\"https:\\\/\\\/patagoniambiental.com.ar\\\/info\\\/#organization\"},\"articleSection\":[\"Municipales\"],\"inLanguage\":\"es\"},{\"@type\":\"WebPage\",\"@id\":\"https:\\\/\\\/patagoniambiental.com.ar\\\/info\\\/viedma-inauguraron-las-nuevas-pasarelas-y-escaleras-de-la-playa-el-espigon\\\/\",\"url\":\"https:\\\/\\\/patagoniambiental.com.ar\\\/info\\\/viedma-inauguraron-las-nuevas-pasarelas-y-escaleras-de-la-playa-el-espigon\\\/\",\"name\":\"Viedma: Inauguraron las nuevas pasarelas y escaleras de la playa \\\"El Espig\u00f3n\\\"\",\"isPartOf\":{\"@id\":\"https:\\\/\\\/patagoniambiental.com.ar\\\/info\\\/#website\"},\"datePublished\":\"2017-02-04T12:00:30+00:00\",\"breadcrumb\":{\"@id\":\"https:\\\/\\\/patagoniambiental.com.ar\\\/info\\\/viedma-inauguraron-las-nuevas-pasarelas-y-escaleras-de-la-playa-el-espigon\\\/#breadcrumb\"},\"inLanguage\":\"es\",\"potentialAction\":[{\"@type\":\"ReadAction\",\"target\":[\"https:\\\/\\\/patagoniambiental.com.ar\\\/info\\\/viedma-inauguraron-las-nuevas-pasarelas-y-escaleras-de-la-playa-el-espigon\\\/\"]}]},{\"@type\":\"BreadcrumbList\",\"@id\":\"https:\\\/\\\/patagoniambiental.com.ar\\\/info\\\/viedma-inauguraron-las-nuevas-pasarelas-y-escaleras-de-la-playa-el-espigon\\\/#breadcrumb\",\"itemListElement\":[{\"@type\":\"ListItem\",\"position\":1,\"name\":\"Inicio\",\"item\":\"https:\\\/\\\/patagoniambiental.com.ar\\\/info\\\/\"},{\"@type\":\"ListItem\",\"position\":2,\"name\":\"Viedma: Inauguraron las nuevas pasarelas y escaleras de la playa \u00abEl Espig\u00f3n\u00bb\"}]},{\"@type\":\"WebSite\",\"@id\":\"https:\\\/\\\/patagoniambiental.com.ar\\\/info\\\/#website\",\"url\":\"https:\\\/\\\/patagoniambiental.com.ar\\\/info\\\/\",\"name\":\"Patagonia Ambiental\",\"description\":\"Monitoreo y an\u00e1lisis de la situaci\u00f3n geopol\u00edtica en el mundo y su implicancia en la Patagonia\",\"publisher\":{\"@id\":\"https:\\\/\\\/patagoniambiental.com.ar\\\/info\\\/#organization\"},\"potentialAction\":[{\"@type\":\"SearchAction\",\"target\":{\"@type\":\"EntryPoint\",\"urlTemplate\":\"https:\\\/\\\/patagoniambiental.com.ar\\\/info\\\/?s={search_term_string}\"},\"query-input\":{\"@type\":\"PropertyValueSpecification\",\"valueRequired\":true,\"valueName\":\"search_term_string\"}}],\"inLanguage\":\"es\"},{\"@type\":\"Organization\",\"@id\":\"https:\\\/\\\/patagoniambiental.com.ar\\\/info\\\/#organization\",\"name\":\"Patagonia Ambiental\",\"url\":\"https:\\\/\\\/patagoniambiental.com.ar\\\/info\\\/\",\"logo\":{\"@type\":\"ImageObject\",\"inLanguage\":\"es\",\"@id\":\"https:\\\/\\\/patagoniambiental.com.ar\\\/info\\\/#\\\/schema\\\/logo\\\/image\\\/\",\"url\":\"https:\\\/\\\/patagoniambiental.com.ar\\\/info\\\/wp-content\\\/uploads\\\/2025\\\/05\\\/LOGO-PATAGONIA-AMBIENTAL.png\",\"contentUrl\":\"https:\\\/\\\/patagoniambiental.com.ar\\\/info\\\/wp-content\\\/uploads\\\/2025\\\/05\\\/LOGO-PATAGONIA-AMBIENTAL.png\",\"width\":433,\"height\":250,\"caption\":\"Patagonia Ambiental\"},\"image\":{\"@id\":\"https:\\\/\\\/patagoniambiental.com.ar\\\/info\\\/#\\\/schema\\\/logo\\\/image\\\/\"},\"sameAs\":[\"https:\\\/\\\/www.facebook.com\\\/patagonia.ambiental\",\"https:\\\/\\\/x.com\\\/PatAmb\"]},{\"@type\":\"Person\",\"@id\":\"https:\\\/\\\/patagoniambiental.com.ar\\\/info\\\/#\\\/schema\\\/person\\\/db12bff64bbcbf6a253710bf0ea37b5d\",\"name\":\"Patagonia Ambiental\",\"description\":\"Andr\u00e9s Nievas T\u00e9cnico en manejo ambiental, consultor Ambiental y escritor para medios locales e internacionales sobre temas de geopolitica y medio ambiente.\",\"sameAs\":[\"http:\\\/\\\/www.patagoniambiental.com.ar\",\"https:\\\/\\\/www.facebook.com\\\/share\\\/1C1V8Gv9BX\\\/?mibextid=qi2Omg\",\"@patagoniambiental\",\"https:\\\/\\\/youtube.com\\\/@patagoniaambiental2023?si=BLt58t0wuXquxlYZ\"]}]}<\/script>\n<!-- \/ Yoast SEO Premium plugin. -->","yoast_head_json":{"title":"Viedma: Inauguraron las nuevas pasarelas y escaleras de la playa \"El Espig\u00f3n\"","robots":{"index":"index","follow":"follow","max-snippet":"max-snippet:-1","max-image-preview":"max-image-preview:large","max-video-preview":"max-video-preview:-1"},"canonical":"https:\/\/patagoniambiental.com.ar\/info\/viedma-inauguraron-las-nuevas-pasarelas-y-escaleras-de-la-playa-el-espigon\/","og_locale":"es_ES","og_type":"article","og_title":"Viedma: Inauguraron las nuevas pasarelas y escaleras de la playa \"El Espig\u00f3n\"","og_description":"VIEDMA.- El gobernador de R\u00edo Negro, Alberto Weretilneck, encabez\u00f3 la inauguraci\u00f3n de las nuevas pasarelas y escaleras en la baja [&hellip;]","og_url":"https:\/\/patagoniambiental.com.ar\/info\/viedma-inauguraron-las-nuevas-pasarelas-y-escaleras-de-la-playa-el-espigon\/","og_site_name":"Patagonia Ambiental","article_publisher":"https:\/\/www.facebook.com\/patagonia.ambiental","article_author":"https:\/\/www.facebook.com\/share\/1C1V8Gv9BX\/?mibextid=qi2Omg","article_published_time":"2017-02-04T12:00:30+00:00","og_image":[{"width":640,"height":427,"url":"https:\/\/patagoniambiental.com.ar\/info\/wp-content\/uploads\/2017\/02\/31845979914_bccdc0d603_z.jpg","type":"image\/jpeg"}],"author":"Patagonia Ambiental","twitter_card":"summary_large_image","twitter_creator":"@PatAmb","twitter_site":"@PatAmb","schema":{"@context":"https:\/\/schema.org","@graph":[{"@type":"Article","@id":"https:\/\/patagoniambiental.com.ar\/info\/viedma-inauguraron-las-nuevas-pasarelas-y-escaleras-de-la-playa-el-espigon\/#article","isPartOf":{"@id":"https:\/\/patagoniambiental.com.ar\/info\/viedma-inauguraron-las-nuevas-pasarelas-y-escaleras-de-la-playa-el-espigon\/"},"author":{"name":"Patagonia Ambiental","@id":"https:\/\/patagoniambiental.com.ar\/info\/#\/schema\/person\/db12bff64bbcbf6a253710bf0ea37b5d"},"headline":"Viedma: Inauguraron las nuevas pasarelas y escaleras de la playa \u00abEl Espig\u00f3n\u00bb","datePublished":"2017-02-04T12:00:30+00:00","mainEntityOfPage":{"@id":"https:\/\/patagoniambiental.com.ar\/info\/viedma-inauguraron-las-nuevas-pasarelas-y-escaleras-de-la-playa-el-espigon\/"},"wordCount":846,"publisher":{"@id":"https:\/\/patagoniambiental.com.ar\/info\/#organization"},"articleSection":["Municipales"],"inLanguage":"es"},{"@type":"WebPage","@id":"https:\/\/patagoniambiental.com.ar\/info\/viedma-inauguraron-las-nuevas-pasarelas-y-escaleras-de-la-playa-el-espigon\/","url":"https:\/\/patagoniambiental.com.ar\/info\/viedma-inauguraron-las-nuevas-pasarelas-y-escaleras-de-la-playa-el-espigon\/","name":"Viedma: Inauguraron las nuevas pasarelas y escaleras de la playa \"El Espig\u00f3n\"","isPartOf":{"@id":"https:\/\/patagoniambiental.com.ar\/info\/#website"},"datePublished":"2017-02-04T12:00:30+00:00","breadcrumb":{"@id":"https:\/\/patagoniambiental.com.ar\/info\/viedma-inauguraron-las-nuevas-pasarelas-y-escaleras-de-la-playa-el-espigon\/#breadcrumb"},"inLanguage":"es","potentialAction":[{"@type":"ReadAction","target":["https:\/\/patagoniambiental.com.ar\/info\/viedma-inauguraron-las-nuevas-pasarelas-y-escaleras-de-la-playa-el-espigon\/"]}]},{"@type":"BreadcrumbList","@id":"https:\/\/patagoniambiental.com.ar\/info\/viedma-inauguraron-las-nuevas-pasarelas-y-escaleras-de-la-playa-el-espigon\/#breadcrumb","itemListElement":[{"@type":"ListItem","position":1,"name":"Inicio","item":"https:\/\/patagoniambiental.com.ar\/info\/"},{"@type":"ListItem","position":2,"name":"Viedma: Inauguraron las nuevas pasarelas y escaleras de la playa \u00abEl Espig\u00f3n\u00bb"}]},{"@type":"WebSite","@id":"https:\/\/patagoniambiental.com.ar\/info\/#website","url":"https:\/\/patagoniambiental.com.ar\/info\/","name":"Patagonia Ambiental","description":"Monitoreo y an\u00e1lisis de la situaci\u00f3n geopol\u00edtica en el mundo y su implicancia en la Patagonia","publisher":{"@id":"https:\/\/patagoniambiental.com.ar\/info\/#organization"},"potentialAction":[{"@type":"SearchAction","target":{"@type":"EntryPoint","urlTemplate":"https:\/\/patagoniambiental.com.ar\/info\/?s={search_term_string}"},"query-input":{"@type":"PropertyValueSpecification","valueRequired":true,"valueName":"search_term_string"}}],"inLanguage":"es"},{"@type":"Organization","@id":"https:\/\/patagoniambiental.com.ar\/info\/#organization","name":"Patagonia Ambiental","url":"https:\/\/patagoniambiental.com.ar\/info\/","logo":{"@type":"ImageObject","inLanguage":"es","@id":"https:\/\/patagoniambiental.com.ar\/info\/#\/schema\/logo\/image\/","url":"https:\/\/patagoniambiental.com.ar\/info\/wp-content\/uploads\/2025\/05\/LOGO-PATAGONIA-AMBIENTAL.png","contentUrl":"https:\/\/patagoniambiental.com.ar\/info\/wp-content\/uploads\/2025\/05\/LOGO-PATAGONIA-AMBIENTAL.png","width":433,"height":250,"caption":"Patagonia Ambiental"},"image":{"@id":"https:\/\/patagoniambiental.com.ar\/info\/#\/schema\/logo\/image\/"},"sameAs":["https:\/\/www.facebook.com\/patagonia.ambiental","https:\/\/x.com\/PatAmb"]},{"@type":"Person","@id":"https:\/\/patagoniambiental.com.ar\/info\/#\/schema\/person\/db12bff64bbcbf6a253710bf0ea37b5d","name":"Patagonia Ambiental","description":"Andr\u00e9s Nievas T\u00e9cnico en manejo ambiental, consultor Ambiental y escritor para medios locales e internacionales sobre temas de geopolitica y medio ambiente.","sameAs":["http:\/\/www.patagoniambiental.com.ar","https:\/\/www.facebook.com\/share\/1C1V8Gv9BX\/?mibextid=qi2Omg","@patagoniambiental","https:\/\/youtube.com\/@patagoniaambiental2023?si=BLt58t0wuXquxlYZ"]}]}},"_links":{"self":[{"href":"https:\/\/patagoniambiental.com.ar\/info\/wp-json\/wp\/v2\/posts\/24541","targetHints":{"allow":["GET"]}}],"collection":[{"href":"https:\/\/patagoniambiental.com.ar\/info\/wp-json\/wp\/v2\/posts"}],"about":[{"href":"https:\/\/patagoniambiental.com.ar\/info\/wp-json\/wp\/v2\/types\/post"}],"author":[{"embeddable":true,"href":"https:\/\/patagoniambiental.com.ar\/info\/wp-json\/wp\/v2\/users\/2"}],"replies":[{"embeddable":true,"href":"https:\/\/patagoniambiental.com.ar\/info\/wp-json\/wp\/v2\/comments?post=24541"}],"version-history":[{"count":0,"href":"https:\/\/patagoniambiental.com.ar\/info\/wp-json\/wp\/v2\/posts\/24541\/revisions"}],"wp:attachment":[{"href":"https:\/\/patagoniambiental.com.ar\/info\/wp-json\/wp\/v2\/media?parent=24541"}],"wp:term":[{"taxonomy":"category","embeddable":true,"href":"https:\/\/patagoniambiental.com.ar\/info\/wp-json\/wp\/v2\/categories?post=24541"},{"taxonomy":"post_tag","embeddable":true,"href":"https:\/\/patagoniambiental.com.ar\/info\/wp-json\/wp\/v2\/tags?post=24541"}],"curies":[{"name":"wp","href":"https:\/\/api.w.org\/{rel}","templated":true}]}}