{"id":24573,"date":"2017-02-06T09:00:57","date_gmt":"2017-02-06T12:00:57","guid":{"rendered":"http:\/\/patagoniambiental.com.ar\/?p=24573"},"modified":"2017-02-06T09:00:57","modified_gmt":"2017-02-06T12:00:57","slug":"multaran-al-vecino-que-arroje-residuos-voluminosos-en-la-vereda","status":"publish","type":"post","link":"https:\/\/patagoniambiental.com.ar\/info\/multaran-al-vecino-que-arroje-residuos-voluminosos-en-la-vereda\/","title":{"rendered":"Multar\u00e1n al vecino que arroje residuos voluminosos en la vereda"},"content":{"rendered":"<p class=\"x_gmail-xmsonormal\" style=\"text-align: left;\" align=\"center\">Patagones.-Con el fin de fortalecer los operativos de limpieza en la ciudad,\u00a0las \u00e1reas\u00a0de Inspecci\u00f3n General\u00a0y Servicios P\u00fablicos\u00a0comenzar\u00e1n\u00a0a realizar las inspecciones en aquellos\u00a0barrios donde\u00a0finaliz\u00f3\u00a0la recolecci\u00f3n de residuos voluminosos, con el fin de advertir y posteriormente multar al vecino que arroje desechos\u00a0a la v\u00eda p\u00fablica.<!--more--><\/p>\n<p class=\"x_gmail-xmsonormal\">En este sentido, Alberto Kuen, del \u00e1rea de Inspecci\u00f3n,\u00a0explic\u00f3 que \u201cse\u00a0recorrer\u00e1n los diferentes sectores y,\u00a0al advertir acumulaci\u00f3n de ramas y\u00a0basura\u00a0domiciliaria en veredas -exceptuando escombros-,\u00a0se notificar\u00e1 al vecino.\u00a0De no cesar dicha conducta se realizar\u00e1 la multa correspondiente\u201d.<\/p>\n<p class=\"x_gmail-xmsonormal\">\u201cLo que no queremos es que se arrojen o depositen desechos en las veredas y en los espacios p\u00fablicos. \u00a0Estaremos controlando y revisando todas las\u00a0calles,\u00a0porque el vecino tiene la obligaci\u00f3n de no arrojar ni dejar residuos en las veredas\u201d, \u00a0advirti\u00f3 Kuen.<\/p>\n<p class=\"x_gmail-xmsonormal\">Se recuerda\u00a0a la comunidad\u00a0de\u00a0los barrios Villa Rita y Villa Mazzini que\u00a0contin\u00faa el operativo de limpieza barrial propuesto por la Municipalidad de Patagones.<\/p>\n<p class=\"x_gmail-xmsonormal\">\u00a0Para ello,\u00a0los frentistas deben\u00a0depositar\u00a0la basura no convencional y voluminosa, entre la que se contempla madera, hierro y chapas, entre otras,\u00a0para que sea posteriormente recolectada por los\u00a0operarios.<\/p>\n<p class=\"x_gmail-xmsonormal\">Fuente: Municipalidad de Patagones<\/p>\n","protected":false},"excerpt":{"rendered":"<p>Patagones.-Con el fin de fortalecer los operativos de limpieza en la ciudad,\u00a0las \u00e1reas\u00a0de Inspecci\u00f3n General\u00a0y Servicios P\u00fablicos\u00a0comenzar\u00e1n\u00a0a realizar las inspecciones [&hellip;]<\/p>\n","protected":false},"author":2,"featured_media":0,"comment_status":"closed","ping_status":"closed","sticky":false,"template":"","format":"standard","meta":{"site-sidebar-layout":"default","site-content-layout":"","ast-site-content-layout":"default","site-content-style":"default","site-sidebar-style":"default","ast-global-header-display":"","ast-banner-title-visibility":"","ast-main-header-display":"","ast-hfb-above-header-display":"","ast-hfb-below-header-display":"","ast-hfb-mobile-header-display":"","site-post-title":"","ast-breadcrumbs-content":"","ast-featured-img":"","footer-sml-layout":"","ast-disable-related-posts":"","theme-transparent-header-meta":"","adv-header-id-meta":"","stick-header-meta":"","header-above-stick-meta":"","header-main-stick-meta":"","header-below-stick-meta":"","astra-migrate-meta-layouts":"default","ast-page-background-enabled":"default","ast-page-background-meta":{"desktop":{"background-color":"var(--ast-global-color-5)","background-image":"","background-repeat":"repeat","background-position":"center center","background-size":"auto","background-attachment":"scroll","background-type":"","background-media":"","overlay-type":"","overlay-color":"","overlay-opacity":"","overlay-gradient":""},"tablet":{"background-color":"","background-image":"","background-repeat":"repeat","background-position":"center center","background-size":"auto","background-attachment":"scroll","background-type":"","background-media":"","overlay-type":"","overlay-color":"","overlay-opacity":"","overlay-gradient":""},"mobile":{"background-color":"","background-image":"","background-repeat":"repeat","background-position":"center center","background-size":"auto","background-attachment":"scroll","background-type":"","background-media":"","overlay-type":"","overlay-color":"","overlay-opacity":"","overlay-gradient":""}},"ast-content-background-meta":{"desktop":{"background-color":"var(--ast-global-color-4)","background-image":"","background-repeat":"repeat","background-position":"center center","background-size":"auto","background-attachment":"scroll","background-type":"","background-media":"","overlay-type":"","overlay-color":"","overlay-opacity":"","overlay-gradient":""},"tablet":{"background-color":"var(--ast-global-color-4)","background-image":"","background-repeat":"repeat","background-position":"center center","background-size":"auto","background-attachment":"scroll","background-type":"","background-media":"","overlay-type":"","overlay-color":"","overlay-opacity":"","overlay-gradient":""},"mobile":{"background-color":"var(--ast-global-color-4)","background-image":"","background-repeat":"repeat","background-position":"center center","background-size":"auto","background-attachment":"scroll","background-type":"","background-media":"","overlay-type":"","overlay-color":"","overlay-opacity":"","overlay-gradient":""}},"footnotes":""},"categories":[16],"tags":[],"class_list":["post-24573","post","type-post","status-publish","format-standard","hentry","category-municipales"],"yoast_head":"<!-- This site is optimized with the Yoast SEO Premium plugin v23.0 (Yoast SEO v27.4) - https:\/\/yoast.com\/product\/yoast-seo-premium-wordpress\/ -->\n<title>Multar\u00e1n al vecino que arroje residuos voluminosos en la vereda<\/title>\n<meta name=\"robots\" content=\"index, follow, max-snippet:-1, max-image-preview:large, max-video-preview:-1\" \/>\n<link rel=\"canonical\" href=\"https:\/\/patagoniambiental.com.ar\/info\/multaran-al-vecino-que-arroje-residuos-voluminosos-en-la-vereda\/\" \/>\n<meta property=\"og:locale\" content=\"es_ES\" \/>\n<meta property=\"og:type\" content=\"article\" \/>\n<meta property=\"og:title\" content=\"Multar\u00e1n al vecino que arroje residuos voluminosos en la vereda\" \/>\n<meta property=\"og:description\" content=\"Patagones.-Con el fin de fortalecer los operativos de limpieza en la ciudad,\u00a0las \u00e1reas\u00a0de Inspecci\u00f3n General\u00a0y Servicios P\u00fablicos\u00a0comenzar\u00e1n\u00a0a realizar las inspecciones [&hellip;]\" \/>\n<meta property=\"og:url\" content=\"https:\/\/patagoniambiental.com.ar\/info\/multaran-al-vecino-que-arroje-residuos-voluminosos-en-la-vereda\/\" \/>\n<meta property=\"og:site_name\" content=\"Patagonia Ambiental\" \/>\n<meta property=\"article:publisher\" content=\"https:\/\/www.facebook.com\/patagonia.ambiental\" \/>\n<meta property=\"article:author\" content=\"https:\/\/www.facebook.com\/share\/1C1V8Gv9BX\/?mibextid=qi2Omg\" \/>\n<meta property=\"article:published_time\" content=\"2017-02-06T12:00:57+00:00\" \/>\n<meta property=\"og:image\" content=\"https:\/\/patagoniambiental.com.ar\/info\/wp-content\/uploads\/2017\/02\/thumbnail_Recolecci\u00f3n-de-basura.jpg\" \/>\n\t<meta property=\"og:image:width\" content=\"631\" \/>\n\t<meta property=\"og:image:height\" content=\"485\" \/>\n\t<meta property=\"og:image:type\" content=\"image\/jpeg\" \/>\n<meta name=\"author\" content=\"Patagonia Ambiental\" \/>\n<meta name=\"twitter:card\" content=\"summary_large_image\" \/>\n<meta name=\"twitter:creator\" content=\"@PatAmb\" \/>\n<meta name=\"twitter:site\" content=\"@PatAmb\" \/>\n<script type=\"application\/ld+json\" class=\"yoast-schema-graph\">{\"@context\":\"https:\\\/\\\/schema.org\",\"@graph\":[{\"@type\":\"Article\",\"@id\":\"https:\\\/\\\/patagoniambiental.com.ar\\\/info\\\/multaran-al-vecino-que-arroje-residuos-voluminosos-en-la-vereda\\\/#article\",\"isPartOf\":{\"@id\":\"https:\\\/\\\/patagoniambiental.com.ar\\\/info\\\/multaran-al-vecino-que-arroje-residuos-voluminosos-en-la-vereda\\\/\"},\"author\":{\"name\":\"Patagonia Ambiental\",\"@id\":\"https:\\\/\\\/patagoniambiental.com.ar\\\/info\\\/#\\\/schema\\\/person\\\/db12bff64bbcbf6a253710bf0ea37b5d\"},\"headline\":\"Multar\u00e1n al vecino que arroje residuos voluminosos en la vereda\",\"datePublished\":\"2017-02-06T12:00:57+00:00\",\"mainEntityOfPage\":{\"@id\":\"https:\\\/\\\/patagoniambiental.com.ar\\\/info\\\/multaran-al-vecino-que-arroje-residuos-voluminosos-en-la-vereda\\\/\"},\"wordCount\":223,\"publisher\":{\"@id\":\"https:\\\/\\\/patagoniambiental.com.ar\\\/info\\\/#organization\"},\"articleSection\":[\"Municipales\"],\"inLanguage\":\"es\"},{\"@type\":\"WebPage\",\"@id\":\"https:\\\/\\\/patagoniambiental.com.ar\\\/info\\\/multaran-al-vecino-que-arroje-residuos-voluminosos-en-la-vereda\\\/\",\"url\":\"https:\\\/\\\/patagoniambiental.com.ar\\\/info\\\/multaran-al-vecino-que-arroje-residuos-voluminosos-en-la-vereda\\\/\",\"name\":\"Multar\u00e1n al vecino que arroje residuos voluminosos en la vereda\",\"isPartOf\":{\"@id\":\"https:\\\/\\\/patagoniambiental.com.ar\\\/info\\\/#website\"},\"datePublished\":\"2017-02-06T12:00:57+00:00\",\"breadcrumb\":{\"@id\":\"https:\\\/\\\/patagoniambiental.com.ar\\\/info\\\/multaran-al-vecino-que-arroje-residuos-voluminosos-en-la-vereda\\\/#breadcrumb\"},\"inLanguage\":\"es\",\"potentialAction\":[{\"@type\":\"ReadAction\",\"target\":[\"https:\\\/\\\/patagoniambiental.com.ar\\\/info\\\/multaran-al-vecino-que-arroje-residuos-voluminosos-en-la-vereda\\\/\"]}]},{\"@type\":\"BreadcrumbList\",\"@id\":\"https:\\\/\\\/patagoniambiental.com.ar\\\/info\\\/multaran-al-vecino-que-arroje-residuos-voluminosos-en-la-vereda\\\/#breadcrumb\",\"itemListElement\":[{\"@type\":\"ListItem\",\"position\":1,\"name\":\"Inicio\",\"item\":\"https:\\\/\\\/patagoniambiental.com.ar\\\/info\\\/\"},{\"@type\":\"ListItem\",\"position\":2,\"name\":\"Multar\u00e1n al vecino que arroje residuos voluminosos en la vereda\"}]},{\"@type\":\"WebSite\",\"@id\":\"https:\\\/\\\/patagoniambiental.com.ar\\\/info\\\/#website\",\"url\":\"https:\\\/\\\/patagoniambiental.com.ar\\\/info\\\/\",\"name\":\"Patagonia Ambiental\",\"description\":\"Monitoreo y an\u00e1lisis de la situaci\u00f3n geopol\u00edtica en el mundo y su implicancia en la Patagonia\",\"publisher\":{\"@id\":\"https:\\\/\\\/patagoniambiental.com.ar\\\/info\\\/#organization\"},\"potentialAction\":[{\"@type\":\"SearchAction\",\"target\":{\"@type\":\"EntryPoint\",\"urlTemplate\":\"https:\\\/\\\/patagoniambiental.com.ar\\\/info\\\/?s={search_term_string}\"},\"query-input\":{\"@type\":\"PropertyValueSpecification\",\"valueRequired\":true,\"valueName\":\"search_term_string\"}}],\"inLanguage\":\"es\"},{\"@type\":\"Organization\",\"@id\":\"https:\\\/\\\/patagoniambiental.com.ar\\\/info\\\/#organization\",\"name\":\"Patagonia Ambiental\",\"url\":\"https:\\\/\\\/patagoniambiental.com.ar\\\/info\\\/\",\"logo\":{\"@type\":\"ImageObject\",\"inLanguage\":\"es\",\"@id\":\"https:\\\/\\\/patagoniambiental.com.ar\\\/info\\\/#\\\/schema\\\/logo\\\/image\\\/\",\"url\":\"https:\\\/\\\/patagoniambiental.com.ar\\\/info\\\/wp-content\\\/uploads\\\/2025\\\/05\\\/LOGO-PATAGONIA-AMBIENTAL.png\",\"contentUrl\":\"https:\\\/\\\/patagoniambiental.com.ar\\\/info\\\/wp-content\\\/uploads\\\/2025\\\/05\\\/LOGO-PATAGONIA-AMBIENTAL.png\",\"width\":433,\"height\":250,\"caption\":\"Patagonia Ambiental\"},\"image\":{\"@id\":\"https:\\\/\\\/patagoniambiental.com.ar\\\/info\\\/#\\\/schema\\\/logo\\\/image\\\/\"},\"sameAs\":[\"https:\\\/\\\/www.facebook.com\\\/patagonia.ambiental\",\"https:\\\/\\\/x.com\\\/PatAmb\"]},{\"@type\":\"Person\",\"@id\":\"https:\\\/\\\/patagoniambiental.com.ar\\\/info\\\/#\\\/schema\\\/person\\\/db12bff64bbcbf6a253710bf0ea37b5d\",\"name\":\"Patagonia Ambiental\",\"description\":\"Andr\u00e9s Nievas T\u00e9cnico en manejo ambiental, consultor Ambiental y escritor para medios locales e internacionales sobre temas de geopolitica y medio ambiente.\",\"sameAs\":[\"http:\\\/\\\/www.patagoniambiental.com.ar\",\"https:\\\/\\\/www.facebook.com\\\/share\\\/1C1V8Gv9BX\\\/?mibextid=qi2Omg\",\"@patagoniambiental\",\"https:\\\/\\\/youtube.com\\\/@patagoniaambiental2023?si=BLt58t0wuXquxlYZ\"]}]}<\/script>\n<!-- \/ Yoast SEO Premium plugin. -->","yoast_head_json":{"title":"Multar\u00e1n al vecino que arroje residuos voluminosos en la vereda","robots":{"index":"index","follow":"follow","max-snippet":"max-snippet:-1","max-image-preview":"max-image-preview:large","max-video-preview":"max-video-preview:-1"},"canonical":"https:\/\/patagoniambiental.com.ar\/info\/multaran-al-vecino-que-arroje-residuos-voluminosos-en-la-vereda\/","og_locale":"es_ES","og_type":"article","og_title":"Multar\u00e1n al vecino que arroje residuos voluminosos en la vereda","og_description":"Patagones.-Con el fin de fortalecer los operativos de limpieza en la ciudad,\u00a0las \u00e1reas\u00a0de Inspecci\u00f3n General\u00a0y Servicios P\u00fablicos\u00a0comenzar\u00e1n\u00a0a realizar las inspecciones [&hellip;]","og_url":"https:\/\/patagoniambiental.com.ar\/info\/multaran-al-vecino-que-arroje-residuos-voluminosos-en-la-vereda\/","og_site_name":"Patagonia Ambiental","article_publisher":"https:\/\/www.facebook.com\/patagonia.ambiental","article_author":"https:\/\/www.facebook.com\/share\/1C1V8Gv9BX\/?mibextid=qi2Omg","article_published_time":"2017-02-06T12:00:57+00:00","og_image":[{"width":631,"height":485,"url":"https:\/\/patagoniambiental.com.ar\/info\/wp-content\/uploads\/2017\/02\/thumbnail_Recolecci\u00f3n-de-basura.jpg","type":"image\/jpeg"}],"author":"Patagonia Ambiental","twitter_card":"summary_large_image","twitter_creator":"@PatAmb","twitter_site":"@PatAmb","schema":{"@context":"https:\/\/schema.org","@graph":[{"@type":"Article","@id":"https:\/\/patagoniambiental.com.ar\/info\/multaran-al-vecino-que-arroje-residuos-voluminosos-en-la-vereda\/#article","isPartOf":{"@id":"https:\/\/patagoniambiental.com.ar\/info\/multaran-al-vecino-que-arroje-residuos-voluminosos-en-la-vereda\/"},"author":{"name":"Patagonia Ambiental","@id":"https:\/\/patagoniambiental.com.ar\/info\/#\/schema\/person\/db12bff64bbcbf6a253710bf0ea37b5d"},"headline":"Multar\u00e1n al vecino que arroje residuos voluminosos en la vereda","datePublished":"2017-02-06T12:00:57+00:00","mainEntityOfPage":{"@id":"https:\/\/patagoniambiental.com.ar\/info\/multaran-al-vecino-que-arroje-residuos-voluminosos-en-la-vereda\/"},"wordCount":223,"publisher":{"@id":"https:\/\/patagoniambiental.com.ar\/info\/#organization"},"articleSection":["Municipales"],"inLanguage":"es"},{"@type":"WebPage","@id":"https:\/\/patagoniambiental.com.ar\/info\/multaran-al-vecino-que-arroje-residuos-voluminosos-en-la-vereda\/","url":"https:\/\/patagoniambiental.com.ar\/info\/multaran-al-vecino-que-arroje-residuos-voluminosos-en-la-vereda\/","name":"Multar\u00e1n al vecino que arroje residuos voluminosos en la vereda","isPartOf":{"@id":"https:\/\/patagoniambiental.com.ar\/info\/#website"},"datePublished":"2017-02-06T12:00:57+00:00","breadcrumb":{"@id":"https:\/\/patagoniambiental.com.ar\/info\/multaran-al-vecino-que-arroje-residuos-voluminosos-en-la-vereda\/#breadcrumb"},"inLanguage":"es","potentialAction":[{"@type":"ReadAction","target":["https:\/\/patagoniambiental.com.ar\/info\/multaran-al-vecino-que-arroje-residuos-voluminosos-en-la-vereda\/"]}]},{"@type":"BreadcrumbList","@id":"https:\/\/patagoniambiental.com.ar\/info\/multaran-al-vecino-que-arroje-residuos-voluminosos-en-la-vereda\/#breadcrumb","itemListElement":[{"@type":"ListItem","position":1,"name":"Inicio","item":"https:\/\/patagoniambiental.com.ar\/info\/"},{"@type":"ListItem","position":2,"name":"Multar\u00e1n al vecino que arroje residuos voluminosos en la vereda"}]},{"@type":"WebSite","@id":"https:\/\/patagoniambiental.com.ar\/info\/#website","url":"https:\/\/patagoniambiental.com.ar\/info\/","name":"Patagonia Ambiental","description":"Monitoreo y an\u00e1lisis de la situaci\u00f3n geopol\u00edtica en el mundo y su implicancia en la Patagonia","publisher":{"@id":"https:\/\/patagoniambiental.com.ar\/info\/#organization"},"potentialAction":[{"@type":"SearchAction","target":{"@type":"EntryPoint","urlTemplate":"https:\/\/patagoniambiental.com.ar\/info\/?s={search_term_string}"},"query-input":{"@type":"PropertyValueSpecification","valueRequired":true,"valueName":"search_term_string"}}],"inLanguage":"es"},{"@type":"Organization","@id":"https:\/\/patagoniambiental.com.ar\/info\/#organization","name":"Patagonia Ambiental","url":"https:\/\/patagoniambiental.com.ar\/info\/","logo":{"@type":"ImageObject","inLanguage":"es","@id":"https:\/\/patagoniambiental.com.ar\/info\/#\/schema\/logo\/image\/","url":"https:\/\/patagoniambiental.com.ar\/info\/wp-content\/uploads\/2025\/05\/LOGO-PATAGONIA-AMBIENTAL.png","contentUrl":"https:\/\/patagoniambiental.com.ar\/info\/wp-content\/uploads\/2025\/05\/LOGO-PATAGONIA-AMBIENTAL.png","width":433,"height":250,"caption":"Patagonia Ambiental"},"image":{"@id":"https:\/\/patagoniambiental.com.ar\/info\/#\/schema\/logo\/image\/"},"sameAs":["https:\/\/www.facebook.com\/patagonia.ambiental","https:\/\/x.com\/PatAmb"]},{"@type":"Person","@id":"https:\/\/patagoniambiental.com.ar\/info\/#\/schema\/person\/db12bff64bbcbf6a253710bf0ea37b5d","name":"Patagonia Ambiental","description":"Andr\u00e9s Nievas T\u00e9cnico en manejo ambiental, consultor Ambiental y escritor para medios locales e internacionales sobre temas de geopolitica y medio ambiente.","sameAs":["http:\/\/www.patagoniambiental.com.ar","https:\/\/www.facebook.com\/share\/1C1V8Gv9BX\/?mibextid=qi2Omg","@patagoniambiental","https:\/\/youtube.com\/@patagoniaambiental2023?si=BLt58t0wuXquxlYZ"]}]}},"_links":{"self":[{"href":"https:\/\/patagoniambiental.com.ar\/info\/wp-json\/wp\/v2\/posts\/24573","targetHints":{"allow":["GET"]}}],"collection":[{"href":"https:\/\/patagoniambiental.com.ar\/info\/wp-json\/wp\/v2\/posts"}],"about":[{"href":"https:\/\/patagoniambiental.com.ar\/info\/wp-json\/wp\/v2\/types\/post"}],"author":[{"embeddable":true,"href":"https:\/\/patagoniambiental.com.ar\/info\/wp-json\/wp\/v2\/users\/2"}],"replies":[{"embeddable":true,"href":"https:\/\/patagoniambiental.com.ar\/info\/wp-json\/wp\/v2\/comments?post=24573"}],"version-history":[{"count":0,"href":"https:\/\/patagoniambiental.com.ar\/info\/wp-json\/wp\/v2\/posts\/24573\/revisions"}],"wp:attachment":[{"href":"https:\/\/patagoniambiental.com.ar\/info\/wp-json\/wp\/v2\/media?parent=24573"}],"wp:term":[{"taxonomy":"category","embeddable":true,"href":"https:\/\/patagoniambiental.com.ar\/info\/wp-json\/wp\/v2\/categories?post=24573"},{"taxonomy":"post_tag","embeddable":true,"href":"https:\/\/patagoniambiental.com.ar\/info\/wp-json\/wp\/v2\/tags?post=24573"}],"curies":[{"name":"wp","href":"https:\/\/api.w.org\/{rel}","templated":true}]}}