{"id":25962,"date":"2017-03-13T09:00:07","date_gmt":"2017-03-13T12:00:07","guid":{"rendered":"http:\/\/patagoniambiental.com.ar\/info\/?p=25962"},"modified":"2017-03-12T20:27:00","modified_gmt":"2017-03-12T23:27:00","slug":"entrevista-erico-spinadel-y-un-analisis-coyuntural-sobre-las-energias-renovables-en-argentina","status":"publish","type":"post","link":"https:\/\/patagoniambiental.com.ar\/info\/entrevista-erico-spinadel-y-un-analisis-coyuntural-sobre-las-energias-renovables-en-argentina\/","title":{"rendered":"ENTREVISTA: Erico Spinadel y un an\u00e1lisis coyuntural sobre las energ\u00edas renovables en Argentina"},"content":{"rendered":"<p>\u00bfSer\u00e1 este el a\u00f1o de construcci\u00f3n de los proyectos de energ\u00edas limpias licitados en el 2016? \u00bfQu\u00e9 esperan los inversores de la Argentina? El titular de la Asociaci\u00f3n Argentina de Energ\u00eda E\u00f3lica brinda algunas precisiones en entrevista con este portal.<\/p>\n<div><\/div>\n<div>El 2016 se present\u00f3 como un hito para el desarrollo de las energ\u00edas renovables en nuestro pa\u00eds.<\/div>\n<div><\/div>\n<div>Por un lado, se presentaron una serie de proyectos en el Congreso que pretenden dar impulso tanto la energ\u00eda el\u00e9ctrica como t\u00e9rmica renovable, los cuales fueron acompa\u00f1ados por la flamante Subsecretar\u00eda de Energ\u00edas Renovables de la Naci\u00f3n. Por otro, el \u00e9xito del Programa RenovAr, que en el primer llamado a licitaciones recibi\u00f3 6 veces m\u00e1s ofertas que los 1000 MW licitados y adjudic\u00f3 a precios inesperados.<\/div>\n<div><\/div>\n<div>\u201cNos llevamos una gran sorpresa al ver que los precios eran casi la mitad de lo que esper\u00e1bamos\u201d, declar\u00f3 Erico Spinadel a este portal poco tiempo despu\u00e9s que se abrieron los sobres \u2018B\u2019 de ofertas econ\u00f3micas. Finalmente, los precios cosechados en energ\u00eda e\u00f3lica y solar estuvieron, en promedio, por debajo de los US$ 60 por MWh.<\/div>\n<div><\/div>\n<div>En nuevo contacto con, el presidente de la Asociaci\u00f3n Argentina de Energ\u00eda E\u00f3lica (AAEE) y eminencia en la materia reconocida a nivel mundial, brinda un panorama de la situaci\u00f3n actual Argentina.<\/div>\n<div><\/div>\n<div><b>\u00bfConsidera que, tal como dijo el Presidente Macri, este ser\u00e1 el \u201ca\u00f1o de las energ\u00edas renovables\u201d?<\/b><\/div>\n<div><\/div>\n<div>Es un deseo que comparto plenamente con el Se\u00f1or Presidente, porque al fin estamos tratando de planificar a largo plazo y dejar de pegar parches meramente para ganar tiempo y sin atacar los problemas energ\u00e9ticos con un verdadero plan a largo plazo.<\/div>\n<div><\/div>\n<div>No ser\u00e1 sencillo ni f\u00e1cil el camino para lograrlo. Al no tener el gobierno mayor\u00eda en el congreso nacional y peor a\u00fan, en ninguna de ambas c\u00e1maras, el Se\u00f1or Presidente se ve obligado a negociar cada iniciativa. Cansar\u00e9 tal vez al lector, pero nuevamente vuelvo a la Ley de Hooke, que el Se\u00f1or Presidente, como ingeniero indudablemente conocer\u00e1, y conocer\u00e1 bien.<\/div>\n<div><\/div>\n<div>Me permito reiterar una vez m\u00e1s que todo cuerpo sometido a solicitaciones debe ser el\u00e1stico y reaccionar con alguna deformaci\u00f3n, ya que los cuerpos r\u00edgidos fatalmente se rompen por no hacerlo. Pero \u00a1cuidado!, hay un l\u00edmite para esta deformaci\u00f3n, conocido como l\u00edmite de elasticidad. Si se lo supera, r\u00e1pidamente entra en el terreno del l\u00edmite de fluencia y la deformaci\u00f3n ser\u00e1 permanente, es decir, no hay atr\u00e1s posible.<\/div>\n<div><\/div>\n<div><b>Entre el Programa RenovAr y la Resoluci\u00f3n 202 (que retoma viejos proyectos del ex Genren) se espera un gran movimiento de inversiones. \u00bfCree que todos los proyectos se podr\u00e1n desarrollar? \u00bfHay iniciativa por parte de los inversores para ello?<\/b><\/div>\n<div><\/div>\n<div>En primer lugar, todos los proyectos presentados tiempo atr\u00e1s para el Genren deber\u00e1n sufrir algunos reajustes de precios y condiciones. Pero aparte de ello, algunos no lo podr\u00e1n hacer por razones f\u00edsicas, ya que encontrar\u00e1n que el lugar de realizaci\u00f3n planeado se encuentra ya ocupado.<\/div>\n<div><\/div>\n<div>En segundo lugar, algunos potenciales inversores no han descartado a\u00fan algunos de sus resquemores sobre invertir en la Argentina.<\/div>\n<div><\/div>\n<div><b>Y de cara a la Ronda 2, \u00bfest\u00e1n recibiendo consultas desde la Asociaci\u00f3n por parte de tecn\u00f3logos e inversores?<\/b><\/div>\n<div><\/div>\n<div>Efectivamente hemos recibido numerosas consultas desde ambas partes; Iniciativas, las hay, pero volvemos a mis respuestas a los dos puntos anteriores: algunos potenciales inversores manifestaron esperar el resultado de las elecciones parciales de octubre pr\u00f3ximo.<\/div>\n<div><\/div>\n<div><b>El Gobierno nacional tiene la intenci\u00f3n de aumentar la oferta de energ\u00eda termoel\u00e9ctricas licitando entre 2 y 3 GW. \u00bfConsidera que se trata de una acci\u00f3n oportuna?<\/b><\/div>\n<div><\/div>\n<div>En m\u00e1s de una oportunidad he dicho que cuando hay un incendio hay que llamar a los bomberos. En este segundo a\u00f1o de funciones del actual gobierno a\u00fan quedan incendios no del todo apagados. Por m\u00e1s que soy ferviente defensor de las fuentes energ\u00e9ticas renovables y de bajo impacto ambiental, reconozco que ante nuestro d\u00e9ficit energ\u00e9tico la soluci\u00f3n convencional en determinados casos y oportunidades es preferible a dejar a las personas carentes de energ\u00eda el\u00e9ctrica abastecidas por esta alternativa. Tener energ\u00eda el\u00e9ctrica disponible o no tenerla es en muchos casos una cuesti\u00f3n Hamletiana que va m\u00e1s all\u00e1 del cuidado ambiental.<\/div>\n<div><\/div>\n<div><b>\u00bfEst\u00e1n gestionando alg\u00fan tipo de reuni\u00f3n con el Ministerio de Energ\u00eda y Miner\u00eda para tratar alg\u00fan tema del sector?<\/b><\/div>\n<div><\/div>\n<div>Efectivamente lo estuvimos haciendo y lo estamos haciendo en la actualidad. En algunos casos las respuestas han sido positivas, en algunas otras a\u00fan est\u00e1n pendientes.<\/div>\n<div><\/div>\n<div>Fuente: www.energiaestrategica.com.ar<\/div>\n","protected":false},"excerpt":{"rendered":"<p>\u00bfSer\u00e1 este el a\u00f1o de construcci\u00f3n de los proyectos de energ\u00edas limpias licitados en el 2016? \u00bfQu\u00e9 esperan los inversores [&hellip;]<\/p>\n","protected":false},"author":2,"featured_media":0,"comment_status":"open","ping_status":"open","sticky":false,"template":"","format":"standard","meta":{"site-sidebar-layout":"default","site-content-layout":"","ast-site-content-layout":"default","site-content-style":"default","site-sidebar-style":"default","ast-global-header-display":"","ast-banner-title-visibility":"","ast-main-header-display":"","ast-hfb-above-header-display":"","ast-hfb-below-header-display":"","ast-hfb-mobile-header-display":"","site-post-title":"","ast-breadcrumbs-content":"","ast-featured-img":"","footer-sml-layout":"","ast-disable-related-posts":"","theme-transparent-header-meta":"","adv-header-id-meta":"","stick-header-meta":"","header-above-stick-meta":"","header-main-stick-meta":"","header-below-stick-meta":"","astra-migrate-meta-layouts":"default","ast-page-background-enabled":"default","ast-page-background-meta":{"desktop":{"background-color":"var(--ast-global-color-5)","background-image":"","background-repeat":"repeat","background-position":"center center","background-size":"auto","background-attachment":"scroll","background-type":"","background-media":"","overlay-type":"","overlay-color":"","overlay-opacity":"","overlay-gradient":""},"tablet":{"background-color":"","background-image":"","background-repeat":"repeat","background-position":"center center","background-size":"auto","background-attachment":"scroll","background-type":"","background-media":"","overlay-type":"","overlay-color":"","overlay-opacity":"","overlay-gradient":""},"mobile":{"background-color":"","background-image":"","background-repeat":"repeat","background-position":"center center","background-size":"auto","background-attachment":"scroll","background-type":"","background-media":"","overlay-type":"","overlay-color":"","overlay-opacity":"","overlay-gradient":""}},"ast-content-background-meta":{"desktop":{"background-color":"var(--ast-global-color-4)","background-image":"","background-repeat":"repeat","background-position":"center center","background-size":"auto","background-attachment":"scroll","background-type":"","background-media":"","overlay-type":"","overlay-color":"","overlay-opacity":"","overlay-gradient":""},"tablet":{"background-color":"var(--ast-global-color-4)","background-image":"","background-repeat":"repeat","background-position":"center center","background-size":"auto","background-attachment":"scroll","background-type":"","background-media":"","overlay-type":"","overlay-color":"","overlay-opacity":"","overlay-gradient":""},"mobile":{"background-color":"var(--ast-global-color-4)","background-image":"","background-repeat":"repeat","background-position":"center center","background-size":"auto","background-attachment":"scroll","background-type":"","background-media":"","overlay-type":"","overlay-color":"","overlay-opacity":"","overlay-gradient":""}},"footnotes":""},"categories":[11,51,1],"tags":[],"class_list":["post-25962","post","type-post","status-publish","format-standard","hentry","category-boletin","category-entrevistas","category-noticias"],"yoast_head":"<!-- This site is optimized with the Yoast SEO Premium plugin v23.0 (Yoast SEO v27.5) - https:\/\/yoast.com\/product\/yoast-seo-premium-wordpress\/ -->\n<title>ENTREVISTA: Erico Spinadel y un an\u00e1lisis coyuntural sobre las energ\u00edas renovables en Argentina<\/title>\n<meta name=\"robots\" content=\"index, follow, max-snippet:-1, max-image-preview:large, max-video-preview:-1\" \/>\n<link rel=\"canonical\" href=\"https:\/\/patagoniambiental.com.ar\/info\/entrevista-erico-spinadel-y-un-analisis-coyuntural-sobre-las-energias-renovables-en-argentina\/\" \/>\n<meta property=\"og:locale\" content=\"es_ES\" \/>\n<meta property=\"og:type\" content=\"article\" \/>\n<meta property=\"og:title\" content=\"ENTREVISTA: Erico Spinadel y un an\u00e1lisis coyuntural sobre las energ\u00edas renovables en Argentina\" \/>\n<meta property=\"og:description\" content=\"\u00bfSer\u00e1 este el a\u00f1o de construcci\u00f3n de los proyectos de energ\u00edas limpias licitados en el 2016? \u00bfQu\u00e9 esperan los inversores [&hellip;]\" \/>\n<meta property=\"og:url\" content=\"https:\/\/patagoniambiental.com.ar\/info\/entrevista-erico-spinadel-y-un-analisis-coyuntural-sobre-las-energias-renovables-en-argentina\/\" \/>\n<meta property=\"og:site_name\" content=\"Patagonia Ambiental\" \/>\n<meta property=\"article:publisher\" content=\"https:\/\/www.facebook.com\/patagonia.ambiental\" \/>\n<meta property=\"article:author\" content=\"https:\/\/www.facebook.com\/share\/1C1V8Gv9BX\/?mibextid=qi2Omg\" \/>\n<meta property=\"article:published_time\" content=\"2017-03-13T12:00:07+00:00\" \/>\n<meta property=\"og:image\" content=\"https:\/\/patagoniambiental.com.ar\/info\/wp-content\/uploads\/2017\/03\/erico-spinadel.jpg\" \/>\n\t<meta property=\"og:image:width\" content=\"1435\" \/>\n\t<meta property=\"og:image:height\" content=\"1072\" \/>\n\t<meta property=\"og:image:type\" content=\"image\/jpeg\" \/>\n<meta name=\"author\" content=\"Patagonia Ambiental\" \/>\n<meta name=\"twitter:card\" content=\"summary_large_image\" \/>\n<meta name=\"twitter:creator\" content=\"@PatAmb\" \/>\n<meta name=\"twitter:site\" content=\"@PatAmb\" \/>\n<script type=\"application\/ld+json\" class=\"yoast-schema-graph\">{\"@context\":\"https:\\\/\\\/schema.org\",\"@graph\":[{\"@type\":\"Article\",\"@id\":\"https:\\\/\\\/patagoniambiental.com.ar\\\/info\\\/entrevista-erico-spinadel-y-un-analisis-coyuntural-sobre-las-energias-renovables-en-argentina\\\/#article\",\"isPartOf\":{\"@id\":\"https:\\\/\\\/patagoniambiental.com.ar\\\/info\\\/entrevista-erico-spinadel-y-un-analisis-coyuntural-sobre-las-energias-renovables-en-argentina\\\/\"},\"author\":{\"name\":\"Patagonia Ambiental\",\"@id\":\"https:\\\/\\\/patagoniambiental.com.ar\\\/info\\\/#\\\/schema\\\/person\\\/db12bff64bbcbf6a253710bf0ea37b5d\"},\"headline\":\"ENTREVISTA: Erico Spinadel y un an\u00e1lisis coyuntural sobre las energ\u00edas renovables en Argentina\",\"datePublished\":\"2017-03-13T12:00:07+00:00\",\"mainEntityOfPage\":{\"@id\":\"https:\\\/\\\/patagoniambiental.com.ar\\\/info\\\/entrevista-erico-spinadel-y-un-analisis-coyuntural-sobre-las-energias-renovables-en-argentina\\\/\"},\"wordCount\":821,\"commentCount\":0,\"publisher\":{\"@id\":\"https:\\\/\\\/patagoniambiental.com.ar\\\/info\\\/#organization\"},\"articleSection\":[\"Bolet\u00edn\",\"Entrevistas\",\"Noticias\"],\"inLanguage\":\"es\",\"potentialAction\":[{\"@type\":\"CommentAction\",\"name\":\"Comment\",\"target\":[\"https:\\\/\\\/patagoniambiental.com.ar\\\/info\\\/entrevista-erico-spinadel-y-un-analisis-coyuntural-sobre-las-energias-renovables-en-argentina\\\/#respond\"]}]},{\"@type\":\"WebPage\",\"@id\":\"https:\\\/\\\/patagoniambiental.com.ar\\\/info\\\/entrevista-erico-spinadel-y-un-analisis-coyuntural-sobre-las-energias-renovables-en-argentina\\\/\",\"url\":\"https:\\\/\\\/patagoniambiental.com.ar\\\/info\\\/entrevista-erico-spinadel-y-un-analisis-coyuntural-sobre-las-energias-renovables-en-argentina\\\/\",\"name\":\"ENTREVISTA: Erico Spinadel y un an\u00e1lisis coyuntural sobre las energ\u00edas renovables en Argentina\",\"isPartOf\":{\"@id\":\"https:\\\/\\\/patagoniambiental.com.ar\\\/info\\\/#website\"},\"datePublished\":\"2017-03-13T12:00:07+00:00\",\"breadcrumb\":{\"@id\":\"https:\\\/\\\/patagoniambiental.com.ar\\\/info\\\/entrevista-erico-spinadel-y-un-analisis-coyuntural-sobre-las-energias-renovables-en-argentina\\\/#breadcrumb\"},\"inLanguage\":\"es\",\"potentialAction\":[{\"@type\":\"ReadAction\",\"target\":[\"https:\\\/\\\/patagoniambiental.com.ar\\\/info\\\/entrevista-erico-spinadel-y-un-analisis-coyuntural-sobre-las-energias-renovables-en-argentina\\\/\"]}]},{\"@type\":\"BreadcrumbList\",\"@id\":\"https:\\\/\\\/patagoniambiental.com.ar\\\/info\\\/entrevista-erico-spinadel-y-un-analisis-coyuntural-sobre-las-energias-renovables-en-argentina\\\/#breadcrumb\",\"itemListElement\":[{\"@type\":\"ListItem\",\"position\":1,\"name\":\"Inicio\",\"item\":\"https:\\\/\\\/patagoniambiental.com.ar\\\/info\\\/\"},{\"@type\":\"ListItem\",\"position\":2,\"name\":\"ENTREVISTA: Erico Spinadel y un an\u00e1lisis coyuntural sobre las energ\u00edas renovables en Argentina\"}]},{\"@type\":\"WebSite\",\"@id\":\"https:\\\/\\\/patagoniambiental.com.ar\\\/info\\\/#website\",\"url\":\"https:\\\/\\\/patagoniambiental.com.ar\\\/info\\\/\",\"name\":\"Patagonia Ambiental\",\"description\":\"Monitoreo y an\u00e1lisis de la situaci\u00f3n geopol\u00edtica en el mundo y su implicancia en la Patagonia\",\"publisher\":{\"@id\":\"https:\\\/\\\/patagoniambiental.com.ar\\\/info\\\/#organization\"},\"potentialAction\":[{\"@type\":\"SearchAction\",\"target\":{\"@type\":\"EntryPoint\",\"urlTemplate\":\"https:\\\/\\\/patagoniambiental.com.ar\\\/info\\\/?s={search_term_string}\"},\"query-input\":{\"@type\":\"PropertyValueSpecification\",\"valueRequired\":true,\"valueName\":\"search_term_string\"}}],\"inLanguage\":\"es\"},{\"@type\":\"Organization\",\"@id\":\"https:\\\/\\\/patagoniambiental.com.ar\\\/info\\\/#organization\",\"name\":\"Patagonia Ambiental\",\"url\":\"https:\\\/\\\/patagoniambiental.com.ar\\\/info\\\/\",\"logo\":{\"@type\":\"ImageObject\",\"inLanguage\":\"es\",\"@id\":\"https:\\\/\\\/patagoniambiental.com.ar\\\/info\\\/#\\\/schema\\\/logo\\\/image\\\/\",\"url\":\"https:\\\/\\\/patagoniambiental.com.ar\\\/info\\\/wp-content\\\/uploads\\\/2025\\\/05\\\/LOGO-PATAGONIA-AMBIENTAL.png\",\"contentUrl\":\"https:\\\/\\\/patagoniambiental.com.ar\\\/info\\\/wp-content\\\/uploads\\\/2025\\\/05\\\/LOGO-PATAGONIA-AMBIENTAL.png\",\"width\":433,\"height\":250,\"caption\":\"Patagonia Ambiental\"},\"image\":{\"@id\":\"https:\\\/\\\/patagoniambiental.com.ar\\\/info\\\/#\\\/schema\\\/logo\\\/image\\\/\"},\"sameAs\":[\"https:\\\/\\\/www.facebook.com\\\/patagonia.ambiental\",\"https:\\\/\\\/x.com\\\/PatAmb\"]},{\"@type\":\"Person\",\"@id\":\"https:\\\/\\\/patagoniambiental.com.ar\\\/info\\\/#\\\/schema\\\/person\\\/db12bff64bbcbf6a253710bf0ea37b5d\",\"name\":\"Patagonia Ambiental\",\"description\":\"Andr\u00e9s Nievas T\u00e9cnico en manejo ambiental, consultor Ambiental y escritor para medios locales e internacionales sobre temas de geopolitica y medio ambiente.\",\"sameAs\":[\"http:\\\/\\\/www.patagoniambiental.com.ar\",\"https:\\\/\\\/www.facebook.com\\\/share\\\/1C1V8Gv9BX\\\/?mibextid=qi2Omg\",\"@patagoniambiental\",\"https:\\\/\\\/youtube.com\\\/@patagoniaambiental2023?si=BLt58t0wuXquxlYZ\"]}]}<\/script>\n<!-- \/ Yoast SEO Premium plugin. -->","yoast_head_json":{"title":"ENTREVISTA: Erico Spinadel y un an\u00e1lisis coyuntural sobre las energ\u00edas renovables en Argentina","robots":{"index":"index","follow":"follow","max-snippet":"max-snippet:-1","max-image-preview":"max-image-preview:large","max-video-preview":"max-video-preview:-1"},"canonical":"https:\/\/patagoniambiental.com.ar\/info\/entrevista-erico-spinadel-y-un-analisis-coyuntural-sobre-las-energias-renovables-en-argentina\/","og_locale":"es_ES","og_type":"article","og_title":"ENTREVISTA: Erico Spinadel y un an\u00e1lisis coyuntural sobre las energ\u00edas renovables en Argentina","og_description":"\u00bfSer\u00e1 este el a\u00f1o de construcci\u00f3n de los proyectos de energ\u00edas limpias licitados en el 2016? \u00bfQu\u00e9 esperan los inversores [&hellip;]","og_url":"https:\/\/patagoniambiental.com.ar\/info\/entrevista-erico-spinadel-y-un-analisis-coyuntural-sobre-las-energias-renovables-en-argentina\/","og_site_name":"Patagonia Ambiental","article_publisher":"https:\/\/www.facebook.com\/patagonia.ambiental","article_author":"https:\/\/www.facebook.com\/share\/1C1V8Gv9BX\/?mibextid=qi2Omg","article_published_time":"2017-03-13T12:00:07+00:00","og_image":[{"width":1435,"height":1072,"url":"https:\/\/patagoniambiental.com.ar\/info\/wp-content\/uploads\/2017\/03\/erico-spinadel.jpg","type":"image\/jpeg"}],"author":"Patagonia Ambiental","twitter_card":"summary_large_image","twitter_creator":"@PatAmb","twitter_site":"@PatAmb","schema":{"@context":"https:\/\/schema.org","@graph":[{"@type":"Article","@id":"https:\/\/patagoniambiental.com.ar\/info\/entrevista-erico-spinadel-y-un-analisis-coyuntural-sobre-las-energias-renovables-en-argentina\/#article","isPartOf":{"@id":"https:\/\/patagoniambiental.com.ar\/info\/entrevista-erico-spinadel-y-un-analisis-coyuntural-sobre-las-energias-renovables-en-argentina\/"},"author":{"name":"Patagonia Ambiental","@id":"https:\/\/patagoniambiental.com.ar\/info\/#\/schema\/person\/db12bff64bbcbf6a253710bf0ea37b5d"},"headline":"ENTREVISTA: Erico Spinadel y un an\u00e1lisis coyuntural sobre las energ\u00edas renovables en Argentina","datePublished":"2017-03-13T12:00:07+00:00","mainEntityOfPage":{"@id":"https:\/\/patagoniambiental.com.ar\/info\/entrevista-erico-spinadel-y-un-analisis-coyuntural-sobre-las-energias-renovables-en-argentina\/"},"wordCount":821,"commentCount":0,"publisher":{"@id":"https:\/\/patagoniambiental.com.ar\/info\/#organization"},"articleSection":["Bolet\u00edn","Entrevistas","Noticias"],"inLanguage":"es","potentialAction":[{"@type":"CommentAction","name":"Comment","target":["https:\/\/patagoniambiental.com.ar\/info\/entrevista-erico-spinadel-y-un-analisis-coyuntural-sobre-las-energias-renovables-en-argentina\/#respond"]}]},{"@type":"WebPage","@id":"https:\/\/patagoniambiental.com.ar\/info\/entrevista-erico-spinadel-y-un-analisis-coyuntural-sobre-las-energias-renovables-en-argentina\/","url":"https:\/\/patagoniambiental.com.ar\/info\/entrevista-erico-spinadel-y-un-analisis-coyuntural-sobre-las-energias-renovables-en-argentina\/","name":"ENTREVISTA: Erico Spinadel y un an\u00e1lisis coyuntural sobre las energ\u00edas renovables en Argentina","isPartOf":{"@id":"https:\/\/patagoniambiental.com.ar\/info\/#website"},"datePublished":"2017-03-13T12:00:07+00:00","breadcrumb":{"@id":"https:\/\/patagoniambiental.com.ar\/info\/entrevista-erico-spinadel-y-un-analisis-coyuntural-sobre-las-energias-renovables-en-argentina\/#breadcrumb"},"inLanguage":"es","potentialAction":[{"@type":"ReadAction","target":["https:\/\/patagoniambiental.com.ar\/info\/entrevista-erico-spinadel-y-un-analisis-coyuntural-sobre-las-energias-renovables-en-argentina\/"]}]},{"@type":"BreadcrumbList","@id":"https:\/\/patagoniambiental.com.ar\/info\/entrevista-erico-spinadel-y-un-analisis-coyuntural-sobre-las-energias-renovables-en-argentina\/#breadcrumb","itemListElement":[{"@type":"ListItem","position":1,"name":"Inicio","item":"https:\/\/patagoniambiental.com.ar\/info\/"},{"@type":"ListItem","position":2,"name":"ENTREVISTA: Erico Spinadel y un an\u00e1lisis coyuntural sobre las energ\u00edas renovables en Argentina"}]},{"@type":"WebSite","@id":"https:\/\/patagoniambiental.com.ar\/info\/#website","url":"https:\/\/patagoniambiental.com.ar\/info\/","name":"Patagonia Ambiental","description":"Monitoreo y an\u00e1lisis de la situaci\u00f3n geopol\u00edtica en el mundo y su implicancia en la Patagonia","publisher":{"@id":"https:\/\/patagoniambiental.com.ar\/info\/#organization"},"potentialAction":[{"@type":"SearchAction","target":{"@type":"EntryPoint","urlTemplate":"https:\/\/patagoniambiental.com.ar\/info\/?s={search_term_string}"},"query-input":{"@type":"PropertyValueSpecification","valueRequired":true,"valueName":"search_term_string"}}],"inLanguage":"es"},{"@type":"Organization","@id":"https:\/\/patagoniambiental.com.ar\/info\/#organization","name":"Patagonia Ambiental","url":"https:\/\/patagoniambiental.com.ar\/info\/","logo":{"@type":"ImageObject","inLanguage":"es","@id":"https:\/\/patagoniambiental.com.ar\/info\/#\/schema\/logo\/image\/","url":"https:\/\/patagoniambiental.com.ar\/info\/wp-content\/uploads\/2025\/05\/LOGO-PATAGONIA-AMBIENTAL.png","contentUrl":"https:\/\/patagoniambiental.com.ar\/info\/wp-content\/uploads\/2025\/05\/LOGO-PATAGONIA-AMBIENTAL.png","width":433,"height":250,"caption":"Patagonia Ambiental"},"image":{"@id":"https:\/\/patagoniambiental.com.ar\/info\/#\/schema\/logo\/image\/"},"sameAs":["https:\/\/www.facebook.com\/patagonia.ambiental","https:\/\/x.com\/PatAmb"]},{"@type":"Person","@id":"https:\/\/patagoniambiental.com.ar\/info\/#\/schema\/person\/db12bff64bbcbf6a253710bf0ea37b5d","name":"Patagonia Ambiental","description":"Andr\u00e9s Nievas T\u00e9cnico en manejo ambiental, consultor Ambiental y escritor para medios locales e internacionales sobre temas de geopolitica y medio ambiente.","sameAs":["http:\/\/www.patagoniambiental.com.ar","https:\/\/www.facebook.com\/share\/1C1V8Gv9BX\/?mibextid=qi2Omg","@patagoniambiental","https:\/\/youtube.com\/@patagoniaambiental2023?si=BLt58t0wuXquxlYZ"]}]}},"_links":{"self":[{"href":"https:\/\/patagoniambiental.com.ar\/info\/wp-json\/wp\/v2\/posts\/25962","targetHints":{"allow":["GET"]}}],"collection":[{"href":"https:\/\/patagoniambiental.com.ar\/info\/wp-json\/wp\/v2\/posts"}],"about":[{"href":"https:\/\/patagoniambiental.com.ar\/info\/wp-json\/wp\/v2\/types\/post"}],"author":[{"embeddable":true,"href":"https:\/\/patagoniambiental.com.ar\/info\/wp-json\/wp\/v2\/users\/2"}],"replies":[{"embeddable":true,"href":"https:\/\/patagoniambiental.com.ar\/info\/wp-json\/wp\/v2\/comments?post=25962"}],"version-history":[{"count":0,"href":"https:\/\/patagoniambiental.com.ar\/info\/wp-json\/wp\/v2\/posts\/25962\/revisions"}],"wp:attachment":[{"href":"https:\/\/patagoniambiental.com.ar\/info\/wp-json\/wp\/v2\/media?parent=25962"}],"wp:term":[{"taxonomy":"category","embeddable":true,"href":"https:\/\/patagoniambiental.com.ar\/info\/wp-json\/wp\/v2\/categories?post=25962"},{"taxonomy":"post_tag","embeddable":true,"href":"https:\/\/patagoniambiental.com.ar\/info\/wp-json\/wp\/v2\/tags?post=25962"}],"curies":[{"name":"wp","href":"https:\/\/api.w.org\/{rel}","templated":true}]}}