{"id":26958,"date":"2017-04-02T09:00:04","date_gmt":"2017-04-02T12:00:04","guid":{"rendered":"http:\/\/patagoniambiental.com.ar\/info\/?p=26958"},"modified":"2017-04-01T22:44:52","modified_gmt":"2017-04-02T01:44:52","slug":"en-abril-vuelve-el-programa-cipolletti-limpia","status":"publish","type":"post","link":"https:\/\/patagoniambiental.com.ar\/info\/en-abril-vuelve-el-programa-cipolletti-limpia\/","title":{"rendered":"En abril vuelve el programa Cipolletti Limpia"},"content":{"rendered":"<div class=\"paragraph\">\n<p>CIPOLLETTI.- El programa Cipolletti Limpia, dedicado a recolectar residuos de gran tama\u00f1o, volver\u00e1 a llevar adelante los recorridos de los d\u00edas viernes, abarcando diferentes sectores de la ciudad semana a semana.<\/p>\n<p>A partir de este mes, recorrer\u00e1n cada uno de los barrios levantando chatarra, maderas, escombros, basura pesada, y con la colaboraci\u00f3n con los vecinos permitir\u00e1n mejorar las condiciones de salubridad, expresaron desde el \u00e1rea de Servicios P\u00fablicos del Municipio cipole\u00f1o.<\/p>\n<p>El servicio pasar\u00e1 todos los viernes de 7 a 18. El cronograma est\u00e1 compuesto por 13 circuitos y distribuido en 3 meses.<\/p>\n<\/div>\n<div class=\"microformat_list_text ant-text\"><b>07\/04<\/b>: Desde calle Lisandro de la Torre (vereda Este), Tres Arroyos y General Paz, (lindantes a las v\u00edas del ferrocarril y Ruta Provincial N\u00ba 65), hasta calle Dr. Julio Dante Salto, y retomando en paralelo a Ruta Nacional N\u00ba 22 hasta Lisandro de la Torre. Belgrano (Sector Este) &#8211; Mno. Moreno \u2013 Capell\u00e1n Villa Alicia &#8211; Santa Clara &#8211; Manzanar.<\/div>\n<div class=\"microformat_list_text ant-microformat_list_text\"><b>14\/04<\/b>: Sector delimitado por calles Mengelle (vereda Este), Calle Alem (vereda Sur), Kennedy (vereda Oeste), y retomando hacia punto de origen por V\u00e9lez Sarsfield y Fern\u00e1ndez Oro. Zona del Centro &#8211; B\u00ba San Pablo.<\/div>\n<div class=\"microformat_list_text ant-microformat_list_text\"><b>21\/04<\/b>: Sector delimitado por vereda Norte de Calle M.Moreno, calle Buenos Aires (limitantes a v\u00edas del ferrocarril) hasta Circunvalaci\u00f3n Pte. Arturo Illia y retomando hasta calle Mengelle, por \u00e9sta hasta intersecci\u00f3n de calles Mariano Moreno y Mengelle. Filipuzzi &#8211; Del Trabajo &#8211; San Lorenzo<\/div>\n<div class=\"microformat_list_text ant-microformat_list_text\"><b>28\/04<\/b>: Vereda Este de calle Mengelle hasta Venezuela, Primeros Pobladores hasta J. M. Paris y retomando por Villarino hasta calle Alem hasta intersecci\u00f3n con Mengelle. Los Alamos &#8211; Almirante Brown A y B mitad Oeste de Don Bosco y Brentana.<\/div>\n<div class=\"microformat_list_text ant-microformat_list_text\"><b>05\/05<\/b>: Vereda Este sobre calle Kennedy hasta calle Alem, Maestro Espinosa, calle Mosconi y retomando por V\u00e9lez Sarsfield hasta intersecci\u00f3n con J.F. Kennedy. Los Tilos &#8211; Tos Tordos, Jorge Newbery &#8211; Rinc\u00f3n Lindo.<\/div>\n<div class=\"microformat_list_text ant-microformat_list_text\"><b>12\/05<\/b>: Por calle Alem y Maestro Espinosa (vereda Norte, tomando por General Mosconi hasta Venezuela, por \u00e9sta, hasta Primeros Pobladores (vereda este).<\/div>\n<div class=\"microformat_list_text ant-microformat_list_text\">Flamingo &#8211; Mercantil &#8211; Piedrabuena A y B, CGT &#8211; mitad Este de Don Bosco y Brentana.<\/div>\n<div class=\"microformat_list_text ant-microformat_list_text\"><b>17\/05<\/b>: Vereda Este de calle Mengelle, Circunvalaci\u00f3n Pte. Arturo Illia hasta La Esmeralda, por \u00e9sta hasta Venezuela y retornando al punto de origen. O\u2019connor &#8211; 10 de Marzo Bartolom\u00e9 Mitre &#8211; Godoy.<\/div>\n<div class=\"microformat_list_text ant-microformat_list_text\"><b>26\/05<\/b>: La Esmeralda (vereda este), Circunvalaci\u00f3n Arturo Illia, Naciones Unidas (vereda oeste) y Venezuela (vereda norte). Barrio Villarino.<\/div>\n<div class=\"microformat_list_text ant-microformat_list_text\"><b>02\/06<\/b>: Sectores comprendidos por Circunvalaci\u00f3n Juan D. Per\u00f3n (vereda Este), Venezuela (vereda Norte) hasta el Distrito Vecinal Noreste (comprendiendo su totalidad). Ant\u00e1rtida Argentina. Distrito Vecinal Noreste.<\/div>\n<div class=\"microformat_list_text ant-microformat_list_text\"><b>09\/06<\/b>: Puente 83 \u2013 Tres Luces. Mar\u00eda Elvira \u2013 Calle Ciega.<\/div>\n<div class=\"microformat_list_text ant-microformat_list_text\"><b>16\/06<\/b>: B\u00ba Anai Mapu. 130 Viviendas. Ant\u00e1rtida Argentina. 150 Viviendas y San Sebasti\u00e1n.<\/div>\n<div class=\"microformat_list_text ant-microformat_list_text\"><b>23\/06<\/b>: Costa Norte y Costa Sur. Labra\u00f1a.<\/div>\n<div class=\"microformat_list_text ant-microformat_list_text\"><b>30\/06<\/b>: Ferri y Nuevo Ferri.<\/div>\n","protected":false},"excerpt":{"rendered":"<p>CIPOLLETTI.- El programa Cipolletti Limpia, dedicado a recolectar residuos de gran tama\u00f1o, volver\u00e1 a llevar adelante los recorridos de los [&hellip;]<\/p>\n","protected":false},"author":2,"featured_media":26959,"comment_status":"open","ping_status":"open","sticky":false,"template":"","format":"standard","meta":{"site-sidebar-layout":"default","site-content-layout":"","ast-site-content-layout":"default","site-content-style":"default","site-sidebar-style":"default","ast-global-header-display":"","ast-banner-title-visibility":"","ast-main-header-display":"","ast-hfb-above-header-display":"","ast-hfb-below-header-display":"","ast-hfb-mobile-header-display":"","site-post-title":"","ast-breadcrumbs-content":"","ast-featured-img":"","footer-sml-layout":"","ast-disable-related-posts":"","theme-transparent-header-meta":"","adv-header-id-meta":"","stick-header-meta":"","header-above-stick-meta":"","header-main-stick-meta":"","header-below-stick-meta":"","astra-migrate-meta-layouts":"default","ast-page-background-enabled":"default","ast-page-background-meta":{"desktop":{"background-color":"var(--ast-global-color-5)","background-image":"","background-repeat":"repeat","background-position":"center center","background-size":"auto","background-attachment":"scroll","background-type":"","background-media":"","overlay-type":"","overlay-color":"","overlay-opacity":"","overlay-gradient":""},"tablet":{"background-color":"","background-image":"","background-repeat":"repeat","background-position":"center center","background-size":"auto","background-attachment":"scroll","background-type":"","background-media":"","overlay-type":"","overlay-color":"","overlay-opacity":"","overlay-gradient":""},"mobile":{"background-color":"","background-image":"","background-repeat":"repeat","background-position":"center center","background-size":"auto","background-attachment":"scroll","background-type":"","background-media":"","overlay-type":"","overlay-color":"","overlay-opacity":"","overlay-gradient":""}},"ast-content-background-meta":{"desktop":{"background-color":"var(--ast-global-color-4)","background-image":"","background-repeat":"repeat","background-position":"center center","background-size":"auto","background-attachment":"scroll","background-type":"","background-media":"","overlay-type":"","overlay-color":"","overlay-opacity":"","overlay-gradient":""},"tablet":{"background-color":"var(--ast-global-color-4)","background-image":"","background-repeat":"repeat","background-position":"center center","background-size":"auto","background-attachment":"scroll","background-type":"","background-media":"","overlay-type":"","overlay-color":"","overlay-opacity":"","overlay-gradient":""},"mobile":{"background-color":"var(--ast-global-color-4)","background-image":"","background-repeat":"repeat","background-position":"center center","background-size":"auto","background-attachment":"scroll","background-type":"","background-media":"","overlay-type":"","overlay-color":"","overlay-opacity":"","overlay-gradient":""}},"footnotes":""},"categories":[46,1],"tags":[],"class_list":["post-26958","post","type-post","status-publish","format-standard","has-post-thumbnail","hentry","category-municipios","category-noticias"],"yoast_head":"<!-- This site is optimized with the Yoast SEO Premium plugin v23.0 (Yoast SEO v27.5) - https:\/\/yoast.com\/product\/yoast-seo-premium-wordpress\/ -->\n<title>En abril vuelve el programa Cipolletti Limpia<\/title>\n<meta name=\"robots\" content=\"index, follow, max-snippet:-1, max-image-preview:large, max-video-preview:-1\" \/>\n<link rel=\"canonical\" href=\"https:\/\/patagoniambiental.com.ar\/info\/en-abril-vuelve-el-programa-cipolletti-limpia\/\" \/>\n<meta property=\"og:locale\" content=\"es_ES\" \/>\n<meta property=\"og:type\" content=\"article\" \/>\n<meta property=\"og:title\" content=\"En abril vuelve el programa Cipolletti Limpia\" \/>\n<meta property=\"og:description\" content=\"CIPOLLETTI.- El programa Cipolletti Limpia, dedicado a recolectar residuos de gran tama\u00f1o, volver\u00e1 a llevar adelante los recorridos de los [&hellip;]\" \/>\n<meta property=\"og:url\" content=\"https:\/\/patagoniambiental.com.ar\/info\/en-abril-vuelve-el-programa-cipolletti-limpia\/\" \/>\n<meta property=\"og:site_name\" content=\"Patagonia Ambiental\" \/>\n<meta property=\"article:publisher\" content=\"https:\/\/www.facebook.com\/patagonia.ambiental\" \/>\n<meta property=\"article:author\" content=\"https:\/\/www.facebook.com\/share\/1C1V8Gv9BX\/?mibextid=qi2Omg\" \/>\n<meta property=\"article:published_time\" content=\"2017-04-02T12:00:04+00:00\" \/>\n<meta property=\"og:image\" content=\"https:\/\/patagoniambiental.com.ar\/info\/wp-content\/uploads\/2017\/04\/basura.jpg\" \/>\n\t<meta property=\"og:image:width\" content=\"660\" \/>\n\t<meta property=\"og:image:height\" content=\"370\" \/>\n\t<meta property=\"og:image:type\" content=\"image\/jpeg\" \/>\n<meta name=\"author\" content=\"Patagonia Ambiental\" \/>\n<meta name=\"twitter:card\" content=\"summary_large_image\" \/>\n<meta name=\"twitter:creator\" content=\"@PatAmb\" \/>\n<meta name=\"twitter:site\" content=\"@PatAmb\" \/>\n<script type=\"application\/ld+json\" class=\"yoast-schema-graph\">{\"@context\":\"https:\\\/\\\/schema.org\",\"@graph\":[{\"@type\":\"Article\",\"@id\":\"https:\\\/\\\/patagoniambiental.com.ar\\\/info\\\/en-abril-vuelve-el-programa-cipolletti-limpia\\\/#article\",\"isPartOf\":{\"@id\":\"https:\\\/\\\/patagoniambiental.com.ar\\\/info\\\/en-abril-vuelve-el-programa-cipolletti-limpia\\\/\"},\"author\":{\"name\":\"Patagonia Ambiental\",\"@id\":\"https:\\\/\\\/patagoniambiental.com.ar\\\/info\\\/#\\\/schema\\\/person\\\/db12bff64bbcbf6a253710bf0ea37b5d\"},\"headline\":\"En abril vuelve el programa Cipolletti Limpia\",\"datePublished\":\"2017-04-02T12:00:04+00:00\",\"mainEntityOfPage\":{\"@id\":\"https:\\\/\\\/patagoniambiental.com.ar\\\/info\\\/en-abril-vuelve-el-programa-cipolletti-limpia\\\/\"},\"wordCount\":467,\"commentCount\":0,\"publisher\":{\"@id\":\"https:\\\/\\\/patagoniambiental.com.ar\\\/info\\\/#organization\"},\"image\":{\"@id\":\"https:\\\/\\\/patagoniambiental.com.ar\\\/info\\\/en-abril-vuelve-el-programa-cipolletti-limpia\\\/#primaryimage\"},\"thumbnailUrl\":\"https:\\\/\\\/patagoniambiental.com.ar\\\/info\\\/wp-content\\\/uploads\\\/2017\\\/04\\\/basura.jpg\",\"articleSection\":[\"Municipios\",\"Noticias\"],\"inLanguage\":\"es\",\"potentialAction\":[{\"@type\":\"CommentAction\",\"name\":\"Comment\",\"target\":[\"https:\\\/\\\/patagoniambiental.com.ar\\\/info\\\/en-abril-vuelve-el-programa-cipolletti-limpia\\\/#respond\"]}]},{\"@type\":\"WebPage\",\"@id\":\"https:\\\/\\\/patagoniambiental.com.ar\\\/info\\\/en-abril-vuelve-el-programa-cipolletti-limpia\\\/\",\"url\":\"https:\\\/\\\/patagoniambiental.com.ar\\\/info\\\/en-abril-vuelve-el-programa-cipolletti-limpia\\\/\",\"name\":\"En abril vuelve el programa Cipolletti Limpia\",\"isPartOf\":{\"@id\":\"https:\\\/\\\/patagoniambiental.com.ar\\\/info\\\/#website\"},\"primaryImageOfPage\":{\"@id\":\"https:\\\/\\\/patagoniambiental.com.ar\\\/info\\\/en-abril-vuelve-el-programa-cipolletti-limpia\\\/#primaryimage\"},\"image\":{\"@id\":\"https:\\\/\\\/patagoniambiental.com.ar\\\/info\\\/en-abril-vuelve-el-programa-cipolletti-limpia\\\/#primaryimage\"},\"thumbnailUrl\":\"https:\\\/\\\/patagoniambiental.com.ar\\\/info\\\/wp-content\\\/uploads\\\/2017\\\/04\\\/basura.jpg\",\"datePublished\":\"2017-04-02T12:00:04+00:00\",\"breadcrumb\":{\"@id\":\"https:\\\/\\\/patagoniambiental.com.ar\\\/info\\\/en-abril-vuelve-el-programa-cipolletti-limpia\\\/#breadcrumb\"},\"inLanguage\":\"es\",\"potentialAction\":[{\"@type\":\"ReadAction\",\"target\":[\"https:\\\/\\\/patagoniambiental.com.ar\\\/info\\\/en-abril-vuelve-el-programa-cipolletti-limpia\\\/\"]}]},{\"@type\":\"ImageObject\",\"inLanguage\":\"es\",\"@id\":\"https:\\\/\\\/patagoniambiental.com.ar\\\/info\\\/en-abril-vuelve-el-programa-cipolletti-limpia\\\/#primaryimage\",\"url\":\"https:\\\/\\\/patagoniambiental.com.ar\\\/info\\\/wp-content\\\/uploads\\\/2017\\\/04\\\/basura.jpg\",\"contentUrl\":\"https:\\\/\\\/patagoniambiental.com.ar\\\/info\\\/wp-content\\\/uploads\\\/2017\\\/04\\\/basura.jpg\",\"width\":660,\"height\":370},{\"@type\":\"BreadcrumbList\",\"@id\":\"https:\\\/\\\/patagoniambiental.com.ar\\\/info\\\/en-abril-vuelve-el-programa-cipolletti-limpia\\\/#breadcrumb\",\"itemListElement\":[{\"@type\":\"ListItem\",\"position\":1,\"name\":\"Inicio\",\"item\":\"https:\\\/\\\/patagoniambiental.com.ar\\\/info\\\/\"},{\"@type\":\"ListItem\",\"position\":2,\"name\":\"En abril vuelve el programa Cipolletti Limpia\"}]},{\"@type\":\"WebSite\",\"@id\":\"https:\\\/\\\/patagoniambiental.com.ar\\\/info\\\/#website\",\"url\":\"https:\\\/\\\/patagoniambiental.com.ar\\\/info\\\/\",\"name\":\"Patagonia Ambiental\",\"description\":\"Monitoreo y an\u00e1lisis de la situaci\u00f3n geopol\u00edtica en el mundo y su implicancia en la Patagonia\",\"publisher\":{\"@id\":\"https:\\\/\\\/patagoniambiental.com.ar\\\/info\\\/#organization\"},\"potentialAction\":[{\"@type\":\"SearchAction\",\"target\":{\"@type\":\"EntryPoint\",\"urlTemplate\":\"https:\\\/\\\/patagoniambiental.com.ar\\\/info\\\/?s={search_term_string}\"},\"query-input\":{\"@type\":\"PropertyValueSpecification\",\"valueRequired\":true,\"valueName\":\"search_term_string\"}}],\"inLanguage\":\"es\"},{\"@type\":\"Organization\",\"@id\":\"https:\\\/\\\/patagoniambiental.com.ar\\\/info\\\/#organization\",\"name\":\"Patagonia Ambiental\",\"url\":\"https:\\\/\\\/patagoniambiental.com.ar\\\/info\\\/\",\"logo\":{\"@type\":\"ImageObject\",\"inLanguage\":\"es\",\"@id\":\"https:\\\/\\\/patagoniambiental.com.ar\\\/info\\\/#\\\/schema\\\/logo\\\/image\\\/\",\"url\":\"https:\\\/\\\/patagoniambiental.com.ar\\\/info\\\/wp-content\\\/uploads\\\/2025\\\/05\\\/LOGO-PATAGONIA-AMBIENTAL.png\",\"contentUrl\":\"https:\\\/\\\/patagoniambiental.com.ar\\\/info\\\/wp-content\\\/uploads\\\/2025\\\/05\\\/LOGO-PATAGONIA-AMBIENTAL.png\",\"width\":433,\"height\":250,\"caption\":\"Patagonia Ambiental\"},\"image\":{\"@id\":\"https:\\\/\\\/patagoniambiental.com.ar\\\/info\\\/#\\\/schema\\\/logo\\\/image\\\/\"},\"sameAs\":[\"https:\\\/\\\/www.facebook.com\\\/patagonia.ambiental\",\"https:\\\/\\\/x.com\\\/PatAmb\"]},{\"@type\":\"Person\",\"@id\":\"https:\\\/\\\/patagoniambiental.com.ar\\\/info\\\/#\\\/schema\\\/person\\\/db12bff64bbcbf6a253710bf0ea37b5d\",\"name\":\"Patagonia Ambiental\",\"description\":\"Andr\u00e9s Nievas T\u00e9cnico en manejo ambiental, consultor Ambiental y escritor para medios locales e internacionales sobre temas de geopolitica y medio ambiente.\",\"sameAs\":[\"http:\\\/\\\/www.patagoniambiental.com.ar\",\"https:\\\/\\\/www.facebook.com\\\/share\\\/1C1V8Gv9BX\\\/?mibextid=qi2Omg\",\"@patagoniambiental\",\"https:\\\/\\\/youtube.com\\\/@patagoniaambiental2023?si=BLt58t0wuXquxlYZ\"]}]}<\/script>\n<!-- \/ Yoast SEO Premium plugin. -->","yoast_head_json":{"title":"En abril vuelve el programa Cipolletti Limpia","robots":{"index":"index","follow":"follow","max-snippet":"max-snippet:-1","max-image-preview":"max-image-preview:large","max-video-preview":"max-video-preview:-1"},"canonical":"https:\/\/patagoniambiental.com.ar\/info\/en-abril-vuelve-el-programa-cipolletti-limpia\/","og_locale":"es_ES","og_type":"article","og_title":"En abril vuelve el programa Cipolletti Limpia","og_description":"CIPOLLETTI.- El programa Cipolletti Limpia, dedicado a recolectar residuos de gran tama\u00f1o, volver\u00e1 a llevar adelante los recorridos de los [&hellip;]","og_url":"https:\/\/patagoniambiental.com.ar\/info\/en-abril-vuelve-el-programa-cipolletti-limpia\/","og_site_name":"Patagonia Ambiental","article_publisher":"https:\/\/www.facebook.com\/patagonia.ambiental","article_author":"https:\/\/www.facebook.com\/share\/1C1V8Gv9BX\/?mibextid=qi2Omg","article_published_time":"2017-04-02T12:00:04+00:00","og_image":[{"width":660,"height":370,"url":"https:\/\/patagoniambiental.com.ar\/info\/wp-content\/uploads\/2017\/04\/basura.jpg","type":"image\/jpeg"}],"author":"Patagonia Ambiental","twitter_card":"summary_large_image","twitter_creator":"@PatAmb","twitter_site":"@PatAmb","schema":{"@context":"https:\/\/schema.org","@graph":[{"@type":"Article","@id":"https:\/\/patagoniambiental.com.ar\/info\/en-abril-vuelve-el-programa-cipolletti-limpia\/#article","isPartOf":{"@id":"https:\/\/patagoniambiental.com.ar\/info\/en-abril-vuelve-el-programa-cipolletti-limpia\/"},"author":{"name":"Patagonia Ambiental","@id":"https:\/\/patagoniambiental.com.ar\/info\/#\/schema\/person\/db12bff64bbcbf6a253710bf0ea37b5d"},"headline":"En abril vuelve el programa Cipolletti Limpia","datePublished":"2017-04-02T12:00:04+00:00","mainEntityOfPage":{"@id":"https:\/\/patagoniambiental.com.ar\/info\/en-abril-vuelve-el-programa-cipolletti-limpia\/"},"wordCount":467,"commentCount":0,"publisher":{"@id":"https:\/\/patagoniambiental.com.ar\/info\/#organization"},"image":{"@id":"https:\/\/patagoniambiental.com.ar\/info\/en-abril-vuelve-el-programa-cipolletti-limpia\/#primaryimage"},"thumbnailUrl":"https:\/\/patagoniambiental.com.ar\/info\/wp-content\/uploads\/2017\/04\/basura.jpg","articleSection":["Municipios","Noticias"],"inLanguage":"es","potentialAction":[{"@type":"CommentAction","name":"Comment","target":["https:\/\/patagoniambiental.com.ar\/info\/en-abril-vuelve-el-programa-cipolletti-limpia\/#respond"]}]},{"@type":"WebPage","@id":"https:\/\/patagoniambiental.com.ar\/info\/en-abril-vuelve-el-programa-cipolletti-limpia\/","url":"https:\/\/patagoniambiental.com.ar\/info\/en-abril-vuelve-el-programa-cipolletti-limpia\/","name":"En abril vuelve el programa Cipolletti Limpia","isPartOf":{"@id":"https:\/\/patagoniambiental.com.ar\/info\/#website"},"primaryImageOfPage":{"@id":"https:\/\/patagoniambiental.com.ar\/info\/en-abril-vuelve-el-programa-cipolletti-limpia\/#primaryimage"},"image":{"@id":"https:\/\/patagoniambiental.com.ar\/info\/en-abril-vuelve-el-programa-cipolletti-limpia\/#primaryimage"},"thumbnailUrl":"https:\/\/patagoniambiental.com.ar\/info\/wp-content\/uploads\/2017\/04\/basura.jpg","datePublished":"2017-04-02T12:00:04+00:00","breadcrumb":{"@id":"https:\/\/patagoniambiental.com.ar\/info\/en-abril-vuelve-el-programa-cipolletti-limpia\/#breadcrumb"},"inLanguage":"es","potentialAction":[{"@type":"ReadAction","target":["https:\/\/patagoniambiental.com.ar\/info\/en-abril-vuelve-el-programa-cipolletti-limpia\/"]}]},{"@type":"ImageObject","inLanguage":"es","@id":"https:\/\/patagoniambiental.com.ar\/info\/en-abril-vuelve-el-programa-cipolletti-limpia\/#primaryimage","url":"https:\/\/patagoniambiental.com.ar\/info\/wp-content\/uploads\/2017\/04\/basura.jpg","contentUrl":"https:\/\/patagoniambiental.com.ar\/info\/wp-content\/uploads\/2017\/04\/basura.jpg","width":660,"height":370},{"@type":"BreadcrumbList","@id":"https:\/\/patagoniambiental.com.ar\/info\/en-abril-vuelve-el-programa-cipolletti-limpia\/#breadcrumb","itemListElement":[{"@type":"ListItem","position":1,"name":"Inicio","item":"https:\/\/patagoniambiental.com.ar\/info\/"},{"@type":"ListItem","position":2,"name":"En abril vuelve el programa Cipolletti Limpia"}]},{"@type":"WebSite","@id":"https:\/\/patagoniambiental.com.ar\/info\/#website","url":"https:\/\/patagoniambiental.com.ar\/info\/","name":"Patagonia Ambiental","description":"Monitoreo y an\u00e1lisis de la situaci\u00f3n geopol\u00edtica en el mundo y su implicancia en la Patagonia","publisher":{"@id":"https:\/\/patagoniambiental.com.ar\/info\/#organization"},"potentialAction":[{"@type":"SearchAction","target":{"@type":"EntryPoint","urlTemplate":"https:\/\/patagoniambiental.com.ar\/info\/?s={search_term_string}"},"query-input":{"@type":"PropertyValueSpecification","valueRequired":true,"valueName":"search_term_string"}}],"inLanguage":"es"},{"@type":"Organization","@id":"https:\/\/patagoniambiental.com.ar\/info\/#organization","name":"Patagonia Ambiental","url":"https:\/\/patagoniambiental.com.ar\/info\/","logo":{"@type":"ImageObject","inLanguage":"es","@id":"https:\/\/patagoniambiental.com.ar\/info\/#\/schema\/logo\/image\/","url":"https:\/\/patagoniambiental.com.ar\/info\/wp-content\/uploads\/2025\/05\/LOGO-PATAGONIA-AMBIENTAL.png","contentUrl":"https:\/\/patagoniambiental.com.ar\/info\/wp-content\/uploads\/2025\/05\/LOGO-PATAGONIA-AMBIENTAL.png","width":433,"height":250,"caption":"Patagonia Ambiental"},"image":{"@id":"https:\/\/patagoniambiental.com.ar\/info\/#\/schema\/logo\/image\/"},"sameAs":["https:\/\/www.facebook.com\/patagonia.ambiental","https:\/\/x.com\/PatAmb"]},{"@type":"Person","@id":"https:\/\/patagoniambiental.com.ar\/info\/#\/schema\/person\/db12bff64bbcbf6a253710bf0ea37b5d","name":"Patagonia Ambiental","description":"Andr\u00e9s Nievas T\u00e9cnico en manejo ambiental, consultor Ambiental y escritor para medios locales e internacionales sobre temas de geopolitica y medio ambiente.","sameAs":["http:\/\/www.patagoniambiental.com.ar","https:\/\/www.facebook.com\/share\/1C1V8Gv9BX\/?mibextid=qi2Omg","@patagoniambiental","https:\/\/youtube.com\/@patagoniaambiental2023?si=BLt58t0wuXquxlYZ"]}]}},"_links":{"self":[{"href":"https:\/\/patagoniambiental.com.ar\/info\/wp-json\/wp\/v2\/posts\/26958","targetHints":{"allow":["GET"]}}],"collection":[{"href":"https:\/\/patagoniambiental.com.ar\/info\/wp-json\/wp\/v2\/posts"}],"about":[{"href":"https:\/\/patagoniambiental.com.ar\/info\/wp-json\/wp\/v2\/types\/post"}],"author":[{"embeddable":true,"href":"https:\/\/patagoniambiental.com.ar\/info\/wp-json\/wp\/v2\/users\/2"}],"replies":[{"embeddable":true,"href":"https:\/\/patagoniambiental.com.ar\/info\/wp-json\/wp\/v2\/comments?post=26958"}],"version-history":[{"count":0,"href":"https:\/\/patagoniambiental.com.ar\/info\/wp-json\/wp\/v2\/posts\/26958\/revisions"}],"wp:featuredmedia":[{"embeddable":true,"href":"https:\/\/patagoniambiental.com.ar\/info\/wp-json\/wp\/v2\/media\/26959"}],"wp:attachment":[{"href":"https:\/\/patagoniambiental.com.ar\/info\/wp-json\/wp\/v2\/media?parent=26958"}],"wp:term":[{"taxonomy":"category","embeddable":true,"href":"https:\/\/patagoniambiental.com.ar\/info\/wp-json\/wp\/v2\/categories?post=26958"},{"taxonomy":"post_tag","embeddable":true,"href":"https:\/\/patagoniambiental.com.ar\/info\/wp-json\/wp\/v2\/tags?post=26958"}],"curies":[{"name":"wp","href":"https:\/\/api.w.org\/{rel}","templated":true}]}}