{"id":26991,"date":"2017-04-03T09:00:11","date_gmt":"2017-04-03T12:00:11","guid":{"rendered":"http:\/\/patagoniambiental.com.ar\/info\/?p=26991"},"modified":"2017-04-02T20:13:55","modified_gmt":"2017-04-02T23:13:55","slug":"hallan-rastros-de-poblaciones-de-16-mil-anos-de-antiguedad-en-buta-ranquil","status":"publish","type":"post","link":"https:\/\/patagoniambiental.com.ar\/info\/hallan-rastros-de-poblaciones-de-16-mil-anos-de-antiguedad-en-buta-ranquil\/","title":{"rendered":"Hallan rastros de poblaciones de 16 mil a\u00f1os de antig\u00fcedad en Buta Ranquil"},"content":{"rendered":"<div class=\"td-post-content\">\n<p class=\"bajada\">NEUQUEN.- Los artefactos fueron encontrados en la Cueva Huenul de esa localidad. Tambi\u00e9n se hallaron huesos de animales extintos que datan de entre 16 mil y 13 mil a\u00f1os atr\u00e1s.<\/p>\n<p>Con el prop\u00f3sito de proteger y difundir la historia de la provincia de Neuqu\u00e9n, la direcci\u00f3n de Patrimonio Cultural de la provincia inform\u00f3 el reciente hallazgo de rastros de poblaciones y animales extintos en la \u201cCueva Huenul\u201d de Buta Ranquil, los cuales datan de entre 16.000 y 13.000 a\u00f1os de antig\u00fcedad.<\/p>\n<p>Tales elementos fueron resultado de nuevas tareas de registro arqueol\u00f3gico en el departamento Pehuenches de Buta Ranquil en colaboraci\u00f3n con la municipalidad de Barrancas y la subsecretar\u00eda de Turismo de la provincia, con el objetivo de proteger y difundir la historia de la provincia del Neuqu\u00e9n.<\/p>\n<p>El proyecto de Investigaci\u00f3n Arqueol\u00f3gica\u00a0conducido por Ramiro Barbarena\u00a0en ese departamento\u00a0se origina en el a\u00f1o 2010, trabaj\u00e1ndose en conjunto entre Provincia, CoNiCeT,\u00a0las comunidades de Barrancas y Buta Ranquil e investigadores de Argentina, Chile y Estados Unidos.\u00a0El\u00a0objetivo principal de este trabajo\u00a0es estudiar la ocupaci\u00f3n humana en el norte neuquino y otras regiones de Nor-Patagonia.<\/p>\n<p>Respecto a los resultados de la investigaci\u00f3n, Barbarena detall\u00f3: \u201cNuestro trabajo en un sitio arqueol\u00f3gico llamado Cueva Huenul nos permiti\u00f3 estudiar 15 mil a\u00f1os de historia de cambio de ambiente, clima y sociedades humanas\u201d. Y agreg\u00f3 que las primeras evidencias se asocian al fin del periodo de glaciaciones o Pleistoceno, \u201cdonde el clima era considerablemente m\u00e1s fr\u00edo, las altas cubres estaban cubiertas de glaciares y transitaban especies extinguidas actualmente\u201d.<\/p>\n<p>Precis\u00f3 que \u201cen las investigaciones hemos recuperado evidencias que muestran grandes mam\u00edferos extintos ocuparon que esta cueva entre 16.000 y 13.000 a\u00f1os atr\u00e1s\u201d.<\/p>\n<p>Barbarena coment\u00f3 que en la Cueva Huenul se hallaron restos de excrementos y algunos huesos que fueron asignados a perezosos gigantes, animales herb\u00edvoros del tama\u00f1o de un oso (parientes lejanos de los perezosos actuales, de menor tama\u00f1o y que se encuentran en distintas regiones de Am\u00e9rica); adem\u00e1s de carb\u00f3n, huesos de guanaco y algunos peque\u00f1os artefactos de piedra depositados hace 11.000 a\u00f1os.<\/p>\n<p>\u201cEstas evidencias representan una de las ocupaciones humanas m\u00e1s antiguas conocidas para toda la provincia del Neuqu\u00e9n\u201d, expres\u00f3.<\/p>\n<p><strong>Movimientos humanos<\/strong><\/p>\n<p>Adem\u00e1s, los hallazgos establecieron que las poblaciones humanas deb\u00edan moverse hacia los recursos que necesitan, lo cual implica un gran conocimiento del paisaje y sus cambios a lo largo de las estaciones anuales. Es por eso que el equipo de investigadores desarroll\u00f3 un estudio de todas las evidencias arqueol\u00f3gicas del Arroyo Buta C\u00f3, ubicado entre las comunidades de Barrancas y Buta Ranquil. El sitio une las tierras cercanas a los volcanes Tromen y Wayle. All\u00ed se pudo constatar que las poblaciones humanas se asentaban en altitudes intermedias, esto se debe a que en los sitios se recuperaron distintos materiales: artefactos en superficie, cer\u00e1micas en sitios arqueol\u00f3gicos y numerosas pinturas rupestres.<\/p>\n<p>Sin embargo en espacios cercanos al r\u00edo Colorado, la cantidad de evidencias desciende por eso los investigadores infieren que los espacios intermedios pueden ocuparse todo el a\u00f1o ya que ofrecen reparo, agua y abundantes recursos vegetales como algarrobo, molle y animales, guanacos principalmente. Es decir \u201clos espacios intermedios funcionaban como un espacio clave para las sociedades humanas, desde donde organizaban sus movimientos hac\u00eda otros espacios\u201d, reflexion\u00f3.<\/p>\n<p>Asimismo Barbarena explic\u00f3 que \u201ctambi\u00e9n se hizo un relevamiento exhaustivo del arte rupestre de la regi\u00f3n bajo la supervisi\u00f3n de la becaria del Conicet, \u00a0Guadalupe Romera Villanueva, \u2013 y se\u00f1al\u00f3 que: \u201ca trav\u00e9s de los an\u00e1lisis de la informaci\u00f3n en el laboratorio se pudo determinar que los sitios como la Cueva Yagui y la Cueva Huenul cuentan con cientos de motivos con formas representadas muy variadas, destac\u00e1ndose dise\u00f1os abstractos formados a partir de trazos, l\u00edneas quebradas y rectas, algunas de ellas dispuestas en forma paralela\u201d, que seg\u00fan manifest\u00f3 Barbarena fueron halladas y documentadas tambi\u00e9n en otros sitios arqueol\u00f3gicos como Colomichico (Minas) y\/o \u00a0la cordillera de Linares (Chile).<\/p>\n<p>Estas investigaciones tienen por objetivo estudiar la historia milenaria de la ocupaci\u00f3n humana en esta regi\u00f3n de la Patagonia. El \u00e1rea de Patrimonio Cultural tambi\u00e9n se propone desarrollar el parque arqueol\u00f3gico junto al museo municipal entendiendo al patrimonio hist\u00f3rico como un factor de desarrollo tur\u00edstico y econ\u00f3mico clave para el Norte de Neuqu\u00e9n.<\/p>\n<\/div>\n<footer>\n<div class=\"td-post-source-tags\">\u00a0Fuente: Neuquen Informa<\/div>\n<\/footer>\n","protected":false},"excerpt":{"rendered":"<p>NEUQUEN.- Los artefactos fueron encontrados en la Cueva Huenul de esa localidad. Tambi\u00e9n se hallaron huesos de animales extintos que [&hellip;]<\/p>\n","protected":false},"author":2,"featured_media":26993,"comment_status":"open","ping_status":"open","sticky":false,"template":"","format":"standard","meta":{"site-sidebar-layout":"default","site-content-layout":"","ast-site-content-layout":"default","site-content-style":"default","site-sidebar-style":"default","ast-global-header-display":"","ast-banner-title-visibility":"","ast-main-header-display":"","ast-hfb-above-header-display":"","ast-hfb-below-header-display":"","ast-hfb-mobile-header-display":"","site-post-title":"","ast-breadcrumbs-content":"","ast-featured-img":"","footer-sml-layout":"","ast-disable-related-posts":"","theme-transparent-header-meta":"","adv-header-id-meta":"","stick-header-meta":"","header-above-stick-meta":"","header-main-stick-meta":"","header-below-stick-meta":"","astra-migrate-meta-layouts":"default","ast-page-background-enabled":"default","ast-page-background-meta":{"desktop":{"background-color":"var(--ast-global-color-5)","background-image":"","background-repeat":"repeat","background-position":"center center","background-size":"auto","background-attachment":"scroll","background-type":"","background-media":"","overlay-type":"","overlay-color":"","overlay-opacity":"","overlay-gradient":""},"tablet":{"background-color":"","background-image":"","background-repeat":"repeat","background-position":"center center","background-size":"auto","background-attachment":"scroll","background-type":"","background-media":"","overlay-type":"","overlay-color":"","overlay-opacity":"","overlay-gradient":""},"mobile":{"background-color":"","background-image":"","background-repeat":"repeat","background-position":"center center","background-size":"auto","background-attachment":"scroll","background-type":"","background-media":"","overlay-type":"","overlay-color":"","overlay-opacity":"","overlay-gradient":""}},"ast-content-background-meta":{"desktop":{"background-color":"var(--ast-global-color-4)","background-image":"","background-repeat":"repeat","background-position":"center center","background-size":"auto","background-attachment":"scroll","background-type":"","background-media":"","overlay-type":"","overlay-color":"","overlay-opacity":"","overlay-gradient":""},"tablet":{"background-color":"var(--ast-global-color-4)","background-image":"","background-repeat":"repeat","background-position":"center center","background-size":"auto","background-attachment":"scroll","background-type":"","background-media":"","overlay-type":"","overlay-color":"","overlay-opacity":"","overlay-gradient":""},"mobile":{"background-color":"var(--ast-global-color-4)","background-image":"","background-repeat":"repeat","background-position":"center center","background-size":"auto","background-attachment":"scroll","background-type":"","background-media":"","overlay-type":"","overlay-color":"","overlay-opacity":"","overlay-gradient":""}},"footnotes":""},"categories":[18,1],"tags":[],"class_list":["post-26991","post","type-post","status-publish","format-standard","has-post-thumbnail","hentry","category-neuquen","category-noticias"],"yoast_head":"<!-- This site is optimized with the Yoast SEO Premium plugin v23.0 (Yoast SEO v27.5) - https:\/\/yoast.com\/product\/yoast-seo-premium-wordpress\/ -->\n<title>Hallan rastros de poblaciones de 16 mil a\u00f1os de antig\u00fcedad en Buta Ranquil<\/title>\n<meta name=\"robots\" content=\"index, follow, max-snippet:-1, max-image-preview:large, max-video-preview:-1\" \/>\n<link rel=\"canonical\" href=\"https:\/\/patagoniambiental.com.ar\/info\/hallan-rastros-de-poblaciones-de-16-mil-anos-de-antiguedad-en-buta-ranquil\/\" \/>\n<meta property=\"og:locale\" content=\"es_ES\" \/>\n<meta property=\"og:type\" content=\"article\" \/>\n<meta property=\"og:title\" content=\"Hallan rastros de poblaciones de 16 mil a\u00f1os de antig\u00fcedad en Buta Ranquil\" \/>\n<meta property=\"og:description\" content=\"NEUQUEN.- Los artefactos fueron encontrados en la Cueva Huenul de esa localidad. Tambi\u00e9n se hallaron huesos de animales extintos que [&hellip;]\" \/>\n<meta property=\"og:url\" content=\"https:\/\/patagoniambiental.com.ar\/info\/hallan-rastros-de-poblaciones-de-16-mil-anos-de-antiguedad-en-buta-ranquil\/\" \/>\n<meta property=\"og:site_name\" content=\"Patagonia Ambiental\" \/>\n<meta property=\"article:publisher\" content=\"https:\/\/www.facebook.com\/patagonia.ambiental\" \/>\n<meta property=\"article:author\" content=\"https:\/\/www.facebook.com\/share\/1C1V8Gv9BX\/?mibextid=qi2Omg\" \/>\n<meta property=\"article:published_time\" content=\"2017-04-03T12:00:11+00:00\" \/>\n<meta property=\"og:image\" content=\"https:\/\/patagoniambiental.com.ar\/info\/wp-content\/uploads\/2017\/04\/buta-ranqui\u00f1.jpg\" \/>\n\t<meta property=\"og:image:width\" content=\"660\" \/>\n\t<meta property=\"og:image:height\" content=\"370\" \/>\n\t<meta property=\"og:image:type\" content=\"image\/jpeg\" \/>\n<meta name=\"author\" content=\"Patagonia Ambiental\" \/>\n<meta name=\"twitter:card\" content=\"summary_large_image\" \/>\n<meta name=\"twitter:creator\" content=\"@PatAmb\" \/>\n<meta name=\"twitter:site\" content=\"@PatAmb\" \/>\n<script type=\"application\/ld+json\" class=\"yoast-schema-graph\">{\"@context\":\"https:\\\/\\\/schema.org\",\"@graph\":[{\"@type\":\"Article\",\"@id\":\"https:\\\/\\\/patagoniambiental.com.ar\\\/info\\\/hallan-rastros-de-poblaciones-de-16-mil-anos-de-antiguedad-en-buta-ranquil\\\/#article\",\"isPartOf\":{\"@id\":\"https:\\\/\\\/patagoniambiental.com.ar\\\/info\\\/hallan-rastros-de-poblaciones-de-16-mil-anos-de-antiguedad-en-buta-ranquil\\\/\"},\"author\":{\"name\":\"Patagonia Ambiental\",\"@id\":\"https:\\\/\\\/patagoniambiental.com.ar\\\/info\\\/#\\\/schema\\\/person\\\/db12bff64bbcbf6a253710bf0ea37b5d\"},\"headline\":\"Hallan rastros de poblaciones de 16 mil a\u00f1os de antig\u00fcedad en Buta Ranquil\",\"datePublished\":\"2017-04-03T12:00:11+00:00\",\"mainEntityOfPage\":{\"@id\":\"https:\\\/\\\/patagoniambiental.com.ar\\\/info\\\/hallan-rastros-de-poblaciones-de-16-mil-anos-de-antiguedad-en-buta-ranquil\\\/\"},\"wordCount\":769,\"commentCount\":0,\"publisher\":{\"@id\":\"https:\\\/\\\/patagoniambiental.com.ar\\\/info\\\/#organization\"},\"image\":{\"@id\":\"https:\\\/\\\/patagoniambiental.com.ar\\\/info\\\/hallan-rastros-de-poblaciones-de-16-mil-anos-de-antiguedad-en-buta-ranquil\\\/#primaryimage\"},\"thumbnailUrl\":\"https:\\\/\\\/patagoniambiental.com.ar\\\/info\\\/wp-content\\\/uploads\\\/2017\\\/04\\\/buta-ranqui\u00f1.jpg\",\"articleSection\":[\"Neuqu\u00e9n\",\"Noticias\"],\"inLanguage\":\"es\",\"potentialAction\":[{\"@type\":\"CommentAction\",\"name\":\"Comment\",\"target\":[\"https:\\\/\\\/patagoniambiental.com.ar\\\/info\\\/hallan-rastros-de-poblaciones-de-16-mil-anos-de-antiguedad-en-buta-ranquil\\\/#respond\"]}]},{\"@type\":\"WebPage\",\"@id\":\"https:\\\/\\\/patagoniambiental.com.ar\\\/info\\\/hallan-rastros-de-poblaciones-de-16-mil-anos-de-antiguedad-en-buta-ranquil\\\/\",\"url\":\"https:\\\/\\\/patagoniambiental.com.ar\\\/info\\\/hallan-rastros-de-poblaciones-de-16-mil-anos-de-antiguedad-en-buta-ranquil\\\/\",\"name\":\"Hallan rastros de poblaciones de 16 mil a\u00f1os de antig\u00fcedad en Buta Ranquil\",\"isPartOf\":{\"@id\":\"https:\\\/\\\/patagoniambiental.com.ar\\\/info\\\/#website\"},\"primaryImageOfPage\":{\"@id\":\"https:\\\/\\\/patagoniambiental.com.ar\\\/info\\\/hallan-rastros-de-poblaciones-de-16-mil-anos-de-antiguedad-en-buta-ranquil\\\/#primaryimage\"},\"image\":{\"@id\":\"https:\\\/\\\/patagoniambiental.com.ar\\\/info\\\/hallan-rastros-de-poblaciones-de-16-mil-anos-de-antiguedad-en-buta-ranquil\\\/#primaryimage\"},\"thumbnailUrl\":\"https:\\\/\\\/patagoniambiental.com.ar\\\/info\\\/wp-content\\\/uploads\\\/2017\\\/04\\\/buta-ranqui\u00f1.jpg\",\"datePublished\":\"2017-04-03T12:00:11+00:00\",\"breadcrumb\":{\"@id\":\"https:\\\/\\\/patagoniambiental.com.ar\\\/info\\\/hallan-rastros-de-poblaciones-de-16-mil-anos-de-antiguedad-en-buta-ranquil\\\/#breadcrumb\"},\"inLanguage\":\"es\",\"potentialAction\":[{\"@type\":\"ReadAction\",\"target\":[\"https:\\\/\\\/patagoniambiental.com.ar\\\/info\\\/hallan-rastros-de-poblaciones-de-16-mil-anos-de-antiguedad-en-buta-ranquil\\\/\"]}]},{\"@type\":\"ImageObject\",\"inLanguage\":\"es\",\"@id\":\"https:\\\/\\\/patagoniambiental.com.ar\\\/info\\\/hallan-rastros-de-poblaciones-de-16-mil-anos-de-antiguedad-en-buta-ranquil\\\/#primaryimage\",\"url\":\"https:\\\/\\\/patagoniambiental.com.ar\\\/info\\\/wp-content\\\/uploads\\\/2017\\\/04\\\/buta-ranqui\u00f1.jpg\",\"contentUrl\":\"https:\\\/\\\/patagoniambiental.com.ar\\\/info\\\/wp-content\\\/uploads\\\/2017\\\/04\\\/buta-ranqui\u00f1.jpg\",\"width\":660,\"height\":370},{\"@type\":\"BreadcrumbList\",\"@id\":\"https:\\\/\\\/patagoniambiental.com.ar\\\/info\\\/hallan-rastros-de-poblaciones-de-16-mil-anos-de-antiguedad-en-buta-ranquil\\\/#breadcrumb\",\"itemListElement\":[{\"@type\":\"ListItem\",\"position\":1,\"name\":\"Inicio\",\"item\":\"https:\\\/\\\/patagoniambiental.com.ar\\\/info\\\/\"},{\"@type\":\"ListItem\",\"position\":2,\"name\":\"Hallan rastros de poblaciones de 16 mil a\u00f1os de antig\u00fcedad en Buta Ranquil\"}]},{\"@type\":\"WebSite\",\"@id\":\"https:\\\/\\\/patagoniambiental.com.ar\\\/info\\\/#website\",\"url\":\"https:\\\/\\\/patagoniambiental.com.ar\\\/info\\\/\",\"name\":\"Patagonia Ambiental\",\"description\":\"Monitoreo y an\u00e1lisis de la situaci\u00f3n geopol\u00edtica en el mundo y su implicancia en la Patagonia\",\"publisher\":{\"@id\":\"https:\\\/\\\/patagoniambiental.com.ar\\\/info\\\/#organization\"},\"potentialAction\":[{\"@type\":\"SearchAction\",\"target\":{\"@type\":\"EntryPoint\",\"urlTemplate\":\"https:\\\/\\\/patagoniambiental.com.ar\\\/info\\\/?s={search_term_string}\"},\"query-input\":{\"@type\":\"PropertyValueSpecification\",\"valueRequired\":true,\"valueName\":\"search_term_string\"}}],\"inLanguage\":\"es\"},{\"@type\":\"Organization\",\"@id\":\"https:\\\/\\\/patagoniambiental.com.ar\\\/info\\\/#organization\",\"name\":\"Patagonia Ambiental\",\"url\":\"https:\\\/\\\/patagoniambiental.com.ar\\\/info\\\/\",\"logo\":{\"@type\":\"ImageObject\",\"inLanguage\":\"es\",\"@id\":\"https:\\\/\\\/patagoniambiental.com.ar\\\/info\\\/#\\\/schema\\\/logo\\\/image\\\/\",\"url\":\"https:\\\/\\\/patagoniambiental.com.ar\\\/info\\\/wp-content\\\/uploads\\\/2025\\\/05\\\/LOGO-PATAGONIA-AMBIENTAL.png\",\"contentUrl\":\"https:\\\/\\\/patagoniambiental.com.ar\\\/info\\\/wp-content\\\/uploads\\\/2025\\\/05\\\/LOGO-PATAGONIA-AMBIENTAL.png\",\"width\":433,\"height\":250,\"caption\":\"Patagonia Ambiental\"},\"image\":{\"@id\":\"https:\\\/\\\/patagoniambiental.com.ar\\\/info\\\/#\\\/schema\\\/logo\\\/image\\\/\"},\"sameAs\":[\"https:\\\/\\\/www.facebook.com\\\/patagonia.ambiental\",\"https:\\\/\\\/x.com\\\/PatAmb\"]},{\"@type\":\"Person\",\"@id\":\"https:\\\/\\\/patagoniambiental.com.ar\\\/info\\\/#\\\/schema\\\/person\\\/db12bff64bbcbf6a253710bf0ea37b5d\",\"name\":\"Patagonia Ambiental\",\"description\":\"Andr\u00e9s Nievas T\u00e9cnico en manejo ambiental, consultor Ambiental y escritor para medios locales e internacionales sobre temas de geopolitica y medio ambiente.\",\"sameAs\":[\"http:\\\/\\\/www.patagoniambiental.com.ar\",\"https:\\\/\\\/www.facebook.com\\\/share\\\/1C1V8Gv9BX\\\/?mibextid=qi2Omg\",\"@patagoniambiental\",\"https:\\\/\\\/youtube.com\\\/@patagoniaambiental2023?si=BLt58t0wuXquxlYZ\"]}]}<\/script>\n<!-- \/ Yoast SEO Premium plugin. -->","yoast_head_json":{"title":"Hallan rastros de poblaciones de 16 mil a\u00f1os de antig\u00fcedad en Buta Ranquil","robots":{"index":"index","follow":"follow","max-snippet":"max-snippet:-1","max-image-preview":"max-image-preview:large","max-video-preview":"max-video-preview:-1"},"canonical":"https:\/\/patagoniambiental.com.ar\/info\/hallan-rastros-de-poblaciones-de-16-mil-anos-de-antiguedad-en-buta-ranquil\/","og_locale":"es_ES","og_type":"article","og_title":"Hallan rastros de poblaciones de 16 mil a\u00f1os de antig\u00fcedad en Buta Ranquil","og_description":"NEUQUEN.- Los artefactos fueron encontrados en la Cueva Huenul de esa localidad. Tambi\u00e9n se hallaron huesos de animales extintos que [&hellip;]","og_url":"https:\/\/patagoniambiental.com.ar\/info\/hallan-rastros-de-poblaciones-de-16-mil-anos-de-antiguedad-en-buta-ranquil\/","og_site_name":"Patagonia Ambiental","article_publisher":"https:\/\/www.facebook.com\/patagonia.ambiental","article_author":"https:\/\/www.facebook.com\/share\/1C1V8Gv9BX\/?mibextid=qi2Omg","article_published_time":"2017-04-03T12:00:11+00:00","og_image":[{"width":660,"height":370,"url":"https:\/\/patagoniambiental.com.ar\/info\/wp-content\/uploads\/2017\/04\/buta-ranqui\u00f1.jpg","type":"image\/jpeg"}],"author":"Patagonia Ambiental","twitter_card":"summary_large_image","twitter_creator":"@PatAmb","twitter_site":"@PatAmb","schema":{"@context":"https:\/\/schema.org","@graph":[{"@type":"Article","@id":"https:\/\/patagoniambiental.com.ar\/info\/hallan-rastros-de-poblaciones-de-16-mil-anos-de-antiguedad-en-buta-ranquil\/#article","isPartOf":{"@id":"https:\/\/patagoniambiental.com.ar\/info\/hallan-rastros-de-poblaciones-de-16-mil-anos-de-antiguedad-en-buta-ranquil\/"},"author":{"name":"Patagonia Ambiental","@id":"https:\/\/patagoniambiental.com.ar\/info\/#\/schema\/person\/db12bff64bbcbf6a253710bf0ea37b5d"},"headline":"Hallan rastros de poblaciones de 16 mil a\u00f1os de antig\u00fcedad en Buta Ranquil","datePublished":"2017-04-03T12:00:11+00:00","mainEntityOfPage":{"@id":"https:\/\/patagoniambiental.com.ar\/info\/hallan-rastros-de-poblaciones-de-16-mil-anos-de-antiguedad-en-buta-ranquil\/"},"wordCount":769,"commentCount":0,"publisher":{"@id":"https:\/\/patagoniambiental.com.ar\/info\/#organization"},"image":{"@id":"https:\/\/patagoniambiental.com.ar\/info\/hallan-rastros-de-poblaciones-de-16-mil-anos-de-antiguedad-en-buta-ranquil\/#primaryimage"},"thumbnailUrl":"https:\/\/patagoniambiental.com.ar\/info\/wp-content\/uploads\/2017\/04\/buta-ranqui\u00f1.jpg","articleSection":["Neuqu\u00e9n","Noticias"],"inLanguage":"es","potentialAction":[{"@type":"CommentAction","name":"Comment","target":["https:\/\/patagoniambiental.com.ar\/info\/hallan-rastros-de-poblaciones-de-16-mil-anos-de-antiguedad-en-buta-ranquil\/#respond"]}]},{"@type":"WebPage","@id":"https:\/\/patagoniambiental.com.ar\/info\/hallan-rastros-de-poblaciones-de-16-mil-anos-de-antiguedad-en-buta-ranquil\/","url":"https:\/\/patagoniambiental.com.ar\/info\/hallan-rastros-de-poblaciones-de-16-mil-anos-de-antiguedad-en-buta-ranquil\/","name":"Hallan rastros de poblaciones de 16 mil a\u00f1os de antig\u00fcedad en Buta Ranquil","isPartOf":{"@id":"https:\/\/patagoniambiental.com.ar\/info\/#website"},"primaryImageOfPage":{"@id":"https:\/\/patagoniambiental.com.ar\/info\/hallan-rastros-de-poblaciones-de-16-mil-anos-de-antiguedad-en-buta-ranquil\/#primaryimage"},"image":{"@id":"https:\/\/patagoniambiental.com.ar\/info\/hallan-rastros-de-poblaciones-de-16-mil-anos-de-antiguedad-en-buta-ranquil\/#primaryimage"},"thumbnailUrl":"https:\/\/patagoniambiental.com.ar\/info\/wp-content\/uploads\/2017\/04\/buta-ranqui\u00f1.jpg","datePublished":"2017-04-03T12:00:11+00:00","breadcrumb":{"@id":"https:\/\/patagoniambiental.com.ar\/info\/hallan-rastros-de-poblaciones-de-16-mil-anos-de-antiguedad-en-buta-ranquil\/#breadcrumb"},"inLanguage":"es","potentialAction":[{"@type":"ReadAction","target":["https:\/\/patagoniambiental.com.ar\/info\/hallan-rastros-de-poblaciones-de-16-mil-anos-de-antiguedad-en-buta-ranquil\/"]}]},{"@type":"ImageObject","inLanguage":"es","@id":"https:\/\/patagoniambiental.com.ar\/info\/hallan-rastros-de-poblaciones-de-16-mil-anos-de-antiguedad-en-buta-ranquil\/#primaryimage","url":"https:\/\/patagoniambiental.com.ar\/info\/wp-content\/uploads\/2017\/04\/buta-ranqui\u00f1.jpg","contentUrl":"https:\/\/patagoniambiental.com.ar\/info\/wp-content\/uploads\/2017\/04\/buta-ranqui\u00f1.jpg","width":660,"height":370},{"@type":"BreadcrumbList","@id":"https:\/\/patagoniambiental.com.ar\/info\/hallan-rastros-de-poblaciones-de-16-mil-anos-de-antiguedad-en-buta-ranquil\/#breadcrumb","itemListElement":[{"@type":"ListItem","position":1,"name":"Inicio","item":"https:\/\/patagoniambiental.com.ar\/info\/"},{"@type":"ListItem","position":2,"name":"Hallan rastros de poblaciones de 16 mil a\u00f1os de antig\u00fcedad en Buta Ranquil"}]},{"@type":"WebSite","@id":"https:\/\/patagoniambiental.com.ar\/info\/#website","url":"https:\/\/patagoniambiental.com.ar\/info\/","name":"Patagonia Ambiental","description":"Monitoreo y an\u00e1lisis de la situaci\u00f3n geopol\u00edtica en el mundo y su implicancia en la Patagonia","publisher":{"@id":"https:\/\/patagoniambiental.com.ar\/info\/#organization"},"potentialAction":[{"@type":"SearchAction","target":{"@type":"EntryPoint","urlTemplate":"https:\/\/patagoniambiental.com.ar\/info\/?s={search_term_string}"},"query-input":{"@type":"PropertyValueSpecification","valueRequired":true,"valueName":"search_term_string"}}],"inLanguage":"es"},{"@type":"Organization","@id":"https:\/\/patagoniambiental.com.ar\/info\/#organization","name":"Patagonia Ambiental","url":"https:\/\/patagoniambiental.com.ar\/info\/","logo":{"@type":"ImageObject","inLanguage":"es","@id":"https:\/\/patagoniambiental.com.ar\/info\/#\/schema\/logo\/image\/","url":"https:\/\/patagoniambiental.com.ar\/info\/wp-content\/uploads\/2025\/05\/LOGO-PATAGONIA-AMBIENTAL.png","contentUrl":"https:\/\/patagoniambiental.com.ar\/info\/wp-content\/uploads\/2025\/05\/LOGO-PATAGONIA-AMBIENTAL.png","width":433,"height":250,"caption":"Patagonia Ambiental"},"image":{"@id":"https:\/\/patagoniambiental.com.ar\/info\/#\/schema\/logo\/image\/"},"sameAs":["https:\/\/www.facebook.com\/patagonia.ambiental","https:\/\/x.com\/PatAmb"]},{"@type":"Person","@id":"https:\/\/patagoniambiental.com.ar\/info\/#\/schema\/person\/db12bff64bbcbf6a253710bf0ea37b5d","name":"Patagonia Ambiental","description":"Andr\u00e9s Nievas T\u00e9cnico en manejo ambiental, consultor Ambiental y escritor para medios locales e internacionales sobre temas de geopolitica y medio ambiente.","sameAs":["http:\/\/www.patagoniambiental.com.ar","https:\/\/www.facebook.com\/share\/1C1V8Gv9BX\/?mibextid=qi2Omg","@patagoniambiental","https:\/\/youtube.com\/@patagoniaambiental2023?si=BLt58t0wuXquxlYZ"]}]}},"_links":{"self":[{"href":"https:\/\/patagoniambiental.com.ar\/info\/wp-json\/wp\/v2\/posts\/26991","targetHints":{"allow":["GET"]}}],"collection":[{"href":"https:\/\/patagoniambiental.com.ar\/info\/wp-json\/wp\/v2\/posts"}],"about":[{"href":"https:\/\/patagoniambiental.com.ar\/info\/wp-json\/wp\/v2\/types\/post"}],"author":[{"embeddable":true,"href":"https:\/\/patagoniambiental.com.ar\/info\/wp-json\/wp\/v2\/users\/2"}],"replies":[{"embeddable":true,"href":"https:\/\/patagoniambiental.com.ar\/info\/wp-json\/wp\/v2\/comments?post=26991"}],"version-history":[{"count":0,"href":"https:\/\/patagoniambiental.com.ar\/info\/wp-json\/wp\/v2\/posts\/26991\/revisions"}],"wp:featuredmedia":[{"embeddable":true,"href":"https:\/\/patagoniambiental.com.ar\/info\/wp-json\/wp\/v2\/media\/26993"}],"wp:attachment":[{"href":"https:\/\/patagoniambiental.com.ar\/info\/wp-json\/wp\/v2\/media?parent=26991"}],"wp:term":[{"taxonomy":"category","embeddable":true,"href":"https:\/\/patagoniambiental.com.ar\/info\/wp-json\/wp\/v2\/categories?post=26991"},{"taxonomy":"post_tag","embeddable":true,"href":"https:\/\/patagoniambiental.com.ar\/info\/wp-json\/wp\/v2\/tags?post=26991"}],"curies":[{"name":"wp","href":"https:\/\/api.w.org\/{rel}","templated":true}]}}