{"id":27007,"date":"2017-04-03T19:00:01","date_gmt":"2017-04-03T22:00:01","guid":{"rendered":"http:\/\/patagoniambiental.com.ar\/info\/?p=27007"},"modified":"2017-04-03T10:42:20","modified_gmt":"2017-04-03T13:42:20","slug":"zara-acompano-el-acto-conmemorativo-por-el-35-aniversario-de-la-gesta-de-malvinas","status":"publish","type":"post","link":"https:\/\/patagoniambiental.com.ar\/info\/zara-acompano-el-acto-conmemorativo-por-el-35-aniversario-de-la-gesta-de-malvinas\/","title":{"rendered":"Zara acompa\u00f1\u00f3 el acto conmemorativo por el 35\u00b0 aniversario de la gesta de Malvinas"},"content":{"rendered":"<p style=\"text-align: left;\"><span lang=\"ES-AR\">Patagones.-Los\u00a0<\/span>35 a\u00f1os del desembarco argentino en las Islas Malvinas se recordaron ayer,\u00a0en un emotivo<\/p>\n<p style=\"text-align: left;\"><!--more--><\/p>\n<p style=\"text-align: left;\">acto\u00a0encabezado por el presidente del Honorable Concejo Deliberante de Patagones, Ricardo Marino, acompa\u00f1ado por el Intendente Jos\u00e9 Luis Zara, e\u00a0integrantes de la Agrupaci\u00f3n Ex combatientes de Malvinas, junto a su presidente, Dar\u00edo Roth.<\/p>\n<p class=\"x_MsoNormal\"><span lang=\"ES-AR\">Con una importante presencia de vecinos, la Escuela Media Islas Malvinas fue el lugar que convoc\u00f3 a la comunidad para el acto conmemorativo, que cont\u00f3 con la presencia de las banderas de ceremonia de distintas instituciones educativas del distrito, de la Prefectura Naval Argentina, autoridades de las fuerzas de seguridad y educaci\u00f3n, concejales y funcionarios del Ejecutivo y, en representaci\u00f3n del gobierno de la provincia de R\u00edo negro, el Secretario General de la Gobernaci\u00f3n, Mat\u00edas Rulli.<\/span><\/p>\n<p class=\"x_MsoNormal\"><span lang=\"ES-AR\">\u00a0<\/span><\/p>\n<p class=\"x_MsoNormal\"><span lang=\"ES-AR\">\u201cA nuestros ex combatientes les digo que sentimos orgullo y dolor. Orgullo por haber formado parte de la historia que perdurar\u00e1 en la memoria de los argentinos y del mundo, y un inmenso dolor por aquellos argentinos que entregaron lo m\u00e1s valioso que ten\u00edan; su propia vida por esta causa\u201d, dijo Zara en su alocuci\u00f3n.<\/span><\/p>\n<p class=\"x_MsoNormal\"><span lang=\"ES-AR\">\u00a0<\/span><\/p>\n<p class=\"x_MsoNormal\"><span lang=\"ES-AR\">\u201cEn medio de aquella tragedia, las historias de entrega, de patriotismo, humanismo compa\u00f1eros y el hero\u00edsmo extremo no deben quedar en el olvido. Debemos conocerlas, valorarlas y sobre todo hacerlas estandarte de una argentina que no se entrega, que es integra y que puede proponerse grandes objetivos\u201d, agreg\u00f3.<\/span><\/p>\n<p class=\"x_MsoNormal\"><span lang=\"ES-AR\">\u00a0<\/span><\/p>\n<p class=\"x_MsoNormal\"><span lang=\"ES-AR\">Finalmente, Zara destac\u00f3 \u201cla grandeza de nuestros soldados\u201d y enfatiz\u00f3 que \u201cnos permite sobrellevar mejor aquellos recuerdos dolorosos, cargados de enga\u00f1o y manipulaci\u00f3n. Ya pasaron 35 a\u00f1os, y adem\u00e1s de recuerdos y dolor debemos poder procesar ese momento hist\u00f3rico a la luz de otros valores; dignidad, tenacidad, uni\u00f3n y esperanza. El mejor homenaje que podemos hacer es no olvidar y nunca dejar de reclamar que las Islas Malvinas son argentinas\u201d.<\/span><\/p>\n<p class=\"x_MsoNormal\"><span lang=\"ES-AR\">\u00a0<\/span><\/p>\n<p class=\"x_MsoNormal\"><span lang=\"ES-AR\">En el inicio de la ceremonia, junto al presidente del Concejo Deliberante, el intendente Jos\u00e9 Luis Zara y el presidente de la Agrupaci\u00f3n Ex Combatientes de Malvinas realizaron el izamiento de pabell\u00f3n nacional, para dar lugar posteriormente a la entonaci\u00f3n del himno nacional.<\/span><\/p>\n<p class=\"x_MsoNormal\"><span lang=\"ES-AR\">\u00a0<\/span><\/p>\n<p class=\"x_MsoNormal\"><span lang=\"ES-AR\">Seguidamente, se procedi\u00f3 a la tradicional colocaci\u00f3n de ofrendas florales en memoria de los ca\u00eddos en la guerra. En representaci\u00f3n del municipio, lo hizo el jefe comunal, junto a Marino. Luego los referentes de los bloques legislativos y para finalizar, la Agrupaci\u00f3n Ex Combatientes, acompa\u00f1ados por los alumnos de las instituciones educativas.<\/span><\/p>\n<p class=\"x_MsoNormal\"><span lang=\"ES-AR\">\u00a0<\/span><\/p>\n<p class=\"x_MsoNormal\"><span lang=\"ES-AR\">\u00c1ngel Callea, ex combatiente, dirigi\u00f3 unas sentidas palabras al p\u00fablico y luego solicit\u00f3 el acompa\u00f1amiento del p\u00fablico con un minuto de silencio en homenaje a los soldados fallecidos tanto en combate como posteriormente.<\/span><\/p>\n<p class=\"x_MsoNormal\"><span lang=\"ES-AR\">\u00a0<\/span><\/p>\n<p class=\"x_MsoNormal\"><span lang=\"ES-AR\">Seguidamente, hizo lo propio Marino, quien resalt\u00f3 que la guerra de Malvinas \u201cno tuvo un minuto de an\u00e1lisis, fue innecesaria. Hubo muchos presidentes y un teniente general que fue presidente tres veces, Juan Domingo Per\u00f3n, que no tomaron ninguna decisi\u00f3n fortuita de querer recuperar las islas a trav\u00e9s de la guerra; para mi no es el camino. El camino es seguir trabajando a trav\u00e9s del di\u00e1logo y por el camino de la paz, el \u00fanico para recuperarlas\u201d.<\/span><\/p>\n<p class=\"x_MsoNormal\"><span lang=\"ES-AR\">\u00a0<\/span><\/p>\n<p class=\"x_MsoNormal\"><span lang=\"ES-AR\">\u201cNuestros soldados lo hicieron con coraje con firmeza y con un sentido patri\u00f3tico, dejaron sus vidas para defender parte del suelo argentino, para que hoy flameara nuestra celeste y blanca\u201d, expres\u00f3.<\/span><\/p>\n<p class=\"x_MsoNormal\"><span lang=\"ES-AR\">\u00a0<\/span><\/p>\n<p class=\"x_MsoNormal\"><span lang=\"ES-AR\">Tras su mensaje, Marino y\u00a0Zara hicieron\u00a0entrega de un presente a los ex combatientes de Patagones.<\/span><\/p>\n<p class=\"x_MsoNormal\">\n<div><\/div>\n<p>&nbsp;<\/p>\n<div class=\"x_gmail_signature\">\n<div dir=\"ltr\">\n<div>\n<div dir=\"ltr\">\n<div>\n<div dir=\"ltr\">\n<div>\n<div dir=\"ltr\">\n<div>\n<div dir=\"ltr\">\n<div>\n<div dir=\"ltr\">\n<div>\n<div><b><span style=\"font-size: small;\">Fuente: MUNICIPALIDAD DE PATAGONES<\/span><\/b><\/div>\n<\/div>\n<\/div>\n<\/div>\n<\/div>\n<\/div>\n<\/div>\n<\/div>\n<\/div>\n<\/div>\n<\/div>\n<\/div>\n<\/div>\n<\/div>\n","protected":false},"excerpt":{"rendered":"<p>Patagones.-Los\u00a035 a\u00f1os del desembarco argentino en las Islas Malvinas se recordaron ayer,\u00a0en un emotivo<\/p>\n","protected":false},"author":2,"featured_media":27008,"comment_status":"open","ping_status":"open","sticky":false,"template":"","format":"standard","meta":{"site-sidebar-layout":"default","site-content-layout":"","ast-site-content-layout":"default","site-content-style":"default","site-sidebar-style":"default","ast-global-header-display":"","ast-banner-title-visibility":"","ast-main-header-display":"","ast-hfb-above-header-display":"","ast-hfb-below-header-display":"","ast-hfb-mobile-header-display":"","site-post-title":"","ast-breadcrumbs-content":"","ast-featured-img":"","footer-sml-layout":"","ast-disable-related-posts":"","theme-transparent-header-meta":"","adv-header-id-meta":"","stick-header-meta":"","header-above-stick-meta":"","header-main-stick-meta":"","header-below-stick-meta":"","astra-migrate-meta-layouts":"default","ast-page-background-enabled":"default","ast-page-background-meta":{"desktop":{"background-color":"var(--ast-global-color-5)","background-image":"","background-repeat":"repeat","background-position":"center center","background-size":"auto","background-attachment":"scroll","background-type":"","background-media":"","overlay-type":"","overlay-color":"","overlay-opacity":"","overlay-gradient":""},"tablet":{"background-color":"","background-image":"","background-repeat":"repeat","background-position":"center center","background-size":"auto","background-attachment":"scroll","background-type":"","background-media":"","overlay-type":"","overlay-color":"","overlay-opacity":"","overlay-gradient":""},"mobile":{"background-color":"","background-image":"","background-repeat":"repeat","background-position":"center center","background-size":"auto","background-attachment":"scroll","background-type":"","background-media":"","overlay-type":"","overlay-color":"","overlay-opacity":"","overlay-gradient":""}},"ast-content-background-meta":{"desktop":{"background-color":"var(--ast-global-color-4)","background-image":"","background-repeat":"repeat","background-position":"center center","background-size":"auto","background-attachment":"scroll","background-type":"","background-media":"","overlay-type":"","overlay-color":"","overlay-opacity":"","overlay-gradient":""},"tablet":{"background-color":"var(--ast-global-color-4)","background-image":"","background-repeat":"repeat","background-position":"center center","background-size":"auto","background-attachment":"scroll","background-type":"","background-media":"","overlay-type":"","overlay-color":"","overlay-opacity":"","overlay-gradient":""},"mobile":{"background-color":"var(--ast-global-color-4)","background-image":"","background-repeat":"repeat","background-position":"center center","background-size":"auto","background-attachment":"scroll","background-type":"","background-media":"","overlay-type":"","overlay-color":"","overlay-opacity":"","overlay-gradient":""}},"footnotes":""},"categories":[16,1],"tags":[],"class_list":["post-27007","post","type-post","status-publish","format-standard","has-post-thumbnail","hentry","category-municipales","category-noticias"],"yoast_head":"<!-- This site is optimized with the Yoast SEO Premium plugin v23.0 (Yoast SEO v27.4) - https:\/\/yoast.com\/product\/yoast-seo-premium-wordpress\/ -->\n<title>Zara acompa\u00f1\u00f3 el acto conmemorativo por el 35\u00b0 aniversario de la gesta de Malvinas<\/title>\n<meta name=\"robots\" content=\"index, follow, max-snippet:-1, max-image-preview:large, max-video-preview:-1\" \/>\n<link rel=\"canonical\" href=\"https:\/\/patagoniambiental.com.ar\/info\/zara-acompano-el-acto-conmemorativo-por-el-35-aniversario-de-la-gesta-de-malvinas\/\" \/>\n<meta property=\"og:locale\" content=\"es_ES\" \/>\n<meta property=\"og:type\" content=\"article\" \/>\n<meta property=\"og:title\" content=\"Zara acompa\u00f1\u00f3 el acto conmemorativo por el 35\u00b0 aniversario de la gesta de Malvinas\" \/>\n<meta property=\"og:description\" content=\"Patagones.-Los\u00a035 a\u00f1os del desembarco argentino en las Islas Malvinas se recordaron ayer,\u00a0en un emotivo\" \/>\n<meta property=\"og:url\" content=\"https:\/\/patagoniambiental.com.ar\/info\/zara-acompano-el-acto-conmemorativo-por-el-35-aniversario-de-la-gesta-de-malvinas\/\" \/>\n<meta property=\"og:site_name\" content=\"Patagonia Ambiental\" \/>\n<meta property=\"article:publisher\" content=\"https:\/\/www.facebook.com\/patagonia.ambiental\" \/>\n<meta property=\"article:author\" content=\"https:\/\/www.facebook.com\/share\/1C1V8Gv9BX\/?mibextid=qi2Omg\" \/>\n<meta property=\"article:published_time\" content=\"2017-04-03T22:00:01+00:00\" \/>\n<meta property=\"og:image\" content=\"https:\/\/patagoniambiental.com.ar\/info\/wp-content\/uploads\/2017\/04\/thumbnail_03-04-17-Islas-Malvinas-3.jpg\" \/>\n\t<meta property=\"og:image:width\" content=\"1280\" \/>\n\t<meta property=\"og:image:height\" content=\"851\" \/>\n\t<meta property=\"og:image:type\" content=\"image\/jpeg\" \/>\n<meta name=\"author\" content=\"Patagonia Ambiental\" \/>\n<meta name=\"twitter:card\" content=\"summary_large_image\" \/>\n<meta name=\"twitter:creator\" content=\"@PatAmb\" \/>\n<meta name=\"twitter:site\" content=\"@PatAmb\" \/>\n<script type=\"application\/ld+json\" class=\"yoast-schema-graph\">{\"@context\":\"https:\\\/\\\/schema.org\",\"@graph\":[{\"@type\":\"Article\",\"@id\":\"https:\\\/\\\/patagoniambiental.com.ar\\\/info\\\/zara-acompano-el-acto-conmemorativo-por-el-35-aniversario-de-la-gesta-de-malvinas\\\/#article\",\"isPartOf\":{\"@id\":\"https:\\\/\\\/patagoniambiental.com.ar\\\/info\\\/zara-acompano-el-acto-conmemorativo-por-el-35-aniversario-de-la-gesta-de-malvinas\\\/\"},\"author\":{\"name\":\"Patagonia Ambiental\",\"@id\":\"https:\\\/\\\/patagoniambiental.com.ar\\\/info\\\/#\\\/schema\\\/person\\\/db12bff64bbcbf6a253710bf0ea37b5d\"},\"headline\":\"Zara acompa\u00f1\u00f3 el acto conmemorativo por el 35\u00b0 aniversario de la gesta de Malvinas\",\"datePublished\":\"2017-04-03T22:00:01+00:00\",\"mainEntityOfPage\":{\"@id\":\"https:\\\/\\\/patagoniambiental.com.ar\\\/info\\\/zara-acompano-el-acto-conmemorativo-por-el-35-aniversario-de-la-gesta-de-malvinas\\\/\"},\"wordCount\":608,\"commentCount\":0,\"publisher\":{\"@id\":\"https:\\\/\\\/patagoniambiental.com.ar\\\/info\\\/#organization\"},\"image\":{\"@id\":\"https:\\\/\\\/patagoniambiental.com.ar\\\/info\\\/zara-acompano-el-acto-conmemorativo-por-el-35-aniversario-de-la-gesta-de-malvinas\\\/#primaryimage\"},\"thumbnailUrl\":\"https:\\\/\\\/patagoniambiental.com.ar\\\/info\\\/wp-content\\\/uploads\\\/2017\\\/04\\\/thumbnail_03-04-17-Islas-Malvinas-3.jpg\",\"articleSection\":[\"Municipales\",\"Noticias\"],\"inLanguage\":\"es\",\"potentialAction\":[{\"@type\":\"CommentAction\",\"name\":\"Comment\",\"target\":[\"https:\\\/\\\/patagoniambiental.com.ar\\\/info\\\/zara-acompano-el-acto-conmemorativo-por-el-35-aniversario-de-la-gesta-de-malvinas\\\/#respond\"]}]},{\"@type\":\"WebPage\",\"@id\":\"https:\\\/\\\/patagoniambiental.com.ar\\\/info\\\/zara-acompano-el-acto-conmemorativo-por-el-35-aniversario-de-la-gesta-de-malvinas\\\/\",\"url\":\"https:\\\/\\\/patagoniambiental.com.ar\\\/info\\\/zara-acompano-el-acto-conmemorativo-por-el-35-aniversario-de-la-gesta-de-malvinas\\\/\",\"name\":\"Zara acompa\u00f1\u00f3 el acto conmemorativo por el 35\u00b0 aniversario de la gesta de Malvinas\",\"isPartOf\":{\"@id\":\"https:\\\/\\\/patagoniambiental.com.ar\\\/info\\\/#website\"},\"primaryImageOfPage\":{\"@id\":\"https:\\\/\\\/patagoniambiental.com.ar\\\/info\\\/zara-acompano-el-acto-conmemorativo-por-el-35-aniversario-de-la-gesta-de-malvinas\\\/#primaryimage\"},\"image\":{\"@id\":\"https:\\\/\\\/patagoniambiental.com.ar\\\/info\\\/zara-acompano-el-acto-conmemorativo-por-el-35-aniversario-de-la-gesta-de-malvinas\\\/#primaryimage\"},\"thumbnailUrl\":\"https:\\\/\\\/patagoniambiental.com.ar\\\/info\\\/wp-content\\\/uploads\\\/2017\\\/04\\\/thumbnail_03-04-17-Islas-Malvinas-3.jpg\",\"datePublished\":\"2017-04-03T22:00:01+00:00\",\"breadcrumb\":{\"@id\":\"https:\\\/\\\/patagoniambiental.com.ar\\\/info\\\/zara-acompano-el-acto-conmemorativo-por-el-35-aniversario-de-la-gesta-de-malvinas\\\/#breadcrumb\"},\"inLanguage\":\"es\",\"potentialAction\":[{\"@type\":\"ReadAction\",\"target\":[\"https:\\\/\\\/patagoniambiental.com.ar\\\/info\\\/zara-acompano-el-acto-conmemorativo-por-el-35-aniversario-de-la-gesta-de-malvinas\\\/\"]}]},{\"@type\":\"ImageObject\",\"inLanguage\":\"es\",\"@id\":\"https:\\\/\\\/patagoniambiental.com.ar\\\/info\\\/zara-acompano-el-acto-conmemorativo-por-el-35-aniversario-de-la-gesta-de-malvinas\\\/#primaryimage\",\"url\":\"https:\\\/\\\/patagoniambiental.com.ar\\\/info\\\/wp-content\\\/uploads\\\/2017\\\/04\\\/thumbnail_03-04-17-Islas-Malvinas-3.jpg\",\"contentUrl\":\"https:\\\/\\\/patagoniambiental.com.ar\\\/info\\\/wp-content\\\/uploads\\\/2017\\\/04\\\/thumbnail_03-04-17-Islas-Malvinas-3.jpg\",\"width\":1280,\"height\":851},{\"@type\":\"BreadcrumbList\",\"@id\":\"https:\\\/\\\/patagoniambiental.com.ar\\\/info\\\/zara-acompano-el-acto-conmemorativo-por-el-35-aniversario-de-la-gesta-de-malvinas\\\/#breadcrumb\",\"itemListElement\":[{\"@type\":\"ListItem\",\"position\":1,\"name\":\"Inicio\",\"item\":\"https:\\\/\\\/patagoniambiental.com.ar\\\/info\\\/\"},{\"@type\":\"ListItem\",\"position\":2,\"name\":\"Zara acompa\u00f1\u00f3 el acto conmemorativo por el 35\u00b0 aniversario de la gesta de Malvinas\"}]},{\"@type\":\"WebSite\",\"@id\":\"https:\\\/\\\/patagoniambiental.com.ar\\\/info\\\/#website\",\"url\":\"https:\\\/\\\/patagoniambiental.com.ar\\\/info\\\/\",\"name\":\"Patagonia Ambiental\",\"description\":\"Monitoreo y an\u00e1lisis de la situaci\u00f3n geopol\u00edtica en el mundo y su implicancia en la Patagonia\",\"publisher\":{\"@id\":\"https:\\\/\\\/patagoniambiental.com.ar\\\/info\\\/#organization\"},\"potentialAction\":[{\"@type\":\"SearchAction\",\"target\":{\"@type\":\"EntryPoint\",\"urlTemplate\":\"https:\\\/\\\/patagoniambiental.com.ar\\\/info\\\/?s={search_term_string}\"},\"query-input\":{\"@type\":\"PropertyValueSpecification\",\"valueRequired\":true,\"valueName\":\"search_term_string\"}}],\"inLanguage\":\"es\"},{\"@type\":\"Organization\",\"@id\":\"https:\\\/\\\/patagoniambiental.com.ar\\\/info\\\/#organization\",\"name\":\"Patagonia Ambiental\",\"url\":\"https:\\\/\\\/patagoniambiental.com.ar\\\/info\\\/\",\"logo\":{\"@type\":\"ImageObject\",\"inLanguage\":\"es\",\"@id\":\"https:\\\/\\\/patagoniambiental.com.ar\\\/info\\\/#\\\/schema\\\/logo\\\/image\\\/\",\"url\":\"https:\\\/\\\/patagoniambiental.com.ar\\\/info\\\/wp-content\\\/uploads\\\/2025\\\/05\\\/LOGO-PATAGONIA-AMBIENTAL.png\",\"contentUrl\":\"https:\\\/\\\/patagoniambiental.com.ar\\\/info\\\/wp-content\\\/uploads\\\/2025\\\/05\\\/LOGO-PATAGONIA-AMBIENTAL.png\",\"width\":433,\"height\":250,\"caption\":\"Patagonia Ambiental\"},\"image\":{\"@id\":\"https:\\\/\\\/patagoniambiental.com.ar\\\/info\\\/#\\\/schema\\\/logo\\\/image\\\/\"},\"sameAs\":[\"https:\\\/\\\/www.facebook.com\\\/patagonia.ambiental\",\"https:\\\/\\\/x.com\\\/PatAmb\"]},{\"@type\":\"Person\",\"@id\":\"https:\\\/\\\/patagoniambiental.com.ar\\\/info\\\/#\\\/schema\\\/person\\\/db12bff64bbcbf6a253710bf0ea37b5d\",\"name\":\"Patagonia Ambiental\",\"description\":\"Andr\u00e9s Nievas T\u00e9cnico en manejo ambiental, consultor Ambiental y escritor para medios locales e internacionales sobre temas de geopolitica y medio ambiente.\",\"sameAs\":[\"http:\\\/\\\/www.patagoniambiental.com.ar\",\"https:\\\/\\\/www.facebook.com\\\/share\\\/1C1V8Gv9BX\\\/?mibextid=qi2Omg\",\"@patagoniambiental\",\"https:\\\/\\\/youtube.com\\\/@patagoniaambiental2023?si=BLt58t0wuXquxlYZ\"]}]}<\/script>\n<!-- \/ Yoast SEO Premium plugin. -->","yoast_head_json":{"title":"Zara acompa\u00f1\u00f3 el acto conmemorativo por el 35\u00b0 aniversario de la gesta de Malvinas","robots":{"index":"index","follow":"follow","max-snippet":"max-snippet:-1","max-image-preview":"max-image-preview:large","max-video-preview":"max-video-preview:-1"},"canonical":"https:\/\/patagoniambiental.com.ar\/info\/zara-acompano-el-acto-conmemorativo-por-el-35-aniversario-de-la-gesta-de-malvinas\/","og_locale":"es_ES","og_type":"article","og_title":"Zara acompa\u00f1\u00f3 el acto conmemorativo por el 35\u00b0 aniversario de la gesta de Malvinas","og_description":"Patagones.-Los\u00a035 a\u00f1os del desembarco argentino en las Islas Malvinas se recordaron ayer,\u00a0en un emotivo","og_url":"https:\/\/patagoniambiental.com.ar\/info\/zara-acompano-el-acto-conmemorativo-por-el-35-aniversario-de-la-gesta-de-malvinas\/","og_site_name":"Patagonia Ambiental","article_publisher":"https:\/\/www.facebook.com\/patagonia.ambiental","article_author":"https:\/\/www.facebook.com\/share\/1C1V8Gv9BX\/?mibextid=qi2Omg","article_published_time":"2017-04-03T22:00:01+00:00","og_image":[{"width":1280,"height":851,"url":"https:\/\/patagoniambiental.com.ar\/info\/wp-content\/uploads\/2017\/04\/thumbnail_03-04-17-Islas-Malvinas-3.jpg","type":"image\/jpeg"}],"author":"Patagonia Ambiental","twitter_card":"summary_large_image","twitter_creator":"@PatAmb","twitter_site":"@PatAmb","schema":{"@context":"https:\/\/schema.org","@graph":[{"@type":"Article","@id":"https:\/\/patagoniambiental.com.ar\/info\/zara-acompano-el-acto-conmemorativo-por-el-35-aniversario-de-la-gesta-de-malvinas\/#article","isPartOf":{"@id":"https:\/\/patagoniambiental.com.ar\/info\/zara-acompano-el-acto-conmemorativo-por-el-35-aniversario-de-la-gesta-de-malvinas\/"},"author":{"name":"Patagonia Ambiental","@id":"https:\/\/patagoniambiental.com.ar\/info\/#\/schema\/person\/db12bff64bbcbf6a253710bf0ea37b5d"},"headline":"Zara acompa\u00f1\u00f3 el acto conmemorativo por el 35\u00b0 aniversario de la gesta de Malvinas","datePublished":"2017-04-03T22:00:01+00:00","mainEntityOfPage":{"@id":"https:\/\/patagoniambiental.com.ar\/info\/zara-acompano-el-acto-conmemorativo-por-el-35-aniversario-de-la-gesta-de-malvinas\/"},"wordCount":608,"commentCount":0,"publisher":{"@id":"https:\/\/patagoniambiental.com.ar\/info\/#organization"},"image":{"@id":"https:\/\/patagoniambiental.com.ar\/info\/zara-acompano-el-acto-conmemorativo-por-el-35-aniversario-de-la-gesta-de-malvinas\/#primaryimage"},"thumbnailUrl":"https:\/\/patagoniambiental.com.ar\/info\/wp-content\/uploads\/2017\/04\/thumbnail_03-04-17-Islas-Malvinas-3.jpg","articleSection":["Municipales","Noticias"],"inLanguage":"es","potentialAction":[{"@type":"CommentAction","name":"Comment","target":["https:\/\/patagoniambiental.com.ar\/info\/zara-acompano-el-acto-conmemorativo-por-el-35-aniversario-de-la-gesta-de-malvinas\/#respond"]}]},{"@type":"WebPage","@id":"https:\/\/patagoniambiental.com.ar\/info\/zara-acompano-el-acto-conmemorativo-por-el-35-aniversario-de-la-gesta-de-malvinas\/","url":"https:\/\/patagoniambiental.com.ar\/info\/zara-acompano-el-acto-conmemorativo-por-el-35-aniversario-de-la-gesta-de-malvinas\/","name":"Zara acompa\u00f1\u00f3 el acto conmemorativo por el 35\u00b0 aniversario de la gesta de Malvinas","isPartOf":{"@id":"https:\/\/patagoniambiental.com.ar\/info\/#website"},"primaryImageOfPage":{"@id":"https:\/\/patagoniambiental.com.ar\/info\/zara-acompano-el-acto-conmemorativo-por-el-35-aniversario-de-la-gesta-de-malvinas\/#primaryimage"},"image":{"@id":"https:\/\/patagoniambiental.com.ar\/info\/zara-acompano-el-acto-conmemorativo-por-el-35-aniversario-de-la-gesta-de-malvinas\/#primaryimage"},"thumbnailUrl":"https:\/\/patagoniambiental.com.ar\/info\/wp-content\/uploads\/2017\/04\/thumbnail_03-04-17-Islas-Malvinas-3.jpg","datePublished":"2017-04-03T22:00:01+00:00","breadcrumb":{"@id":"https:\/\/patagoniambiental.com.ar\/info\/zara-acompano-el-acto-conmemorativo-por-el-35-aniversario-de-la-gesta-de-malvinas\/#breadcrumb"},"inLanguage":"es","potentialAction":[{"@type":"ReadAction","target":["https:\/\/patagoniambiental.com.ar\/info\/zara-acompano-el-acto-conmemorativo-por-el-35-aniversario-de-la-gesta-de-malvinas\/"]}]},{"@type":"ImageObject","inLanguage":"es","@id":"https:\/\/patagoniambiental.com.ar\/info\/zara-acompano-el-acto-conmemorativo-por-el-35-aniversario-de-la-gesta-de-malvinas\/#primaryimage","url":"https:\/\/patagoniambiental.com.ar\/info\/wp-content\/uploads\/2017\/04\/thumbnail_03-04-17-Islas-Malvinas-3.jpg","contentUrl":"https:\/\/patagoniambiental.com.ar\/info\/wp-content\/uploads\/2017\/04\/thumbnail_03-04-17-Islas-Malvinas-3.jpg","width":1280,"height":851},{"@type":"BreadcrumbList","@id":"https:\/\/patagoniambiental.com.ar\/info\/zara-acompano-el-acto-conmemorativo-por-el-35-aniversario-de-la-gesta-de-malvinas\/#breadcrumb","itemListElement":[{"@type":"ListItem","position":1,"name":"Inicio","item":"https:\/\/patagoniambiental.com.ar\/info\/"},{"@type":"ListItem","position":2,"name":"Zara acompa\u00f1\u00f3 el acto conmemorativo por el 35\u00b0 aniversario de la gesta de Malvinas"}]},{"@type":"WebSite","@id":"https:\/\/patagoniambiental.com.ar\/info\/#website","url":"https:\/\/patagoniambiental.com.ar\/info\/","name":"Patagonia Ambiental","description":"Monitoreo y an\u00e1lisis de la situaci\u00f3n geopol\u00edtica en el mundo y su implicancia en la Patagonia","publisher":{"@id":"https:\/\/patagoniambiental.com.ar\/info\/#organization"},"potentialAction":[{"@type":"SearchAction","target":{"@type":"EntryPoint","urlTemplate":"https:\/\/patagoniambiental.com.ar\/info\/?s={search_term_string}"},"query-input":{"@type":"PropertyValueSpecification","valueRequired":true,"valueName":"search_term_string"}}],"inLanguage":"es"},{"@type":"Organization","@id":"https:\/\/patagoniambiental.com.ar\/info\/#organization","name":"Patagonia Ambiental","url":"https:\/\/patagoniambiental.com.ar\/info\/","logo":{"@type":"ImageObject","inLanguage":"es","@id":"https:\/\/patagoniambiental.com.ar\/info\/#\/schema\/logo\/image\/","url":"https:\/\/patagoniambiental.com.ar\/info\/wp-content\/uploads\/2025\/05\/LOGO-PATAGONIA-AMBIENTAL.png","contentUrl":"https:\/\/patagoniambiental.com.ar\/info\/wp-content\/uploads\/2025\/05\/LOGO-PATAGONIA-AMBIENTAL.png","width":433,"height":250,"caption":"Patagonia Ambiental"},"image":{"@id":"https:\/\/patagoniambiental.com.ar\/info\/#\/schema\/logo\/image\/"},"sameAs":["https:\/\/www.facebook.com\/patagonia.ambiental","https:\/\/x.com\/PatAmb"]},{"@type":"Person","@id":"https:\/\/patagoniambiental.com.ar\/info\/#\/schema\/person\/db12bff64bbcbf6a253710bf0ea37b5d","name":"Patagonia Ambiental","description":"Andr\u00e9s Nievas T\u00e9cnico en manejo ambiental, consultor Ambiental y escritor para medios locales e internacionales sobre temas de geopolitica y medio ambiente.","sameAs":["http:\/\/www.patagoniambiental.com.ar","https:\/\/www.facebook.com\/share\/1C1V8Gv9BX\/?mibextid=qi2Omg","@patagoniambiental","https:\/\/youtube.com\/@patagoniaambiental2023?si=BLt58t0wuXquxlYZ"]}]}},"_links":{"self":[{"href":"https:\/\/patagoniambiental.com.ar\/info\/wp-json\/wp\/v2\/posts\/27007","targetHints":{"allow":["GET"]}}],"collection":[{"href":"https:\/\/patagoniambiental.com.ar\/info\/wp-json\/wp\/v2\/posts"}],"about":[{"href":"https:\/\/patagoniambiental.com.ar\/info\/wp-json\/wp\/v2\/types\/post"}],"author":[{"embeddable":true,"href":"https:\/\/patagoniambiental.com.ar\/info\/wp-json\/wp\/v2\/users\/2"}],"replies":[{"embeddable":true,"href":"https:\/\/patagoniambiental.com.ar\/info\/wp-json\/wp\/v2\/comments?post=27007"}],"version-history":[{"count":0,"href":"https:\/\/patagoniambiental.com.ar\/info\/wp-json\/wp\/v2\/posts\/27007\/revisions"}],"wp:featuredmedia":[{"embeddable":true,"href":"https:\/\/patagoniambiental.com.ar\/info\/wp-json\/wp\/v2\/media\/27008"}],"wp:attachment":[{"href":"https:\/\/patagoniambiental.com.ar\/info\/wp-json\/wp\/v2\/media?parent=27007"}],"wp:term":[{"taxonomy":"category","embeddable":true,"href":"https:\/\/patagoniambiental.com.ar\/info\/wp-json\/wp\/v2\/categories?post=27007"},{"taxonomy":"post_tag","embeddable":true,"href":"https:\/\/patagoniambiental.com.ar\/info\/wp-json\/wp\/v2\/tags?post=27007"}],"curies":[{"name":"wp","href":"https:\/\/api.w.org\/{rel}","templated":true}]}}