{"id":27058,"date":"2017-04-04T09:00:50","date_gmt":"2017-04-04T12:00:50","guid":{"rendered":"http:\/\/patagoniambiental.com.ar\/info\/?p=27058"},"modified":"2017-04-03T21:12:19","modified_gmt":"2017-04-04T00:12:19","slug":"bariloche-la-universidad-del-comahue-lanza-hoy-su-campana-la-unco-recicla","status":"publish","type":"post","link":"https:\/\/patagoniambiental.com.ar\/info\/bariloche-la-universidad-del-comahue-lanza-hoy-su-campana-la-unco-recicla\/","title":{"rendered":"Bariloche: La Universidad del Comahue lanza hoy su campa\u00f1a \u201cLa UNCo Recicla\u201d"},"content":{"rendered":"<div class=\"itemIntroText\">\n<p>BARILOCHE.- La UNCo Bariloche comienza su campa\u00f1a de reciclado y separaci\u00f3n de residuos de origen desde hoy 4 de abril.<\/p>\n<\/div>\n<div class=\"itemFullText\">El objetivo de la campa\u00f1a es alentar la separaci\u00f3n de residuos en instalaciones y edificios del CRUB, disminuir la producci\u00f3n de residuos no reciclables y colaborar con la ARB (Asociaci\u00f3n de Recicladores Bariloche).La medida supone supone un gran paso para la comunidad universitaria tanto en la concientizaci\u00f3n de la separaci\u00f3n y reciclado de basura, como tambi\u00e9n un importante logro de trabajo de vinculaci\u00f3n, entre la investigaci\u00f3n, la extensi\u00f3n y la planificaci\u00f3n conjunta con diferentes organizaciones involucradas en el proyecto.<\/p>\n<p>La campa\u00f1a que se lanzar\u00e1 formalmente este 4 de abril surge a partir de la iniciativa del proyecto de voluntariado universitario \u201cSeparar y reciclar con la ARB\u201d del que forman parte docentes, investigadores y estudiantes de distintas carreras, y la participaci\u00f3n del \u00c1rea de Comunicaci\u00f3n Institucional, la Secretar\u00eda de Extensi\u00f3n y la Secretar\u00eda de Gesti\u00f3n.<\/p>\n<p>Implica tambi\u00e9n que, siendo la UNCo Bariloche una instituci\u00f3n con legitimidad p\u00fablica, se muestre como ejemplo para que el resto de la comunidad Barilochense y m\u00e1s instituciones se sumen a la tarea de separar y reducir la producci\u00f3n de residuos no reciclables en la regi\u00f3n.<\/p>\n<p>A partir del 4 de abril las instalaciones de la casa de altos estudios contar\u00e1 con recipientes para trabajar dos grandes instancias, una relacionada a la separaci\u00f3n y otra al compostaje.<\/p>\n<p>La campa\u00f1a prev\u00e9 seis puntos de separaci\u00f3n de los residuos en espacios comunes ubicados en: la entrada principal, el hall central, el pasillo sur, el pasillo norte, frente al aula mayor y en el subsuelo, donde se ubicar\u00e1n 4 tipos de recipientes:<\/p>\n<p>Tachos blancos grandes identificados con logos color naranja, donde se descartar\u00e1n residuos secos y preferentemente limpios que son los que se pueden reciclar. Por ejemplo, botellas de pl\u00e1stico y vidrio, recipientes pl\u00e1sticos como vasitos de yogur, envases tetrabrick.<\/p>\n<p>Tachos blancos peque\u00f1os identificado con un logo color celeste que es s\u00f3lo para descartar yerba.<\/p>\n<p>Cajas de cart\u00f3n con un cartel que dice \u201cs\u00f3lo papel y cart\u00f3n\u201d, donde se depositar\u00e1n todo tipo de papeles y cartones limpios. En lo posible aplastados o apilados para que no ocupen lugar.<\/p>\n<p>Tachos verdes identificado con un logo color verde y un logo negro, donde van los residuos sucios y\/o no reciclables. En estos tachos se juntar\u00e1n los residuos h\u00famedos, sucios, restos de comida, envases con aceite o grasa, pa\u00f1uelos de papel, y todo aquello que no entre en las categor\u00edas anteriores.<\/p>\n<p>Adem\u00e1s en cada aula y oficina se dispondr\u00e1n dos tachos, uno para los residuos sucios y no reciclables y uno para s\u00f3lo yerba.<\/p>\n<p>Los residuos reciclables, limpios y secos, ser\u00e1n llevados a los contenedores para que el cami\u00f3n recolector los lleve, los d\u00edas mi\u00e9rcoles o jueves, que son los d\u00edas en que se retira ese tipo de residuos. Las cajas conteniendo papel y cart\u00f3n ser\u00e1n retiradas por la gente de la Asociaci\u00f3n de Recicladores Bariloche cuando est\u00e9n llenas.<\/p>\n<p>Adem\u00e1s la campa\u00f1a incluye cuatro composteras que dise\u00f1\u00f3 y puso a disposici\u00f3n la gente del Grupo de Suelos, que se ubicar\u00e1n en las proximidades de la puerta de la cocina del bar, en la salida sur (cerca del INIBIOMA), cerca de la salida ubicada frente a la sala de inform\u00e1tica, y otra cerca de la salida de emergencia del ala norte.<\/p>\n<p>La empresa de limpieza que presta servicios en el edificio vaciar\u00e1 los tachos de yerba en las composteras previstas.<\/p>\n<p>El traslado de los tachos yerba que se coloquen en las oficinas depender\u00e1 de las personas que all\u00ed trabajan. En este caso cada oficina elegir\u00e1 si quiere participar o no de esta instancia de compostaje.<\/p>\n<p>Desde la universidad sostuvieron que \u201cen este proceso de separaci\u00f3n de residuos estamos aprendiendo y seguramente necesitaremos hacer algunos ajustes, pero para que las cosas funcionen de la mejor manera posible, necesitamos contar con la colaboraci\u00f3n de toda la comunidad universitaria.\u201d<\/p>\n<p>Y finalizaron enfatizando en que \u201cel problema de la generaci\u00f3n de residuos es de todos. La soluci\u00f3n tambi\u00e9n\u201d.<\/p>\n<p>Fuente: Prensa UNCo<\/p>\n<div class=\"bt_facebook_comment\"><\/div>\n<\/div>\n","protected":false},"excerpt":{"rendered":"<p>BARILOCHE.- La UNCo Bariloche comienza su campa\u00f1a de reciclado y separaci\u00f3n de residuos de origen desde hoy 4 de abril. [&hellip;]<\/p>\n","protected":false},"author":2,"featured_media":27059,"comment_status":"open","ping_status":"open","sticky":false,"template":"","format":"standard","meta":{"site-sidebar-layout":"default","site-content-layout":"","ast-site-content-layout":"default","site-content-style":"default","site-sidebar-style":"default","ast-global-header-display":"","ast-banner-title-visibility":"","ast-main-header-display":"","ast-hfb-above-header-display":"","ast-hfb-below-header-display":"","ast-hfb-mobile-header-display":"","site-post-title":"","ast-breadcrumbs-content":"","ast-featured-img":"","footer-sml-layout":"","ast-disable-related-posts":"","theme-transparent-header-meta":"","adv-header-id-meta":"","stick-header-meta":"","header-above-stick-meta":"","header-main-stick-meta":"","header-below-stick-meta":"","astra-migrate-meta-layouts":"default","ast-page-background-enabled":"default","ast-page-background-meta":{"desktop":{"background-color":"var(--ast-global-color-5)","background-image":"","background-repeat":"repeat","background-position":"center center","background-size":"auto","background-attachment":"scroll","background-type":"","background-media":"","overlay-type":"","overlay-color":"","overlay-opacity":"","overlay-gradient":""},"tablet":{"background-color":"","background-image":"","background-repeat":"repeat","background-position":"center center","background-size":"auto","background-attachment":"scroll","background-type":"","background-media":"","overlay-type":"","overlay-color":"","overlay-opacity":"","overlay-gradient":""},"mobile":{"background-color":"","background-image":"","background-repeat":"repeat","background-position":"center center","background-size":"auto","background-attachment":"scroll","background-type":"","background-media":"","overlay-type":"","overlay-color":"","overlay-opacity":"","overlay-gradient":""}},"ast-content-background-meta":{"desktop":{"background-color":"var(--ast-global-color-4)","background-image":"","background-repeat":"repeat","background-position":"center center","background-size":"auto","background-attachment":"scroll","background-type":"","background-media":"","overlay-type":"","overlay-color":"","overlay-opacity":"","overlay-gradient":""},"tablet":{"background-color":"var(--ast-global-color-4)","background-image":"","background-repeat":"repeat","background-position":"center center","background-size":"auto","background-attachment":"scroll","background-type":"","background-media":"","overlay-type":"","overlay-color":"","overlay-opacity":"","overlay-gradient":""},"mobile":{"background-color":"var(--ast-global-color-4)","background-image":"","background-repeat":"repeat","background-position":"center center","background-size":"auto","background-attachment":"scroll","background-type":"","background-media":"","overlay-type":"","overlay-color":"","overlay-opacity":"","overlay-gradient":""}},"footnotes":""},"categories":[46,1],"tags":[],"class_list":["post-27058","post","type-post","status-publish","format-standard","has-post-thumbnail","hentry","category-municipios","category-noticias"],"yoast_head":"<!-- This site is optimized with the Yoast SEO Premium plugin v23.0 (Yoast SEO v27.5) - https:\/\/yoast.com\/product\/yoast-seo-premium-wordpress\/ -->\n<title>Bariloche: La Universidad del Comahue lanza hoy su campa\u00f1a \u201cLa UNCo Recicla\u201d<\/title>\n<meta name=\"robots\" content=\"index, follow, max-snippet:-1, max-image-preview:large, max-video-preview:-1\" \/>\n<link rel=\"canonical\" href=\"https:\/\/patagoniambiental.com.ar\/info\/bariloche-la-universidad-del-comahue-lanza-hoy-su-campana-la-unco-recicla\/\" \/>\n<meta property=\"og:locale\" content=\"es_ES\" \/>\n<meta property=\"og:type\" content=\"article\" \/>\n<meta property=\"og:title\" content=\"Bariloche: La Universidad del Comahue lanza hoy su campa\u00f1a \u201cLa UNCo Recicla\u201d\" \/>\n<meta property=\"og:description\" content=\"BARILOCHE.- La UNCo Bariloche comienza su campa\u00f1a de reciclado y separaci\u00f3n de residuos de origen desde hoy 4 de abril. [&hellip;]\" \/>\n<meta property=\"og:url\" content=\"https:\/\/patagoniambiental.com.ar\/info\/bariloche-la-universidad-del-comahue-lanza-hoy-su-campana-la-unco-recicla\/\" \/>\n<meta property=\"og:site_name\" content=\"Patagonia Ambiental\" \/>\n<meta property=\"article:publisher\" content=\"https:\/\/www.facebook.com\/patagonia.ambiental\" \/>\n<meta property=\"article:author\" content=\"https:\/\/www.facebook.com\/share\/1C1V8Gv9BX\/?mibextid=qi2Omg\" \/>\n<meta property=\"article:published_time\" content=\"2017-04-04T12:00:50+00:00\" \/>\n<meta property=\"og:image\" content=\"https:\/\/patagoniambiental.com.ar\/info\/wp-content\/uploads\/2017\/04\/unco-recilca.jpg\" \/>\n\t<meta property=\"og:image:width\" content=\"800\" \/>\n\t<meta property=\"og:image:height\" content=\"462\" \/>\n\t<meta property=\"og:image:type\" content=\"image\/jpeg\" \/>\n<meta name=\"author\" content=\"Patagonia Ambiental\" \/>\n<meta name=\"twitter:card\" content=\"summary_large_image\" \/>\n<meta name=\"twitter:creator\" content=\"@PatAmb\" \/>\n<meta name=\"twitter:site\" content=\"@PatAmb\" \/>\n<script type=\"application\/ld+json\" class=\"yoast-schema-graph\">{\"@context\":\"https:\\\/\\\/schema.org\",\"@graph\":[{\"@type\":\"Article\",\"@id\":\"https:\\\/\\\/patagoniambiental.com.ar\\\/info\\\/bariloche-la-universidad-del-comahue-lanza-hoy-su-campana-la-unco-recicla\\\/#article\",\"isPartOf\":{\"@id\":\"https:\\\/\\\/patagoniambiental.com.ar\\\/info\\\/bariloche-la-universidad-del-comahue-lanza-hoy-su-campana-la-unco-recicla\\\/\"},\"author\":{\"name\":\"Patagonia Ambiental\",\"@id\":\"https:\\\/\\\/patagoniambiental.com.ar\\\/info\\\/#\\\/schema\\\/person\\\/db12bff64bbcbf6a253710bf0ea37b5d\"},\"headline\":\"Bariloche: La Universidad del Comahue lanza hoy su campa\u00f1a \u201cLa UNCo Recicla\u201d\",\"datePublished\":\"2017-04-04T12:00:50+00:00\",\"mainEntityOfPage\":{\"@id\":\"https:\\\/\\\/patagoniambiental.com.ar\\\/info\\\/bariloche-la-universidad-del-comahue-lanza-hoy-su-campana-la-unco-recicla\\\/\"},\"wordCount\":740,\"commentCount\":0,\"publisher\":{\"@id\":\"https:\\\/\\\/patagoniambiental.com.ar\\\/info\\\/#organization\"},\"image\":{\"@id\":\"https:\\\/\\\/patagoniambiental.com.ar\\\/info\\\/bariloche-la-universidad-del-comahue-lanza-hoy-su-campana-la-unco-recicla\\\/#primaryimage\"},\"thumbnailUrl\":\"https:\\\/\\\/patagoniambiental.com.ar\\\/info\\\/wp-content\\\/uploads\\\/2017\\\/04\\\/unco-recilca.jpg\",\"articleSection\":[\"Municipios\",\"Noticias\"],\"inLanguage\":\"es\",\"potentialAction\":[{\"@type\":\"CommentAction\",\"name\":\"Comment\",\"target\":[\"https:\\\/\\\/patagoniambiental.com.ar\\\/info\\\/bariloche-la-universidad-del-comahue-lanza-hoy-su-campana-la-unco-recicla\\\/#respond\"]}]},{\"@type\":\"WebPage\",\"@id\":\"https:\\\/\\\/patagoniambiental.com.ar\\\/info\\\/bariloche-la-universidad-del-comahue-lanza-hoy-su-campana-la-unco-recicla\\\/\",\"url\":\"https:\\\/\\\/patagoniambiental.com.ar\\\/info\\\/bariloche-la-universidad-del-comahue-lanza-hoy-su-campana-la-unco-recicla\\\/\",\"name\":\"Bariloche: La Universidad del Comahue lanza hoy su campa\u00f1a \u201cLa UNCo Recicla\u201d\",\"isPartOf\":{\"@id\":\"https:\\\/\\\/patagoniambiental.com.ar\\\/info\\\/#website\"},\"primaryImageOfPage\":{\"@id\":\"https:\\\/\\\/patagoniambiental.com.ar\\\/info\\\/bariloche-la-universidad-del-comahue-lanza-hoy-su-campana-la-unco-recicla\\\/#primaryimage\"},\"image\":{\"@id\":\"https:\\\/\\\/patagoniambiental.com.ar\\\/info\\\/bariloche-la-universidad-del-comahue-lanza-hoy-su-campana-la-unco-recicla\\\/#primaryimage\"},\"thumbnailUrl\":\"https:\\\/\\\/patagoniambiental.com.ar\\\/info\\\/wp-content\\\/uploads\\\/2017\\\/04\\\/unco-recilca.jpg\",\"datePublished\":\"2017-04-04T12:00:50+00:00\",\"breadcrumb\":{\"@id\":\"https:\\\/\\\/patagoniambiental.com.ar\\\/info\\\/bariloche-la-universidad-del-comahue-lanza-hoy-su-campana-la-unco-recicla\\\/#breadcrumb\"},\"inLanguage\":\"es\",\"potentialAction\":[{\"@type\":\"ReadAction\",\"target\":[\"https:\\\/\\\/patagoniambiental.com.ar\\\/info\\\/bariloche-la-universidad-del-comahue-lanza-hoy-su-campana-la-unco-recicla\\\/\"]}]},{\"@type\":\"ImageObject\",\"inLanguage\":\"es\",\"@id\":\"https:\\\/\\\/patagoniambiental.com.ar\\\/info\\\/bariloche-la-universidad-del-comahue-lanza-hoy-su-campana-la-unco-recicla\\\/#primaryimage\",\"url\":\"https:\\\/\\\/patagoniambiental.com.ar\\\/info\\\/wp-content\\\/uploads\\\/2017\\\/04\\\/unco-recilca.jpg\",\"contentUrl\":\"https:\\\/\\\/patagoniambiental.com.ar\\\/info\\\/wp-content\\\/uploads\\\/2017\\\/04\\\/unco-recilca.jpg\",\"width\":800,\"height\":462},{\"@type\":\"BreadcrumbList\",\"@id\":\"https:\\\/\\\/patagoniambiental.com.ar\\\/info\\\/bariloche-la-universidad-del-comahue-lanza-hoy-su-campana-la-unco-recicla\\\/#breadcrumb\",\"itemListElement\":[{\"@type\":\"ListItem\",\"position\":1,\"name\":\"Inicio\",\"item\":\"https:\\\/\\\/patagoniambiental.com.ar\\\/info\\\/\"},{\"@type\":\"ListItem\",\"position\":2,\"name\":\"Bariloche: La Universidad del Comahue lanza hoy su campa\u00f1a \u201cLa UNCo Recicla\u201d\"}]},{\"@type\":\"WebSite\",\"@id\":\"https:\\\/\\\/patagoniambiental.com.ar\\\/info\\\/#website\",\"url\":\"https:\\\/\\\/patagoniambiental.com.ar\\\/info\\\/\",\"name\":\"Patagonia Ambiental\",\"description\":\"Monitoreo y an\u00e1lisis de la situaci\u00f3n geopol\u00edtica en el mundo y su implicancia en la Patagonia\",\"publisher\":{\"@id\":\"https:\\\/\\\/patagoniambiental.com.ar\\\/info\\\/#organization\"},\"potentialAction\":[{\"@type\":\"SearchAction\",\"target\":{\"@type\":\"EntryPoint\",\"urlTemplate\":\"https:\\\/\\\/patagoniambiental.com.ar\\\/info\\\/?s={search_term_string}\"},\"query-input\":{\"@type\":\"PropertyValueSpecification\",\"valueRequired\":true,\"valueName\":\"search_term_string\"}}],\"inLanguage\":\"es\"},{\"@type\":\"Organization\",\"@id\":\"https:\\\/\\\/patagoniambiental.com.ar\\\/info\\\/#organization\",\"name\":\"Patagonia Ambiental\",\"url\":\"https:\\\/\\\/patagoniambiental.com.ar\\\/info\\\/\",\"logo\":{\"@type\":\"ImageObject\",\"inLanguage\":\"es\",\"@id\":\"https:\\\/\\\/patagoniambiental.com.ar\\\/info\\\/#\\\/schema\\\/logo\\\/image\\\/\",\"url\":\"https:\\\/\\\/patagoniambiental.com.ar\\\/info\\\/wp-content\\\/uploads\\\/2025\\\/05\\\/LOGO-PATAGONIA-AMBIENTAL.png\",\"contentUrl\":\"https:\\\/\\\/patagoniambiental.com.ar\\\/info\\\/wp-content\\\/uploads\\\/2025\\\/05\\\/LOGO-PATAGONIA-AMBIENTAL.png\",\"width\":433,\"height\":250,\"caption\":\"Patagonia Ambiental\"},\"image\":{\"@id\":\"https:\\\/\\\/patagoniambiental.com.ar\\\/info\\\/#\\\/schema\\\/logo\\\/image\\\/\"},\"sameAs\":[\"https:\\\/\\\/www.facebook.com\\\/patagonia.ambiental\",\"https:\\\/\\\/x.com\\\/PatAmb\"]},{\"@type\":\"Person\",\"@id\":\"https:\\\/\\\/patagoniambiental.com.ar\\\/info\\\/#\\\/schema\\\/person\\\/db12bff64bbcbf6a253710bf0ea37b5d\",\"name\":\"Patagonia Ambiental\",\"description\":\"Andr\u00e9s Nievas T\u00e9cnico en manejo ambiental, consultor Ambiental y escritor para medios locales e internacionales sobre temas de geopolitica y medio ambiente.\",\"sameAs\":[\"http:\\\/\\\/www.patagoniambiental.com.ar\",\"https:\\\/\\\/www.facebook.com\\\/share\\\/1C1V8Gv9BX\\\/?mibextid=qi2Omg\",\"@patagoniambiental\",\"https:\\\/\\\/youtube.com\\\/@patagoniaambiental2023?si=BLt58t0wuXquxlYZ\"]}]}<\/script>\n<!-- \/ Yoast SEO Premium plugin. -->","yoast_head_json":{"title":"Bariloche: La Universidad del Comahue lanza hoy su campa\u00f1a \u201cLa UNCo Recicla\u201d","robots":{"index":"index","follow":"follow","max-snippet":"max-snippet:-1","max-image-preview":"max-image-preview:large","max-video-preview":"max-video-preview:-1"},"canonical":"https:\/\/patagoniambiental.com.ar\/info\/bariloche-la-universidad-del-comahue-lanza-hoy-su-campana-la-unco-recicla\/","og_locale":"es_ES","og_type":"article","og_title":"Bariloche: La Universidad del Comahue lanza hoy su campa\u00f1a \u201cLa UNCo Recicla\u201d","og_description":"BARILOCHE.- La UNCo Bariloche comienza su campa\u00f1a de reciclado y separaci\u00f3n de residuos de origen desde hoy 4 de abril. [&hellip;]","og_url":"https:\/\/patagoniambiental.com.ar\/info\/bariloche-la-universidad-del-comahue-lanza-hoy-su-campana-la-unco-recicla\/","og_site_name":"Patagonia Ambiental","article_publisher":"https:\/\/www.facebook.com\/patagonia.ambiental","article_author":"https:\/\/www.facebook.com\/share\/1C1V8Gv9BX\/?mibextid=qi2Omg","article_published_time":"2017-04-04T12:00:50+00:00","og_image":[{"width":800,"height":462,"url":"https:\/\/patagoniambiental.com.ar\/info\/wp-content\/uploads\/2017\/04\/unco-recilca.jpg","type":"image\/jpeg"}],"author":"Patagonia Ambiental","twitter_card":"summary_large_image","twitter_creator":"@PatAmb","twitter_site":"@PatAmb","schema":{"@context":"https:\/\/schema.org","@graph":[{"@type":"Article","@id":"https:\/\/patagoniambiental.com.ar\/info\/bariloche-la-universidad-del-comahue-lanza-hoy-su-campana-la-unco-recicla\/#article","isPartOf":{"@id":"https:\/\/patagoniambiental.com.ar\/info\/bariloche-la-universidad-del-comahue-lanza-hoy-su-campana-la-unco-recicla\/"},"author":{"name":"Patagonia Ambiental","@id":"https:\/\/patagoniambiental.com.ar\/info\/#\/schema\/person\/db12bff64bbcbf6a253710bf0ea37b5d"},"headline":"Bariloche: La Universidad del Comahue lanza hoy su campa\u00f1a \u201cLa UNCo Recicla\u201d","datePublished":"2017-04-04T12:00:50+00:00","mainEntityOfPage":{"@id":"https:\/\/patagoniambiental.com.ar\/info\/bariloche-la-universidad-del-comahue-lanza-hoy-su-campana-la-unco-recicla\/"},"wordCount":740,"commentCount":0,"publisher":{"@id":"https:\/\/patagoniambiental.com.ar\/info\/#organization"},"image":{"@id":"https:\/\/patagoniambiental.com.ar\/info\/bariloche-la-universidad-del-comahue-lanza-hoy-su-campana-la-unco-recicla\/#primaryimage"},"thumbnailUrl":"https:\/\/patagoniambiental.com.ar\/info\/wp-content\/uploads\/2017\/04\/unco-recilca.jpg","articleSection":["Municipios","Noticias"],"inLanguage":"es","potentialAction":[{"@type":"CommentAction","name":"Comment","target":["https:\/\/patagoniambiental.com.ar\/info\/bariloche-la-universidad-del-comahue-lanza-hoy-su-campana-la-unco-recicla\/#respond"]}]},{"@type":"WebPage","@id":"https:\/\/patagoniambiental.com.ar\/info\/bariloche-la-universidad-del-comahue-lanza-hoy-su-campana-la-unco-recicla\/","url":"https:\/\/patagoniambiental.com.ar\/info\/bariloche-la-universidad-del-comahue-lanza-hoy-su-campana-la-unco-recicla\/","name":"Bariloche: La Universidad del Comahue lanza hoy su campa\u00f1a \u201cLa UNCo Recicla\u201d","isPartOf":{"@id":"https:\/\/patagoniambiental.com.ar\/info\/#website"},"primaryImageOfPage":{"@id":"https:\/\/patagoniambiental.com.ar\/info\/bariloche-la-universidad-del-comahue-lanza-hoy-su-campana-la-unco-recicla\/#primaryimage"},"image":{"@id":"https:\/\/patagoniambiental.com.ar\/info\/bariloche-la-universidad-del-comahue-lanza-hoy-su-campana-la-unco-recicla\/#primaryimage"},"thumbnailUrl":"https:\/\/patagoniambiental.com.ar\/info\/wp-content\/uploads\/2017\/04\/unco-recilca.jpg","datePublished":"2017-04-04T12:00:50+00:00","breadcrumb":{"@id":"https:\/\/patagoniambiental.com.ar\/info\/bariloche-la-universidad-del-comahue-lanza-hoy-su-campana-la-unco-recicla\/#breadcrumb"},"inLanguage":"es","potentialAction":[{"@type":"ReadAction","target":["https:\/\/patagoniambiental.com.ar\/info\/bariloche-la-universidad-del-comahue-lanza-hoy-su-campana-la-unco-recicla\/"]}]},{"@type":"ImageObject","inLanguage":"es","@id":"https:\/\/patagoniambiental.com.ar\/info\/bariloche-la-universidad-del-comahue-lanza-hoy-su-campana-la-unco-recicla\/#primaryimage","url":"https:\/\/patagoniambiental.com.ar\/info\/wp-content\/uploads\/2017\/04\/unco-recilca.jpg","contentUrl":"https:\/\/patagoniambiental.com.ar\/info\/wp-content\/uploads\/2017\/04\/unco-recilca.jpg","width":800,"height":462},{"@type":"BreadcrumbList","@id":"https:\/\/patagoniambiental.com.ar\/info\/bariloche-la-universidad-del-comahue-lanza-hoy-su-campana-la-unco-recicla\/#breadcrumb","itemListElement":[{"@type":"ListItem","position":1,"name":"Inicio","item":"https:\/\/patagoniambiental.com.ar\/info\/"},{"@type":"ListItem","position":2,"name":"Bariloche: La Universidad del Comahue lanza hoy su campa\u00f1a \u201cLa UNCo Recicla\u201d"}]},{"@type":"WebSite","@id":"https:\/\/patagoniambiental.com.ar\/info\/#website","url":"https:\/\/patagoniambiental.com.ar\/info\/","name":"Patagonia Ambiental","description":"Monitoreo y an\u00e1lisis de la situaci\u00f3n geopol\u00edtica en el mundo y su implicancia en la Patagonia","publisher":{"@id":"https:\/\/patagoniambiental.com.ar\/info\/#organization"},"potentialAction":[{"@type":"SearchAction","target":{"@type":"EntryPoint","urlTemplate":"https:\/\/patagoniambiental.com.ar\/info\/?s={search_term_string}"},"query-input":{"@type":"PropertyValueSpecification","valueRequired":true,"valueName":"search_term_string"}}],"inLanguage":"es"},{"@type":"Organization","@id":"https:\/\/patagoniambiental.com.ar\/info\/#organization","name":"Patagonia Ambiental","url":"https:\/\/patagoniambiental.com.ar\/info\/","logo":{"@type":"ImageObject","inLanguage":"es","@id":"https:\/\/patagoniambiental.com.ar\/info\/#\/schema\/logo\/image\/","url":"https:\/\/patagoniambiental.com.ar\/info\/wp-content\/uploads\/2025\/05\/LOGO-PATAGONIA-AMBIENTAL.png","contentUrl":"https:\/\/patagoniambiental.com.ar\/info\/wp-content\/uploads\/2025\/05\/LOGO-PATAGONIA-AMBIENTAL.png","width":433,"height":250,"caption":"Patagonia Ambiental"},"image":{"@id":"https:\/\/patagoniambiental.com.ar\/info\/#\/schema\/logo\/image\/"},"sameAs":["https:\/\/www.facebook.com\/patagonia.ambiental","https:\/\/x.com\/PatAmb"]},{"@type":"Person","@id":"https:\/\/patagoniambiental.com.ar\/info\/#\/schema\/person\/db12bff64bbcbf6a253710bf0ea37b5d","name":"Patagonia Ambiental","description":"Andr\u00e9s Nievas T\u00e9cnico en manejo ambiental, consultor Ambiental y escritor para medios locales e internacionales sobre temas de geopolitica y medio ambiente.","sameAs":["http:\/\/www.patagoniambiental.com.ar","https:\/\/www.facebook.com\/share\/1C1V8Gv9BX\/?mibextid=qi2Omg","@patagoniambiental","https:\/\/youtube.com\/@patagoniaambiental2023?si=BLt58t0wuXquxlYZ"]}]}},"_links":{"self":[{"href":"https:\/\/patagoniambiental.com.ar\/info\/wp-json\/wp\/v2\/posts\/27058","targetHints":{"allow":["GET"]}}],"collection":[{"href":"https:\/\/patagoniambiental.com.ar\/info\/wp-json\/wp\/v2\/posts"}],"about":[{"href":"https:\/\/patagoniambiental.com.ar\/info\/wp-json\/wp\/v2\/types\/post"}],"author":[{"embeddable":true,"href":"https:\/\/patagoniambiental.com.ar\/info\/wp-json\/wp\/v2\/users\/2"}],"replies":[{"embeddable":true,"href":"https:\/\/patagoniambiental.com.ar\/info\/wp-json\/wp\/v2\/comments?post=27058"}],"version-history":[{"count":0,"href":"https:\/\/patagoniambiental.com.ar\/info\/wp-json\/wp\/v2\/posts\/27058\/revisions"}],"wp:featuredmedia":[{"embeddable":true,"href":"https:\/\/patagoniambiental.com.ar\/info\/wp-json\/wp\/v2\/media\/27059"}],"wp:attachment":[{"href":"https:\/\/patagoniambiental.com.ar\/info\/wp-json\/wp\/v2\/media?parent=27058"}],"wp:term":[{"taxonomy":"category","embeddable":true,"href":"https:\/\/patagoniambiental.com.ar\/info\/wp-json\/wp\/v2\/categories?post=27058"},{"taxonomy":"post_tag","embeddable":true,"href":"https:\/\/patagoniambiental.com.ar\/info\/wp-json\/wp\/v2\/tags?post=27058"}],"curies":[{"name":"wp","href":"https:\/\/api.w.org\/{rel}","templated":true}]}}