{"id":27077,"date":"2017-04-04T09:00:07","date_gmt":"2017-04-04T12:00:07","guid":{"rendered":"http:\/\/patagoniambiental.com.ar\/info\/?p=27077"},"modified":"2017-04-03T21:34:57","modified_gmt":"2017-04-04T00:34:57","slug":"una-muestra-itinerante-de-cine-ambiental-en-comodoro-rivadavia","status":"publish","type":"post","link":"https:\/\/patagoniambiental.com.ar\/info\/una-muestra-itinerante-de-cine-ambiental-en-comodoro-rivadavia\/","title":{"rendered":"Una muestra itinerante de Cine Ambiental en Comodoro Rivadavia"},"content":{"rendered":"<header>\n<p class=\"interiorCopete\">COMODORO RIVADAVIA.- El Cine Teatro Espa\u00f1ol en abril ser\u00e1 escenario del Festival Internacional de Cine Ambiental que en distintos g\u00e9neros y formatos exhibir\u00e1 audiovisuales sobre \u00abEconciencia\u00bb, \u00abJusticia clim\u00e1tica\u00bb, \u00abHorizontes energ\u00e9ticos\u00bb, \u00abMadre Tierra\u00bb y \u00abSoberan\u00eda Alimentaria\u00bb.<\/p>\n<\/header>\n<div class=\"head-image thumb-wrap relative\">\n<article id=\"article-post\" class=\"cat-amarillo\">\n<div class=\"cuerpo clearfix\">\n<div>Con el auspicio de El Patag\u00f3nico, desde el 27 de abril hasta el 5 de mayo en Comodoro Rivadavia se podr\u00e1 ver la muestra itinerante del Festival Internacional de Cine Ambiental 2017, una iniciativa que naci\u00f3 en Buenos Aires con la necesidad de ampliar las perspectivas culturales desde un enfoque social y comprometido hacia la problem\u00e1tica ambiental a trav\u00e9s de la imagen cinematogr\u00e1fica como medio sensibilizador.<\/div>\n<div>La actividad es organizada por Sudestada Cinematogr\u00e1fica y permitir\u00e1 a los espectadores apreciar una amplia variedad de pel\u00edculas sobre la tem\u00e1tica medioambiental y participar de espect\u00e1culos, muestras de expresi\u00f3n art\u00edstica y charlas-debate con la presencia de personalidades del cine y organizaciones ambientalistas.<\/div>\n<div>Reuniendo variedad de formatos y g\u00e9neros -desde el cortometraje hasta el largometraje, desde el documental hasta la ficci\u00f3n, desde la animaci\u00f3n hasta el reportaje- el Festival Internacional de Cine Ambiental propondr\u00e1 cinco ejes tem\u00e1ticos: Econciencia, Justicia Clim\u00e1tica, Horizontes Energ\u00e9ticos, Madre Tierra y Soberan\u00eda Alimentaria.<\/div>\n<div>La muestra podr\u00e1 ser vista en forma gratuita por estudiantes primarios, secundarios, universitarios, as\u00ed como docentes y jubilados en horarios de ma\u00f1ana y media tarde. En tanto, en horario comercial, tarde y noche, estar\u00e1 abierta a todo p\u00fablico con una entrada general de $100.<\/div>\n<div>Apelando al lenguaje audiovisual del cine como herramienta educativa y cultural para generar una econciencia, adem\u00e1s, se abordar\u00e1n los diferentes ejes tem\u00e1ticos referidos a la zona y ser\u00e1n interpretados por especialistas de cada \u00e1rea.<\/div>\n<div>Para la siguiente edici\u00f3n que tendr\u00e1 lugar en el Cine Teatro Espa\u00f1ol la propuesta de programaci\u00f3n ofrece -a confirmar la grilla final- los documentales \u00abLos guardianes del agua. Carnia se rebela\u00bb y \u00abLos nuevos modernos\u00bb, la serie \u00abAlerta que alimenta\u00bb, entre otros audiovisuales como \u00abEl costo humano de los agrot\u00f3xicos\u00bb \u00ab\u00a1Crecimiento sagrado!\u00bb, \u00abHija de la laguna\u00bb, \u00abAntolina\u00bb, \u00abCastillo y el armado\u00bb, \u00abEcosistema\u00bb, \u00abNuestro mundo\u00bb, \u00abQuinuera\u00bb, \u00abTrashumancia\u00bb, \u00abTierra blanca\u00bb \u00abFractura, La Maldici\u00f3n de los Recursos\u00bb, \u00abEl caso Sarayaku\u00bb \u00abYasun\u00ed\u00bb y \u00abThis Changes Everything\u00bb.<\/div>\n<div>En tanto pensada para los estudiantes exhibir\u00e1 \u00abEl gato\u00bb, \u00abConstruyendo vidas t\u00f3xicas\u00bb, \u00abDa\u00f1o ambiental en Santa Catalina\u00bb, \u00abLa palangana\u00bb, \u00abEcosistema\u00bb y \u00abTierra blanca\u00bb.<\/div>\n<\/div>\n<\/article>\n<p><img decoding=\"async\" class=\"visitimg\" src=\"http:\/\/www.elpatagonico.com\/_post\/elpatagonico\/count.php?idNota=1543588\" \/><\/p>\n<div class=\"banner banner-floated clearfix\"><\/div>\n<article id=\"article-post\">\n<div class=\"poll-nota\">\u00a0Fuente: El Patagonico<\/div>\n<\/article>\n<\/div>\n<div class=\"head-image thumb-wrap relative\"><\/div>\n","protected":false},"excerpt":{"rendered":"<p>COMODORO RIVADAVIA.- El Cine Teatro Espa\u00f1ol en abril ser\u00e1 escenario del Festival Internacional de Cine Ambiental que en distintos g\u00e9neros [&hellip;]<\/p>\n","protected":false},"author":2,"featured_media":27078,"comment_status":"open","ping_status":"open","sticky":false,"template":"","format":"standard","meta":{"site-sidebar-layout":"default","site-content-layout":"","ast-site-content-layout":"default","site-content-style":"default","site-sidebar-style":"default","ast-global-header-display":"","ast-banner-title-visibility":"","ast-main-header-display":"","ast-hfb-above-header-display":"","ast-hfb-below-header-display":"","ast-hfb-mobile-header-display":"","site-post-title":"","ast-breadcrumbs-content":"","ast-featured-img":"","footer-sml-layout":"","ast-disable-related-posts":"","theme-transparent-header-meta":"","adv-header-id-meta":"","stick-header-meta":"","header-above-stick-meta":"","header-main-stick-meta":"","header-below-stick-meta":"","astra-migrate-meta-layouts":"default","ast-page-background-enabled":"default","ast-page-background-meta":{"desktop":{"background-color":"var(--ast-global-color-5)","background-image":"","background-repeat":"repeat","background-position":"center center","background-size":"auto","background-attachment":"scroll","background-type":"","background-media":"","overlay-type":"","overlay-color":"","overlay-opacity":"","overlay-gradient":""},"tablet":{"background-color":"","background-image":"","background-repeat":"repeat","background-position":"center center","background-size":"auto","background-attachment":"scroll","background-type":"","background-media":"","overlay-type":"","overlay-color":"","overlay-opacity":"","overlay-gradient":""},"mobile":{"background-color":"","background-image":"","background-repeat":"repeat","background-position":"center center","background-size":"auto","background-attachment":"scroll","background-type":"","background-media":"","overlay-type":"","overlay-color":"","overlay-opacity":"","overlay-gradient":""}},"ast-content-background-meta":{"desktop":{"background-color":"var(--ast-global-color-4)","background-image":"","background-repeat":"repeat","background-position":"center center","background-size":"auto","background-attachment":"scroll","background-type":"","background-media":"","overlay-type":"","overlay-color":"","overlay-opacity":"","overlay-gradient":""},"tablet":{"background-color":"var(--ast-global-color-4)","background-image":"","background-repeat":"repeat","background-position":"center center","background-size":"auto","background-attachment":"scroll","background-type":"","background-media":"","overlay-type":"","overlay-color":"","overlay-opacity":"","overlay-gradient":""},"mobile":{"background-color":"var(--ast-global-color-4)","background-image":"","background-repeat":"repeat","background-position":"center center","background-size":"auto","background-attachment":"scroll","background-type":"","background-media":"","overlay-type":"","overlay-color":"","overlay-opacity":"","overlay-gradient":""}},"footnotes":""},"categories":[46,1],"tags":[],"class_list":["post-27077","post","type-post","status-publish","format-standard","has-post-thumbnail","hentry","category-municipios","category-noticias"],"yoast_head":"<!-- This site is optimized with the Yoast SEO Premium plugin v23.0 (Yoast SEO v27.5) - https:\/\/yoast.com\/product\/yoast-seo-premium-wordpress\/ -->\n<title>Una muestra itinerante de Cine Ambiental en Comodoro Rivadavia<\/title>\n<meta name=\"robots\" content=\"index, follow, max-snippet:-1, max-image-preview:large, max-video-preview:-1\" \/>\n<link rel=\"canonical\" href=\"https:\/\/patagoniambiental.com.ar\/info\/una-muestra-itinerante-de-cine-ambiental-en-comodoro-rivadavia\/\" \/>\n<meta property=\"og:locale\" content=\"es_ES\" \/>\n<meta property=\"og:type\" content=\"article\" \/>\n<meta property=\"og:title\" content=\"Una muestra itinerante de Cine Ambiental en Comodoro Rivadavia\" \/>\n<meta property=\"og:description\" content=\"COMODORO RIVADAVIA.- El Cine Teatro Espa\u00f1ol en abril ser\u00e1 escenario del Festival Internacional de Cine Ambiental que en distintos g\u00e9neros [&hellip;]\" \/>\n<meta property=\"og:url\" content=\"https:\/\/patagoniambiental.com.ar\/info\/una-muestra-itinerante-de-cine-ambiental-en-comodoro-rivadavia\/\" \/>\n<meta property=\"og:site_name\" content=\"Patagonia Ambiental\" \/>\n<meta property=\"article:publisher\" content=\"https:\/\/www.facebook.com\/patagonia.ambiental\" \/>\n<meta property=\"article:author\" content=\"https:\/\/www.facebook.com\/share\/1C1V8Gv9BX\/?mibextid=qi2Omg\" \/>\n<meta property=\"article:published_time\" content=\"2017-04-04T12:00:07+00:00\" \/>\n<meta property=\"og:image\" content=\"https:\/\/patagoniambiental.com.ar\/info\/wp-content\/uploads\/2017\/04\/cine-ambiental.jpg\" \/>\n\t<meta property=\"og:image:width\" content=\"790\" \/>\n\t<meta property=\"og:image:height\" content=\"444\" \/>\n\t<meta property=\"og:image:type\" content=\"image\/jpeg\" \/>\n<meta name=\"author\" content=\"Patagonia Ambiental\" \/>\n<meta name=\"twitter:card\" content=\"summary_large_image\" \/>\n<meta name=\"twitter:creator\" content=\"@PatAmb\" \/>\n<meta name=\"twitter:site\" content=\"@PatAmb\" \/>\n<script type=\"application\/ld+json\" class=\"yoast-schema-graph\">{\"@context\":\"https:\\\/\\\/schema.org\",\"@graph\":[{\"@type\":\"Article\",\"@id\":\"https:\\\/\\\/patagoniambiental.com.ar\\\/info\\\/una-muestra-itinerante-de-cine-ambiental-en-comodoro-rivadavia\\\/#article\",\"isPartOf\":{\"@id\":\"https:\\\/\\\/patagoniambiental.com.ar\\\/info\\\/una-muestra-itinerante-de-cine-ambiental-en-comodoro-rivadavia\\\/\"},\"author\":{\"name\":\"Patagonia Ambiental\",\"@id\":\"https:\\\/\\\/patagoniambiental.com.ar\\\/info\\\/#\\\/schema\\\/person\\\/db12bff64bbcbf6a253710bf0ea37b5d\"},\"headline\":\"Una muestra itinerante de Cine Ambiental en Comodoro Rivadavia\",\"datePublished\":\"2017-04-04T12:00:07+00:00\",\"mainEntityOfPage\":{\"@id\":\"https:\\\/\\\/patagoniambiental.com.ar\\\/info\\\/una-muestra-itinerante-de-cine-ambiental-en-comodoro-rivadavia\\\/\"},\"wordCount\":414,\"commentCount\":0,\"publisher\":{\"@id\":\"https:\\\/\\\/patagoniambiental.com.ar\\\/info\\\/#organization\"},\"image\":{\"@id\":\"https:\\\/\\\/patagoniambiental.com.ar\\\/info\\\/una-muestra-itinerante-de-cine-ambiental-en-comodoro-rivadavia\\\/#primaryimage\"},\"thumbnailUrl\":\"https:\\\/\\\/patagoniambiental.com.ar\\\/info\\\/wp-content\\\/uploads\\\/2017\\\/04\\\/cine-ambiental.jpg\",\"articleSection\":[\"Municipios\",\"Noticias\"],\"inLanguage\":\"es\",\"potentialAction\":[{\"@type\":\"CommentAction\",\"name\":\"Comment\",\"target\":[\"https:\\\/\\\/patagoniambiental.com.ar\\\/info\\\/una-muestra-itinerante-de-cine-ambiental-en-comodoro-rivadavia\\\/#respond\"]}]},{\"@type\":\"WebPage\",\"@id\":\"https:\\\/\\\/patagoniambiental.com.ar\\\/info\\\/una-muestra-itinerante-de-cine-ambiental-en-comodoro-rivadavia\\\/\",\"url\":\"https:\\\/\\\/patagoniambiental.com.ar\\\/info\\\/una-muestra-itinerante-de-cine-ambiental-en-comodoro-rivadavia\\\/\",\"name\":\"Una muestra itinerante de Cine Ambiental en Comodoro Rivadavia\",\"isPartOf\":{\"@id\":\"https:\\\/\\\/patagoniambiental.com.ar\\\/info\\\/#website\"},\"primaryImageOfPage\":{\"@id\":\"https:\\\/\\\/patagoniambiental.com.ar\\\/info\\\/una-muestra-itinerante-de-cine-ambiental-en-comodoro-rivadavia\\\/#primaryimage\"},\"image\":{\"@id\":\"https:\\\/\\\/patagoniambiental.com.ar\\\/info\\\/una-muestra-itinerante-de-cine-ambiental-en-comodoro-rivadavia\\\/#primaryimage\"},\"thumbnailUrl\":\"https:\\\/\\\/patagoniambiental.com.ar\\\/info\\\/wp-content\\\/uploads\\\/2017\\\/04\\\/cine-ambiental.jpg\",\"datePublished\":\"2017-04-04T12:00:07+00:00\",\"breadcrumb\":{\"@id\":\"https:\\\/\\\/patagoniambiental.com.ar\\\/info\\\/una-muestra-itinerante-de-cine-ambiental-en-comodoro-rivadavia\\\/#breadcrumb\"},\"inLanguage\":\"es\",\"potentialAction\":[{\"@type\":\"ReadAction\",\"target\":[\"https:\\\/\\\/patagoniambiental.com.ar\\\/info\\\/una-muestra-itinerante-de-cine-ambiental-en-comodoro-rivadavia\\\/\"]}]},{\"@type\":\"ImageObject\",\"inLanguage\":\"es\",\"@id\":\"https:\\\/\\\/patagoniambiental.com.ar\\\/info\\\/una-muestra-itinerante-de-cine-ambiental-en-comodoro-rivadavia\\\/#primaryimage\",\"url\":\"https:\\\/\\\/patagoniambiental.com.ar\\\/info\\\/wp-content\\\/uploads\\\/2017\\\/04\\\/cine-ambiental.jpg\",\"contentUrl\":\"https:\\\/\\\/patagoniambiental.com.ar\\\/info\\\/wp-content\\\/uploads\\\/2017\\\/04\\\/cine-ambiental.jpg\",\"width\":790,\"height\":444},{\"@type\":\"BreadcrumbList\",\"@id\":\"https:\\\/\\\/patagoniambiental.com.ar\\\/info\\\/una-muestra-itinerante-de-cine-ambiental-en-comodoro-rivadavia\\\/#breadcrumb\",\"itemListElement\":[{\"@type\":\"ListItem\",\"position\":1,\"name\":\"Inicio\",\"item\":\"https:\\\/\\\/patagoniambiental.com.ar\\\/info\\\/\"},{\"@type\":\"ListItem\",\"position\":2,\"name\":\"Una muestra itinerante de Cine Ambiental en Comodoro Rivadavia\"}]},{\"@type\":\"WebSite\",\"@id\":\"https:\\\/\\\/patagoniambiental.com.ar\\\/info\\\/#website\",\"url\":\"https:\\\/\\\/patagoniambiental.com.ar\\\/info\\\/\",\"name\":\"Patagonia Ambiental\",\"description\":\"Monitoreo y an\u00e1lisis de la situaci\u00f3n geopol\u00edtica en el mundo y su implicancia en la Patagonia\",\"publisher\":{\"@id\":\"https:\\\/\\\/patagoniambiental.com.ar\\\/info\\\/#organization\"},\"potentialAction\":[{\"@type\":\"SearchAction\",\"target\":{\"@type\":\"EntryPoint\",\"urlTemplate\":\"https:\\\/\\\/patagoniambiental.com.ar\\\/info\\\/?s={search_term_string}\"},\"query-input\":{\"@type\":\"PropertyValueSpecification\",\"valueRequired\":true,\"valueName\":\"search_term_string\"}}],\"inLanguage\":\"es\"},{\"@type\":\"Organization\",\"@id\":\"https:\\\/\\\/patagoniambiental.com.ar\\\/info\\\/#organization\",\"name\":\"Patagonia Ambiental\",\"url\":\"https:\\\/\\\/patagoniambiental.com.ar\\\/info\\\/\",\"logo\":{\"@type\":\"ImageObject\",\"inLanguage\":\"es\",\"@id\":\"https:\\\/\\\/patagoniambiental.com.ar\\\/info\\\/#\\\/schema\\\/logo\\\/image\\\/\",\"url\":\"https:\\\/\\\/patagoniambiental.com.ar\\\/info\\\/wp-content\\\/uploads\\\/2025\\\/05\\\/LOGO-PATAGONIA-AMBIENTAL.png\",\"contentUrl\":\"https:\\\/\\\/patagoniambiental.com.ar\\\/info\\\/wp-content\\\/uploads\\\/2025\\\/05\\\/LOGO-PATAGONIA-AMBIENTAL.png\",\"width\":433,\"height\":250,\"caption\":\"Patagonia Ambiental\"},\"image\":{\"@id\":\"https:\\\/\\\/patagoniambiental.com.ar\\\/info\\\/#\\\/schema\\\/logo\\\/image\\\/\"},\"sameAs\":[\"https:\\\/\\\/www.facebook.com\\\/patagonia.ambiental\",\"https:\\\/\\\/x.com\\\/PatAmb\"]},{\"@type\":\"Person\",\"@id\":\"https:\\\/\\\/patagoniambiental.com.ar\\\/info\\\/#\\\/schema\\\/person\\\/db12bff64bbcbf6a253710bf0ea37b5d\",\"name\":\"Patagonia Ambiental\",\"description\":\"Andr\u00e9s Nievas T\u00e9cnico en manejo ambiental, consultor Ambiental y escritor para medios locales e internacionales sobre temas de geopolitica y medio ambiente.\",\"sameAs\":[\"http:\\\/\\\/www.patagoniambiental.com.ar\",\"https:\\\/\\\/www.facebook.com\\\/share\\\/1C1V8Gv9BX\\\/?mibextid=qi2Omg\",\"@patagoniambiental\",\"https:\\\/\\\/youtube.com\\\/@patagoniaambiental2023?si=BLt58t0wuXquxlYZ\"]}]}<\/script>\n<!-- \/ Yoast SEO Premium plugin. -->","yoast_head_json":{"title":"Una muestra itinerante de Cine Ambiental en Comodoro Rivadavia","robots":{"index":"index","follow":"follow","max-snippet":"max-snippet:-1","max-image-preview":"max-image-preview:large","max-video-preview":"max-video-preview:-1"},"canonical":"https:\/\/patagoniambiental.com.ar\/info\/una-muestra-itinerante-de-cine-ambiental-en-comodoro-rivadavia\/","og_locale":"es_ES","og_type":"article","og_title":"Una muestra itinerante de Cine Ambiental en Comodoro Rivadavia","og_description":"COMODORO RIVADAVIA.- El Cine Teatro Espa\u00f1ol en abril ser\u00e1 escenario del Festival Internacional de Cine Ambiental que en distintos g\u00e9neros [&hellip;]","og_url":"https:\/\/patagoniambiental.com.ar\/info\/una-muestra-itinerante-de-cine-ambiental-en-comodoro-rivadavia\/","og_site_name":"Patagonia Ambiental","article_publisher":"https:\/\/www.facebook.com\/patagonia.ambiental","article_author":"https:\/\/www.facebook.com\/share\/1C1V8Gv9BX\/?mibextid=qi2Omg","article_published_time":"2017-04-04T12:00:07+00:00","og_image":[{"width":790,"height":444,"url":"https:\/\/patagoniambiental.com.ar\/info\/wp-content\/uploads\/2017\/04\/cine-ambiental.jpg","type":"image\/jpeg"}],"author":"Patagonia Ambiental","twitter_card":"summary_large_image","twitter_creator":"@PatAmb","twitter_site":"@PatAmb","schema":{"@context":"https:\/\/schema.org","@graph":[{"@type":"Article","@id":"https:\/\/patagoniambiental.com.ar\/info\/una-muestra-itinerante-de-cine-ambiental-en-comodoro-rivadavia\/#article","isPartOf":{"@id":"https:\/\/patagoniambiental.com.ar\/info\/una-muestra-itinerante-de-cine-ambiental-en-comodoro-rivadavia\/"},"author":{"name":"Patagonia Ambiental","@id":"https:\/\/patagoniambiental.com.ar\/info\/#\/schema\/person\/db12bff64bbcbf6a253710bf0ea37b5d"},"headline":"Una muestra itinerante de Cine Ambiental en Comodoro Rivadavia","datePublished":"2017-04-04T12:00:07+00:00","mainEntityOfPage":{"@id":"https:\/\/patagoniambiental.com.ar\/info\/una-muestra-itinerante-de-cine-ambiental-en-comodoro-rivadavia\/"},"wordCount":414,"commentCount":0,"publisher":{"@id":"https:\/\/patagoniambiental.com.ar\/info\/#organization"},"image":{"@id":"https:\/\/patagoniambiental.com.ar\/info\/una-muestra-itinerante-de-cine-ambiental-en-comodoro-rivadavia\/#primaryimage"},"thumbnailUrl":"https:\/\/patagoniambiental.com.ar\/info\/wp-content\/uploads\/2017\/04\/cine-ambiental.jpg","articleSection":["Municipios","Noticias"],"inLanguage":"es","potentialAction":[{"@type":"CommentAction","name":"Comment","target":["https:\/\/patagoniambiental.com.ar\/info\/una-muestra-itinerante-de-cine-ambiental-en-comodoro-rivadavia\/#respond"]}]},{"@type":"WebPage","@id":"https:\/\/patagoniambiental.com.ar\/info\/una-muestra-itinerante-de-cine-ambiental-en-comodoro-rivadavia\/","url":"https:\/\/patagoniambiental.com.ar\/info\/una-muestra-itinerante-de-cine-ambiental-en-comodoro-rivadavia\/","name":"Una muestra itinerante de Cine Ambiental en Comodoro Rivadavia","isPartOf":{"@id":"https:\/\/patagoniambiental.com.ar\/info\/#website"},"primaryImageOfPage":{"@id":"https:\/\/patagoniambiental.com.ar\/info\/una-muestra-itinerante-de-cine-ambiental-en-comodoro-rivadavia\/#primaryimage"},"image":{"@id":"https:\/\/patagoniambiental.com.ar\/info\/una-muestra-itinerante-de-cine-ambiental-en-comodoro-rivadavia\/#primaryimage"},"thumbnailUrl":"https:\/\/patagoniambiental.com.ar\/info\/wp-content\/uploads\/2017\/04\/cine-ambiental.jpg","datePublished":"2017-04-04T12:00:07+00:00","breadcrumb":{"@id":"https:\/\/patagoniambiental.com.ar\/info\/una-muestra-itinerante-de-cine-ambiental-en-comodoro-rivadavia\/#breadcrumb"},"inLanguage":"es","potentialAction":[{"@type":"ReadAction","target":["https:\/\/patagoniambiental.com.ar\/info\/una-muestra-itinerante-de-cine-ambiental-en-comodoro-rivadavia\/"]}]},{"@type":"ImageObject","inLanguage":"es","@id":"https:\/\/patagoniambiental.com.ar\/info\/una-muestra-itinerante-de-cine-ambiental-en-comodoro-rivadavia\/#primaryimage","url":"https:\/\/patagoniambiental.com.ar\/info\/wp-content\/uploads\/2017\/04\/cine-ambiental.jpg","contentUrl":"https:\/\/patagoniambiental.com.ar\/info\/wp-content\/uploads\/2017\/04\/cine-ambiental.jpg","width":790,"height":444},{"@type":"BreadcrumbList","@id":"https:\/\/patagoniambiental.com.ar\/info\/una-muestra-itinerante-de-cine-ambiental-en-comodoro-rivadavia\/#breadcrumb","itemListElement":[{"@type":"ListItem","position":1,"name":"Inicio","item":"https:\/\/patagoniambiental.com.ar\/info\/"},{"@type":"ListItem","position":2,"name":"Una muestra itinerante de Cine Ambiental en Comodoro Rivadavia"}]},{"@type":"WebSite","@id":"https:\/\/patagoniambiental.com.ar\/info\/#website","url":"https:\/\/patagoniambiental.com.ar\/info\/","name":"Patagonia Ambiental","description":"Monitoreo y an\u00e1lisis de la situaci\u00f3n geopol\u00edtica en el mundo y su implicancia en la Patagonia","publisher":{"@id":"https:\/\/patagoniambiental.com.ar\/info\/#organization"},"potentialAction":[{"@type":"SearchAction","target":{"@type":"EntryPoint","urlTemplate":"https:\/\/patagoniambiental.com.ar\/info\/?s={search_term_string}"},"query-input":{"@type":"PropertyValueSpecification","valueRequired":true,"valueName":"search_term_string"}}],"inLanguage":"es"},{"@type":"Organization","@id":"https:\/\/patagoniambiental.com.ar\/info\/#organization","name":"Patagonia Ambiental","url":"https:\/\/patagoniambiental.com.ar\/info\/","logo":{"@type":"ImageObject","inLanguage":"es","@id":"https:\/\/patagoniambiental.com.ar\/info\/#\/schema\/logo\/image\/","url":"https:\/\/patagoniambiental.com.ar\/info\/wp-content\/uploads\/2025\/05\/LOGO-PATAGONIA-AMBIENTAL.png","contentUrl":"https:\/\/patagoniambiental.com.ar\/info\/wp-content\/uploads\/2025\/05\/LOGO-PATAGONIA-AMBIENTAL.png","width":433,"height":250,"caption":"Patagonia Ambiental"},"image":{"@id":"https:\/\/patagoniambiental.com.ar\/info\/#\/schema\/logo\/image\/"},"sameAs":["https:\/\/www.facebook.com\/patagonia.ambiental","https:\/\/x.com\/PatAmb"]},{"@type":"Person","@id":"https:\/\/patagoniambiental.com.ar\/info\/#\/schema\/person\/db12bff64bbcbf6a253710bf0ea37b5d","name":"Patagonia Ambiental","description":"Andr\u00e9s Nievas T\u00e9cnico en manejo ambiental, consultor Ambiental y escritor para medios locales e internacionales sobre temas de geopolitica y medio ambiente.","sameAs":["http:\/\/www.patagoniambiental.com.ar","https:\/\/www.facebook.com\/share\/1C1V8Gv9BX\/?mibextid=qi2Omg","@patagoniambiental","https:\/\/youtube.com\/@patagoniaambiental2023?si=BLt58t0wuXquxlYZ"]}]}},"_links":{"self":[{"href":"https:\/\/patagoniambiental.com.ar\/info\/wp-json\/wp\/v2\/posts\/27077","targetHints":{"allow":["GET"]}}],"collection":[{"href":"https:\/\/patagoniambiental.com.ar\/info\/wp-json\/wp\/v2\/posts"}],"about":[{"href":"https:\/\/patagoniambiental.com.ar\/info\/wp-json\/wp\/v2\/types\/post"}],"author":[{"embeddable":true,"href":"https:\/\/patagoniambiental.com.ar\/info\/wp-json\/wp\/v2\/users\/2"}],"replies":[{"embeddable":true,"href":"https:\/\/patagoniambiental.com.ar\/info\/wp-json\/wp\/v2\/comments?post=27077"}],"version-history":[{"count":0,"href":"https:\/\/patagoniambiental.com.ar\/info\/wp-json\/wp\/v2\/posts\/27077\/revisions"}],"wp:featuredmedia":[{"embeddable":true,"href":"https:\/\/patagoniambiental.com.ar\/info\/wp-json\/wp\/v2\/media\/27078"}],"wp:attachment":[{"href":"https:\/\/patagoniambiental.com.ar\/info\/wp-json\/wp\/v2\/media?parent=27077"}],"wp:term":[{"taxonomy":"category","embeddable":true,"href":"https:\/\/patagoniambiental.com.ar\/info\/wp-json\/wp\/v2\/categories?post=27077"},{"taxonomy":"post_tag","embeddable":true,"href":"https:\/\/patagoniambiental.com.ar\/info\/wp-json\/wp\/v2\/tags?post=27077"}],"curies":[{"name":"wp","href":"https:\/\/api.w.org\/{rel}","templated":true}]}}