{"id":27121,"date":"2017-04-05T09:00:22","date_gmt":"2017-04-05T12:00:22","guid":{"rendered":"http:\/\/patagoniambiental.com.ar\/info\/?p=27121"},"modified":"2017-04-05T07:12:25","modified_gmt":"2017-04-05T10:12:25","slug":"buscan-cerrar-todos-los-basurales-a-cielo-abierto-en-el-hoyo","status":"publish","type":"post","link":"https:\/\/patagoniambiental.com.ar\/info\/buscan-cerrar-todos-los-basurales-a-cielo-abierto-en-el-hoyo\/","title":{"rendered":"Chubut: Buscan cerrar todos los basurales a cielo abierto en El Hoyo"},"content":{"rendered":"<p>EL HOYO.- El gobierno del Chubut, a trav\u00e9s del Ministerio de Medio Ambiente y Control del Desarrollo Sustentable a cargo de Ignacio Agulleiro, mantuvo una reuni\u00f3n con el intendente de El Hoyo, Daniel C\u00e1rdenas, y concejales para abordar la situaci\u00f3n del basural a cielo abierto de localidad cordillerana.<br \/>\nDicho encuentro fue encabezado por la subsecretaria de Gesti\u00f3n Ambiental, Mariana Vega, quien recibi\u00f3 en Rawson al intendente C\u00e1rdenas y los ediles de Chubut Somos Todos, Daniela Pagano, Silvia Lonegro, Juan Ordo\u00f1ez y Bruno Sartirana, adem\u00e1s del concejal del Frente para la Victoria, Walter P\u00e9rez.<\/p>\n<p><strong>Aporte<\/strong><\/p>\n<p>Desde la cartera provincial destacaron que entregaron un aporte de 50 mil pesos para instalar c\u00e1maras de vigilancia y personal para que se controle el volcado de basura en ese espacio.<br \/>\nTambi\u00e9n se est\u00e1 trabajando en el proyecto de separaci\u00f3n de residuos que es una de las medidas que se est\u00e1 aplicando para darle una soluci\u00f3n inmediata a la problem\u00e1tica planteada, hasta que comience a funcionar plenamente el GIRSU andino.<\/p>\n<p><strong>Basural a Cielo Abierto<\/strong><\/p>\n<p>Al respecto, la subsecretaria de Gesti\u00f3n Ambiental, Mariana Vega, manifest\u00f3 que \u201chemos mantenido una importante reuni\u00f3n en el intendente de El Hoyo, Daniel C\u00e1rdenas, y varios concejales de esa localidad, por el tema del basural que es algo que nos interesa y preocupa mucho, porque este es a cielo abierto y genera altos niveles de contaminaci\u00f3n en la localidad\u201d.<br \/>\nEn el mismo sentido, la funcionaria provincial explic\u00f3 que \u201cvenimos trabajando en conjunto para solucionar este problema, este es un basural controlado, donde se han aplicado distintas medidas de mejoramiento y ordenamiento del mismo junto a Vialidad Provincial, coloc\u00e1ndose cerco perimetral y otros elementos m\u00e1s\u201d.<br \/>\n\u201cEl Ministerio de Ambiente nos brind\u00f3 un aporte de $50.000 que nos va a permitir comenzar a cerrar definitivamente este lugar, para eso instalaremos c\u00e1maras de vigilancia y m\u00e1s personal que estar\u00e1 ubicado en el lugar, que controlaran los niveles de residuos depositados all\u00ed, como as\u00ed tambi\u00e9n se est\u00e1 trabajando en un proyecto de separaci\u00f3n de los residuos que es una de las medidas que estamos encarando para darle una soluci\u00f3n inmediata a la problem\u00e1tica planteada\u201d, se\u00f1al\u00f3 el intendente.<br \/>\nC\u00e1rdenas repas\u00f3 que \u201cla idea de todos es continuar trabajando en el proyecto del GIRSU Andino, pero como bien nos ha dicho el ministro Agulleiro su instalaci\u00f3n va a durar entre dos o tres a\u00f1os, por eso mientras tanto debemos encontrar soluciones alternativas\u201d.<\/p>\n<p><strong>Ordenanza sancionada<\/strong><\/p>\n<p>\u201cPor eso hemos aprovechado este encuentro que hemos tenido en el Ministerio de Ambiente para acercarle a los funcionarios provinciales la ordenanza que fue recientemente sancionada por el Concejo Deliberante de El Hoyo, donde permite reservar un predio dentro del actual basural con destino a la planta de separaci\u00f3n y tratamiento de residuos que se va a construir como parte del proyecto de lo que llamamos el GIRSU Andino\u201d, describi\u00f3 C\u00e1rdenas.<br \/>\n\u201cEste proyecto de Gesti\u00f3n Integral de los Residuos S\u00f3lidos Urbanos que involucra a El Hoyo, Lago Puelo, el Mait\u00e9n, Cholila y Epuy\u00e9n, donde todo lo que no sea residuo reciclable va a ir a un relleno sanitario que van a compartir estas localidades, siendo este el primer paso fundamental para la parte t\u00e9cnico \u2013 legal de dicho plan, para posteriormente iniciar la etapa de las correspondientes licitaciones\u201d, enfatiz\u00f3 el intendente.<br \/>\nPor \u00faltimo, Daniel C\u00e1rdenas remarc\u00f3 que \u201cla reuni\u00f3n fue sumamente fruct\u00edfera y se trataron otros temas como el control y monitoreo que se est\u00e1 realizando de los cursos h\u00eddricos de la zona, la planta de tratamiento de l\u00edquidos cloacales, y se estableci\u00f3 un nuevo encuentro en el corto plazo para informar lo realizado y planificado\u201d.<\/p>\n<div class=\"sharedaddy sd-sharing-enabled\">\u00a0Fuente:\u00a0http:\/\/eldiariodemadryn.com\/2017\/04\/buscan-cerrar-todos-los-basurales-a-cielo-abierto\/<\/div>\n","protected":false},"excerpt":{"rendered":"<p>EL HOYO.- El gobierno del Chubut, a trav\u00e9s del Ministerio de Medio Ambiente y Control del Desarrollo Sustentable a cargo [&hellip;]<\/p>\n","protected":false},"author":2,"featured_media":27122,"comment_status":"open","ping_status":"open","sticky":false,"template":"","format":"standard","meta":{"site-sidebar-layout":"default","site-content-layout":"","ast-site-content-layout":"default","site-content-style":"default","site-sidebar-style":"default","ast-global-header-display":"","ast-banner-title-visibility":"","ast-main-header-display":"","ast-hfb-above-header-display":"","ast-hfb-below-header-display":"","ast-hfb-mobile-header-display":"","site-post-title":"","ast-breadcrumbs-content":"","ast-featured-img":"","footer-sml-layout":"","ast-disable-related-posts":"","theme-transparent-header-meta":"","adv-header-id-meta":"","stick-header-meta":"","header-above-stick-meta":"","header-main-stick-meta":"","header-below-stick-meta":"","astra-migrate-meta-layouts":"default","ast-page-background-enabled":"default","ast-page-background-meta":{"desktop":{"background-color":"var(--ast-global-color-5)","background-image":"","background-repeat":"repeat","background-position":"center center","background-size":"auto","background-attachment":"scroll","background-type":"","background-media":"","overlay-type":"","overlay-color":"","overlay-opacity":"","overlay-gradient":""},"tablet":{"background-color":"","background-image":"","background-repeat":"repeat","background-position":"center center","background-size":"auto","background-attachment":"scroll","background-type":"","background-media":"","overlay-type":"","overlay-color":"","overlay-opacity":"","overlay-gradient":""},"mobile":{"background-color":"","background-image":"","background-repeat":"repeat","background-position":"center center","background-size":"auto","background-attachment":"scroll","background-type":"","background-media":"","overlay-type":"","overlay-color":"","overlay-opacity":"","overlay-gradient":""}},"ast-content-background-meta":{"desktop":{"background-color":"var(--ast-global-color-4)","background-image":"","background-repeat":"repeat","background-position":"center center","background-size":"auto","background-attachment":"scroll","background-type":"","background-media":"","overlay-type":"","overlay-color":"","overlay-opacity":"","overlay-gradient":""},"tablet":{"background-color":"var(--ast-global-color-4)","background-image":"","background-repeat":"repeat","background-position":"center center","background-size":"auto","background-attachment":"scroll","background-type":"","background-media":"","overlay-type":"","overlay-color":"","overlay-opacity":"","overlay-gradient":""},"mobile":{"background-color":"var(--ast-global-color-4)","background-image":"","background-repeat":"repeat","background-position":"center center","background-size":"auto","background-attachment":"scroll","background-type":"","background-media":"","overlay-type":"","overlay-color":"","overlay-opacity":"","overlay-gradient":""}},"footnotes":""},"categories":[46,1],"tags":[],"class_list":["post-27121","post","type-post","status-publish","format-standard","has-post-thumbnail","hentry","category-municipios","category-noticias"],"yoast_head":"<!-- This site is optimized with the Yoast SEO Premium plugin v23.0 (Yoast SEO v27.5) - https:\/\/yoast.com\/product\/yoast-seo-premium-wordpress\/ -->\n<title>Chubut: Buscan cerrar todos los basurales a cielo abierto en El Hoyo<\/title>\n<meta name=\"robots\" content=\"index, follow, max-snippet:-1, max-image-preview:large, max-video-preview:-1\" \/>\n<link rel=\"canonical\" href=\"https:\/\/patagoniambiental.com.ar\/info\/buscan-cerrar-todos-los-basurales-a-cielo-abierto-en-el-hoyo\/\" \/>\n<meta property=\"og:locale\" content=\"es_ES\" \/>\n<meta property=\"og:type\" content=\"article\" \/>\n<meta property=\"og:title\" content=\"Chubut: Buscan cerrar todos los basurales a cielo abierto en El Hoyo\" \/>\n<meta property=\"og:description\" content=\"EL HOYO.- El gobierno del Chubut, a trav\u00e9s del Ministerio de Medio Ambiente y Control del Desarrollo Sustentable a cargo [&hellip;]\" \/>\n<meta property=\"og:url\" content=\"https:\/\/patagoniambiental.com.ar\/info\/buscan-cerrar-todos-los-basurales-a-cielo-abierto-en-el-hoyo\/\" \/>\n<meta property=\"og:site_name\" content=\"Patagonia Ambiental\" \/>\n<meta property=\"article:publisher\" content=\"https:\/\/www.facebook.com\/patagonia.ambiental\" \/>\n<meta property=\"article:author\" content=\"https:\/\/www.facebook.com\/share\/1C1V8Gv9BX\/?mibextid=qi2Omg\" \/>\n<meta property=\"article:published_time\" content=\"2017-04-05T12:00:22+00:00\" \/>\n<meta property=\"og:image\" content=\"https:\/\/patagoniambiental.com.ar\/info\/wp-content\/uploads\/2017\/04\/basurales-El-Hoyo.jpg\" \/>\n\t<meta property=\"og:image:width\" content=\"400\" \/>\n\t<meta property=\"og:image:height\" content=\"225\" \/>\n\t<meta property=\"og:image:type\" content=\"image\/jpeg\" \/>\n<meta name=\"author\" content=\"Patagonia Ambiental\" \/>\n<meta name=\"twitter:card\" content=\"summary_large_image\" \/>\n<meta name=\"twitter:creator\" content=\"@PatAmb\" \/>\n<meta name=\"twitter:site\" content=\"@PatAmb\" \/>\n<script type=\"application\/ld+json\" class=\"yoast-schema-graph\">{\"@context\":\"https:\\\/\\\/schema.org\",\"@graph\":[{\"@type\":\"Article\",\"@id\":\"https:\\\/\\\/patagoniambiental.com.ar\\\/info\\\/buscan-cerrar-todos-los-basurales-a-cielo-abierto-en-el-hoyo\\\/#article\",\"isPartOf\":{\"@id\":\"https:\\\/\\\/patagoniambiental.com.ar\\\/info\\\/buscan-cerrar-todos-los-basurales-a-cielo-abierto-en-el-hoyo\\\/\"},\"author\":{\"name\":\"Patagonia Ambiental\",\"@id\":\"https:\\\/\\\/patagoniambiental.com.ar\\\/info\\\/#\\\/schema\\\/person\\\/db12bff64bbcbf6a253710bf0ea37b5d\"},\"headline\":\"Chubut: Buscan cerrar todos los basurales a cielo abierto en El Hoyo\",\"datePublished\":\"2017-04-05T12:00:22+00:00\",\"mainEntityOfPage\":{\"@id\":\"https:\\\/\\\/patagoniambiental.com.ar\\\/info\\\/buscan-cerrar-todos-los-basurales-a-cielo-abierto-en-el-hoyo\\\/\"},\"wordCount\":649,\"commentCount\":0,\"publisher\":{\"@id\":\"https:\\\/\\\/patagoniambiental.com.ar\\\/info\\\/#organization\"},\"image\":{\"@id\":\"https:\\\/\\\/patagoniambiental.com.ar\\\/info\\\/buscan-cerrar-todos-los-basurales-a-cielo-abierto-en-el-hoyo\\\/#primaryimage\"},\"thumbnailUrl\":\"https:\\\/\\\/patagoniambiental.com.ar\\\/info\\\/wp-content\\\/uploads\\\/2017\\\/04\\\/basurales-El-Hoyo.jpg\",\"articleSection\":[\"Municipios\",\"Noticias\"],\"inLanguage\":\"es\",\"potentialAction\":[{\"@type\":\"CommentAction\",\"name\":\"Comment\",\"target\":[\"https:\\\/\\\/patagoniambiental.com.ar\\\/info\\\/buscan-cerrar-todos-los-basurales-a-cielo-abierto-en-el-hoyo\\\/#respond\"]}]},{\"@type\":\"WebPage\",\"@id\":\"https:\\\/\\\/patagoniambiental.com.ar\\\/info\\\/buscan-cerrar-todos-los-basurales-a-cielo-abierto-en-el-hoyo\\\/\",\"url\":\"https:\\\/\\\/patagoniambiental.com.ar\\\/info\\\/buscan-cerrar-todos-los-basurales-a-cielo-abierto-en-el-hoyo\\\/\",\"name\":\"Chubut: Buscan cerrar todos los basurales a cielo abierto en El Hoyo\",\"isPartOf\":{\"@id\":\"https:\\\/\\\/patagoniambiental.com.ar\\\/info\\\/#website\"},\"primaryImageOfPage\":{\"@id\":\"https:\\\/\\\/patagoniambiental.com.ar\\\/info\\\/buscan-cerrar-todos-los-basurales-a-cielo-abierto-en-el-hoyo\\\/#primaryimage\"},\"image\":{\"@id\":\"https:\\\/\\\/patagoniambiental.com.ar\\\/info\\\/buscan-cerrar-todos-los-basurales-a-cielo-abierto-en-el-hoyo\\\/#primaryimage\"},\"thumbnailUrl\":\"https:\\\/\\\/patagoniambiental.com.ar\\\/info\\\/wp-content\\\/uploads\\\/2017\\\/04\\\/basurales-El-Hoyo.jpg\",\"datePublished\":\"2017-04-05T12:00:22+00:00\",\"breadcrumb\":{\"@id\":\"https:\\\/\\\/patagoniambiental.com.ar\\\/info\\\/buscan-cerrar-todos-los-basurales-a-cielo-abierto-en-el-hoyo\\\/#breadcrumb\"},\"inLanguage\":\"es\",\"potentialAction\":[{\"@type\":\"ReadAction\",\"target\":[\"https:\\\/\\\/patagoniambiental.com.ar\\\/info\\\/buscan-cerrar-todos-los-basurales-a-cielo-abierto-en-el-hoyo\\\/\"]}]},{\"@type\":\"ImageObject\",\"inLanguage\":\"es\",\"@id\":\"https:\\\/\\\/patagoniambiental.com.ar\\\/info\\\/buscan-cerrar-todos-los-basurales-a-cielo-abierto-en-el-hoyo\\\/#primaryimage\",\"url\":\"https:\\\/\\\/patagoniambiental.com.ar\\\/info\\\/wp-content\\\/uploads\\\/2017\\\/04\\\/basurales-El-Hoyo.jpg\",\"contentUrl\":\"https:\\\/\\\/patagoniambiental.com.ar\\\/info\\\/wp-content\\\/uploads\\\/2017\\\/04\\\/basurales-El-Hoyo.jpg\",\"width\":400,\"height\":225},{\"@type\":\"BreadcrumbList\",\"@id\":\"https:\\\/\\\/patagoniambiental.com.ar\\\/info\\\/buscan-cerrar-todos-los-basurales-a-cielo-abierto-en-el-hoyo\\\/#breadcrumb\",\"itemListElement\":[{\"@type\":\"ListItem\",\"position\":1,\"name\":\"Inicio\",\"item\":\"https:\\\/\\\/patagoniambiental.com.ar\\\/info\\\/\"},{\"@type\":\"ListItem\",\"position\":2,\"name\":\"Chubut: Buscan cerrar todos los basurales a cielo abierto en El Hoyo\"}]},{\"@type\":\"WebSite\",\"@id\":\"https:\\\/\\\/patagoniambiental.com.ar\\\/info\\\/#website\",\"url\":\"https:\\\/\\\/patagoniambiental.com.ar\\\/info\\\/\",\"name\":\"Patagonia Ambiental\",\"description\":\"Monitoreo y an\u00e1lisis de la situaci\u00f3n geopol\u00edtica en el mundo y su implicancia en la Patagonia\",\"publisher\":{\"@id\":\"https:\\\/\\\/patagoniambiental.com.ar\\\/info\\\/#organization\"},\"potentialAction\":[{\"@type\":\"SearchAction\",\"target\":{\"@type\":\"EntryPoint\",\"urlTemplate\":\"https:\\\/\\\/patagoniambiental.com.ar\\\/info\\\/?s={search_term_string}\"},\"query-input\":{\"@type\":\"PropertyValueSpecification\",\"valueRequired\":true,\"valueName\":\"search_term_string\"}}],\"inLanguage\":\"es\"},{\"@type\":\"Organization\",\"@id\":\"https:\\\/\\\/patagoniambiental.com.ar\\\/info\\\/#organization\",\"name\":\"Patagonia Ambiental\",\"url\":\"https:\\\/\\\/patagoniambiental.com.ar\\\/info\\\/\",\"logo\":{\"@type\":\"ImageObject\",\"inLanguage\":\"es\",\"@id\":\"https:\\\/\\\/patagoniambiental.com.ar\\\/info\\\/#\\\/schema\\\/logo\\\/image\\\/\",\"url\":\"https:\\\/\\\/patagoniambiental.com.ar\\\/info\\\/wp-content\\\/uploads\\\/2025\\\/05\\\/LOGO-PATAGONIA-AMBIENTAL.png\",\"contentUrl\":\"https:\\\/\\\/patagoniambiental.com.ar\\\/info\\\/wp-content\\\/uploads\\\/2025\\\/05\\\/LOGO-PATAGONIA-AMBIENTAL.png\",\"width\":433,\"height\":250,\"caption\":\"Patagonia Ambiental\"},\"image\":{\"@id\":\"https:\\\/\\\/patagoniambiental.com.ar\\\/info\\\/#\\\/schema\\\/logo\\\/image\\\/\"},\"sameAs\":[\"https:\\\/\\\/www.facebook.com\\\/patagonia.ambiental\",\"https:\\\/\\\/x.com\\\/PatAmb\"]},{\"@type\":\"Person\",\"@id\":\"https:\\\/\\\/patagoniambiental.com.ar\\\/info\\\/#\\\/schema\\\/person\\\/db12bff64bbcbf6a253710bf0ea37b5d\",\"name\":\"Patagonia Ambiental\",\"description\":\"Andr\u00e9s Nievas T\u00e9cnico en manejo ambiental, consultor Ambiental y escritor para medios locales e internacionales sobre temas de geopolitica y medio ambiente.\",\"sameAs\":[\"http:\\\/\\\/www.patagoniambiental.com.ar\",\"https:\\\/\\\/www.facebook.com\\\/share\\\/1C1V8Gv9BX\\\/?mibextid=qi2Omg\",\"@patagoniambiental\",\"https:\\\/\\\/youtube.com\\\/@patagoniaambiental2023?si=BLt58t0wuXquxlYZ\"]}]}<\/script>\n<!-- \/ Yoast SEO Premium plugin. -->","yoast_head_json":{"title":"Chubut: Buscan cerrar todos los basurales a cielo abierto en El Hoyo","robots":{"index":"index","follow":"follow","max-snippet":"max-snippet:-1","max-image-preview":"max-image-preview:large","max-video-preview":"max-video-preview:-1"},"canonical":"https:\/\/patagoniambiental.com.ar\/info\/buscan-cerrar-todos-los-basurales-a-cielo-abierto-en-el-hoyo\/","og_locale":"es_ES","og_type":"article","og_title":"Chubut: Buscan cerrar todos los basurales a cielo abierto en El Hoyo","og_description":"EL HOYO.- El gobierno del Chubut, a trav\u00e9s del Ministerio de Medio Ambiente y Control del Desarrollo Sustentable a cargo [&hellip;]","og_url":"https:\/\/patagoniambiental.com.ar\/info\/buscan-cerrar-todos-los-basurales-a-cielo-abierto-en-el-hoyo\/","og_site_name":"Patagonia Ambiental","article_publisher":"https:\/\/www.facebook.com\/patagonia.ambiental","article_author":"https:\/\/www.facebook.com\/share\/1C1V8Gv9BX\/?mibextid=qi2Omg","article_published_time":"2017-04-05T12:00:22+00:00","og_image":[{"width":400,"height":225,"url":"https:\/\/patagoniambiental.com.ar\/info\/wp-content\/uploads\/2017\/04\/basurales-El-Hoyo.jpg","type":"image\/jpeg"}],"author":"Patagonia Ambiental","twitter_card":"summary_large_image","twitter_creator":"@PatAmb","twitter_site":"@PatAmb","schema":{"@context":"https:\/\/schema.org","@graph":[{"@type":"Article","@id":"https:\/\/patagoniambiental.com.ar\/info\/buscan-cerrar-todos-los-basurales-a-cielo-abierto-en-el-hoyo\/#article","isPartOf":{"@id":"https:\/\/patagoniambiental.com.ar\/info\/buscan-cerrar-todos-los-basurales-a-cielo-abierto-en-el-hoyo\/"},"author":{"name":"Patagonia Ambiental","@id":"https:\/\/patagoniambiental.com.ar\/info\/#\/schema\/person\/db12bff64bbcbf6a253710bf0ea37b5d"},"headline":"Chubut: Buscan cerrar todos los basurales a cielo abierto en El Hoyo","datePublished":"2017-04-05T12:00:22+00:00","mainEntityOfPage":{"@id":"https:\/\/patagoniambiental.com.ar\/info\/buscan-cerrar-todos-los-basurales-a-cielo-abierto-en-el-hoyo\/"},"wordCount":649,"commentCount":0,"publisher":{"@id":"https:\/\/patagoniambiental.com.ar\/info\/#organization"},"image":{"@id":"https:\/\/patagoniambiental.com.ar\/info\/buscan-cerrar-todos-los-basurales-a-cielo-abierto-en-el-hoyo\/#primaryimage"},"thumbnailUrl":"https:\/\/patagoniambiental.com.ar\/info\/wp-content\/uploads\/2017\/04\/basurales-El-Hoyo.jpg","articleSection":["Municipios","Noticias"],"inLanguage":"es","potentialAction":[{"@type":"CommentAction","name":"Comment","target":["https:\/\/patagoniambiental.com.ar\/info\/buscan-cerrar-todos-los-basurales-a-cielo-abierto-en-el-hoyo\/#respond"]}]},{"@type":"WebPage","@id":"https:\/\/patagoniambiental.com.ar\/info\/buscan-cerrar-todos-los-basurales-a-cielo-abierto-en-el-hoyo\/","url":"https:\/\/patagoniambiental.com.ar\/info\/buscan-cerrar-todos-los-basurales-a-cielo-abierto-en-el-hoyo\/","name":"Chubut: Buscan cerrar todos los basurales a cielo abierto en El Hoyo","isPartOf":{"@id":"https:\/\/patagoniambiental.com.ar\/info\/#website"},"primaryImageOfPage":{"@id":"https:\/\/patagoniambiental.com.ar\/info\/buscan-cerrar-todos-los-basurales-a-cielo-abierto-en-el-hoyo\/#primaryimage"},"image":{"@id":"https:\/\/patagoniambiental.com.ar\/info\/buscan-cerrar-todos-los-basurales-a-cielo-abierto-en-el-hoyo\/#primaryimage"},"thumbnailUrl":"https:\/\/patagoniambiental.com.ar\/info\/wp-content\/uploads\/2017\/04\/basurales-El-Hoyo.jpg","datePublished":"2017-04-05T12:00:22+00:00","breadcrumb":{"@id":"https:\/\/patagoniambiental.com.ar\/info\/buscan-cerrar-todos-los-basurales-a-cielo-abierto-en-el-hoyo\/#breadcrumb"},"inLanguage":"es","potentialAction":[{"@type":"ReadAction","target":["https:\/\/patagoniambiental.com.ar\/info\/buscan-cerrar-todos-los-basurales-a-cielo-abierto-en-el-hoyo\/"]}]},{"@type":"ImageObject","inLanguage":"es","@id":"https:\/\/patagoniambiental.com.ar\/info\/buscan-cerrar-todos-los-basurales-a-cielo-abierto-en-el-hoyo\/#primaryimage","url":"https:\/\/patagoniambiental.com.ar\/info\/wp-content\/uploads\/2017\/04\/basurales-El-Hoyo.jpg","contentUrl":"https:\/\/patagoniambiental.com.ar\/info\/wp-content\/uploads\/2017\/04\/basurales-El-Hoyo.jpg","width":400,"height":225},{"@type":"BreadcrumbList","@id":"https:\/\/patagoniambiental.com.ar\/info\/buscan-cerrar-todos-los-basurales-a-cielo-abierto-en-el-hoyo\/#breadcrumb","itemListElement":[{"@type":"ListItem","position":1,"name":"Inicio","item":"https:\/\/patagoniambiental.com.ar\/info\/"},{"@type":"ListItem","position":2,"name":"Chubut: Buscan cerrar todos los basurales a cielo abierto en El Hoyo"}]},{"@type":"WebSite","@id":"https:\/\/patagoniambiental.com.ar\/info\/#website","url":"https:\/\/patagoniambiental.com.ar\/info\/","name":"Patagonia Ambiental","description":"Monitoreo y an\u00e1lisis de la situaci\u00f3n geopol\u00edtica en el mundo y su implicancia en la Patagonia","publisher":{"@id":"https:\/\/patagoniambiental.com.ar\/info\/#organization"},"potentialAction":[{"@type":"SearchAction","target":{"@type":"EntryPoint","urlTemplate":"https:\/\/patagoniambiental.com.ar\/info\/?s={search_term_string}"},"query-input":{"@type":"PropertyValueSpecification","valueRequired":true,"valueName":"search_term_string"}}],"inLanguage":"es"},{"@type":"Organization","@id":"https:\/\/patagoniambiental.com.ar\/info\/#organization","name":"Patagonia Ambiental","url":"https:\/\/patagoniambiental.com.ar\/info\/","logo":{"@type":"ImageObject","inLanguage":"es","@id":"https:\/\/patagoniambiental.com.ar\/info\/#\/schema\/logo\/image\/","url":"https:\/\/patagoniambiental.com.ar\/info\/wp-content\/uploads\/2025\/05\/LOGO-PATAGONIA-AMBIENTAL.png","contentUrl":"https:\/\/patagoniambiental.com.ar\/info\/wp-content\/uploads\/2025\/05\/LOGO-PATAGONIA-AMBIENTAL.png","width":433,"height":250,"caption":"Patagonia Ambiental"},"image":{"@id":"https:\/\/patagoniambiental.com.ar\/info\/#\/schema\/logo\/image\/"},"sameAs":["https:\/\/www.facebook.com\/patagonia.ambiental","https:\/\/x.com\/PatAmb"]},{"@type":"Person","@id":"https:\/\/patagoniambiental.com.ar\/info\/#\/schema\/person\/db12bff64bbcbf6a253710bf0ea37b5d","name":"Patagonia Ambiental","description":"Andr\u00e9s Nievas T\u00e9cnico en manejo ambiental, consultor Ambiental y escritor para medios locales e internacionales sobre temas de geopolitica y medio ambiente.","sameAs":["http:\/\/www.patagoniambiental.com.ar","https:\/\/www.facebook.com\/share\/1C1V8Gv9BX\/?mibextid=qi2Omg","@patagoniambiental","https:\/\/youtube.com\/@patagoniaambiental2023?si=BLt58t0wuXquxlYZ"]}]}},"_links":{"self":[{"href":"https:\/\/patagoniambiental.com.ar\/info\/wp-json\/wp\/v2\/posts\/27121","targetHints":{"allow":["GET"]}}],"collection":[{"href":"https:\/\/patagoniambiental.com.ar\/info\/wp-json\/wp\/v2\/posts"}],"about":[{"href":"https:\/\/patagoniambiental.com.ar\/info\/wp-json\/wp\/v2\/types\/post"}],"author":[{"embeddable":true,"href":"https:\/\/patagoniambiental.com.ar\/info\/wp-json\/wp\/v2\/users\/2"}],"replies":[{"embeddable":true,"href":"https:\/\/patagoniambiental.com.ar\/info\/wp-json\/wp\/v2\/comments?post=27121"}],"version-history":[{"count":0,"href":"https:\/\/patagoniambiental.com.ar\/info\/wp-json\/wp\/v2\/posts\/27121\/revisions"}],"wp:featuredmedia":[{"embeddable":true,"href":"https:\/\/patagoniambiental.com.ar\/info\/wp-json\/wp\/v2\/media\/27122"}],"wp:attachment":[{"href":"https:\/\/patagoniambiental.com.ar\/info\/wp-json\/wp\/v2\/media?parent=27121"}],"wp:term":[{"taxonomy":"category","embeddable":true,"href":"https:\/\/patagoniambiental.com.ar\/info\/wp-json\/wp\/v2\/categories?post=27121"},{"taxonomy":"post_tag","embeddable":true,"href":"https:\/\/patagoniambiental.com.ar\/info\/wp-json\/wp\/v2\/tags?post=27121"}],"curies":[{"name":"wp","href":"https:\/\/api.w.org\/{rel}","templated":true}]}}