{"id":27143,"date":"2017-04-05T19:00:15","date_gmt":"2017-04-05T22:00:15","guid":{"rendered":"http:\/\/patagoniambiental.com.ar\/info\/?p=27143"},"modified":"2017-04-05T10:43:09","modified_gmt":"2017-04-05T13:43:09","slug":"malvinas-homenaje-a-los-heroes-en-ingeniero-jacobacci","status":"publish","type":"post","link":"https:\/\/patagoniambiental.com.ar\/info\/malvinas-homenaje-a-los-heroes-en-ingeniero-jacobacci\/","title":{"rendered":"MALVINAS, homenaje a los h\u00e9roes en Ingeniero Jacobacci"},"content":{"rendered":"<p>Ingeniero Jacobacci.-En el marco de los 35\u00ba a\u00f1os de la Gesta de Malvinas, se realiz\u00f3 un acto en la Plaza Primeros Pobladores, con la presencia del ex combatiente residente en Jacobacci, Jorge Wodika.<!--more--><\/p>\n<p>Participaron la Presidenta del Concejo Deliberante, Gabriela Buyayisqui, quien ofici\u00f3 de oradora, la presidenta del Tribunal de Cuentas, Felisa Rodr\u00edguez, los Concejales Claudio Amaya y Daniel Cari; los Secretarios de Gobierno y Obras P\u00fablicas, Gonzalo Adaime; de Hacienda, Gladys Gonz\u00e1lez; de Servicios P\u00fablicos, Carlos Quisle; de Prensa y Protocolo Yamila Chaina; el coordinador del programa Comedores, Ra\u00fal Alarc\u00f3n; el Jefe de Polic\u00eda Unidad II, Mario Colil; el Jefe del Cuartel de Bomberos, Paulino Mansilla; el delegado local UOCRA, Mario Pichim\u00e1n; directores y directoras de las instituciones educativas primarias, de nivel medio y terciaria que acompa\u00f1aron las banderas de ceremonia con sus respectivos abanderados y escoltas.<\/p>\n<p>Durante el acto se record\u00f3 que Argentina libr\u00f3 una sola guerra durante el siglo XX, que por entonces regia el servicio militar obligatorio y los reclutas de las clases 1962 y 1963 participaron en la Guerra de Malvinas. J\u00f3venes que en alg\u00fan momento juraron \u201cPor la Patria, por sus superiores y ante Dios defender la Bandera Argentina, incluso con la vida\u201d.<\/p>\n<p>En la rese\u00f1a se describi\u00f3 que \u201cArgentina ven\u00eda reclamando al Reino Unido la soberan\u00eda de las islas desde enero de 1833. En agosto de 1968 el Reino Unido afirm\u00f3 que reconocer\u00eda la soberan\u00eda argentina sobre las islas; y en 1971 se firm\u00f3 el convenio de comunicaciones, en 1974 la embajada de Inglaterra manifiesta la disposici\u00f3n de su pa\u00eds para compartir la soberan\u00eda, y el presidente Per\u00f3n se manifiesta a favor de esta opci\u00f3n. Pero en 1975, un informe revel\u00f3 la existencia de cuencas petrol\u00edferas en el \u00e1rea de las Malvinas, y esto produjo un cambio de actitud en Gran Breta\u00f1a, que en 1976 envi\u00f3 una misi\u00f3n de exploraci\u00f3n que provoc\u00f3 la reacci\u00f3n de la canciller\u00eda argentina. Posteriormente se produjo el retiro de embajadores. Sin avances en los caminos diplom\u00e1ticos el 1 de marzo de 1982, el gobierno militar, anuncia que \u00abmantiene el derecho a elegir el procedimiento que mejor responda a sus intereses\u00bb. El general Galtieri, designado por la junta militar de gobierno en 1981, anunci\u00f3 la ocupaci\u00f3n de las islas Malvinas, el 2 de abril de 1982\u201d, tal como reza en los informes que datan los sucesos.<\/p>\n<p>A pesar de que a lo largo de los a\u00f1os se han ido develando los verdaderos motivos que llevaron al Gobierno de Facto a tomar esta decisi\u00f3n, y de las m\u00faltiples opiniones y posturas que la Guerra de Malvinas ha generado, se destaca que se trat\u00f3 de un conflicto b\u00e9lico evitable, cuyo saldo de ca\u00eddos y ex combatientes merecen el reconocimiento como H\u00e9roes, por la haza\u00f1a extraordinaria de la que fueron protagonistas; y porque son la memoria viva de una lucha por la defensa de la soberan\u00eda Argentina sobre las Islas Malvinas que se enra\u00edza en lo entra\u00f1able de todo un pa\u00eds.<\/p>\n<p>Simb\u00f3licamente Jorge Wodika iz\u00f3 la bandera de Malvinas, mientras se entonaba la marcha. \u201cNing\u00fan suelo m\u00e1s querido de la Patria en su extensi\u00f3n\u201d; esta bandera ha viajado por el mundo y fue obsequiada por ex combatiente a un grupo de teatro, pertenece a la profesora Susana Castillo qui\u00e9n tuvo la deferencia de facilitarla para que flamease el 02 de abril en el m\u00e1stil m\u00e1s alto de la Plaza jacobacina.-<\/p>\n<p>Fuente: Municipalidad de Ingeniero Jacobacci<\/p>\n","protected":false},"excerpt":{"rendered":"<p>Ingeniero Jacobacci.-En el marco de los 35\u00ba a\u00f1os de la Gesta de Malvinas, se realiz\u00f3 un acto en la Plaza [&hellip;]<\/p>\n","protected":false},"author":2,"featured_media":27144,"comment_status":"open","ping_status":"open","sticky":false,"template":"","format":"standard","meta":{"site-sidebar-layout":"default","site-content-layout":"","ast-site-content-layout":"default","site-content-style":"default","site-sidebar-style":"default","ast-global-header-display":"","ast-banner-title-visibility":"","ast-main-header-display":"","ast-hfb-above-header-display":"","ast-hfb-below-header-display":"","ast-hfb-mobile-header-display":"","site-post-title":"","ast-breadcrumbs-content":"","ast-featured-img":"","footer-sml-layout":"","ast-disable-related-posts":"","theme-transparent-header-meta":"","adv-header-id-meta":"","stick-header-meta":"","header-above-stick-meta":"","header-main-stick-meta":"","header-below-stick-meta":"","astra-migrate-meta-layouts":"default","ast-page-background-enabled":"default","ast-page-background-meta":{"desktop":{"background-color":"var(--ast-global-color-5)","background-image":"","background-repeat":"repeat","background-position":"center center","background-size":"auto","background-attachment":"scroll","background-type":"","background-media":"","overlay-type":"","overlay-color":"","overlay-opacity":"","overlay-gradient":""},"tablet":{"background-color":"","background-image":"","background-repeat":"repeat","background-position":"center center","background-size":"auto","background-attachment":"scroll","background-type":"","background-media":"","overlay-type":"","overlay-color":"","overlay-opacity":"","overlay-gradient":""},"mobile":{"background-color":"","background-image":"","background-repeat":"repeat","background-position":"center center","background-size":"auto","background-attachment":"scroll","background-type":"","background-media":"","overlay-type":"","overlay-color":"","overlay-opacity":"","overlay-gradient":""}},"ast-content-background-meta":{"desktop":{"background-color":"var(--ast-global-color-4)","background-image":"","background-repeat":"repeat","background-position":"center center","background-size":"auto","background-attachment":"scroll","background-type":"","background-media":"","overlay-type":"","overlay-color":"","overlay-opacity":"","overlay-gradient":""},"tablet":{"background-color":"var(--ast-global-color-4)","background-image":"","background-repeat":"repeat","background-position":"center center","background-size":"auto","background-attachment":"scroll","background-type":"","background-media":"","overlay-type":"","overlay-color":"","overlay-opacity":"","overlay-gradient":""},"mobile":{"background-color":"var(--ast-global-color-4)","background-image":"","background-repeat":"repeat","background-position":"center center","background-size":"auto","background-attachment":"scroll","background-type":"","background-media":"","overlay-type":"","overlay-color":"","overlay-opacity":"","overlay-gradient":""}},"footnotes":""},"categories":[16,1],"tags":[],"class_list":["post-27143","post","type-post","status-publish","format-standard","has-post-thumbnail","hentry","category-municipales","category-noticias"],"yoast_head":"<!-- This site is optimized with the Yoast SEO Premium plugin v23.0 (Yoast SEO v27.4) - https:\/\/yoast.com\/product\/yoast-seo-premium-wordpress\/ -->\n<title>MALVINAS, homenaje a los h\u00e9roes en Ingeniero Jacobacci<\/title>\n<meta name=\"robots\" content=\"index, follow, max-snippet:-1, max-image-preview:large, max-video-preview:-1\" \/>\n<link rel=\"canonical\" href=\"https:\/\/patagoniambiental.com.ar\/info\/malvinas-homenaje-a-los-heroes-en-ingeniero-jacobacci\/\" \/>\n<meta property=\"og:locale\" content=\"es_ES\" \/>\n<meta property=\"og:type\" content=\"article\" \/>\n<meta property=\"og:title\" content=\"MALVINAS, homenaje a los h\u00e9roes en Ingeniero Jacobacci\" \/>\n<meta property=\"og:description\" content=\"Ingeniero Jacobacci.-En el marco de los 35\u00ba a\u00f1os de la Gesta de Malvinas, se realiz\u00f3 un acto en la Plaza [&hellip;]\" \/>\n<meta property=\"og:url\" content=\"https:\/\/patagoniambiental.com.ar\/info\/malvinas-homenaje-a-los-heroes-en-ingeniero-jacobacci\/\" \/>\n<meta property=\"og:site_name\" content=\"Patagonia Ambiental\" \/>\n<meta property=\"article:publisher\" content=\"https:\/\/www.facebook.com\/patagonia.ambiental\" \/>\n<meta property=\"article:author\" content=\"https:\/\/www.facebook.com\/share\/1C1V8Gv9BX\/?mibextid=qi2Omg\" \/>\n<meta property=\"article:published_time\" content=\"2017-04-05T22:00:15+00:00\" \/>\n<meta property=\"og:image\" content=\"https:\/\/patagoniambiental.com.ar\/info\/wp-content\/uploads\/2017\/04\/thumbnail_malvinas-2.jpg\" \/>\n\t<meta property=\"og:image:width\" content=\"960\" \/>\n\t<meta property=\"og:image:height\" content=\"584\" \/>\n\t<meta property=\"og:image:type\" content=\"image\/jpeg\" \/>\n<meta name=\"author\" content=\"Patagonia Ambiental\" \/>\n<meta name=\"twitter:card\" content=\"summary_large_image\" \/>\n<meta name=\"twitter:creator\" content=\"@PatAmb\" \/>\n<meta name=\"twitter:site\" content=\"@PatAmb\" \/>\n<script type=\"application\/ld+json\" class=\"yoast-schema-graph\">{\"@context\":\"https:\\\/\\\/schema.org\",\"@graph\":[{\"@type\":\"Article\",\"@id\":\"https:\\\/\\\/patagoniambiental.com.ar\\\/info\\\/malvinas-homenaje-a-los-heroes-en-ingeniero-jacobacci\\\/#article\",\"isPartOf\":{\"@id\":\"https:\\\/\\\/patagoniambiental.com.ar\\\/info\\\/malvinas-homenaje-a-los-heroes-en-ingeniero-jacobacci\\\/\"},\"author\":{\"name\":\"Patagonia Ambiental\",\"@id\":\"https:\\\/\\\/patagoniambiental.com.ar\\\/info\\\/#\\\/schema\\\/person\\\/db12bff64bbcbf6a253710bf0ea37b5d\"},\"headline\":\"MALVINAS, homenaje a los h\u00e9roes en Ingeniero Jacobacci\",\"datePublished\":\"2017-04-05T22:00:15+00:00\",\"mainEntityOfPage\":{\"@id\":\"https:\\\/\\\/patagoniambiental.com.ar\\\/info\\\/malvinas-homenaje-a-los-heroes-en-ingeniero-jacobacci\\\/\"},\"wordCount\":607,\"commentCount\":0,\"publisher\":{\"@id\":\"https:\\\/\\\/patagoniambiental.com.ar\\\/info\\\/#organization\"},\"image\":{\"@id\":\"https:\\\/\\\/patagoniambiental.com.ar\\\/info\\\/malvinas-homenaje-a-los-heroes-en-ingeniero-jacobacci\\\/#primaryimage\"},\"thumbnailUrl\":\"https:\\\/\\\/patagoniambiental.com.ar\\\/info\\\/wp-content\\\/uploads\\\/2017\\\/04\\\/thumbnail_malvinas-2.jpg\",\"articleSection\":[\"Municipales\",\"Noticias\"],\"inLanguage\":\"es\",\"potentialAction\":[{\"@type\":\"CommentAction\",\"name\":\"Comment\",\"target\":[\"https:\\\/\\\/patagoniambiental.com.ar\\\/info\\\/malvinas-homenaje-a-los-heroes-en-ingeniero-jacobacci\\\/#respond\"]}]},{\"@type\":\"WebPage\",\"@id\":\"https:\\\/\\\/patagoniambiental.com.ar\\\/info\\\/malvinas-homenaje-a-los-heroes-en-ingeniero-jacobacci\\\/\",\"url\":\"https:\\\/\\\/patagoniambiental.com.ar\\\/info\\\/malvinas-homenaje-a-los-heroes-en-ingeniero-jacobacci\\\/\",\"name\":\"MALVINAS, homenaje a los h\u00e9roes en Ingeniero Jacobacci\",\"isPartOf\":{\"@id\":\"https:\\\/\\\/patagoniambiental.com.ar\\\/info\\\/#website\"},\"primaryImageOfPage\":{\"@id\":\"https:\\\/\\\/patagoniambiental.com.ar\\\/info\\\/malvinas-homenaje-a-los-heroes-en-ingeniero-jacobacci\\\/#primaryimage\"},\"image\":{\"@id\":\"https:\\\/\\\/patagoniambiental.com.ar\\\/info\\\/malvinas-homenaje-a-los-heroes-en-ingeniero-jacobacci\\\/#primaryimage\"},\"thumbnailUrl\":\"https:\\\/\\\/patagoniambiental.com.ar\\\/info\\\/wp-content\\\/uploads\\\/2017\\\/04\\\/thumbnail_malvinas-2.jpg\",\"datePublished\":\"2017-04-05T22:00:15+00:00\",\"breadcrumb\":{\"@id\":\"https:\\\/\\\/patagoniambiental.com.ar\\\/info\\\/malvinas-homenaje-a-los-heroes-en-ingeniero-jacobacci\\\/#breadcrumb\"},\"inLanguage\":\"es\",\"potentialAction\":[{\"@type\":\"ReadAction\",\"target\":[\"https:\\\/\\\/patagoniambiental.com.ar\\\/info\\\/malvinas-homenaje-a-los-heroes-en-ingeniero-jacobacci\\\/\"]}]},{\"@type\":\"ImageObject\",\"inLanguage\":\"es\",\"@id\":\"https:\\\/\\\/patagoniambiental.com.ar\\\/info\\\/malvinas-homenaje-a-los-heroes-en-ingeniero-jacobacci\\\/#primaryimage\",\"url\":\"https:\\\/\\\/patagoniambiental.com.ar\\\/info\\\/wp-content\\\/uploads\\\/2017\\\/04\\\/thumbnail_malvinas-2.jpg\",\"contentUrl\":\"https:\\\/\\\/patagoniambiental.com.ar\\\/info\\\/wp-content\\\/uploads\\\/2017\\\/04\\\/thumbnail_malvinas-2.jpg\",\"width\":960,\"height\":584},{\"@type\":\"BreadcrumbList\",\"@id\":\"https:\\\/\\\/patagoniambiental.com.ar\\\/info\\\/malvinas-homenaje-a-los-heroes-en-ingeniero-jacobacci\\\/#breadcrumb\",\"itemListElement\":[{\"@type\":\"ListItem\",\"position\":1,\"name\":\"Inicio\",\"item\":\"https:\\\/\\\/patagoniambiental.com.ar\\\/info\\\/\"},{\"@type\":\"ListItem\",\"position\":2,\"name\":\"MALVINAS, homenaje a los h\u00e9roes en Ingeniero Jacobacci\"}]},{\"@type\":\"WebSite\",\"@id\":\"https:\\\/\\\/patagoniambiental.com.ar\\\/info\\\/#website\",\"url\":\"https:\\\/\\\/patagoniambiental.com.ar\\\/info\\\/\",\"name\":\"Patagonia Ambiental\",\"description\":\"Monitoreo y an\u00e1lisis de la situaci\u00f3n geopol\u00edtica en el mundo y su implicancia en la Patagonia\",\"publisher\":{\"@id\":\"https:\\\/\\\/patagoniambiental.com.ar\\\/info\\\/#organization\"},\"potentialAction\":[{\"@type\":\"SearchAction\",\"target\":{\"@type\":\"EntryPoint\",\"urlTemplate\":\"https:\\\/\\\/patagoniambiental.com.ar\\\/info\\\/?s={search_term_string}\"},\"query-input\":{\"@type\":\"PropertyValueSpecification\",\"valueRequired\":true,\"valueName\":\"search_term_string\"}}],\"inLanguage\":\"es\"},{\"@type\":\"Organization\",\"@id\":\"https:\\\/\\\/patagoniambiental.com.ar\\\/info\\\/#organization\",\"name\":\"Patagonia Ambiental\",\"url\":\"https:\\\/\\\/patagoniambiental.com.ar\\\/info\\\/\",\"logo\":{\"@type\":\"ImageObject\",\"inLanguage\":\"es\",\"@id\":\"https:\\\/\\\/patagoniambiental.com.ar\\\/info\\\/#\\\/schema\\\/logo\\\/image\\\/\",\"url\":\"https:\\\/\\\/patagoniambiental.com.ar\\\/info\\\/wp-content\\\/uploads\\\/2025\\\/05\\\/LOGO-PATAGONIA-AMBIENTAL.png\",\"contentUrl\":\"https:\\\/\\\/patagoniambiental.com.ar\\\/info\\\/wp-content\\\/uploads\\\/2025\\\/05\\\/LOGO-PATAGONIA-AMBIENTAL.png\",\"width\":433,\"height\":250,\"caption\":\"Patagonia Ambiental\"},\"image\":{\"@id\":\"https:\\\/\\\/patagoniambiental.com.ar\\\/info\\\/#\\\/schema\\\/logo\\\/image\\\/\"},\"sameAs\":[\"https:\\\/\\\/www.facebook.com\\\/patagonia.ambiental\",\"https:\\\/\\\/x.com\\\/PatAmb\"]},{\"@type\":\"Person\",\"@id\":\"https:\\\/\\\/patagoniambiental.com.ar\\\/info\\\/#\\\/schema\\\/person\\\/db12bff64bbcbf6a253710bf0ea37b5d\",\"name\":\"Patagonia Ambiental\",\"description\":\"Andr\u00e9s Nievas T\u00e9cnico en manejo ambiental, consultor Ambiental y escritor para medios locales e internacionales sobre temas de geopolitica y medio ambiente.\",\"sameAs\":[\"http:\\\/\\\/www.patagoniambiental.com.ar\",\"https:\\\/\\\/www.facebook.com\\\/share\\\/1C1V8Gv9BX\\\/?mibextid=qi2Omg\",\"@patagoniambiental\",\"https:\\\/\\\/youtube.com\\\/@patagoniaambiental2023?si=BLt58t0wuXquxlYZ\"]}]}<\/script>\n<!-- \/ Yoast SEO Premium plugin. -->","yoast_head_json":{"title":"MALVINAS, homenaje a los h\u00e9roes en Ingeniero Jacobacci","robots":{"index":"index","follow":"follow","max-snippet":"max-snippet:-1","max-image-preview":"max-image-preview:large","max-video-preview":"max-video-preview:-1"},"canonical":"https:\/\/patagoniambiental.com.ar\/info\/malvinas-homenaje-a-los-heroes-en-ingeniero-jacobacci\/","og_locale":"es_ES","og_type":"article","og_title":"MALVINAS, homenaje a los h\u00e9roes en Ingeniero Jacobacci","og_description":"Ingeniero Jacobacci.-En el marco de los 35\u00ba a\u00f1os de la Gesta de Malvinas, se realiz\u00f3 un acto en la Plaza [&hellip;]","og_url":"https:\/\/patagoniambiental.com.ar\/info\/malvinas-homenaje-a-los-heroes-en-ingeniero-jacobacci\/","og_site_name":"Patagonia Ambiental","article_publisher":"https:\/\/www.facebook.com\/patagonia.ambiental","article_author":"https:\/\/www.facebook.com\/share\/1C1V8Gv9BX\/?mibextid=qi2Omg","article_published_time":"2017-04-05T22:00:15+00:00","og_image":[{"width":960,"height":584,"url":"https:\/\/patagoniambiental.com.ar\/info\/wp-content\/uploads\/2017\/04\/thumbnail_malvinas-2.jpg","type":"image\/jpeg"}],"author":"Patagonia Ambiental","twitter_card":"summary_large_image","twitter_creator":"@PatAmb","twitter_site":"@PatAmb","schema":{"@context":"https:\/\/schema.org","@graph":[{"@type":"Article","@id":"https:\/\/patagoniambiental.com.ar\/info\/malvinas-homenaje-a-los-heroes-en-ingeniero-jacobacci\/#article","isPartOf":{"@id":"https:\/\/patagoniambiental.com.ar\/info\/malvinas-homenaje-a-los-heroes-en-ingeniero-jacobacci\/"},"author":{"name":"Patagonia Ambiental","@id":"https:\/\/patagoniambiental.com.ar\/info\/#\/schema\/person\/db12bff64bbcbf6a253710bf0ea37b5d"},"headline":"MALVINAS, homenaje a los h\u00e9roes en Ingeniero Jacobacci","datePublished":"2017-04-05T22:00:15+00:00","mainEntityOfPage":{"@id":"https:\/\/patagoniambiental.com.ar\/info\/malvinas-homenaje-a-los-heroes-en-ingeniero-jacobacci\/"},"wordCount":607,"commentCount":0,"publisher":{"@id":"https:\/\/patagoniambiental.com.ar\/info\/#organization"},"image":{"@id":"https:\/\/patagoniambiental.com.ar\/info\/malvinas-homenaje-a-los-heroes-en-ingeniero-jacobacci\/#primaryimage"},"thumbnailUrl":"https:\/\/patagoniambiental.com.ar\/info\/wp-content\/uploads\/2017\/04\/thumbnail_malvinas-2.jpg","articleSection":["Municipales","Noticias"],"inLanguage":"es","potentialAction":[{"@type":"CommentAction","name":"Comment","target":["https:\/\/patagoniambiental.com.ar\/info\/malvinas-homenaje-a-los-heroes-en-ingeniero-jacobacci\/#respond"]}]},{"@type":"WebPage","@id":"https:\/\/patagoniambiental.com.ar\/info\/malvinas-homenaje-a-los-heroes-en-ingeniero-jacobacci\/","url":"https:\/\/patagoniambiental.com.ar\/info\/malvinas-homenaje-a-los-heroes-en-ingeniero-jacobacci\/","name":"MALVINAS, homenaje a los h\u00e9roes en Ingeniero Jacobacci","isPartOf":{"@id":"https:\/\/patagoniambiental.com.ar\/info\/#website"},"primaryImageOfPage":{"@id":"https:\/\/patagoniambiental.com.ar\/info\/malvinas-homenaje-a-los-heroes-en-ingeniero-jacobacci\/#primaryimage"},"image":{"@id":"https:\/\/patagoniambiental.com.ar\/info\/malvinas-homenaje-a-los-heroes-en-ingeniero-jacobacci\/#primaryimage"},"thumbnailUrl":"https:\/\/patagoniambiental.com.ar\/info\/wp-content\/uploads\/2017\/04\/thumbnail_malvinas-2.jpg","datePublished":"2017-04-05T22:00:15+00:00","breadcrumb":{"@id":"https:\/\/patagoniambiental.com.ar\/info\/malvinas-homenaje-a-los-heroes-en-ingeniero-jacobacci\/#breadcrumb"},"inLanguage":"es","potentialAction":[{"@type":"ReadAction","target":["https:\/\/patagoniambiental.com.ar\/info\/malvinas-homenaje-a-los-heroes-en-ingeniero-jacobacci\/"]}]},{"@type":"ImageObject","inLanguage":"es","@id":"https:\/\/patagoniambiental.com.ar\/info\/malvinas-homenaje-a-los-heroes-en-ingeniero-jacobacci\/#primaryimage","url":"https:\/\/patagoniambiental.com.ar\/info\/wp-content\/uploads\/2017\/04\/thumbnail_malvinas-2.jpg","contentUrl":"https:\/\/patagoniambiental.com.ar\/info\/wp-content\/uploads\/2017\/04\/thumbnail_malvinas-2.jpg","width":960,"height":584},{"@type":"BreadcrumbList","@id":"https:\/\/patagoniambiental.com.ar\/info\/malvinas-homenaje-a-los-heroes-en-ingeniero-jacobacci\/#breadcrumb","itemListElement":[{"@type":"ListItem","position":1,"name":"Inicio","item":"https:\/\/patagoniambiental.com.ar\/info\/"},{"@type":"ListItem","position":2,"name":"MALVINAS, homenaje a los h\u00e9roes en Ingeniero Jacobacci"}]},{"@type":"WebSite","@id":"https:\/\/patagoniambiental.com.ar\/info\/#website","url":"https:\/\/patagoniambiental.com.ar\/info\/","name":"Patagonia Ambiental","description":"Monitoreo y an\u00e1lisis de la situaci\u00f3n geopol\u00edtica en el mundo y su implicancia en la Patagonia","publisher":{"@id":"https:\/\/patagoniambiental.com.ar\/info\/#organization"},"potentialAction":[{"@type":"SearchAction","target":{"@type":"EntryPoint","urlTemplate":"https:\/\/patagoniambiental.com.ar\/info\/?s={search_term_string}"},"query-input":{"@type":"PropertyValueSpecification","valueRequired":true,"valueName":"search_term_string"}}],"inLanguage":"es"},{"@type":"Organization","@id":"https:\/\/patagoniambiental.com.ar\/info\/#organization","name":"Patagonia Ambiental","url":"https:\/\/patagoniambiental.com.ar\/info\/","logo":{"@type":"ImageObject","inLanguage":"es","@id":"https:\/\/patagoniambiental.com.ar\/info\/#\/schema\/logo\/image\/","url":"https:\/\/patagoniambiental.com.ar\/info\/wp-content\/uploads\/2025\/05\/LOGO-PATAGONIA-AMBIENTAL.png","contentUrl":"https:\/\/patagoniambiental.com.ar\/info\/wp-content\/uploads\/2025\/05\/LOGO-PATAGONIA-AMBIENTAL.png","width":433,"height":250,"caption":"Patagonia Ambiental"},"image":{"@id":"https:\/\/patagoniambiental.com.ar\/info\/#\/schema\/logo\/image\/"},"sameAs":["https:\/\/www.facebook.com\/patagonia.ambiental","https:\/\/x.com\/PatAmb"]},{"@type":"Person","@id":"https:\/\/patagoniambiental.com.ar\/info\/#\/schema\/person\/db12bff64bbcbf6a253710bf0ea37b5d","name":"Patagonia Ambiental","description":"Andr\u00e9s Nievas T\u00e9cnico en manejo ambiental, consultor Ambiental y escritor para medios locales e internacionales sobre temas de geopolitica y medio ambiente.","sameAs":["http:\/\/www.patagoniambiental.com.ar","https:\/\/www.facebook.com\/share\/1C1V8Gv9BX\/?mibextid=qi2Omg","@patagoniambiental","https:\/\/youtube.com\/@patagoniaambiental2023?si=BLt58t0wuXquxlYZ"]}]}},"_links":{"self":[{"href":"https:\/\/patagoniambiental.com.ar\/info\/wp-json\/wp\/v2\/posts\/27143","targetHints":{"allow":["GET"]}}],"collection":[{"href":"https:\/\/patagoniambiental.com.ar\/info\/wp-json\/wp\/v2\/posts"}],"about":[{"href":"https:\/\/patagoniambiental.com.ar\/info\/wp-json\/wp\/v2\/types\/post"}],"author":[{"embeddable":true,"href":"https:\/\/patagoniambiental.com.ar\/info\/wp-json\/wp\/v2\/users\/2"}],"replies":[{"embeddable":true,"href":"https:\/\/patagoniambiental.com.ar\/info\/wp-json\/wp\/v2\/comments?post=27143"}],"version-history":[{"count":0,"href":"https:\/\/patagoniambiental.com.ar\/info\/wp-json\/wp\/v2\/posts\/27143\/revisions"}],"wp:featuredmedia":[{"embeddable":true,"href":"https:\/\/patagoniambiental.com.ar\/info\/wp-json\/wp\/v2\/media\/27144"}],"wp:attachment":[{"href":"https:\/\/patagoniambiental.com.ar\/info\/wp-json\/wp\/v2\/media?parent=27143"}],"wp:term":[{"taxonomy":"category","embeddable":true,"href":"https:\/\/patagoniambiental.com.ar\/info\/wp-json\/wp\/v2\/categories?post=27143"},{"taxonomy":"post_tag","embeddable":true,"href":"https:\/\/patagoniambiental.com.ar\/info\/wp-json\/wp\/v2\/tags?post=27143"}],"curies":[{"name":"wp","href":"https:\/\/api.w.org\/{rel}","templated":true}]}}