{"id":27179,"date":"2017-04-06T09:00:12","date_gmt":"2017-04-06T12:00:12","guid":{"rendered":"http:\/\/patagoniambiental.com.ar\/info\/?p=27179"},"modified":"2017-04-06T08:38:59","modified_gmt":"2017-04-06T11:38:59","slug":"junto-a-autoridades-de-opds-patagones-avanza-en-la-implementacion-de-politicas-ambientales","status":"publish","type":"post","link":"https:\/\/patagoniambiental.com.ar\/info\/junto-a-autoridades-de-opds-patagones-avanza-en-la-implementacion-de-politicas-ambientales\/","title":{"rendered":"Junto a autoridades de OPDS, Patagones avanza en la implementaci\u00f3n de pol\u00edticas ambientales"},"content":{"rendered":"<p>Patagones.-El Intendente de Patagones, Ing. Jos\u00e9 Luis Zara; recibi\u00f3 al Director Ejecutivo, Ricardo Pagola, y al coordinador de Desarrollo Sostenible del organismo ambiental bonaerense -OPDS-, N\u00e9stor Gil Conners.<br \/>\n<!--more--><\/p>\n<p class=\"x_gmail-xxm-964199242237536910gmail-xxmsonormal\">En el encuentro se abordaron diversos temas, entre ellos la profundizaci\u00f3n\u00a0de\u00a0la reglamentaci\u00f3n de la Ley Nacional de Bosques Nativos y su implementaci\u00f3n en\u00a0Patagones.<\/p>\n<p class=\"x_gmail-xxm-964199242237536910gmail-xxmsonormal\">\n<p class=\"x_gmail-xmsonormal\">En este marco, se analizaron aspectos referidos a la extracci\u00f3n de le\u00f1a durante el presente a\u00f1o, reconociendo que Patagones tendr\u00e1 en consideraci\u00f3n situaciones en las que el monte ha sido intervenido, o amerite serlo, debido a la incidencia de factores clim\u00e1ticos sobre el recurso.<\/p>\n<p class=\"x_gmail-xmsonormal\">\n<p class=\"x_gmail-xmsonormal\">De esta forma, en pos de llegar a una reglamentaci\u00f3n acorde a la realidad del partido, se realizar\u00e1n, en las pr\u00f3ximas semanas, encuentros bajo la modalidad de taller con distintos actores e instituciones de Patagones, que tengan injerencia en el manejo del monte.<\/p>\n<p class=\"x_gmail-xmsonormal\">\n<p class=\"x_gmail-xmsonormal\">\u00abEn el encuentro se abord\u00f3, adem\u00e1s,\u00a0la importancia en que la provincia de Buenos Aires se involucre en la legislaci\u00f3n sobre el estuario del r\u00edo Negro, ya que comparten el recurso con la provincia vecina\u00bb, sostuvo Agustina Sald\u00edas, directora de Producci\u00f3n de Patagones.<\/p>\n<p class=\"x_gmail-xmsonormal\">\n<p class=\"x_gmail-xmsonormal\">En otra instancia, se trat\u00f3 la revalorizaci\u00f3n\u00a0Bah\u00eda San Blas como \u00e1rea natural protegida, destacando el incremento de visitantes y su\u00a0diversidad, lo que pone de manifiesto la necesidad de m\u00e1s y mejores productos para los turistas, que visitan la villa tur\u00edstica.<\/p>\n<p class=\"x_gmail-xmsonormal\">\n<p class=\"x_gmail-xmsonormal\">Finalmente el jefe comunal le inform\u00f3 a la autoridad ambiental de la provincia, las acciones realizadas en pos de la sanidad del r\u00edo.<\/p>\n<p class=\"x_gmail-xmsonormal\">\n<p class=\"x_gmail-xmsonormal\">Asimismo, les solicit\u00f3 \u00a0el acompa\u00f1amiento para futuras intervenciones que garanticen la sanidad del r\u00edo.<\/p>\n<p class=\"x_gmail-xmsonormal\">\n<div>Acompa\u00f1aron el encuentro, el Secretario de Hacienda, Ricardo Teller\u00eda; de Obras y Servicios P\u00fablicos, Jorge Isaac; la Presidente del HCD, Mar\u00eda Ciccone y Sald\u00edas.<\/div>\n<div><\/div>\n<div><\/div>\n<div>\n<div class=\"x_gmail_signature\">\n<div dir=\"ltr\">\n<div dir=\"ltr\">\n<div dir=\"ltr\">\n<div dir=\"ltr\">\n<div dir=\"ltr\">\n<div><span style=\"font-size: small;\">\u00a0<\/span><\/div>\n<\/div>\n<\/div>\n<\/div>\n<\/div>\n<\/div>\n<\/div>\n<\/div>\n<div><span style=\"font-size: small;\">Fuente:\u00a0<\/span><b><span style=\"font-size: small;\">MUNICIPALIDAD DE PATAGONES<\/span><\/b><\/div>\n","protected":false},"excerpt":{"rendered":"<p>Patagones.-El Intendente de Patagones, Ing. Jos\u00e9 Luis Zara; recibi\u00f3 al Director Ejecutivo, Ricardo Pagola, y al coordinador de Desarrollo Sostenible [&hellip;]<\/p>\n","protected":false},"author":2,"featured_media":27180,"comment_status":"open","ping_status":"open","sticky":false,"template":"","format":"standard","meta":{"site-sidebar-layout":"default","site-content-layout":"","ast-site-content-layout":"default","site-content-style":"default","site-sidebar-style":"default","ast-global-header-display":"","ast-banner-title-visibility":"","ast-main-header-display":"","ast-hfb-above-header-display":"","ast-hfb-below-header-display":"","ast-hfb-mobile-header-display":"","site-post-title":"","ast-breadcrumbs-content":"","ast-featured-img":"","footer-sml-layout":"","ast-disable-related-posts":"","theme-transparent-header-meta":"","adv-header-id-meta":"","stick-header-meta":"","header-above-stick-meta":"","header-main-stick-meta":"","header-below-stick-meta":"","astra-migrate-meta-layouts":"default","ast-page-background-enabled":"default","ast-page-background-meta":{"desktop":{"background-color":"var(--ast-global-color-5)","background-image":"","background-repeat":"repeat","background-position":"center center","background-size":"auto","background-attachment":"scroll","background-type":"","background-media":"","overlay-type":"","overlay-color":"","overlay-opacity":"","overlay-gradient":""},"tablet":{"background-color":"","background-image":"","background-repeat":"repeat","background-position":"center center","background-size":"auto","background-attachment":"scroll","background-type":"","background-media":"","overlay-type":"","overlay-color":"","overlay-opacity":"","overlay-gradient":""},"mobile":{"background-color":"","background-image":"","background-repeat":"repeat","background-position":"center center","background-size":"auto","background-attachment":"scroll","background-type":"","background-media":"","overlay-type":"","overlay-color":"","overlay-opacity":"","overlay-gradient":""}},"ast-content-background-meta":{"desktop":{"background-color":"var(--ast-global-color-4)","background-image":"","background-repeat":"repeat","background-position":"center center","background-size":"auto","background-attachment":"scroll","background-type":"","background-media":"","overlay-type":"","overlay-color":"","overlay-opacity":"","overlay-gradient":""},"tablet":{"background-color":"var(--ast-global-color-4)","background-image":"","background-repeat":"repeat","background-position":"center center","background-size":"auto","background-attachment":"scroll","background-type":"","background-media":"","overlay-type":"","overlay-color":"","overlay-opacity":"","overlay-gradient":""},"mobile":{"background-color":"var(--ast-global-color-4)","background-image":"","background-repeat":"repeat","background-position":"center center","background-size":"auto","background-attachment":"scroll","background-type":"","background-media":"","overlay-type":"","overlay-color":"","overlay-opacity":"","overlay-gradient":""}},"footnotes":""},"categories":[16,1],"tags":[],"class_list":["post-27179","post","type-post","status-publish","format-standard","has-post-thumbnail","hentry","category-municipales","category-noticias"],"yoast_head":"<!-- This site is optimized with the Yoast SEO Premium plugin v23.0 (Yoast SEO v27.4) - https:\/\/yoast.com\/product\/yoast-seo-premium-wordpress\/ -->\n<title>Junto a autoridades de OPDS, Patagones avanza en la implementaci\u00f3n de pol\u00edticas ambientales<\/title>\n<meta name=\"robots\" content=\"index, follow, max-snippet:-1, max-image-preview:large, max-video-preview:-1\" \/>\n<link rel=\"canonical\" href=\"https:\/\/patagoniambiental.com.ar\/info\/junto-a-autoridades-de-opds-patagones-avanza-en-la-implementacion-de-politicas-ambientales\/\" \/>\n<meta property=\"og:locale\" content=\"es_ES\" \/>\n<meta property=\"og:type\" content=\"article\" \/>\n<meta property=\"og:title\" content=\"Junto a autoridades de OPDS, Patagones avanza en la implementaci\u00f3n de pol\u00edticas ambientales\" \/>\n<meta property=\"og:description\" content=\"Patagones.-El Intendente de Patagones, Ing. Jos\u00e9 Luis Zara; recibi\u00f3 al Director Ejecutivo, Ricardo Pagola, y al coordinador de Desarrollo Sostenible [&hellip;]\" \/>\n<meta property=\"og:url\" content=\"https:\/\/patagoniambiental.com.ar\/info\/junto-a-autoridades-de-opds-patagones-avanza-en-la-implementacion-de-politicas-ambientales\/\" \/>\n<meta property=\"og:site_name\" content=\"Patagonia Ambiental\" \/>\n<meta property=\"article:publisher\" content=\"https:\/\/www.facebook.com\/patagonia.ambiental\" \/>\n<meta property=\"article:author\" content=\"https:\/\/www.facebook.com\/share\/1C1V8Gv9BX\/?mibextid=qi2Omg\" \/>\n<meta property=\"article:published_time\" content=\"2017-04-06T12:00:12+00:00\" \/>\n<meta property=\"og:image\" content=\"https:\/\/patagoniambiental.com.ar\/info\/wp-content\/uploads\/2017\/04\/thumbnail_DSC_0158.jpg\" \/>\n\t<meta property=\"og:image:width\" content=\"1280\" \/>\n\t<meta property=\"og:image:height\" content=\"749\" \/>\n\t<meta property=\"og:image:type\" content=\"image\/jpeg\" \/>\n<meta name=\"author\" content=\"Patagonia Ambiental\" \/>\n<meta name=\"twitter:card\" content=\"summary_large_image\" \/>\n<meta name=\"twitter:creator\" content=\"@PatAmb\" \/>\n<meta name=\"twitter:site\" content=\"@PatAmb\" \/>\n<script type=\"application\/ld+json\" class=\"yoast-schema-graph\">{\"@context\":\"https:\\\/\\\/schema.org\",\"@graph\":[{\"@type\":\"Article\",\"@id\":\"https:\\\/\\\/patagoniambiental.com.ar\\\/info\\\/junto-a-autoridades-de-opds-patagones-avanza-en-la-implementacion-de-politicas-ambientales\\\/#article\",\"isPartOf\":{\"@id\":\"https:\\\/\\\/patagoniambiental.com.ar\\\/info\\\/junto-a-autoridades-de-opds-patagones-avanza-en-la-implementacion-de-politicas-ambientales\\\/\"},\"author\":{\"name\":\"Patagonia Ambiental\",\"@id\":\"https:\\\/\\\/patagoniambiental.com.ar\\\/info\\\/#\\\/schema\\\/person\\\/db12bff64bbcbf6a253710bf0ea37b5d\"},\"headline\":\"Junto a autoridades de OPDS, Patagones avanza en la implementaci\u00f3n de pol\u00edticas ambientales\",\"datePublished\":\"2017-04-06T12:00:12+00:00\",\"mainEntityOfPage\":{\"@id\":\"https:\\\/\\\/patagoniambiental.com.ar\\\/info\\\/junto-a-autoridades-de-opds-patagones-avanza-en-la-implementacion-de-politicas-ambientales\\\/\"},\"wordCount\":336,\"commentCount\":0,\"publisher\":{\"@id\":\"https:\\\/\\\/patagoniambiental.com.ar\\\/info\\\/#organization\"},\"image\":{\"@id\":\"https:\\\/\\\/patagoniambiental.com.ar\\\/info\\\/junto-a-autoridades-de-opds-patagones-avanza-en-la-implementacion-de-politicas-ambientales\\\/#primaryimage\"},\"thumbnailUrl\":\"https:\\\/\\\/patagoniambiental.com.ar\\\/info\\\/wp-content\\\/uploads\\\/2017\\\/04\\\/thumbnail_DSC_0158.jpg\",\"articleSection\":[\"Municipales\",\"Noticias\"],\"inLanguage\":\"es\",\"potentialAction\":[{\"@type\":\"CommentAction\",\"name\":\"Comment\",\"target\":[\"https:\\\/\\\/patagoniambiental.com.ar\\\/info\\\/junto-a-autoridades-de-opds-patagones-avanza-en-la-implementacion-de-politicas-ambientales\\\/#respond\"]}]},{\"@type\":\"WebPage\",\"@id\":\"https:\\\/\\\/patagoniambiental.com.ar\\\/info\\\/junto-a-autoridades-de-opds-patagones-avanza-en-la-implementacion-de-politicas-ambientales\\\/\",\"url\":\"https:\\\/\\\/patagoniambiental.com.ar\\\/info\\\/junto-a-autoridades-de-opds-patagones-avanza-en-la-implementacion-de-politicas-ambientales\\\/\",\"name\":\"Junto a autoridades de OPDS, Patagones avanza en la implementaci\u00f3n de pol\u00edticas ambientales\",\"isPartOf\":{\"@id\":\"https:\\\/\\\/patagoniambiental.com.ar\\\/info\\\/#website\"},\"primaryImageOfPage\":{\"@id\":\"https:\\\/\\\/patagoniambiental.com.ar\\\/info\\\/junto-a-autoridades-de-opds-patagones-avanza-en-la-implementacion-de-politicas-ambientales\\\/#primaryimage\"},\"image\":{\"@id\":\"https:\\\/\\\/patagoniambiental.com.ar\\\/info\\\/junto-a-autoridades-de-opds-patagones-avanza-en-la-implementacion-de-politicas-ambientales\\\/#primaryimage\"},\"thumbnailUrl\":\"https:\\\/\\\/patagoniambiental.com.ar\\\/info\\\/wp-content\\\/uploads\\\/2017\\\/04\\\/thumbnail_DSC_0158.jpg\",\"datePublished\":\"2017-04-06T12:00:12+00:00\",\"breadcrumb\":{\"@id\":\"https:\\\/\\\/patagoniambiental.com.ar\\\/info\\\/junto-a-autoridades-de-opds-patagones-avanza-en-la-implementacion-de-politicas-ambientales\\\/#breadcrumb\"},\"inLanguage\":\"es\",\"potentialAction\":[{\"@type\":\"ReadAction\",\"target\":[\"https:\\\/\\\/patagoniambiental.com.ar\\\/info\\\/junto-a-autoridades-de-opds-patagones-avanza-en-la-implementacion-de-politicas-ambientales\\\/\"]}]},{\"@type\":\"ImageObject\",\"inLanguage\":\"es\",\"@id\":\"https:\\\/\\\/patagoniambiental.com.ar\\\/info\\\/junto-a-autoridades-de-opds-patagones-avanza-en-la-implementacion-de-politicas-ambientales\\\/#primaryimage\",\"url\":\"https:\\\/\\\/patagoniambiental.com.ar\\\/info\\\/wp-content\\\/uploads\\\/2017\\\/04\\\/thumbnail_DSC_0158.jpg\",\"contentUrl\":\"https:\\\/\\\/patagoniambiental.com.ar\\\/info\\\/wp-content\\\/uploads\\\/2017\\\/04\\\/thumbnail_DSC_0158.jpg\",\"width\":1025,\"height\":600},{\"@type\":\"BreadcrumbList\",\"@id\":\"https:\\\/\\\/patagoniambiental.com.ar\\\/info\\\/junto-a-autoridades-de-opds-patagones-avanza-en-la-implementacion-de-politicas-ambientales\\\/#breadcrumb\",\"itemListElement\":[{\"@type\":\"ListItem\",\"position\":1,\"name\":\"Inicio\",\"item\":\"https:\\\/\\\/patagoniambiental.com.ar\\\/info\\\/\"},{\"@type\":\"ListItem\",\"position\":2,\"name\":\"Junto a autoridades de OPDS, Patagones avanza en la implementaci\u00f3n de pol\u00edticas ambientales\"}]},{\"@type\":\"WebSite\",\"@id\":\"https:\\\/\\\/patagoniambiental.com.ar\\\/info\\\/#website\",\"url\":\"https:\\\/\\\/patagoniambiental.com.ar\\\/info\\\/\",\"name\":\"Patagonia Ambiental\",\"description\":\"Monitoreo y an\u00e1lisis de la situaci\u00f3n geopol\u00edtica en el mundo y su implicancia en la Patagonia\",\"publisher\":{\"@id\":\"https:\\\/\\\/patagoniambiental.com.ar\\\/info\\\/#organization\"},\"potentialAction\":[{\"@type\":\"SearchAction\",\"target\":{\"@type\":\"EntryPoint\",\"urlTemplate\":\"https:\\\/\\\/patagoniambiental.com.ar\\\/info\\\/?s={search_term_string}\"},\"query-input\":{\"@type\":\"PropertyValueSpecification\",\"valueRequired\":true,\"valueName\":\"search_term_string\"}}],\"inLanguage\":\"es\"},{\"@type\":\"Organization\",\"@id\":\"https:\\\/\\\/patagoniambiental.com.ar\\\/info\\\/#organization\",\"name\":\"Patagonia Ambiental\",\"url\":\"https:\\\/\\\/patagoniambiental.com.ar\\\/info\\\/\",\"logo\":{\"@type\":\"ImageObject\",\"inLanguage\":\"es\",\"@id\":\"https:\\\/\\\/patagoniambiental.com.ar\\\/info\\\/#\\\/schema\\\/logo\\\/image\\\/\",\"url\":\"https:\\\/\\\/patagoniambiental.com.ar\\\/info\\\/wp-content\\\/uploads\\\/2025\\\/05\\\/LOGO-PATAGONIA-AMBIENTAL.png\",\"contentUrl\":\"https:\\\/\\\/patagoniambiental.com.ar\\\/info\\\/wp-content\\\/uploads\\\/2025\\\/05\\\/LOGO-PATAGONIA-AMBIENTAL.png\",\"width\":433,\"height\":250,\"caption\":\"Patagonia Ambiental\"},\"image\":{\"@id\":\"https:\\\/\\\/patagoniambiental.com.ar\\\/info\\\/#\\\/schema\\\/logo\\\/image\\\/\"},\"sameAs\":[\"https:\\\/\\\/www.facebook.com\\\/patagonia.ambiental\",\"https:\\\/\\\/x.com\\\/PatAmb\"]},{\"@type\":\"Person\",\"@id\":\"https:\\\/\\\/patagoniambiental.com.ar\\\/info\\\/#\\\/schema\\\/person\\\/db12bff64bbcbf6a253710bf0ea37b5d\",\"name\":\"Patagonia Ambiental\",\"description\":\"Andr\u00e9s Nievas T\u00e9cnico en manejo ambiental, consultor Ambiental y escritor para medios locales e internacionales sobre temas de geopolitica y medio ambiente.\",\"sameAs\":[\"http:\\\/\\\/www.patagoniambiental.com.ar\",\"https:\\\/\\\/www.facebook.com\\\/share\\\/1C1V8Gv9BX\\\/?mibextid=qi2Omg\",\"@patagoniambiental\",\"https:\\\/\\\/youtube.com\\\/@patagoniaambiental2023?si=BLt58t0wuXquxlYZ\"]}]}<\/script>\n<!-- \/ Yoast SEO Premium plugin. -->","yoast_head_json":{"title":"Junto a autoridades de OPDS, Patagones avanza en la implementaci\u00f3n de pol\u00edticas ambientales","robots":{"index":"index","follow":"follow","max-snippet":"max-snippet:-1","max-image-preview":"max-image-preview:large","max-video-preview":"max-video-preview:-1"},"canonical":"https:\/\/patagoniambiental.com.ar\/info\/junto-a-autoridades-de-opds-patagones-avanza-en-la-implementacion-de-politicas-ambientales\/","og_locale":"es_ES","og_type":"article","og_title":"Junto a autoridades de OPDS, Patagones avanza en la implementaci\u00f3n de pol\u00edticas ambientales","og_description":"Patagones.-El Intendente de Patagones, Ing. Jos\u00e9 Luis Zara; recibi\u00f3 al Director Ejecutivo, Ricardo Pagola, y al coordinador de Desarrollo Sostenible [&hellip;]","og_url":"https:\/\/patagoniambiental.com.ar\/info\/junto-a-autoridades-de-opds-patagones-avanza-en-la-implementacion-de-politicas-ambientales\/","og_site_name":"Patagonia Ambiental","article_publisher":"https:\/\/www.facebook.com\/patagonia.ambiental","article_author":"https:\/\/www.facebook.com\/share\/1C1V8Gv9BX\/?mibextid=qi2Omg","article_published_time":"2017-04-06T12:00:12+00:00","og_image":[{"width":1280,"height":749,"url":"https:\/\/patagoniambiental.com.ar\/info\/wp-content\/uploads\/2017\/04\/thumbnail_DSC_0158.jpg","type":"image\/jpeg"}],"author":"Patagonia Ambiental","twitter_card":"summary_large_image","twitter_creator":"@PatAmb","twitter_site":"@PatAmb","schema":{"@context":"https:\/\/schema.org","@graph":[{"@type":"Article","@id":"https:\/\/patagoniambiental.com.ar\/info\/junto-a-autoridades-de-opds-patagones-avanza-en-la-implementacion-de-politicas-ambientales\/#article","isPartOf":{"@id":"https:\/\/patagoniambiental.com.ar\/info\/junto-a-autoridades-de-opds-patagones-avanza-en-la-implementacion-de-politicas-ambientales\/"},"author":{"name":"Patagonia Ambiental","@id":"https:\/\/patagoniambiental.com.ar\/info\/#\/schema\/person\/db12bff64bbcbf6a253710bf0ea37b5d"},"headline":"Junto a autoridades de OPDS, Patagones avanza en la implementaci\u00f3n de pol\u00edticas ambientales","datePublished":"2017-04-06T12:00:12+00:00","mainEntityOfPage":{"@id":"https:\/\/patagoniambiental.com.ar\/info\/junto-a-autoridades-de-opds-patagones-avanza-en-la-implementacion-de-politicas-ambientales\/"},"wordCount":336,"commentCount":0,"publisher":{"@id":"https:\/\/patagoniambiental.com.ar\/info\/#organization"},"image":{"@id":"https:\/\/patagoniambiental.com.ar\/info\/junto-a-autoridades-de-opds-patagones-avanza-en-la-implementacion-de-politicas-ambientales\/#primaryimage"},"thumbnailUrl":"https:\/\/patagoniambiental.com.ar\/info\/wp-content\/uploads\/2017\/04\/thumbnail_DSC_0158.jpg","articleSection":["Municipales","Noticias"],"inLanguage":"es","potentialAction":[{"@type":"CommentAction","name":"Comment","target":["https:\/\/patagoniambiental.com.ar\/info\/junto-a-autoridades-de-opds-patagones-avanza-en-la-implementacion-de-politicas-ambientales\/#respond"]}]},{"@type":"WebPage","@id":"https:\/\/patagoniambiental.com.ar\/info\/junto-a-autoridades-de-opds-patagones-avanza-en-la-implementacion-de-politicas-ambientales\/","url":"https:\/\/patagoniambiental.com.ar\/info\/junto-a-autoridades-de-opds-patagones-avanza-en-la-implementacion-de-politicas-ambientales\/","name":"Junto a autoridades de OPDS, Patagones avanza en la implementaci\u00f3n de pol\u00edticas ambientales","isPartOf":{"@id":"https:\/\/patagoniambiental.com.ar\/info\/#website"},"primaryImageOfPage":{"@id":"https:\/\/patagoniambiental.com.ar\/info\/junto-a-autoridades-de-opds-patagones-avanza-en-la-implementacion-de-politicas-ambientales\/#primaryimage"},"image":{"@id":"https:\/\/patagoniambiental.com.ar\/info\/junto-a-autoridades-de-opds-patagones-avanza-en-la-implementacion-de-politicas-ambientales\/#primaryimage"},"thumbnailUrl":"https:\/\/patagoniambiental.com.ar\/info\/wp-content\/uploads\/2017\/04\/thumbnail_DSC_0158.jpg","datePublished":"2017-04-06T12:00:12+00:00","breadcrumb":{"@id":"https:\/\/patagoniambiental.com.ar\/info\/junto-a-autoridades-de-opds-patagones-avanza-en-la-implementacion-de-politicas-ambientales\/#breadcrumb"},"inLanguage":"es","potentialAction":[{"@type":"ReadAction","target":["https:\/\/patagoniambiental.com.ar\/info\/junto-a-autoridades-de-opds-patagones-avanza-en-la-implementacion-de-politicas-ambientales\/"]}]},{"@type":"ImageObject","inLanguage":"es","@id":"https:\/\/patagoniambiental.com.ar\/info\/junto-a-autoridades-de-opds-patagones-avanza-en-la-implementacion-de-politicas-ambientales\/#primaryimage","url":"https:\/\/patagoniambiental.com.ar\/info\/wp-content\/uploads\/2017\/04\/thumbnail_DSC_0158.jpg","contentUrl":"https:\/\/patagoniambiental.com.ar\/info\/wp-content\/uploads\/2017\/04\/thumbnail_DSC_0158.jpg","width":1025,"height":600},{"@type":"BreadcrumbList","@id":"https:\/\/patagoniambiental.com.ar\/info\/junto-a-autoridades-de-opds-patagones-avanza-en-la-implementacion-de-politicas-ambientales\/#breadcrumb","itemListElement":[{"@type":"ListItem","position":1,"name":"Inicio","item":"https:\/\/patagoniambiental.com.ar\/info\/"},{"@type":"ListItem","position":2,"name":"Junto a autoridades de OPDS, Patagones avanza en la implementaci\u00f3n de pol\u00edticas ambientales"}]},{"@type":"WebSite","@id":"https:\/\/patagoniambiental.com.ar\/info\/#website","url":"https:\/\/patagoniambiental.com.ar\/info\/","name":"Patagonia Ambiental","description":"Monitoreo y an\u00e1lisis de la situaci\u00f3n geopol\u00edtica en el mundo y su implicancia en la Patagonia","publisher":{"@id":"https:\/\/patagoniambiental.com.ar\/info\/#organization"},"potentialAction":[{"@type":"SearchAction","target":{"@type":"EntryPoint","urlTemplate":"https:\/\/patagoniambiental.com.ar\/info\/?s={search_term_string}"},"query-input":{"@type":"PropertyValueSpecification","valueRequired":true,"valueName":"search_term_string"}}],"inLanguage":"es"},{"@type":"Organization","@id":"https:\/\/patagoniambiental.com.ar\/info\/#organization","name":"Patagonia Ambiental","url":"https:\/\/patagoniambiental.com.ar\/info\/","logo":{"@type":"ImageObject","inLanguage":"es","@id":"https:\/\/patagoniambiental.com.ar\/info\/#\/schema\/logo\/image\/","url":"https:\/\/patagoniambiental.com.ar\/info\/wp-content\/uploads\/2025\/05\/LOGO-PATAGONIA-AMBIENTAL.png","contentUrl":"https:\/\/patagoniambiental.com.ar\/info\/wp-content\/uploads\/2025\/05\/LOGO-PATAGONIA-AMBIENTAL.png","width":433,"height":250,"caption":"Patagonia Ambiental"},"image":{"@id":"https:\/\/patagoniambiental.com.ar\/info\/#\/schema\/logo\/image\/"},"sameAs":["https:\/\/www.facebook.com\/patagonia.ambiental","https:\/\/x.com\/PatAmb"]},{"@type":"Person","@id":"https:\/\/patagoniambiental.com.ar\/info\/#\/schema\/person\/db12bff64bbcbf6a253710bf0ea37b5d","name":"Patagonia Ambiental","description":"Andr\u00e9s Nievas T\u00e9cnico en manejo ambiental, consultor Ambiental y escritor para medios locales e internacionales sobre temas de geopolitica y medio ambiente.","sameAs":["http:\/\/www.patagoniambiental.com.ar","https:\/\/www.facebook.com\/share\/1C1V8Gv9BX\/?mibextid=qi2Omg","@patagoniambiental","https:\/\/youtube.com\/@patagoniaambiental2023?si=BLt58t0wuXquxlYZ"]}]}},"_links":{"self":[{"href":"https:\/\/patagoniambiental.com.ar\/info\/wp-json\/wp\/v2\/posts\/27179","targetHints":{"allow":["GET"]}}],"collection":[{"href":"https:\/\/patagoniambiental.com.ar\/info\/wp-json\/wp\/v2\/posts"}],"about":[{"href":"https:\/\/patagoniambiental.com.ar\/info\/wp-json\/wp\/v2\/types\/post"}],"author":[{"embeddable":true,"href":"https:\/\/patagoniambiental.com.ar\/info\/wp-json\/wp\/v2\/users\/2"}],"replies":[{"embeddable":true,"href":"https:\/\/patagoniambiental.com.ar\/info\/wp-json\/wp\/v2\/comments?post=27179"}],"version-history":[{"count":0,"href":"https:\/\/patagoniambiental.com.ar\/info\/wp-json\/wp\/v2\/posts\/27179\/revisions"}],"wp:featuredmedia":[{"embeddable":true,"href":"https:\/\/patagoniambiental.com.ar\/info\/wp-json\/wp\/v2\/media\/27180"}],"wp:attachment":[{"href":"https:\/\/patagoniambiental.com.ar\/info\/wp-json\/wp\/v2\/media?parent=27179"}],"wp:term":[{"taxonomy":"category","embeddable":true,"href":"https:\/\/patagoniambiental.com.ar\/info\/wp-json\/wp\/v2\/categories?post=27179"},{"taxonomy":"post_tag","embeddable":true,"href":"https:\/\/patagoniambiental.com.ar\/info\/wp-json\/wp\/v2\/tags?post=27179"}],"curies":[{"name":"wp","href":"https:\/\/api.w.org\/{rel}","templated":true}]}}