{"id":27191,"date":"2017-04-06T19:00:06","date_gmt":"2017-04-06T22:00:06","guid":{"rendered":"http:\/\/patagoniambiental.com.ar\/info\/?p=27191"},"modified":"2017-04-06T09:10:04","modified_gmt":"2017-04-06T12:10:04","slug":"detallaron-obras-para-frenar-la-contaminacion-del-rio","status":"publish","type":"post","link":"https:\/\/patagoniambiental.com.ar\/info\/detallaron-obras-para-frenar-la-contaminacion-del-rio\/","title":{"rendered":"Detallaron obras para frenar la contaminaci\u00f3n del r\u00edo"},"content":{"rendered":"<p class=\"headline font-1-bold fs34\">General Roca.-Hubo una audiencia por el amparo presentado en enero por el Municipio de Roca y los representantes de ARSA y del DPA explicaron las medidas, que incluyen otra planta de tratamiento.<!--more--><\/p>\n<p>La denuncia de contaminaci\u00f3n del r\u00edo Negro a la altura de Roca, que fue objeto de un amparo ambiental presentado por el municipio, contin\u00faa en instancia de conciliaci\u00f3n. Ayer representantes de Aguas Rionegrinas (ARSA) y del Departamento Provincial de Aguas (DPA) participaron de un nuevo encuentro en el juzgado 9, encabezado por Ver\u00f3nica Hern\u00e1ndez, quien destac\u00f3 que las partes dialogaron para acercarse a una soluci\u00f3n de la problem\u00e1tica.<\/p>\n<p>La discusi\u00f3n pas\u00f3 a un cuarto intermedio hasta el mi\u00e9rcoles 19 y desde la justicia se enfatiz\u00f3 en que por la importancia de alcanzar un acuerdo, los avances se mantienen bajo reserva. Lo que si se indic\u00f3 es que la semana pr\u00f3xima las partes se volver\u00e1n a reunir pero sin la presencia de la jueza, para avanzar en las definiciones t\u00e9cnicas.<\/p>\n<p>El representante legal de los organismos provinciales remarc\u00f3 que se reiter\u00f3 el plan de trabajo e inversiones previsto, pero que se ajustaron los tiempos. \u201cHicimos un plan con todas las medidas que la provincia est\u00e1 dispuesta a adelantar y realizar sobre la planta de tratamiento\u201d, sostuvo el abogado Pablo Forte.<\/p>\n<p><b>Obras planteadas<\/b><\/p>\n<p>En ese sentido, se supo que la propuesta de ARSA y el DPA es concretar en el corto plazo trabajos que estaban incluidos dentro de la ejecuci\u00f3n de obras del nuevo Plan Director, que tiene financiamiento de Naci\u00f3n y que incluye la construcci\u00f3n de una planta sim\u00e9trica a la actual y otras obras complementarias.<\/p>\n<p>\u201cSe va a hacer una interconexi\u00f3n de lagunas, se tom\u00f3 personal para la planta en turnos de guardias rotativas permanentes, una cortina forestal, mejoramiento predial, se van a mejorar caminos internos, sobre todo los aspectos operativos de la planta\u201d, enumer\u00f3 y puntualiz\u00f3 en que \u201cestas obras permiten mejorar la eficiencia y te dan un margen de mayor capacidad instalada. Estamos tratando el 100 por ciento de los l\u00edquidos que colectamos, pero estamos al borde de la capacidad\u201d.<\/p>\n<p>En tanto, respecto al punto de descarga del desag\u00fce P5 en el r\u00edo, Forte dijo que \u201cno hay tarea comprometida, pero simplemente es parte de esta discusi\u00f3n que est\u00e1 abierta\u201d.<\/p>\n<p>Otro de los participantes en la instancia judicial fue Carlos L\u00f3pez, miembro de la Asociaci\u00f3n Ecol\u00f3gica, quien a la salida del encuentro insisti\u00f3 en que \u201cla planta funciona al m\u00e1ximo pero no da abasto, por lo tanto aquello que la excede se vuelca crudo al r\u00edo\u201d y consider\u00f3 que \u201clo que resta saber es qu\u00e9 va a pasar con la contaminaci\u00f3n en el resto del sistema h\u00eddrico, desde Bariloche a Viedma\u201d.<\/p>\n<p>&nbsp;<\/p>\n<p><img fetchpriority=\"high\" decoding=\"async\" class=\"alignnone size-medium wp-image-27194\" src=\"https:\/\/patagoniambiental.com.ar\/info\/wp-content\/uploads\/2017\/04\/Sin-t\u00edtulo-2-600x136.png\" alt=\"\" width=\"600\" height=\"136\" \/><\/p>\n<p>Fuente: Diario Rio Negro<\/p>\n","protected":false},"excerpt":{"rendered":"<p>General Roca.-Hubo una audiencia por el amparo presentado en enero por el Municipio de Roca y los representantes de ARSA [&hellip;]<\/p>\n","protected":false},"author":2,"featured_media":27192,"comment_status":"open","ping_status":"open","sticky":false,"template":"","format":"standard","meta":{"site-sidebar-layout":"default","site-content-layout":"","ast-site-content-layout":"default","site-content-style":"default","site-sidebar-style":"default","ast-global-header-display":"","ast-banner-title-visibility":"","ast-main-header-display":"","ast-hfb-above-header-display":"","ast-hfb-below-header-display":"","ast-hfb-mobile-header-display":"","site-post-title":"","ast-breadcrumbs-content":"","ast-featured-img":"","footer-sml-layout":"","ast-disable-related-posts":"","theme-transparent-header-meta":"","adv-header-id-meta":"","stick-header-meta":"","header-above-stick-meta":"","header-main-stick-meta":"","header-below-stick-meta":"","astra-migrate-meta-layouts":"default","ast-page-background-enabled":"default","ast-page-background-meta":{"desktop":{"background-color":"var(--ast-global-color-5)","background-image":"","background-repeat":"repeat","background-position":"center center","background-size":"auto","background-attachment":"scroll","background-type":"","background-media":"","overlay-type":"","overlay-color":"","overlay-opacity":"","overlay-gradient":""},"tablet":{"background-color":"","background-image":"","background-repeat":"repeat","background-position":"center center","background-size":"auto","background-attachment":"scroll","background-type":"","background-media":"","overlay-type":"","overlay-color":"","overlay-opacity":"","overlay-gradient":""},"mobile":{"background-color":"","background-image":"","background-repeat":"repeat","background-position":"center center","background-size":"auto","background-attachment":"scroll","background-type":"","background-media":"","overlay-type":"","overlay-color":"","overlay-opacity":"","overlay-gradient":""}},"ast-content-background-meta":{"desktop":{"background-color":"var(--ast-global-color-4)","background-image":"","background-repeat":"repeat","background-position":"center center","background-size":"auto","background-attachment":"scroll","background-type":"","background-media":"","overlay-type":"","overlay-color":"","overlay-opacity":"","overlay-gradient":""},"tablet":{"background-color":"var(--ast-global-color-4)","background-image":"","background-repeat":"repeat","background-position":"center center","background-size":"auto","background-attachment":"scroll","background-type":"","background-media":"","overlay-type":"","overlay-color":"","overlay-opacity":"","overlay-gradient":""},"mobile":{"background-color":"var(--ast-global-color-4)","background-image":"","background-repeat":"repeat","background-position":"center center","background-size":"auto","background-attachment":"scroll","background-type":"","background-media":"","overlay-type":"","overlay-color":"","overlay-opacity":"","overlay-gradient":""}},"footnotes":""},"categories":[16,1],"tags":[],"class_list":["post-27191","post","type-post","status-publish","format-standard","has-post-thumbnail","hentry","category-municipales","category-noticias"],"yoast_head":"<!-- This site is optimized with the Yoast SEO Premium plugin v23.0 (Yoast SEO v27.4) - https:\/\/yoast.com\/product\/yoast-seo-premium-wordpress\/ -->\n<title>Detallaron obras para frenar la contaminaci\u00f3n del r\u00edo<\/title>\n<meta name=\"robots\" content=\"index, follow, max-snippet:-1, max-image-preview:large, max-video-preview:-1\" \/>\n<link rel=\"canonical\" href=\"https:\/\/patagoniambiental.com.ar\/info\/detallaron-obras-para-frenar-la-contaminacion-del-rio\/\" \/>\n<meta property=\"og:locale\" content=\"es_ES\" \/>\n<meta property=\"og:type\" content=\"article\" \/>\n<meta property=\"og:title\" content=\"Detallaron obras para frenar la contaminaci\u00f3n del r\u00edo\" \/>\n<meta property=\"og:description\" content=\"General Roca.-Hubo una audiencia por el amparo presentado en enero por el Municipio de Roca y los representantes de ARSA [&hellip;]\" \/>\n<meta property=\"og:url\" content=\"https:\/\/patagoniambiental.com.ar\/info\/detallaron-obras-para-frenar-la-contaminacion-del-rio\/\" \/>\n<meta property=\"og:site_name\" content=\"Patagonia Ambiental\" \/>\n<meta property=\"article:publisher\" content=\"https:\/\/www.facebook.com\/patagonia.ambiental\" \/>\n<meta property=\"article:author\" content=\"https:\/\/www.facebook.com\/share\/1C1V8Gv9BX\/?mibextid=qi2Omg\" \/>\n<meta property=\"article:published_time\" content=\"2017-04-06T22:00:06+00:00\" \/>\n<meta property=\"og:image\" content=\"https:\/\/patagoniambiental.com.ar\/info\/wp-content\/uploads\/2017\/04\/image_content_8269152_20170405224221.jpg\" \/>\n\t<meta property=\"og:image:width\" content=\"660\" \/>\n\t<meta property=\"og:image:height\" content=\"370\" \/>\n\t<meta property=\"og:image:type\" content=\"image\/jpeg\" \/>\n<meta name=\"author\" content=\"Patagonia Ambiental\" \/>\n<meta name=\"twitter:card\" content=\"summary_large_image\" \/>\n<meta name=\"twitter:creator\" content=\"@PatAmb\" \/>\n<meta name=\"twitter:site\" content=\"@PatAmb\" \/>\n<script type=\"application\/ld+json\" class=\"yoast-schema-graph\">{\"@context\":\"https:\\\/\\\/schema.org\",\"@graph\":[{\"@type\":\"Article\",\"@id\":\"https:\\\/\\\/patagoniambiental.com.ar\\\/info\\\/detallaron-obras-para-frenar-la-contaminacion-del-rio\\\/#article\",\"isPartOf\":{\"@id\":\"https:\\\/\\\/patagoniambiental.com.ar\\\/info\\\/detallaron-obras-para-frenar-la-contaminacion-del-rio\\\/\"},\"author\":{\"name\":\"Patagonia Ambiental\",\"@id\":\"https:\\\/\\\/patagoniambiental.com.ar\\\/info\\\/#\\\/schema\\\/person\\\/db12bff64bbcbf6a253710bf0ea37b5d\"},\"headline\":\"Detallaron obras para frenar la contaminaci\u00f3n del r\u00edo\",\"datePublished\":\"2017-04-06T22:00:06+00:00\",\"mainEntityOfPage\":{\"@id\":\"https:\\\/\\\/patagoniambiental.com.ar\\\/info\\\/detallaron-obras-para-frenar-la-contaminacion-del-rio\\\/\"},\"wordCount\":487,\"commentCount\":0,\"publisher\":{\"@id\":\"https:\\\/\\\/patagoniambiental.com.ar\\\/info\\\/#organization\"},\"image\":{\"@id\":\"https:\\\/\\\/patagoniambiental.com.ar\\\/info\\\/detallaron-obras-para-frenar-la-contaminacion-del-rio\\\/#primaryimage\"},\"thumbnailUrl\":\"https:\\\/\\\/patagoniambiental.com.ar\\\/info\\\/wp-content\\\/uploads\\\/2017\\\/04\\\/image_content_8269152_20170405224221.jpg\",\"articleSection\":[\"Municipales\",\"Noticias\"],\"inLanguage\":\"es\",\"potentialAction\":[{\"@type\":\"CommentAction\",\"name\":\"Comment\",\"target\":[\"https:\\\/\\\/patagoniambiental.com.ar\\\/info\\\/detallaron-obras-para-frenar-la-contaminacion-del-rio\\\/#respond\"]}]},{\"@type\":\"WebPage\",\"@id\":\"https:\\\/\\\/patagoniambiental.com.ar\\\/info\\\/detallaron-obras-para-frenar-la-contaminacion-del-rio\\\/\",\"url\":\"https:\\\/\\\/patagoniambiental.com.ar\\\/info\\\/detallaron-obras-para-frenar-la-contaminacion-del-rio\\\/\",\"name\":\"Detallaron obras para frenar la contaminaci\u00f3n del r\u00edo\",\"isPartOf\":{\"@id\":\"https:\\\/\\\/patagoniambiental.com.ar\\\/info\\\/#website\"},\"primaryImageOfPage\":{\"@id\":\"https:\\\/\\\/patagoniambiental.com.ar\\\/info\\\/detallaron-obras-para-frenar-la-contaminacion-del-rio\\\/#primaryimage\"},\"image\":{\"@id\":\"https:\\\/\\\/patagoniambiental.com.ar\\\/info\\\/detallaron-obras-para-frenar-la-contaminacion-del-rio\\\/#primaryimage\"},\"thumbnailUrl\":\"https:\\\/\\\/patagoniambiental.com.ar\\\/info\\\/wp-content\\\/uploads\\\/2017\\\/04\\\/image_content_8269152_20170405224221.jpg\",\"datePublished\":\"2017-04-06T22:00:06+00:00\",\"breadcrumb\":{\"@id\":\"https:\\\/\\\/patagoniambiental.com.ar\\\/info\\\/detallaron-obras-para-frenar-la-contaminacion-del-rio\\\/#breadcrumb\"},\"inLanguage\":\"es\",\"potentialAction\":[{\"@type\":\"ReadAction\",\"target\":[\"https:\\\/\\\/patagoniambiental.com.ar\\\/info\\\/detallaron-obras-para-frenar-la-contaminacion-del-rio\\\/\"]}]},{\"@type\":\"ImageObject\",\"inLanguage\":\"es\",\"@id\":\"https:\\\/\\\/patagoniambiental.com.ar\\\/info\\\/detallaron-obras-para-frenar-la-contaminacion-del-rio\\\/#primaryimage\",\"url\":\"https:\\\/\\\/patagoniambiental.com.ar\\\/info\\\/wp-content\\\/uploads\\\/2017\\\/04\\\/image_content_8269152_20170405224221.jpg\",\"contentUrl\":\"https:\\\/\\\/patagoniambiental.com.ar\\\/info\\\/wp-content\\\/uploads\\\/2017\\\/04\\\/image_content_8269152_20170405224221.jpg\",\"width\":660,\"height\":370,\"caption\":\"La audiencia fue encabezada por la jueza Ver\u00f3nica Hern\u00e1ndez. Habr\u00e1 otra el 19 de abril. (Foto: c\u00e9sar izza)\"},{\"@type\":\"BreadcrumbList\",\"@id\":\"https:\\\/\\\/patagoniambiental.com.ar\\\/info\\\/detallaron-obras-para-frenar-la-contaminacion-del-rio\\\/#breadcrumb\",\"itemListElement\":[{\"@type\":\"ListItem\",\"position\":1,\"name\":\"Inicio\",\"item\":\"https:\\\/\\\/patagoniambiental.com.ar\\\/info\\\/\"},{\"@type\":\"ListItem\",\"position\":2,\"name\":\"Detallaron obras para frenar la contaminaci\u00f3n del r\u00edo\"}]},{\"@type\":\"WebSite\",\"@id\":\"https:\\\/\\\/patagoniambiental.com.ar\\\/info\\\/#website\",\"url\":\"https:\\\/\\\/patagoniambiental.com.ar\\\/info\\\/\",\"name\":\"Patagonia Ambiental\",\"description\":\"Monitoreo y an\u00e1lisis de la situaci\u00f3n geopol\u00edtica en el mundo y su implicancia en la Patagonia\",\"publisher\":{\"@id\":\"https:\\\/\\\/patagoniambiental.com.ar\\\/info\\\/#organization\"},\"potentialAction\":[{\"@type\":\"SearchAction\",\"target\":{\"@type\":\"EntryPoint\",\"urlTemplate\":\"https:\\\/\\\/patagoniambiental.com.ar\\\/info\\\/?s={search_term_string}\"},\"query-input\":{\"@type\":\"PropertyValueSpecification\",\"valueRequired\":true,\"valueName\":\"search_term_string\"}}],\"inLanguage\":\"es\"},{\"@type\":\"Organization\",\"@id\":\"https:\\\/\\\/patagoniambiental.com.ar\\\/info\\\/#organization\",\"name\":\"Patagonia Ambiental\",\"url\":\"https:\\\/\\\/patagoniambiental.com.ar\\\/info\\\/\",\"logo\":{\"@type\":\"ImageObject\",\"inLanguage\":\"es\",\"@id\":\"https:\\\/\\\/patagoniambiental.com.ar\\\/info\\\/#\\\/schema\\\/logo\\\/image\\\/\",\"url\":\"https:\\\/\\\/patagoniambiental.com.ar\\\/info\\\/wp-content\\\/uploads\\\/2025\\\/05\\\/LOGO-PATAGONIA-AMBIENTAL.png\",\"contentUrl\":\"https:\\\/\\\/patagoniambiental.com.ar\\\/info\\\/wp-content\\\/uploads\\\/2025\\\/05\\\/LOGO-PATAGONIA-AMBIENTAL.png\",\"width\":433,\"height\":250,\"caption\":\"Patagonia Ambiental\"},\"image\":{\"@id\":\"https:\\\/\\\/patagoniambiental.com.ar\\\/info\\\/#\\\/schema\\\/logo\\\/image\\\/\"},\"sameAs\":[\"https:\\\/\\\/www.facebook.com\\\/patagonia.ambiental\",\"https:\\\/\\\/x.com\\\/PatAmb\"]},{\"@type\":\"Person\",\"@id\":\"https:\\\/\\\/patagoniambiental.com.ar\\\/info\\\/#\\\/schema\\\/person\\\/db12bff64bbcbf6a253710bf0ea37b5d\",\"name\":\"Patagonia Ambiental\",\"description\":\"Andr\u00e9s Nievas T\u00e9cnico en manejo ambiental, consultor Ambiental y escritor para medios locales e internacionales sobre temas de geopolitica y medio ambiente.\",\"sameAs\":[\"http:\\\/\\\/www.patagoniambiental.com.ar\",\"https:\\\/\\\/www.facebook.com\\\/share\\\/1C1V8Gv9BX\\\/?mibextid=qi2Omg\",\"@patagoniambiental\",\"https:\\\/\\\/youtube.com\\\/@patagoniaambiental2023?si=BLt58t0wuXquxlYZ\"]}]}<\/script>\n<!-- \/ Yoast SEO Premium plugin. -->","yoast_head_json":{"title":"Detallaron obras para frenar la contaminaci\u00f3n del r\u00edo","robots":{"index":"index","follow":"follow","max-snippet":"max-snippet:-1","max-image-preview":"max-image-preview:large","max-video-preview":"max-video-preview:-1"},"canonical":"https:\/\/patagoniambiental.com.ar\/info\/detallaron-obras-para-frenar-la-contaminacion-del-rio\/","og_locale":"es_ES","og_type":"article","og_title":"Detallaron obras para frenar la contaminaci\u00f3n del r\u00edo","og_description":"General Roca.-Hubo una audiencia por el amparo presentado en enero por el Municipio de Roca y los representantes de ARSA [&hellip;]","og_url":"https:\/\/patagoniambiental.com.ar\/info\/detallaron-obras-para-frenar-la-contaminacion-del-rio\/","og_site_name":"Patagonia Ambiental","article_publisher":"https:\/\/www.facebook.com\/patagonia.ambiental","article_author":"https:\/\/www.facebook.com\/share\/1C1V8Gv9BX\/?mibextid=qi2Omg","article_published_time":"2017-04-06T22:00:06+00:00","og_image":[{"width":660,"height":370,"url":"https:\/\/patagoniambiental.com.ar\/info\/wp-content\/uploads\/2017\/04\/image_content_8269152_20170405224221.jpg","type":"image\/jpeg"}],"author":"Patagonia Ambiental","twitter_card":"summary_large_image","twitter_creator":"@PatAmb","twitter_site":"@PatAmb","schema":{"@context":"https:\/\/schema.org","@graph":[{"@type":"Article","@id":"https:\/\/patagoniambiental.com.ar\/info\/detallaron-obras-para-frenar-la-contaminacion-del-rio\/#article","isPartOf":{"@id":"https:\/\/patagoniambiental.com.ar\/info\/detallaron-obras-para-frenar-la-contaminacion-del-rio\/"},"author":{"name":"Patagonia Ambiental","@id":"https:\/\/patagoniambiental.com.ar\/info\/#\/schema\/person\/db12bff64bbcbf6a253710bf0ea37b5d"},"headline":"Detallaron obras para frenar la contaminaci\u00f3n del r\u00edo","datePublished":"2017-04-06T22:00:06+00:00","mainEntityOfPage":{"@id":"https:\/\/patagoniambiental.com.ar\/info\/detallaron-obras-para-frenar-la-contaminacion-del-rio\/"},"wordCount":487,"commentCount":0,"publisher":{"@id":"https:\/\/patagoniambiental.com.ar\/info\/#organization"},"image":{"@id":"https:\/\/patagoniambiental.com.ar\/info\/detallaron-obras-para-frenar-la-contaminacion-del-rio\/#primaryimage"},"thumbnailUrl":"https:\/\/patagoniambiental.com.ar\/info\/wp-content\/uploads\/2017\/04\/image_content_8269152_20170405224221.jpg","articleSection":["Municipales","Noticias"],"inLanguage":"es","potentialAction":[{"@type":"CommentAction","name":"Comment","target":["https:\/\/patagoniambiental.com.ar\/info\/detallaron-obras-para-frenar-la-contaminacion-del-rio\/#respond"]}]},{"@type":"WebPage","@id":"https:\/\/patagoniambiental.com.ar\/info\/detallaron-obras-para-frenar-la-contaminacion-del-rio\/","url":"https:\/\/patagoniambiental.com.ar\/info\/detallaron-obras-para-frenar-la-contaminacion-del-rio\/","name":"Detallaron obras para frenar la contaminaci\u00f3n del r\u00edo","isPartOf":{"@id":"https:\/\/patagoniambiental.com.ar\/info\/#website"},"primaryImageOfPage":{"@id":"https:\/\/patagoniambiental.com.ar\/info\/detallaron-obras-para-frenar-la-contaminacion-del-rio\/#primaryimage"},"image":{"@id":"https:\/\/patagoniambiental.com.ar\/info\/detallaron-obras-para-frenar-la-contaminacion-del-rio\/#primaryimage"},"thumbnailUrl":"https:\/\/patagoniambiental.com.ar\/info\/wp-content\/uploads\/2017\/04\/image_content_8269152_20170405224221.jpg","datePublished":"2017-04-06T22:00:06+00:00","breadcrumb":{"@id":"https:\/\/patagoniambiental.com.ar\/info\/detallaron-obras-para-frenar-la-contaminacion-del-rio\/#breadcrumb"},"inLanguage":"es","potentialAction":[{"@type":"ReadAction","target":["https:\/\/patagoniambiental.com.ar\/info\/detallaron-obras-para-frenar-la-contaminacion-del-rio\/"]}]},{"@type":"ImageObject","inLanguage":"es","@id":"https:\/\/patagoniambiental.com.ar\/info\/detallaron-obras-para-frenar-la-contaminacion-del-rio\/#primaryimage","url":"https:\/\/patagoniambiental.com.ar\/info\/wp-content\/uploads\/2017\/04\/image_content_8269152_20170405224221.jpg","contentUrl":"https:\/\/patagoniambiental.com.ar\/info\/wp-content\/uploads\/2017\/04\/image_content_8269152_20170405224221.jpg","width":660,"height":370,"caption":"La audiencia fue encabezada por la jueza Ver\u00f3nica Hern\u00e1ndez. Habr\u00e1 otra el 19 de abril. (Foto: c\u00e9sar izza)"},{"@type":"BreadcrumbList","@id":"https:\/\/patagoniambiental.com.ar\/info\/detallaron-obras-para-frenar-la-contaminacion-del-rio\/#breadcrumb","itemListElement":[{"@type":"ListItem","position":1,"name":"Inicio","item":"https:\/\/patagoniambiental.com.ar\/info\/"},{"@type":"ListItem","position":2,"name":"Detallaron obras para frenar la contaminaci\u00f3n del r\u00edo"}]},{"@type":"WebSite","@id":"https:\/\/patagoniambiental.com.ar\/info\/#website","url":"https:\/\/patagoniambiental.com.ar\/info\/","name":"Patagonia Ambiental","description":"Monitoreo y an\u00e1lisis de la situaci\u00f3n geopol\u00edtica en el mundo y su implicancia en la Patagonia","publisher":{"@id":"https:\/\/patagoniambiental.com.ar\/info\/#organization"},"potentialAction":[{"@type":"SearchAction","target":{"@type":"EntryPoint","urlTemplate":"https:\/\/patagoniambiental.com.ar\/info\/?s={search_term_string}"},"query-input":{"@type":"PropertyValueSpecification","valueRequired":true,"valueName":"search_term_string"}}],"inLanguage":"es"},{"@type":"Organization","@id":"https:\/\/patagoniambiental.com.ar\/info\/#organization","name":"Patagonia Ambiental","url":"https:\/\/patagoniambiental.com.ar\/info\/","logo":{"@type":"ImageObject","inLanguage":"es","@id":"https:\/\/patagoniambiental.com.ar\/info\/#\/schema\/logo\/image\/","url":"https:\/\/patagoniambiental.com.ar\/info\/wp-content\/uploads\/2025\/05\/LOGO-PATAGONIA-AMBIENTAL.png","contentUrl":"https:\/\/patagoniambiental.com.ar\/info\/wp-content\/uploads\/2025\/05\/LOGO-PATAGONIA-AMBIENTAL.png","width":433,"height":250,"caption":"Patagonia Ambiental"},"image":{"@id":"https:\/\/patagoniambiental.com.ar\/info\/#\/schema\/logo\/image\/"},"sameAs":["https:\/\/www.facebook.com\/patagonia.ambiental","https:\/\/x.com\/PatAmb"]},{"@type":"Person","@id":"https:\/\/patagoniambiental.com.ar\/info\/#\/schema\/person\/db12bff64bbcbf6a253710bf0ea37b5d","name":"Patagonia Ambiental","description":"Andr\u00e9s Nievas T\u00e9cnico en manejo ambiental, consultor Ambiental y escritor para medios locales e internacionales sobre temas de geopolitica y medio ambiente.","sameAs":["http:\/\/www.patagoniambiental.com.ar","https:\/\/www.facebook.com\/share\/1C1V8Gv9BX\/?mibextid=qi2Omg","@patagoniambiental","https:\/\/youtube.com\/@patagoniaambiental2023?si=BLt58t0wuXquxlYZ"]}]}},"_links":{"self":[{"href":"https:\/\/patagoniambiental.com.ar\/info\/wp-json\/wp\/v2\/posts\/27191","targetHints":{"allow":["GET"]}}],"collection":[{"href":"https:\/\/patagoniambiental.com.ar\/info\/wp-json\/wp\/v2\/posts"}],"about":[{"href":"https:\/\/patagoniambiental.com.ar\/info\/wp-json\/wp\/v2\/types\/post"}],"author":[{"embeddable":true,"href":"https:\/\/patagoniambiental.com.ar\/info\/wp-json\/wp\/v2\/users\/2"}],"replies":[{"embeddable":true,"href":"https:\/\/patagoniambiental.com.ar\/info\/wp-json\/wp\/v2\/comments?post=27191"}],"version-history":[{"count":0,"href":"https:\/\/patagoniambiental.com.ar\/info\/wp-json\/wp\/v2\/posts\/27191\/revisions"}],"wp:featuredmedia":[{"embeddable":true,"href":"https:\/\/patagoniambiental.com.ar\/info\/wp-json\/wp\/v2\/media\/27192"}],"wp:attachment":[{"href":"https:\/\/patagoniambiental.com.ar\/info\/wp-json\/wp\/v2\/media?parent=27191"}],"wp:term":[{"taxonomy":"category","embeddable":true,"href":"https:\/\/patagoniambiental.com.ar\/info\/wp-json\/wp\/v2\/categories?post=27191"},{"taxonomy":"post_tag","embeddable":true,"href":"https:\/\/patagoniambiental.com.ar\/info\/wp-json\/wp\/v2\/tags?post=27191"}],"curies":[{"name":"wp","href":"https:\/\/api.w.org\/{rel}","templated":true}]}}