{"id":27324,"date":"2017-04-10T09:00:25","date_gmt":"2017-04-10T12:00:25","guid":{"rendered":"http:\/\/patagoniambiental.com.ar\/info\/?p=27324"},"modified":"2017-04-09T18:45:18","modified_gmt":"2017-04-09T21:45:18","slug":"ambiente-profundiza-la-prevencion-de-danos-ambientales","status":"publish","type":"post","link":"https:\/\/patagoniambiental.com.ar\/info\/ambiente-profundiza-la-prevencion-de-danos-ambientales\/","title":{"rendered":"Ambiente profundiza la prevenci\u00f3n de da\u00f1os ambientales"},"content":{"rendered":"<p>El Ministerio de Ambiente de la Naci\u00f3n, a trav\u00e9s de la Secretar\u00eda de Control y Monitoreo Ambiental, ofreci\u00f3 una capacitaci\u00f3n para inspectores sobre el seguro ambiental con el objetivo de fortalecer los procedimientos de inspecci\u00f3n y ejecuci\u00f3n de la p\u00f3liza. En la jornada participaron controladores del Organismo Provincial para el Desarrollo Sostenible (OPDS); de la Autoridad del Agua (ADA), que depende del Ministerio de Infraestructura y Servicios P\u00fablicos de la provincia de Buenos Aires; del Organismo Regulador del Sistema Nacional de Aeropuertos (ORSNA); representantes de la Autoridad de la Cuenca Matanza Riachuelo (ACUMAR) y de la Agencia de Protecci\u00f3n Ambiental (APRA).<\/p>\n<p>\u201cDesde que asumimos en 2015, tomamos el compromiso de trabajar fuertemente en desregular el sistema del seguro ambiental, que anteriormente era muy cuestionado y un mercado monop\u00f3lico de poca transparencia. Tuvimos el mandato del Presidente de trabajar en esta l\u00ednea, para garantizar este instrumento de gesti\u00f3n en beneficio del Estado\u201d, se\u00f1al\u00f3 el subsecretario de Control, Fiscalizaci\u00f3n Ambiental y Prevenci\u00f3n de la Contaminaci\u00f3n, Juan Trebino, durante la apertura del encuentro.<\/p>\n<p>El seguro ambiental es la herramienta obligatoria que el Ministerio de Ambiente y Desarrollo Sustentable exige como autoridad competente en la materia a todas las personas f\u00edsicas o jur\u00eddicas, p\u00fablicas o privadas, que realicen actividades riesgosas para el ambiente, conforme el art\u00edculo N\u00b0 22 de la Ley General del Ambiente. Est\u00e1 destinada a proporcionar los fondos necesarios para recomponer el da\u00f1o ambiental, causado de forma accidental, ya sea que se manifieste de forma s\u00fabita o gradual.<\/p>\n<p>La capacitaci\u00f3n estuvo a cargo de la Unidad de Evaluaci\u00f3n de Riesgos Ambientales, y trat\u00f3 los aspectos generales del mencionado seguro, las inspecciones en relaci\u00f3n a su requerimiento y el procedimiento de \u00a0ejecuci\u00f3n de p\u00f3lizas. La misma se realiz\u00f3 en el auditorio de la cartera de Ambiente y participaron tambi\u00e9n \u00a0inspectores de las direcciones de Residuos Peligrosos, Prevenci\u00f3n y Recomposici\u00f3n Ambiental, e Infracciones Ambientales.<\/p>\n<p>Esta p\u00f3liza posibilita al Estado el cumplimiento de su rol en la garant\u00eda para la sociedad del derecho a un ambiente sano, equilibrado, apto para el desarrollo humano tal como lo establece el art\u00edculo N\u00b0 41 de la Constituci\u00f3n Nacional, resultando adecuado para la recomposici\u00f3n de los da\u00f1os ambientales generados por la actividad industrial.<\/p>\n<p>Actualmente, respecto al Seguro de Cauci\u00f3n Ambiental, las compa\u00f1\u00edas de seguro que cumplieron con los requisitos de la <a href=\"http:\/\/servicios.infoleg.gob.ar\/infolegInternet\/anexos\/260000-264999\/263724\/norma.htm\">Resoluci\u00f3n MAyDS N\u00b0 256\/2016<\/a> y que tienen la habilitaci\u00f3n de la Superintendencia de Seguros de la Naci\u00f3n y del Ministerio de Ambiente de Naci\u00f3n son: Sancor Cooperativa de Seguros Limitada; Testimonio Compa\u00f1\u00eda de Seguros S.A; Alba Cauci\u00f3n Compa\u00f1\u00eda de Seguros; Prudencia Compa\u00f1\u00eda Argentina de Seguros S.A;<\/p>\n<p>Boston Compa\u00f1\u00eda Argentina de Seguros S.A; El Surco Compa\u00f1\u00eda de Seguros S.A; y Naci\u00f3n Seguros S.A.<\/p>\n<p>Fuente: Ministerio de Ambiente<\/p>\n","protected":false},"excerpt":{"rendered":"<p>El Ministerio de Ambiente de la Naci\u00f3n, a trav\u00e9s de la Secretar\u00eda de Control y Monitoreo Ambiental, ofreci\u00f3 una capacitaci\u00f3n [&hellip;]<\/p>\n","protected":false},"author":2,"featured_media":27325,"comment_status":"open","ping_status":"open","sticky":false,"template":"","format":"standard","meta":{"site-sidebar-layout":"default","site-content-layout":"","ast-site-content-layout":"default","site-content-style":"default","site-sidebar-style":"default","ast-global-header-display":"","ast-banner-title-visibility":"","ast-main-header-display":"","ast-hfb-above-header-display":"","ast-hfb-below-header-display":"","ast-hfb-mobile-header-display":"","site-post-title":"","ast-breadcrumbs-content":"","ast-featured-img":"","footer-sml-layout":"","ast-disable-related-posts":"","theme-transparent-header-meta":"","adv-header-id-meta":"","stick-header-meta":"","header-above-stick-meta":"","header-main-stick-meta":"","header-below-stick-meta":"","astra-migrate-meta-layouts":"default","ast-page-background-enabled":"default","ast-page-background-meta":{"desktop":{"background-color":"var(--ast-global-color-5)","background-image":"","background-repeat":"repeat","background-position":"center center","background-size":"auto","background-attachment":"scroll","background-type":"","background-media":"","overlay-type":"","overlay-color":"","overlay-opacity":"","overlay-gradient":""},"tablet":{"background-color":"","background-image":"","background-repeat":"repeat","background-position":"center center","background-size":"auto","background-attachment":"scroll","background-type":"","background-media":"","overlay-type":"","overlay-color":"","overlay-opacity":"","overlay-gradient":""},"mobile":{"background-color":"","background-image":"","background-repeat":"repeat","background-position":"center center","background-size":"auto","background-attachment":"scroll","background-type":"","background-media":"","overlay-type":"","overlay-color":"","overlay-opacity":"","overlay-gradient":""}},"ast-content-background-meta":{"desktop":{"background-color":"var(--ast-global-color-4)","background-image":"","background-repeat":"repeat","background-position":"center center","background-size":"auto","background-attachment":"scroll","background-type":"","background-media":"","overlay-type":"","overlay-color":"","overlay-opacity":"","overlay-gradient":""},"tablet":{"background-color":"var(--ast-global-color-4)","background-image":"","background-repeat":"repeat","background-position":"center center","background-size":"auto","background-attachment":"scroll","background-type":"","background-media":"","overlay-type":"","overlay-color":"","overlay-opacity":"","overlay-gradient":""},"mobile":{"background-color":"var(--ast-global-color-4)","background-image":"","background-repeat":"repeat","background-position":"center center","background-size":"auto","background-attachment":"scroll","background-type":"","background-media":"","overlay-type":"","overlay-color":"","overlay-opacity":"","overlay-gradient":""}},"footnotes":""},"categories":[19,1],"tags":[],"class_list":["post-27324","post","type-post","status-publish","format-standard","has-post-thumbnail","hentry","category-nacionales","category-noticias"],"yoast_head":"<!-- This site is optimized with the Yoast SEO Premium plugin v23.0 (Yoast SEO v27.5) - https:\/\/yoast.com\/product\/yoast-seo-premium-wordpress\/ -->\n<title>Ambiente profundiza la prevenci\u00f3n de da\u00f1os ambientales<\/title>\n<meta name=\"robots\" content=\"index, follow, max-snippet:-1, max-image-preview:large, max-video-preview:-1\" \/>\n<link rel=\"canonical\" href=\"https:\/\/patagoniambiental.com.ar\/info\/ambiente-profundiza-la-prevencion-de-danos-ambientales\/\" \/>\n<meta property=\"og:locale\" content=\"es_ES\" \/>\n<meta property=\"og:type\" content=\"article\" \/>\n<meta property=\"og:title\" content=\"Ambiente profundiza la prevenci\u00f3n de da\u00f1os ambientales\" \/>\n<meta property=\"og:description\" content=\"El Ministerio de Ambiente de la Naci\u00f3n, a trav\u00e9s de la Secretar\u00eda de Control y Monitoreo Ambiental, ofreci\u00f3 una capacitaci\u00f3n [&hellip;]\" \/>\n<meta property=\"og:url\" content=\"https:\/\/patagoniambiental.com.ar\/info\/ambiente-profundiza-la-prevencion-de-danos-ambientales\/\" \/>\n<meta property=\"og:site_name\" content=\"Patagonia Ambiental\" \/>\n<meta property=\"article:publisher\" content=\"https:\/\/www.facebook.com\/patagonia.ambiental\" \/>\n<meta property=\"article:author\" content=\"https:\/\/www.facebook.com\/share\/1C1V8Gv9BX\/?mibextid=qi2Omg\" \/>\n<meta property=\"article:published_time\" content=\"2017-04-10T12:00:25+00:00\" \/>\n<meta property=\"og:image\" content=\"https:\/\/patagoniambiental.com.ar\/info\/wp-content\/uploads\/2017\/04\/SEGURO_AMBIENTAL20170407_0004-800x410.jpg\" \/>\n\t<meta property=\"og:image:width\" content=\"800\" \/>\n\t<meta property=\"og:image:height\" content=\"410\" \/>\n\t<meta property=\"og:image:type\" content=\"image\/jpeg\" \/>\n<meta name=\"author\" content=\"Patagonia Ambiental\" \/>\n<meta name=\"twitter:card\" content=\"summary_large_image\" \/>\n<meta name=\"twitter:creator\" content=\"@PatAmb\" \/>\n<meta name=\"twitter:site\" content=\"@PatAmb\" \/>\n<script type=\"application\/ld+json\" class=\"yoast-schema-graph\">{\"@context\":\"https:\\\/\\\/schema.org\",\"@graph\":[{\"@type\":\"Article\",\"@id\":\"https:\\\/\\\/patagoniambiental.com.ar\\\/info\\\/ambiente-profundiza-la-prevencion-de-danos-ambientales\\\/#article\",\"isPartOf\":{\"@id\":\"https:\\\/\\\/patagoniambiental.com.ar\\\/info\\\/ambiente-profundiza-la-prevencion-de-danos-ambientales\\\/\"},\"author\":{\"name\":\"Patagonia Ambiental\",\"@id\":\"https:\\\/\\\/patagoniambiental.com.ar\\\/info\\\/#\\\/schema\\\/person\\\/db12bff64bbcbf6a253710bf0ea37b5d\"},\"headline\":\"Ambiente profundiza la prevenci\u00f3n de da\u00f1os ambientales\",\"datePublished\":\"2017-04-10T12:00:25+00:00\",\"mainEntityOfPage\":{\"@id\":\"https:\\\/\\\/patagoniambiental.com.ar\\\/info\\\/ambiente-profundiza-la-prevencion-de-danos-ambientales\\\/\"},\"wordCount\":507,\"commentCount\":0,\"publisher\":{\"@id\":\"https:\\\/\\\/patagoniambiental.com.ar\\\/info\\\/#organization\"},\"image\":{\"@id\":\"https:\\\/\\\/patagoniambiental.com.ar\\\/info\\\/ambiente-profundiza-la-prevencion-de-danos-ambientales\\\/#primaryimage\"},\"thumbnailUrl\":\"https:\\\/\\\/patagoniambiental.com.ar\\\/info\\\/wp-content\\\/uploads\\\/2017\\\/04\\\/SEGURO_AMBIENTAL20170407_0004-800x410.jpg\",\"articleSection\":[\"Nacionales\",\"Noticias\"],\"inLanguage\":\"es\",\"potentialAction\":[{\"@type\":\"CommentAction\",\"name\":\"Comment\",\"target\":[\"https:\\\/\\\/patagoniambiental.com.ar\\\/info\\\/ambiente-profundiza-la-prevencion-de-danos-ambientales\\\/#respond\"]}]},{\"@type\":\"WebPage\",\"@id\":\"https:\\\/\\\/patagoniambiental.com.ar\\\/info\\\/ambiente-profundiza-la-prevencion-de-danos-ambientales\\\/\",\"url\":\"https:\\\/\\\/patagoniambiental.com.ar\\\/info\\\/ambiente-profundiza-la-prevencion-de-danos-ambientales\\\/\",\"name\":\"Ambiente profundiza la prevenci\u00f3n de da\u00f1os ambientales\",\"isPartOf\":{\"@id\":\"https:\\\/\\\/patagoniambiental.com.ar\\\/info\\\/#website\"},\"primaryImageOfPage\":{\"@id\":\"https:\\\/\\\/patagoniambiental.com.ar\\\/info\\\/ambiente-profundiza-la-prevencion-de-danos-ambientales\\\/#primaryimage\"},\"image\":{\"@id\":\"https:\\\/\\\/patagoniambiental.com.ar\\\/info\\\/ambiente-profundiza-la-prevencion-de-danos-ambientales\\\/#primaryimage\"},\"thumbnailUrl\":\"https:\\\/\\\/patagoniambiental.com.ar\\\/info\\\/wp-content\\\/uploads\\\/2017\\\/04\\\/SEGURO_AMBIENTAL20170407_0004-800x410.jpg\",\"datePublished\":\"2017-04-10T12:00:25+00:00\",\"breadcrumb\":{\"@id\":\"https:\\\/\\\/patagoniambiental.com.ar\\\/info\\\/ambiente-profundiza-la-prevencion-de-danos-ambientales\\\/#breadcrumb\"},\"inLanguage\":\"es\",\"potentialAction\":[{\"@type\":\"ReadAction\",\"target\":[\"https:\\\/\\\/patagoniambiental.com.ar\\\/info\\\/ambiente-profundiza-la-prevencion-de-danos-ambientales\\\/\"]}]},{\"@type\":\"ImageObject\",\"inLanguage\":\"es\",\"@id\":\"https:\\\/\\\/patagoniambiental.com.ar\\\/info\\\/ambiente-profundiza-la-prevencion-de-danos-ambientales\\\/#primaryimage\",\"url\":\"https:\\\/\\\/patagoniambiental.com.ar\\\/info\\\/wp-content\\\/uploads\\\/2017\\\/04\\\/SEGURO_AMBIENTAL20170407_0004-800x410.jpg\",\"contentUrl\":\"https:\\\/\\\/patagoniambiental.com.ar\\\/info\\\/wp-content\\\/uploads\\\/2017\\\/04\\\/SEGURO_AMBIENTAL20170407_0004-800x410.jpg\",\"width\":800,\"height\":410},{\"@type\":\"BreadcrumbList\",\"@id\":\"https:\\\/\\\/patagoniambiental.com.ar\\\/info\\\/ambiente-profundiza-la-prevencion-de-danos-ambientales\\\/#breadcrumb\",\"itemListElement\":[{\"@type\":\"ListItem\",\"position\":1,\"name\":\"Inicio\",\"item\":\"https:\\\/\\\/patagoniambiental.com.ar\\\/info\\\/\"},{\"@type\":\"ListItem\",\"position\":2,\"name\":\"Ambiente profundiza la prevenci\u00f3n de da\u00f1os ambientales\"}]},{\"@type\":\"WebSite\",\"@id\":\"https:\\\/\\\/patagoniambiental.com.ar\\\/info\\\/#website\",\"url\":\"https:\\\/\\\/patagoniambiental.com.ar\\\/info\\\/\",\"name\":\"Patagonia Ambiental\",\"description\":\"Monitoreo y an\u00e1lisis de la situaci\u00f3n geopol\u00edtica en el mundo y su implicancia en la Patagonia\",\"publisher\":{\"@id\":\"https:\\\/\\\/patagoniambiental.com.ar\\\/info\\\/#organization\"},\"potentialAction\":[{\"@type\":\"SearchAction\",\"target\":{\"@type\":\"EntryPoint\",\"urlTemplate\":\"https:\\\/\\\/patagoniambiental.com.ar\\\/info\\\/?s={search_term_string}\"},\"query-input\":{\"@type\":\"PropertyValueSpecification\",\"valueRequired\":true,\"valueName\":\"search_term_string\"}}],\"inLanguage\":\"es\"},{\"@type\":\"Organization\",\"@id\":\"https:\\\/\\\/patagoniambiental.com.ar\\\/info\\\/#organization\",\"name\":\"Patagonia Ambiental\",\"url\":\"https:\\\/\\\/patagoniambiental.com.ar\\\/info\\\/\",\"logo\":{\"@type\":\"ImageObject\",\"inLanguage\":\"es\",\"@id\":\"https:\\\/\\\/patagoniambiental.com.ar\\\/info\\\/#\\\/schema\\\/logo\\\/image\\\/\",\"url\":\"https:\\\/\\\/patagoniambiental.com.ar\\\/info\\\/wp-content\\\/uploads\\\/2025\\\/05\\\/LOGO-PATAGONIA-AMBIENTAL.png\",\"contentUrl\":\"https:\\\/\\\/patagoniambiental.com.ar\\\/info\\\/wp-content\\\/uploads\\\/2025\\\/05\\\/LOGO-PATAGONIA-AMBIENTAL.png\",\"width\":433,\"height\":250,\"caption\":\"Patagonia Ambiental\"},\"image\":{\"@id\":\"https:\\\/\\\/patagoniambiental.com.ar\\\/info\\\/#\\\/schema\\\/logo\\\/image\\\/\"},\"sameAs\":[\"https:\\\/\\\/www.facebook.com\\\/patagonia.ambiental\",\"https:\\\/\\\/x.com\\\/PatAmb\"]},{\"@type\":\"Person\",\"@id\":\"https:\\\/\\\/patagoniambiental.com.ar\\\/info\\\/#\\\/schema\\\/person\\\/db12bff64bbcbf6a253710bf0ea37b5d\",\"name\":\"Patagonia Ambiental\",\"description\":\"Andr\u00e9s Nievas T\u00e9cnico en manejo ambiental, consultor Ambiental y escritor para medios locales e internacionales sobre temas de geopolitica y medio ambiente.\",\"sameAs\":[\"http:\\\/\\\/www.patagoniambiental.com.ar\",\"https:\\\/\\\/www.facebook.com\\\/share\\\/1C1V8Gv9BX\\\/?mibextid=qi2Omg\",\"@patagoniambiental\",\"https:\\\/\\\/youtube.com\\\/@patagoniaambiental2023?si=BLt58t0wuXquxlYZ\"]}]}<\/script>\n<!-- \/ Yoast SEO Premium plugin. -->","yoast_head_json":{"title":"Ambiente profundiza la prevenci\u00f3n de da\u00f1os ambientales","robots":{"index":"index","follow":"follow","max-snippet":"max-snippet:-1","max-image-preview":"max-image-preview:large","max-video-preview":"max-video-preview:-1"},"canonical":"https:\/\/patagoniambiental.com.ar\/info\/ambiente-profundiza-la-prevencion-de-danos-ambientales\/","og_locale":"es_ES","og_type":"article","og_title":"Ambiente profundiza la prevenci\u00f3n de da\u00f1os ambientales","og_description":"El Ministerio de Ambiente de la Naci\u00f3n, a trav\u00e9s de la Secretar\u00eda de Control y Monitoreo Ambiental, ofreci\u00f3 una capacitaci\u00f3n [&hellip;]","og_url":"https:\/\/patagoniambiental.com.ar\/info\/ambiente-profundiza-la-prevencion-de-danos-ambientales\/","og_site_name":"Patagonia Ambiental","article_publisher":"https:\/\/www.facebook.com\/patagonia.ambiental","article_author":"https:\/\/www.facebook.com\/share\/1C1V8Gv9BX\/?mibextid=qi2Omg","article_published_time":"2017-04-10T12:00:25+00:00","og_image":[{"width":800,"height":410,"url":"https:\/\/patagoniambiental.com.ar\/info\/wp-content\/uploads\/2017\/04\/SEGURO_AMBIENTAL20170407_0004-800x410.jpg","type":"image\/jpeg"}],"author":"Patagonia Ambiental","twitter_card":"summary_large_image","twitter_creator":"@PatAmb","twitter_site":"@PatAmb","schema":{"@context":"https:\/\/schema.org","@graph":[{"@type":"Article","@id":"https:\/\/patagoniambiental.com.ar\/info\/ambiente-profundiza-la-prevencion-de-danos-ambientales\/#article","isPartOf":{"@id":"https:\/\/patagoniambiental.com.ar\/info\/ambiente-profundiza-la-prevencion-de-danos-ambientales\/"},"author":{"name":"Patagonia Ambiental","@id":"https:\/\/patagoniambiental.com.ar\/info\/#\/schema\/person\/db12bff64bbcbf6a253710bf0ea37b5d"},"headline":"Ambiente profundiza la prevenci\u00f3n de da\u00f1os ambientales","datePublished":"2017-04-10T12:00:25+00:00","mainEntityOfPage":{"@id":"https:\/\/patagoniambiental.com.ar\/info\/ambiente-profundiza-la-prevencion-de-danos-ambientales\/"},"wordCount":507,"commentCount":0,"publisher":{"@id":"https:\/\/patagoniambiental.com.ar\/info\/#organization"},"image":{"@id":"https:\/\/patagoniambiental.com.ar\/info\/ambiente-profundiza-la-prevencion-de-danos-ambientales\/#primaryimage"},"thumbnailUrl":"https:\/\/patagoniambiental.com.ar\/info\/wp-content\/uploads\/2017\/04\/SEGURO_AMBIENTAL20170407_0004-800x410.jpg","articleSection":["Nacionales","Noticias"],"inLanguage":"es","potentialAction":[{"@type":"CommentAction","name":"Comment","target":["https:\/\/patagoniambiental.com.ar\/info\/ambiente-profundiza-la-prevencion-de-danos-ambientales\/#respond"]}]},{"@type":"WebPage","@id":"https:\/\/patagoniambiental.com.ar\/info\/ambiente-profundiza-la-prevencion-de-danos-ambientales\/","url":"https:\/\/patagoniambiental.com.ar\/info\/ambiente-profundiza-la-prevencion-de-danos-ambientales\/","name":"Ambiente profundiza la prevenci\u00f3n de da\u00f1os ambientales","isPartOf":{"@id":"https:\/\/patagoniambiental.com.ar\/info\/#website"},"primaryImageOfPage":{"@id":"https:\/\/patagoniambiental.com.ar\/info\/ambiente-profundiza-la-prevencion-de-danos-ambientales\/#primaryimage"},"image":{"@id":"https:\/\/patagoniambiental.com.ar\/info\/ambiente-profundiza-la-prevencion-de-danos-ambientales\/#primaryimage"},"thumbnailUrl":"https:\/\/patagoniambiental.com.ar\/info\/wp-content\/uploads\/2017\/04\/SEGURO_AMBIENTAL20170407_0004-800x410.jpg","datePublished":"2017-04-10T12:00:25+00:00","breadcrumb":{"@id":"https:\/\/patagoniambiental.com.ar\/info\/ambiente-profundiza-la-prevencion-de-danos-ambientales\/#breadcrumb"},"inLanguage":"es","potentialAction":[{"@type":"ReadAction","target":["https:\/\/patagoniambiental.com.ar\/info\/ambiente-profundiza-la-prevencion-de-danos-ambientales\/"]}]},{"@type":"ImageObject","inLanguage":"es","@id":"https:\/\/patagoniambiental.com.ar\/info\/ambiente-profundiza-la-prevencion-de-danos-ambientales\/#primaryimage","url":"https:\/\/patagoniambiental.com.ar\/info\/wp-content\/uploads\/2017\/04\/SEGURO_AMBIENTAL20170407_0004-800x410.jpg","contentUrl":"https:\/\/patagoniambiental.com.ar\/info\/wp-content\/uploads\/2017\/04\/SEGURO_AMBIENTAL20170407_0004-800x410.jpg","width":800,"height":410},{"@type":"BreadcrumbList","@id":"https:\/\/patagoniambiental.com.ar\/info\/ambiente-profundiza-la-prevencion-de-danos-ambientales\/#breadcrumb","itemListElement":[{"@type":"ListItem","position":1,"name":"Inicio","item":"https:\/\/patagoniambiental.com.ar\/info\/"},{"@type":"ListItem","position":2,"name":"Ambiente profundiza la prevenci\u00f3n de da\u00f1os ambientales"}]},{"@type":"WebSite","@id":"https:\/\/patagoniambiental.com.ar\/info\/#website","url":"https:\/\/patagoniambiental.com.ar\/info\/","name":"Patagonia Ambiental","description":"Monitoreo y an\u00e1lisis de la situaci\u00f3n geopol\u00edtica en el mundo y su implicancia en la Patagonia","publisher":{"@id":"https:\/\/patagoniambiental.com.ar\/info\/#organization"},"potentialAction":[{"@type":"SearchAction","target":{"@type":"EntryPoint","urlTemplate":"https:\/\/patagoniambiental.com.ar\/info\/?s={search_term_string}"},"query-input":{"@type":"PropertyValueSpecification","valueRequired":true,"valueName":"search_term_string"}}],"inLanguage":"es"},{"@type":"Organization","@id":"https:\/\/patagoniambiental.com.ar\/info\/#organization","name":"Patagonia Ambiental","url":"https:\/\/patagoniambiental.com.ar\/info\/","logo":{"@type":"ImageObject","inLanguage":"es","@id":"https:\/\/patagoniambiental.com.ar\/info\/#\/schema\/logo\/image\/","url":"https:\/\/patagoniambiental.com.ar\/info\/wp-content\/uploads\/2025\/05\/LOGO-PATAGONIA-AMBIENTAL.png","contentUrl":"https:\/\/patagoniambiental.com.ar\/info\/wp-content\/uploads\/2025\/05\/LOGO-PATAGONIA-AMBIENTAL.png","width":433,"height":250,"caption":"Patagonia Ambiental"},"image":{"@id":"https:\/\/patagoniambiental.com.ar\/info\/#\/schema\/logo\/image\/"},"sameAs":["https:\/\/www.facebook.com\/patagonia.ambiental","https:\/\/x.com\/PatAmb"]},{"@type":"Person","@id":"https:\/\/patagoniambiental.com.ar\/info\/#\/schema\/person\/db12bff64bbcbf6a253710bf0ea37b5d","name":"Patagonia Ambiental","description":"Andr\u00e9s Nievas T\u00e9cnico en manejo ambiental, consultor Ambiental y escritor para medios locales e internacionales sobre temas de geopolitica y medio ambiente.","sameAs":["http:\/\/www.patagoniambiental.com.ar","https:\/\/www.facebook.com\/share\/1C1V8Gv9BX\/?mibextid=qi2Omg","@patagoniambiental","https:\/\/youtube.com\/@patagoniaambiental2023?si=BLt58t0wuXquxlYZ"]}]}},"_links":{"self":[{"href":"https:\/\/patagoniambiental.com.ar\/info\/wp-json\/wp\/v2\/posts\/27324","targetHints":{"allow":["GET"]}}],"collection":[{"href":"https:\/\/patagoniambiental.com.ar\/info\/wp-json\/wp\/v2\/posts"}],"about":[{"href":"https:\/\/patagoniambiental.com.ar\/info\/wp-json\/wp\/v2\/types\/post"}],"author":[{"embeddable":true,"href":"https:\/\/patagoniambiental.com.ar\/info\/wp-json\/wp\/v2\/users\/2"}],"replies":[{"embeddable":true,"href":"https:\/\/patagoniambiental.com.ar\/info\/wp-json\/wp\/v2\/comments?post=27324"}],"version-history":[{"count":0,"href":"https:\/\/patagoniambiental.com.ar\/info\/wp-json\/wp\/v2\/posts\/27324\/revisions"}],"wp:featuredmedia":[{"embeddable":true,"href":"https:\/\/patagoniambiental.com.ar\/info\/wp-json\/wp\/v2\/media\/27325"}],"wp:attachment":[{"href":"https:\/\/patagoniambiental.com.ar\/info\/wp-json\/wp\/v2\/media?parent=27324"}],"wp:term":[{"taxonomy":"category","embeddable":true,"href":"https:\/\/patagoniambiental.com.ar\/info\/wp-json\/wp\/v2\/categories?post=27324"},{"taxonomy":"post_tag","embeddable":true,"href":"https:\/\/patagoniambiental.com.ar\/info\/wp-json\/wp\/v2\/tags?post=27324"}],"curies":[{"name":"wp","href":"https:\/\/api.w.org\/{rel}","templated":true}]}}