{"id":27399,"date":"2017-04-11T09:00:14","date_gmt":"2017-04-11T12:00:14","guid":{"rendered":"http:\/\/patagoniambiental.com.ar\/info\/?p=27399"},"modified":"2017-04-10T20:27:35","modified_gmt":"2017-04-10T23:27:35","slug":"taller-plan-de-manejo-de-la-reserva-provincial-lago-del-desierto","status":"publish","type":"post","link":"https:\/\/patagoniambiental.com.ar\/info\/taller-plan-de-manejo-de-la-reserva-provincial-lago-del-desierto\/","title":{"rendered":"Taller Plan de Manejo de la Reserva Provincial Lago del Desierto"},"content":{"rendered":"<div>\n<header>EL CHALTEN.- El intendente Ra\u00fal Andrade estuvo presente en el taller de \u201cPlanificaci\u00f3n Estrat\u00e9gica para la Formulaci\u00f3n de Plan de Manejo y Conservaci\u00f3n de la Reserva Provincial Lago del Desierto\u201d, organizado por El Centro de Investigaci\u00f3n y Extensi\u00f3n Forestal Andino Patag\u00f3nico (CIEFAP) y el CAP.<\/header>\n<header>El taller que se llev\u00f3 a cabo el s\u00e1bado 8 y domingo 9 de abril en las instalaciones del Jard\u00edn N\u00ba46 Los Huemules, El Chalt\u00e9n, cont\u00f3 con la presencia del Dr. Javier De Urquiza y Brigitte Van den Heede, representantes del CAP y el CIEFAP respectivamente, quienes presentaron y dieron inicio el evento que tuvo como objetivo reunir a vecinos e instituciones involucradas a esta Reserva Provincial y a trav\u00e9s del armado de mesas de trabajo donde se pusieron en com\u00fan opiniones, conocimientos y experiencias, conocer la visi\u00f3n y expectativas de cada uno y delinear un boceto de Plan de Manejo, Regulaci\u00f3n y Preservaci\u00f3n de esta \u00e1rea.<\/p>\n<p>Si bien este fue un primer acercamiento se espera, en un a\u00f1o, contar con este instrumento que planifica la gesti\u00f3n del patrimonio ecol\u00f3gico buscando resguardar la diversidad biol\u00f3gica, resguardando la calidad de las aguas y evitando el deterioro de los suelos.<\/p>\n<p>Acerca de la Reserva Provincial Lago del Desierto<\/p>\n<p>La Reserva Provincial Lago del Desierto se encuentra en el Departamento Lago Argentino de la Provincia de Santa Cruz, en inmediaciones de la frontera con Chile.<\/p>\n<p>Fue creada en el a\u00f1o 2005 por la Ley Provincial N\u00b02820, con una superficie aproximada de 60.000 ha.<\/p>\n<p>En la Ley No 3466\/15 de \u00c1reas Protegidas de la provincia de Santa Cruz se establecen los criterios de conservaci\u00f3n, ordenamiento y manejo de dichas \u00e1reas en la que su delimitaci\u00f3n, declaraci\u00f3n y categorizaci\u00f3n ser\u00e1 efectuada sobre la base de evaluaciones t\u00e9cnico- cient\u00edficas para lo que se tiene en cuenta la participaci\u00f3n ciudadana.<\/p>\n<\/header>\n<\/div>\n<div class=\"clear\">\u00a0Fuente:\u00a0http:\/\/www.tiemposur.com.ar\/nota\/128717-taller-plan-de-manejo-de-la-reserva-provincial-lago-del-desierto<\/div>\n<div class=\"image\"><\/div>\n","protected":false},"excerpt":{"rendered":"<p>EL CHALTEN.- El intendente Ra\u00fal Andrade estuvo presente en el taller de \u201cPlanificaci\u00f3n Estrat\u00e9gica para la Formulaci\u00f3n de Plan de [&hellip;]<\/p>\n","protected":false},"author":2,"featured_media":27400,"comment_status":"open","ping_status":"open","sticky":false,"template":"","format":"standard","meta":{"site-sidebar-layout":"default","site-content-layout":"","ast-site-content-layout":"default","site-content-style":"default","site-sidebar-style":"default","ast-global-header-display":"","ast-banner-title-visibility":"","ast-main-header-display":"","ast-hfb-above-header-display":"","ast-hfb-below-header-display":"","ast-hfb-mobile-header-display":"","site-post-title":"","ast-breadcrumbs-content":"","ast-featured-img":"","footer-sml-layout":"","ast-disable-related-posts":"","theme-transparent-header-meta":"","adv-header-id-meta":"","stick-header-meta":"","header-above-stick-meta":"","header-main-stick-meta":"","header-below-stick-meta":"","astra-migrate-meta-layouts":"default","ast-page-background-enabled":"default","ast-page-background-meta":{"desktop":{"background-color":"var(--ast-global-color-5)","background-image":"","background-repeat":"repeat","background-position":"center center","background-size":"auto","background-attachment":"scroll","background-type":"","background-media":"","overlay-type":"","overlay-color":"","overlay-opacity":"","overlay-gradient":""},"tablet":{"background-color":"","background-image":"","background-repeat":"repeat","background-position":"center center","background-size":"auto","background-attachment":"scroll","background-type":"","background-media":"","overlay-type":"","overlay-color":"","overlay-opacity":"","overlay-gradient":""},"mobile":{"background-color":"","background-image":"","background-repeat":"repeat","background-position":"center center","background-size":"auto","background-attachment":"scroll","background-type":"","background-media":"","overlay-type":"","overlay-color":"","overlay-opacity":"","overlay-gradient":""}},"ast-content-background-meta":{"desktop":{"background-color":"var(--ast-global-color-4)","background-image":"","background-repeat":"repeat","background-position":"center center","background-size":"auto","background-attachment":"scroll","background-type":"","background-media":"","overlay-type":"","overlay-color":"","overlay-opacity":"","overlay-gradient":""},"tablet":{"background-color":"var(--ast-global-color-4)","background-image":"","background-repeat":"repeat","background-position":"center center","background-size":"auto","background-attachment":"scroll","background-type":"","background-media":"","overlay-type":"","overlay-color":"","overlay-opacity":"","overlay-gradient":""},"mobile":{"background-color":"var(--ast-global-color-4)","background-image":"","background-repeat":"repeat","background-position":"center center","background-size":"auto","background-attachment":"scroll","background-type":"","background-media":"","overlay-type":"","overlay-color":"","overlay-opacity":"","overlay-gradient":""}},"footnotes":""},"categories":[46,1],"tags":[],"class_list":["post-27399","post","type-post","status-publish","format-standard","has-post-thumbnail","hentry","category-municipios","category-noticias"],"yoast_head":"<!-- This site is optimized with the Yoast SEO Premium plugin v23.0 (Yoast SEO v27.5) - https:\/\/yoast.com\/product\/yoast-seo-premium-wordpress\/ -->\n<title>Taller Plan de Manejo de la Reserva Provincial Lago del Desierto<\/title>\n<meta name=\"robots\" content=\"index, follow, max-snippet:-1, max-image-preview:large, max-video-preview:-1\" \/>\n<link rel=\"canonical\" href=\"https:\/\/patagoniambiental.com.ar\/info\/taller-plan-de-manejo-de-la-reserva-provincial-lago-del-desierto\/\" \/>\n<meta property=\"og:locale\" content=\"es_ES\" \/>\n<meta property=\"og:type\" content=\"article\" \/>\n<meta property=\"og:title\" content=\"Taller Plan de Manejo de la Reserva Provincial Lago del Desierto\" \/>\n<meta property=\"og:description\" content=\"EL CHALTEN.- El intendente Ra\u00fal Andrade estuvo presente en el taller de \u201cPlanificaci\u00f3n Estrat\u00e9gica para la Formulaci\u00f3n de Plan de [&hellip;]\" \/>\n<meta property=\"og:url\" content=\"https:\/\/patagoniambiental.com.ar\/info\/taller-plan-de-manejo-de-la-reserva-provincial-lago-del-desierto\/\" \/>\n<meta property=\"og:site_name\" content=\"Patagonia Ambiental\" \/>\n<meta property=\"article:publisher\" content=\"https:\/\/www.facebook.com\/patagonia.ambiental\" \/>\n<meta property=\"article:author\" content=\"https:\/\/www.facebook.com\/share\/1C1V8Gv9BX\/?mibextid=qi2Omg\" \/>\n<meta property=\"article:published_time\" content=\"2017-04-11T12:00:14+00:00\" \/>\n<meta property=\"og:image\" content=\"https:\/\/patagoniambiental.com.ar\/info\/wp-content\/uploads\/2017\/04\/taller-el-chalten.jpg\" \/>\n\t<meta property=\"og:image:width\" content=\"555\" \/>\n\t<meta property=\"og:image:height\" content=\"386\" \/>\n\t<meta property=\"og:image:type\" content=\"image\/jpeg\" \/>\n<meta name=\"author\" content=\"Patagonia Ambiental\" \/>\n<meta name=\"twitter:card\" content=\"summary_large_image\" \/>\n<meta name=\"twitter:creator\" content=\"@PatAmb\" \/>\n<meta name=\"twitter:site\" content=\"@PatAmb\" \/>\n<script type=\"application\/ld+json\" class=\"yoast-schema-graph\">{\"@context\":\"https:\\\/\\\/schema.org\",\"@graph\":[{\"@type\":\"Article\",\"@id\":\"https:\\\/\\\/patagoniambiental.com.ar\\\/info\\\/taller-plan-de-manejo-de-la-reserva-provincial-lago-del-desierto\\\/#article\",\"isPartOf\":{\"@id\":\"https:\\\/\\\/patagoniambiental.com.ar\\\/info\\\/taller-plan-de-manejo-de-la-reserva-provincial-lago-del-desierto\\\/\"},\"author\":{\"name\":\"Patagonia Ambiental\",\"@id\":\"https:\\\/\\\/patagoniambiental.com.ar\\\/info\\\/#\\\/schema\\\/person\\\/db12bff64bbcbf6a253710bf0ea37b5d\"},\"headline\":\"Taller Plan de Manejo de la Reserva Provincial Lago del Desierto\",\"datePublished\":\"2017-04-11T12:00:14+00:00\",\"mainEntityOfPage\":{\"@id\":\"https:\\\/\\\/patagoniambiental.com.ar\\\/info\\\/taller-plan-de-manejo-de-la-reserva-provincial-lago-del-desierto\\\/\"},\"wordCount\":341,\"commentCount\":0,\"publisher\":{\"@id\":\"https:\\\/\\\/patagoniambiental.com.ar\\\/info\\\/#organization\"},\"image\":{\"@id\":\"https:\\\/\\\/patagoniambiental.com.ar\\\/info\\\/taller-plan-de-manejo-de-la-reserva-provincial-lago-del-desierto\\\/#primaryimage\"},\"thumbnailUrl\":\"https:\\\/\\\/patagoniambiental.com.ar\\\/info\\\/wp-content\\\/uploads\\\/2017\\\/04\\\/taller-el-chalten.jpg\",\"articleSection\":[\"Municipios\",\"Noticias\"],\"inLanguage\":\"es\",\"potentialAction\":[{\"@type\":\"CommentAction\",\"name\":\"Comment\",\"target\":[\"https:\\\/\\\/patagoniambiental.com.ar\\\/info\\\/taller-plan-de-manejo-de-la-reserva-provincial-lago-del-desierto\\\/#respond\"]}]},{\"@type\":\"WebPage\",\"@id\":\"https:\\\/\\\/patagoniambiental.com.ar\\\/info\\\/taller-plan-de-manejo-de-la-reserva-provincial-lago-del-desierto\\\/\",\"url\":\"https:\\\/\\\/patagoniambiental.com.ar\\\/info\\\/taller-plan-de-manejo-de-la-reserva-provincial-lago-del-desierto\\\/\",\"name\":\"Taller Plan de Manejo de la Reserva Provincial Lago del Desierto\",\"isPartOf\":{\"@id\":\"https:\\\/\\\/patagoniambiental.com.ar\\\/info\\\/#website\"},\"primaryImageOfPage\":{\"@id\":\"https:\\\/\\\/patagoniambiental.com.ar\\\/info\\\/taller-plan-de-manejo-de-la-reserva-provincial-lago-del-desierto\\\/#primaryimage\"},\"image\":{\"@id\":\"https:\\\/\\\/patagoniambiental.com.ar\\\/info\\\/taller-plan-de-manejo-de-la-reserva-provincial-lago-del-desierto\\\/#primaryimage\"},\"thumbnailUrl\":\"https:\\\/\\\/patagoniambiental.com.ar\\\/info\\\/wp-content\\\/uploads\\\/2017\\\/04\\\/taller-el-chalten.jpg\",\"datePublished\":\"2017-04-11T12:00:14+00:00\",\"breadcrumb\":{\"@id\":\"https:\\\/\\\/patagoniambiental.com.ar\\\/info\\\/taller-plan-de-manejo-de-la-reserva-provincial-lago-del-desierto\\\/#breadcrumb\"},\"inLanguage\":\"es\",\"potentialAction\":[{\"@type\":\"ReadAction\",\"target\":[\"https:\\\/\\\/patagoniambiental.com.ar\\\/info\\\/taller-plan-de-manejo-de-la-reserva-provincial-lago-del-desierto\\\/\"]}]},{\"@type\":\"ImageObject\",\"inLanguage\":\"es\",\"@id\":\"https:\\\/\\\/patagoniambiental.com.ar\\\/info\\\/taller-plan-de-manejo-de-la-reserva-provincial-lago-del-desierto\\\/#primaryimage\",\"url\":\"https:\\\/\\\/patagoniambiental.com.ar\\\/info\\\/wp-content\\\/uploads\\\/2017\\\/04\\\/taller-el-chalten.jpg\",\"contentUrl\":\"https:\\\/\\\/patagoniambiental.com.ar\\\/info\\\/wp-content\\\/uploads\\\/2017\\\/04\\\/taller-el-chalten.jpg\",\"width\":555,\"height\":386},{\"@type\":\"BreadcrumbList\",\"@id\":\"https:\\\/\\\/patagoniambiental.com.ar\\\/info\\\/taller-plan-de-manejo-de-la-reserva-provincial-lago-del-desierto\\\/#breadcrumb\",\"itemListElement\":[{\"@type\":\"ListItem\",\"position\":1,\"name\":\"Inicio\",\"item\":\"https:\\\/\\\/patagoniambiental.com.ar\\\/info\\\/\"},{\"@type\":\"ListItem\",\"position\":2,\"name\":\"Taller Plan de Manejo de la Reserva Provincial Lago del Desierto\"}]},{\"@type\":\"WebSite\",\"@id\":\"https:\\\/\\\/patagoniambiental.com.ar\\\/info\\\/#website\",\"url\":\"https:\\\/\\\/patagoniambiental.com.ar\\\/info\\\/\",\"name\":\"Patagonia Ambiental\",\"description\":\"Monitoreo y an\u00e1lisis de la situaci\u00f3n geopol\u00edtica en el mundo y su implicancia en la Patagonia\",\"publisher\":{\"@id\":\"https:\\\/\\\/patagoniambiental.com.ar\\\/info\\\/#organization\"},\"potentialAction\":[{\"@type\":\"SearchAction\",\"target\":{\"@type\":\"EntryPoint\",\"urlTemplate\":\"https:\\\/\\\/patagoniambiental.com.ar\\\/info\\\/?s={search_term_string}\"},\"query-input\":{\"@type\":\"PropertyValueSpecification\",\"valueRequired\":true,\"valueName\":\"search_term_string\"}}],\"inLanguage\":\"es\"},{\"@type\":\"Organization\",\"@id\":\"https:\\\/\\\/patagoniambiental.com.ar\\\/info\\\/#organization\",\"name\":\"Patagonia Ambiental\",\"url\":\"https:\\\/\\\/patagoniambiental.com.ar\\\/info\\\/\",\"logo\":{\"@type\":\"ImageObject\",\"inLanguage\":\"es\",\"@id\":\"https:\\\/\\\/patagoniambiental.com.ar\\\/info\\\/#\\\/schema\\\/logo\\\/image\\\/\",\"url\":\"https:\\\/\\\/patagoniambiental.com.ar\\\/info\\\/wp-content\\\/uploads\\\/2025\\\/05\\\/LOGO-PATAGONIA-AMBIENTAL.png\",\"contentUrl\":\"https:\\\/\\\/patagoniambiental.com.ar\\\/info\\\/wp-content\\\/uploads\\\/2025\\\/05\\\/LOGO-PATAGONIA-AMBIENTAL.png\",\"width\":433,\"height\":250,\"caption\":\"Patagonia Ambiental\"},\"image\":{\"@id\":\"https:\\\/\\\/patagoniambiental.com.ar\\\/info\\\/#\\\/schema\\\/logo\\\/image\\\/\"},\"sameAs\":[\"https:\\\/\\\/www.facebook.com\\\/patagonia.ambiental\",\"https:\\\/\\\/x.com\\\/PatAmb\"]},{\"@type\":\"Person\",\"@id\":\"https:\\\/\\\/patagoniambiental.com.ar\\\/info\\\/#\\\/schema\\\/person\\\/db12bff64bbcbf6a253710bf0ea37b5d\",\"name\":\"Patagonia Ambiental\",\"description\":\"Andr\u00e9s Nievas T\u00e9cnico en manejo ambiental, consultor Ambiental y escritor para medios locales e internacionales sobre temas de geopolitica y medio ambiente.\",\"sameAs\":[\"http:\\\/\\\/www.patagoniambiental.com.ar\",\"https:\\\/\\\/www.facebook.com\\\/share\\\/1C1V8Gv9BX\\\/?mibextid=qi2Omg\",\"@patagoniambiental\",\"https:\\\/\\\/youtube.com\\\/@patagoniaambiental2023?si=BLt58t0wuXquxlYZ\"]}]}<\/script>\n<!-- \/ Yoast SEO Premium plugin. -->","yoast_head_json":{"title":"Taller Plan de Manejo de la Reserva Provincial Lago del Desierto","robots":{"index":"index","follow":"follow","max-snippet":"max-snippet:-1","max-image-preview":"max-image-preview:large","max-video-preview":"max-video-preview:-1"},"canonical":"https:\/\/patagoniambiental.com.ar\/info\/taller-plan-de-manejo-de-la-reserva-provincial-lago-del-desierto\/","og_locale":"es_ES","og_type":"article","og_title":"Taller Plan de Manejo de la Reserva Provincial Lago del Desierto","og_description":"EL CHALTEN.- El intendente Ra\u00fal Andrade estuvo presente en el taller de \u201cPlanificaci\u00f3n Estrat\u00e9gica para la Formulaci\u00f3n de Plan de [&hellip;]","og_url":"https:\/\/patagoniambiental.com.ar\/info\/taller-plan-de-manejo-de-la-reserva-provincial-lago-del-desierto\/","og_site_name":"Patagonia Ambiental","article_publisher":"https:\/\/www.facebook.com\/patagonia.ambiental","article_author":"https:\/\/www.facebook.com\/share\/1C1V8Gv9BX\/?mibextid=qi2Omg","article_published_time":"2017-04-11T12:00:14+00:00","og_image":[{"width":555,"height":386,"url":"https:\/\/patagoniambiental.com.ar\/info\/wp-content\/uploads\/2017\/04\/taller-el-chalten.jpg","type":"image\/jpeg"}],"author":"Patagonia Ambiental","twitter_card":"summary_large_image","twitter_creator":"@PatAmb","twitter_site":"@PatAmb","schema":{"@context":"https:\/\/schema.org","@graph":[{"@type":"Article","@id":"https:\/\/patagoniambiental.com.ar\/info\/taller-plan-de-manejo-de-la-reserva-provincial-lago-del-desierto\/#article","isPartOf":{"@id":"https:\/\/patagoniambiental.com.ar\/info\/taller-plan-de-manejo-de-la-reserva-provincial-lago-del-desierto\/"},"author":{"name":"Patagonia Ambiental","@id":"https:\/\/patagoniambiental.com.ar\/info\/#\/schema\/person\/db12bff64bbcbf6a253710bf0ea37b5d"},"headline":"Taller Plan de Manejo de la Reserva Provincial Lago del Desierto","datePublished":"2017-04-11T12:00:14+00:00","mainEntityOfPage":{"@id":"https:\/\/patagoniambiental.com.ar\/info\/taller-plan-de-manejo-de-la-reserva-provincial-lago-del-desierto\/"},"wordCount":341,"commentCount":0,"publisher":{"@id":"https:\/\/patagoniambiental.com.ar\/info\/#organization"},"image":{"@id":"https:\/\/patagoniambiental.com.ar\/info\/taller-plan-de-manejo-de-la-reserva-provincial-lago-del-desierto\/#primaryimage"},"thumbnailUrl":"https:\/\/patagoniambiental.com.ar\/info\/wp-content\/uploads\/2017\/04\/taller-el-chalten.jpg","articleSection":["Municipios","Noticias"],"inLanguage":"es","potentialAction":[{"@type":"CommentAction","name":"Comment","target":["https:\/\/patagoniambiental.com.ar\/info\/taller-plan-de-manejo-de-la-reserva-provincial-lago-del-desierto\/#respond"]}]},{"@type":"WebPage","@id":"https:\/\/patagoniambiental.com.ar\/info\/taller-plan-de-manejo-de-la-reserva-provincial-lago-del-desierto\/","url":"https:\/\/patagoniambiental.com.ar\/info\/taller-plan-de-manejo-de-la-reserva-provincial-lago-del-desierto\/","name":"Taller Plan de Manejo de la Reserva Provincial Lago del Desierto","isPartOf":{"@id":"https:\/\/patagoniambiental.com.ar\/info\/#website"},"primaryImageOfPage":{"@id":"https:\/\/patagoniambiental.com.ar\/info\/taller-plan-de-manejo-de-la-reserva-provincial-lago-del-desierto\/#primaryimage"},"image":{"@id":"https:\/\/patagoniambiental.com.ar\/info\/taller-plan-de-manejo-de-la-reserva-provincial-lago-del-desierto\/#primaryimage"},"thumbnailUrl":"https:\/\/patagoniambiental.com.ar\/info\/wp-content\/uploads\/2017\/04\/taller-el-chalten.jpg","datePublished":"2017-04-11T12:00:14+00:00","breadcrumb":{"@id":"https:\/\/patagoniambiental.com.ar\/info\/taller-plan-de-manejo-de-la-reserva-provincial-lago-del-desierto\/#breadcrumb"},"inLanguage":"es","potentialAction":[{"@type":"ReadAction","target":["https:\/\/patagoniambiental.com.ar\/info\/taller-plan-de-manejo-de-la-reserva-provincial-lago-del-desierto\/"]}]},{"@type":"ImageObject","inLanguage":"es","@id":"https:\/\/patagoniambiental.com.ar\/info\/taller-plan-de-manejo-de-la-reserva-provincial-lago-del-desierto\/#primaryimage","url":"https:\/\/patagoniambiental.com.ar\/info\/wp-content\/uploads\/2017\/04\/taller-el-chalten.jpg","contentUrl":"https:\/\/patagoniambiental.com.ar\/info\/wp-content\/uploads\/2017\/04\/taller-el-chalten.jpg","width":555,"height":386},{"@type":"BreadcrumbList","@id":"https:\/\/patagoniambiental.com.ar\/info\/taller-plan-de-manejo-de-la-reserva-provincial-lago-del-desierto\/#breadcrumb","itemListElement":[{"@type":"ListItem","position":1,"name":"Inicio","item":"https:\/\/patagoniambiental.com.ar\/info\/"},{"@type":"ListItem","position":2,"name":"Taller Plan de Manejo de la Reserva Provincial Lago del Desierto"}]},{"@type":"WebSite","@id":"https:\/\/patagoniambiental.com.ar\/info\/#website","url":"https:\/\/patagoniambiental.com.ar\/info\/","name":"Patagonia Ambiental","description":"Monitoreo y an\u00e1lisis de la situaci\u00f3n geopol\u00edtica en el mundo y su implicancia en la Patagonia","publisher":{"@id":"https:\/\/patagoniambiental.com.ar\/info\/#organization"},"potentialAction":[{"@type":"SearchAction","target":{"@type":"EntryPoint","urlTemplate":"https:\/\/patagoniambiental.com.ar\/info\/?s={search_term_string}"},"query-input":{"@type":"PropertyValueSpecification","valueRequired":true,"valueName":"search_term_string"}}],"inLanguage":"es"},{"@type":"Organization","@id":"https:\/\/patagoniambiental.com.ar\/info\/#organization","name":"Patagonia Ambiental","url":"https:\/\/patagoniambiental.com.ar\/info\/","logo":{"@type":"ImageObject","inLanguage":"es","@id":"https:\/\/patagoniambiental.com.ar\/info\/#\/schema\/logo\/image\/","url":"https:\/\/patagoniambiental.com.ar\/info\/wp-content\/uploads\/2025\/05\/LOGO-PATAGONIA-AMBIENTAL.png","contentUrl":"https:\/\/patagoniambiental.com.ar\/info\/wp-content\/uploads\/2025\/05\/LOGO-PATAGONIA-AMBIENTAL.png","width":433,"height":250,"caption":"Patagonia Ambiental"},"image":{"@id":"https:\/\/patagoniambiental.com.ar\/info\/#\/schema\/logo\/image\/"},"sameAs":["https:\/\/www.facebook.com\/patagonia.ambiental","https:\/\/x.com\/PatAmb"]},{"@type":"Person","@id":"https:\/\/patagoniambiental.com.ar\/info\/#\/schema\/person\/db12bff64bbcbf6a253710bf0ea37b5d","name":"Patagonia Ambiental","description":"Andr\u00e9s Nievas T\u00e9cnico en manejo ambiental, consultor Ambiental y escritor para medios locales e internacionales sobre temas de geopolitica y medio ambiente.","sameAs":["http:\/\/www.patagoniambiental.com.ar","https:\/\/www.facebook.com\/share\/1C1V8Gv9BX\/?mibextid=qi2Omg","@patagoniambiental","https:\/\/youtube.com\/@patagoniaambiental2023?si=BLt58t0wuXquxlYZ"]}]}},"_links":{"self":[{"href":"https:\/\/patagoniambiental.com.ar\/info\/wp-json\/wp\/v2\/posts\/27399","targetHints":{"allow":["GET"]}}],"collection":[{"href":"https:\/\/patagoniambiental.com.ar\/info\/wp-json\/wp\/v2\/posts"}],"about":[{"href":"https:\/\/patagoniambiental.com.ar\/info\/wp-json\/wp\/v2\/types\/post"}],"author":[{"embeddable":true,"href":"https:\/\/patagoniambiental.com.ar\/info\/wp-json\/wp\/v2\/users\/2"}],"replies":[{"embeddable":true,"href":"https:\/\/patagoniambiental.com.ar\/info\/wp-json\/wp\/v2\/comments?post=27399"}],"version-history":[{"count":0,"href":"https:\/\/patagoniambiental.com.ar\/info\/wp-json\/wp\/v2\/posts\/27399\/revisions"}],"wp:featuredmedia":[{"embeddable":true,"href":"https:\/\/patagoniambiental.com.ar\/info\/wp-json\/wp\/v2\/media\/27400"}],"wp:attachment":[{"href":"https:\/\/patagoniambiental.com.ar\/info\/wp-json\/wp\/v2\/media?parent=27399"}],"wp:term":[{"taxonomy":"category","embeddable":true,"href":"https:\/\/patagoniambiental.com.ar\/info\/wp-json\/wp\/v2\/categories?post=27399"},{"taxonomy":"post_tag","embeddable":true,"href":"https:\/\/patagoniambiental.com.ar\/info\/wp-json\/wp\/v2\/tags?post=27399"}],"curies":[{"name":"wp","href":"https:\/\/api.w.org\/{rel}","templated":true}]}}