{"id":27444,"date":"2017-04-11T19:00:35","date_gmt":"2017-04-11T22:00:35","guid":{"rendered":"http:\/\/patagoniambiental.com.ar\/info\/?p=27444"},"modified":"2017-04-11T13:16:37","modified_gmt":"2017-04-11T16:16:37","slug":"el-condor-aguas-rionegrinas-limpiara-manana-la-cisterna-de-agua-potable","status":"publish","type":"post","link":"https:\/\/patagoniambiental.com.ar\/info\/el-condor-aguas-rionegrinas-limpiara-manana-la-cisterna-de-agua-potable\/","title":{"rendered":"El C\u00f3ndor: Aguas Rionegrinas limpiar\u00e1 ma\u00f1ana la cisterna de agua potable"},"content":{"rendered":"<p>Balneario El Condor.-La empresa estatal Aguas Rionegrinas realizar\u00e1 este mi\u00e9rcoles trabajos de limpieza y mantenimiento en la cisterna de agua potable que abastece al balneario El C\u00f3ndor.<!--more--><\/p>\n<p>Es por esta raz\u00f3n que el servicio estar\u00e1 afectado desde las\u00a0 7 horas de la ma\u00f1ana hasta pasado el mediod\u00eda del mi\u00e9rcoles.<\/p>\n<p>Por ello, se recomienda a los usuarios y usuarias tomar los recaudos necesarios, utilizando racionalmente las reservas domiciliarias para evitar la faltante del suministro.<\/p>\n<p>Se recuerda que d\u00edas atr\u00e1s personal de la empresa estatal concret\u00f3 la limpieza de los reservorios de agua cruda de la villa balnearia, en el marco de tareas que se realizan para el correcto mantenimiento de las instalaciones internas.<\/p>\n<p>Aguas Rionegrinas destaca la importancia de que cada usuario realice la limpieza de su tanque de reserva domiciliario, corroborando adem\u00e1s el correcto estado del mismo.<\/p>\n<p>Por dudas, consultas o reclamos est\u00e1 disponible la l\u00ednea telef\u00f3nica gratuita 0800 999 24827.<\/p>\n","protected":false},"excerpt":{"rendered":"<p>Balneario El Condor.-La empresa estatal Aguas Rionegrinas realizar\u00e1 este mi\u00e9rcoles trabajos de limpieza y mantenimiento en la cisterna de agua [&hellip;]<\/p>\n","protected":false},"author":2,"featured_media":27430,"comment_status":"open","ping_status":"open","sticky":false,"template":"","format":"standard","meta":{"site-sidebar-layout":"default","site-content-layout":"","ast-site-content-layout":"default","site-content-style":"default","site-sidebar-style":"default","ast-global-header-display":"","ast-banner-title-visibility":"","ast-main-header-display":"","ast-hfb-above-header-display":"","ast-hfb-below-header-display":"","ast-hfb-mobile-header-display":"","site-post-title":"","ast-breadcrumbs-content":"","ast-featured-img":"","footer-sml-layout":"","ast-disable-related-posts":"","theme-transparent-header-meta":"","adv-header-id-meta":"","stick-header-meta":"","header-above-stick-meta":"","header-main-stick-meta":"","header-below-stick-meta":"","astra-migrate-meta-layouts":"default","ast-page-background-enabled":"default","ast-page-background-meta":{"desktop":{"background-color":"var(--ast-global-color-5)","background-image":"","background-repeat":"repeat","background-position":"center center","background-size":"auto","background-attachment":"scroll","background-type":"","background-media":"","overlay-type":"","overlay-color":"","overlay-opacity":"","overlay-gradient":""},"tablet":{"background-color":"","background-image":"","background-repeat":"repeat","background-position":"center center","background-size":"auto","background-attachment":"scroll","background-type":"","background-media":"","overlay-type":"","overlay-color":"","overlay-opacity":"","overlay-gradient":""},"mobile":{"background-color":"","background-image":"","background-repeat":"repeat","background-position":"center center","background-size":"auto","background-attachment":"scroll","background-type":"","background-media":"","overlay-type":"","overlay-color":"","overlay-opacity":"","overlay-gradient":""}},"ast-content-background-meta":{"desktop":{"background-color":"var(--ast-global-color-4)","background-image":"","background-repeat":"repeat","background-position":"center center","background-size":"auto","background-attachment":"scroll","background-type":"","background-media":"","overlay-type":"","overlay-color":"","overlay-opacity":"","overlay-gradient":""},"tablet":{"background-color":"var(--ast-global-color-4)","background-image":"","background-repeat":"repeat","background-position":"center center","background-size":"auto","background-attachment":"scroll","background-type":"","background-media":"","overlay-type":"","overlay-color":"","overlay-opacity":"","overlay-gradient":""},"mobile":{"background-color":"var(--ast-global-color-4)","background-image":"","background-repeat":"repeat","background-position":"center center","background-size":"auto","background-attachment":"scroll","background-type":"","background-media":"","overlay-type":"","overlay-color":"","overlay-opacity":"","overlay-gradient":""}},"footnotes":""},"categories":[16,1],"tags":[],"class_list":["post-27444","post","type-post","status-publish","format-standard","has-post-thumbnail","hentry","category-municipales","category-noticias"],"yoast_head":"<!-- This site is optimized with the Yoast SEO Premium plugin v23.0 (Yoast SEO v27.4) - https:\/\/yoast.com\/product\/yoast-seo-premium-wordpress\/ -->\n<title>El C\u00f3ndor: Aguas Rionegrinas limpiar\u00e1 ma\u00f1ana la cisterna de agua potable<\/title>\n<meta name=\"robots\" content=\"index, follow, max-snippet:-1, max-image-preview:large, max-video-preview:-1\" \/>\n<link rel=\"canonical\" href=\"https:\/\/patagoniambiental.com.ar\/info\/el-condor-aguas-rionegrinas-limpiara-manana-la-cisterna-de-agua-potable\/\" \/>\n<meta property=\"og:locale\" content=\"es_ES\" \/>\n<meta property=\"og:type\" content=\"article\" \/>\n<meta property=\"og:title\" content=\"El C\u00f3ndor: Aguas Rionegrinas limpiar\u00e1 ma\u00f1ana la cisterna de agua potable\" \/>\n<meta property=\"og:description\" content=\"Balneario El Condor.-La empresa estatal Aguas Rionegrinas realizar\u00e1 este mi\u00e9rcoles trabajos de limpieza y mantenimiento en la cisterna de agua [&hellip;]\" \/>\n<meta property=\"og:url\" content=\"https:\/\/patagoniambiental.com.ar\/info\/el-condor-aguas-rionegrinas-limpiara-manana-la-cisterna-de-agua-potable\/\" \/>\n<meta property=\"og:site_name\" content=\"Patagonia Ambiental\" \/>\n<meta property=\"article:publisher\" content=\"https:\/\/www.facebook.com\/patagonia.ambiental\" \/>\n<meta property=\"article:author\" content=\"https:\/\/www.facebook.com\/share\/1C1V8Gv9BX\/?mibextid=qi2Omg\" \/>\n<meta property=\"article:published_time\" content=\"2017-04-11T22:00:35+00:00\" \/>\n<meta property=\"og:image\" content=\"https:\/\/patagoniambiental.com.ar\/info\/wp-content\/uploads\/2017\/04\/00027432.jpg\" \/>\n\t<meta property=\"og:image:width\" content=\"924\" \/>\n\t<meta property=\"og:image:height\" content=\"616\" \/>\n\t<meta property=\"og:image:type\" content=\"image\/jpeg\" \/>\n<meta name=\"author\" content=\"Patagonia Ambiental\" \/>\n<meta name=\"twitter:card\" content=\"summary_large_image\" \/>\n<meta name=\"twitter:creator\" content=\"@PatAmb\" \/>\n<meta name=\"twitter:site\" content=\"@PatAmb\" \/>\n<script type=\"application\/ld+json\" class=\"yoast-schema-graph\">{\"@context\":\"https:\\\/\\\/schema.org\",\"@graph\":[{\"@type\":\"Article\",\"@id\":\"https:\\\/\\\/patagoniambiental.com.ar\\\/info\\\/el-condor-aguas-rionegrinas-limpiara-manana-la-cisterna-de-agua-potable\\\/#article\",\"isPartOf\":{\"@id\":\"https:\\\/\\\/patagoniambiental.com.ar\\\/info\\\/el-condor-aguas-rionegrinas-limpiara-manana-la-cisterna-de-agua-potable\\\/\"},\"author\":{\"name\":\"Patagonia Ambiental\",\"@id\":\"https:\\\/\\\/patagoniambiental.com.ar\\\/info\\\/#\\\/schema\\\/person\\\/db12bff64bbcbf6a253710bf0ea37b5d\"},\"headline\":\"El C\u00f3ndor: Aguas Rionegrinas limpiar\u00e1 ma\u00f1ana la cisterna de agua potable\",\"datePublished\":\"2017-04-11T22:00:35+00:00\",\"mainEntityOfPage\":{\"@id\":\"https:\\\/\\\/patagoniambiental.com.ar\\\/info\\\/el-condor-aguas-rionegrinas-limpiara-manana-la-cisterna-de-agua-potable\\\/\"},\"wordCount\":172,\"commentCount\":0,\"publisher\":{\"@id\":\"https:\\\/\\\/patagoniambiental.com.ar\\\/info\\\/#organization\"},\"image\":{\"@id\":\"https:\\\/\\\/patagoniambiental.com.ar\\\/info\\\/el-condor-aguas-rionegrinas-limpiara-manana-la-cisterna-de-agua-potable\\\/#primaryimage\"},\"thumbnailUrl\":\"https:\\\/\\\/patagoniambiental.com.ar\\\/info\\\/wp-content\\\/uploads\\\/2017\\\/04\\\/00027432.jpg\",\"articleSection\":[\"Municipales\",\"Noticias\"],\"inLanguage\":\"es\",\"potentialAction\":[{\"@type\":\"CommentAction\",\"name\":\"Comment\",\"target\":[\"https:\\\/\\\/patagoniambiental.com.ar\\\/info\\\/el-condor-aguas-rionegrinas-limpiara-manana-la-cisterna-de-agua-potable\\\/#respond\"]}]},{\"@type\":\"WebPage\",\"@id\":\"https:\\\/\\\/patagoniambiental.com.ar\\\/info\\\/el-condor-aguas-rionegrinas-limpiara-manana-la-cisterna-de-agua-potable\\\/\",\"url\":\"https:\\\/\\\/patagoniambiental.com.ar\\\/info\\\/el-condor-aguas-rionegrinas-limpiara-manana-la-cisterna-de-agua-potable\\\/\",\"name\":\"El C\u00f3ndor: Aguas Rionegrinas limpiar\u00e1 ma\u00f1ana la cisterna de agua potable\",\"isPartOf\":{\"@id\":\"https:\\\/\\\/patagoniambiental.com.ar\\\/info\\\/#website\"},\"primaryImageOfPage\":{\"@id\":\"https:\\\/\\\/patagoniambiental.com.ar\\\/info\\\/el-condor-aguas-rionegrinas-limpiara-manana-la-cisterna-de-agua-potable\\\/#primaryimage\"},\"image\":{\"@id\":\"https:\\\/\\\/patagoniambiental.com.ar\\\/info\\\/el-condor-aguas-rionegrinas-limpiara-manana-la-cisterna-de-agua-potable\\\/#primaryimage\"},\"thumbnailUrl\":\"https:\\\/\\\/patagoniambiental.com.ar\\\/info\\\/wp-content\\\/uploads\\\/2017\\\/04\\\/00027432.jpg\",\"datePublished\":\"2017-04-11T22:00:35+00:00\",\"breadcrumb\":{\"@id\":\"https:\\\/\\\/patagoniambiental.com.ar\\\/info\\\/el-condor-aguas-rionegrinas-limpiara-manana-la-cisterna-de-agua-potable\\\/#breadcrumb\"},\"inLanguage\":\"es\",\"potentialAction\":[{\"@type\":\"ReadAction\",\"target\":[\"https:\\\/\\\/patagoniambiental.com.ar\\\/info\\\/el-condor-aguas-rionegrinas-limpiara-manana-la-cisterna-de-agua-potable\\\/\"]}]},{\"@type\":\"ImageObject\",\"inLanguage\":\"es\",\"@id\":\"https:\\\/\\\/patagoniambiental.com.ar\\\/info\\\/el-condor-aguas-rionegrinas-limpiara-manana-la-cisterna-de-agua-potable\\\/#primaryimage\",\"url\":\"https:\\\/\\\/patagoniambiental.com.ar\\\/info\\\/wp-content\\\/uploads\\\/2017\\\/04\\\/00027432.jpg\",\"contentUrl\":\"https:\\\/\\\/patagoniambiental.com.ar\\\/info\\\/wp-content\\\/uploads\\\/2017\\\/04\\\/00027432.jpg\",\"width\":900,\"height\":600},{\"@type\":\"BreadcrumbList\",\"@id\":\"https:\\\/\\\/patagoniambiental.com.ar\\\/info\\\/el-condor-aguas-rionegrinas-limpiara-manana-la-cisterna-de-agua-potable\\\/#breadcrumb\",\"itemListElement\":[{\"@type\":\"ListItem\",\"position\":1,\"name\":\"Inicio\",\"item\":\"https:\\\/\\\/patagoniambiental.com.ar\\\/info\\\/\"},{\"@type\":\"ListItem\",\"position\":2,\"name\":\"El C\u00f3ndor: Aguas Rionegrinas limpiar\u00e1 ma\u00f1ana la cisterna de agua potable\"}]},{\"@type\":\"WebSite\",\"@id\":\"https:\\\/\\\/patagoniambiental.com.ar\\\/info\\\/#website\",\"url\":\"https:\\\/\\\/patagoniambiental.com.ar\\\/info\\\/\",\"name\":\"Patagonia Ambiental\",\"description\":\"Monitoreo y an\u00e1lisis de la situaci\u00f3n geopol\u00edtica en el mundo y su implicancia en la Patagonia\",\"publisher\":{\"@id\":\"https:\\\/\\\/patagoniambiental.com.ar\\\/info\\\/#organization\"},\"potentialAction\":[{\"@type\":\"SearchAction\",\"target\":{\"@type\":\"EntryPoint\",\"urlTemplate\":\"https:\\\/\\\/patagoniambiental.com.ar\\\/info\\\/?s={search_term_string}\"},\"query-input\":{\"@type\":\"PropertyValueSpecification\",\"valueRequired\":true,\"valueName\":\"search_term_string\"}}],\"inLanguage\":\"es\"},{\"@type\":\"Organization\",\"@id\":\"https:\\\/\\\/patagoniambiental.com.ar\\\/info\\\/#organization\",\"name\":\"Patagonia Ambiental\",\"url\":\"https:\\\/\\\/patagoniambiental.com.ar\\\/info\\\/\",\"logo\":{\"@type\":\"ImageObject\",\"inLanguage\":\"es\",\"@id\":\"https:\\\/\\\/patagoniambiental.com.ar\\\/info\\\/#\\\/schema\\\/logo\\\/image\\\/\",\"url\":\"https:\\\/\\\/patagoniambiental.com.ar\\\/info\\\/wp-content\\\/uploads\\\/2025\\\/05\\\/LOGO-PATAGONIA-AMBIENTAL.png\",\"contentUrl\":\"https:\\\/\\\/patagoniambiental.com.ar\\\/info\\\/wp-content\\\/uploads\\\/2025\\\/05\\\/LOGO-PATAGONIA-AMBIENTAL.png\",\"width\":433,\"height\":250,\"caption\":\"Patagonia Ambiental\"},\"image\":{\"@id\":\"https:\\\/\\\/patagoniambiental.com.ar\\\/info\\\/#\\\/schema\\\/logo\\\/image\\\/\"},\"sameAs\":[\"https:\\\/\\\/www.facebook.com\\\/patagonia.ambiental\",\"https:\\\/\\\/x.com\\\/PatAmb\"]},{\"@type\":\"Person\",\"@id\":\"https:\\\/\\\/patagoniambiental.com.ar\\\/info\\\/#\\\/schema\\\/person\\\/db12bff64bbcbf6a253710bf0ea37b5d\",\"name\":\"Patagonia Ambiental\",\"description\":\"Andr\u00e9s Nievas T\u00e9cnico en manejo ambiental, consultor Ambiental y escritor para medios locales e internacionales sobre temas de geopolitica y medio ambiente.\",\"sameAs\":[\"http:\\\/\\\/www.patagoniambiental.com.ar\",\"https:\\\/\\\/www.facebook.com\\\/share\\\/1C1V8Gv9BX\\\/?mibextid=qi2Omg\",\"@patagoniambiental\",\"https:\\\/\\\/youtube.com\\\/@patagoniaambiental2023?si=BLt58t0wuXquxlYZ\"]}]}<\/script>\n<!-- \/ Yoast SEO Premium plugin. -->","yoast_head_json":{"title":"El C\u00f3ndor: Aguas Rionegrinas limpiar\u00e1 ma\u00f1ana la cisterna de agua potable","robots":{"index":"index","follow":"follow","max-snippet":"max-snippet:-1","max-image-preview":"max-image-preview:large","max-video-preview":"max-video-preview:-1"},"canonical":"https:\/\/patagoniambiental.com.ar\/info\/el-condor-aguas-rionegrinas-limpiara-manana-la-cisterna-de-agua-potable\/","og_locale":"es_ES","og_type":"article","og_title":"El C\u00f3ndor: Aguas Rionegrinas limpiar\u00e1 ma\u00f1ana la cisterna de agua potable","og_description":"Balneario El Condor.-La empresa estatal Aguas Rionegrinas realizar\u00e1 este mi\u00e9rcoles trabajos de limpieza y mantenimiento en la cisterna de agua [&hellip;]","og_url":"https:\/\/patagoniambiental.com.ar\/info\/el-condor-aguas-rionegrinas-limpiara-manana-la-cisterna-de-agua-potable\/","og_site_name":"Patagonia Ambiental","article_publisher":"https:\/\/www.facebook.com\/patagonia.ambiental","article_author":"https:\/\/www.facebook.com\/share\/1C1V8Gv9BX\/?mibextid=qi2Omg","article_published_time":"2017-04-11T22:00:35+00:00","og_image":[{"width":924,"height":616,"url":"https:\/\/patagoniambiental.com.ar\/info\/wp-content\/uploads\/2017\/04\/00027432.jpg","type":"image\/jpeg"}],"author":"Patagonia Ambiental","twitter_card":"summary_large_image","twitter_creator":"@PatAmb","twitter_site":"@PatAmb","schema":{"@context":"https:\/\/schema.org","@graph":[{"@type":"Article","@id":"https:\/\/patagoniambiental.com.ar\/info\/el-condor-aguas-rionegrinas-limpiara-manana-la-cisterna-de-agua-potable\/#article","isPartOf":{"@id":"https:\/\/patagoniambiental.com.ar\/info\/el-condor-aguas-rionegrinas-limpiara-manana-la-cisterna-de-agua-potable\/"},"author":{"name":"Patagonia Ambiental","@id":"https:\/\/patagoniambiental.com.ar\/info\/#\/schema\/person\/db12bff64bbcbf6a253710bf0ea37b5d"},"headline":"El C\u00f3ndor: Aguas Rionegrinas limpiar\u00e1 ma\u00f1ana la cisterna de agua potable","datePublished":"2017-04-11T22:00:35+00:00","mainEntityOfPage":{"@id":"https:\/\/patagoniambiental.com.ar\/info\/el-condor-aguas-rionegrinas-limpiara-manana-la-cisterna-de-agua-potable\/"},"wordCount":172,"commentCount":0,"publisher":{"@id":"https:\/\/patagoniambiental.com.ar\/info\/#organization"},"image":{"@id":"https:\/\/patagoniambiental.com.ar\/info\/el-condor-aguas-rionegrinas-limpiara-manana-la-cisterna-de-agua-potable\/#primaryimage"},"thumbnailUrl":"https:\/\/patagoniambiental.com.ar\/info\/wp-content\/uploads\/2017\/04\/00027432.jpg","articleSection":["Municipales","Noticias"],"inLanguage":"es","potentialAction":[{"@type":"CommentAction","name":"Comment","target":["https:\/\/patagoniambiental.com.ar\/info\/el-condor-aguas-rionegrinas-limpiara-manana-la-cisterna-de-agua-potable\/#respond"]}]},{"@type":"WebPage","@id":"https:\/\/patagoniambiental.com.ar\/info\/el-condor-aguas-rionegrinas-limpiara-manana-la-cisterna-de-agua-potable\/","url":"https:\/\/patagoniambiental.com.ar\/info\/el-condor-aguas-rionegrinas-limpiara-manana-la-cisterna-de-agua-potable\/","name":"El C\u00f3ndor: Aguas Rionegrinas limpiar\u00e1 ma\u00f1ana la cisterna de agua potable","isPartOf":{"@id":"https:\/\/patagoniambiental.com.ar\/info\/#website"},"primaryImageOfPage":{"@id":"https:\/\/patagoniambiental.com.ar\/info\/el-condor-aguas-rionegrinas-limpiara-manana-la-cisterna-de-agua-potable\/#primaryimage"},"image":{"@id":"https:\/\/patagoniambiental.com.ar\/info\/el-condor-aguas-rionegrinas-limpiara-manana-la-cisterna-de-agua-potable\/#primaryimage"},"thumbnailUrl":"https:\/\/patagoniambiental.com.ar\/info\/wp-content\/uploads\/2017\/04\/00027432.jpg","datePublished":"2017-04-11T22:00:35+00:00","breadcrumb":{"@id":"https:\/\/patagoniambiental.com.ar\/info\/el-condor-aguas-rionegrinas-limpiara-manana-la-cisterna-de-agua-potable\/#breadcrumb"},"inLanguage":"es","potentialAction":[{"@type":"ReadAction","target":["https:\/\/patagoniambiental.com.ar\/info\/el-condor-aguas-rionegrinas-limpiara-manana-la-cisterna-de-agua-potable\/"]}]},{"@type":"ImageObject","inLanguage":"es","@id":"https:\/\/patagoniambiental.com.ar\/info\/el-condor-aguas-rionegrinas-limpiara-manana-la-cisterna-de-agua-potable\/#primaryimage","url":"https:\/\/patagoniambiental.com.ar\/info\/wp-content\/uploads\/2017\/04\/00027432.jpg","contentUrl":"https:\/\/patagoniambiental.com.ar\/info\/wp-content\/uploads\/2017\/04\/00027432.jpg","width":900,"height":600},{"@type":"BreadcrumbList","@id":"https:\/\/patagoniambiental.com.ar\/info\/el-condor-aguas-rionegrinas-limpiara-manana-la-cisterna-de-agua-potable\/#breadcrumb","itemListElement":[{"@type":"ListItem","position":1,"name":"Inicio","item":"https:\/\/patagoniambiental.com.ar\/info\/"},{"@type":"ListItem","position":2,"name":"El C\u00f3ndor: Aguas Rionegrinas limpiar\u00e1 ma\u00f1ana la cisterna de agua potable"}]},{"@type":"WebSite","@id":"https:\/\/patagoniambiental.com.ar\/info\/#website","url":"https:\/\/patagoniambiental.com.ar\/info\/","name":"Patagonia Ambiental","description":"Monitoreo y an\u00e1lisis de la situaci\u00f3n geopol\u00edtica en el mundo y su implicancia en la Patagonia","publisher":{"@id":"https:\/\/patagoniambiental.com.ar\/info\/#organization"},"potentialAction":[{"@type":"SearchAction","target":{"@type":"EntryPoint","urlTemplate":"https:\/\/patagoniambiental.com.ar\/info\/?s={search_term_string}"},"query-input":{"@type":"PropertyValueSpecification","valueRequired":true,"valueName":"search_term_string"}}],"inLanguage":"es"},{"@type":"Organization","@id":"https:\/\/patagoniambiental.com.ar\/info\/#organization","name":"Patagonia Ambiental","url":"https:\/\/patagoniambiental.com.ar\/info\/","logo":{"@type":"ImageObject","inLanguage":"es","@id":"https:\/\/patagoniambiental.com.ar\/info\/#\/schema\/logo\/image\/","url":"https:\/\/patagoniambiental.com.ar\/info\/wp-content\/uploads\/2025\/05\/LOGO-PATAGONIA-AMBIENTAL.png","contentUrl":"https:\/\/patagoniambiental.com.ar\/info\/wp-content\/uploads\/2025\/05\/LOGO-PATAGONIA-AMBIENTAL.png","width":433,"height":250,"caption":"Patagonia Ambiental"},"image":{"@id":"https:\/\/patagoniambiental.com.ar\/info\/#\/schema\/logo\/image\/"},"sameAs":["https:\/\/www.facebook.com\/patagonia.ambiental","https:\/\/x.com\/PatAmb"]},{"@type":"Person","@id":"https:\/\/patagoniambiental.com.ar\/info\/#\/schema\/person\/db12bff64bbcbf6a253710bf0ea37b5d","name":"Patagonia Ambiental","description":"Andr\u00e9s Nievas T\u00e9cnico en manejo ambiental, consultor Ambiental y escritor para medios locales e internacionales sobre temas de geopolitica y medio ambiente.","sameAs":["http:\/\/www.patagoniambiental.com.ar","https:\/\/www.facebook.com\/share\/1C1V8Gv9BX\/?mibextid=qi2Omg","@patagoniambiental","https:\/\/youtube.com\/@patagoniaambiental2023?si=BLt58t0wuXquxlYZ"]}]}},"_links":{"self":[{"href":"https:\/\/patagoniambiental.com.ar\/info\/wp-json\/wp\/v2\/posts\/27444","targetHints":{"allow":["GET"]}}],"collection":[{"href":"https:\/\/patagoniambiental.com.ar\/info\/wp-json\/wp\/v2\/posts"}],"about":[{"href":"https:\/\/patagoniambiental.com.ar\/info\/wp-json\/wp\/v2\/types\/post"}],"author":[{"embeddable":true,"href":"https:\/\/patagoniambiental.com.ar\/info\/wp-json\/wp\/v2\/users\/2"}],"replies":[{"embeddable":true,"href":"https:\/\/patagoniambiental.com.ar\/info\/wp-json\/wp\/v2\/comments?post=27444"}],"version-history":[{"count":0,"href":"https:\/\/patagoniambiental.com.ar\/info\/wp-json\/wp\/v2\/posts\/27444\/revisions"}],"wp:featuredmedia":[{"embeddable":true,"href":"https:\/\/patagoniambiental.com.ar\/info\/wp-json\/wp\/v2\/media\/27430"}],"wp:attachment":[{"href":"https:\/\/patagoniambiental.com.ar\/info\/wp-json\/wp\/v2\/media?parent=27444"}],"wp:term":[{"taxonomy":"category","embeddable":true,"href":"https:\/\/patagoniambiental.com.ar\/info\/wp-json\/wp\/v2\/categories?post=27444"},{"taxonomy":"post_tag","embeddable":true,"href":"https:\/\/patagoniambiental.com.ar\/info\/wp-json\/wp\/v2\/tags?post=27444"}],"curies":[{"name":"wp","href":"https:\/\/api.w.org\/{rel}","templated":true}]}}