{"id":27475,"date":"2017-04-12T09:00:02","date_gmt":"2017-04-12T12:00:02","guid":{"rendered":"http:\/\/patagoniambiental.com.ar\/info\/?p=27475"},"modified":"2017-04-11T20:19:56","modified_gmt":"2017-04-11T23:19:56","slug":"piedra-del-aguila-cumple-120-anos-y-no-quiere-ser-mas-un-pueblo-de-paso","status":"publish","type":"post","link":"https:\/\/patagoniambiental.com.ar\/info\/piedra-del-aguila-cumple-120-anos-y-no-quiere-ser-mas-un-pueblo-de-paso\/","title":{"rendered":"Piedra del Aguila cumple 120 a\u00f1os y no quiere ser m\u00e1s un pueblo de paso"},"content":{"rendered":"<p>PIEDRA DEL \u00c1GUILA.- La Intendente de la localidad de Piedra del \u00c1guila, Adriana Figueroa reflexiona sobre la llegada del 120 aniversario de la comunidad.<\/p>\n<p>\u201cHay un esp\u00edritu festivo, el acto formal se suspendi\u00f3 hasta el 25 de abril, por la ausencia del Gobernador, nos preparamos para festejar\u201d.<\/p>\n<p>En dicha fecha, se espera contar con el Jefe Mandatario provincial, para recorrer obras en ejecuci\u00f3n y cortar cintas en las nuevas inversiones locales.<\/p>\n<p>\u201cVamos a inaugurar dos viviendas para personas adultas mayores, un play\u00f3n deportivo, el piso de parquet del \u00fanico Gimnasio de la localidad y el c\u00e9sped sint\u00e9tico de la cancha externa\u201d.<\/p>\n<p>Consultada sobre la llegada de los servicios a los sectores perif\u00e9ricos de la ciudad, Figueroa asegur\u00f3 que lograron que casi un 100% de los vecinos cuentan con agua potable y un 95% con cloacas. \u201cEs una cuesti\u00f3n de sanidad y calidad de vida para los habitantes\u201d sostuvo.<\/p>\n<p>La comunidad demanda m\u00e1s terrenos y planes habitacionales, como el resto de la provincia neuquina, pero los piedraguilenses se ven desfavorecidos desde sus inicios, que que naci\u00f3 en las tierras privadas de El C\u00f3ndor S.A., que en la d\u00e9cada del 40, cedi\u00f3 las primeras 15 manzanas que integraban aquella peque\u00f1a comunidad.<\/p>\n<p>\u201cPiedra del \u00c1guila no tiene tierras fiscales, nuestro pueblo est\u00e1 dentro de una gran estancia. Es costoso adquirir terrenos. Por suerte el due\u00f1o es una persona accesible. Hemos podido adquirir algunas tierras y hemos hecho un proyecto ejecutivo que presentamos al IPVU para la construcci\u00f3n de viviendas\u201d, asegur\u00f3 la Intendente.<\/p>\n<p>Actualmente existe una proyecci\u00f3n local fuerte y arraigada para convertir a Piedra en una ciudad de pernocte y no s\u00f3lo para detenerse a cargar combustible.<\/p>\n<p>\u201cHemos trabajado para que Piedra del \u00c1guila no sea un lugar de paso, invitamos a los turistas para recibirlos con nuestros informantes tur\u00edsticos. Tenemos un mont\u00f3n de bellezas naturales para ofrecer. Le hemos ofrecido a los vecinos y a los pescadores, la primera <i>Fiesta provincial de la Trucha Marr\u00f3n migratoria<\/i>. Somos el portal del corredor de los lagos del Sur\u201d.<br \/>\nEn 2017 buscar\u00e1n financiamiento para la construcci\u00f3n de un portal de ingreso identificatorio de la ciudad y un plan de pavimentaci\u00f3n, con el fin de mostrar un perfil m\u00e1s urbanizado.<\/p>\n<div class=\"addtoany_share_save_container addtoany_content_bottom\">\n<div class=\"a2a_kit a2a_kit_size_16 addtoany_list\">Fuente: Ciudad Activa<\/div>\n<\/div>\n","protected":false},"excerpt":{"rendered":"<p>PIEDRA DEL \u00c1GUILA.- La Intendente de la localidad de Piedra del \u00c1guila, Adriana Figueroa reflexiona sobre la llegada del 120 [&hellip;]<\/p>\n","protected":false},"author":2,"featured_media":27476,"comment_status":"open","ping_status":"open","sticky":false,"template":"","format":"standard","meta":{"site-sidebar-layout":"default","site-content-layout":"","ast-site-content-layout":"default","site-content-style":"default","site-sidebar-style":"default","ast-global-header-display":"","ast-banner-title-visibility":"","ast-main-header-display":"","ast-hfb-above-header-display":"","ast-hfb-below-header-display":"","ast-hfb-mobile-header-display":"","site-post-title":"","ast-breadcrumbs-content":"","ast-featured-img":"","footer-sml-layout":"","ast-disable-related-posts":"","theme-transparent-header-meta":"","adv-header-id-meta":"","stick-header-meta":"","header-above-stick-meta":"","header-main-stick-meta":"","header-below-stick-meta":"","astra-migrate-meta-layouts":"default","ast-page-background-enabled":"default","ast-page-background-meta":{"desktop":{"background-color":"var(--ast-global-color-5)","background-image":"","background-repeat":"repeat","background-position":"center center","background-size":"auto","background-attachment":"scroll","background-type":"","background-media":"","overlay-type":"","overlay-color":"","overlay-opacity":"","overlay-gradient":""},"tablet":{"background-color":"","background-image":"","background-repeat":"repeat","background-position":"center center","background-size":"auto","background-attachment":"scroll","background-type":"","background-media":"","overlay-type":"","overlay-color":"","overlay-opacity":"","overlay-gradient":""},"mobile":{"background-color":"","background-image":"","background-repeat":"repeat","background-position":"center center","background-size":"auto","background-attachment":"scroll","background-type":"","background-media":"","overlay-type":"","overlay-color":"","overlay-opacity":"","overlay-gradient":""}},"ast-content-background-meta":{"desktop":{"background-color":"var(--ast-global-color-4)","background-image":"","background-repeat":"repeat","background-position":"center center","background-size":"auto","background-attachment":"scroll","background-type":"","background-media":"","overlay-type":"","overlay-color":"","overlay-opacity":"","overlay-gradient":""},"tablet":{"background-color":"var(--ast-global-color-4)","background-image":"","background-repeat":"repeat","background-position":"center center","background-size":"auto","background-attachment":"scroll","background-type":"","background-media":"","overlay-type":"","overlay-color":"","overlay-opacity":"","overlay-gradient":""},"mobile":{"background-color":"var(--ast-global-color-4)","background-image":"","background-repeat":"repeat","background-position":"center center","background-size":"auto","background-attachment":"scroll","background-type":"","background-media":"","overlay-type":"","overlay-color":"","overlay-opacity":"","overlay-gradient":""}},"footnotes":""},"categories":[46,1],"tags":[],"class_list":["post-27475","post","type-post","status-publish","format-standard","has-post-thumbnail","hentry","category-municipios","category-noticias"],"yoast_head":"<!-- This site is optimized with the Yoast SEO Premium plugin v23.0 (Yoast SEO v27.5) - https:\/\/yoast.com\/product\/yoast-seo-premium-wordpress\/ -->\n<title>Piedra del Aguila cumple 120 a\u00f1os y no quiere ser m\u00e1s un pueblo de paso<\/title>\n<meta name=\"robots\" content=\"index, follow, max-snippet:-1, max-image-preview:large, max-video-preview:-1\" \/>\n<link rel=\"canonical\" href=\"https:\/\/patagoniambiental.com.ar\/info\/piedra-del-aguila-cumple-120-anos-y-no-quiere-ser-mas-un-pueblo-de-paso\/\" \/>\n<meta property=\"og:locale\" content=\"es_ES\" \/>\n<meta property=\"og:type\" content=\"article\" \/>\n<meta property=\"og:title\" content=\"Piedra del Aguila cumple 120 a\u00f1os y no quiere ser m\u00e1s un pueblo de paso\" \/>\n<meta property=\"og:description\" content=\"PIEDRA DEL \u00c1GUILA.- La Intendente de la localidad de Piedra del \u00c1guila, Adriana Figueroa reflexiona sobre la llegada del 120 [&hellip;]\" \/>\n<meta property=\"og:url\" content=\"https:\/\/patagoniambiental.com.ar\/info\/piedra-del-aguila-cumple-120-anos-y-no-quiere-ser-mas-un-pueblo-de-paso\/\" \/>\n<meta property=\"og:site_name\" content=\"Patagonia Ambiental\" \/>\n<meta property=\"article:publisher\" content=\"https:\/\/www.facebook.com\/patagonia.ambiental\" \/>\n<meta property=\"article:author\" content=\"https:\/\/www.facebook.com\/share\/1C1V8Gv9BX\/?mibextid=qi2Omg\" \/>\n<meta property=\"article:published_time\" content=\"2017-04-12T12:00:02+00:00\" \/>\n<meta property=\"og:image\" content=\"https:\/\/patagoniambiental.com.ar\/info\/wp-content\/uploads\/2017\/04\/Familia-en-Mirador-Represa-Piedra-del-\u00c1guila-Neuqu\u00e9n-3.jpg\" \/>\n\t<meta property=\"og:image:width\" content=\"900\" \/>\n\t<meta property=\"og:image:height\" content=\"599\" \/>\n\t<meta property=\"og:image:type\" content=\"image\/jpeg\" \/>\n<meta name=\"author\" content=\"Patagonia Ambiental\" \/>\n<meta name=\"twitter:card\" content=\"summary_large_image\" \/>\n<meta name=\"twitter:creator\" content=\"@PatAmb\" \/>\n<meta name=\"twitter:site\" content=\"@PatAmb\" \/>\n<script type=\"application\/ld+json\" class=\"yoast-schema-graph\">{\"@context\":\"https:\\\/\\\/schema.org\",\"@graph\":[{\"@type\":\"Article\",\"@id\":\"https:\\\/\\\/patagoniambiental.com.ar\\\/info\\\/piedra-del-aguila-cumple-120-anos-y-no-quiere-ser-mas-un-pueblo-de-paso\\\/#article\",\"isPartOf\":{\"@id\":\"https:\\\/\\\/patagoniambiental.com.ar\\\/info\\\/piedra-del-aguila-cumple-120-anos-y-no-quiere-ser-mas-un-pueblo-de-paso\\\/\"},\"author\":{\"name\":\"Patagonia Ambiental\",\"@id\":\"https:\\\/\\\/patagoniambiental.com.ar\\\/info\\\/#\\\/schema\\\/person\\\/db12bff64bbcbf6a253710bf0ea37b5d\"},\"headline\":\"Piedra del Aguila cumple 120 a\u00f1os y no quiere ser m\u00e1s un pueblo de paso\",\"datePublished\":\"2017-04-12T12:00:02+00:00\",\"mainEntityOfPage\":{\"@id\":\"https:\\\/\\\/patagoniambiental.com.ar\\\/info\\\/piedra-del-aguila-cumple-120-anos-y-no-quiere-ser-mas-un-pueblo-de-paso\\\/\"},\"wordCount\":400,\"commentCount\":0,\"publisher\":{\"@id\":\"https:\\\/\\\/patagoniambiental.com.ar\\\/info\\\/#organization\"},\"image\":{\"@id\":\"https:\\\/\\\/patagoniambiental.com.ar\\\/info\\\/piedra-del-aguila-cumple-120-anos-y-no-quiere-ser-mas-un-pueblo-de-paso\\\/#primaryimage\"},\"thumbnailUrl\":\"https:\\\/\\\/patagoniambiental.com.ar\\\/info\\\/wp-content\\\/uploads\\\/2017\\\/04\\\/Familia-en-Mirador-Represa-Piedra-del-\u00c1guila-Neuqu\u00e9n-3.jpg\",\"articleSection\":[\"Municipios\",\"Noticias\"],\"inLanguage\":\"es\",\"potentialAction\":[{\"@type\":\"CommentAction\",\"name\":\"Comment\",\"target\":[\"https:\\\/\\\/patagoniambiental.com.ar\\\/info\\\/piedra-del-aguila-cumple-120-anos-y-no-quiere-ser-mas-un-pueblo-de-paso\\\/#respond\"]}]},{\"@type\":\"WebPage\",\"@id\":\"https:\\\/\\\/patagoniambiental.com.ar\\\/info\\\/piedra-del-aguila-cumple-120-anos-y-no-quiere-ser-mas-un-pueblo-de-paso\\\/\",\"url\":\"https:\\\/\\\/patagoniambiental.com.ar\\\/info\\\/piedra-del-aguila-cumple-120-anos-y-no-quiere-ser-mas-un-pueblo-de-paso\\\/\",\"name\":\"Piedra del Aguila cumple 120 a\u00f1os y no quiere ser m\u00e1s un pueblo de paso\",\"isPartOf\":{\"@id\":\"https:\\\/\\\/patagoniambiental.com.ar\\\/info\\\/#website\"},\"primaryImageOfPage\":{\"@id\":\"https:\\\/\\\/patagoniambiental.com.ar\\\/info\\\/piedra-del-aguila-cumple-120-anos-y-no-quiere-ser-mas-un-pueblo-de-paso\\\/#primaryimage\"},\"image\":{\"@id\":\"https:\\\/\\\/patagoniambiental.com.ar\\\/info\\\/piedra-del-aguila-cumple-120-anos-y-no-quiere-ser-mas-un-pueblo-de-paso\\\/#primaryimage\"},\"thumbnailUrl\":\"https:\\\/\\\/patagoniambiental.com.ar\\\/info\\\/wp-content\\\/uploads\\\/2017\\\/04\\\/Familia-en-Mirador-Represa-Piedra-del-\u00c1guila-Neuqu\u00e9n-3.jpg\",\"datePublished\":\"2017-04-12T12:00:02+00:00\",\"breadcrumb\":{\"@id\":\"https:\\\/\\\/patagoniambiental.com.ar\\\/info\\\/piedra-del-aguila-cumple-120-anos-y-no-quiere-ser-mas-un-pueblo-de-paso\\\/#breadcrumb\"},\"inLanguage\":\"es\",\"potentialAction\":[{\"@type\":\"ReadAction\",\"target\":[\"https:\\\/\\\/patagoniambiental.com.ar\\\/info\\\/piedra-del-aguila-cumple-120-anos-y-no-quiere-ser-mas-un-pueblo-de-paso\\\/\"]}]},{\"@type\":\"ImageObject\",\"inLanguage\":\"es\",\"@id\":\"https:\\\/\\\/patagoniambiental.com.ar\\\/info\\\/piedra-del-aguila-cumple-120-anos-y-no-quiere-ser-mas-un-pueblo-de-paso\\\/#primaryimage\",\"url\":\"https:\\\/\\\/patagoniambiental.com.ar\\\/info\\\/wp-content\\\/uploads\\\/2017\\\/04\\\/Familia-en-Mirador-Represa-Piedra-del-\u00c1guila-Neuqu\u00e9n-3.jpg\",\"contentUrl\":\"https:\\\/\\\/patagoniambiental.com.ar\\\/info\\\/wp-content\\\/uploads\\\/2017\\\/04\\\/Familia-en-Mirador-Represa-Piedra-del-\u00c1guila-Neuqu\u00e9n-3.jpg\",\"width\":900,\"height\":599},{\"@type\":\"BreadcrumbList\",\"@id\":\"https:\\\/\\\/patagoniambiental.com.ar\\\/info\\\/piedra-del-aguila-cumple-120-anos-y-no-quiere-ser-mas-un-pueblo-de-paso\\\/#breadcrumb\",\"itemListElement\":[{\"@type\":\"ListItem\",\"position\":1,\"name\":\"Inicio\",\"item\":\"https:\\\/\\\/patagoniambiental.com.ar\\\/info\\\/\"},{\"@type\":\"ListItem\",\"position\":2,\"name\":\"Piedra del Aguila cumple 120 a\u00f1os y no quiere ser m\u00e1s un pueblo de paso\"}]},{\"@type\":\"WebSite\",\"@id\":\"https:\\\/\\\/patagoniambiental.com.ar\\\/info\\\/#website\",\"url\":\"https:\\\/\\\/patagoniambiental.com.ar\\\/info\\\/\",\"name\":\"Patagonia Ambiental\",\"description\":\"Monitoreo y an\u00e1lisis de la situaci\u00f3n geopol\u00edtica en el mundo y su implicancia en la Patagonia\",\"publisher\":{\"@id\":\"https:\\\/\\\/patagoniambiental.com.ar\\\/info\\\/#organization\"},\"potentialAction\":[{\"@type\":\"SearchAction\",\"target\":{\"@type\":\"EntryPoint\",\"urlTemplate\":\"https:\\\/\\\/patagoniambiental.com.ar\\\/info\\\/?s={search_term_string}\"},\"query-input\":{\"@type\":\"PropertyValueSpecification\",\"valueRequired\":true,\"valueName\":\"search_term_string\"}}],\"inLanguage\":\"es\"},{\"@type\":\"Organization\",\"@id\":\"https:\\\/\\\/patagoniambiental.com.ar\\\/info\\\/#organization\",\"name\":\"Patagonia Ambiental\",\"url\":\"https:\\\/\\\/patagoniambiental.com.ar\\\/info\\\/\",\"logo\":{\"@type\":\"ImageObject\",\"inLanguage\":\"es\",\"@id\":\"https:\\\/\\\/patagoniambiental.com.ar\\\/info\\\/#\\\/schema\\\/logo\\\/image\\\/\",\"url\":\"https:\\\/\\\/patagoniambiental.com.ar\\\/info\\\/wp-content\\\/uploads\\\/2025\\\/05\\\/LOGO-PATAGONIA-AMBIENTAL.png\",\"contentUrl\":\"https:\\\/\\\/patagoniambiental.com.ar\\\/info\\\/wp-content\\\/uploads\\\/2025\\\/05\\\/LOGO-PATAGONIA-AMBIENTAL.png\",\"width\":433,\"height\":250,\"caption\":\"Patagonia Ambiental\"},\"image\":{\"@id\":\"https:\\\/\\\/patagoniambiental.com.ar\\\/info\\\/#\\\/schema\\\/logo\\\/image\\\/\"},\"sameAs\":[\"https:\\\/\\\/www.facebook.com\\\/patagonia.ambiental\",\"https:\\\/\\\/x.com\\\/PatAmb\"]},{\"@type\":\"Person\",\"@id\":\"https:\\\/\\\/patagoniambiental.com.ar\\\/info\\\/#\\\/schema\\\/person\\\/db12bff64bbcbf6a253710bf0ea37b5d\",\"name\":\"Patagonia Ambiental\",\"description\":\"Andr\u00e9s Nievas T\u00e9cnico en manejo ambiental, consultor Ambiental y escritor para medios locales e internacionales sobre temas de geopolitica y medio ambiente.\",\"sameAs\":[\"http:\\\/\\\/www.patagoniambiental.com.ar\",\"https:\\\/\\\/www.facebook.com\\\/share\\\/1C1V8Gv9BX\\\/?mibextid=qi2Omg\",\"@patagoniambiental\",\"https:\\\/\\\/youtube.com\\\/@patagoniaambiental2023?si=BLt58t0wuXquxlYZ\"]}]}<\/script>\n<!-- \/ Yoast SEO Premium plugin. -->","yoast_head_json":{"title":"Piedra del Aguila cumple 120 a\u00f1os y no quiere ser m\u00e1s un pueblo de paso","robots":{"index":"index","follow":"follow","max-snippet":"max-snippet:-1","max-image-preview":"max-image-preview:large","max-video-preview":"max-video-preview:-1"},"canonical":"https:\/\/patagoniambiental.com.ar\/info\/piedra-del-aguila-cumple-120-anos-y-no-quiere-ser-mas-un-pueblo-de-paso\/","og_locale":"es_ES","og_type":"article","og_title":"Piedra del Aguila cumple 120 a\u00f1os y no quiere ser m\u00e1s un pueblo de paso","og_description":"PIEDRA DEL \u00c1GUILA.- La Intendente de la localidad de Piedra del \u00c1guila, Adriana Figueroa reflexiona sobre la llegada del 120 [&hellip;]","og_url":"https:\/\/patagoniambiental.com.ar\/info\/piedra-del-aguila-cumple-120-anos-y-no-quiere-ser-mas-un-pueblo-de-paso\/","og_site_name":"Patagonia Ambiental","article_publisher":"https:\/\/www.facebook.com\/patagonia.ambiental","article_author":"https:\/\/www.facebook.com\/share\/1C1V8Gv9BX\/?mibextid=qi2Omg","article_published_time":"2017-04-12T12:00:02+00:00","og_image":[{"width":900,"height":599,"url":"https:\/\/patagoniambiental.com.ar\/info\/wp-content\/uploads\/2017\/04\/Familia-en-Mirador-Represa-Piedra-del-\u00c1guila-Neuqu\u00e9n-3.jpg","type":"image\/jpeg"}],"author":"Patagonia Ambiental","twitter_card":"summary_large_image","twitter_creator":"@PatAmb","twitter_site":"@PatAmb","schema":{"@context":"https:\/\/schema.org","@graph":[{"@type":"Article","@id":"https:\/\/patagoniambiental.com.ar\/info\/piedra-del-aguila-cumple-120-anos-y-no-quiere-ser-mas-un-pueblo-de-paso\/#article","isPartOf":{"@id":"https:\/\/patagoniambiental.com.ar\/info\/piedra-del-aguila-cumple-120-anos-y-no-quiere-ser-mas-un-pueblo-de-paso\/"},"author":{"name":"Patagonia Ambiental","@id":"https:\/\/patagoniambiental.com.ar\/info\/#\/schema\/person\/db12bff64bbcbf6a253710bf0ea37b5d"},"headline":"Piedra del Aguila cumple 120 a\u00f1os y no quiere ser m\u00e1s un pueblo de paso","datePublished":"2017-04-12T12:00:02+00:00","mainEntityOfPage":{"@id":"https:\/\/patagoniambiental.com.ar\/info\/piedra-del-aguila-cumple-120-anos-y-no-quiere-ser-mas-un-pueblo-de-paso\/"},"wordCount":400,"commentCount":0,"publisher":{"@id":"https:\/\/patagoniambiental.com.ar\/info\/#organization"},"image":{"@id":"https:\/\/patagoniambiental.com.ar\/info\/piedra-del-aguila-cumple-120-anos-y-no-quiere-ser-mas-un-pueblo-de-paso\/#primaryimage"},"thumbnailUrl":"https:\/\/patagoniambiental.com.ar\/info\/wp-content\/uploads\/2017\/04\/Familia-en-Mirador-Represa-Piedra-del-\u00c1guila-Neuqu\u00e9n-3.jpg","articleSection":["Municipios","Noticias"],"inLanguage":"es","potentialAction":[{"@type":"CommentAction","name":"Comment","target":["https:\/\/patagoniambiental.com.ar\/info\/piedra-del-aguila-cumple-120-anos-y-no-quiere-ser-mas-un-pueblo-de-paso\/#respond"]}]},{"@type":"WebPage","@id":"https:\/\/patagoniambiental.com.ar\/info\/piedra-del-aguila-cumple-120-anos-y-no-quiere-ser-mas-un-pueblo-de-paso\/","url":"https:\/\/patagoniambiental.com.ar\/info\/piedra-del-aguila-cumple-120-anos-y-no-quiere-ser-mas-un-pueblo-de-paso\/","name":"Piedra del Aguila cumple 120 a\u00f1os y no quiere ser m\u00e1s un pueblo de paso","isPartOf":{"@id":"https:\/\/patagoniambiental.com.ar\/info\/#website"},"primaryImageOfPage":{"@id":"https:\/\/patagoniambiental.com.ar\/info\/piedra-del-aguila-cumple-120-anos-y-no-quiere-ser-mas-un-pueblo-de-paso\/#primaryimage"},"image":{"@id":"https:\/\/patagoniambiental.com.ar\/info\/piedra-del-aguila-cumple-120-anos-y-no-quiere-ser-mas-un-pueblo-de-paso\/#primaryimage"},"thumbnailUrl":"https:\/\/patagoniambiental.com.ar\/info\/wp-content\/uploads\/2017\/04\/Familia-en-Mirador-Represa-Piedra-del-\u00c1guila-Neuqu\u00e9n-3.jpg","datePublished":"2017-04-12T12:00:02+00:00","breadcrumb":{"@id":"https:\/\/patagoniambiental.com.ar\/info\/piedra-del-aguila-cumple-120-anos-y-no-quiere-ser-mas-un-pueblo-de-paso\/#breadcrumb"},"inLanguage":"es","potentialAction":[{"@type":"ReadAction","target":["https:\/\/patagoniambiental.com.ar\/info\/piedra-del-aguila-cumple-120-anos-y-no-quiere-ser-mas-un-pueblo-de-paso\/"]}]},{"@type":"ImageObject","inLanguage":"es","@id":"https:\/\/patagoniambiental.com.ar\/info\/piedra-del-aguila-cumple-120-anos-y-no-quiere-ser-mas-un-pueblo-de-paso\/#primaryimage","url":"https:\/\/patagoniambiental.com.ar\/info\/wp-content\/uploads\/2017\/04\/Familia-en-Mirador-Represa-Piedra-del-\u00c1guila-Neuqu\u00e9n-3.jpg","contentUrl":"https:\/\/patagoniambiental.com.ar\/info\/wp-content\/uploads\/2017\/04\/Familia-en-Mirador-Represa-Piedra-del-\u00c1guila-Neuqu\u00e9n-3.jpg","width":900,"height":599},{"@type":"BreadcrumbList","@id":"https:\/\/patagoniambiental.com.ar\/info\/piedra-del-aguila-cumple-120-anos-y-no-quiere-ser-mas-un-pueblo-de-paso\/#breadcrumb","itemListElement":[{"@type":"ListItem","position":1,"name":"Inicio","item":"https:\/\/patagoniambiental.com.ar\/info\/"},{"@type":"ListItem","position":2,"name":"Piedra del Aguila cumple 120 a\u00f1os y no quiere ser m\u00e1s un pueblo de paso"}]},{"@type":"WebSite","@id":"https:\/\/patagoniambiental.com.ar\/info\/#website","url":"https:\/\/patagoniambiental.com.ar\/info\/","name":"Patagonia Ambiental","description":"Monitoreo y an\u00e1lisis de la situaci\u00f3n geopol\u00edtica en el mundo y su implicancia en la Patagonia","publisher":{"@id":"https:\/\/patagoniambiental.com.ar\/info\/#organization"},"potentialAction":[{"@type":"SearchAction","target":{"@type":"EntryPoint","urlTemplate":"https:\/\/patagoniambiental.com.ar\/info\/?s={search_term_string}"},"query-input":{"@type":"PropertyValueSpecification","valueRequired":true,"valueName":"search_term_string"}}],"inLanguage":"es"},{"@type":"Organization","@id":"https:\/\/patagoniambiental.com.ar\/info\/#organization","name":"Patagonia Ambiental","url":"https:\/\/patagoniambiental.com.ar\/info\/","logo":{"@type":"ImageObject","inLanguage":"es","@id":"https:\/\/patagoniambiental.com.ar\/info\/#\/schema\/logo\/image\/","url":"https:\/\/patagoniambiental.com.ar\/info\/wp-content\/uploads\/2025\/05\/LOGO-PATAGONIA-AMBIENTAL.png","contentUrl":"https:\/\/patagoniambiental.com.ar\/info\/wp-content\/uploads\/2025\/05\/LOGO-PATAGONIA-AMBIENTAL.png","width":433,"height":250,"caption":"Patagonia Ambiental"},"image":{"@id":"https:\/\/patagoniambiental.com.ar\/info\/#\/schema\/logo\/image\/"},"sameAs":["https:\/\/www.facebook.com\/patagonia.ambiental","https:\/\/x.com\/PatAmb"]},{"@type":"Person","@id":"https:\/\/patagoniambiental.com.ar\/info\/#\/schema\/person\/db12bff64bbcbf6a253710bf0ea37b5d","name":"Patagonia Ambiental","description":"Andr\u00e9s Nievas T\u00e9cnico en manejo ambiental, consultor Ambiental y escritor para medios locales e internacionales sobre temas de geopolitica y medio ambiente.","sameAs":["http:\/\/www.patagoniambiental.com.ar","https:\/\/www.facebook.com\/share\/1C1V8Gv9BX\/?mibextid=qi2Omg","@patagoniambiental","https:\/\/youtube.com\/@patagoniaambiental2023?si=BLt58t0wuXquxlYZ"]}]}},"_links":{"self":[{"href":"https:\/\/patagoniambiental.com.ar\/info\/wp-json\/wp\/v2\/posts\/27475","targetHints":{"allow":["GET"]}}],"collection":[{"href":"https:\/\/patagoniambiental.com.ar\/info\/wp-json\/wp\/v2\/posts"}],"about":[{"href":"https:\/\/patagoniambiental.com.ar\/info\/wp-json\/wp\/v2\/types\/post"}],"author":[{"embeddable":true,"href":"https:\/\/patagoniambiental.com.ar\/info\/wp-json\/wp\/v2\/users\/2"}],"replies":[{"embeddable":true,"href":"https:\/\/patagoniambiental.com.ar\/info\/wp-json\/wp\/v2\/comments?post=27475"}],"version-history":[{"count":0,"href":"https:\/\/patagoniambiental.com.ar\/info\/wp-json\/wp\/v2\/posts\/27475\/revisions"}],"wp:featuredmedia":[{"embeddable":true,"href":"https:\/\/patagoniambiental.com.ar\/info\/wp-json\/wp\/v2\/media\/27476"}],"wp:attachment":[{"href":"https:\/\/patagoniambiental.com.ar\/info\/wp-json\/wp\/v2\/media?parent=27475"}],"wp:term":[{"taxonomy":"category","embeddable":true,"href":"https:\/\/patagoniambiental.com.ar\/info\/wp-json\/wp\/v2\/categories?post=27475"},{"taxonomy":"post_tag","embeddable":true,"href":"https:\/\/patagoniambiental.com.ar\/info\/wp-json\/wp\/v2\/tags?post=27475"}],"curies":[{"name":"wp","href":"https:\/\/api.w.org\/{rel}","templated":true}]}}