{"id":27517,"date":"2017-04-13T09:00:00","date_gmt":"2017-04-13T12:00:00","guid":{"rendered":"http:\/\/patagoniambiental.com.ar\/info\/?p=27517"},"modified":"2017-04-12T21:45:19","modified_gmt":"2017-04-13T00:45:19","slug":"hoy-comienza-la-campana-no-me-tires-2017-en-catriel","status":"publish","type":"post","link":"https:\/\/patagoniambiental.com.ar\/info\/hoy-comienza-la-campana-no-me-tires-2017-en-catriel\/","title":{"rendered":"Hoy comienza la Campa\u00f1a \u201cNo Me Tires\u201d 2017 en Catriel"},"content":{"rendered":"<div>\n<p>CATRIEL.- La Secretar\u00eda de Planificaci\u00f3n y Desarrollo y su Direcci\u00f3n de Medio Ambiente, informa que la exitosa campa\u00f1a de recolecci\u00f3n de botellas pl\u00e1sticas \u201cNo Me Tires\u201d,\u00a0 que recorri\u00f3 los espacios p\u00fablicos de la ciudad durante todo el 2016, inicia su nueva temporada con el objetivo de reducir el volumen de residuos pl\u00e1sticos y generar conciencia ambiental en nuestra comunidad.<span id=\"x_more-29027\"><\/span><\/p>\n<p>Hoy, ac\u00e9rcate desde las 17hs, a la Plazoleta de la Familia, llev\u00e1 los envases pl\u00e1sticos que tengas y sum\u00e1 tu aporte al cuidado de nuestro medio ambiente.<\/p>\n<p>Los envases recolectados en la campa\u00f1a son reciclados en materia prima de nuevos insumos para nuestra comunidad como bancos para plazas, sillas, mesas, cestos de basura, juegos infantiles, entre otros.<\/p>\n<p>Estos productos ser\u00e1n donados por el Intendente Carlos Johnston a instituciones de nuestra ciudad, o colocados en espacios p\u00fablicos, para que puedan ser utilizados por los vecinos de Catriel.<\/p>\n<p>La campa\u00f1a est\u00e1 articulada con la Patrulla Ecol\u00f3gica, que entregar\u00e1 folleter\u00eda en la que se informa del impacto negativo sobre el medio ambiente producido por las botellas PET.<\/p>\n<div class=\"x_clear\"><\/div>\n<\/div>\n<p>La entrada <a href=\"https:\/\/catriel25noticias.com\/new\/comienza-la-campana-no-me-tires-2017\/\" target=\"_blank\" rel=\"nofollow\">Comienza la Campa\u00f1a \u201cNo Me Tires\u201d 2017<\/a> aparece primero en <a href=\"https:\/\/catriel25noticias.com\/new\" target=\"_blank\" rel=\"nofollow\">Catriel25Noticias.com<\/a>.<\/p>\n<div><\/div>\n","protected":false},"excerpt":{"rendered":"<p>CATRIEL.- La Secretar\u00eda de Planificaci\u00f3n y Desarrollo y su Direcci\u00f3n de Medio Ambiente, informa que la exitosa campa\u00f1a de recolecci\u00f3n [&hellip;]<\/p>\n","protected":false},"author":2,"featured_media":27518,"comment_status":"open","ping_status":"open","sticky":false,"template":"","format":"standard","meta":{"site-sidebar-layout":"default","site-content-layout":"","ast-site-content-layout":"default","site-content-style":"default","site-sidebar-style":"default","ast-global-header-display":"","ast-banner-title-visibility":"","ast-main-header-display":"","ast-hfb-above-header-display":"","ast-hfb-below-header-display":"","ast-hfb-mobile-header-display":"","site-post-title":"","ast-breadcrumbs-content":"","ast-featured-img":"","footer-sml-layout":"","ast-disable-related-posts":"","theme-transparent-header-meta":"","adv-header-id-meta":"","stick-header-meta":"","header-above-stick-meta":"","header-main-stick-meta":"","header-below-stick-meta":"","astra-migrate-meta-layouts":"default","ast-page-background-enabled":"default","ast-page-background-meta":{"desktop":{"background-color":"var(--ast-global-color-5)","background-image":"","background-repeat":"repeat","background-position":"center center","background-size":"auto","background-attachment":"scroll","background-type":"","background-media":"","overlay-type":"","overlay-color":"","overlay-opacity":"","overlay-gradient":""},"tablet":{"background-color":"","background-image":"","background-repeat":"repeat","background-position":"center center","background-size":"auto","background-attachment":"scroll","background-type":"","background-media":"","overlay-type":"","overlay-color":"","overlay-opacity":"","overlay-gradient":""},"mobile":{"background-color":"","background-image":"","background-repeat":"repeat","background-position":"center center","background-size":"auto","background-attachment":"scroll","background-type":"","background-media":"","overlay-type":"","overlay-color":"","overlay-opacity":"","overlay-gradient":""}},"ast-content-background-meta":{"desktop":{"background-color":"var(--ast-global-color-4)","background-image":"","background-repeat":"repeat","background-position":"center center","background-size":"auto","background-attachment":"scroll","background-type":"","background-media":"","overlay-type":"","overlay-color":"","overlay-opacity":"","overlay-gradient":""},"tablet":{"background-color":"var(--ast-global-color-4)","background-image":"","background-repeat":"repeat","background-position":"center center","background-size":"auto","background-attachment":"scroll","background-type":"","background-media":"","overlay-type":"","overlay-color":"","overlay-opacity":"","overlay-gradient":""},"mobile":{"background-color":"var(--ast-global-color-4)","background-image":"","background-repeat":"repeat","background-position":"center center","background-size":"auto","background-attachment":"scroll","background-type":"","background-media":"","overlay-type":"","overlay-color":"","overlay-opacity":"","overlay-gradient":""}},"footnotes":""},"categories":[12,46,1],"tags":[],"class_list":["post-27517","post","type-post","status-publish","format-standard","has-post-thumbnail","hentry","category-agenda-ambiental","category-municipios","category-noticias"],"yoast_head":"<!-- This site is optimized with the Yoast SEO Premium plugin v23.0 (Yoast SEO v27.5) - https:\/\/yoast.com\/product\/yoast-seo-premium-wordpress\/ -->\n<title>Hoy comienza la Campa\u00f1a \u201cNo Me Tires\u201d 2017 en Catriel<\/title>\n<meta name=\"robots\" content=\"index, follow, max-snippet:-1, max-image-preview:large, max-video-preview:-1\" \/>\n<link rel=\"canonical\" href=\"https:\/\/patagoniambiental.com.ar\/info\/hoy-comienza-la-campana-no-me-tires-2017-en-catriel\/\" \/>\n<meta property=\"og:locale\" content=\"es_ES\" \/>\n<meta property=\"og:type\" content=\"article\" \/>\n<meta property=\"og:title\" content=\"Hoy comienza la Campa\u00f1a \u201cNo Me Tires\u201d 2017 en Catriel\" \/>\n<meta property=\"og:description\" content=\"CATRIEL.- La Secretar\u00eda de Planificaci\u00f3n y Desarrollo y su Direcci\u00f3n de Medio Ambiente, informa que la exitosa campa\u00f1a de recolecci\u00f3n [&hellip;]\" \/>\n<meta property=\"og:url\" content=\"https:\/\/patagoniambiental.com.ar\/info\/hoy-comienza-la-campana-no-me-tires-2017-en-catriel\/\" \/>\n<meta property=\"og:site_name\" content=\"Patagonia Ambiental\" \/>\n<meta property=\"article:publisher\" content=\"https:\/\/www.facebook.com\/patagonia.ambiental\" \/>\n<meta property=\"article:author\" content=\"https:\/\/www.facebook.com\/share\/1C1V8Gv9BX\/?mibextid=qi2Omg\" \/>\n<meta property=\"article:published_time\" content=\"2017-04-13T12:00:00+00:00\" \/>\n<meta property=\"og:image\" content=\"https:\/\/patagoniambiental.com.ar\/info\/wp-content\/uploads\/2017\/04\/campa\u00f1a-no-tires.jpg\" \/>\n\t<meta property=\"og:image:width\" content=\"550\" \/>\n\t<meta property=\"og:image:height\" content=\"308\" \/>\n\t<meta property=\"og:image:type\" content=\"image\/jpeg\" \/>\n<meta name=\"author\" content=\"Patagonia Ambiental\" \/>\n<meta name=\"twitter:card\" content=\"summary_large_image\" \/>\n<meta name=\"twitter:creator\" content=\"@PatAmb\" \/>\n<meta name=\"twitter:site\" content=\"@PatAmb\" \/>\n<script type=\"application\/ld+json\" class=\"yoast-schema-graph\">{\"@context\":\"https:\\\/\\\/schema.org\",\"@graph\":[{\"@type\":\"Article\",\"@id\":\"https:\\\/\\\/patagoniambiental.com.ar\\\/info\\\/hoy-comienza-la-campana-no-me-tires-2017-en-catriel\\\/#article\",\"isPartOf\":{\"@id\":\"https:\\\/\\\/patagoniambiental.com.ar\\\/info\\\/hoy-comienza-la-campana-no-me-tires-2017-en-catriel\\\/\"},\"author\":{\"name\":\"Patagonia Ambiental\",\"@id\":\"https:\\\/\\\/patagoniambiental.com.ar\\\/info\\\/#\\\/schema\\\/person\\\/db12bff64bbcbf6a253710bf0ea37b5d\"},\"headline\":\"Hoy comienza la Campa\u00f1a \u201cNo Me Tires\u201d 2017 en Catriel\",\"datePublished\":\"2017-04-13T12:00:00+00:00\",\"mainEntityOfPage\":{\"@id\":\"https:\\\/\\\/patagoniambiental.com.ar\\\/info\\\/hoy-comienza-la-campana-no-me-tires-2017-en-catriel\\\/\"},\"wordCount\":214,\"commentCount\":0,\"publisher\":{\"@id\":\"https:\\\/\\\/patagoniambiental.com.ar\\\/info\\\/#organization\"},\"image\":{\"@id\":\"https:\\\/\\\/patagoniambiental.com.ar\\\/info\\\/hoy-comienza-la-campana-no-me-tires-2017-en-catriel\\\/#primaryimage\"},\"thumbnailUrl\":\"https:\\\/\\\/patagoniambiental.com.ar\\\/info\\\/wp-content\\\/uploads\\\/2017\\\/04\\\/campa\u00f1a-no-tires.jpg\",\"articleSection\":[\"Agenda Ambiental\",\"Municipios\",\"Noticias\"],\"inLanguage\":\"es\",\"potentialAction\":[{\"@type\":\"CommentAction\",\"name\":\"Comment\",\"target\":[\"https:\\\/\\\/patagoniambiental.com.ar\\\/info\\\/hoy-comienza-la-campana-no-me-tires-2017-en-catriel\\\/#respond\"]}]},{\"@type\":\"WebPage\",\"@id\":\"https:\\\/\\\/patagoniambiental.com.ar\\\/info\\\/hoy-comienza-la-campana-no-me-tires-2017-en-catriel\\\/\",\"url\":\"https:\\\/\\\/patagoniambiental.com.ar\\\/info\\\/hoy-comienza-la-campana-no-me-tires-2017-en-catriel\\\/\",\"name\":\"Hoy comienza la Campa\u00f1a \u201cNo Me Tires\u201d 2017 en Catriel\",\"isPartOf\":{\"@id\":\"https:\\\/\\\/patagoniambiental.com.ar\\\/info\\\/#website\"},\"primaryImageOfPage\":{\"@id\":\"https:\\\/\\\/patagoniambiental.com.ar\\\/info\\\/hoy-comienza-la-campana-no-me-tires-2017-en-catriel\\\/#primaryimage\"},\"image\":{\"@id\":\"https:\\\/\\\/patagoniambiental.com.ar\\\/info\\\/hoy-comienza-la-campana-no-me-tires-2017-en-catriel\\\/#primaryimage\"},\"thumbnailUrl\":\"https:\\\/\\\/patagoniambiental.com.ar\\\/info\\\/wp-content\\\/uploads\\\/2017\\\/04\\\/campa\u00f1a-no-tires.jpg\",\"datePublished\":\"2017-04-13T12:00:00+00:00\",\"breadcrumb\":{\"@id\":\"https:\\\/\\\/patagoniambiental.com.ar\\\/info\\\/hoy-comienza-la-campana-no-me-tires-2017-en-catriel\\\/#breadcrumb\"},\"inLanguage\":\"es\",\"potentialAction\":[{\"@type\":\"ReadAction\",\"target\":[\"https:\\\/\\\/patagoniambiental.com.ar\\\/info\\\/hoy-comienza-la-campana-no-me-tires-2017-en-catriel\\\/\"]}]},{\"@type\":\"ImageObject\",\"inLanguage\":\"es\",\"@id\":\"https:\\\/\\\/patagoniambiental.com.ar\\\/info\\\/hoy-comienza-la-campana-no-me-tires-2017-en-catriel\\\/#primaryimage\",\"url\":\"https:\\\/\\\/patagoniambiental.com.ar\\\/info\\\/wp-content\\\/uploads\\\/2017\\\/04\\\/campa\u00f1a-no-tires.jpg\",\"contentUrl\":\"https:\\\/\\\/patagoniambiental.com.ar\\\/info\\\/wp-content\\\/uploads\\\/2017\\\/04\\\/campa\u00f1a-no-tires.jpg\",\"width\":550,\"height\":308},{\"@type\":\"BreadcrumbList\",\"@id\":\"https:\\\/\\\/patagoniambiental.com.ar\\\/info\\\/hoy-comienza-la-campana-no-me-tires-2017-en-catriel\\\/#breadcrumb\",\"itemListElement\":[{\"@type\":\"ListItem\",\"position\":1,\"name\":\"Inicio\",\"item\":\"https:\\\/\\\/patagoniambiental.com.ar\\\/info\\\/\"},{\"@type\":\"ListItem\",\"position\":2,\"name\":\"Hoy comienza la Campa\u00f1a \u201cNo Me Tires\u201d 2017 en Catriel\"}]},{\"@type\":\"WebSite\",\"@id\":\"https:\\\/\\\/patagoniambiental.com.ar\\\/info\\\/#website\",\"url\":\"https:\\\/\\\/patagoniambiental.com.ar\\\/info\\\/\",\"name\":\"Patagonia Ambiental\",\"description\":\"Monitoreo y an\u00e1lisis de la situaci\u00f3n geopol\u00edtica en el mundo y su implicancia en la Patagonia\",\"publisher\":{\"@id\":\"https:\\\/\\\/patagoniambiental.com.ar\\\/info\\\/#organization\"},\"potentialAction\":[{\"@type\":\"SearchAction\",\"target\":{\"@type\":\"EntryPoint\",\"urlTemplate\":\"https:\\\/\\\/patagoniambiental.com.ar\\\/info\\\/?s={search_term_string}\"},\"query-input\":{\"@type\":\"PropertyValueSpecification\",\"valueRequired\":true,\"valueName\":\"search_term_string\"}}],\"inLanguage\":\"es\"},{\"@type\":\"Organization\",\"@id\":\"https:\\\/\\\/patagoniambiental.com.ar\\\/info\\\/#organization\",\"name\":\"Patagonia Ambiental\",\"url\":\"https:\\\/\\\/patagoniambiental.com.ar\\\/info\\\/\",\"logo\":{\"@type\":\"ImageObject\",\"inLanguage\":\"es\",\"@id\":\"https:\\\/\\\/patagoniambiental.com.ar\\\/info\\\/#\\\/schema\\\/logo\\\/image\\\/\",\"url\":\"https:\\\/\\\/patagoniambiental.com.ar\\\/info\\\/wp-content\\\/uploads\\\/2025\\\/05\\\/LOGO-PATAGONIA-AMBIENTAL.png\",\"contentUrl\":\"https:\\\/\\\/patagoniambiental.com.ar\\\/info\\\/wp-content\\\/uploads\\\/2025\\\/05\\\/LOGO-PATAGONIA-AMBIENTAL.png\",\"width\":433,\"height\":250,\"caption\":\"Patagonia Ambiental\"},\"image\":{\"@id\":\"https:\\\/\\\/patagoniambiental.com.ar\\\/info\\\/#\\\/schema\\\/logo\\\/image\\\/\"},\"sameAs\":[\"https:\\\/\\\/www.facebook.com\\\/patagonia.ambiental\",\"https:\\\/\\\/x.com\\\/PatAmb\"]},{\"@type\":\"Person\",\"@id\":\"https:\\\/\\\/patagoniambiental.com.ar\\\/info\\\/#\\\/schema\\\/person\\\/db12bff64bbcbf6a253710bf0ea37b5d\",\"name\":\"Patagonia Ambiental\",\"description\":\"Andr\u00e9s Nievas T\u00e9cnico en manejo ambiental, consultor Ambiental y escritor para medios locales e internacionales sobre temas de geopolitica y medio ambiente.\",\"sameAs\":[\"http:\\\/\\\/www.patagoniambiental.com.ar\",\"https:\\\/\\\/www.facebook.com\\\/share\\\/1C1V8Gv9BX\\\/?mibextid=qi2Omg\",\"@patagoniambiental\",\"https:\\\/\\\/youtube.com\\\/@patagoniaambiental2023?si=BLt58t0wuXquxlYZ\"]}]}<\/script>\n<!-- \/ Yoast SEO Premium plugin. -->","yoast_head_json":{"title":"Hoy comienza la Campa\u00f1a \u201cNo Me Tires\u201d 2017 en Catriel","robots":{"index":"index","follow":"follow","max-snippet":"max-snippet:-1","max-image-preview":"max-image-preview:large","max-video-preview":"max-video-preview:-1"},"canonical":"https:\/\/patagoniambiental.com.ar\/info\/hoy-comienza-la-campana-no-me-tires-2017-en-catriel\/","og_locale":"es_ES","og_type":"article","og_title":"Hoy comienza la Campa\u00f1a \u201cNo Me Tires\u201d 2017 en Catriel","og_description":"CATRIEL.- La Secretar\u00eda de Planificaci\u00f3n y Desarrollo y su Direcci\u00f3n de Medio Ambiente, informa que la exitosa campa\u00f1a de recolecci\u00f3n [&hellip;]","og_url":"https:\/\/patagoniambiental.com.ar\/info\/hoy-comienza-la-campana-no-me-tires-2017-en-catriel\/","og_site_name":"Patagonia Ambiental","article_publisher":"https:\/\/www.facebook.com\/patagonia.ambiental","article_author":"https:\/\/www.facebook.com\/share\/1C1V8Gv9BX\/?mibextid=qi2Omg","article_published_time":"2017-04-13T12:00:00+00:00","og_image":[{"width":550,"height":308,"url":"https:\/\/patagoniambiental.com.ar\/info\/wp-content\/uploads\/2017\/04\/campa\u00f1a-no-tires.jpg","type":"image\/jpeg"}],"author":"Patagonia Ambiental","twitter_card":"summary_large_image","twitter_creator":"@PatAmb","twitter_site":"@PatAmb","schema":{"@context":"https:\/\/schema.org","@graph":[{"@type":"Article","@id":"https:\/\/patagoniambiental.com.ar\/info\/hoy-comienza-la-campana-no-me-tires-2017-en-catriel\/#article","isPartOf":{"@id":"https:\/\/patagoniambiental.com.ar\/info\/hoy-comienza-la-campana-no-me-tires-2017-en-catriel\/"},"author":{"name":"Patagonia Ambiental","@id":"https:\/\/patagoniambiental.com.ar\/info\/#\/schema\/person\/db12bff64bbcbf6a253710bf0ea37b5d"},"headline":"Hoy comienza la Campa\u00f1a \u201cNo Me Tires\u201d 2017 en Catriel","datePublished":"2017-04-13T12:00:00+00:00","mainEntityOfPage":{"@id":"https:\/\/patagoniambiental.com.ar\/info\/hoy-comienza-la-campana-no-me-tires-2017-en-catriel\/"},"wordCount":214,"commentCount":0,"publisher":{"@id":"https:\/\/patagoniambiental.com.ar\/info\/#organization"},"image":{"@id":"https:\/\/patagoniambiental.com.ar\/info\/hoy-comienza-la-campana-no-me-tires-2017-en-catriel\/#primaryimage"},"thumbnailUrl":"https:\/\/patagoniambiental.com.ar\/info\/wp-content\/uploads\/2017\/04\/campa\u00f1a-no-tires.jpg","articleSection":["Agenda Ambiental","Municipios","Noticias"],"inLanguage":"es","potentialAction":[{"@type":"CommentAction","name":"Comment","target":["https:\/\/patagoniambiental.com.ar\/info\/hoy-comienza-la-campana-no-me-tires-2017-en-catriel\/#respond"]}]},{"@type":"WebPage","@id":"https:\/\/patagoniambiental.com.ar\/info\/hoy-comienza-la-campana-no-me-tires-2017-en-catriel\/","url":"https:\/\/patagoniambiental.com.ar\/info\/hoy-comienza-la-campana-no-me-tires-2017-en-catriel\/","name":"Hoy comienza la Campa\u00f1a \u201cNo Me Tires\u201d 2017 en Catriel","isPartOf":{"@id":"https:\/\/patagoniambiental.com.ar\/info\/#website"},"primaryImageOfPage":{"@id":"https:\/\/patagoniambiental.com.ar\/info\/hoy-comienza-la-campana-no-me-tires-2017-en-catriel\/#primaryimage"},"image":{"@id":"https:\/\/patagoniambiental.com.ar\/info\/hoy-comienza-la-campana-no-me-tires-2017-en-catriel\/#primaryimage"},"thumbnailUrl":"https:\/\/patagoniambiental.com.ar\/info\/wp-content\/uploads\/2017\/04\/campa\u00f1a-no-tires.jpg","datePublished":"2017-04-13T12:00:00+00:00","breadcrumb":{"@id":"https:\/\/patagoniambiental.com.ar\/info\/hoy-comienza-la-campana-no-me-tires-2017-en-catriel\/#breadcrumb"},"inLanguage":"es","potentialAction":[{"@type":"ReadAction","target":["https:\/\/patagoniambiental.com.ar\/info\/hoy-comienza-la-campana-no-me-tires-2017-en-catriel\/"]}]},{"@type":"ImageObject","inLanguage":"es","@id":"https:\/\/patagoniambiental.com.ar\/info\/hoy-comienza-la-campana-no-me-tires-2017-en-catriel\/#primaryimage","url":"https:\/\/patagoniambiental.com.ar\/info\/wp-content\/uploads\/2017\/04\/campa\u00f1a-no-tires.jpg","contentUrl":"https:\/\/patagoniambiental.com.ar\/info\/wp-content\/uploads\/2017\/04\/campa\u00f1a-no-tires.jpg","width":550,"height":308},{"@type":"BreadcrumbList","@id":"https:\/\/patagoniambiental.com.ar\/info\/hoy-comienza-la-campana-no-me-tires-2017-en-catriel\/#breadcrumb","itemListElement":[{"@type":"ListItem","position":1,"name":"Inicio","item":"https:\/\/patagoniambiental.com.ar\/info\/"},{"@type":"ListItem","position":2,"name":"Hoy comienza la Campa\u00f1a \u201cNo Me Tires\u201d 2017 en Catriel"}]},{"@type":"WebSite","@id":"https:\/\/patagoniambiental.com.ar\/info\/#website","url":"https:\/\/patagoniambiental.com.ar\/info\/","name":"Patagonia Ambiental","description":"Monitoreo y an\u00e1lisis de la situaci\u00f3n geopol\u00edtica en el mundo y su implicancia en la Patagonia","publisher":{"@id":"https:\/\/patagoniambiental.com.ar\/info\/#organization"},"potentialAction":[{"@type":"SearchAction","target":{"@type":"EntryPoint","urlTemplate":"https:\/\/patagoniambiental.com.ar\/info\/?s={search_term_string}"},"query-input":{"@type":"PropertyValueSpecification","valueRequired":true,"valueName":"search_term_string"}}],"inLanguage":"es"},{"@type":"Organization","@id":"https:\/\/patagoniambiental.com.ar\/info\/#organization","name":"Patagonia Ambiental","url":"https:\/\/patagoniambiental.com.ar\/info\/","logo":{"@type":"ImageObject","inLanguage":"es","@id":"https:\/\/patagoniambiental.com.ar\/info\/#\/schema\/logo\/image\/","url":"https:\/\/patagoniambiental.com.ar\/info\/wp-content\/uploads\/2025\/05\/LOGO-PATAGONIA-AMBIENTAL.png","contentUrl":"https:\/\/patagoniambiental.com.ar\/info\/wp-content\/uploads\/2025\/05\/LOGO-PATAGONIA-AMBIENTAL.png","width":433,"height":250,"caption":"Patagonia Ambiental"},"image":{"@id":"https:\/\/patagoniambiental.com.ar\/info\/#\/schema\/logo\/image\/"},"sameAs":["https:\/\/www.facebook.com\/patagonia.ambiental","https:\/\/x.com\/PatAmb"]},{"@type":"Person","@id":"https:\/\/patagoniambiental.com.ar\/info\/#\/schema\/person\/db12bff64bbcbf6a253710bf0ea37b5d","name":"Patagonia Ambiental","description":"Andr\u00e9s Nievas T\u00e9cnico en manejo ambiental, consultor Ambiental y escritor para medios locales e internacionales sobre temas de geopolitica y medio ambiente.","sameAs":["http:\/\/www.patagoniambiental.com.ar","https:\/\/www.facebook.com\/share\/1C1V8Gv9BX\/?mibextid=qi2Omg","@patagoniambiental","https:\/\/youtube.com\/@patagoniaambiental2023?si=BLt58t0wuXquxlYZ"]}]}},"_links":{"self":[{"href":"https:\/\/patagoniambiental.com.ar\/info\/wp-json\/wp\/v2\/posts\/27517","targetHints":{"allow":["GET"]}}],"collection":[{"href":"https:\/\/patagoniambiental.com.ar\/info\/wp-json\/wp\/v2\/posts"}],"about":[{"href":"https:\/\/patagoniambiental.com.ar\/info\/wp-json\/wp\/v2\/types\/post"}],"author":[{"embeddable":true,"href":"https:\/\/patagoniambiental.com.ar\/info\/wp-json\/wp\/v2\/users\/2"}],"replies":[{"embeddable":true,"href":"https:\/\/patagoniambiental.com.ar\/info\/wp-json\/wp\/v2\/comments?post=27517"}],"version-history":[{"count":0,"href":"https:\/\/patagoniambiental.com.ar\/info\/wp-json\/wp\/v2\/posts\/27517\/revisions"}],"wp:featuredmedia":[{"embeddable":true,"href":"https:\/\/patagoniambiental.com.ar\/info\/wp-json\/wp\/v2\/media\/27518"}],"wp:attachment":[{"href":"https:\/\/patagoniambiental.com.ar\/info\/wp-json\/wp\/v2\/media?parent=27517"}],"wp:term":[{"taxonomy":"category","embeddable":true,"href":"https:\/\/patagoniambiental.com.ar\/info\/wp-json\/wp\/v2\/categories?post=27517"},{"taxonomy":"post_tag","embeddable":true,"href":"https:\/\/patagoniambiental.com.ar\/info\/wp-json\/wp\/v2\/tags?post=27517"}],"curies":[{"name":"wp","href":"https:\/\/api.w.org\/{rel}","templated":true}]}}