{"id":27545,"date":"2017-04-15T09:00:47","date_gmt":"2017-04-15T12:00:47","guid":{"rendered":"http:\/\/patagoniambiental.com.ar\/info\/?p=27545"},"modified":"2017-04-14T19:11:29","modified_gmt":"2017-04-14T22:11:29","slug":"evento-innovador-reunio-representantes-de-82-municipios-para-negociar-medios-de-cooperacion-frente-al-cambio-climatico","status":"publish","type":"post","link":"https:\/\/patagoniambiental.com.ar\/info\/evento-innovador-reunio-representantes-de-82-municipios-para-negociar-medios-de-cooperacion-frente-al-cambio-climatico\/","title":{"rendered":"Evento innovador reuni\u00f3 representantes de 82 municipios para negociar medios de cooperaci\u00f3n frente al cambio clim\u00e1tico"},"content":{"rendered":"<div class=\"itemIntroText\">\n<p>En los d\u00edas 5 y 6 de abril se realiz\u00f3 en la Ciudad de Buenos Aires el \u00abEncuentro Nacional de Gobiernos Locales\u00bb, una jornada de reuniones para potenciar la cooperaci\u00f3n en proyectos de acciones clim\u00e1ticas a nivel local.<\/p>\n<\/div>\n<div class=\"itemFullText\">\n<p>La innovadora iniciativa de la Red Argentina de Municipios Frente al Cambio Clim\u00e1tico (RAMCC), reuni\u00f3 nada menos que a representantes de 82 municipios de todo el pa\u00eds. El evento fue auspiciado por la Fundaci\u00f3n Friedrich Ebert Stiftung (FES), Cooperaci\u00f3n Andina de Fomento (CAF) y Fundaci\u00f3n Avina.<\/p>\n<p><strong>Resultados concretos a nivel local: PLAC<\/strong><\/p>\n<p>Si bien las demandas y acciones frente al cambio clim\u00e1tico son variadas entre los municipios, hay un consenso: sus consecuencias se perciben a nivel local. Por esa raz\u00f3n, el principal objetivo de la iniciativa fue facilitar la negociaci\u00f3n entre los gobiernos municipales e instituciones que ofrezcan soluciones para la ejecuci\u00f3n de los Planes Locales de Acci\u00f3n Clim\u00e1tica (PLAC). Desde proyectos que implican cambios en la matriz energ\u00e9tica, como puede ser la instalaci\u00f3n de biodigestores, y otros que garantizan un uso eficiente de la misma, como las l\u00e1mparas LED en la iluminaci\u00f3n p\u00fablica o la instalaci\u00f3n de calefactores en viviendas, las demandas de los municipios fueron mapeadas previamente al evento por los organizadores, que realizaron una selecci\u00f3n contactando a instituciones que podr\u00edan brindar soluciones.<br \/>\nL\u00e1s \u00e1reas de mayor inter\u00e9s fueron gesti\u00f3n de residuos, energ\u00eda, agricultura y ganader\u00eda, infraestructura, transporte y adaptaci\u00f3n en general.<\/p>\n<p>En ese marco, el dise\u00f1o del evento cont\u00f3 con paneles integrados por ministerios nacionales, embajadas y organismos de cooperaci\u00f3n, tanto nacionales como internacionales. Adem\u00e1s se desarrollaron rondas de reuniones bilaterales, siendo estas \u00faltimas su coraz\u00f3n metodol\u00f3gico. Los 190 proyectos presentados y las m\u00e1s de 320 reuniones bilaterales realizadas superaron largamente los resultados esperados. Las expectativas de los \u00abanfitriones\u00bb, nombre asignado a los intendentes y representantes de los municipios, por su rol protag\u00f3nico en el desarrollo del evento, tambi\u00e9n fueron debidamente plasmadas.<\/p>\n<p><em>Particip\u00e9 de tres reuniones relacionadas a energ\u00eda solar, ya que en nuestra localidad hay un proyecto muy importante en ese tema. Fueron reuniones muy fruct\u00edferas para conocer nuevas propuestas, y a partir de eso mantener contactos. (<strong>Guillermo Paoloni. Secretario de Desarrollo Econ\u00f3mico y Productivo. Armstrong, Santa Fe<\/strong>).<\/em><\/p>\n<p>\u00abVer la convocatoria que tienen nos llena de orgullo\u00bb, dijo <strong>Andrea Rispo<\/strong>, de la Cooperaci\u00f3n Andina de Fomento. La ocasi\u00f3n tambi\u00e9n fue propicia para que la RAMCC realice otras instancias de cooperaci\u00f3n: se firm\u00f3 un convenio con la Agencia Gubernamental de Cambio Clim\u00e1tico de la Provincia de Mendoza, para potenciar acciones en curso en los municipios de la provincia, y un acuerdo con el Instituto Nacional de Tecnolog\u00eda Industrial (INTI), para respaldar t\u00e9cnicamente la ejecuci\u00f3n de las pol\u00edticas municipales.<\/p>\n<p><em>Participamos de siete reuniones y llevamos concretados unos cuatro di\u00e1logos con proyectos encaminados. Otros, con la Embajada de Canad\u00e1 y la de Israel, adem\u00e1s de l\u00edneas de acci\u00f3n con la embajada de Noruega, pueden llegar a ser realidad. (J<strong>uan Manuel Paredes, director de la cooperaci\u00f3n internacional de la ciudad de Salta<\/strong>).<\/em><\/p>\n<p><strong>Innovaci\u00f3n y pionerismo<\/strong><\/p>\n<p>Innovaci\u00f3n, practicidad, di\u00e1logo y soluciones a medida para cada realidad son las caracter\u00edsticas emblem\u00e1ticas de la RAMCC y que dieron el tono al encuentro, seg\u00fan D\u00f6rte Wollrad, directora de la Fundaci\u00f3n Friedrich Ebert Stiftung. Si bien pudiendo ser comparado a un \u00abtarjeteo\u00bb, es decir el intercambio de tarjetas profesionales entre instituciones interesadas en cooperar, el evento fue mucho m\u00e1s all\u00e1: combin\u00f3 paneles de alto nivel con organismos presentando programas y mecanismos de acci\u00f3n frente al cambio clim\u00e1tico con reuniones bilaterales, pre agendadas seg\u00fan los proyectos presentados por los municipios de la RAMCC. Adem\u00e1s, el tarjeteo no fue eliminado por completo. Paralelamente a las rondas de negocios, el ambiente se asemej\u00f3 al de un gran caf\u00e9, propiciando muchos intercambios a la vieja usanza.<\/p>\n<p><em>El formato est\u00e1 bueno porque te permite en corto tiempo tener reuniones con distintos agentes y municipios y el tracto es directo, es mano a mano, uno tiene la oportunidad de charlar la problem\u00e1tica y ver con un poco m\u00e1s de detalle cuales son los problemas (<strong>Carlos Alberto Wall. Instituto de Investigaciones Tecnol\u00f3gicas, Facultad de Ingenier\u00eda, UNPL<\/strong>).<\/em><\/p>\n<p>En un momento donde la mayor potencia econ\u00f3mica mundial rechaza al cambio clim\u00e1tico, el liderazgo de los gobiernos locales garantiza el avance de las acciones en el tema, como record\u00f3 Ramiro Fernand\u00e9z, de Fundaci\u00f3n Avina. En ese sentido, el evento representa la organizaci\u00f3n pionera de la RAMCC para la adaptaci\u00f3n y la mitigaci\u00f3n de los impactos del cambio clim\u00e1tico, y la implementaci\u00f3n de los compromisos internacionales hechos bajo el Acuerdo de Par\u00eds.<\/p>\n<p><em>El formato del encuentro es super innovador. Para municipios que venimos del interior sobre todo, ya que generalmente no se realizan este tipo de encuentros. Bajo esta modalidad, se producen encuentros mucho m\u00e1s cercanos y eso tambi\u00e9n trae sus beneficios.\u00bb (<strong>Constanza Figueroa, subsecretaria de v\u00ednculos y cooperaci\u00f3n internacional de la Municipalidad de la ciudad Salta<\/strong>).<\/em><\/p>\n<p>Fuente: <strong><em>Roberta Amaral de Andrade<\/em><\/strong><\/p>\n<\/div>\n<div class=\"clr\"><\/div>\n","protected":false},"excerpt":{"rendered":"<p>En los d\u00edas 5 y 6 de abril se realiz\u00f3 en la Ciudad de Buenos Aires el \u00abEncuentro Nacional de [&hellip;]<\/p>\n","protected":false},"author":2,"featured_media":27546,"comment_status":"open","ping_status":"open","sticky":false,"template":"","format":"standard","meta":{"site-sidebar-layout":"default","site-content-layout":"","ast-site-content-layout":"default","site-content-style":"default","site-sidebar-style":"default","ast-global-header-display":"","ast-banner-title-visibility":"","ast-main-header-display":"","ast-hfb-above-header-display":"","ast-hfb-below-header-display":"","ast-hfb-mobile-header-display":"","site-post-title":"","ast-breadcrumbs-content":"","ast-featured-img":"","footer-sml-layout":"","ast-disable-related-posts":"","theme-transparent-header-meta":"","adv-header-id-meta":"","stick-header-meta":"","header-above-stick-meta":"","header-main-stick-meta":"","header-below-stick-meta":"","astra-migrate-meta-layouts":"default","ast-page-background-enabled":"default","ast-page-background-meta":{"desktop":{"background-color":"var(--ast-global-color-5)","background-image":"","background-repeat":"repeat","background-position":"center center","background-size":"auto","background-attachment":"scroll","background-type":"","background-media":"","overlay-type":"","overlay-color":"","overlay-opacity":"","overlay-gradient":""},"tablet":{"background-color":"","background-image":"","background-repeat":"repeat","background-position":"center center","background-size":"auto","background-attachment":"scroll","background-type":"","background-media":"","overlay-type":"","overlay-color":"","overlay-opacity":"","overlay-gradient":""},"mobile":{"background-color":"","background-image":"","background-repeat":"repeat","background-position":"center center","background-size":"auto","background-attachment":"scroll","background-type":"","background-media":"","overlay-type":"","overlay-color":"","overlay-opacity":"","overlay-gradient":""}},"ast-content-background-meta":{"desktop":{"background-color":"var(--ast-global-color-4)","background-image":"","background-repeat":"repeat","background-position":"center center","background-size":"auto","background-attachment":"scroll","background-type":"","background-media":"","overlay-type":"","overlay-color":"","overlay-opacity":"","overlay-gradient":""},"tablet":{"background-color":"var(--ast-global-color-4)","background-image":"","background-repeat":"repeat","background-position":"center center","background-size":"auto","background-attachment":"scroll","background-type":"","background-media":"","overlay-type":"","overlay-color":"","overlay-opacity":"","overlay-gradient":""},"mobile":{"background-color":"var(--ast-global-color-4)","background-image":"","background-repeat":"repeat","background-position":"center center","background-size":"auto","background-attachment":"scroll","background-type":"","background-media":"","overlay-type":"","overlay-color":"","overlay-opacity":"","overlay-gradient":""}},"footnotes":""},"categories":[46,19,1,10],"tags":[],"class_list":["post-27545","post","type-post","status-publish","format-standard","has-post-thumbnail","hentry","category-municipios","category-nacionales","category-noticias","category-rotador"],"yoast_head":"<!-- This site is optimized with the Yoast SEO Premium plugin v23.0 (Yoast SEO v27.5) - https:\/\/yoast.com\/product\/yoast-seo-premium-wordpress\/ -->\n<title>Evento innovador reuni\u00f3 representantes de 82 municipios para negociar medios de cooperaci\u00f3n frente al cambio clim\u00e1tico<\/title>\n<meta name=\"robots\" content=\"index, follow, max-snippet:-1, max-image-preview:large, max-video-preview:-1\" \/>\n<link rel=\"canonical\" href=\"https:\/\/patagoniambiental.com.ar\/info\/evento-innovador-reunio-representantes-de-82-municipios-para-negociar-medios-de-cooperacion-frente-al-cambio-climatico\/\" \/>\n<meta property=\"og:locale\" content=\"es_ES\" \/>\n<meta property=\"og:type\" content=\"article\" \/>\n<meta property=\"og:title\" content=\"Evento innovador reuni\u00f3 representantes de 82 municipios para negociar medios de cooperaci\u00f3n frente al cambio clim\u00e1tico\" \/>\n<meta property=\"og:description\" content=\"En los d\u00edas 5 y 6 de abril se realiz\u00f3 en la Ciudad de Buenos Aires el \u00abEncuentro Nacional de [&hellip;]\" \/>\n<meta property=\"og:url\" content=\"https:\/\/patagoniambiental.com.ar\/info\/evento-innovador-reunio-representantes-de-82-municipios-para-negociar-medios-de-cooperacion-frente-al-cambio-climatico\/\" \/>\n<meta property=\"og:site_name\" content=\"Patagonia Ambiental\" \/>\n<meta property=\"article:publisher\" content=\"https:\/\/www.facebook.com\/patagonia.ambiental\" \/>\n<meta property=\"article:author\" content=\"https:\/\/www.facebook.com\/share\/1C1V8Gv9BX\/?mibextid=qi2Omg\" \/>\n<meta property=\"article:published_time\" content=\"2017-04-15T12:00:47+00:00\" \/>\n<meta property=\"og:image\" content=\"https:\/\/patagoniambiental.com.ar\/info\/wp-content\/uploads\/2017\/04\/municipios-red.jpg\" \/>\n\t<meta property=\"og:image:width\" content=\"900\" \/>\n\t<meta property=\"og:image:height\" content=\"598\" \/>\n\t<meta property=\"og:image:type\" content=\"image\/jpeg\" \/>\n<meta name=\"author\" content=\"Patagonia Ambiental\" \/>\n<meta name=\"twitter:card\" content=\"summary_large_image\" \/>\n<meta name=\"twitter:creator\" content=\"@PatAmb\" \/>\n<meta name=\"twitter:site\" content=\"@PatAmb\" \/>\n<script type=\"application\/ld+json\" class=\"yoast-schema-graph\">{\"@context\":\"https:\\\/\\\/schema.org\",\"@graph\":[{\"@type\":\"Article\",\"@id\":\"https:\\\/\\\/patagoniambiental.com.ar\\\/info\\\/evento-innovador-reunio-representantes-de-82-municipios-para-negociar-medios-de-cooperacion-frente-al-cambio-climatico\\\/#article\",\"isPartOf\":{\"@id\":\"https:\\\/\\\/patagoniambiental.com.ar\\\/info\\\/evento-innovador-reunio-representantes-de-82-municipios-para-negociar-medios-de-cooperacion-frente-al-cambio-climatico\\\/\"},\"author\":{\"name\":\"Patagonia Ambiental\",\"@id\":\"https:\\\/\\\/patagoniambiental.com.ar\\\/info\\\/#\\\/schema\\\/person\\\/db12bff64bbcbf6a253710bf0ea37b5d\"},\"headline\":\"Evento innovador reuni\u00f3 representantes de 82 municipios para negociar medios de cooperaci\u00f3n frente al cambio clim\u00e1tico\",\"datePublished\":\"2017-04-15T12:00:47+00:00\",\"mainEntityOfPage\":{\"@id\":\"https:\\\/\\\/patagoniambiental.com.ar\\\/info\\\/evento-innovador-reunio-representantes-de-82-municipios-para-negociar-medios-de-cooperacion-frente-al-cambio-climatico\\\/\"},\"wordCount\":900,\"commentCount\":0,\"publisher\":{\"@id\":\"https:\\\/\\\/patagoniambiental.com.ar\\\/info\\\/#organization\"},\"image\":{\"@id\":\"https:\\\/\\\/patagoniambiental.com.ar\\\/info\\\/evento-innovador-reunio-representantes-de-82-municipios-para-negociar-medios-de-cooperacion-frente-al-cambio-climatico\\\/#primaryimage\"},\"thumbnailUrl\":\"https:\\\/\\\/patagoniambiental.com.ar\\\/info\\\/wp-content\\\/uploads\\\/2017\\\/04\\\/municipios-red.jpg\",\"articleSection\":[\"Municipios\",\"Nacionales\",\"Noticias\",\"Rotador\"],\"inLanguage\":\"es\",\"potentialAction\":[{\"@type\":\"CommentAction\",\"name\":\"Comment\",\"target\":[\"https:\\\/\\\/patagoniambiental.com.ar\\\/info\\\/evento-innovador-reunio-representantes-de-82-municipios-para-negociar-medios-de-cooperacion-frente-al-cambio-climatico\\\/#respond\"]}]},{\"@type\":\"WebPage\",\"@id\":\"https:\\\/\\\/patagoniambiental.com.ar\\\/info\\\/evento-innovador-reunio-representantes-de-82-municipios-para-negociar-medios-de-cooperacion-frente-al-cambio-climatico\\\/\",\"url\":\"https:\\\/\\\/patagoniambiental.com.ar\\\/info\\\/evento-innovador-reunio-representantes-de-82-municipios-para-negociar-medios-de-cooperacion-frente-al-cambio-climatico\\\/\",\"name\":\"Evento innovador reuni\u00f3 representantes de 82 municipios para negociar medios de cooperaci\u00f3n frente al cambio clim\u00e1tico\",\"isPartOf\":{\"@id\":\"https:\\\/\\\/patagoniambiental.com.ar\\\/info\\\/#website\"},\"primaryImageOfPage\":{\"@id\":\"https:\\\/\\\/patagoniambiental.com.ar\\\/info\\\/evento-innovador-reunio-representantes-de-82-municipios-para-negociar-medios-de-cooperacion-frente-al-cambio-climatico\\\/#primaryimage\"},\"image\":{\"@id\":\"https:\\\/\\\/patagoniambiental.com.ar\\\/info\\\/evento-innovador-reunio-representantes-de-82-municipios-para-negociar-medios-de-cooperacion-frente-al-cambio-climatico\\\/#primaryimage\"},\"thumbnailUrl\":\"https:\\\/\\\/patagoniambiental.com.ar\\\/info\\\/wp-content\\\/uploads\\\/2017\\\/04\\\/municipios-red.jpg\",\"datePublished\":\"2017-04-15T12:00:47+00:00\",\"breadcrumb\":{\"@id\":\"https:\\\/\\\/patagoniambiental.com.ar\\\/info\\\/evento-innovador-reunio-representantes-de-82-municipios-para-negociar-medios-de-cooperacion-frente-al-cambio-climatico\\\/#breadcrumb\"},\"inLanguage\":\"es\",\"potentialAction\":[{\"@type\":\"ReadAction\",\"target\":[\"https:\\\/\\\/patagoniambiental.com.ar\\\/info\\\/evento-innovador-reunio-representantes-de-82-municipios-para-negociar-medios-de-cooperacion-frente-al-cambio-climatico\\\/\"]}]},{\"@type\":\"ImageObject\",\"inLanguage\":\"es\",\"@id\":\"https:\\\/\\\/patagoniambiental.com.ar\\\/info\\\/evento-innovador-reunio-representantes-de-82-municipios-para-negociar-medios-de-cooperacion-frente-al-cambio-climatico\\\/#primaryimage\",\"url\":\"https:\\\/\\\/patagoniambiental.com.ar\\\/info\\\/wp-content\\\/uploads\\\/2017\\\/04\\\/municipios-red.jpg\",\"contentUrl\":\"https:\\\/\\\/patagoniambiental.com.ar\\\/info\\\/wp-content\\\/uploads\\\/2017\\\/04\\\/municipios-red.jpg\",\"width\":900,\"height\":598},{\"@type\":\"BreadcrumbList\",\"@id\":\"https:\\\/\\\/patagoniambiental.com.ar\\\/info\\\/evento-innovador-reunio-representantes-de-82-municipios-para-negociar-medios-de-cooperacion-frente-al-cambio-climatico\\\/#breadcrumb\",\"itemListElement\":[{\"@type\":\"ListItem\",\"position\":1,\"name\":\"Inicio\",\"item\":\"https:\\\/\\\/patagoniambiental.com.ar\\\/info\\\/\"},{\"@type\":\"ListItem\",\"position\":2,\"name\":\"Evento innovador reuni\u00f3 representantes de 82 municipios para negociar medios de cooperaci\u00f3n frente al cambio clim\u00e1tico\"}]},{\"@type\":\"WebSite\",\"@id\":\"https:\\\/\\\/patagoniambiental.com.ar\\\/info\\\/#website\",\"url\":\"https:\\\/\\\/patagoniambiental.com.ar\\\/info\\\/\",\"name\":\"Patagonia Ambiental\",\"description\":\"Monitoreo y an\u00e1lisis de la situaci\u00f3n geopol\u00edtica en el mundo y su implicancia en la Patagonia\",\"publisher\":{\"@id\":\"https:\\\/\\\/patagoniambiental.com.ar\\\/info\\\/#organization\"},\"potentialAction\":[{\"@type\":\"SearchAction\",\"target\":{\"@type\":\"EntryPoint\",\"urlTemplate\":\"https:\\\/\\\/patagoniambiental.com.ar\\\/info\\\/?s={search_term_string}\"},\"query-input\":{\"@type\":\"PropertyValueSpecification\",\"valueRequired\":true,\"valueName\":\"search_term_string\"}}],\"inLanguage\":\"es\"},{\"@type\":\"Organization\",\"@id\":\"https:\\\/\\\/patagoniambiental.com.ar\\\/info\\\/#organization\",\"name\":\"Patagonia Ambiental\",\"url\":\"https:\\\/\\\/patagoniambiental.com.ar\\\/info\\\/\",\"logo\":{\"@type\":\"ImageObject\",\"inLanguage\":\"es\",\"@id\":\"https:\\\/\\\/patagoniambiental.com.ar\\\/info\\\/#\\\/schema\\\/logo\\\/image\\\/\",\"url\":\"https:\\\/\\\/patagoniambiental.com.ar\\\/info\\\/wp-content\\\/uploads\\\/2025\\\/05\\\/LOGO-PATAGONIA-AMBIENTAL.png\",\"contentUrl\":\"https:\\\/\\\/patagoniambiental.com.ar\\\/info\\\/wp-content\\\/uploads\\\/2025\\\/05\\\/LOGO-PATAGONIA-AMBIENTAL.png\",\"width\":433,\"height\":250,\"caption\":\"Patagonia Ambiental\"},\"image\":{\"@id\":\"https:\\\/\\\/patagoniambiental.com.ar\\\/info\\\/#\\\/schema\\\/logo\\\/image\\\/\"},\"sameAs\":[\"https:\\\/\\\/www.facebook.com\\\/patagonia.ambiental\",\"https:\\\/\\\/x.com\\\/PatAmb\"]},{\"@type\":\"Person\",\"@id\":\"https:\\\/\\\/patagoniambiental.com.ar\\\/info\\\/#\\\/schema\\\/person\\\/db12bff64bbcbf6a253710bf0ea37b5d\",\"name\":\"Patagonia Ambiental\",\"description\":\"Andr\u00e9s Nievas T\u00e9cnico en manejo ambiental, consultor Ambiental y escritor para medios locales e internacionales sobre temas de geopolitica y medio ambiente.\",\"sameAs\":[\"http:\\\/\\\/www.patagoniambiental.com.ar\",\"https:\\\/\\\/www.facebook.com\\\/share\\\/1C1V8Gv9BX\\\/?mibextid=qi2Omg\",\"@patagoniambiental\",\"https:\\\/\\\/youtube.com\\\/@patagoniaambiental2023?si=BLt58t0wuXquxlYZ\"]}]}<\/script>\n<!-- \/ Yoast SEO Premium plugin. -->","yoast_head_json":{"title":"Evento innovador reuni\u00f3 representantes de 82 municipios para negociar medios de cooperaci\u00f3n frente al cambio clim\u00e1tico","robots":{"index":"index","follow":"follow","max-snippet":"max-snippet:-1","max-image-preview":"max-image-preview:large","max-video-preview":"max-video-preview:-1"},"canonical":"https:\/\/patagoniambiental.com.ar\/info\/evento-innovador-reunio-representantes-de-82-municipios-para-negociar-medios-de-cooperacion-frente-al-cambio-climatico\/","og_locale":"es_ES","og_type":"article","og_title":"Evento innovador reuni\u00f3 representantes de 82 municipios para negociar medios de cooperaci\u00f3n frente al cambio clim\u00e1tico","og_description":"En los d\u00edas 5 y 6 de abril se realiz\u00f3 en la Ciudad de Buenos Aires el \u00abEncuentro Nacional de [&hellip;]","og_url":"https:\/\/patagoniambiental.com.ar\/info\/evento-innovador-reunio-representantes-de-82-municipios-para-negociar-medios-de-cooperacion-frente-al-cambio-climatico\/","og_site_name":"Patagonia Ambiental","article_publisher":"https:\/\/www.facebook.com\/patagonia.ambiental","article_author":"https:\/\/www.facebook.com\/share\/1C1V8Gv9BX\/?mibextid=qi2Omg","article_published_time":"2017-04-15T12:00:47+00:00","og_image":[{"width":900,"height":598,"url":"https:\/\/patagoniambiental.com.ar\/info\/wp-content\/uploads\/2017\/04\/municipios-red.jpg","type":"image\/jpeg"}],"author":"Patagonia Ambiental","twitter_card":"summary_large_image","twitter_creator":"@PatAmb","twitter_site":"@PatAmb","schema":{"@context":"https:\/\/schema.org","@graph":[{"@type":"Article","@id":"https:\/\/patagoniambiental.com.ar\/info\/evento-innovador-reunio-representantes-de-82-municipios-para-negociar-medios-de-cooperacion-frente-al-cambio-climatico\/#article","isPartOf":{"@id":"https:\/\/patagoniambiental.com.ar\/info\/evento-innovador-reunio-representantes-de-82-municipios-para-negociar-medios-de-cooperacion-frente-al-cambio-climatico\/"},"author":{"name":"Patagonia Ambiental","@id":"https:\/\/patagoniambiental.com.ar\/info\/#\/schema\/person\/db12bff64bbcbf6a253710bf0ea37b5d"},"headline":"Evento innovador reuni\u00f3 representantes de 82 municipios para negociar medios de cooperaci\u00f3n frente al cambio clim\u00e1tico","datePublished":"2017-04-15T12:00:47+00:00","mainEntityOfPage":{"@id":"https:\/\/patagoniambiental.com.ar\/info\/evento-innovador-reunio-representantes-de-82-municipios-para-negociar-medios-de-cooperacion-frente-al-cambio-climatico\/"},"wordCount":900,"commentCount":0,"publisher":{"@id":"https:\/\/patagoniambiental.com.ar\/info\/#organization"},"image":{"@id":"https:\/\/patagoniambiental.com.ar\/info\/evento-innovador-reunio-representantes-de-82-municipios-para-negociar-medios-de-cooperacion-frente-al-cambio-climatico\/#primaryimage"},"thumbnailUrl":"https:\/\/patagoniambiental.com.ar\/info\/wp-content\/uploads\/2017\/04\/municipios-red.jpg","articleSection":["Municipios","Nacionales","Noticias","Rotador"],"inLanguage":"es","potentialAction":[{"@type":"CommentAction","name":"Comment","target":["https:\/\/patagoniambiental.com.ar\/info\/evento-innovador-reunio-representantes-de-82-municipios-para-negociar-medios-de-cooperacion-frente-al-cambio-climatico\/#respond"]}]},{"@type":"WebPage","@id":"https:\/\/patagoniambiental.com.ar\/info\/evento-innovador-reunio-representantes-de-82-municipios-para-negociar-medios-de-cooperacion-frente-al-cambio-climatico\/","url":"https:\/\/patagoniambiental.com.ar\/info\/evento-innovador-reunio-representantes-de-82-municipios-para-negociar-medios-de-cooperacion-frente-al-cambio-climatico\/","name":"Evento innovador reuni\u00f3 representantes de 82 municipios para negociar medios de cooperaci\u00f3n frente al cambio clim\u00e1tico","isPartOf":{"@id":"https:\/\/patagoniambiental.com.ar\/info\/#website"},"primaryImageOfPage":{"@id":"https:\/\/patagoniambiental.com.ar\/info\/evento-innovador-reunio-representantes-de-82-municipios-para-negociar-medios-de-cooperacion-frente-al-cambio-climatico\/#primaryimage"},"image":{"@id":"https:\/\/patagoniambiental.com.ar\/info\/evento-innovador-reunio-representantes-de-82-municipios-para-negociar-medios-de-cooperacion-frente-al-cambio-climatico\/#primaryimage"},"thumbnailUrl":"https:\/\/patagoniambiental.com.ar\/info\/wp-content\/uploads\/2017\/04\/municipios-red.jpg","datePublished":"2017-04-15T12:00:47+00:00","breadcrumb":{"@id":"https:\/\/patagoniambiental.com.ar\/info\/evento-innovador-reunio-representantes-de-82-municipios-para-negociar-medios-de-cooperacion-frente-al-cambio-climatico\/#breadcrumb"},"inLanguage":"es","potentialAction":[{"@type":"ReadAction","target":["https:\/\/patagoniambiental.com.ar\/info\/evento-innovador-reunio-representantes-de-82-municipios-para-negociar-medios-de-cooperacion-frente-al-cambio-climatico\/"]}]},{"@type":"ImageObject","inLanguage":"es","@id":"https:\/\/patagoniambiental.com.ar\/info\/evento-innovador-reunio-representantes-de-82-municipios-para-negociar-medios-de-cooperacion-frente-al-cambio-climatico\/#primaryimage","url":"https:\/\/patagoniambiental.com.ar\/info\/wp-content\/uploads\/2017\/04\/municipios-red.jpg","contentUrl":"https:\/\/patagoniambiental.com.ar\/info\/wp-content\/uploads\/2017\/04\/municipios-red.jpg","width":900,"height":598},{"@type":"BreadcrumbList","@id":"https:\/\/patagoniambiental.com.ar\/info\/evento-innovador-reunio-representantes-de-82-municipios-para-negociar-medios-de-cooperacion-frente-al-cambio-climatico\/#breadcrumb","itemListElement":[{"@type":"ListItem","position":1,"name":"Inicio","item":"https:\/\/patagoniambiental.com.ar\/info\/"},{"@type":"ListItem","position":2,"name":"Evento innovador reuni\u00f3 representantes de 82 municipios para negociar medios de cooperaci\u00f3n frente al cambio clim\u00e1tico"}]},{"@type":"WebSite","@id":"https:\/\/patagoniambiental.com.ar\/info\/#website","url":"https:\/\/patagoniambiental.com.ar\/info\/","name":"Patagonia Ambiental","description":"Monitoreo y an\u00e1lisis de la situaci\u00f3n geopol\u00edtica en el mundo y su implicancia en la Patagonia","publisher":{"@id":"https:\/\/patagoniambiental.com.ar\/info\/#organization"},"potentialAction":[{"@type":"SearchAction","target":{"@type":"EntryPoint","urlTemplate":"https:\/\/patagoniambiental.com.ar\/info\/?s={search_term_string}"},"query-input":{"@type":"PropertyValueSpecification","valueRequired":true,"valueName":"search_term_string"}}],"inLanguage":"es"},{"@type":"Organization","@id":"https:\/\/patagoniambiental.com.ar\/info\/#organization","name":"Patagonia Ambiental","url":"https:\/\/patagoniambiental.com.ar\/info\/","logo":{"@type":"ImageObject","inLanguage":"es","@id":"https:\/\/patagoniambiental.com.ar\/info\/#\/schema\/logo\/image\/","url":"https:\/\/patagoniambiental.com.ar\/info\/wp-content\/uploads\/2025\/05\/LOGO-PATAGONIA-AMBIENTAL.png","contentUrl":"https:\/\/patagoniambiental.com.ar\/info\/wp-content\/uploads\/2025\/05\/LOGO-PATAGONIA-AMBIENTAL.png","width":433,"height":250,"caption":"Patagonia Ambiental"},"image":{"@id":"https:\/\/patagoniambiental.com.ar\/info\/#\/schema\/logo\/image\/"},"sameAs":["https:\/\/www.facebook.com\/patagonia.ambiental","https:\/\/x.com\/PatAmb"]},{"@type":"Person","@id":"https:\/\/patagoniambiental.com.ar\/info\/#\/schema\/person\/db12bff64bbcbf6a253710bf0ea37b5d","name":"Patagonia Ambiental","description":"Andr\u00e9s Nievas T\u00e9cnico en manejo ambiental, consultor Ambiental y escritor para medios locales e internacionales sobre temas de geopolitica y medio ambiente.","sameAs":["http:\/\/www.patagoniambiental.com.ar","https:\/\/www.facebook.com\/share\/1C1V8Gv9BX\/?mibextid=qi2Omg","@patagoniambiental","https:\/\/youtube.com\/@patagoniaambiental2023?si=BLt58t0wuXquxlYZ"]}]}},"_links":{"self":[{"href":"https:\/\/patagoniambiental.com.ar\/info\/wp-json\/wp\/v2\/posts\/27545","targetHints":{"allow":["GET"]}}],"collection":[{"href":"https:\/\/patagoniambiental.com.ar\/info\/wp-json\/wp\/v2\/posts"}],"about":[{"href":"https:\/\/patagoniambiental.com.ar\/info\/wp-json\/wp\/v2\/types\/post"}],"author":[{"embeddable":true,"href":"https:\/\/patagoniambiental.com.ar\/info\/wp-json\/wp\/v2\/users\/2"}],"replies":[{"embeddable":true,"href":"https:\/\/patagoniambiental.com.ar\/info\/wp-json\/wp\/v2\/comments?post=27545"}],"version-history":[{"count":0,"href":"https:\/\/patagoniambiental.com.ar\/info\/wp-json\/wp\/v2\/posts\/27545\/revisions"}],"wp:featuredmedia":[{"embeddable":true,"href":"https:\/\/patagoniambiental.com.ar\/info\/wp-json\/wp\/v2\/media\/27546"}],"wp:attachment":[{"href":"https:\/\/patagoniambiental.com.ar\/info\/wp-json\/wp\/v2\/media?parent=27545"}],"wp:term":[{"taxonomy":"category","embeddable":true,"href":"https:\/\/patagoniambiental.com.ar\/info\/wp-json\/wp\/v2\/categories?post=27545"},{"taxonomy":"post_tag","embeddable":true,"href":"https:\/\/patagoniambiental.com.ar\/info\/wp-json\/wp\/v2\/tags?post=27545"}],"curies":[{"name":"wp","href":"https:\/\/api.w.org\/{rel}","templated":true}]}}