{"id":27592,"date":"2017-04-17T19:00:46","date_gmt":"2017-04-17T22:00:46","guid":{"rendered":"http:\/\/patagoniambiental.com.ar\/info\/?p=27592"},"modified":"2017-04-17T19:08:22","modified_gmt":"2017-04-17T22:08:22","slug":"agrupacion-de-artesanas-mapuches-participa-en-feria-internacional-revelations-de-paris","status":"publish","type":"post","link":"https:\/\/patagoniambiental.com.ar\/info\/agrupacion-de-artesanas-mapuches-participa-en-feria-internacional-revelations-de-paris\/","title":{"rendered":"Agrupaci\u00f3n de artesanas mapuches participa en feria internacional Revelations de Par\u00eds"},"content":{"rendered":"<p>Par\u00eds (Francia).-Una\u00a0agrupaci\u00f3n de artesanas mapuches\u00a0alcanzar\u00e1\u00a0este a\u00f1o su m\u00e1ximo reconocimiento al participar<\/p>\n<p><!--more--><\/p>\n<p>en la feria \u201cRevelations\u201d que se realiza en el Gran\u00a0Palais de Par\u00eds, Francia, y que en<strong> esta edici\u00f3n est\u00e1 dedicada a Chile considerando la celebraci\u00f3n de los 100\u00a0a\u00f1os del natalicio de Violeta Parra.<\/strong><\/p>\n<p>Desde 2005 la empresa forestal CMPC apoya a un grupo de artesanas mapuche de las regiones del Biob\u00edo\u00a0y La Araucan\u00eda que trabaja con<strong> \u00d1ocha, una planta end\u00e9mica del sur cuyas hojas han sido por\u00a0d\u00e9cadas la materia prima de artesan\u00eda cestera mapuche.<\/strong><\/p>\n<p>En una primera instancia el proyecto\u00a0apunt\u00f3 a rescatar la planta logrando que las artesanas cultivaran la fibra vegetal de manera\u00a0sustentable en sus domicilios. Luego en 2012 avanz\u00f3 con el apoyo en la <strong>creaci\u00f3n de nuevos\u00a0dise\u00f1os que se pudieran comercializar.<\/strong><\/p>\n<p><img fetchpriority=\"high\" decoding=\"async\" class=\"size-medium wp-image-27594 aligncenter\" src=\"https:\/\/patagoniambiental.com.ar\/info\/wp-content\/uploads\/2017\/04\/Captura-de-pantalla-2017-04-13-a-las-10.49.15-600x401.png\" alt=\"\" width=\"600\" height=\"401\" \/><\/p>\n<p><strong>As\u00ed surge \u00d1ocha Malen, la agrupaci\u00f3n de 15 artesanas<\/strong>\u00a0ha sido premiada con el Sello de Excelencia que entrega el Comit\u00e9 Nacional de Artesan\u00eda, que\u00a0forma parte de la red mundial PETLamp y que viajar\u00e1 este a\u00f1o a Par\u00eds.<\/p>\n<p>A la exposici\u00f3n asistir\u00e1 Juanita Maribur, presidenta y l\u00edder de la agrupaci\u00f3n, quien se\u00f1al\u00f3 que es un\u00a0orgullo y est\u00e1 feliz de participar. \u201cNo me quiero poner nerviosa, s\u00f3lo quiero disfrutar cuando est\u00e9\u00a0all\u00e1\u201d, dijo.<\/p>\n<p><strong>Juanita, que aprendi\u00f3 el oficio de la \u00d1ocha de su madre,<\/strong> comenz\u00f3 a trabajar con Forestal Mininco\u00a0cuando la empresa lleg\u00f3 con el proyecto a la zona de Huentelol\u00e9n. La artesana se sum\u00f3 a su\u00a0hermana con la motivaci\u00f3n de dar a conocer su arte y comercializarlo a un precio justo lo que se\u00a0ha cumplido con creces. \u201cFaltan manos para suplir las necesidades de los clientes\u201d, indic\u00f3.<\/p>\n<p><img decoding=\"async\" class=\"size-medium wp-image-27595 aligncenter\" src=\"https:\/\/patagoniambiental.com.ar\/info\/wp-content\/uploads\/2017\/04\/Captura-de-pantalla-2017-04-13-a-las-10.50.31-600x418.png\" alt=\"\" width=\"600\" height=\"418\" \/><\/p>\n<p><strong>\u00d1ocha Malen est\u00e1 a ad portas de publicar un libro que cuenta la historia de 10 artesanas de la\u00a0agrupaci\u00f3n <\/strong>y Juanita coment\u00f3 que ha sido invitada a participar de otras exposiciones incluso en\u00a0Isla de Pascua. Adem\u00e1s, se embarc\u00f3 en otro proyecto con la empresa y como parte de un plan de\u00a0fomento capacita a otras mujeres en este oficio convirti\u00e9ndose en profesora de cester\u00eda en\u00a0Ca\u00f1ete.<\/p>\n<p>Fuente:\u00a0http:\/\/www.eldinamo.cl\/nacional\/2017\/04\/13\/artesanas-mapuches-feria-internacional-paris\/<\/p>\n","protected":false},"excerpt":{"rendered":"<p>Par\u00eds (Francia).-Una\u00a0agrupaci\u00f3n de artesanas mapuches\u00a0alcanzar\u00e1\u00a0este a\u00f1o su m\u00e1ximo reconocimiento al participar<\/p>\n","protected":false},"author":2,"featured_media":27593,"comment_status":"open","ping_status":"open","sticky":false,"template":"","format":"standard","meta":{"site-sidebar-layout":"default","site-content-layout":"","ast-site-content-layout":"default","site-content-style":"default","site-sidebar-style":"default","ast-global-header-display":"","ast-banner-title-visibility":"","ast-main-header-display":"","ast-hfb-above-header-display":"","ast-hfb-below-header-display":"","ast-hfb-mobile-header-display":"","site-post-title":"","ast-breadcrumbs-content":"","ast-featured-img":"","footer-sml-layout":"","ast-disable-related-posts":"","theme-transparent-header-meta":"","adv-header-id-meta":"","stick-header-meta":"","header-above-stick-meta":"","header-main-stick-meta":"","header-below-stick-meta":"","astra-migrate-meta-layouts":"default","ast-page-background-enabled":"default","ast-page-background-meta":{"desktop":{"background-color":"var(--ast-global-color-5)","background-image":"","background-repeat":"repeat","background-position":"center center","background-size":"auto","background-attachment":"scroll","background-type":"","background-media":"","overlay-type":"","overlay-color":"","overlay-opacity":"","overlay-gradient":""},"tablet":{"background-color":"","background-image":"","background-repeat":"repeat","background-position":"center center","background-size":"auto","background-attachment":"scroll","background-type":"","background-media":"","overlay-type":"","overlay-color":"","overlay-opacity":"","overlay-gradient":""},"mobile":{"background-color":"","background-image":"","background-repeat":"repeat","background-position":"center center","background-size":"auto","background-attachment":"scroll","background-type":"","background-media":"","overlay-type":"","overlay-color":"","overlay-opacity":"","overlay-gradient":""}},"ast-content-background-meta":{"desktop":{"background-color":"var(--ast-global-color-4)","background-image":"","background-repeat":"repeat","background-position":"center center","background-size":"auto","background-attachment":"scroll","background-type":"","background-media":"","overlay-type":"","overlay-color":"","overlay-opacity":"","overlay-gradient":""},"tablet":{"background-color":"var(--ast-global-color-4)","background-image":"","background-repeat":"repeat","background-position":"center center","background-size":"auto","background-attachment":"scroll","background-type":"","background-media":"","overlay-type":"","overlay-color":"","overlay-opacity":"","overlay-gradient":""},"mobile":{"background-color":"var(--ast-global-color-4)","background-image":"","background-repeat":"repeat","background-position":"center center","background-size":"auto","background-attachment":"scroll","background-type":"","background-media":"","overlay-type":"","overlay-color":"","overlay-opacity":"","overlay-gradient":""}},"footnotes":""},"categories":[23,1],"tags":[],"class_list":["post-27592","post","type-post","status-publish","format-standard","has-post-thumbnail","hentry","category-internacionales","category-noticias"],"yoast_head":"<!-- This site is optimized with the Yoast SEO Premium plugin v23.0 (Yoast SEO v27.4) - https:\/\/yoast.com\/product\/yoast-seo-premium-wordpress\/ -->\n<title>Agrupaci\u00f3n de artesanas mapuches participa en feria internacional Revelations de Par\u00eds<\/title>\n<meta name=\"robots\" content=\"index, follow, max-snippet:-1, max-image-preview:large, max-video-preview:-1\" \/>\n<link rel=\"canonical\" href=\"https:\/\/patagoniambiental.com.ar\/info\/agrupacion-de-artesanas-mapuches-participa-en-feria-internacional-revelations-de-paris\/\" \/>\n<meta property=\"og:locale\" content=\"es_ES\" \/>\n<meta property=\"og:type\" content=\"article\" \/>\n<meta property=\"og:title\" content=\"Agrupaci\u00f3n de artesanas mapuches participa en feria internacional Revelations de Par\u00eds\" \/>\n<meta property=\"og:description\" content=\"Par\u00eds (Francia).-Una\u00a0agrupaci\u00f3n de artesanas mapuches\u00a0alcanzar\u00e1\u00a0este a\u00f1o su m\u00e1ximo reconocimiento al participar\" \/>\n<meta property=\"og:url\" content=\"https:\/\/patagoniambiental.com.ar\/info\/agrupacion-de-artesanas-mapuches-participa-en-feria-internacional-revelations-de-paris\/\" \/>\n<meta property=\"og:site_name\" content=\"Patagonia Ambiental\" \/>\n<meta property=\"article:publisher\" content=\"https:\/\/www.facebook.com\/patagonia.ambiental\" \/>\n<meta property=\"article:author\" content=\"https:\/\/www.facebook.com\/share\/1C1V8Gv9BX\/?mibextid=qi2Omg\" \/>\n<meta property=\"article:published_time\" content=\"2017-04-17T22:00:46+00:00\" \/>\n<meta property=\"article:modified_time\" content=\"2017-04-17T22:08:22+00:00\" \/>\n<meta property=\"og:image\" content=\"https:\/\/patagoniambiental.com.ar\/info\/wp-content\/uploads\/2017\/04\/Captura-de-pantalla-2017-04-13-a-las-10.30.10.png\" \/>\n\t<meta property=\"og:image:width\" content=\"797\" \/>\n\t<meta property=\"og:image:height\" content=\"533\" \/>\n\t<meta property=\"og:image:type\" content=\"image\/png\" \/>\n<meta name=\"author\" content=\"Patagonia Ambiental\" \/>\n<meta name=\"twitter:card\" content=\"summary_large_image\" \/>\n<meta name=\"twitter:creator\" content=\"@PatAmb\" \/>\n<meta name=\"twitter:site\" content=\"@PatAmb\" \/>\n<script type=\"application\/ld+json\" class=\"yoast-schema-graph\">{\"@context\":\"https:\\\/\\\/schema.org\",\"@graph\":[{\"@type\":\"Article\",\"@id\":\"https:\\\/\\\/patagoniambiental.com.ar\\\/info\\\/agrupacion-de-artesanas-mapuches-participa-en-feria-internacional-revelations-de-paris\\\/#article\",\"isPartOf\":{\"@id\":\"https:\\\/\\\/patagoniambiental.com.ar\\\/info\\\/agrupacion-de-artesanas-mapuches-participa-en-feria-internacional-revelations-de-paris\\\/\"},\"author\":{\"name\":\"Patagonia Ambiental\",\"@id\":\"https:\\\/\\\/patagoniambiental.com.ar\\\/info\\\/#\\\/schema\\\/person\\\/db12bff64bbcbf6a253710bf0ea37b5d\"},\"headline\":\"Agrupaci\u00f3n de artesanas mapuches participa en feria internacional Revelations de Par\u00eds\",\"datePublished\":\"2017-04-17T22:00:46+00:00\",\"dateModified\":\"2017-04-17T22:08:22+00:00\",\"mainEntityOfPage\":{\"@id\":\"https:\\\/\\\/patagoniambiental.com.ar\\\/info\\\/agrupacion-de-artesanas-mapuches-participa-en-feria-internacional-revelations-de-paris\\\/\"},\"wordCount\":391,\"commentCount\":0,\"publisher\":{\"@id\":\"https:\\\/\\\/patagoniambiental.com.ar\\\/info\\\/#organization\"},\"image\":{\"@id\":\"https:\\\/\\\/patagoniambiental.com.ar\\\/info\\\/agrupacion-de-artesanas-mapuches-participa-en-feria-internacional-revelations-de-paris\\\/#primaryimage\"},\"thumbnailUrl\":\"https:\\\/\\\/patagoniambiental.com.ar\\\/info\\\/wp-content\\\/uploads\\\/2017\\\/04\\\/Captura-de-pantalla-2017-04-13-a-las-10.30.10.png\",\"articleSection\":[\"Internacionales\",\"Noticias\"],\"inLanguage\":\"es\",\"potentialAction\":[{\"@type\":\"CommentAction\",\"name\":\"Comment\",\"target\":[\"https:\\\/\\\/patagoniambiental.com.ar\\\/info\\\/agrupacion-de-artesanas-mapuches-participa-en-feria-internacional-revelations-de-paris\\\/#respond\"]}]},{\"@type\":\"WebPage\",\"@id\":\"https:\\\/\\\/patagoniambiental.com.ar\\\/info\\\/agrupacion-de-artesanas-mapuches-participa-en-feria-internacional-revelations-de-paris\\\/\",\"url\":\"https:\\\/\\\/patagoniambiental.com.ar\\\/info\\\/agrupacion-de-artesanas-mapuches-participa-en-feria-internacional-revelations-de-paris\\\/\",\"name\":\"Agrupaci\u00f3n de artesanas mapuches participa en feria internacional Revelations de Par\u00eds\",\"isPartOf\":{\"@id\":\"https:\\\/\\\/patagoniambiental.com.ar\\\/info\\\/#website\"},\"primaryImageOfPage\":{\"@id\":\"https:\\\/\\\/patagoniambiental.com.ar\\\/info\\\/agrupacion-de-artesanas-mapuches-participa-en-feria-internacional-revelations-de-paris\\\/#primaryimage\"},\"image\":{\"@id\":\"https:\\\/\\\/patagoniambiental.com.ar\\\/info\\\/agrupacion-de-artesanas-mapuches-participa-en-feria-internacional-revelations-de-paris\\\/#primaryimage\"},\"thumbnailUrl\":\"https:\\\/\\\/patagoniambiental.com.ar\\\/info\\\/wp-content\\\/uploads\\\/2017\\\/04\\\/Captura-de-pantalla-2017-04-13-a-las-10.30.10.png\",\"datePublished\":\"2017-04-17T22:00:46+00:00\",\"dateModified\":\"2017-04-17T22:08:22+00:00\",\"breadcrumb\":{\"@id\":\"https:\\\/\\\/patagoniambiental.com.ar\\\/info\\\/agrupacion-de-artesanas-mapuches-participa-en-feria-internacional-revelations-de-paris\\\/#breadcrumb\"},\"inLanguage\":\"es\",\"potentialAction\":[{\"@type\":\"ReadAction\",\"target\":[\"https:\\\/\\\/patagoniambiental.com.ar\\\/info\\\/agrupacion-de-artesanas-mapuches-participa-en-feria-internacional-revelations-de-paris\\\/\"]}]},{\"@type\":\"ImageObject\",\"inLanguage\":\"es\",\"@id\":\"https:\\\/\\\/patagoniambiental.com.ar\\\/info\\\/agrupacion-de-artesanas-mapuches-participa-en-feria-internacional-revelations-de-paris\\\/#primaryimage\",\"url\":\"https:\\\/\\\/patagoniambiental.com.ar\\\/info\\\/wp-content\\\/uploads\\\/2017\\\/04\\\/Captura-de-pantalla-2017-04-13-a-las-10.30.10.png\",\"contentUrl\":\"https:\\\/\\\/patagoniambiental.com.ar\\\/info\\\/wp-content\\\/uploads\\\/2017\\\/04\\\/Captura-de-pantalla-2017-04-13-a-las-10.30.10.png\",\"width\":797,\"height\":533},{\"@type\":\"BreadcrumbList\",\"@id\":\"https:\\\/\\\/patagoniambiental.com.ar\\\/info\\\/agrupacion-de-artesanas-mapuches-participa-en-feria-internacional-revelations-de-paris\\\/#breadcrumb\",\"itemListElement\":[{\"@type\":\"ListItem\",\"position\":1,\"name\":\"Inicio\",\"item\":\"https:\\\/\\\/patagoniambiental.com.ar\\\/info\\\/\"},{\"@type\":\"ListItem\",\"position\":2,\"name\":\"Agrupaci\u00f3n de artesanas mapuches participa en feria internacional Revelations de Par\u00eds\"}]},{\"@type\":\"WebSite\",\"@id\":\"https:\\\/\\\/patagoniambiental.com.ar\\\/info\\\/#website\",\"url\":\"https:\\\/\\\/patagoniambiental.com.ar\\\/info\\\/\",\"name\":\"Patagonia Ambiental\",\"description\":\"Monitoreo y an\u00e1lisis de la situaci\u00f3n geopol\u00edtica en el mundo y su implicancia en la Patagonia\",\"publisher\":{\"@id\":\"https:\\\/\\\/patagoniambiental.com.ar\\\/info\\\/#organization\"},\"potentialAction\":[{\"@type\":\"SearchAction\",\"target\":{\"@type\":\"EntryPoint\",\"urlTemplate\":\"https:\\\/\\\/patagoniambiental.com.ar\\\/info\\\/?s={search_term_string}\"},\"query-input\":{\"@type\":\"PropertyValueSpecification\",\"valueRequired\":true,\"valueName\":\"search_term_string\"}}],\"inLanguage\":\"es\"},{\"@type\":\"Organization\",\"@id\":\"https:\\\/\\\/patagoniambiental.com.ar\\\/info\\\/#organization\",\"name\":\"Patagonia Ambiental\",\"url\":\"https:\\\/\\\/patagoniambiental.com.ar\\\/info\\\/\",\"logo\":{\"@type\":\"ImageObject\",\"inLanguage\":\"es\",\"@id\":\"https:\\\/\\\/patagoniambiental.com.ar\\\/info\\\/#\\\/schema\\\/logo\\\/image\\\/\",\"url\":\"https:\\\/\\\/patagoniambiental.com.ar\\\/info\\\/wp-content\\\/uploads\\\/2025\\\/05\\\/LOGO-PATAGONIA-AMBIENTAL.png\",\"contentUrl\":\"https:\\\/\\\/patagoniambiental.com.ar\\\/info\\\/wp-content\\\/uploads\\\/2025\\\/05\\\/LOGO-PATAGONIA-AMBIENTAL.png\",\"width\":433,\"height\":250,\"caption\":\"Patagonia Ambiental\"},\"image\":{\"@id\":\"https:\\\/\\\/patagoniambiental.com.ar\\\/info\\\/#\\\/schema\\\/logo\\\/image\\\/\"},\"sameAs\":[\"https:\\\/\\\/www.facebook.com\\\/patagonia.ambiental\",\"https:\\\/\\\/x.com\\\/PatAmb\"]},{\"@type\":\"Person\",\"@id\":\"https:\\\/\\\/patagoniambiental.com.ar\\\/info\\\/#\\\/schema\\\/person\\\/db12bff64bbcbf6a253710bf0ea37b5d\",\"name\":\"Patagonia Ambiental\",\"description\":\"Andr\u00e9s Nievas T\u00e9cnico en manejo ambiental, consultor Ambiental y escritor para medios locales e internacionales sobre temas de geopolitica y medio ambiente.\",\"sameAs\":[\"http:\\\/\\\/www.patagoniambiental.com.ar\",\"https:\\\/\\\/www.facebook.com\\\/share\\\/1C1V8Gv9BX\\\/?mibextid=qi2Omg\",\"@patagoniambiental\",\"https:\\\/\\\/youtube.com\\\/@patagoniaambiental2023?si=BLt58t0wuXquxlYZ\"]}]}<\/script>\n<!-- \/ Yoast SEO Premium plugin. -->","yoast_head_json":{"title":"Agrupaci\u00f3n de artesanas mapuches participa en feria internacional Revelations de Par\u00eds","robots":{"index":"index","follow":"follow","max-snippet":"max-snippet:-1","max-image-preview":"max-image-preview:large","max-video-preview":"max-video-preview:-1"},"canonical":"https:\/\/patagoniambiental.com.ar\/info\/agrupacion-de-artesanas-mapuches-participa-en-feria-internacional-revelations-de-paris\/","og_locale":"es_ES","og_type":"article","og_title":"Agrupaci\u00f3n de artesanas mapuches participa en feria internacional Revelations de Par\u00eds","og_description":"Par\u00eds (Francia).-Una\u00a0agrupaci\u00f3n de artesanas mapuches\u00a0alcanzar\u00e1\u00a0este a\u00f1o su m\u00e1ximo reconocimiento al participar","og_url":"https:\/\/patagoniambiental.com.ar\/info\/agrupacion-de-artesanas-mapuches-participa-en-feria-internacional-revelations-de-paris\/","og_site_name":"Patagonia Ambiental","article_publisher":"https:\/\/www.facebook.com\/patagonia.ambiental","article_author":"https:\/\/www.facebook.com\/share\/1C1V8Gv9BX\/?mibextid=qi2Omg","article_published_time":"2017-04-17T22:00:46+00:00","article_modified_time":"2017-04-17T22:08:22+00:00","og_image":[{"width":797,"height":533,"url":"https:\/\/patagoniambiental.com.ar\/info\/wp-content\/uploads\/2017\/04\/Captura-de-pantalla-2017-04-13-a-las-10.30.10.png","type":"image\/png"}],"author":"Patagonia Ambiental","twitter_card":"summary_large_image","twitter_creator":"@PatAmb","twitter_site":"@PatAmb","schema":{"@context":"https:\/\/schema.org","@graph":[{"@type":"Article","@id":"https:\/\/patagoniambiental.com.ar\/info\/agrupacion-de-artesanas-mapuches-participa-en-feria-internacional-revelations-de-paris\/#article","isPartOf":{"@id":"https:\/\/patagoniambiental.com.ar\/info\/agrupacion-de-artesanas-mapuches-participa-en-feria-internacional-revelations-de-paris\/"},"author":{"name":"Patagonia Ambiental","@id":"https:\/\/patagoniambiental.com.ar\/info\/#\/schema\/person\/db12bff64bbcbf6a253710bf0ea37b5d"},"headline":"Agrupaci\u00f3n de artesanas mapuches participa en feria internacional Revelations de Par\u00eds","datePublished":"2017-04-17T22:00:46+00:00","dateModified":"2017-04-17T22:08:22+00:00","mainEntityOfPage":{"@id":"https:\/\/patagoniambiental.com.ar\/info\/agrupacion-de-artesanas-mapuches-participa-en-feria-internacional-revelations-de-paris\/"},"wordCount":391,"commentCount":0,"publisher":{"@id":"https:\/\/patagoniambiental.com.ar\/info\/#organization"},"image":{"@id":"https:\/\/patagoniambiental.com.ar\/info\/agrupacion-de-artesanas-mapuches-participa-en-feria-internacional-revelations-de-paris\/#primaryimage"},"thumbnailUrl":"https:\/\/patagoniambiental.com.ar\/info\/wp-content\/uploads\/2017\/04\/Captura-de-pantalla-2017-04-13-a-las-10.30.10.png","articleSection":["Internacionales","Noticias"],"inLanguage":"es","potentialAction":[{"@type":"CommentAction","name":"Comment","target":["https:\/\/patagoniambiental.com.ar\/info\/agrupacion-de-artesanas-mapuches-participa-en-feria-internacional-revelations-de-paris\/#respond"]}]},{"@type":"WebPage","@id":"https:\/\/patagoniambiental.com.ar\/info\/agrupacion-de-artesanas-mapuches-participa-en-feria-internacional-revelations-de-paris\/","url":"https:\/\/patagoniambiental.com.ar\/info\/agrupacion-de-artesanas-mapuches-participa-en-feria-internacional-revelations-de-paris\/","name":"Agrupaci\u00f3n de artesanas mapuches participa en feria internacional Revelations de Par\u00eds","isPartOf":{"@id":"https:\/\/patagoniambiental.com.ar\/info\/#website"},"primaryImageOfPage":{"@id":"https:\/\/patagoniambiental.com.ar\/info\/agrupacion-de-artesanas-mapuches-participa-en-feria-internacional-revelations-de-paris\/#primaryimage"},"image":{"@id":"https:\/\/patagoniambiental.com.ar\/info\/agrupacion-de-artesanas-mapuches-participa-en-feria-internacional-revelations-de-paris\/#primaryimage"},"thumbnailUrl":"https:\/\/patagoniambiental.com.ar\/info\/wp-content\/uploads\/2017\/04\/Captura-de-pantalla-2017-04-13-a-las-10.30.10.png","datePublished":"2017-04-17T22:00:46+00:00","dateModified":"2017-04-17T22:08:22+00:00","breadcrumb":{"@id":"https:\/\/patagoniambiental.com.ar\/info\/agrupacion-de-artesanas-mapuches-participa-en-feria-internacional-revelations-de-paris\/#breadcrumb"},"inLanguage":"es","potentialAction":[{"@type":"ReadAction","target":["https:\/\/patagoniambiental.com.ar\/info\/agrupacion-de-artesanas-mapuches-participa-en-feria-internacional-revelations-de-paris\/"]}]},{"@type":"ImageObject","inLanguage":"es","@id":"https:\/\/patagoniambiental.com.ar\/info\/agrupacion-de-artesanas-mapuches-participa-en-feria-internacional-revelations-de-paris\/#primaryimage","url":"https:\/\/patagoniambiental.com.ar\/info\/wp-content\/uploads\/2017\/04\/Captura-de-pantalla-2017-04-13-a-las-10.30.10.png","contentUrl":"https:\/\/patagoniambiental.com.ar\/info\/wp-content\/uploads\/2017\/04\/Captura-de-pantalla-2017-04-13-a-las-10.30.10.png","width":797,"height":533},{"@type":"BreadcrumbList","@id":"https:\/\/patagoniambiental.com.ar\/info\/agrupacion-de-artesanas-mapuches-participa-en-feria-internacional-revelations-de-paris\/#breadcrumb","itemListElement":[{"@type":"ListItem","position":1,"name":"Inicio","item":"https:\/\/patagoniambiental.com.ar\/info\/"},{"@type":"ListItem","position":2,"name":"Agrupaci\u00f3n de artesanas mapuches participa en feria internacional Revelations de Par\u00eds"}]},{"@type":"WebSite","@id":"https:\/\/patagoniambiental.com.ar\/info\/#website","url":"https:\/\/patagoniambiental.com.ar\/info\/","name":"Patagonia Ambiental","description":"Monitoreo y an\u00e1lisis de la situaci\u00f3n geopol\u00edtica en el mundo y su implicancia en la Patagonia","publisher":{"@id":"https:\/\/patagoniambiental.com.ar\/info\/#organization"},"potentialAction":[{"@type":"SearchAction","target":{"@type":"EntryPoint","urlTemplate":"https:\/\/patagoniambiental.com.ar\/info\/?s={search_term_string}"},"query-input":{"@type":"PropertyValueSpecification","valueRequired":true,"valueName":"search_term_string"}}],"inLanguage":"es"},{"@type":"Organization","@id":"https:\/\/patagoniambiental.com.ar\/info\/#organization","name":"Patagonia Ambiental","url":"https:\/\/patagoniambiental.com.ar\/info\/","logo":{"@type":"ImageObject","inLanguage":"es","@id":"https:\/\/patagoniambiental.com.ar\/info\/#\/schema\/logo\/image\/","url":"https:\/\/patagoniambiental.com.ar\/info\/wp-content\/uploads\/2025\/05\/LOGO-PATAGONIA-AMBIENTAL.png","contentUrl":"https:\/\/patagoniambiental.com.ar\/info\/wp-content\/uploads\/2025\/05\/LOGO-PATAGONIA-AMBIENTAL.png","width":433,"height":250,"caption":"Patagonia Ambiental"},"image":{"@id":"https:\/\/patagoniambiental.com.ar\/info\/#\/schema\/logo\/image\/"},"sameAs":["https:\/\/www.facebook.com\/patagonia.ambiental","https:\/\/x.com\/PatAmb"]},{"@type":"Person","@id":"https:\/\/patagoniambiental.com.ar\/info\/#\/schema\/person\/db12bff64bbcbf6a253710bf0ea37b5d","name":"Patagonia Ambiental","description":"Andr\u00e9s Nievas T\u00e9cnico en manejo ambiental, consultor Ambiental y escritor para medios locales e internacionales sobre temas de geopolitica y medio ambiente.","sameAs":["http:\/\/www.patagoniambiental.com.ar","https:\/\/www.facebook.com\/share\/1C1V8Gv9BX\/?mibextid=qi2Omg","@patagoniambiental","https:\/\/youtube.com\/@patagoniaambiental2023?si=BLt58t0wuXquxlYZ"]}]}},"_links":{"self":[{"href":"https:\/\/patagoniambiental.com.ar\/info\/wp-json\/wp\/v2\/posts\/27592","targetHints":{"allow":["GET"]}}],"collection":[{"href":"https:\/\/patagoniambiental.com.ar\/info\/wp-json\/wp\/v2\/posts"}],"about":[{"href":"https:\/\/patagoniambiental.com.ar\/info\/wp-json\/wp\/v2\/types\/post"}],"author":[{"embeddable":true,"href":"https:\/\/patagoniambiental.com.ar\/info\/wp-json\/wp\/v2\/users\/2"}],"replies":[{"embeddable":true,"href":"https:\/\/patagoniambiental.com.ar\/info\/wp-json\/wp\/v2\/comments?post=27592"}],"version-history":[{"count":0,"href":"https:\/\/patagoniambiental.com.ar\/info\/wp-json\/wp\/v2\/posts\/27592\/revisions"}],"wp:featuredmedia":[{"embeddable":true,"href":"https:\/\/patagoniambiental.com.ar\/info\/wp-json\/wp\/v2\/media\/27593"}],"wp:attachment":[{"href":"https:\/\/patagoniambiental.com.ar\/info\/wp-json\/wp\/v2\/media?parent=27592"}],"wp:term":[{"taxonomy":"category","embeddable":true,"href":"https:\/\/patagoniambiental.com.ar\/info\/wp-json\/wp\/v2\/categories?post=27592"},{"taxonomy":"post_tag","embeddable":true,"href":"https:\/\/patagoniambiental.com.ar\/info\/wp-json\/wp\/v2\/tags?post=27592"}],"curies":[{"name":"wp","href":"https:\/\/api.w.org\/{rel}","templated":true}]}}