{"id":27597,"date":"2017-04-17T19:00:53","date_gmt":"2017-04-17T22:00:53","guid":{"rendered":"http:\/\/patagoniambiental.com.ar\/info\/?p=27597"},"modified":"2017-04-17T09:31:34","modified_gmt":"2017-04-17T12:31:34","slug":"el-gobierno-de-cautin-descarta-autocenso-en-comunidades-mapuche","status":"publish","type":"post","link":"https:\/\/patagoniambiental.com.ar\/info\/el-gobierno-de-cautin-descarta-autocenso-en-comunidades-mapuche\/","title":{"rendered":"El Gobierno de Caut\u00edn descarta \u201cautocenso\u201d en comunidades mapuche"},"content":{"rendered":"<p class=\"entradilla\">Caut\u00edn (regi\u00f3n de la Araucan\u00eda).-Gobernador de Caut\u00edn habl\u00f3 de un \u201ctrato distinto\u201d del censo en Regi\u00f3n de La Araucan\u00eda.<\/p>\n<p class=\"entradilla\"><!--more--><\/p>\n<p class=\"entradilla\">Seremi de la IX Regi\u00f3n dijo que encuestadores ser\u00e1n miembros del propio pueblo originario.<\/p>\n<div class=\"img_destacada\"><img decoding=\"async\" class=\"lazy\" src=\"http:\/\/d2vpb0i3hb2k8a.cloudfront.net\/wp-content\/uploads\/sites\/7\/2017\/04\/12\/Imagen-A_UNO_282575-820x385.jpg\" alt=\"Ejecutivo descarta \u201cautocenso\u201d en comunidades mapuche\" data-original=\"http:\/\/d2vpb0i3hb2k8a.cloudfront.net\/wp-content\/uploads\/sites\/7\/2017\/04\/12\/Imagen-A_UNO_282575-820x385.jpg\" \/><\/div>\n<p>S\u00f3lo en La Araucan\u00eda hay m\u00e1s de dos mil comunidades mapuches.<\/p>\n<div class=\"contenido\">\n<p>Confusi\u00f3n generaron las palabras del gobernador de Caut\u00edn, Ricardo Chancerel -en radio Biob\u00edo-, quien se\u00f1al\u00f3 que algunas comunidades mapuches, por tener \u201cuna relaci\u00f3n distinta con el Estado\u201d, se iban a \u201cautocensar\u201d. Adem\u00e1s, indic\u00f3 que en este proceso no ser\u00eda necesario que \u201cingresen funcionarios p\u00fablicos a estas comunidades\u201d, ejemplific\u00e1ndolo con Temucuicui, en Ercilla.<\/p>\n<p>Frente a esta situaci\u00f3n, Mario Gonz\u00e1lez, seremi de gobierno de La Araucan\u00eda, aclar\u00f3 los dichos de Chancerel y explic\u00f3 que existe un error de interpretaci\u00f3n del t\u00e9rmino \u201cautocensar\u201d usado por el gobernador.<\/p>\n<p>\u201cLo que quiso decir es que voluntarios, miembros de las comunidades y capacitados como censistas, al igual que en el resto del pa\u00eds, aplicar\u00e1n las encuestas al interior de las comunidades\u201d, se\u00f1al\u00f3 Gonz\u00e1lez. Agreg\u00f3 que \u201cesto ayuda, porque conocen la realidad del territorios, quienes son cada uno de sus vecinos, d\u00f3nde viven, y muchos de ellos saben mapudung\u00fan, lo que facilita la comunicaci\u00f3n y la confianza en las respuestas, especialmente con las \u2018\u00f1a\u00f1as\u2019 o gente muy mayor, que no hablan espa\u00f1ol\u201d.<\/p>\n<p>Desde el INE, en tanto, se\u00f1alaron que en La Araucan\u00eda se privilegi\u00f3 como estrategia que el proceso censal lo desarrollen personas de las propias comunidades. Lo mismo ocurrir\u00eda en las poblaciones de migrantes, en que los censistas son reclutados entre extranjeros residentes.<\/p>\n<p>El llamado \u201cautocenso\u201d aplica s\u00f3lo para quienes viven solos. Ellos son los \u00fanicos autorizados para responder la encuesta y dejarla con un vecino o conserje, para ser recogidas por el censista asignado a su domicilio.<\/p>\n<p><strong>Organizaci\u00f3n<\/strong><\/p>\n<p>El werk\u00e9n (vocero) de la comunidad Temucuicui, Mijael Carbone, dijo que \u201cno hemos participado en la organizaci\u00f3n (del censo) y no vamos a participar tampoco. Nuestras prioridades son otras\u201d.<\/p>\n<p>Desde la Corporaci\u00f3n de Profesionales Mapuches (Enama), la postura es m\u00e1s receptiva respecto del proceso y de c\u00f3mo la comunidad mapuche se ver\u00e1 beneficiada, al conocer exactamente cu\u00e1ntos mapuches hay en Chile.<\/p>\n<p>La preocupaci\u00f3n de Enama es que alguna comunidad no sea censada. \u201cYa hemos tenido la experiencia del Censo 2012, en que muchas comunidades quedaron sin encuestar, lo que puede generar una omisi\u00f3n estad\u00edstica grave para saber cu\u00e1ntos somos a nivel nacional. Pero partimos de la buena fe del lNE y esperamos que el d\u00eda del censo la log\u00edstica funcione\u201d, advirti\u00f3 Ricardo Co\u00f1oepan, vocero de Enama. En su opini\u00f3n, cualquier omisi\u00f3n afectar\u00eda directamente eventuales pol\u00edticas p\u00fablicas, las propuestas presidenciales o de otro tipo que se puedan generar para el mundo mapuche, incluida la representaci\u00f3n parlamentarias con esca\u00f1os exclusivos.<\/p>\n<p>\u201cEl mundo mapuche del 2002 o 2012 no es el mismo del 2017. Este censo va reflejar ese gran cambio cultural, como la incorporaci\u00f3n de los profesionales y de los estudiantes universitarios que hoy se reconocen con orgullo como mapuches, a pesar de un Estado que ha sido sordo a nuestras demandas\u201d, dijo el dirigente.<\/p>\n<p>Enama tambi\u00e9n lanz\u00f3 una campa\u00f1a para motivar a la mayor cantidad de personas para que se autoidentifiquen como ind\u00edgenas \u201cy ejerzan este derecho, respaldado en el Convenio 169 de la OIT\u201d, se indic\u00f3 en la entidad.<\/p>\n<p>Fuente:\u00a0http:\/\/www.latercera.com\/noticia\/ejecutivo-descarta-autocenso-comunidades-mapuche\/<\/p>\n<\/div>\n","protected":false},"excerpt":{"rendered":"<p>Caut\u00edn (regi\u00f3n de la Araucan\u00eda).-Gobernador de Caut\u00edn habl\u00f3 de un \u201ctrato distinto\u201d del censo en Regi\u00f3n de La Araucan\u00eda.<\/p>\n","protected":false},"author":2,"featured_media":27598,"comment_status":"open","ping_status":"open","sticky":false,"template":"","format":"standard","meta":{"site-sidebar-layout":"default","site-content-layout":"","ast-site-content-layout":"default","site-content-style":"default","site-sidebar-style":"default","ast-global-header-display":"","ast-banner-title-visibility":"","ast-main-header-display":"","ast-hfb-above-header-display":"","ast-hfb-below-header-display":"","ast-hfb-mobile-header-display":"","site-post-title":"","ast-breadcrumbs-content":"","ast-featured-img":"","footer-sml-layout":"","ast-disable-related-posts":"","theme-transparent-header-meta":"","adv-header-id-meta":"","stick-header-meta":"","header-above-stick-meta":"","header-main-stick-meta":"","header-below-stick-meta":"","astra-migrate-meta-layouts":"default","ast-page-background-enabled":"default","ast-page-background-meta":{"desktop":{"background-color":"var(--ast-global-color-5)","background-image":"","background-repeat":"repeat","background-position":"center center","background-size":"auto","background-attachment":"scroll","background-type":"","background-media":"","overlay-type":"","overlay-color":"","overlay-opacity":"","overlay-gradient":""},"tablet":{"background-color":"","background-image":"","background-repeat":"repeat","background-position":"center center","background-size":"auto","background-attachment":"scroll","background-type":"","background-media":"","overlay-type":"","overlay-color":"","overlay-opacity":"","overlay-gradient":""},"mobile":{"background-color":"","background-image":"","background-repeat":"repeat","background-position":"center center","background-size":"auto","background-attachment":"scroll","background-type":"","background-media":"","overlay-type":"","overlay-color":"","overlay-opacity":"","overlay-gradient":""}},"ast-content-background-meta":{"desktop":{"background-color":"var(--ast-global-color-4)","background-image":"","background-repeat":"repeat","background-position":"center center","background-size":"auto","background-attachment":"scroll","background-type":"","background-media":"","overlay-type":"","overlay-color":"","overlay-opacity":"","overlay-gradient":""},"tablet":{"background-color":"var(--ast-global-color-4)","background-image":"","background-repeat":"repeat","background-position":"center center","background-size":"auto","background-attachment":"scroll","background-type":"","background-media":"","overlay-type":"","overlay-color":"","overlay-opacity":"","overlay-gradient":""},"mobile":{"background-color":"var(--ast-global-color-4)","background-image":"","background-repeat":"repeat","background-position":"center center","background-size":"auto","background-attachment":"scroll","background-type":"","background-media":"","overlay-type":"","overlay-color":"","overlay-opacity":"","overlay-gradient":""}},"footnotes":""},"categories":[23,1],"tags":[],"class_list":["post-27597","post","type-post","status-publish","format-standard","has-post-thumbnail","hentry","category-internacionales","category-noticias"],"yoast_head":"<!-- This site is optimized with the Yoast SEO Premium plugin v23.0 (Yoast SEO v27.4) - https:\/\/yoast.com\/product\/yoast-seo-premium-wordpress\/ -->\n<title>El Gobierno de Caut\u00edn descarta \u201cautocenso\u201d en comunidades mapuche<\/title>\n<meta name=\"robots\" content=\"index, follow, max-snippet:-1, max-image-preview:large, max-video-preview:-1\" \/>\n<link rel=\"canonical\" href=\"https:\/\/patagoniambiental.com.ar\/info\/el-gobierno-de-cautin-descarta-autocenso-en-comunidades-mapuche\/\" \/>\n<meta property=\"og:locale\" content=\"es_ES\" \/>\n<meta property=\"og:type\" content=\"article\" \/>\n<meta property=\"og:title\" content=\"El Gobierno de Caut\u00edn descarta \u201cautocenso\u201d en comunidades mapuche\" \/>\n<meta property=\"og:description\" content=\"Caut\u00edn (regi\u00f3n de la Araucan\u00eda).-Gobernador de Caut\u00edn habl\u00f3 de un \u201ctrato distinto\u201d del censo en Regi\u00f3n de La Araucan\u00eda.\" \/>\n<meta property=\"og:url\" content=\"https:\/\/patagoniambiental.com.ar\/info\/el-gobierno-de-cautin-descarta-autocenso-en-comunidades-mapuche\/\" \/>\n<meta property=\"og:site_name\" content=\"Patagonia Ambiental\" \/>\n<meta property=\"article:publisher\" content=\"https:\/\/www.facebook.com\/patagonia.ambiental\" \/>\n<meta property=\"article:author\" content=\"https:\/\/www.facebook.com\/share\/1C1V8Gv9BX\/?mibextid=qi2Omg\" \/>\n<meta property=\"article:published_time\" content=\"2017-04-17T22:00:53+00:00\" \/>\n<meta property=\"og:image\" content=\"https:\/\/patagoniambiental.com.ar\/info\/wp-content\/uploads\/2017\/04\/Imagen-A_UNO_282575-820x385.jpg\" \/>\n\t<meta property=\"og:image:width\" content=\"820\" \/>\n\t<meta property=\"og:image:height\" content=\"385\" \/>\n\t<meta property=\"og:image:type\" content=\"image\/jpeg\" \/>\n<meta name=\"author\" content=\"Patagonia Ambiental\" \/>\n<meta name=\"twitter:card\" content=\"summary_large_image\" \/>\n<meta name=\"twitter:creator\" content=\"@PatAmb\" \/>\n<meta name=\"twitter:site\" content=\"@PatAmb\" \/>\n<script type=\"application\/ld+json\" class=\"yoast-schema-graph\">{\"@context\":\"https:\\\/\\\/schema.org\",\"@graph\":[{\"@type\":\"Article\",\"@id\":\"https:\\\/\\\/patagoniambiental.com.ar\\\/info\\\/el-gobierno-de-cautin-descarta-autocenso-en-comunidades-mapuche\\\/#article\",\"isPartOf\":{\"@id\":\"https:\\\/\\\/patagoniambiental.com.ar\\\/info\\\/el-gobierno-de-cautin-descarta-autocenso-en-comunidades-mapuche\\\/\"},\"author\":{\"name\":\"Patagonia Ambiental\",\"@id\":\"https:\\\/\\\/patagoniambiental.com.ar\\\/info\\\/#\\\/schema\\\/person\\\/db12bff64bbcbf6a253710bf0ea37b5d\"},\"headline\":\"El Gobierno de Caut\u00edn descarta \u201cautocenso\u201d en comunidades mapuche\",\"datePublished\":\"2017-04-17T22:00:53+00:00\",\"mainEntityOfPage\":{\"@id\":\"https:\\\/\\\/patagoniambiental.com.ar\\\/info\\\/el-gobierno-de-cautin-descarta-autocenso-en-comunidades-mapuche\\\/\"},\"wordCount\":612,\"commentCount\":0,\"publisher\":{\"@id\":\"https:\\\/\\\/patagoniambiental.com.ar\\\/info\\\/#organization\"},\"image\":{\"@id\":\"https:\\\/\\\/patagoniambiental.com.ar\\\/info\\\/el-gobierno-de-cautin-descarta-autocenso-en-comunidades-mapuche\\\/#primaryimage\"},\"thumbnailUrl\":\"https:\\\/\\\/patagoniambiental.com.ar\\\/info\\\/wp-content\\\/uploads\\\/2017\\\/04\\\/Imagen-A_UNO_282575-820x385.jpg\",\"articleSection\":[\"Internacionales\",\"Noticias\"],\"inLanguage\":\"es\",\"potentialAction\":[{\"@type\":\"CommentAction\",\"name\":\"Comment\",\"target\":[\"https:\\\/\\\/patagoniambiental.com.ar\\\/info\\\/el-gobierno-de-cautin-descarta-autocenso-en-comunidades-mapuche\\\/#respond\"]}]},{\"@type\":\"WebPage\",\"@id\":\"https:\\\/\\\/patagoniambiental.com.ar\\\/info\\\/el-gobierno-de-cautin-descarta-autocenso-en-comunidades-mapuche\\\/\",\"url\":\"https:\\\/\\\/patagoniambiental.com.ar\\\/info\\\/el-gobierno-de-cautin-descarta-autocenso-en-comunidades-mapuche\\\/\",\"name\":\"El Gobierno de Caut\u00edn descarta \u201cautocenso\u201d en comunidades mapuche\",\"isPartOf\":{\"@id\":\"https:\\\/\\\/patagoniambiental.com.ar\\\/info\\\/#website\"},\"primaryImageOfPage\":{\"@id\":\"https:\\\/\\\/patagoniambiental.com.ar\\\/info\\\/el-gobierno-de-cautin-descarta-autocenso-en-comunidades-mapuche\\\/#primaryimage\"},\"image\":{\"@id\":\"https:\\\/\\\/patagoniambiental.com.ar\\\/info\\\/el-gobierno-de-cautin-descarta-autocenso-en-comunidades-mapuche\\\/#primaryimage\"},\"thumbnailUrl\":\"https:\\\/\\\/patagoniambiental.com.ar\\\/info\\\/wp-content\\\/uploads\\\/2017\\\/04\\\/Imagen-A_UNO_282575-820x385.jpg\",\"datePublished\":\"2017-04-17T22:00:53+00:00\",\"breadcrumb\":{\"@id\":\"https:\\\/\\\/patagoniambiental.com.ar\\\/info\\\/el-gobierno-de-cautin-descarta-autocenso-en-comunidades-mapuche\\\/#breadcrumb\"},\"inLanguage\":\"es\",\"potentialAction\":[{\"@type\":\"ReadAction\",\"target\":[\"https:\\\/\\\/patagoniambiental.com.ar\\\/info\\\/el-gobierno-de-cautin-descarta-autocenso-en-comunidades-mapuche\\\/\"]}]},{\"@type\":\"ImageObject\",\"inLanguage\":\"es\",\"@id\":\"https:\\\/\\\/patagoniambiental.com.ar\\\/info\\\/el-gobierno-de-cautin-descarta-autocenso-en-comunidades-mapuche\\\/#primaryimage\",\"url\":\"https:\\\/\\\/patagoniambiental.com.ar\\\/info\\\/wp-content\\\/uploads\\\/2017\\\/04\\\/Imagen-A_UNO_282575-820x385.jpg\",\"contentUrl\":\"https:\\\/\\\/patagoniambiental.com.ar\\\/info\\\/wp-content\\\/uploads\\\/2017\\\/04\\\/Imagen-A_UNO_282575-820x385.jpg\",\"width\":820,\"height\":385},{\"@type\":\"BreadcrumbList\",\"@id\":\"https:\\\/\\\/patagoniambiental.com.ar\\\/info\\\/el-gobierno-de-cautin-descarta-autocenso-en-comunidades-mapuche\\\/#breadcrumb\",\"itemListElement\":[{\"@type\":\"ListItem\",\"position\":1,\"name\":\"Inicio\",\"item\":\"https:\\\/\\\/patagoniambiental.com.ar\\\/info\\\/\"},{\"@type\":\"ListItem\",\"position\":2,\"name\":\"El Gobierno de Caut\u00edn descarta \u201cautocenso\u201d en comunidades mapuche\"}]},{\"@type\":\"WebSite\",\"@id\":\"https:\\\/\\\/patagoniambiental.com.ar\\\/info\\\/#website\",\"url\":\"https:\\\/\\\/patagoniambiental.com.ar\\\/info\\\/\",\"name\":\"Patagonia Ambiental\",\"description\":\"Monitoreo y an\u00e1lisis de la situaci\u00f3n geopol\u00edtica en el mundo y su implicancia en la Patagonia\",\"publisher\":{\"@id\":\"https:\\\/\\\/patagoniambiental.com.ar\\\/info\\\/#organization\"},\"potentialAction\":[{\"@type\":\"SearchAction\",\"target\":{\"@type\":\"EntryPoint\",\"urlTemplate\":\"https:\\\/\\\/patagoniambiental.com.ar\\\/info\\\/?s={search_term_string}\"},\"query-input\":{\"@type\":\"PropertyValueSpecification\",\"valueRequired\":true,\"valueName\":\"search_term_string\"}}],\"inLanguage\":\"es\"},{\"@type\":\"Organization\",\"@id\":\"https:\\\/\\\/patagoniambiental.com.ar\\\/info\\\/#organization\",\"name\":\"Patagonia Ambiental\",\"url\":\"https:\\\/\\\/patagoniambiental.com.ar\\\/info\\\/\",\"logo\":{\"@type\":\"ImageObject\",\"inLanguage\":\"es\",\"@id\":\"https:\\\/\\\/patagoniambiental.com.ar\\\/info\\\/#\\\/schema\\\/logo\\\/image\\\/\",\"url\":\"https:\\\/\\\/patagoniambiental.com.ar\\\/info\\\/wp-content\\\/uploads\\\/2025\\\/05\\\/LOGO-PATAGONIA-AMBIENTAL.png\",\"contentUrl\":\"https:\\\/\\\/patagoniambiental.com.ar\\\/info\\\/wp-content\\\/uploads\\\/2025\\\/05\\\/LOGO-PATAGONIA-AMBIENTAL.png\",\"width\":433,\"height\":250,\"caption\":\"Patagonia Ambiental\"},\"image\":{\"@id\":\"https:\\\/\\\/patagoniambiental.com.ar\\\/info\\\/#\\\/schema\\\/logo\\\/image\\\/\"},\"sameAs\":[\"https:\\\/\\\/www.facebook.com\\\/patagonia.ambiental\",\"https:\\\/\\\/x.com\\\/PatAmb\"]},{\"@type\":\"Person\",\"@id\":\"https:\\\/\\\/patagoniambiental.com.ar\\\/info\\\/#\\\/schema\\\/person\\\/db12bff64bbcbf6a253710bf0ea37b5d\",\"name\":\"Patagonia Ambiental\",\"description\":\"Andr\u00e9s Nievas T\u00e9cnico en manejo ambiental, consultor Ambiental y escritor para medios locales e internacionales sobre temas de geopolitica y medio ambiente.\",\"sameAs\":[\"http:\\\/\\\/www.patagoniambiental.com.ar\",\"https:\\\/\\\/www.facebook.com\\\/share\\\/1C1V8Gv9BX\\\/?mibextid=qi2Omg\",\"@patagoniambiental\",\"https:\\\/\\\/youtube.com\\\/@patagoniaambiental2023?si=BLt58t0wuXquxlYZ\"]}]}<\/script>\n<!-- \/ Yoast SEO Premium plugin. -->","yoast_head_json":{"title":"El Gobierno de Caut\u00edn descarta \u201cautocenso\u201d en comunidades mapuche","robots":{"index":"index","follow":"follow","max-snippet":"max-snippet:-1","max-image-preview":"max-image-preview:large","max-video-preview":"max-video-preview:-1"},"canonical":"https:\/\/patagoniambiental.com.ar\/info\/el-gobierno-de-cautin-descarta-autocenso-en-comunidades-mapuche\/","og_locale":"es_ES","og_type":"article","og_title":"El Gobierno de Caut\u00edn descarta \u201cautocenso\u201d en comunidades mapuche","og_description":"Caut\u00edn (regi\u00f3n de la Araucan\u00eda).-Gobernador de Caut\u00edn habl\u00f3 de un \u201ctrato distinto\u201d del censo en Regi\u00f3n de La Araucan\u00eda.","og_url":"https:\/\/patagoniambiental.com.ar\/info\/el-gobierno-de-cautin-descarta-autocenso-en-comunidades-mapuche\/","og_site_name":"Patagonia Ambiental","article_publisher":"https:\/\/www.facebook.com\/patagonia.ambiental","article_author":"https:\/\/www.facebook.com\/share\/1C1V8Gv9BX\/?mibextid=qi2Omg","article_published_time":"2017-04-17T22:00:53+00:00","og_image":[{"width":820,"height":385,"url":"https:\/\/patagoniambiental.com.ar\/info\/wp-content\/uploads\/2017\/04\/Imagen-A_UNO_282575-820x385.jpg","type":"image\/jpeg"}],"author":"Patagonia Ambiental","twitter_card":"summary_large_image","twitter_creator":"@PatAmb","twitter_site":"@PatAmb","schema":{"@context":"https:\/\/schema.org","@graph":[{"@type":"Article","@id":"https:\/\/patagoniambiental.com.ar\/info\/el-gobierno-de-cautin-descarta-autocenso-en-comunidades-mapuche\/#article","isPartOf":{"@id":"https:\/\/patagoniambiental.com.ar\/info\/el-gobierno-de-cautin-descarta-autocenso-en-comunidades-mapuche\/"},"author":{"name":"Patagonia Ambiental","@id":"https:\/\/patagoniambiental.com.ar\/info\/#\/schema\/person\/db12bff64bbcbf6a253710bf0ea37b5d"},"headline":"El Gobierno de Caut\u00edn descarta \u201cautocenso\u201d en comunidades mapuche","datePublished":"2017-04-17T22:00:53+00:00","mainEntityOfPage":{"@id":"https:\/\/patagoniambiental.com.ar\/info\/el-gobierno-de-cautin-descarta-autocenso-en-comunidades-mapuche\/"},"wordCount":612,"commentCount":0,"publisher":{"@id":"https:\/\/patagoniambiental.com.ar\/info\/#organization"},"image":{"@id":"https:\/\/patagoniambiental.com.ar\/info\/el-gobierno-de-cautin-descarta-autocenso-en-comunidades-mapuche\/#primaryimage"},"thumbnailUrl":"https:\/\/patagoniambiental.com.ar\/info\/wp-content\/uploads\/2017\/04\/Imagen-A_UNO_282575-820x385.jpg","articleSection":["Internacionales","Noticias"],"inLanguage":"es","potentialAction":[{"@type":"CommentAction","name":"Comment","target":["https:\/\/patagoniambiental.com.ar\/info\/el-gobierno-de-cautin-descarta-autocenso-en-comunidades-mapuche\/#respond"]}]},{"@type":"WebPage","@id":"https:\/\/patagoniambiental.com.ar\/info\/el-gobierno-de-cautin-descarta-autocenso-en-comunidades-mapuche\/","url":"https:\/\/patagoniambiental.com.ar\/info\/el-gobierno-de-cautin-descarta-autocenso-en-comunidades-mapuche\/","name":"El Gobierno de Caut\u00edn descarta \u201cautocenso\u201d en comunidades mapuche","isPartOf":{"@id":"https:\/\/patagoniambiental.com.ar\/info\/#website"},"primaryImageOfPage":{"@id":"https:\/\/patagoniambiental.com.ar\/info\/el-gobierno-de-cautin-descarta-autocenso-en-comunidades-mapuche\/#primaryimage"},"image":{"@id":"https:\/\/patagoniambiental.com.ar\/info\/el-gobierno-de-cautin-descarta-autocenso-en-comunidades-mapuche\/#primaryimage"},"thumbnailUrl":"https:\/\/patagoniambiental.com.ar\/info\/wp-content\/uploads\/2017\/04\/Imagen-A_UNO_282575-820x385.jpg","datePublished":"2017-04-17T22:00:53+00:00","breadcrumb":{"@id":"https:\/\/patagoniambiental.com.ar\/info\/el-gobierno-de-cautin-descarta-autocenso-en-comunidades-mapuche\/#breadcrumb"},"inLanguage":"es","potentialAction":[{"@type":"ReadAction","target":["https:\/\/patagoniambiental.com.ar\/info\/el-gobierno-de-cautin-descarta-autocenso-en-comunidades-mapuche\/"]}]},{"@type":"ImageObject","inLanguage":"es","@id":"https:\/\/patagoniambiental.com.ar\/info\/el-gobierno-de-cautin-descarta-autocenso-en-comunidades-mapuche\/#primaryimage","url":"https:\/\/patagoniambiental.com.ar\/info\/wp-content\/uploads\/2017\/04\/Imagen-A_UNO_282575-820x385.jpg","contentUrl":"https:\/\/patagoniambiental.com.ar\/info\/wp-content\/uploads\/2017\/04\/Imagen-A_UNO_282575-820x385.jpg","width":820,"height":385},{"@type":"BreadcrumbList","@id":"https:\/\/patagoniambiental.com.ar\/info\/el-gobierno-de-cautin-descarta-autocenso-en-comunidades-mapuche\/#breadcrumb","itemListElement":[{"@type":"ListItem","position":1,"name":"Inicio","item":"https:\/\/patagoniambiental.com.ar\/info\/"},{"@type":"ListItem","position":2,"name":"El Gobierno de Caut\u00edn descarta \u201cautocenso\u201d en comunidades mapuche"}]},{"@type":"WebSite","@id":"https:\/\/patagoniambiental.com.ar\/info\/#website","url":"https:\/\/patagoniambiental.com.ar\/info\/","name":"Patagonia Ambiental","description":"Monitoreo y an\u00e1lisis de la situaci\u00f3n geopol\u00edtica en el mundo y su implicancia en la Patagonia","publisher":{"@id":"https:\/\/patagoniambiental.com.ar\/info\/#organization"},"potentialAction":[{"@type":"SearchAction","target":{"@type":"EntryPoint","urlTemplate":"https:\/\/patagoniambiental.com.ar\/info\/?s={search_term_string}"},"query-input":{"@type":"PropertyValueSpecification","valueRequired":true,"valueName":"search_term_string"}}],"inLanguage":"es"},{"@type":"Organization","@id":"https:\/\/patagoniambiental.com.ar\/info\/#organization","name":"Patagonia Ambiental","url":"https:\/\/patagoniambiental.com.ar\/info\/","logo":{"@type":"ImageObject","inLanguage":"es","@id":"https:\/\/patagoniambiental.com.ar\/info\/#\/schema\/logo\/image\/","url":"https:\/\/patagoniambiental.com.ar\/info\/wp-content\/uploads\/2025\/05\/LOGO-PATAGONIA-AMBIENTAL.png","contentUrl":"https:\/\/patagoniambiental.com.ar\/info\/wp-content\/uploads\/2025\/05\/LOGO-PATAGONIA-AMBIENTAL.png","width":433,"height":250,"caption":"Patagonia Ambiental"},"image":{"@id":"https:\/\/patagoniambiental.com.ar\/info\/#\/schema\/logo\/image\/"},"sameAs":["https:\/\/www.facebook.com\/patagonia.ambiental","https:\/\/x.com\/PatAmb"]},{"@type":"Person","@id":"https:\/\/patagoniambiental.com.ar\/info\/#\/schema\/person\/db12bff64bbcbf6a253710bf0ea37b5d","name":"Patagonia Ambiental","description":"Andr\u00e9s Nievas T\u00e9cnico en manejo ambiental, consultor Ambiental y escritor para medios locales e internacionales sobre temas de geopolitica y medio ambiente.","sameAs":["http:\/\/www.patagoniambiental.com.ar","https:\/\/www.facebook.com\/share\/1C1V8Gv9BX\/?mibextid=qi2Omg","@patagoniambiental","https:\/\/youtube.com\/@patagoniaambiental2023?si=BLt58t0wuXquxlYZ"]}]}},"_links":{"self":[{"href":"https:\/\/patagoniambiental.com.ar\/info\/wp-json\/wp\/v2\/posts\/27597","targetHints":{"allow":["GET"]}}],"collection":[{"href":"https:\/\/patagoniambiental.com.ar\/info\/wp-json\/wp\/v2\/posts"}],"about":[{"href":"https:\/\/patagoniambiental.com.ar\/info\/wp-json\/wp\/v2\/types\/post"}],"author":[{"embeddable":true,"href":"https:\/\/patagoniambiental.com.ar\/info\/wp-json\/wp\/v2\/users\/2"}],"replies":[{"embeddable":true,"href":"https:\/\/patagoniambiental.com.ar\/info\/wp-json\/wp\/v2\/comments?post=27597"}],"version-history":[{"count":0,"href":"https:\/\/patagoniambiental.com.ar\/info\/wp-json\/wp\/v2\/posts\/27597\/revisions"}],"wp:featuredmedia":[{"embeddable":true,"href":"https:\/\/patagoniambiental.com.ar\/info\/wp-json\/wp\/v2\/media\/27598"}],"wp:attachment":[{"href":"https:\/\/patagoniambiental.com.ar\/info\/wp-json\/wp\/v2\/media?parent=27597"}],"wp:term":[{"taxonomy":"category","embeddable":true,"href":"https:\/\/patagoniambiental.com.ar\/info\/wp-json\/wp\/v2\/categories?post=27597"},{"taxonomy":"post_tag","embeddable":true,"href":"https:\/\/patagoniambiental.com.ar\/info\/wp-json\/wp\/v2\/tags?post=27597"}],"curies":[{"name":"wp","href":"https:\/\/api.w.org\/{rel}","templated":true}]}}