{"id":27674,"date":"2017-04-18T09:00:20","date_gmt":"2017-04-18T12:00:20","guid":{"rendered":"http:\/\/patagoniambiental.com.ar\/info\/?p=27674"},"modified":"2017-04-17T19:07:13","modified_gmt":"2017-04-17T22:07:13","slug":"el-chalten-versiones-sobre-ampliacion-del-pn-los-glaciares","status":"publish","type":"post","link":"https:\/\/patagoniambiental.com.ar\/info\/el-chalten-versiones-sobre-ampliacion-del-pn-los-glaciares\/","title":{"rendered":"El Chalt\u00e9n: Versiones sobre ampliaci\u00f3n del PN Los Glaciares"},"content":{"rendered":"<div>\n<header>EL CHALTEN.- En la localidad cordillerana circulan versiones sobre la posible compra de tierras en el corredor hacia Lago del Desierto. Algunas mencionan que podr\u00eda tratarse de una Fundaci\u00f3n que luego las donar\u00eda a Parques Nacionales para que ampl\u00ede su jurisdicci\u00f3n. Otras indican que se buscar\u00edan desarrollos inmobiliarios.<\/header>\n<header>\n<div class=\"XXtextoNota clearfix\">\n<div align=\"justify\">\n<p>Ante esta situaci\u00f3n el Concejo Deliberante aprob\u00f3 una resoluci\u00f3n para pedir informes al organismo nacional. El presidente del cuerpo deliberativo, Ricardo Compa\u00f1y, explic\u00f3.<\/p>\n<p>En la sesi\u00f3n del pasado jueves, los ediles de El Chalt\u00e9n aprobaron una Resoluci\u00f3n pidiendo informes a la Delegaci\u00f3n T\u00e9cnica de la administraci\u00f3n de Parques Naciones, pretendiendo saber si al d\u00eda de la fecha existe alg\u00fan proyecto sobre la ampliaci\u00f3n del Parque Nacional los Glaciares sobre el Valle del Rio de las Vueltas.<\/p>\n<p>El proyecto fue presentado por el bloque del FPV\/PJ y votado por unanimidad de los concejales. El presidente del cuerpo, Ricardo Compa\u00f1y, explic\u00f3\u00a0que en la localidad cordillerana se est\u00e1n manejando diferentes versiones sobre ventas de terrenos privados a manos de alguna fundaci\u00f3n que a su vez donar\u00eda al Estado Nacional para que sea ampliado el PN Los Glaciares.<\/p>\n<p>Pero por otra parte existe el temor de que estas compras obedezcan a un inter\u00e9s de desarrollo inmobiliario en la zona aleda\u00f1a a la ruta provincial N\u00ba 41, que comunica El Chalt\u00e9n con Lago del Desierto y corre por el valle del r\u00edo de las Vueltas.<\/p>\n<p>Desde la localidad hasta aproximadamente el kil\u00f3metro 15 de esa traza, la jurisdicci\u00f3n corresponde al Parque Nacional Los Glaciares. Desde all\u00ed hasta el kil\u00f3metro 37, que es lago del Desierto, la jurisdicci\u00f3n es de Provincia, y la zona fue declarad Reserva Natural. El \u00e1rea tiene pendiente la confecci\u00f3n de un Plan de Manejo, tema sobre lo que comenz\u00f3 a trabajarse en pasado fin de semana, con un primer taller convocado por el Consejo Agrario Provincial.<\/p>\n<p>\u201cNosotros con este pedido desde el bloque FVP\/PJ lo que buscamos es contar con mayor informaci\u00f3n, si es que existe desde el \u00e1rea t\u00e9cnica de APN, y en el caso de que no exista ning\u00fan tipo de proyecto ampliaremos la b\u00fasqueda con el Consejo Agrario Provincial, sabiendo que el CAP\u201d, expres\u00f3 Ricardo Compa\u00f1y.<\/p>\n<p>El presidente del cuerpo deliberativo chaltenense expuso que no existe en su bloque preferencia porque el \u00e1rea sea manejada por uno u otro organismo, siempre y cuando se garantice su preservaci\u00f3n y la sustentabilidad del recurso natural.<\/p>\n<p>Fuente: Ahora Calafate<\/p>\n<\/div>\n<\/div>\n<div class=\"votes clearfix\"><\/div>\n<\/header>\n<\/div>\n<div class=\"clear\"><\/div>\n<div class=\"image\"><\/div>\n","protected":false},"excerpt":{"rendered":"<p>EL CHALTEN.- En la localidad cordillerana circulan versiones sobre la posible compra de tierras en el corredor hacia Lago del [&hellip;]<\/p>\n","protected":false},"author":2,"featured_media":27675,"comment_status":"open","ping_status":"open","sticky":false,"template":"","format":"standard","meta":{"site-sidebar-layout":"default","site-content-layout":"","ast-site-content-layout":"default","site-content-style":"default","site-sidebar-style":"default","ast-global-header-display":"","ast-banner-title-visibility":"","ast-main-header-display":"","ast-hfb-above-header-display":"","ast-hfb-below-header-display":"","ast-hfb-mobile-header-display":"","site-post-title":"","ast-breadcrumbs-content":"","ast-featured-img":"","footer-sml-layout":"","ast-disable-related-posts":"","theme-transparent-header-meta":"","adv-header-id-meta":"","stick-header-meta":"","header-above-stick-meta":"","header-main-stick-meta":"","header-below-stick-meta":"","astra-migrate-meta-layouts":"default","ast-page-background-enabled":"default","ast-page-background-meta":{"desktop":{"background-color":"var(--ast-global-color-5)","background-image":"","background-repeat":"repeat","background-position":"center center","background-size":"auto","background-attachment":"scroll","background-type":"","background-media":"","overlay-type":"","overlay-color":"","overlay-opacity":"","overlay-gradient":""},"tablet":{"background-color":"","background-image":"","background-repeat":"repeat","background-position":"center center","background-size":"auto","background-attachment":"scroll","background-type":"","background-media":"","overlay-type":"","overlay-color":"","overlay-opacity":"","overlay-gradient":""},"mobile":{"background-color":"","background-image":"","background-repeat":"repeat","background-position":"center center","background-size":"auto","background-attachment":"scroll","background-type":"","background-media":"","overlay-type":"","overlay-color":"","overlay-opacity":"","overlay-gradient":""}},"ast-content-background-meta":{"desktop":{"background-color":"var(--ast-global-color-4)","background-image":"","background-repeat":"repeat","background-position":"center center","background-size":"auto","background-attachment":"scroll","background-type":"","background-media":"","overlay-type":"","overlay-color":"","overlay-opacity":"","overlay-gradient":""},"tablet":{"background-color":"var(--ast-global-color-4)","background-image":"","background-repeat":"repeat","background-position":"center center","background-size":"auto","background-attachment":"scroll","background-type":"","background-media":"","overlay-type":"","overlay-color":"","overlay-opacity":"","overlay-gradient":""},"mobile":{"background-color":"var(--ast-global-color-4)","background-image":"","background-repeat":"repeat","background-position":"center center","background-size":"auto","background-attachment":"scroll","background-type":"","background-media":"","overlay-type":"","overlay-color":"","overlay-opacity":"","overlay-gradient":""}},"footnotes":""},"categories":[16,1],"tags":[],"class_list":["post-27674","post","type-post","status-publish","format-standard","has-post-thumbnail","hentry","category-municipales","category-noticias"],"yoast_head":"<!-- This site is optimized with the Yoast SEO Premium plugin v23.0 (Yoast SEO v27.4) - https:\/\/yoast.com\/product\/yoast-seo-premium-wordpress\/ -->\n<title>El Chalt\u00e9n: Versiones sobre ampliaci\u00f3n del PN Los Glaciares<\/title>\n<meta name=\"robots\" content=\"index, follow, max-snippet:-1, max-image-preview:large, max-video-preview:-1\" \/>\n<link rel=\"canonical\" href=\"https:\/\/patagoniambiental.com.ar\/info\/el-chalten-versiones-sobre-ampliacion-del-pn-los-glaciares\/\" \/>\n<meta property=\"og:locale\" content=\"es_ES\" \/>\n<meta property=\"og:type\" content=\"article\" \/>\n<meta property=\"og:title\" content=\"El Chalt\u00e9n: Versiones sobre ampliaci\u00f3n del PN Los Glaciares\" \/>\n<meta property=\"og:description\" content=\"EL CHALTEN.- En la localidad cordillerana circulan versiones sobre la posible compra de tierras en el corredor hacia Lago del [&hellip;]\" \/>\n<meta property=\"og:url\" content=\"https:\/\/patagoniambiental.com.ar\/info\/el-chalten-versiones-sobre-ampliacion-del-pn-los-glaciares\/\" \/>\n<meta property=\"og:site_name\" content=\"Patagonia Ambiental\" \/>\n<meta property=\"article:publisher\" content=\"https:\/\/www.facebook.com\/patagonia.ambiental\" \/>\n<meta property=\"article:author\" content=\"https:\/\/www.facebook.com\/share\/1C1V8Gv9BX\/?mibextid=qi2Omg\" \/>\n<meta property=\"article:published_time\" content=\"2017-04-18T12:00:20+00:00\" \/>\n<meta property=\"og:image\" content=\"https:\/\/patagoniambiental.com.ar\/info\/wp-content\/uploads\/2017\/04\/chalten.jpg\" \/>\n\t<meta property=\"og:image:width\" content=\"555\" \/>\n\t<meta property=\"og:image:height\" content=\"352\" \/>\n\t<meta property=\"og:image:type\" content=\"image\/jpeg\" \/>\n<meta name=\"author\" content=\"Patagonia Ambiental\" \/>\n<meta name=\"twitter:card\" content=\"summary_large_image\" \/>\n<meta name=\"twitter:creator\" content=\"@PatAmb\" \/>\n<meta name=\"twitter:site\" content=\"@PatAmb\" \/>\n<script type=\"application\/ld+json\" class=\"yoast-schema-graph\">{\"@context\":\"https:\\\/\\\/schema.org\",\"@graph\":[{\"@type\":\"Article\",\"@id\":\"https:\\\/\\\/patagoniambiental.com.ar\\\/info\\\/el-chalten-versiones-sobre-ampliacion-del-pn-los-glaciares\\\/#article\",\"isPartOf\":{\"@id\":\"https:\\\/\\\/patagoniambiental.com.ar\\\/info\\\/el-chalten-versiones-sobre-ampliacion-del-pn-los-glaciares\\\/\"},\"author\":{\"name\":\"Patagonia Ambiental\",\"@id\":\"https:\\\/\\\/patagoniambiental.com.ar\\\/info\\\/#\\\/schema\\\/person\\\/db12bff64bbcbf6a253710bf0ea37b5d\"},\"headline\":\"El Chalt\u00e9n: Versiones sobre ampliaci\u00f3n del PN Los Glaciares\",\"datePublished\":\"2017-04-18T12:00:20+00:00\",\"mainEntityOfPage\":{\"@id\":\"https:\\\/\\\/patagoniambiental.com.ar\\\/info\\\/el-chalten-versiones-sobre-ampliacion-del-pn-los-glaciares\\\/\"},\"wordCount\":445,\"commentCount\":0,\"publisher\":{\"@id\":\"https:\\\/\\\/patagoniambiental.com.ar\\\/info\\\/#organization\"},\"image\":{\"@id\":\"https:\\\/\\\/patagoniambiental.com.ar\\\/info\\\/el-chalten-versiones-sobre-ampliacion-del-pn-los-glaciares\\\/#primaryimage\"},\"thumbnailUrl\":\"https:\\\/\\\/patagoniambiental.com.ar\\\/info\\\/wp-content\\\/uploads\\\/2017\\\/04\\\/chalten.jpg\",\"articleSection\":[\"Municipales\",\"Noticias\"],\"inLanguage\":\"es\",\"potentialAction\":[{\"@type\":\"CommentAction\",\"name\":\"Comment\",\"target\":[\"https:\\\/\\\/patagoniambiental.com.ar\\\/info\\\/el-chalten-versiones-sobre-ampliacion-del-pn-los-glaciares\\\/#respond\"]}]},{\"@type\":\"WebPage\",\"@id\":\"https:\\\/\\\/patagoniambiental.com.ar\\\/info\\\/el-chalten-versiones-sobre-ampliacion-del-pn-los-glaciares\\\/\",\"url\":\"https:\\\/\\\/patagoniambiental.com.ar\\\/info\\\/el-chalten-versiones-sobre-ampliacion-del-pn-los-glaciares\\\/\",\"name\":\"El Chalt\u00e9n: Versiones sobre ampliaci\u00f3n del PN Los Glaciares\",\"isPartOf\":{\"@id\":\"https:\\\/\\\/patagoniambiental.com.ar\\\/info\\\/#website\"},\"primaryImageOfPage\":{\"@id\":\"https:\\\/\\\/patagoniambiental.com.ar\\\/info\\\/el-chalten-versiones-sobre-ampliacion-del-pn-los-glaciares\\\/#primaryimage\"},\"image\":{\"@id\":\"https:\\\/\\\/patagoniambiental.com.ar\\\/info\\\/el-chalten-versiones-sobre-ampliacion-del-pn-los-glaciares\\\/#primaryimage\"},\"thumbnailUrl\":\"https:\\\/\\\/patagoniambiental.com.ar\\\/info\\\/wp-content\\\/uploads\\\/2017\\\/04\\\/chalten.jpg\",\"datePublished\":\"2017-04-18T12:00:20+00:00\",\"breadcrumb\":{\"@id\":\"https:\\\/\\\/patagoniambiental.com.ar\\\/info\\\/el-chalten-versiones-sobre-ampliacion-del-pn-los-glaciares\\\/#breadcrumb\"},\"inLanguage\":\"es\",\"potentialAction\":[{\"@type\":\"ReadAction\",\"target\":[\"https:\\\/\\\/patagoniambiental.com.ar\\\/info\\\/el-chalten-versiones-sobre-ampliacion-del-pn-los-glaciares\\\/\"]}]},{\"@type\":\"ImageObject\",\"inLanguage\":\"es\",\"@id\":\"https:\\\/\\\/patagoniambiental.com.ar\\\/info\\\/el-chalten-versiones-sobre-ampliacion-del-pn-los-glaciares\\\/#primaryimage\",\"url\":\"https:\\\/\\\/patagoniambiental.com.ar\\\/info\\\/wp-content\\\/uploads\\\/2017\\\/04\\\/chalten.jpg\",\"contentUrl\":\"https:\\\/\\\/patagoniambiental.com.ar\\\/info\\\/wp-content\\\/uploads\\\/2017\\\/04\\\/chalten.jpg\",\"width\":555,\"height\":352},{\"@type\":\"BreadcrumbList\",\"@id\":\"https:\\\/\\\/patagoniambiental.com.ar\\\/info\\\/el-chalten-versiones-sobre-ampliacion-del-pn-los-glaciares\\\/#breadcrumb\",\"itemListElement\":[{\"@type\":\"ListItem\",\"position\":1,\"name\":\"Inicio\",\"item\":\"https:\\\/\\\/patagoniambiental.com.ar\\\/info\\\/\"},{\"@type\":\"ListItem\",\"position\":2,\"name\":\"El Chalt\u00e9n: Versiones sobre ampliaci\u00f3n del PN Los Glaciares\"}]},{\"@type\":\"WebSite\",\"@id\":\"https:\\\/\\\/patagoniambiental.com.ar\\\/info\\\/#website\",\"url\":\"https:\\\/\\\/patagoniambiental.com.ar\\\/info\\\/\",\"name\":\"Patagonia Ambiental\",\"description\":\"Monitoreo y an\u00e1lisis de la situaci\u00f3n geopol\u00edtica en el mundo y su implicancia en la Patagonia\",\"publisher\":{\"@id\":\"https:\\\/\\\/patagoniambiental.com.ar\\\/info\\\/#organization\"},\"potentialAction\":[{\"@type\":\"SearchAction\",\"target\":{\"@type\":\"EntryPoint\",\"urlTemplate\":\"https:\\\/\\\/patagoniambiental.com.ar\\\/info\\\/?s={search_term_string}\"},\"query-input\":{\"@type\":\"PropertyValueSpecification\",\"valueRequired\":true,\"valueName\":\"search_term_string\"}}],\"inLanguage\":\"es\"},{\"@type\":\"Organization\",\"@id\":\"https:\\\/\\\/patagoniambiental.com.ar\\\/info\\\/#organization\",\"name\":\"Patagonia Ambiental\",\"url\":\"https:\\\/\\\/patagoniambiental.com.ar\\\/info\\\/\",\"logo\":{\"@type\":\"ImageObject\",\"inLanguage\":\"es\",\"@id\":\"https:\\\/\\\/patagoniambiental.com.ar\\\/info\\\/#\\\/schema\\\/logo\\\/image\\\/\",\"url\":\"https:\\\/\\\/patagoniambiental.com.ar\\\/info\\\/wp-content\\\/uploads\\\/2025\\\/05\\\/LOGO-PATAGONIA-AMBIENTAL.png\",\"contentUrl\":\"https:\\\/\\\/patagoniambiental.com.ar\\\/info\\\/wp-content\\\/uploads\\\/2025\\\/05\\\/LOGO-PATAGONIA-AMBIENTAL.png\",\"width\":433,\"height\":250,\"caption\":\"Patagonia Ambiental\"},\"image\":{\"@id\":\"https:\\\/\\\/patagoniambiental.com.ar\\\/info\\\/#\\\/schema\\\/logo\\\/image\\\/\"},\"sameAs\":[\"https:\\\/\\\/www.facebook.com\\\/patagonia.ambiental\",\"https:\\\/\\\/x.com\\\/PatAmb\"]},{\"@type\":\"Person\",\"@id\":\"https:\\\/\\\/patagoniambiental.com.ar\\\/info\\\/#\\\/schema\\\/person\\\/db12bff64bbcbf6a253710bf0ea37b5d\",\"name\":\"Patagonia Ambiental\",\"description\":\"Andr\u00e9s Nievas T\u00e9cnico en manejo ambiental, consultor Ambiental y escritor para medios locales e internacionales sobre temas de geopolitica y medio ambiente.\",\"sameAs\":[\"http:\\\/\\\/www.patagoniambiental.com.ar\",\"https:\\\/\\\/www.facebook.com\\\/share\\\/1C1V8Gv9BX\\\/?mibextid=qi2Omg\",\"@patagoniambiental\",\"https:\\\/\\\/youtube.com\\\/@patagoniaambiental2023?si=BLt58t0wuXquxlYZ\"]}]}<\/script>\n<!-- \/ Yoast SEO Premium plugin. -->","yoast_head_json":{"title":"El Chalt\u00e9n: Versiones sobre ampliaci\u00f3n del PN Los Glaciares","robots":{"index":"index","follow":"follow","max-snippet":"max-snippet:-1","max-image-preview":"max-image-preview:large","max-video-preview":"max-video-preview:-1"},"canonical":"https:\/\/patagoniambiental.com.ar\/info\/el-chalten-versiones-sobre-ampliacion-del-pn-los-glaciares\/","og_locale":"es_ES","og_type":"article","og_title":"El Chalt\u00e9n: Versiones sobre ampliaci\u00f3n del PN Los Glaciares","og_description":"EL CHALTEN.- En la localidad cordillerana circulan versiones sobre la posible compra de tierras en el corredor hacia Lago del [&hellip;]","og_url":"https:\/\/patagoniambiental.com.ar\/info\/el-chalten-versiones-sobre-ampliacion-del-pn-los-glaciares\/","og_site_name":"Patagonia Ambiental","article_publisher":"https:\/\/www.facebook.com\/patagonia.ambiental","article_author":"https:\/\/www.facebook.com\/share\/1C1V8Gv9BX\/?mibextid=qi2Omg","article_published_time":"2017-04-18T12:00:20+00:00","og_image":[{"width":555,"height":352,"url":"https:\/\/patagoniambiental.com.ar\/info\/wp-content\/uploads\/2017\/04\/chalten.jpg","type":"image\/jpeg"}],"author":"Patagonia Ambiental","twitter_card":"summary_large_image","twitter_creator":"@PatAmb","twitter_site":"@PatAmb","schema":{"@context":"https:\/\/schema.org","@graph":[{"@type":"Article","@id":"https:\/\/patagoniambiental.com.ar\/info\/el-chalten-versiones-sobre-ampliacion-del-pn-los-glaciares\/#article","isPartOf":{"@id":"https:\/\/patagoniambiental.com.ar\/info\/el-chalten-versiones-sobre-ampliacion-del-pn-los-glaciares\/"},"author":{"name":"Patagonia Ambiental","@id":"https:\/\/patagoniambiental.com.ar\/info\/#\/schema\/person\/db12bff64bbcbf6a253710bf0ea37b5d"},"headline":"El Chalt\u00e9n: Versiones sobre ampliaci\u00f3n del PN Los Glaciares","datePublished":"2017-04-18T12:00:20+00:00","mainEntityOfPage":{"@id":"https:\/\/patagoniambiental.com.ar\/info\/el-chalten-versiones-sobre-ampliacion-del-pn-los-glaciares\/"},"wordCount":445,"commentCount":0,"publisher":{"@id":"https:\/\/patagoniambiental.com.ar\/info\/#organization"},"image":{"@id":"https:\/\/patagoniambiental.com.ar\/info\/el-chalten-versiones-sobre-ampliacion-del-pn-los-glaciares\/#primaryimage"},"thumbnailUrl":"https:\/\/patagoniambiental.com.ar\/info\/wp-content\/uploads\/2017\/04\/chalten.jpg","articleSection":["Municipales","Noticias"],"inLanguage":"es","potentialAction":[{"@type":"CommentAction","name":"Comment","target":["https:\/\/patagoniambiental.com.ar\/info\/el-chalten-versiones-sobre-ampliacion-del-pn-los-glaciares\/#respond"]}]},{"@type":"WebPage","@id":"https:\/\/patagoniambiental.com.ar\/info\/el-chalten-versiones-sobre-ampliacion-del-pn-los-glaciares\/","url":"https:\/\/patagoniambiental.com.ar\/info\/el-chalten-versiones-sobre-ampliacion-del-pn-los-glaciares\/","name":"El Chalt\u00e9n: Versiones sobre ampliaci\u00f3n del PN Los Glaciares","isPartOf":{"@id":"https:\/\/patagoniambiental.com.ar\/info\/#website"},"primaryImageOfPage":{"@id":"https:\/\/patagoniambiental.com.ar\/info\/el-chalten-versiones-sobre-ampliacion-del-pn-los-glaciares\/#primaryimage"},"image":{"@id":"https:\/\/patagoniambiental.com.ar\/info\/el-chalten-versiones-sobre-ampliacion-del-pn-los-glaciares\/#primaryimage"},"thumbnailUrl":"https:\/\/patagoniambiental.com.ar\/info\/wp-content\/uploads\/2017\/04\/chalten.jpg","datePublished":"2017-04-18T12:00:20+00:00","breadcrumb":{"@id":"https:\/\/patagoniambiental.com.ar\/info\/el-chalten-versiones-sobre-ampliacion-del-pn-los-glaciares\/#breadcrumb"},"inLanguage":"es","potentialAction":[{"@type":"ReadAction","target":["https:\/\/patagoniambiental.com.ar\/info\/el-chalten-versiones-sobre-ampliacion-del-pn-los-glaciares\/"]}]},{"@type":"ImageObject","inLanguage":"es","@id":"https:\/\/patagoniambiental.com.ar\/info\/el-chalten-versiones-sobre-ampliacion-del-pn-los-glaciares\/#primaryimage","url":"https:\/\/patagoniambiental.com.ar\/info\/wp-content\/uploads\/2017\/04\/chalten.jpg","contentUrl":"https:\/\/patagoniambiental.com.ar\/info\/wp-content\/uploads\/2017\/04\/chalten.jpg","width":555,"height":352},{"@type":"BreadcrumbList","@id":"https:\/\/patagoniambiental.com.ar\/info\/el-chalten-versiones-sobre-ampliacion-del-pn-los-glaciares\/#breadcrumb","itemListElement":[{"@type":"ListItem","position":1,"name":"Inicio","item":"https:\/\/patagoniambiental.com.ar\/info\/"},{"@type":"ListItem","position":2,"name":"El Chalt\u00e9n: Versiones sobre ampliaci\u00f3n del PN Los Glaciares"}]},{"@type":"WebSite","@id":"https:\/\/patagoniambiental.com.ar\/info\/#website","url":"https:\/\/patagoniambiental.com.ar\/info\/","name":"Patagonia Ambiental","description":"Monitoreo y an\u00e1lisis de la situaci\u00f3n geopol\u00edtica en el mundo y su implicancia en la Patagonia","publisher":{"@id":"https:\/\/patagoniambiental.com.ar\/info\/#organization"},"potentialAction":[{"@type":"SearchAction","target":{"@type":"EntryPoint","urlTemplate":"https:\/\/patagoniambiental.com.ar\/info\/?s={search_term_string}"},"query-input":{"@type":"PropertyValueSpecification","valueRequired":true,"valueName":"search_term_string"}}],"inLanguage":"es"},{"@type":"Organization","@id":"https:\/\/patagoniambiental.com.ar\/info\/#organization","name":"Patagonia Ambiental","url":"https:\/\/patagoniambiental.com.ar\/info\/","logo":{"@type":"ImageObject","inLanguage":"es","@id":"https:\/\/patagoniambiental.com.ar\/info\/#\/schema\/logo\/image\/","url":"https:\/\/patagoniambiental.com.ar\/info\/wp-content\/uploads\/2025\/05\/LOGO-PATAGONIA-AMBIENTAL.png","contentUrl":"https:\/\/patagoniambiental.com.ar\/info\/wp-content\/uploads\/2025\/05\/LOGO-PATAGONIA-AMBIENTAL.png","width":433,"height":250,"caption":"Patagonia Ambiental"},"image":{"@id":"https:\/\/patagoniambiental.com.ar\/info\/#\/schema\/logo\/image\/"},"sameAs":["https:\/\/www.facebook.com\/patagonia.ambiental","https:\/\/x.com\/PatAmb"]},{"@type":"Person","@id":"https:\/\/patagoniambiental.com.ar\/info\/#\/schema\/person\/db12bff64bbcbf6a253710bf0ea37b5d","name":"Patagonia Ambiental","description":"Andr\u00e9s Nievas T\u00e9cnico en manejo ambiental, consultor Ambiental y escritor para medios locales e internacionales sobre temas de geopolitica y medio ambiente.","sameAs":["http:\/\/www.patagoniambiental.com.ar","https:\/\/www.facebook.com\/share\/1C1V8Gv9BX\/?mibextid=qi2Omg","@patagoniambiental","https:\/\/youtube.com\/@patagoniaambiental2023?si=BLt58t0wuXquxlYZ"]}]}},"_links":{"self":[{"href":"https:\/\/patagoniambiental.com.ar\/info\/wp-json\/wp\/v2\/posts\/27674","targetHints":{"allow":["GET"]}}],"collection":[{"href":"https:\/\/patagoniambiental.com.ar\/info\/wp-json\/wp\/v2\/posts"}],"about":[{"href":"https:\/\/patagoniambiental.com.ar\/info\/wp-json\/wp\/v2\/types\/post"}],"author":[{"embeddable":true,"href":"https:\/\/patagoniambiental.com.ar\/info\/wp-json\/wp\/v2\/users\/2"}],"replies":[{"embeddable":true,"href":"https:\/\/patagoniambiental.com.ar\/info\/wp-json\/wp\/v2\/comments?post=27674"}],"version-history":[{"count":0,"href":"https:\/\/patagoniambiental.com.ar\/info\/wp-json\/wp\/v2\/posts\/27674\/revisions"}],"wp:featuredmedia":[{"embeddable":true,"href":"https:\/\/patagoniambiental.com.ar\/info\/wp-json\/wp\/v2\/media\/27675"}],"wp:attachment":[{"href":"https:\/\/patagoniambiental.com.ar\/info\/wp-json\/wp\/v2\/media?parent=27674"}],"wp:term":[{"taxonomy":"category","embeddable":true,"href":"https:\/\/patagoniambiental.com.ar\/info\/wp-json\/wp\/v2\/categories?post=27674"},{"taxonomy":"post_tag","embeddable":true,"href":"https:\/\/patagoniambiental.com.ar\/info\/wp-json\/wp\/v2\/tags?post=27674"}],"curies":[{"name":"wp","href":"https:\/\/api.w.org\/{rel}","templated":true}]}}