{"id":27677,"date":"2017-04-18T09:00:57","date_gmt":"2017-04-18T12:00:57","guid":{"rendered":"http:\/\/patagoniambiental.com.ar\/info\/?p=27677"},"modified":"2017-04-17T19:12:32","modified_gmt":"2017-04-17T22:12:32","slug":"el-periodista-y-escritor-adrian-moyano-presenta-su-ultimo-libro-sobre-el-cacique-inakayal","status":"publish","type":"post","link":"https:\/\/patagoniambiental.com.ar\/info\/el-periodista-y-escritor-adrian-moyano-presenta-su-ultimo-libro-sobre-el-cacique-inakayal\/","title":{"rendered":"Bariloche: El periodista y escritor Adri\u00e1n Moyano presenta su \u00faltimo libro sobre el Cacique Inakayal"},"content":{"rendered":"<div dir=\"ltr\">\n<div dir=\"ltr\">BRILOCHE.- La cita es para el pr\u00f3ximo jueves 20 a las 18:30 horas en la Sala de Prensa Municipal. Se trata del tercer libro del autor que lleva por t\u00edtulo \u201cA ruego de mi superior cacique Antonio Modesto INAKAYAL\u201d.<\/div>\n<div dir=\"ltr\"><\/div>\n<div dir=\"ltr\">En sus p\u00e1ginas, el autor reconstruye los \u00faltimos 20 a\u00f1os de vida mapuche independiente, a trav\u00e9s del accionar pol\u00edtico y la empecinada resistencia que protagoniz\u00f3 el lonco Inakayal, hijo del lonco pewenche Winkawala, pariente de Sayweke y compa\u00f1ero inseparable de Foyel.<\/div>\n<div dir=\"ltr\"><\/div>\n<div dir=\"ltr\">Las formas mapuches de hacer pol\u00edtica en la antigua Gobernaci\u00f3n Ind\u00edgena de Las Manzanas, la manera de relacionarse con las autoridades argentinas y chilenas, el funcionamiento cultural de la sociedad mapuche en libertad y sus tratos con el pueblo gununa kuna, son aspectos que el libro reconstruye a partir de la figura del lonco, que inmediatamente antes de la agresi\u00f3n argentina, ten\u00eda sus tolder\u00edas en la margen sur del lago Nahuel Huapi.<\/div>\n<div dir=\"ltr\"><\/div>\n<div dir=\"ltr\">\u201cINAKAYAL\u201d es el tercer libro de Adri\u00e1n Moyano, que previamente public\u00f3 \u201cCr\u00f3nicas de la resistencia mapuche\u201d (2008) y \u201cKom\u00fctuam descolonizar la historia mapuche en Patagonia\u201d (2013). En 2016, LOM Ediciones public\u00f3 en Chile \u201cDe mar a mar. El Wallmapu sin fronteras\u201d, una s\u00edntesis de ensayos de sus dos primeros libros.<\/div>\n<div dir=\"ltr\"><\/div>\n<div dir=\"ltr\">Adem\u00e1s se public\u00f3 un nuevo trabajo del Fondo Editorial Rionegrino (FER), sello p\u00fablico de la provincia de R\u00edo Negro. El volumen inicia la Colecci\u00f3n \u201cTr\u00fcr\u00fcm\u201d, que \u201ccontribuir\u00e1 a la habilitaci\u00f3n de un presente social de interculturalidad, comunicaci\u00f3n y respeto mutuo\u201d.<\/div>\n<div dir=\"ltr\"><\/div>\n<div dir=\"ltr\">En el pr\u00f3logo dicen Vanesa Gallardo Llancaqueo y Sandro Rivas Pichikura, integrantes del Equipo de Comunicaci\u00f3n Pu Lafkenche: \u201ctal como un eximio weupife, Adri\u00e1n Moyano reconstruye im\u00e1genes de la vida mapuche en esta parte del willimapu\u2026 Lejos de un relato parco, las palabras toman cuerpo, construyen un ambiente. Es as\u00ed que uno se siente cabalgando junto a Inacayal en los d\u00edas de caza del pichiluan o, casi se puede o\u00edr el canto de las na\u00f1as en la ceremonia de recibimiento del \u00f1ampulkafe\u201d.<\/div>\n<div dir=\"ltr\"><\/div>\n<div dir=\"ltr\">La presentaci\u00f3n en San Carlos de Bariloche de \u201cINAKAYAL\u201d tendr\u00e1 lugar el jueves 20 de abril desde las 18:30, en la Sala de Prensa de la Municipalidad.<\/div>\n<div dir=\"ltr\"><\/div>\n<div dir=\"ltr\">Aportar\u00e1 su m\u00fasica como artista invitada Anahi Rayen Mariluan. Otro tanto har\u00e1 desde la perspectiva pl\u00e1stica Ingrid Roddick.<\/div>\n<div dir=\"ltr\"><\/div>\n<\/div>\n<div dir=\"ltr\">Fuente: Municipio de Bariloche<\/div>\n","protected":false},"excerpt":{"rendered":"<p>BRILOCHE.- La cita es para el pr\u00f3ximo jueves 20 a las 18:30 horas en la Sala de Prensa Municipal. Se [&hellip;]<\/p>\n","protected":false},"author":2,"featured_media":27678,"comment_status":"open","ping_status":"open","sticky":false,"template":"","format":"standard","meta":{"site-sidebar-layout":"default","site-content-layout":"","ast-site-content-layout":"default","site-content-style":"default","site-sidebar-style":"default","ast-global-header-display":"","ast-banner-title-visibility":"","ast-main-header-display":"","ast-hfb-above-header-display":"","ast-hfb-below-header-display":"","ast-hfb-mobile-header-display":"","site-post-title":"","ast-breadcrumbs-content":"","ast-featured-img":"","footer-sml-layout":"","ast-disable-related-posts":"","theme-transparent-header-meta":"","adv-header-id-meta":"","stick-header-meta":"","header-above-stick-meta":"","header-main-stick-meta":"","header-below-stick-meta":"","astra-migrate-meta-layouts":"default","ast-page-background-enabled":"default","ast-page-background-meta":{"desktop":{"background-color":"var(--ast-global-color-5)","background-image":"","background-repeat":"repeat","background-position":"center center","background-size":"auto","background-attachment":"scroll","background-type":"","background-media":"","overlay-type":"","overlay-color":"","overlay-opacity":"","overlay-gradient":""},"tablet":{"background-color":"","background-image":"","background-repeat":"repeat","background-position":"center center","background-size":"auto","background-attachment":"scroll","background-type":"","background-media":"","overlay-type":"","overlay-color":"","overlay-opacity":"","overlay-gradient":""},"mobile":{"background-color":"","background-image":"","background-repeat":"repeat","background-position":"center center","background-size":"auto","background-attachment":"scroll","background-type":"","background-media":"","overlay-type":"","overlay-color":"","overlay-opacity":"","overlay-gradient":""}},"ast-content-background-meta":{"desktop":{"background-color":"var(--ast-global-color-4)","background-image":"","background-repeat":"repeat","background-position":"center center","background-size":"auto","background-attachment":"scroll","background-type":"","background-media":"","overlay-type":"","overlay-color":"","overlay-opacity":"","overlay-gradient":""},"tablet":{"background-color":"var(--ast-global-color-4)","background-image":"","background-repeat":"repeat","background-position":"center center","background-size":"auto","background-attachment":"scroll","background-type":"","background-media":"","overlay-type":"","overlay-color":"","overlay-opacity":"","overlay-gradient":""},"mobile":{"background-color":"var(--ast-global-color-4)","background-image":"","background-repeat":"repeat","background-position":"center center","background-size":"auto","background-attachment":"scroll","background-type":"","background-media":"","overlay-type":"","overlay-color":"","overlay-opacity":"","overlay-gradient":""}},"footnotes":""},"categories":[46,1],"tags":[],"class_list":["post-27677","post","type-post","status-publish","format-standard","has-post-thumbnail","hentry","category-municipios","category-noticias"],"yoast_head":"<!-- This site is optimized with the Yoast SEO Premium plugin v23.0 (Yoast SEO v27.5) - https:\/\/yoast.com\/product\/yoast-seo-premium-wordpress\/ -->\n<title>Bariloche: El periodista y escritor Adri\u00e1n Moyano presenta su \u00faltimo libro sobre el Cacique Inakayal<\/title>\n<meta name=\"robots\" content=\"index, follow, max-snippet:-1, max-image-preview:large, max-video-preview:-1\" \/>\n<link rel=\"canonical\" href=\"https:\/\/patagoniambiental.com.ar\/info\/el-periodista-y-escritor-adrian-moyano-presenta-su-ultimo-libro-sobre-el-cacique-inakayal\/\" \/>\n<meta property=\"og:locale\" content=\"es_ES\" \/>\n<meta property=\"og:type\" content=\"article\" \/>\n<meta property=\"og:title\" content=\"Bariloche: El periodista y escritor Adri\u00e1n Moyano presenta su \u00faltimo libro sobre el Cacique Inakayal\" \/>\n<meta property=\"og:description\" content=\"BRILOCHE.- La cita es para el pr\u00f3ximo jueves 20 a las 18:30 horas en la Sala de Prensa Municipal. Se [&hellip;]\" \/>\n<meta property=\"og:url\" content=\"https:\/\/patagoniambiental.com.ar\/info\/el-periodista-y-escritor-adrian-moyano-presenta-su-ultimo-libro-sobre-el-cacique-inakayal\/\" \/>\n<meta property=\"og:site_name\" content=\"Patagonia Ambiental\" \/>\n<meta property=\"article:publisher\" content=\"https:\/\/www.facebook.com\/patagonia.ambiental\" \/>\n<meta property=\"article:author\" content=\"https:\/\/www.facebook.com\/share\/1C1V8Gv9BX\/?mibextid=qi2Omg\" \/>\n<meta property=\"article:published_time\" content=\"2017-04-18T12:00:57+00:00\" \/>\n<meta property=\"og:image\" content=\"https:\/\/patagoniambiental.com.ar\/info\/wp-content\/uploads\/2017\/04\/portada-libro.jpg\" \/>\n\t<meta property=\"og:image:width\" content=\"873\" \/>\n\t<meta property=\"og:image:height\" content=\"1280\" \/>\n\t<meta property=\"og:image:type\" content=\"image\/jpeg\" \/>\n<meta name=\"author\" content=\"Patagonia Ambiental\" \/>\n<meta name=\"twitter:card\" content=\"summary_large_image\" \/>\n<meta name=\"twitter:creator\" content=\"@PatAmb\" \/>\n<meta name=\"twitter:site\" content=\"@PatAmb\" \/>\n<script type=\"application\/ld+json\" class=\"yoast-schema-graph\">{\"@context\":\"https:\\\/\\\/schema.org\",\"@graph\":[{\"@type\":\"Article\",\"@id\":\"https:\\\/\\\/patagoniambiental.com.ar\\\/info\\\/el-periodista-y-escritor-adrian-moyano-presenta-su-ultimo-libro-sobre-el-cacique-inakayal\\\/#article\",\"isPartOf\":{\"@id\":\"https:\\\/\\\/patagoniambiental.com.ar\\\/info\\\/el-periodista-y-escritor-adrian-moyano-presenta-su-ultimo-libro-sobre-el-cacique-inakayal\\\/\"},\"author\":{\"name\":\"Patagonia Ambiental\",\"@id\":\"https:\\\/\\\/patagoniambiental.com.ar\\\/info\\\/#\\\/schema\\\/person\\\/db12bff64bbcbf6a253710bf0ea37b5d\"},\"headline\":\"Bariloche: El periodista y escritor Adri\u00e1n Moyano presenta su \u00faltimo libro sobre el Cacique Inakayal\",\"datePublished\":\"2017-04-18T12:00:57+00:00\",\"mainEntityOfPage\":{\"@id\":\"https:\\\/\\\/patagoniambiental.com.ar\\\/info\\\/el-periodista-y-escritor-adrian-moyano-presenta-su-ultimo-libro-sobre-el-cacique-inakayal\\\/\"},\"wordCount\":417,\"commentCount\":0,\"publisher\":{\"@id\":\"https:\\\/\\\/patagoniambiental.com.ar\\\/info\\\/#organization\"},\"image\":{\"@id\":\"https:\\\/\\\/patagoniambiental.com.ar\\\/info\\\/el-periodista-y-escritor-adrian-moyano-presenta-su-ultimo-libro-sobre-el-cacique-inakayal\\\/#primaryimage\"},\"thumbnailUrl\":\"https:\\\/\\\/patagoniambiental.com.ar\\\/info\\\/wp-content\\\/uploads\\\/2017\\\/04\\\/portada-libro.jpg\",\"articleSection\":[\"Municipios\",\"Noticias\"],\"inLanguage\":\"es\",\"potentialAction\":[{\"@type\":\"CommentAction\",\"name\":\"Comment\",\"target\":[\"https:\\\/\\\/patagoniambiental.com.ar\\\/info\\\/el-periodista-y-escritor-adrian-moyano-presenta-su-ultimo-libro-sobre-el-cacique-inakayal\\\/#respond\"]}]},{\"@type\":\"WebPage\",\"@id\":\"https:\\\/\\\/patagoniambiental.com.ar\\\/info\\\/el-periodista-y-escritor-adrian-moyano-presenta-su-ultimo-libro-sobre-el-cacique-inakayal\\\/\",\"url\":\"https:\\\/\\\/patagoniambiental.com.ar\\\/info\\\/el-periodista-y-escritor-adrian-moyano-presenta-su-ultimo-libro-sobre-el-cacique-inakayal\\\/\",\"name\":\"Bariloche: El periodista y escritor Adri\u00e1n Moyano presenta su \u00faltimo libro sobre el Cacique Inakayal\",\"isPartOf\":{\"@id\":\"https:\\\/\\\/patagoniambiental.com.ar\\\/info\\\/#website\"},\"primaryImageOfPage\":{\"@id\":\"https:\\\/\\\/patagoniambiental.com.ar\\\/info\\\/el-periodista-y-escritor-adrian-moyano-presenta-su-ultimo-libro-sobre-el-cacique-inakayal\\\/#primaryimage\"},\"image\":{\"@id\":\"https:\\\/\\\/patagoniambiental.com.ar\\\/info\\\/el-periodista-y-escritor-adrian-moyano-presenta-su-ultimo-libro-sobre-el-cacique-inakayal\\\/#primaryimage\"},\"thumbnailUrl\":\"https:\\\/\\\/patagoniambiental.com.ar\\\/info\\\/wp-content\\\/uploads\\\/2017\\\/04\\\/portada-libro.jpg\",\"datePublished\":\"2017-04-18T12:00:57+00:00\",\"breadcrumb\":{\"@id\":\"https:\\\/\\\/patagoniambiental.com.ar\\\/info\\\/el-periodista-y-escritor-adrian-moyano-presenta-su-ultimo-libro-sobre-el-cacique-inakayal\\\/#breadcrumb\"},\"inLanguage\":\"es\",\"potentialAction\":[{\"@type\":\"ReadAction\",\"target\":[\"https:\\\/\\\/patagoniambiental.com.ar\\\/info\\\/el-periodista-y-escritor-adrian-moyano-presenta-su-ultimo-libro-sobre-el-cacique-inakayal\\\/\"]}]},{\"@type\":\"ImageObject\",\"inLanguage\":\"es\",\"@id\":\"https:\\\/\\\/patagoniambiental.com.ar\\\/info\\\/el-periodista-y-escritor-adrian-moyano-presenta-su-ultimo-libro-sobre-el-cacique-inakayal\\\/#primaryimage\",\"url\":\"https:\\\/\\\/patagoniambiental.com.ar\\\/info\\\/wp-content\\\/uploads\\\/2017\\\/04\\\/portada-libro.jpg\",\"contentUrl\":\"https:\\\/\\\/patagoniambiental.com.ar\\\/info\\\/wp-content\\\/uploads\\\/2017\\\/04\\\/portada-libro.jpg\",\"width\":409,\"height\":600},{\"@type\":\"BreadcrumbList\",\"@id\":\"https:\\\/\\\/patagoniambiental.com.ar\\\/info\\\/el-periodista-y-escritor-adrian-moyano-presenta-su-ultimo-libro-sobre-el-cacique-inakayal\\\/#breadcrumb\",\"itemListElement\":[{\"@type\":\"ListItem\",\"position\":1,\"name\":\"Inicio\",\"item\":\"https:\\\/\\\/patagoniambiental.com.ar\\\/info\\\/\"},{\"@type\":\"ListItem\",\"position\":2,\"name\":\"Bariloche: El periodista y escritor Adri\u00e1n Moyano presenta su \u00faltimo libro sobre el Cacique Inakayal\"}]},{\"@type\":\"WebSite\",\"@id\":\"https:\\\/\\\/patagoniambiental.com.ar\\\/info\\\/#website\",\"url\":\"https:\\\/\\\/patagoniambiental.com.ar\\\/info\\\/\",\"name\":\"Patagonia Ambiental\",\"description\":\"Monitoreo y an\u00e1lisis de la situaci\u00f3n geopol\u00edtica en el mundo y su implicancia en la Patagonia\",\"publisher\":{\"@id\":\"https:\\\/\\\/patagoniambiental.com.ar\\\/info\\\/#organization\"},\"potentialAction\":[{\"@type\":\"SearchAction\",\"target\":{\"@type\":\"EntryPoint\",\"urlTemplate\":\"https:\\\/\\\/patagoniambiental.com.ar\\\/info\\\/?s={search_term_string}\"},\"query-input\":{\"@type\":\"PropertyValueSpecification\",\"valueRequired\":true,\"valueName\":\"search_term_string\"}}],\"inLanguage\":\"es\"},{\"@type\":\"Organization\",\"@id\":\"https:\\\/\\\/patagoniambiental.com.ar\\\/info\\\/#organization\",\"name\":\"Patagonia Ambiental\",\"url\":\"https:\\\/\\\/patagoniambiental.com.ar\\\/info\\\/\",\"logo\":{\"@type\":\"ImageObject\",\"inLanguage\":\"es\",\"@id\":\"https:\\\/\\\/patagoniambiental.com.ar\\\/info\\\/#\\\/schema\\\/logo\\\/image\\\/\",\"url\":\"https:\\\/\\\/patagoniambiental.com.ar\\\/info\\\/wp-content\\\/uploads\\\/2025\\\/05\\\/LOGO-PATAGONIA-AMBIENTAL.png\",\"contentUrl\":\"https:\\\/\\\/patagoniambiental.com.ar\\\/info\\\/wp-content\\\/uploads\\\/2025\\\/05\\\/LOGO-PATAGONIA-AMBIENTAL.png\",\"width\":433,\"height\":250,\"caption\":\"Patagonia Ambiental\"},\"image\":{\"@id\":\"https:\\\/\\\/patagoniambiental.com.ar\\\/info\\\/#\\\/schema\\\/logo\\\/image\\\/\"},\"sameAs\":[\"https:\\\/\\\/www.facebook.com\\\/patagonia.ambiental\",\"https:\\\/\\\/x.com\\\/PatAmb\"]},{\"@type\":\"Person\",\"@id\":\"https:\\\/\\\/patagoniambiental.com.ar\\\/info\\\/#\\\/schema\\\/person\\\/db12bff64bbcbf6a253710bf0ea37b5d\",\"name\":\"Patagonia Ambiental\",\"description\":\"Andr\u00e9s Nievas T\u00e9cnico en manejo ambiental, consultor Ambiental y escritor para medios locales e internacionales sobre temas de geopolitica y medio ambiente.\",\"sameAs\":[\"http:\\\/\\\/www.patagoniambiental.com.ar\",\"https:\\\/\\\/www.facebook.com\\\/share\\\/1C1V8Gv9BX\\\/?mibextid=qi2Omg\",\"@patagoniambiental\",\"https:\\\/\\\/youtube.com\\\/@patagoniaambiental2023?si=BLt58t0wuXquxlYZ\"]}]}<\/script>\n<!-- \/ Yoast SEO Premium plugin. -->","yoast_head_json":{"title":"Bariloche: El periodista y escritor Adri\u00e1n Moyano presenta su \u00faltimo libro sobre el Cacique Inakayal","robots":{"index":"index","follow":"follow","max-snippet":"max-snippet:-1","max-image-preview":"max-image-preview:large","max-video-preview":"max-video-preview:-1"},"canonical":"https:\/\/patagoniambiental.com.ar\/info\/el-periodista-y-escritor-adrian-moyano-presenta-su-ultimo-libro-sobre-el-cacique-inakayal\/","og_locale":"es_ES","og_type":"article","og_title":"Bariloche: El periodista y escritor Adri\u00e1n Moyano presenta su \u00faltimo libro sobre el Cacique Inakayal","og_description":"BRILOCHE.- La cita es para el pr\u00f3ximo jueves 20 a las 18:30 horas en la Sala de Prensa Municipal. Se [&hellip;]","og_url":"https:\/\/patagoniambiental.com.ar\/info\/el-periodista-y-escritor-adrian-moyano-presenta-su-ultimo-libro-sobre-el-cacique-inakayal\/","og_site_name":"Patagonia Ambiental","article_publisher":"https:\/\/www.facebook.com\/patagonia.ambiental","article_author":"https:\/\/www.facebook.com\/share\/1C1V8Gv9BX\/?mibextid=qi2Omg","article_published_time":"2017-04-18T12:00:57+00:00","og_image":[{"width":873,"height":1280,"url":"https:\/\/patagoniambiental.com.ar\/info\/wp-content\/uploads\/2017\/04\/portada-libro.jpg","type":"image\/jpeg"}],"author":"Patagonia Ambiental","twitter_card":"summary_large_image","twitter_creator":"@PatAmb","twitter_site":"@PatAmb","schema":{"@context":"https:\/\/schema.org","@graph":[{"@type":"Article","@id":"https:\/\/patagoniambiental.com.ar\/info\/el-periodista-y-escritor-adrian-moyano-presenta-su-ultimo-libro-sobre-el-cacique-inakayal\/#article","isPartOf":{"@id":"https:\/\/patagoniambiental.com.ar\/info\/el-periodista-y-escritor-adrian-moyano-presenta-su-ultimo-libro-sobre-el-cacique-inakayal\/"},"author":{"name":"Patagonia Ambiental","@id":"https:\/\/patagoniambiental.com.ar\/info\/#\/schema\/person\/db12bff64bbcbf6a253710bf0ea37b5d"},"headline":"Bariloche: El periodista y escritor Adri\u00e1n Moyano presenta su \u00faltimo libro sobre el Cacique Inakayal","datePublished":"2017-04-18T12:00:57+00:00","mainEntityOfPage":{"@id":"https:\/\/patagoniambiental.com.ar\/info\/el-periodista-y-escritor-adrian-moyano-presenta-su-ultimo-libro-sobre-el-cacique-inakayal\/"},"wordCount":417,"commentCount":0,"publisher":{"@id":"https:\/\/patagoniambiental.com.ar\/info\/#organization"},"image":{"@id":"https:\/\/patagoniambiental.com.ar\/info\/el-periodista-y-escritor-adrian-moyano-presenta-su-ultimo-libro-sobre-el-cacique-inakayal\/#primaryimage"},"thumbnailUrl":"https:\/\/patagoniambiental.com.ar\/info\/wp-content\/uploads\/2017\/04\/portada-libro.jpg","articleSection":["Municipios","Noticias"],"inLanguage":"es","potentialAction":[{"@type":"CommentAction","name":"Comment","target":["https:\/\/patagoniambiental.com.ar\/info\/el-periodista-y-escritor-adrian-moyano-presenta-su-ultimo-libro-sobre-el-cacique-inakayal\/#respond"]}]},{"@type":"WebPage","@id":"https:\/\/patagoniambiental.com.ar\/info\/el-periodista-y-escritor-adrian-moyano-presenta-su-ultimo-libro-sobre-el-cacique-inakayal\/","url":"https:\/\/patagoniambiental.com.ar\/info\/el-periodista-y-escritor-adrian-moyano-presenta-su-ultimo-libro-sobre-el-cacique-inakayal\/","name":"Bariloche: El periodista y escritor Adri\u00e1n Moyano presenta su \u00faltimo libro sobre el Cacique Inakayal","isPartOf":{"@id":"https:\/\/patagoniambiental.com.ar\/info\/#website"},"primaryImageOfPage":{"@id":"https:\/\/patagoniambiental.com.ar\/info\/el-periodista-y-escritor-adrian-moyano-presenta-su-ultimo-libro-sobre-el-cacique-inakayal\/#primaryimage"},"image":{"@id":"https:\/\/patagoniambiental.com.ar\/info\/el-periodista-y-escritor-adrian-moyano-presenta-su-ultimo-libro-sobre-el-cacique-inakayal\/#primaryimage"},"thumbnailUrl":"https:\/\/patagoniambiental.com.ar\/info\/wp-content\/uploads\/2017\/04\/portada-libro.jpg","datePublished":"2017-04-18T12:00:57+00:00","breadcrumb":{"@id":"https:\/\/patagoniambiental.com.ar\/info\/el-periodista-y-escritor-adrian-moyano-presenta-su-ultimo-libro-sobre-el-cacique-inakayal\/#breadcrumb"},"inLanguage":"es","potentialAction":[{"@type":"ReadAction","target":["https:\/\/patagoniambiental.com.ar\/info\/el-periodista-y-escritor-adrian-moyano-presenta-su-ultimo-libro-sobre-el-cacique-inakayal\/"]}]},{"@type":"ImageObject","inLanguage":"es","@id":"https:\/\/patagoniambiental.com.ar\/info\/el-periodista-y-escritor-adrian-moyano-presenta-su-ultimo-libro-sobre-el-cacique-inakayal\/#primaryimage","url":"https:\/\/patagoniambiental.com.ar\/info\/wp-content\/uploads\/2017\/04\/portada-libro.jpg","contentUrl":"https:\/\/patagoniambiental.com.ar\/info\/wp-content\/uploads\/2017\/04\/portada-libro.jpg","width":409,"height":600},{"@type":"BreadcrumbList","@id":"https:\/\/patagoniambiental.com.ar\/info\/el-periodista-y-escritor-adrian-moyano-presenta-su-ultimo-libro-sobre-el-cacique-inakayal\/#breadcrumb","itemListElement":[{"@type":"ListItem","position":1,"name":"Inicio","item":"https:\/\/patagoniambiental.com.ar\/info\/"},{"@type":"ListItem","position":2,"name":"Bariloche: El periodista y escritor Adri\u00e1n Moyano presenta su \u00faltimo libro sobre el Cacique Inakayal"}]},{"@type":"WebSite","@id":"https:\/\/patagoniambiental.com.ar\/info\/#website","url":"https:\/\/patagoniambiental.com.ar\/info\/","name":"Patagonia Ambiental","description":"Monitoreo y an\u00e1lisis de la situaci\u00f3n geopol\u00edtica en el mundo y su implicancia en la Patagonia","publisher":{"@id":"https:\/\/patagoniambiental.com.ar\/info\/#organization"},"potentialAction":[{"@type":"SearchAction","target":{"@type":"EntryPoint","urlTemplate":"https:\/\/patagoniambiental.com.ar\/info\/?s={search_term_string}"},"query-input":{"@type":"PropertyValueSpecification","valueRequired":true,"valueName":"search_term_string"}}],"inLanguage":"es"},{"@type":"Organization","@id":"https:\/\/patagoniambiental.com.ar\/info\/#organization","name":"Patagonia Ambiental","url":"https:\/\/patagoniambiental.com.ar\/info\/","logo":{"@type":"ImageObject","inLanguage":"es","@id":"https:\/\/patagoniambiental.com.ar\/info\/#\/schema\/logo\/image\/","url":"https:\/\/patagoniambiental.com.ar\/info\/wp-content\/uploads\/2025\/05\/LOGO-PATAGONIA-AMBIENTAL.png","contentUrl":"https:\/\/patagoniambiental.com.ar\/info\/wp-content\/uploads\/2025\/05\/LOGO-PATAGONIA-AMBIENTAL.png","width":433,"height":250,"caption":"Patagonia Ambiental"},"image":{"@id":"https:\/\/patagoniambiental.com.ar\/info\/#\/schema\/logo\/image\/"},"sameAs":["https:\/\/www.facebook.com\/patagonia.ambiental","https:\/\/x.com\/PatAmb"]},{"@type":"Person","@id":"https:\/\/patagoniambiental.com.ar\/info\/#\/schema\/person\/db12bff64bbcbf6a253710bf0ea37b5d","name":"Patagonia Ambiental","description":"Andr\u00e9s Nievas T\u00e9cnico en manejo ambiental, consultor Ambiental y escritor para medios locales e internacionales sobre temas de geopolitica y medio ambiente.","sameAs":["http:\/\/www.patagoniambiental.com.ar","https:\/\/www.facebook.com\/share\/1C1V8Gv9BX\/?mibextid=qi2Omg","@patagoniambiental","https:\/\/youtube.com\/@patagoniaambiental2023?si=BLt58t0wuXquxlYZ"]}]}},"_links":{"self":[{"href":"https:\/\/patagoniambiental.com.ar\/info\/wp-json\/wp\/v2\/posts\/27677","targetHints":{"allow":["GET"]}}],"collection":[{"href":"https:\/\/patagoniambiental.com.ar\/info\/wp-json\/wp\/v2\/posts"}],"about":[{"href":"https:\/\/patagoniambiental.com.ar\/info\/wp-json\/wp\/v2\/types\/post"}],"author":[{"embeddable":true,"href":"https:\/\/patagoniambiental.com.ar\/info\/wp-json\/wp\/v2\/users\/2"}],"replies":[{"embeddable":true,"href":"https:\/\/patagoniambiental.com.ar\/info\/wp-json\/wp\/v2\/comments?post=27677"}],"version-history":[{"count":0,"href":"https:\/\/patagoniambiental.com.ar\/info\/wp-json\/wp\/v2\/posts\/27677\/revisions"}],"wp:featuredmedia":[{"embeddable":true,"href":"https:\/\/patagoniambiental.com.ar\/info\/wp-json\/wp\/v2\/media\/27678"}],"wp:attachment":[{"href":"https:\/\/patagoniambiental.com.ar\/info\/wp-json\/wp\/v2\/media?parent=27677"}],"wp:term":[{"taxonomy":"category","embeddable":true,"href":"https:\/\/patagoniambiental.com.ar\/info\/wp-json\/wp\/v2\/categories?post=27677"},{"taxonomy":"post_tag","embeddable":true,"href":"https:\/\/patagoniambiental.com.ar\/info\/wp-json\/wp\/v2\/tags?post=27677"}],"curies":[{"name":"wp","href":"https:\/\/api.w.org\/{rel}","templated":true}]}}