{"id":27686,"date":"2017-04-18T19:00:00","date_gmt":"2017-04-18T22:00:00","guid":{"rendered":"http:\/\/patagoniambiental.com.ar\/info\/?p=27686"},"modified":"2017-04-18T09:12:31","modified_gmt":"2017-04-18T12:12:31","slug":"china-y-europa-encabezaran-el-acuerdo-de-paris","status":"publish","type":"post","link":"https:\/\/patagoniambiental.com.ar\/info\/china-y-europa-encabezaran-el-acuerdo-de-paris\/","title":{"rendered":"China y Europa encabezar\u00e1n el Acuerdo de Par\u00eds"},"content":{"rendered":"<p>Estados Unidos.-Desde que Donald Trump sali\u00f3 elegido presidente de los Estados Unidos,<strong> la lucha contra el <\/strong><\/p>\n<p><!--more--><\/p>\n<p><strong>cambio clim\u00e1tico ha terminado para su pa\u00eds.<\/strong> Seg\u00fan Donald Trump, el cambio clim\u00e1tico es un invento de los chinos para ganar en competitividad y es por eso que se hace evidente que EE.UU ya no liderar\u00e1 el Acuerdo de Par\u00eds.<\/p>\n<p>Trump ha cerrado todas las planificaciones ambientales que hicieron en conjunto Barack Obama y el Gobierno de China, <strong>encabezando las negociaciones para cerrar el Acuerdo de Par\u00eds en 2015<\/strong>. Sin embargo, a pesar de que Trump no ayude en la lucha contra el cambio clim\u00e1tico, China y Europa s\u00ed est\u00e1n dispuestas a seguir adelante para liderar la batalla.<\/p>\n<div id=\"toc_container\" class=\"no_bullets\">\n<p class=\"toc_title\">\u00cdndice<\/p>\n<ul class=\"toc_list\">\n<li><a href=\"https:\/\/www.meteorologiaenred.com\/china-europa-encabezaran-acuerdo-paris.html#Programas_ambientales_anulados_por_Trump\"><span class=\"toc_number toc_depth_1\">1<\/span> Programas ambientales anulados por Trump<\/a><\/li>\n<li><a href=\"https:\/\/www.meteorologiaenred.com\/china-europa-encabezaran-acuerdo-paris.html#Esfuerzos_de_China_y_Europa\"><span class=\"toc_number toc_depth_1\">2<\/span> Esfuerzos de China y Europa<\/a><\/li>\n<li><a href=\"https:\/\/www.meteorologiaenred.com\/china-europa-encabezaran-acuerdo-paris.html#El_compromiso_de_la_Unioacuten_Europea\"><span class=\"toc_number toc_depth_1\">3<\/span> El compromiso de la Uni\u00f3n Europea<\/a><\/li>\n<\/ul>\n<\/div>\n<h2><span id=\"Programas_ambientales_anulados_por_Trump\">Programas ambientales anulados por Trump<\/span><\/h2>\n<p><img fetchpriority=\"high\" decoding=\"async\" class=\"alignnone size-full wp-image-9516\" src=\"https:\/\/img.meteorologiaenred.com\/wp-content\/uploads\/2017\/04\/trump-y-el-acuerdo-de-paris.jpg\" sizes=\"(max-width: 839px) 100vw, 839px\" srcset=\"https:\/\/img.meteorologiaenred.com\/wp-content\/uploads\/2017\/04\/trump-y-el-acuerdo-de-paris.jpg 839w,  https:\/\/img.meteorologiaenred.com\/wp-content\/uploads\/2017\/04\/trump-y-el-acuerdo-de-paris-300x169.jpg 300w,  https:\/\/img.meteorologiaenred.com\/wp-content\/uploads\/2017\/04\/trump-y-el-acuerdo-de-paris-768x432.jpg 768w,  https:\/\/img.meteorologiaenred.com\/wp-content\/uploads\/2017\/04\/trump-y-el-acuerdo-de-paris-830x467.jpg 830w,  https:\/\/img.meteorologiaenred.com\/wp-content\/uploads\/2017\/04\/trump-y-el-acuerdo-de-paris-400x225.jpg 400w,  https:\/\/img.meteorologiaenred.com\/wp-content\/uploads\/2017\/04\/trump-y-el-acuerdo-de-paris-500x281.jpg 500w,  https:\/\/img.meteorologiaenred.com\/wp-content\/uploads\/2017\/04\/trump-y-el-acuerdo-de-paris-170x96.jpg 170w\" alt=\"trump y el acuerdo de paris\" width=\"839\" height=\"472\" data-attachment-id=\"9516\" data-permalink=\"https:\/\/www.meteorologiaenred.com\/china-europa-encabezaran-acuerdo-paris.html\/trump-y-el-acuerdo-de-paris\" data-orig-file=\"https:\/\/img.meteorologiaenred.com\/wp-content\/uploads\/2017\/04\/trump-y-el-acuerdo-de-paris.jpg\" data-orig-size=\"839,472\" data-comments-opened=\"1\" data-image-meta=\"{&quot;aperture&quot;:&quot;0&quot;,&quot;credit&quot;:&quot;&quot;,&quot;camera&quot;:&quot;&quot;,&quot;caption&quot;:&quot;&quot;,&quot;created_timestamp&quot;:&quot;0&quot;,&quot;copyright&quot;:&quot;&quot;,&quot;focal_length&quot;:&quot;0&quot;,&quot;iso&quot;:&quot;0&quot;,&quot;shutter_speed&quot;:&quot;0&quot;,&quot;title&quot;:&quot;&quot;,&quot;orientation&quot;:&quot;0&quot;}\" data-image-title=\"trump y el acuerdo de paris\" data-image-description=\"\" data-medium-file=\"https:\/\/img.meteorologiaenred.com\/wp-content\/uploads\/2017\/04\/trump-y-el-acuerdo-de-paris-300x169.jpg\" data-large-file=\"https:\/\/img.meteorologiaenred.com\/wp-content\/uploads\/2017\/04\/trump-y-el-acuerdo-de-paris.jpg\" \/><\/p>\n<p>Los programas que hab\u00eda vigentes antes de que la administraci\u00f3n de Trump los anulara persegu\u00edan que los EE.UU pudieran cumplir con los objetivos previstos cuando se firm\u00f3 el Acuerdo de Par\u00eds. Entre estos objetivos se encuentra el reducir las emisiones de gases de efecto invernadero <strong>entre un 26% y un 28% para 2025 respecto a las de 2005.<\/strong> El comisario europeo de Acci\u00f3n por el Clima, Miguel Arias Ca\u00f1ete, ha reconocido que, con la orden ejecutiva de Trump, EE UU se queda sin las \u201cprincipales herramientas\u201d para cumplir esas metas.<\/p>\n<p>En la lucha contra el cambio clim\u00e1tico ya no podemos contar con el apoyo de los Estados Unidos, sin embargo, China y Europa seguir\u00e1n mirando hacia delante. Tanto China como Europa no cambiar\u00e1n su determinaci\u00f3n, objetivos y pol\u00edtica en materia de cambio clim\u00e1tico, sino que continuar\u00e1n con los esfuerzos previstos para mejorar la calidad del clima.<\/p>\n<aside id=\"abn_singlestealer\" class=\"publi more-inside-content   \"><ins class=\"adsbygoogle\" data-ad-client=\"ca-pub-2740134681475878\" data-ad-slot=\"1024644086\" data-ad-format=\"auto\" data-adsbygoogle-status=\"done\"><ins id=\"aswift_1_expand\"><ins id=\"aswift_1_anchor\"><iframe id=\"aswift_1\" name=\"aswift_1\" width=\"830\" height=\"90\" frameborder=\"0\" marginwidth=\"0\" marginheight=\"0\" scrolling=\"no\" allowfullscreen=\"allowfullscreen\" data-mce-fragment=\"1\"><\/iframe><\/ins><\/ins><\/ins><\/aside>\n<h2><span id=\"Esfuerzos_de_China_y_Europa\">Esfuerzos de China y Europa<\/span><\/h2>\n<p>Desde 2013, Bruselas y Pek\u00edn paralizaron un di\u00e1logo sobre energ\u00eda y cambio clim\u00e1tico que ahora han reactivado de cara a cumplir los objetivos del Acuerdo de Par\u00eds. Con este di\u00e1logo se pretende aumentar la cooperaci\u00f3n en las redes de transporte energ\u00e9tico, aumentar la innovaci\u00f3n tecnol\u00f3gica, las energ\u00edas renovables y la eficiencia energ\u00e9tica. Seg\u00fan Ca\u00f1ete,\u00a0 <strong>el cambio clim\u00e1tico desempe\u00f1ar\u00e1 un papel fundamental<\/strong> en la cumbre anual entre la UE y China que se celebrar\u00e1 en junio en Bruselas.<\/p>\n<p>China y la UE tambi\u00e9n se fijaron objetivos de recortes en el Acuerdo de Par\u00eds, como los cerca de 200 pa\u00edses firmantes. Las reducciones en las emisiones de gases de efecto invernadero se aplicar\u00e1n a partir del a\u00f1o 2020 y ser\u00e1n voluntarias. Esto es, cada Estado se fija sus propias metas. La contribuci\u00f3n en la reducci\u00f3n de emisiones de China es muy peque\u00f1a si la comparamos con el esfuerzo que pretende la Uni\u00f3n Europea. El argumento de Pek\u00edn es que ellos no figuran entre el grupo de pa\u00edses occidentales que desencadenaron el problema del cambio clim\u00e1tico tras d\u00e9cadas de expulsar CO<sub>2<\/sub>. El compromiso que tienen los chinos es <strong>poder alcanzar el pico m\u00e1ximo de emisiones en 2030 y a partir de ah\u00ed comenzar a reducirlas.<\/strong><\/p>\n<p>Seg\u00fan los expertos, los picos m\u00e1ximos de emisiones de China van a llegar antes del 2030 debido a que cada vez se est\u00e1 abandonando m\u00e1s el uso del carb\u00f3n y se est\u00e1 mejorando las energ\u00edas renovables.<\/p>\n<h2><span id=\"El_compromiso_de_la_Unioacuten_Europea\">El compromiso de la Uni\u00f3n Europea<\/span><\/h2>\n<p><img decoding=\"async\" class=\"alignnone size-full wp-image-9517\" src=\"https:\/\/img.meteorologiaenred.com\/wp-content\/uploads\/2017\/04\/ca%C3%B1ete-acuerdo-de-paris.jpg\" sizes=\"(max-width: 830px) 100vw, 830px\" srcset=\"https:\/\/img.meteorologiaenred.com\/wp-content\/uploads\/2017\/04\/ca\u00f1ete-acuerdo-de-paris.jpg 830w,  https:\/\/img.meteorologiaenred.com\/wp-content\/uploads\/2017\/04\/ca\u00f1ete-acuerdo-de-paris-300x186.jpg 300w,  https:\/\/img.meteorologiaenred.com\/wp-content\/uploads\/2017\/04\/ca\u00f1ete-acuerdo-de-paris-768x477.jpg 768w,  https:\/\/img.meteorologiaenred.com\/wp-content\/uploads\/2017\/04\/ca\u00f1ete-acuerdo-de-paris-400x248.jpg 400w,  https:\/\/img.meteorologiaenred.com\/wp-content\/uploads\/2017\/04\/ca\u00f1ete-acuerdo-de-paris-483x300.jpg 483w\" alt=\"La UE y China encabezar\u00e1n el Acuerdo de Par\u00eds\" width=\"830\" height=\"515\" data-attachment-id=\"9517\" data-permalink=\"https:\/\/www.meteorologiaenred.com\/china-europa-encabezaran-acuerdo-paris.html\/canete-acuerdo-de-paris\" data-orig-file=\"https:\/\/img.meteorologiaenred.com\/wp-content\/uploads\/2017\/04\/ca\u00f1ete-acuerdo-de-paris.jpg\" data-orig-size=\"830,515\" data-comments-opened=\"1\" data-image-meta=\"{&quot;aperture&quot;:&quot;0&quot;,&quot;credit&quot;:&quot;&quot;,&quot;camera&quot;:&quot;&quot;,&quot;caption&quot;:&quot;&quot;,&quot;created_timestamp&quot;:&quot;0&quot;,&quot;copyright&quot;:&quot;&quot;,&quot;focal_length&quot;:&quot;0&quot;,&quot;iso&quot;:&quot;0&quot;,&quot;shutter_speed&quot;:&quot;0&quot;,&quot;title&quot;:&quot;&quot;,&quot;orientation&quot;:&quot;0&quot;}\" data-image-title=\"ca\u00f1ete acuerdo de paris\" data-image-description=\"\" data-medium-file=\"https:\/\/img.meteorologiaenred.com\/wp-content\/uploads\/2017\/04\/ca\u00f1ete-acuerdo-de-paris-300x186.jpg\" data-large-file=\"https:\/\/img.meteorologiaenred.com\/wp-content\/uploads\/2017\/04\/ca\u00f1ete-acuerdo-de-paris.jpg\" \/><\/p>\n<p>La Uni\u00f3n Europea tiene la meta clim\u00e1tica m\u00e1s alta de todos los esfuerzos internacionales desde que EE.UU abandon\u00f3 el Protocolo de Kioto en el a\u00f1o 2001. Europa pretende <strong>reducir las emisiones de gases de efecto invernadero en un 40% en 2030 respecto a los niveles de 1990.<\/strong> Aunque en el seno de la UE hay tensiones ahora que se est\u00e1 negociando el reparto entre los pa\u00edses de los esfuerzos y los instrumentos para lograr el objetivo global. Suecia, Alemania y Francia, seg\u00fan un reciente informe de Carbon Market Watch, presionan para que haya un desarrollo ambicioso de las pol\u00edticas clim\u00e1ticas. Mientras que otro bloque, cuya cabeza visible es Polonia, rema en direcci\u00f3n contraria.<\/p>\n<p>Entre China, EE.UU y Europa se acumulan la mitad de las emisiones de gases de efecto invernadero de todo el planeta. Es por eso que sin el esfuerzo y ayuda de Estados Unidos, <strong>alrededor del 15% de las emisiones globales seguir\u00edan emiti\u00e9ndose<\/strong> y con ello, ser\u00eda bastante complicado cumplir con el objetivo de Par\u00eds: reducir los gases de efecto invernadero para que el aumento de la temperatura a final de siglo no supere los 2 grados respecto a los niveles preindustriales.<\/p>\n<p>Fuente:\u00a0https:\/\/www.meteorologiaenred.com\/china-europa-encabezaran-acuerdo-paris.html<\/p>\n","protected":false},"excerpt":{"rendered":"<p>Estados Unidos.-Desde que Donald Trump sali\u00f3 elegido presidente de los Estados Unidos, la lucha contra el<\/p>\n","protected":false},"author":2,"featured_media":27687,"comment_status":"open","ping_status":"open","sticky":false,"template":"","format":"standard","meta":{"site-sidebar-layout":"default","site-content-layout":"","ast-site-content-layout":"default","site-content-style":"default","site-sidebar-style":"default","ast-global-header-display":"","ast-banner-title-visibility":"","ast-main-header-display":"","ast-hfb-above-header-display":"","ast-hfb-below-header-display":"","ast-hfb-mobile-header-display":"","site-post-title":"","ast-breadcrumbs-content":"","ast-featured-img":"","footer-sml-layout":"","ast-disable-related-posts":"","theme-transparent-header-meta":"","adv-header-id-meta":"","stick-header-meta":"","header-above-stick-meta":"","header-main-stick-meta":"","header-below-stick-meta":"","astra-migrate-meta-layouts":"default","ast-page-background-enabled":"default","ast-page-background-meta":{"desktop":{"background-color":"var(--ast-global-color-5)","background-image":"","background-repeat":"repeat","background-position":"center center","background-size":"auto","background-attachment":"scroll","background-type":"","background-media":"","overlay-type":"","overlay-color":"","overlay-opacity":"","overlay-gradient":""},"tablet":{"background-color":"","background-image":"","background-repeat":"repeat","background-position":"center center","background-size":"auto","background-attachment":"scroll","background-type":"","background-media":"","overlay-type":"","overlay-color":"","overlay-opacity":"","overlay-gradient":""},"mobile":{"background-color":"","background-image":"","background-repeat":"repeat","background-position":"center center","background-size":"auto","background-attachment":"scroll","background-type":"","background-media":"","overlay-type":"","overlay-color":"","overlay-opacity":"","overlay-gradient":""}},"ast-content-background-meta":{"desktop":{"background-color":"var(--ast-global-color-4)","background-image":"","background-repeat":"repeat","background-position":"center center","background-size":"auto","background-attachment":"scroll","background-type":"","background-media":"","overlay-type":"","overlay-color":"","overlay-opacity":"","overlay-gradient":""},"tablet":{"background-color":"var(--ast-global-color-4)","background-image":"","background-repeat":"repeat","background-position":"center center","background-size":"auto","background-attachment":"scroll","background-type":"","background-media":"","overlay-type":"","overlay-color":"","overlay-opacity":"","overlay-gradient":""},"mobile":{"background-color":"var(--ast-global-color-4)","background-image":"","background-repeat":"repeat","background-position":"center center","background-size":"auto","background-attachment":"scroll","background-type":"","background-media":"","overlay-type":"","overlay-color":"","overlay-opacity":"","overlay-gradient":""}},"footnotes":""},"categories":[23,1],"tags":[],"class_list":["post-27686","post","type-post","status-publish","format-standard","has-post-thumbnail","hentry","category-internacionales","category-noticias"],"yoast_head":"<!-- This site is optimized with the Yoast SEO Premium plugin v23.0 (Yoast SEO v27.4) - https:\/\/yoast.com\/product\/yoast-seo-premium-wordpress\/ -->\n<title>China y Europa encabezar\u00e1n el Acuerdo de Par\u00eds<\/title>\n<meta name=\"robots\" content=\"index, follow, max-snippet:-1, max-image-preview:large, max-video-preview:-1\" \/>\n<link rel=\"canonical\" href=\"https:\/\/patagoniambiental.com.ar\/info\/china-y-europa-encabezaran-el-acuerdo-de-paris\/\" \/>\n<meta property=\"og:locale\" content=\"es_ES\" \/>\n<meta property=\"og:type\" content=\"article\" \/>\n<meta property=\"og:title\" content=\"China y Europa encabezar\u00e1n el Acuerdo de Par\u00eds\" \/>\n<meta property=\"og:description\" content=\"Estados Unidos.-Desde que Donald Trump sali\u00f3 elegido presidente de los Estados Unidos, la lucha contra el\" \/>\n<meta property=\"og:url\" content=\"https:\/\/patagoniambiental.com.ar\/info\/china-y-europa-encabezaran-el-acuerdo-de-paris\/\" \/>\n<meta property=\"og:site_name\" content=\"Patagonia Ambiental\" \/>\n<meta property=\"article:publisher\" content=\"https:\/\/www.facebook.com\/patagonia.ambiental\" \/>\n<meta property=\"article:author\" content=\"https:\/\/www.facebook.com\/share\/1C1V8Gv9BX\/?mibextid=qi2Omg\" \/>\n<meta property=\"article:published_time\" content=\"2017-04-18T22:00:00+00:00\" \/>\n<meta property=\"og:image\" content=\"https:\/\/patagoniambiental.com.ar\/info\/wp-content\/uploads\/2017\/04\/Acuerdo-de-Par\u00eds.jpg\" \/>\n\t<meta property=\"og:image:width\" content=\"830\" \/>\n\t<meta property=\"og:image:height\" content=\"565\" \/>\n\t<meta property=\"og:image:type\" content=\"image\/jpeg\" \/>\n<meta name=\"author\" content=\"Patagonia Ambiental\" \/>\n<meta name=\"twitter:card\" content=\"summary_large_image\" \/>\n<meta name=\"twitter:creator\" content=\"@PatAmb\" \/>\n<meta name=\"twitter:site\" content=\"@PatAmb\" \/>\n<script type=\"application\/ld+json\" class=\"yoast-schema-graph\">{\"@context\":\"https:\\\/\\\/schema.org\",\"@graph\":[{\"@type\":\"Article\",\"@id\":\"https:\\\/\\\/patagoniambiental.com.ar\\\/info\\\/china-y-europa-encabezaran-el-acuerdo-de-paris\\\/#article\",\"isPartOf\":{\"@id\":\"https:\\\/\\\/patagoniambiental.com.ar\\\/info\\\/china-y-europa-encabezaran-el-acuerdo-de-paris\\\/\"},\"author\":{\"name\":\"Patagonia Ambiental\",\"@id\":\"https:\\\/\\\/patagoniambiental.com.ar\\\/info\\\/#\\\/schema\\\/person\\\/db12bff64bbcbf6a253710bf0ea37b5d\"},\"headline\":\"China y Europa encabezar\u00e1n el Acuerdo de Par\u00eds\",\"datePublished\":\"2017-04-18T22:00:00+00:00\",\"mainEntityOfPage\":{\"@id\":\"https:\\\/\\\/patagoniambiental.com.ar\\\/info\\\/china-y-europa-encabezaran-el-acuerdo-de-paris\\\/\"},\"wordCount\":803,\"commentCount\":0,\"publisher\":{\"@id\":\"https:\\\/\\\/patagoniambiental.com.ar\\\/info\\\/#organization\"},\"image\":{\"@id\":\"https:\\\/\\\/patagoniambiental.com.ar\\\/info\\\/china-y-europa-encabezaran-el-acuerdo-de-paris\\\/#primaryimage\"},\"thumbnailUrl\":\"https:\\\/\\\/patagoniambiental.com.ar\\\/info\\\/wp-content\\\/uploads\\\/2017\\\/04\\\/Acuerdo-de-Par\u00eds.jpg\",\"articleSection\":[\"Internacionales\",\"Noticias\"],\"inLanguage\":\"es\",\"potentialAction\":[{\"@type\":\"CommentAction\",\"name\":\"Comment\",\"target\":[\"https:\\\/\\\/patagoniambiental.com.ar\\\/info\\\/china-y-europa-encabezaran-el-acuerdo-de-paris\\\/#respond\"]}]},{\"@type\":\"WebPage\",\"@id\":\"https:\\\/\\\/patagoniambiental.com.ar\\\/info\\\/china-y-europa-encabezaran-el-acuerdo-de-paris\\\/\",\"url\":\"https:\\\/\\\/patagoniambiental.com.ar\\\/info\\\/china-y-europa-encabezaran-el-acuerdo-de-paris\\\/\",\"name\":\"China y Europa encabezar\u00e1n el Acuerdo de Par\u00eds\",\"isPartOf\":{\"@id\":\"https:\\\/\\\/patagoniambiental.com.ar\\\/info\\\/#website\"},\"primaryImageOfPage\":{\"@id\":\"https:\\\/\\\/patagoniambiental.com.ar\\\/info\\\/china-y-europa-encabezaran-el-acuerdo-de-paris\\\/#primaryimage\"},\"image\":{\"@id\":\"https:\\\/\\\/patagoniambiental.com.ar\\\/info\\\/china-y-europa-encabezaran-el-acuerdo-de-paris\\\/#primaryimage\"},\"thumbnailUrl\":\"https:\\\/\\\/patagoniambiental.com.ar\\\/info\\\/wp-content\\\/uploads\\\/2017\\\/04\\\/Acuerdo-de-Par\u00eds.jpg\",\"datePublished\":\"2017-04-18T22:00:00+00:00\",\"breadcrumb\":{\"@id\":\"https:\\\/\\\/patagoniambiental.com.ar\\\/info\\\/china-y-europa-encabezaran-el-acuerdo-de-paris\\\/#breadcrumb\"},\"inLanguage\":\"es\",\"potentialAction\":[{\"@type\":\"ReadAction\",\"target\":[\"https:\\\/\\\/patagoniambiental.com.ar\\\/info\\\/china-y-europa-encabezaran-el-acuerdo-de-paris\\\/\"]}]},{\"@type\":\"ImageObject\",\"inLanguage\":\"es\",\"@id\":\"https:\\\/\\\/patagoniambiental.com.ar\\\/info\\\/china-y-europa-encabezaran-el-acuerdo-de-paris\\\/#primaryimage\",\"url\":\"https:\\\/\\\/patagoniambiental.com.ar\\\/info\\\/wp-content\\\/uploads\\\/2017\\\/04\\\/Acuerdo-de-Par\u00eds.jpg\",\"contentUrl\":\"https:\\\/\\\/patagoniambiental.com.ar\\\/info\\\/wp-content\\\/uploads\\\/2017\\\/04\\\/Acuerdo-de-Par\u00eds.jpg\",\"width\":830,\"height\":565},{\"@type\":\"BreadcrumbList\",\"@id\":\"https:\\\/\\\/patagoniambiental.com.ar\\\/info\\\/china-y-europa-encabezaran-el-acuerdo-de-paris\\\/#breadcrumb\",\"itemListElement\":[{\"@type\":\"ListItem\",\"position\":1,\"name\":\"Inicio\",\"item\":\"https:\\\/\\\/patagoniambiental.com.ar\\\/info\\\/\"},{\"@type\":\"ListItem\",\"position\":2,\"name\":\"China y Europa encabezar\u00e1n el Acuerdo de Par\u00eds\"}]},{\"@type\":\"WebSite\",\"@id\":\"https:\\\/\\\/patagoniambiental.com.ar\\\/info\\\/#website\",\"url\":\"https:\\\/\\\/patagoniambiental.com.ar\\\/info\\\/\",\"name\":\"Patagonia Ambiental\",\"description\":\"Monitoreo y an\u00e1lisis de la situaci\u00f3n geopol\u00edtica en el mundo y su implicancia en la Patagonia\",\"publisher\":{\"@id\":\"https:\\\/\\\/patagoniambiental.com.ar\\\/info\\\/#organization\"},\"potentialAction\":[{\"@type\":\"SearchAction\",\"target\":{\"@type\":\"EntryPoint\",\"urlTemplate\":\"https:\\\/\\\/patagoniambiental.com.ar\\\/info\\\/?s={search_term_string}\"},\"query-input\":{\"@type\":\"PropertyValueSpecification\",\"valueRequired\":true,\"valueName\":\"search_term_string\"}}],\"inLanguage\":\"es\"},{\"@type\":\"Organization\",\"@id\":\"https:\\\/\\\/patagoniambiental.com.ar\\\/info\\\/#organization\",\"name\":\"Patagonia Ambiental\",\"url\":\"https:\\\/\\\/patagoniambiental.com.ar\\\/info\\\/\",\"logo\":{\"@type\":\"ImageObject\",\"inLanguage\":\"es\",\"@id\":\"https:\\\/\\\/patagoniambiental.com.ar\\\/info\\\/#\\\/schema\\\/logo\\\/image\\\/\",\"url\":\"https:\\\/\\\/patagoniambiental.com.ar\\\/info\\\/wp-content\\\/uploads\\\/2025\\\/05\\\/LOGO-PATAGONIA-AMBIENTAL.png\",\"contentUrl\":\"https:\\\/\\\/patagoniambiental.com.ar\\\/info\\\/wp-content\\\/uploads\\\/2025\\\/05\\\/LOGO-PATAGONIA-AMBIENTAL.png\",\"width\":433,\"height\":250,\"caption\":\"Patagonia Ambiental\"},\"image\":{\"@id\":\"https:\\\/\\\/patagoniambiental.com.ar\\\/info\\\/#\\\/schema\\\/logo\\\/image\\\/\"},\"sameAs\":[\"https:\\\/\\\/www.facebook.com\\\/patagonia.ambiental\",\"https:\\\/\\\/x.com\\\/PatAmb\"]},{\"@type\":\"Person\",\"@id\":\"https:\\\/\\\/patagoniambiental.com.ar\\\/info\\\/#\\\/schema\\\/person\\\/db12bff64bbcbf6a253710bf0ea37b5d\",\"name\":\"Patagonia Ambiental\",\"description\":\"Andr\u00e9s Nievas T\u00e9cnico en manejo ambiental, consultor Ambiental y escritor para medios locales e internacionales sobre temas de geopolitica y medio ambiente.\",\"sameAs\":[\"http:\\\/\\\/www.patagoniambiental.com.ar\",\"https:\\\/\\\/www.facebook.com\\\/share\\\/1C1V8Gv9BX\\\/?mibextid=qi2Omg\",\"@patagoniambiental\",\"https:\\\/\\\/youtube.com\\\/@patagoniaambiental2023?si=BLt58t0wuXquxlYZ\"]}]}<\/script>\n<!-- \/ Yoast SEO Premium plugin. -->","yoast_head_json":{"title":"China y Europa encabezar\u00e1n el Acuerdo de Par\u00eds","robots":{"index":"index","follow":"follow","max-snippet":"max-snippet:-1","max-image-preview":"max-image-preview:large","max-video-preview":"max-video-preview:-1"},"canonical":"https:\/\/patagoniambiental.com.ar\/info\/china-y-europa-encabezaran-el-acuerdo-de-paris\/","og_locale":"es_ES","og_type":"article","og_title":"China y Europa encabezar\u00e1n el Acuerdo de Par\u00eds","og_description":"Estados Unidos.-Desde que Donald Trump sali\u00f3 elegido presidente de los Estados Unidos, la lucha contra el","og_url":"https:\/\/patagoniambiental.com.ar\/info\/china-y-europa-encabezaran-el-acuerdo-de-paris\/","og_site_name":"Patagonia Ambiental","article_publisher":"https:\/\/www.facebook.com\/patagonia.ambiental","article_author":"https:\/\/www.facebook.com\/share\/1C1V8Gv9BX\/?mibextid=qi2Omg","article_published_time":"2017-04-18T22:00:00+00:00","og_image":[{"width":830,"height":565,"url":"https:\/\/patagoniambiental.com.ar\/info\/wp-content\/uploads\/2017\/04\/Acuerdo-de-Par\u00eds.jpg","type":"image\/jpeg"}],"author":"Patagonia Ambiental","twitter_card":"summary_large_image","twitter_creator":"@PatAmb","twitter_site":"@PatAmb","schema":{"@context":"https:\/\/schema.org","@graph":[{"@type":"Article","@id":"https:\/\/patagoniambiental.com.ar\/info\/china-y-europa-encabezaran-el-acuerdo-de-paris\/#article","isPartOf":{"@id":"https:\/\/patagoniambiental.com.ar\/info\/china-y-europa-encabezaran-el-acuerdo-de-paris\/"},"author":{"name":"Patagonia Ambiental","@id":"https:\/\/patagoniambiental.com.ar\/info\/#\/schema\/person\/db12bff64bbcbf6a253710bf0ea37b5d"},"headline":"China y Europa encabezar\u00e1n el Acuerdo de Par\u00eds","datePublished":"2017-04-18T22:00:00+00:00","mainEntityOfPage":{"@id":"https:\/\/patagoniambiental.com.ar\/info\/china-y-europa-encabezaran-el-acuerdo-de-paris\/"},"wordCount":803,"commentCount":0,"publisher":{"@id":"https:\/\/patagoniambiental.com.ar\/info\/#organization"},"image":{"@id":"https:\/\/patagoniambiental.com.ar\/info\/china-y-europa-encabezaran-el-acuerdo-de-paris\/#primaryimage"},"thumbnailUrl":"https:\/\/patagoniambiental.com.ar\/info\/wp-content\/uploads\/2017\/04\/Acuerdo-de-Par\u00eds.jpg","articleSection":["Internacionales","Noticias"],"inLanguage":"es","potentialAction":[{"@type":"CommentAction","name":"Comment","target":["https:\/\/patagoniambiental.com.ar\/info\/china-y-europa-encabezaran-el-acuerdo-de-paris\/#respond"]}]},{"@type":"WebPage","@id":"https:\/\/patagoniambiental.com.ar\/info\/china-y-europa-encabezaran-el-acuerdo-de-paris\/","url":"https:\/\/patagoniambiental.com.ar\/info\/china-y-europa-encabezaran-el-acuerdo-de-paris\/","name":"China y Europa encabezar\u00e1n el Acuerdo de Par\u00eds","isPartOf":{"@id":"https:\/\/patagoniambiental.com.ar\/info\/#website"},"primaryImageOfPage":{"@id":"https:\/\/patagoniambiental.com.ar\/info\/china-y-europa-encabezaran-el-acuerdo-de-paris\/#primaryimage"},"image":{"@id":"https:\/\/patagoniambiental.com.ar\/info\/china-y-europa-encabezaran-el-acuerdo-de-paris\/#primaryimage"},"thumbnailUrl":"https:\/\/patagoniambiental.com.ar\/info\/wp-content\/uploads\/2017\/04\/Acuerdo-de-Par\u00eds.jpg","datePublished":"2017-04-18T22:00:00+00:00","breadcrumb":{"@id":"https:\/\/patagoniambiental.com.ar\/info\/china-y-europa-encabezaran-el-acuerdo-de-paris\/#breadcrumb"},"inLanguage":"es","potentialAction":[{"@type":"ReadAction","target":["https:\/\/patagoniambiental.com.ar\/info\/china-y-europa-encabezaran-el-acuerdo-de-paris\/"]}]},{"@type":"ImageObject","inLanguage":"es","@id":"https:\/\/patagoniambiental.com.ar\/info\/china-y-europa-encabezaran-el-acuerdo-de-paris\/#primaryimage","url":"https:\/\/patagoniambiental.com.ar\/info\/wp-content\/uploads\/2017\/04\/Acuerdo-de-Par\u00eds.jpg","contentUrl":"https:\/\/patagoniambiental.com.ar\/info\/wp-content\/uploads\/2017\/04\/Acuerdo-de-Par\u00eds.jpg","width":830,"height":565},{"@type":"BreadcrumbList","@id":"https:\/\/patagoniambiental.com.ar\/info\/china-y-europa-encabezaran-el-acuerdo-de-paris\/#breadcrumb","itemListElement":[{"@type":"ListItem","position":1,"name":"Inicio","item":"https:\/\/patagoniambiental.com.ar\/info\/"},{"@type":"ListItem","position":2,"name":"China y Europa encabezar\u00e1n el Acuerdo de Par\u00eds"}]},{"@type":"WebSite","@id":"https:\/\/patagoniambiental.com.ar\/info\/#website","url":"https:\/\/patagoniambiental.com.ar\/info\/","name":"Patagonia Ambiental","description":"Monitoreo y an\u00e1lisis de la situaci\u00f3n geopol\u00edtica en el mundo y su implicancia en la Patagonia","publisher":{"@id":"https:\/\/patagoniambiental.com.ar\/info\/#organization"},"potentialAction":[{"@type":"SearchAction","target":{"@type":"EntryPoint","urlTemplate":"https:\/\/patagoniambiental.com.ar\/info\/?s={search_term_string}"},"query-input":{"@type":"PropertyValueSpecification","valueRequired":true,"valueName":"search_term_string"}}],"inLanguage":"es"},{"@type":"Organization","@id":"https:\/\/patagoniambiental.com.ar\/info\/#organization","name":"Patagonia Ambiental","url":"https:\/\/patagoniambiental.com.ar\/info\/","logo":{"@type":"ImageObject","inLanguage":"es","@id":"https:\/\/patagoniambiental.com.ar\/info\/#\/schema\/logo\/image\/","url":"https:\/\/patagoniambiental.com.ar\/info\/wp-content\/uploads\/2025\/05\/LOGO-PATAGONIA-AMBIENTAL.png","contentUrl":"https:\/\/patagoniambiental.com.ar\/info\/wp-content\/uploads\/2025\/05\/LOGO-PATAGONIA-AMBIENTAL.png","width":433,"height":250,"caption":"Patagonia Ambiental"},"image":{"@id":"https:\/\/patagoniambiental.com.ar\/info\/#\/schema\/logo\/image\/"},"sameAs":["https:\/\/www.facebook.com\/patagonia.ambiental","https:\/\/x.com\/PatAmb"]},{"@type":"Person","@id":"https:\/\/patagoniambiental.com.ar\/info\/#\/schema\/person\/db12bff64bbcbf6a253710bf0ea37b5d","name":"Patagonia Ambiental","description":"Andr\u00e9s Nievas T\u00e9cnico en manejo ambiental, consultor Ambiental y escritor para medios locales e internacionales sobre temas de geopolitica y medio ambiente.","sameAs":["http:\/\/www.patagoniambiental.com.ar","https:\/\/www.facebook.com\/share\/1C1V8Gv9BX\/?mibextid=qi2Omg","@patagoniambiental","https:\/\/youtube.com\/@patagoniaambiental2023?si=BLt58t0wuXquxlYZ"]}]}},"_links":{"self":[{"href":"https:\/\/patagoniambiental.com.ar\/info\/wp-json\/wp\/v2\/posts\/27686","targetHints":{"allow":["GET"]}}],"collection":[{"href":"https:\/\/patagoniambiental.com.ar\/info\/wp-json\/wp\/v2\/posts"}],"about":[{"href":"https:\/\/patagoniambiental.com.ar\/info\/wp-json\/wp\/v2\/types\/post"}],"author":[{"embeddable":true,"href":"https:\/\/patagoniambiental.com.ar\/info\/wp-json\/wp\/v2\/users\/2"}],"replies":[{"embeddable":true,"href":"https:\/\/patagoniambiental.com.ar\/info\/wp-json\/wp\/v2\/comments?post=27686"}],"version-history":[{"count":0,"href":"https:\/\/patagoniambiental.com.ar\/info\/wp-json\/wp\/v2\/posts\/27686\/revisions"}],"wp:featuredmedia":[{"embeddable":true,"href":"https:\/\/patagoniambiental.com.ar\/info\/wp-json\/wp\/v2\/media\/27687"}],"wp:attachment":[{"href":"https:\/\/patagoniambiental.com.ar\/info\/wp-json\/wp\/v2\/media?parent=27686"}],"wp:term":[{"taxonomy":"category","embeddable":true,"href":"https:\/\/patagoniambiental.com.ar\/info\/wp-json\/wp\/v2\/categories?post=27686"},{"taxonomy":"post_tag","embeddable":true,"href":"https:\/\/patagoniambiental.com.ar\/info\/wp-json\/wp\/v2\/tags?post=27686"}],"curies":[{"name":"wp","href":"https:\/\/api.w.org\/{rel}","templated":true}]}}