{"id":27692,"date":"2017-04-18T19:00:31","date_gmt":"2017-04-18T22:00:31","guid":{"rendered":"http:\/\/patagoniambiental.com.ar\/info\/?p=27692"},"modified":"2017-04-18T09:25:00","modified_gmt":"2017-04-18T12:25:00","slug":"en-reserva-nacional-cerro-castillo-javiera-contador-y-renata-ruiz-participaran-del-sexto-voluntariado-de-reforestemos-patagonia","status":"publish","type":"post","link":"https:\/\/patagoniambiental.com.ar\/info\/en-reserva-nacional-cerro-castillo-javiera-contador-y-renata-ruiz-participaran-del-sexto-voluntariado-de-reforestemos-patagonia\/","title":{"rendered":"En Reserva Nacional Cerro Castillo: Javiera Contador y Renata Ruiz participar\u00e1n del sexto voluntariado de Reforestemos Patagonia"},"content":{"rendered":"<p>Coyhaique.-Con el objetivo de involucrar cada vez a m\u00e1s personas en la misi\u00f3n de reforestar ecosistemas degradados<\/p>\n<p><!--more--><\/p>\n<p>de la Patagonia y crear conciencia sobre la importancia del medio ambiente, la Fundaci\u00f3n Reforestemos Patagonia celebrar\u00e1 la sexta versi\u00f3n de su voluntariado desde este jueves 20 al domingo 23 de abril.<\/p>\n<p>Los 30 voluntarios, que provienen de distintas regiones del pa\u00eds, y que viajar\u00e1n hasta Coyhaique para participar de la actividad, tienen el objetivo de plantar 6.000 \u00e1rboles nativos (Lengas) en la Reserva Nacional Cerro Castillo, en un lugar que se ha seleccionado previamente con el apoyo y autorizaci\u00f3n de Conaf. Los voluntariados son una muestra concreta de la real necesidad y deuda que tenemos con nuestros recursos naturales. A su vez, son una fuente de trabajo y de informaci\u00f3n en la comunidad local.<\/p>\n<p>Este voluntariado viene a reafirmar el compromiso de la fundaci\u00f3n con la tarea de reforestar con flora nativa, compromiso que se ha fortalecido este a\u00f1o luego de los incendios que afectaron a gran parte del pa\u00eds.\u00a0 Seg\u00fan comenta Suzanne Wylie, Directora Ejecutiva de Reforestemos Patagonia, \u201cEl compromiso de nuestra Fundaci\u00f3n es ahora m\u00e1s fuerte que nunca, estamos comprometidos con la reforestaci\u00f3n de \u00e1reas nativas de nuestro pa\u00eds, el 70% de estas \u00e1reas se encuentran en la Patagonia, uno de los pulmones verdes m\u00e1s grandes del mundo\u201d.<\/p>\n<p>Al trabajo de los voluntarios, se sumar\u00e1n este a\u00f1o Javiera Contador y Renata Ruiz, ambas embajadoras de la campa\u00f1a, quienes comprometidas con los asuntos medioambientales colaborar\u00e1n en las labores de plantaci\u00f3n de \u00e1rboles nativos donados por diversas empresas y personas a trav\u00e9s del sitio <a href=\"http:\/\/www.reforestemospatagonia.cl\/\">www.reforestemospatagonia.cl<\/a>.<\/p>\n<p>Entusiasmadas y comprometidas con la restauraci\u00f3n ecol\u00f3gica de nuestro pa\u00eds, las embajadoras se refirieron a sus intereses en el voluntariado. Javiera se\u00f1al\u00f3 que \u201cEste es un desaf\u00edo pa\u00eds y me alegra profundamente poder ser parte de este mega proyecto. Creo que es responsabilidad de todos los chilenos contribuir con la reforestaci\u00f3n de parques nativos de Chile, para crear consciencia medioambiental y evitar incendios como los que vimos en enero\u201d. Renata, por su parte complement\u00f3 se\u00f1alando que \u201cAcabamos de pasar por un momento devastador para nuestro pa\u00eds, por eso mismo es ahora m\u00e1s importante que nunca generar conciencia de lo importante que es preservar nuestra flora y fauna aut\u00f3ctona. Para m\u00ed es un honor poder participar de esta experiencia\u201d.<\/p>\n<p>Fuente:\u00a0http:\/\/www.diarioaysen.cl\/sitio\/2017\/04\/17\/en-reserva-nacional-cerro-castillo-javiera-contador-y-renata-ruiz-participaran-del-sexto-voluntariado-de-reforestemos-patagonia\/<\/p>\n","protected":false},"excerpt":{"rendered":"<p>Coyhaique.-Con el objetivo de involucrar cada vez a m\u00e1s personas en la misi\u00f3n de reforestar ecosistemas degradados<\/p>\n","protected":false},"author":2,"featured_media":27693,"comment_status":"open","ping_status":"open","sticky":false,"template":"","format":"standard","meta":{"site-sidebar-layout":"default","site-content-layout":"","ast-site-content-layout":"default","site-content-style":"default","site-sidebar-style":"default","ast-global-header-display":"","ast-banner-title-visibility":"","ast-main-header-display":"","ast-hfb-above-header-display":"","ast-hfb-below-header-display":"","ast-hfb-mobile-header-display":"","site-post-title":"","ast-breadcrumbs-content":"","ast-featured-img":"","footer-sml-layout":"","ast-disable-related-posts":"","theme-transparent-header-meta":"","adv-header-id-meta":"","stick-header-meta":"","header-above-stick-meta":"","header-main-stick-meta":"","header-below-stick-meta":"","astra-migrate-meta-layouts":"default","ast-page-background-enabled":"default","ast-page-background-meta":{"desktop":{"background-color":"var(--ast-global-color-5)","background-image":"","background-repeat":"repeat","background-position":"center center","background-size":"auto","background-attachment":"scroll","background-type":"","background-media":"","overlay-type":"","overlay-color":"","overlay-opacity":"","overlay-gradient":""},"tablet":{"background-color":"","background-image":"","background-repeat":"repeat","background-position":"center center","background-size":"auto","background-attachment":"scroll","background-type":"","background-media":"","overlay-type":"","overlay-color":"","overlay-opacity":"","overlay-gradient":""},"mobile":{"background-color":"","background-image":"","background-repeat":"repeat","background-position":"center center","background-size":"auto","background-attachment":"scroll","background-type":"","background-media":"","overlay-type":"","overlay-color":"","overlay-opacity":"","overlay-gradient":""}},"ast-content-background-meta":{"desktop":{"background-color":"var(--ast-global-color-4)","background-image":"","background-repeat":"repeat","background-position":"center center","background-size":"auto","background-attachment":"scroll","background-type":"","background-media":"","overlay-type":"","overlay-color":"","overlay-opacity":"","overlay-gradient":""},"tablet":{"background-color":"var(--ast-global-color-4)","background-image":"","background-repeat":"repeat","background-position":"center center","background-size":"auto","background-attachment":"scroll","background-type":"","background-media":"","overlay-type":"","overlay-color":"","overlay-opacity":"","overlay-gradient":""},"mobile":{"background-color":"var(--ast-global-color-4)","background-image":"","background-repeat":"repeat","background-position":"center center","background-size":"auto","background-attachment":"scroll","background-type":"","background-media":"","overlay-type":"","overlay-color":"","overlay-opacity":"","overlay-gradient":""}},"footnotes":""},"categories":[23,1],"tags":[],"class_list":["post-27692","post","type-post","status-publish","format-standard","has-post-thumbnail","hentry","category-internacionales","category-noticias"],"yoast_head":"<!-- This site is optimized with the Yoast SEO Premium plugin v23.0 (Yoast SEO v27.4) - https:\/\/yoast.com\/product\/yoast-seo-premium-wordpress\/ -->\n<title>En Reserva Nacional Cerro Castillo: Javiera Contador y Renata Ruiz participar\u00e1n del sexto voluntariado de Reforestemos Patagonia<\/title>\n<meta name=\"robots\" content=\"index, follow, max-snippet:-1, max-image-preview:large, max-video-preview:-1\" \/>\n<link rel=\"canonical\" href=\"https:\/\/patagoniambiental.com.ar\/info\/en-reserva-nacional-cerro-castillo-javiera-contador-y-renata-ruiz-participaran-del-sexto-voluntariado-de-reforestemos-patagonia\/\" \/>\n<meta property=\"og:locale\" content=\"es_ES\" \/>\n<meta property=\"og:type\" content=\"article\" \/>\n<meta property=\"og:title\" content=\"En Reserva Nacional Cerro Castillo: Javiera Contador y Renata Ruiz participar\u00e1n del sexto voluntariado de Reforestemos Patagonia\" \/>\n<meta property=\"og:description\" content=\"Coyhaique.-Con el objetivo de involucrar cada vez a m\u00e1s personas en la misi\u00f3n de reforestar ecosistemas degradados\" \/>\n<meta property=\"og:url\" content=\"https:\/\/patagoniambiental.com.ar\/info\/en-reserva-nacional-cerro-castillo-javiera-contador-y-renata-ruiz-participaran-del-sexto-voluntariado-de-reforestemos-patagonia\/\" \/>\n<meta property=\"og:site_name\" content=\"Patagonia Ambiental\" \/>\n<meta property=\"article:publisher\" content=\"https:\/\/www.facebook.com\/patagonia.ambiental\" \/>\n<meta property=\"article:author\" content=\"https:\/\/www.facebook.com\/share\/1C1V8Gv9BX\/?mibextid=qi2Omg\" \/>\n<meta property=\"article:published_time\" content=\"2017-04-18T22:00:31+00:00\" \/>\n<meta property=\"og:image\" content=\"https:\/\/patagoniambiental.com.ar\/info\/wp-content\/uploads\/2017\/04\/errttr.jpg\" \/>\n\t<meta property=\"og:image:width\" content=\"492\" \/>\n\t<meta property=\"og:image:height\" content=\"232\" \/>\n\t<meta property=\"og:image:type\" content=\"image\/jpeg\" \/>\n<meta name=\"author\" content=\"Patagonia Ambiental\" \/>\n<meta name=\"twitter:card\" content=\"summary_large_image\" \/>\n<meta name=\"twitter:creator\" content=\"@PatAmb\" \/>\n<meta name=\"twitter:site\" content=\"@PatAmb\" \/>\n<script type=\"application\/ld+json\" class=\"yoast-schema-graph\">{\"@context\":\"https:\\\/\\\/schema.org\",\"@graph\":[{\"@type\":\"Article\",\"@id\":\"https:\\\/\\\/patagoniambiental.com.ar\\\/info\\\/en-reserva-nacional-cerro-castillo-javiera-contador-y-renata-ruiz-participaran-del-sexto-voluntariado-de-reforestemos-patagonia\\\/#article\",\"isPartOf\":{\"@id\":\"https:\\\/\\\/patagoniambiental.com.ar\\\/info\\\/en-reserva-nacional-cerro-castillo-javiera-contador-y-renata-ruiz-participaran-del-sexto-voluntariado-de-reforestemos-patagonia\\\/\"},\"author\":{\"name\":\"Patagonia Ambiental\",\"@id\":\"https:\\\/\\\/patagoniambiental.com.ar\\\/info\\\/#\\\/schema\\\/person\\\/db12bff64bbcbf6a253710bf0ea37b5d\"},\"headline\":\"En Reserva Nacional Cerro Castillo: Javiera Contador y Renata Ruiz participar\u00e1n del sexto voluntariado de Reforestemos Patagonia\",\"datePublished\":\"2017-04-18T22:00:31+00:00\",\"mainEntityOfPage\":{\"@id\":\"https:\\\/\\\/patagoniambiental.com.ar\\\/info\\\/en-reserva-nacional-cerro-castillo-javiera-contador-y-renata-ruiz-participaran-del-sexto-voluntariado-de-reforestemos-patagonia\\\/\"},\"wordCount\":438,\"commentCount\":0,\"publisher\":{\"@id\":\"https:\\\/\\\/patagoniambiental.com.ar\\\/info\\\/#organization\"},\"image\":{\"@id\":\"https:\\\/\\\/patagoniambiental.com.ar\\\/info\\\/en-reserva-nacional-cerro-castillo-javiera-contador-y-renata-ruiz-participaran-del-sexto-voluntariado-de-reforestemos-patagonia\\\/#primaryimage\"},\"thumbnailUrl\":\"https:\\\/\\\/patagoniambiental.com.ar\\\/info\\\/wp-content\\\/uploads\\\/2017\\\/04\\\/errttr.jpg\",\"articleSection\":[\"Internacionales\",\"Noticias\"],\"inLanguage\":\"es\",\"potentialAction\":[{\"@type\":\"CommentAction\",\"name\":\"Comment\",\"target\":[\"https:\\\/\\\/patagoniambiental.com.ar\\\/info\\\/en-reserva-nacional-cerro-castillo-javiera-contador-y-renata-ruiz-participaran-del-sexto-voluntariado-de-reforestemos-patagonia\\\/#respond\"]}]},{\"@type\":\"WebPage\",\"@id\":\"https:\\\/\\\/patagoniambiental.com.ar\\\/info\\\/en-reserva-nacional-cerro-castillo-javiera-contador-y-renata-ruiz-participaran-del-sexto-voluntariado-de-reforestemos-patagonia\\\/\",\"url\":\"https:\\\/\\\/patagoniambiental.com.ar\\\/info\\\/en-reserva-nacional-cerro-castillo-javiera-contador-y-renata-ruiz-participaran-del-sexto-voluntariado-de-reforestemos-patagonia\\\/\",\"name\":\"En Reserva Nacional Cerro Castillo: Javiera Contador y Renata Ruiz participar\u00e1n del sexto voluntariado de Reforestemos Patagonia\",\"isPartOf\":{\"@id\":\"https:\\\/\\\/patagoniambiental.com.ar\\\/info\\\/#website\"},\"primaryImageOfPage\":{\"@id\":\"https:\\\/\\\/patagoniambiental.com.ar\\\/info\\\/en-reserva-nacional-cerro-castillo-javiera-contador-y-renata-ruiz-participaran-del-sexto-voluntariado-de-reforestemos-patagonia\\\/#primaryimage\"},\"image\":{\"@id\":\"https:\\\/\\\/patagoniambiental.com.ar\\\/info\\\/en-reserva-nacional-cerro-castillo-javiera-contador-y-renata-ruiz-participaran-del-sexto-voluntariado-de-reforestemos-patagonia\\\/#primaryimage\"},\"thumbnailUrl\":\"https:\\\/\\\/patagoniambiental.com.ar\\\/info\\\/wp-content\\\/uploads\\\/2017\\\/04\\\/errttr.jpg\",\"datePublished\":\"2017-04-18T22:00:31+00:00\",\"breadcrumb\":{\"@id\":\"https:\\\/\\\/patagoniambiental.com.ar\\\/info\\\/en-reserva-nacional-cerro-castillo-javiera-contador-y-renata-ruiz-participaran-del-sexto-voluntariado-de-reforestemos-patagonia\\\/#breadcrumb\"},\"inLanguage\":\"es\",\"potentialAction\":[{\"@type\":\"ReadAction\",\"target\":[\"https:\\\/\\\/patagoniambiental.com.ar\\\/info\\\/en-reserva-nacional-cerro-castillo-javiera-contador-y-renata-ruiz-participaran-del-sexto-voluntariado-de-reforestemos-patagonia\\\/\"]}]},{\"@type\":\"ImageObject\",\"inLanguage\":\"es\",\"@id\":\"https:\\\/\\\/patagoniambiental.com.ar\\\/info\\\/en-reserva-nacional-cerro-castillo-javiera-contador-y-renata-ruiz-participaran-del-sexto-voluntariado-de-reforestemos-patagonia\\\/#primaryimage\",\"url\":\"https:\\\/\\\/patagoniambiental.com.ar\\\/info\\\/wp-content\\\/uploads\\\/2017\\\/04\\\/errttr.jpg\",\"contentUrl\":\"https:\\\/\\\/patagoniambiental.com.ar\\\/info\\\/wp-content\\\/uploads\\\/2017\\\/04\\\/errttr.jpg\",\"width\":492,\"height\":232},{\"@type\":\"BreadcrumbList\",\"@id\":\"https:\\\/\\\/patagoniambiental.com.ar\\\/info\\\/en-reserva-nacional-cerro-castillo-javiera-contador-y-renata-ruiz-participaran-del-sexto-voluntariado-de-reforestemos-patagonia\\\/#breadcrumb\",\"itemListElement\":[{\"@type\":\"ListItem\",\"position\":1,\"name\":\"Inicio\",\"item\":\"https:\\\/\\\/patagoniambiental.com.ar\\\/info\\\/\"},{\"@type\":\"ListItem\",\"position\":2,\"name\":\"En Reserva Nacional Cerro Castillo: Javiera Contador y Renata Ruiz participar\u00e1n del sexto voluntariado de Reforestemos Patagonia\"}]},{\"@type\":\"WebSite\",\"@id\":\"https:\\\/\\\/patagoniambiental.com.ar\\\/info\\\/#website\",\"url\":\"https:\\\/\\\/patagoniambiental.com.ar\\\/info\\\/\",\"name\":\"Patagonia Ambiental\",\"description\":\"Monitoreo y an\u00e1lisis de la situaci\u00f3n geopol\u00edtica en el mundo y su implicancia en la Patagonia\",\"publisher\":{\"@id\":\"https:\\\/\\\/patagoniambiental.com.ar\\\/info\\\/#organization\"},\"potentialAction\":[{\"@type\":\"SearchAction\",\"target\":{\"@type\":\"EntryPoint\",\"urlTemplate\":\"https:\\\/\\\/patagoniambiental.com.ar\\\/info\\\/?s={search_term_string}\"},\"query-input\":{\"@type\":\"PropertyValueSpecification\",\"valueRequired\":true,\"valueName\":\"search_term_string\"}}],\"inLanguage\":\"es\"},{\"@type\":\"Organization\",\"@id\":\"https:\\\/\\\/patagoniambiental.com.ar\\\/info\\\/#organization\",\"name\":\"Patagonia Ambiental\",\"url\":\"https:\\\/\\\/patagoniambiental.com.ar\\\/info\\\/\",\"logo\":{\"@type\":\"ImageObject\",\"inLanguage\":\"es\",\"@id\":\"https:\\\/\\\/patagoniambiental.com.ar\\\/info\\\/#\\\/schema\\\/logo\\\/image\\\/\",\"url\":\"https:\\\/\\\/patagoniambiental.com.ar\\\/info\\\/wp-content\\\/uploads\\\/2025\\\/05\\\/LOGO-PATAGONIA-AMBIENTAL.png\",\"contentUrl\":\"https:\\\/\\\/patagoniambiental.com.ar\\\/info\\\/wp-content\\\/uploads\\\/2025\\\/05\\\/LOGO-PATAGONIA-AMBIENTAL.png\",\"width\":433,\"height\":250,\"caption\":\"Patagonia Ambiental\"},\"image\":{\"@id\":\"https:\\\/\\\/patagoniambiental.com.ar\\\/info\\\/#\\\/schema\\\/logo\\\/image\\\/\"},\"sameAs\":[\"https:\\\/\\\/www.facebook.com\\\/patagonia.ambiental\",\"https:\\\/\\\/x.com\\\/PatAmb\"]},{\"@type\":\"Person\",\"@id\":\"https:\\\/\\\/patagoniambiental.com.ar\\\/info\\\/#\\\/schema\\\/person\\\/db12bff64bbcbf6a253710bf0ea37b5d\",\"name\":\"Patagonia Ambiental\",\"description\":\"Andr\u00e9s Nievas T\u00e9cnico en manejo ambiental, consultor Ambiental y escritor para medios locales e internacionales sobre temas de geopolitica y medio ambiente.\",\"sameAs\":[\"http:\\\/\\\/www.patagoniambiental.com.ar\",\"https:\\\/\\\/www.facebook.com\\\/share\\\/1C1V8Gv9BX\\\/?mibextid=qi2Omg\",\"@patagoniambiental\",\"https:\\\/\\\/youtube.com\\\/@patagoniaambiental2023?si=BLt58t0wuXquxlYZ\"]}]}<\/script>\n<!-- \/ Yoast SEO Premium plugin. -->","yoast_head_json":{"title":"En Reserva Nacional Cerro Castillo: Javiera Contador y Renata Ruiz participar\u00e1n del sexto voluntariado de Reforestemos Patagonia","robots":{"index":"index","follow":"follow","max-snippet":"max-snippet:-1","max-image-preview":"max-image-preview:large","max-video-preview":"max-video-preview:-1"},"canonical":"https:\/\/patagoniambiental.com.ar\/info\/en-reserva-nacional-cerro-castillo-javiera-contador-y-renata-ruiz-participaran-del-sexto-voluntariado-de-reforestemos-patagonia\/","og_locale":"es_ES","og_type":"article","og_title":"En Reserva Nacional Cerro Castillo: Javiera Contador y Renata Ruiz participar\u00e1n del sexto voluntariado de Reforestemos Patagonia","og_description":"Coyhaique.-Con el objetivo de involucrar cada vez a m\u00e1s personas en la misi\u00f3n de reforestar ecosistemas degradados","og_url":"https:\/\/patagoniambiental.com.ar\/info\/en-reserva-nacional-cerro-castillo-javiera-contador-y-renata-ruiz-participaran-del-sexto-voluntariado-de-reforestemos-patagonia\/","og_site_name":"Patagonia Ambiental","article_publisher":"https:\/\/www.facebook.com\/patagonia.ambiental","article_author":"https:\/\/www.facebook.com\/share\/1C1V8Gv9BX\/?mibextid=qi2Omg","article_published_time":"2017-04-18T22:00:31+00:00","og_image":[{"width":492,"height":232,"url":"https:\/\/patagoniambiental.com.ar\/info\/wp-content\/uploads\/2017\/04\/errttr.jpg","type":"image\/jpeg"}],"author":"Patagonia Ambiental","twitter_card":"summary_large_image","twitter_creator":"@PatAmb","twitter_site":"@PatAmb","schema":{"@context":"https:\/\/schema.org","@graph":[{"@type":"Article","@id":"https:\/\/patagoniambiental.com.ar\/info\/en-reserva-nacional-cerro-castillo-javiera-contador-y-renata-ruiz-participaran-del-sexto-voluntariado-de-reforestemos-patagonia\/#article","isPartOf":{"@id":"https:\/\/patagoniambiental.com.ar\/info\/en-reserva-nacional-cerro-castillo-javiera-contador-y-renata-ruiz-participaran-del-sexto-voluntariado-de-reforestemos-patagonia\/"},"author":{"name":"Patagonia Ambiental","@id":"https:\/\/patagoniambiental.com.ar\/info\/#\/schema\/person\/db12bff64bbcbf6a253710bf0ea37b5d"},"headline":"En Reserva Nacional Cerro Castillo: Javiera Contador y Renata Ruiz participar\u00e1n del sexto voluntariado de Reforestemos Patagonia","datePublished":"2017-04-18T22:00:31+00:00","mainEntityOfPage":{"@id":"https:\/\/patagoniambiental.com.ar\/info\/en-reserva-nacional-cerro-castillo-javiera-contador-y-renata-ruiz-participaran-del-sexto-voluntariado-de-reforestemos-patagonia\/"},"wordCount":438,"commentCount":0,"publisher":{"@id":"https:\/\/patagoniambiental.com.ar\/info\/#organization"},"image":{"@id":"https:\/\/patagoniambiental.com.ar\/info\/en-reserva-nacional-cerro-castillo-javiera-contador-y-renata-ruiz-participaran-del-sexto-voluntariado-de-reforestemos-patagonia\/#primaryimage"},"thumbnailUrl":"https:\/\/patagoniambiental.com.ar\/info\/wp-content\/uploads\/2017\/04\/errttr.jpg","articleSection":["Internacionales","Noticias"],"inLanguage":"es","potentialAction":[{"@type":"CommentAction","name":"Comment","target":["https:\/\/patagoniambiental.com.ar\/info\/en-reserva-nacional-cerro-castillo-javiera-contador-y-renata-ruiz-participaran-del-sexto-voluntariado-de-reforestemos-patagonia\/#respond"]}]},{"@type":"WebPage","@id":"https:\/\/patagoniambiental.com.ar\/info\/en-reserva-nacional-cerro-castillo-javiera-contador-y-renata-ruiz-participaran-del-sexto-voluntariado-de-reforestemos-patagonia\/","url":"https:\/\/patagoniambiental.com.ar\/info\/en-reserva-nacional-cerro-castillo-javiera-contador-y-renata-ruiz-participaran-del-sexto-voluntariado-de-reforestemos-patagonia\/","name":"En Reserva Nacional Cerro Castillo: Javiera Contador y Renata Ruiz participar\u00e1n del sexto voluntariado de Reforestemos Patagonia","isPartOf":{"@id":"https:\/\/patagoniambiental.com.ar\/info\/#website"},"primaryImageOfPage":{"@id":"https:\/\/patagoniambiental.com.ar\/info\/en-reserva-nacional-cerro-castillo-javiera-contador-y-renata-ruiz-participaran-del-sexto-voluntariado-de-reforestemos-patagonia\/#primaryimage"},"image":{"@id":"https:\/\/patagoniambiental.com.ar\/info\/en-reserva-nacional-cerro-castillo-javiera-contador-y-renata-ruiz-participaran-del-sexto-voluntariado-de-reforestemos-patagonia\/#primaryimage"},"thumbnailUrl":"https:\/\/patagoniambiental.com.ar\/info\/wp-content\/uploads\/2017\/04\/errttr.jpg","datePublished":"2017-04-18T22:00:31+00:00","breadcrumb":{"@id":"https:\/\/patagoniambiental.com.ar\/info\/en-reserva-nacional-cerro-castillo-javiera-contador-y-renata-ruiz-participaran-del-sexto-voluntariado-de-reforestemos-patagonia\/#breadcrumb"},"inLanguage":"es","potentialAction":[{"@type":"ReadAction","target":["https:\/\/patagoniambiental.com.ar\/info\/en-reserva-nacional-cerro-castillo-javiera-contador-y-renata-ruiz-participaran-del-sexto-voluntariado-de-reforestemos-patagonia\/"]}]},{"@type":"ImageObject","inLanguage":"es","@id":"https:\/\/patagoniambiental.com.ar\/info\/en-reserva-nacional-cerro-castillo-javiera-contador-y-renata-ruiz-participaran-del-sexto-voluntariado-de-reforestemos-patagonia\/#primaryimage","url":"https:\/\/patagoniambiental.com.ar\/info\/wp-content\/uploads\/2017\/04\/errttr.jpg","contentUrl":"https:\/\/patagoniambiental.com.ar\/info\/wp-content\/uploads\/2017\/04\/errttr.jpg","width":492,"height":232},{"@type":"BreadcrumbList","@id":"https:\/\/patagoniambiental.com.ar\/info\/en-reserva-nacional-cerro-castillo-javiera-contador-y-renata-ruiz-participaran-del-sexto-voluntariado-de-reforestemos-patagonia\/#breadcrumb","itemListElement":[{"@type":"ListItem","position":1,"name":"Inicio","item":"https:\/\/patagoniambiental.com.ar\/info\/"},{"@type":"ListItem","position":2,"name":"En Reserva Nacional Cerro Castillo: Javiera Contador y Renata Ruiz participar\u00e1n del sexto voluntariado de Reforestemos Patagonia"}]},{"@type":"WebSite","@id":"https:\/\/patagoniambiental.com.ar\/info\/#website","url":"https:\/\/patagoniambiental.com.ar\/info\/","name":"Patagonia Ambiental","description":"Monitoreo y an\u00e1lisis de la situaci\u00f3n geopol\u00edtica en el mundo y su implicancia en la Patagonia","publisher":{"@id":"https:\/\/patagoniambiental.com.ar\/info\/#organization"},"potentialAction":[{"@type":"SearchAction","target":{"@type":"EntryPoint","urlTemplate":"https:\/\/patagoniambiental.com.ar\/info\/?s={search_term_string}"},"query-input":{"@type":"PropertyValueSpecification","valueRequired":true,"valueName":"search_term_string"}}],"inLanguage":"es"},{"@type":"Organization","@id":"https:\/\/patagoniambiental.com.ar\/info\/#organization","name":"Patagonia Ambiental","url":"https:\/\/patagoniambiental.com.ar\/info\/","logo":{"@type":"ImageObject","inLanguage":"es","@id":"https:\/\/patagoniambiental.com.ar\/info\/#\/schema\/logo\/image\/","url":"https:\/\/patagoniambiental.com.ar\/info\/wp-content\/uploads\/2025\/05\/LOGO-PATAGONIA-AMBIENTAL.png","contentUrl":"https:\/\/patagoniambiental.com.ar\/info\/wp-content\/uploads\/2025\/05\/LOGO-PATAGONIA-AMBIENTAL.png","width":433,"height":250,"caption":"Patagonia Ambiental"},"image":{"@id":"https:\/\/patagoniambiental.com.ar\/info\/#\/schema\/logo\/image\/"},"sameAs":["https:\/\/www.facebook.com\/patagonia.ambiental","https:\/\/x.com\/PatAmb"]},{"@type":"Person","@id":"https:\/\/patagoniambiental.com.ar\/info\/#\/schema\/person\/db12bff64bbcbf6a253710bf0ea37b5d","name":"Patagonia Ambiental","description":"Andr\u00e9s Nievas T\u00e9cnico en manejo ambiental, consultor Ambiental y escritor para medios locales e internacionales sobre temas de geopolitica y medio ambiente.","sameAs":["http:\/\/www.patagoniambiental.com.ar","https:\/\/www.facebook.com\/share\/1C1V8Gv9BX\/?mibextid=qi2Omg","@patagoniambiental","https:\/\/youtube.com\/@patagoniaambiental2023?si=BLt58t0wuXquxlYZ"]}]}},"_links":{"self":[{"href":"https:\/\/patagoniambiental.com.ar\/info\/wp-json\/wp\/v2\/posts\/27692","targetHints":{"allow":["GET"]}}],"collection":[{"href":"https:\/\/patagoniambiental.com.ar\/info\/wp-json\/wp\/v2\/posts"}],"about":[{"href":"https:\/\/patagoniambiental.com.ar\/info\/wp-json\/wp\/v2\/types\/post"}],"author":[{"embeddable":true,"href":"https:\/\/patagoniambiental.com.ar\/info\/wp-json\/wp\/v2\/users\/2"}],"replies":[{"embeddable":true,"href":"https:\/\/patagoniambiental.com.ar\/info\/wp-json\/wp\/v2\/comments?post=27692"}],"version-history":[{"count":0,"href":"https:\/\/patagoniambiental.com.ar\/info\/wp-json\/wp\/v2\/posts\/27692\/revisions"}],"wp:featuredmedia":[{"embeddable":true,"href":"https:\/\/patagoniambiental.com.ar\/info\/wp-json\/wp\/v2\/media\/27693"}],"wp:attachment":[{"href":"https:\/\/patagoniambiental.com.ar\/info\/wp-json\/wp\/v2\/media?parent=27692"}],"wp:term":[{"taxonomy":"category","embeddable":true,"href":"https:\/\/patagoniambiental.com.ar\/info\/wp-json\/wp\/v2\/categories?post=27692"},{"taxonomy":"post_tag","embeddable":true,"href":"https:\/\/patagoniambiental.com.ar\/info\/wp-json\/wp\/v2\/tags?post=27692"}],"curies":[{"name":"wp","href":"https:\/\/api.w.org\/{rel}","templated":true}]}}