{"id":27704,"date":"2017-04-18T19:00:41","date_gmt":"2017-04-18T22:00:41","guid":{"rendered":"http:\/\/patagoniambiental.com.ar\/info\/?p=27704"},"modified":"2017-04-18T11:17:14","modified_gmt":"2017-04-18T14:17:14","slug":"catastro-de-violencia-en-la-araucania-la-region-sufrio-este-ano-su-peor-marzo-desde-1990","status":"publish","type":"post","link":"https:\/\/patagoniambiental.com.ar\/info\/catastro-de-violencia-en-la-araucania-la-region-sufrio-este-ano-su-peor-marzo-desde-1990\/","title":{"rendered":"Catastro de violencia en La Araucan\u00eda: La regi\u00f3n sufri\u00f3 este a\u00f1o su peor marzo desde 1990"},"content":{"rendered":"<p>La Araucan\u00eda.-El mes pasado ocurrieron siete atentados incendiarios en la zona, en los que se destruyeron total o parcialmente 48 veh\u00edculos e inmuebles.<!--more--><\/p>\n<div class=\"col col-66\">\n<div class=\"col-inner\">\n<div class=\"inner\">\n<div class=\"single-content content\">\n<p>El 12 de marzo, la <strong>Coordinadora Arauco Malleco (CAM)<\/strong> llev\u00f3 a cabo un ataque incendiario que pasar\u00e1 a la historia como uno de los m\u00e1s destructivos de los \u00faltimos 27 a\u00f1os en La Araucan\u00eda.<\/p>\n<p>Esa madrugada, al interior de la empresa de transportes Cavalieri ubicada en la ruta que une Temuco y Lautaro, un grupo de mapuches encapuchados quem\u00f3 19 camiones, nueve rampas y un galp\u00f3n. \u201cEsta acci\u00f3n se enmarca en el justo proceso de lucha por el territorio y la autonom\u00eda de nuestro Pueblo Naci\u00f3n\u201d, se\u00f1al\u00f3 el grupo a trav\u00e9s de un comunicado.<\/p>\n<p>Reci\u00e9n 19 d\u00edas m\u00e1s tarde, el gobierno decidi\u00f3 aplicar la Ley de Seguridad Interior del Estado contra los miembros de la CAM, agrupaci\u00f3n creada en 1998, que fue desarticulada parcialmente en 2002, y que ha tenido una suerte de <em>revival<\/em> en sus actos violentistas en los \u00faltimos meses.<\/p>\n<p>De hecho, fue tal la magnitud del da\u00f1o causado por ese \u00faltimo ataque incendiario, que <strong>La Araucan\u00eda sufri\u00f3 su peor marzo desde 1990<\/strong>, seg\u00fan el catastro de violencia en la zona que realiza Libertad y Desarrollo (LyD) desde ese a\u00f1o.<\/p>\n<p>El mes pasado ocurrieron siete atentados incendiarios en la regi\u00f3n atribuidos a la causa mapuche, en los que se destruyeron total o parcialmente 48 veh\u00edculos e inmuebles (26 camiones, siete acoplados, tres galpones, dos casas, cinco m\u00e1quinas forestales, un tractor, tres oficinas y un cargador frontal).<\/p>\n<p>La cifra es particularmente alta si se considera que en marzo de 2016 ocurrieron seis ataques incendiarios, pero con s\u00f3lo 11 veh\u00edculos o inmuebles destruidos.<\/p>\n<p><img fetchpriority=\"high\" decoding=\"async\" class=\"alignleft size-full wp-image-58793 img-loaded\" src=\"http:\/\/ellibero.cl\/wp-content\/uploads\/2017\/04\/DSC_3070-e1491847975402-300x195.jpg\" alt=\"DSC_3070-e1491847975402-300x195\" width=\"300\" height=\"195\" \/>\u201cLos episodios de violencia en La Araucan\u00eda son cada vez m\u00e1s intensos. No necesariamente m\u00e1s frecuentes, pero s\u00ed m\u00e1s da\u00f1inos\u201d, se\u00f1ala <strong>Antonia Vinagre <\/strong>(en la foto), investigadora del programa Sociedad y Pol\u00edtica de LyD.<\/p>\n<p>\u00bfLa raz\u00f3n? A juicio de la experta, gran parte de la responsabilidad es de las autoridades.<\/p>\n<p>\u201cLa situaci\u00f3n en La Araucan\u00eda se torna cada vez m\u00e1s cr\u00edtica y no existe espacio de duda respecto de la naturaleza terrorista de las acciones perpetradas por organizaciones como la Coordinadora Arauco Malleco (CAM). La indefinici\u00f3n de la autoridad respecto de considerarlas o no acciones de car\u00e1cter terrorista, ha dado espacio para la impunidad y la escalada de violencia que s\u00f3lo repercute en deprimir a\u00fan m\u00e1s las condiciones para la vigencia de la paz social y del Estado de Derecho en la regi\u00f3n\u201d, sostiene.<\/p>\n<\/div>\n<\/div>\n<\/div>\n<\/div>\n<div class=\"col col-33 col-to-100\">\n<div class=\"col-inner\">\n<aside class=\"ocultar-sidebar-mobile\">\n<div class=\"aside-cols\">\n<div class=\"aside-col\">\n<div class=\"aside-col-inner banner-actualidad\">\n<section class=\"section-cientocuarenta section-blue interior\">\n<div id=\"scroll-2\" class=\"scroll iscroll-loaded\">\n<div class=\"section-articles cc-barra\">\n<article class=\"article-tiny article-loaded\">\n<div class=\"article-avatar\"><\/div>\n<div class=\"article-body\"><\/div>\n<\/article>\n<article class=\"article-tiny article-loaded\">\n<div class=\"article-avatar\"><\/div>\n<\/article>\n<\/div>\n<\/div>\n<\/section>\n<\/div>\n<\/div>\n<\/div>\n<\/aside>\n<\/div>\n<\/div>\n<div class=\"clear\">\u00a0Fuente: http:\/\/ellibero.cl\/actualidad\/catastro-de-violencia-en-la-araucania-la-region-sufrio-este-ano-su-peor-marzo-desde-1990\/<\/div>\n<div class=\"col col-66 section-noticias-relacionadas-single\"><\/div>\n","protected":false},"excerpt":{"rendered":"<p>La Araucan\u00eda.-El mes pasado ocurrieron siete atentados incendiarios en la zona, en los que se destruyeron total o parcialmente 48 [&hellip;]<\/p>\n","protected":false},"author":2,"featured_media":27705,"comment_status":"open","ping_status":"open","sticky":false,"template":"","format":"standard","meta":{"site-sidebar-layout":"default","site-content-layout":"","ast-site-content-layout":"default","site-content-style":"default","site-sidebar-style":"default","ast-global-header-display":"","ast-banner-title-visibility":"","ast-main-header-display":"","ast-hfb-above-header-display":"","ast-hfb-below-header-display":"","ast-hfb-mobile-header-display":"","site-post-title":"","ast-breadcrumbs-content":"","ast-featured-img":"","footer-sml-layout":"","ast-disable-related-posts":"","theme-transparent-header-meta":"","adv-header-id-meta":"","stick-header-meta":"","header-above-stick-meta":"","header-main-stick-meta":"","header-below-stick-meta":"","astra-migrate-meta-layouts":"default","ast-page-background-enabled":"default","ast-page-background-meta":{"desktop":{"background-color":"var(--ast-global-color-5)","background-image":"","background-repeat":"repeat","background-position":"center center","background-size":"auto","background-attachment":"scroll","background-type":"","background-media":"","overlay-type":"","overlay-color":"","overlay-opacity":"","overlay-gradient":""},"tablet":{"background-color":"","background-image":"","background-repeat":"repeat","background-position":"center center","background-size":"auto","background-attachment":"scroll","background-type":"","background-media":"","overlay-type":"","overlay-color":"","overlay-opacity":"","overlay-gradient":""},"mobile":{"background-color":"","background-image":"","background-repeat":"repeat","background-position":"center center","background-size":"auto","background-attachment":"scroll","background-type":"","background-media":"","overlay-type":"","overlay-color":"","overlay-opacity":"","overlay-gradient":""}},"ast-content-background-meta":{"desktop":{"background-color":"var(--ast-global-color-4)","background-image":"","background-repeat":"repeat","background-position":"center center","background-size":"auto","background-attachment":"scroll","background-type":"","background-media":"","overlay-type":"","overlay-color":"","overlay-opacity":"","overlay-gradient":""},"tablet":{"background-color":"var(--ast-global-color-4)","background-image":"","background-repeat":"repeat","background-position":"center center","background-size":"auto","background-attachment":"scroll","background-type":"","background-media":"","overlay-type":"","overlay-color":"","overlay-opacity":"","overlay-gradient":""},"mobile":{"background-color":"var(--ast-global-color-4)","background-image":"","background-repeat":"repeat","background-position":"center center","background-size":"auto","background-attachment":"scroll","background-type":"","background-media":"","overlay-type":"","overlay-color":"","overlay-opacity":"","overlay-gradient":""}},"footnotes":""},"categories":[23,1],"tags":[],"class_list":["post-27704","post","type-post","status-publish","format-standard","has-post-thumbnail","hentry","category-internacionales","category-noticias"],"yoast_head":"<!-- This site is optimized with the Yoast SEO Premium plugin v23.0 (Yoast SEO v27.4) - https:\/\/yoast.com\/product\/yoast-seo-premium-wordpress\/ -->\n<title>Catastro de violencia en La Araucan\u00eda: La regi\u00f3n sufri\u00f3 este a\u00f1o su peor marzo desde 1990<\/title>\n<meta name=\"robots\" content=\"index, follow, max-snippet:-1, max-image-preview:large, max-video-preview:-1\" \/>\n<link rel=\"canonical\" href=\"https:\/\/patagoniambiental.com.ar\/info\/catastro-de-violencia-en-la-araucania-la-region-sufrio-este-ano-su-peor-marzo-desde-1990\/\" \/>\n<meta property=\"og:locale\" content=\"es_ES\" \/>\n<meta property=\"og:type\" content=\"article\" \/>\n<meta property=\"og:title\" content=\"Catastro de violencia en La Araucan\u00eda: La regi\u00f3n sufri\u00f3 este a\u00f1o su peor marzo desde 1990\" \/>\n<meta property=\"og:description\" content=\"La Araucan\u00eda.-El mes pasado ocurrieron siete atentados incendiarios en la zona, en los que se destruyeron total o parcialmente 48 [&hellip;]\" \/>\n<meta property=\"og:url\" content=\"https:\/\/patagoniambiental.com.ar\/info\/catastro-de-violencia-en-la-araucania-la-region-sufrio-este-ano-su-peor-marzo-desde-1990\/\" \/>\n<meta property=\"og:site_name\" content=\"Patagonia Ambiental\" \/>\n<meta property=\"article:publisher\" content=\"https:\/\/www.facebook.com\/patagonia.ambiental\" \/>\n<meta property=\"article:author\" content=\"https:\/\/www.facebook.com\/share\/1C1V8Gv9BX\/?mibextid=qi2Omg\" \/>\n<meta property=\"article:published_time\" content=\"2017-04-18T22:00:41+00:00\" \/>\n<meta property=\"og:image\" content=\"https:\/\/patagoniambiental.com.ar\/info\/wp-content\/uploads\/2017\/04\/camiones0313-645x400.jpg\" \/>\n\t<meta property=\"og:image:width\" content=\"645\" \/>\n\t<meta property=\"og:image:height\" content=\"400\" \/>\n\t<meta property=\"og:image:type\" content=\"image\/jpeg\" \/>\n<meta name=\"author\" content=\"Patagonia Ambiental\" \/>\n<meta name=\"twitter:card\" content=\"summary_large_image\" \/>\n<meta name=\"twitter:creator\" content=\"@PatAmb\" \/>\n<meta name=\"twitter:site\" content=\"@PatAmb\" \/>\n<script type=\"application\/ld+json\" class=\"yoast-schema-graph\">{\"@context\":\"https:\\\/\\\/schema.org\",\"@graph\":[{\"@type\":\"Article\",\"@id\":\"https:\\\/\\\/patagoniambiental.com.ar\\\/info\\\/catastro-de-violencia-en-la-araucania-la-region-sufrio-este-ano-su-peor-marzo-desde-1990\\\/#article\",\"isPartOf\":{\"@id\":\"https:\\\/\\\/patagoniambiental.com.ar\\\/info\\\/catastro-de-violencia-en-la-araucania-la-region-sufrio-este-ano-su-peor-marzo-desde-1990\\\/\"},\"author\":{\"name\":\"Patagonia Ambiental\",\"@id\":\"https:\\\/\\\/patagoniambiental.com.ar\\\/info\\\/#\\\/schema\\\/person\\\/db12bff64bbcbf6a253710bf0ea37b5d\"},\"headline\":\"Catastro de violencia en La Araucan\u00eda: La regi\u00f3n sufri\u00f3 este a\u00f1o su peor marzo desde 1990\",\"datePublished\":\"2017-04-18T22:00:41+00:00\",\"mainEntityOfPage\":{\"@id\":\"https:\\\/\\\/patagoniambiental.com.ar\\\/info\\\/catastro-de-violencia-en-la-araucania-la-region-sufrio-este-ano-su-peor-marzo-desde-1990\\\/\"},\"wordCount\":465,\"commentCount\":0,\"publisher\":{\"@id\":\"https:\\\/\\\/patagoniambiental.com.ar\\\/info\\\/#organization\"},\"image\":{\"@id\":\"https:\\\/\\\/patagoniambiental.com.ar\\\/info\\\/catastro-de-violencia-en-la-araucania-la-region-sufrio-este-ano-su-peor-marzo-desde-1990\\\/#primaryimage\"},\"thumbnailUrl\":\"https:\\\/\\\/patagoniambiental.com.ar\\\/info\\\/wp-content\\\/uploads\\\/2017\\\/04\\\/camiones0313-645x400.jpg\",\"articleSection\":[\"Internacionales\",\"Noticias\"],\"inLanguage\":\"es\",\"potentialAction\":[{\"@type\":\"CommentAction\",\"name\":\"Comment\",\"target\":[\"https:\\\/\\\/patagoniambiental.com.ar\\\/info\\\/catastro-de-violencia-en-la-araucania-la-region-sufrio-este-ano-su-peor-marzo-desde-1990\\\/#respond\"]}]},{\"@type\":\"WebPage\",\"@id\":\"https:\\\/\\\/patagoniambiental.com.ar\\\/info\\\/catastro-de-violencia-en-la-araucania-la-region-sufrio-este-ano-su-peor-marzo-desde-1990\\\/\",\"url\":\"https:\\\/\\\/patagoniambiental.com.ar\\\/info\\\/catastro-de-violencia-en-la-araucania-la-region-sufrio-este-ano-su-peor-marzo-desde-1990\\\/\",\"name\":\"Catastro de violencia en La Araucan\u00eda: La regi\u00f3n sufri\u00f3 este a\u00f1o su peor marzo desde 1990\",\"isPartOf\":{\"@id\":\"https:\\\/\\\/patagoniambiental.com.ar\\\/info\\\/#website\"},\"primaryImageOfPage\":{\"@id\":\"https:\\\/\\\/patagoniambiental.com.ar\\\/info\\\/catastro-de-violencia-en-la-araucania-la-region-sufrio-este-ano-su-peor-marzo-desde-1990\\\/#primaryimage\"},\"image\":{\"@id\":\"https:\\\/\\\/patagoniambiental.com.ar\\\/info\\\/catastro-de-violencia-en-la-araucania-la-region-sufrio-este-ano-su-peor-marzo-desde-1990\\\/#primaryimage\"},\"thumbnailUrl\":\"https:\\\/\\\/patagoniambiental.com.ar\\\/info\\\/wp-content\\\/uploads\\\/2017\\\/04\\\/camiones0313-645x400.jpg\",\"datePublished\":\"2017-04-18T22:00:41+00:00\",\"breadcrumb\":{\"@id\":\"https:\\\/\\\/patagoniambiental.com.ar\\\/info\\\/catastro-de-violencia-en-la-araucania-la-region-sufrio-este-ano-su-peor-marzo-desde-1990\\\/#breadcrumb\"},\"inLanguage\":\"es\",\"potentialAction\":[{\"@type\":\"ReadAction\",\"target\":[\"https:\\\/\\\/patagoniambiental.com.ar\\\/info\\\/catastro-de-violencia-en-la-araucania-la-region-sufrio-este-ano-su-peor-marzo-desde-1990\\\/\"]}]},{\"@type\":\"ImageObject\",\"inLanguage\":\"es\",\"@id\":\"https:\\\/\\\/patagoniambiental.com.ar\\\/info\\\/catastro-de-violencia-en-la-araucania-la-region-sufrio-este-ano-su-peor-marzo-desde-1990\\\/#primaryimage\",\"url\":\"https:\\\/\\\/patagoniambiental.com.ar\\\/info\\\/wp-content\\\/uploads\\\/2017\\\/04\\\/camiones0313-645x400.jpg\",\"contentUrl\":\"https:\\\/\\\/patagoniambiental.com.ar\\\/info\\\/wp-content\\\/uploads\\\/2017\\\/04\\\/camiones0313-645x400.jpg\",\"width\":645,\"height\":400},{\"@type\":\"BreadcrumbList\",\"@id\":\"https:\\\/\\\/patagoniambiental.com.ar\\\/info\\\/catastro-de-violencia-en-la-araucania-la-region-sufrio-este-ano-su-peor-marzo-desde-1990\\\/#breadcrumb\",\"itemListElement\":[{\"@type\":\"ListItem\",\"position\":1,\"name\":\"Inicio\",\"item\":\"https:\\\/\\\/patagoniambiental.com.ar\\\/info\\\/\"},{\"@type\":\"ListItem\",\"position\":2,\"name\":\"Catastro de violencia en La Araucan\u00eda: La regi\u00f3n sufri\u00f3 este a\u00f1o su peor marzo desde 1990\"}]},{\"@type\":\"WebSite\",\"@id\":\"https:\\\/\\\/patagoniambiental.com.ar\\\/info\\\/#website\",\"url\":\"https:\\\/\\\/patagoniambiental.com.ar\\\/info\\\/\",\"name\":\"Patagonia Ambiental\",\"description\":\"Monitoreo y an\u00e1lisis de la situaci\u00f3n geopol\u00edtica en el mundo y su implicancia en la Patagonia\",\"publisher\":{\"@id\":\"https:\\\/\\\/patagoniambiental.com.ar\\\/info\\\/#organization\"},\"potentialAction\":[{\"@type\":\"SearchAction\",\"target\":{\"@type\":\"EntryPoint\",\"urlTemplate\":\"https:\\\/\\\/patagoniambiental.com.ar\\\/info\\\/?s={search_term_string}\"},\"query-input\":{\"@type\":\"PropertyValueSpecification\",\"valueRequired\":true,\"valueName\":\"search_term_string\"}}],\"inLanguage\":\"es\"},{\"@type\":\"Organization\",\"@id\":\"https:\\\/\\\/patagoniambiental.com.ar\\\/info\\\/#organization\",\"name\":\"Patagonia Ambiental\",\"url\":\"https:\\\/\\\/patagoniambiental.com.ar\\\/info\\\/\",\"logo\":{\"@type\":\"ImageObject\",\"inLanguage\":\"es\",\"@id\":\"https:\\\/\\\/patagoniambiental.com.ar\\\/info\\\/#\\\/schema\\\/logo\\\/image\\\/\",\"url\":\"https:\\\/\\\/patagoniambiental.com.ar\\\/info\\\/wp-content\\\/uploads\\\/2025\\\/05\\\/LOGO-PATAGONIA-AMBIENTAL.png\",\"contentUrl\":\"https:\\\/\\\/patagoniambiental.com.ar\\\/info\\\/wp-content\\\/uploads\\\/2025\\\/05\\\/LOGO-PATAGONIA-AMBIENTAL.png\",\"width\":433,\"height\":250,\"caption\":\"Patagonia Ambiental\"},\"image\":{\"@id\":\"https:\\\/\\\/patagoniambiental.com.ar\\\/info\\\/#\\\/schema\\\/logo\\\/image\\\/\"},\"sameAs\":[\"https:\\\/\\\/www.facebook.com\\\/patagonia.ambiental\",\"https:\\\/\\\/x.com\\\/PatAmb\"]},{\"@type\":\"Person\",\"@id\":\"https:\\\/\\\/patagoniambiental.com.ar\\\/info\\\/#\\\/schema\\\/person\\\/db12bff64bbcbf6a253710bf0ea37b5d\",\"name\":\"Patagonia Ambiental\",\"description\":\"Andr\u00e9s Nievas T\u00e9cnico en manejo ambiental, consultor Ambiental y escritor para medios locales e internacionales sobre temas de geopolitica y medio ambiente.\",\"sameAs\":[\"http:\\\/\\\/www.patagoniambiental.com.ar\",\"https:\\\/\\\/www.facebook.com\\\/share\\\/1C1V8Gv9BX\\\/?mibextid=qi2Omg\",\"@patagoniambiental\",\"https:\\\/\\\/youtube.com\\\/@patagoniaambiental2023?si=BLt58t0wuXquxlYZ\"]}]}<\/script>\n<!-- \/ Yoast SEO Premium plugin. -->","yoast_head_json":{"title":"Catastro de violencia en La Araucan\u00eda: La regi\u00f3n sufri\u00f3 este a\u00f1o su peor marzo desde 1990","robots":{"index":"index","follow":"follow","max-snippet":"max-snippet:-1","max-image-preview":"max-image-preview:large","max-video-preview":"max-video-preview:-1"},"canonical":"https:\/\/patagoniambiental.com.ar\/info\/catastro-de-violencia-en-la-araucania-la-region-sufrio-este-ano-su-peor-marzo-desde-1990\/","og_locale":"es_ES","og_type":"article","og_title":"Catastro de violencia en La Araucan\u00eda: La regi\u00f3n sufri\u00f3 este a\u00f1o su peor marzo desde 1990","og_description":"La Araucan\u00eda.-El mes pasado ocurrieron siete atentados incendiarios en la zona, en los que se destruyeron total o parcialmente 48 [&hellip;]","og_url":"https:\/\/patagoniambiental.com.ar\/info\/catastro-de-violencia-en-la-araucania-la-region-sufrio-este-ano-su-peor-marzo-desde-1990\/","og_site_name":"Patagonia Ambiental","article_publisher":"https:\/\/www.facebook.com\/patagonia.ambiental","article_author":"https:\/\/www.facebook.com\/share\/1C1V8Gv9BX\/?mibextid=qi2Omg","article_published_time":"2017-04-18T22:00:41+00:00","og_image":[{"width":645,"height":400,"url":"https:\/\/patagoniambiental.com.ar\/info\/wp-content\/uploads\/2017\/04\/camiones0313-645x400.jpg","type":"image\/jpeg"}],"author":"Patagonia Ambiental","twitter_card":"summary_large_image","twitter_creator":"@PatAmb","twitter_site":"@PatAmb","schema":{"@context":"https:\/\/schema.org","@graph":[{"@type":"Article","@id":"https:\/\/patagoniambiental.com.ar\/info\/catastro-de-violencia-en-la-araucania-la-region-sufrio-este-ano-su-peor-marzo-desde-1990\/#article","isPartOf":{"@id":"https:\/\/patagoniambiental.com.ar\/info\/catastro-de-violencia-en-la-araucania-la-region-sufrio-este-ano-su-peor-marzo-desde-1990\/"},"author":{"name":"Patagonia Ambiental","@id":"https:\/\/patagoniambiental.com.ar\/info\/#\/schema\/person\/db12bff64bbcbf6a253710bf0ea37b5d"},"headline":"Catastro de violencia en La Araucan\u00eda: La regi\u00f3n sufri\u00f3 este a\u00f1o su peor marzo desde 1990","datePublished":"2017-04-18T22:00:41+00:00","mainEntityOfPage":{"@id":"https:\/\/patagoniambiental.com.ar\/info\/catastro-de-violencia-en-la-araucania-la-region-sufrio-este-ano-su-peor-marzo-desde-1990\/"},"wordCount":465,"commentCount":0,"publisher":{"@id":"https:\/\/patagoniambiental.com.ar\/info\/#organization"},"image":{"@id":"https:\/\/patagoniambiental.com.ar\/info\/catastro-de-violencia-en-la-araucania-la-region-sufrio-este-ano-su-peor-marzo-desde-1990\/#primaryimage"},"thumbnailUrl":"https:\/\/patagoniambiental.com.ar\/info\/wp-content\/uploads\/2017\/04\/camiones0313-645x400.jpg","articleSection":["Internacionales","Noticias"],"inLanguage":"es","potentialAction":[{"@type":"CommentAction","name":"Comment","target":["https:\/\/patagoniambiental.com.ar\/info\/catastro-de-violencia-en-la-araucania-la-region-sufrio-este-ano-su-peor-marzo-desde-1990\/#respond"]}]},{"@type":"WebPage","@id":"https:\/\/patagoniambiental.com.ar\/info\/catastro-de-violencia-en-la-araucania-la-region-sufrio-este-ano-su-peor-marzo-desde-1990\/","url":"https:\/\/patagoniambiental.com.ar\/info\/catastro-de-violencia-en-la-araucania-la-region-sufrio-este-ano-su-peor-marzo-desde-1990\/","name":"Catastro de violencia en La Araucan\u00eda: La regi\u00f3n sufri\u00f3 este a\u00f1o su peor marzo desde 1990","isPartOf":{"@id":"https:\/\/patagoniambiental.com.ar\/info\/#website"},"primaryImageOfPage":{"@id":"https:\/\/patagoniambiental.com.ar\/info\/catastro-de-violencia-en-la-araucania-la-region-sufrio-este-ano-su-peor-marzo-desde-1990\/#primaryimage"},"image":{"@id":"https:\/\/patagoniambiental.com.ar\/info\/catastro-de-violencia-en-la-araucania-la-region-sufrio-este-ano-su-peor-marzo-desde-1990\/#primaryimage"},"thumbnailUrl":"https:\/\/patagoniambiental.com.ar\/info\/wp-content\/uploads\/2017\/04\/camiones0313-645x400.jpg","datePublished":"2017-04-18T22:00:41+00:00","breadcrumb":{"@id":"https:\/\/patagoniambiental.com.ar\/info\/catastro-de-violencia-en-la-araucania-la-region-sufrio-este-ano-su-peor-marzo-desde-1990\/#breadcrumb"},"inLanguage":"es","potentialAction":[{"@type":"ReadAction","target":["https:\/\/patagoniambiental.com.ar\/info\/catastro-de-violencia-en-la-araucania-la-region-sufrio-este-ano-su-peor-marzo-desde-1990\/"]}]},{"@type":"ImageObject","inLanguage":"es","@id":"https:\/\/patagoniambiental.com.ar\/info\/catastro-de-violencia-en-la-araucania-la-region-sufrio-este-ano-su-peor-marzo-desde-1990\/#primaryimage","url":"https:\/\/patagoniambiental.com.ar\/info\/wp-content\/uploads\/2017\/04\/camiones0313-645x400.jpg","contentUrl":"https:\/\/patagoniambiental.com.ar\/info\/wp-content\/uploads\/2017\/04\/camiones0313-645x400.jpg","width":645,"height":400},{"@type":"BreadcrumbList","@id":"https:\/\/patagoniambiental.com.ar\/info\/catastro-de-violencia-en-la-araucania-la-region-sufrio-este-ano-su-peor-marzo-desde-1990\/#breadcrumb","itemListElement":[{"@type":"ListItem","position":1,"name":"Inicio","item":"https:\/\/patagoniambiental.com.ar\/info\/"},{"@type":"ListItem","position":2,"name":"Catastro de violencia en La Araucan\u00eda: La regi\u00f3n sufri\u00f3 este a\u00f1o su peor marzo desde 1990"}]},{"@type":"WebSite","@id":"https:\/\/patagoniambiental.com.ar\/info\/#website","url":"https:\/\/patagoniambiental.com.ar\/info\/","name":"Patagonia Ambiental","description":"Monitoreo y an\u00e1lisis de la situaci\u00f3n geopol\u00edtica en el mundo y su implicancia en la Patagonia","publisher":{"@id":"https:\/\/patagoniambiental.com.ar\/info\/#organization"},"potentialAction":[{"@type":"SearchAction","target":{"@type":"EntryPoint","urlTemplate":"https:\/\/patagoniambiental.com.ar\/info\/?s={search_term_string}"},"query-input":{"@type":"PropertyValueSpecification","valueRequired":true,"valueName":"search_term_string"}}],"inLanguage":"es"},{"@type":"Organization","@id":"https:\/\/patagoniambiental.com.ar\/info\/#organization","name":"Patagonia Ambiental","url":"https:\/\/patagoniambiental.com.ar\/info\/","logo":{"@type":"ImageObject","inLanguage":"es","@id":"https:\/\/patagoniambiental.com.ar\/info\/#\/schema\/logo\/image\/","url":"https:\/\/patagoniambiental.com.ar\/info\/wp-content\/uploads\/2025\/05\/LOGO-PATAGONIA-AMBIENTAL.png","contentUrl":"https:\/\/patagoniambiental.com.ar\/info\/wp-content\/uploads\/2025\/05\/LOGO-PATAGONIA-AMBIENTAL.png","width":433,"height":250,"caption":"Patagonia Ambiental"},"image":{"@id":"https:\/\/patagoniambiental.com.ar\/info\/#\/schema\/logo\/image\/"},"sameAs":["https:\/\/www.facebook.com\/patagonia.ambiental","https:\/\/x.com\/PatAmb"]},{"@type":"Person","@id":"https:\/\/patagoniambiental.com.ar\/info\/#\/schema\/person\/db12bff64bbcbf6a253710bf0ea37b5d","name":"Patagonia Ambiental","description":"Andr\u00e9s Nievas T\u00e9cnico en manejo ambiental, consultor Ambiental y escritor para medios locales e internacionales sobre temas de geopolitica y medio ambiente.","sameAs":["http:\/\/www.patagoniambiental.com.ar","https:\/\/www.facebook.com\/share\/1C1V8Gv9BX\/?mibextid=qi2Omg","@patagoniambiental","https:\/\/youtube.com\/@patagoniaambiental2023?si=BLt58t0wuXquxlYZ"]}]}},"_links":{"self":[{"href":"https:\/\/patagoniambiental.com.ar\/info\/wp-json\/wp\/v2\/posts\/27704","targetHints":{"allow":["GET"]}}],"collection":[{"href":"https:\/\/patagoniambiental.com.ar\/info\/wp-json\/wp\/v2\/posts"}],"about":[{"href":"https:\/\/patagoniambiental.com.ar\/info\/wp-json\/wp\/v2\/types\/post"}],"author":[{"embeddable":true,"href":"https:\/\/patagoniambiental.com.ar\/info\/wp-json\/wp\/v2\/users\/2"}],"replies":[{"embeddable":true,"href":"https:\/\/patagoniambiental.com.ar\/info\/wp-json\/wp\/v2\/comments?post=27704"}],"version-history":[{"count":0,"href":"https:\/\/patagoniambiental.com.ar\/info\/wp-json\/wp\/v2\/posts\/27704\/revisions"}],"wp:featuredmedia":[{"embeddable":true,"href":"https:\/\/patagoniambiental.com.ar\/info\/wp-json\/wp\/v2\/media\/27705"}],"wp:attachment":[{"href":"https:\/\/patagoniambiental.com.ar\/info\/wp-json\/wp\/v2\/media?parent=27704"}],"wp:term":[{"taxonomy":"category","embeddable":true,"href":"https:\/\/patagoniambiental.com.ar\/info\/wp-json\/wp\/v2\/categories?post=27704"},{"taxonomy":"post_tag","embeddable":true,"href":"https:\/\/patagoniambiental.com.ar\/info\/wp-json\/wp\/v2\/tags?post=27704"}],"curies":[{"name":"wp","href":"https:\/\/api.w.org\/{rel}","templated":true}]}}