{"id":27723,"date":"2017-04-19T09:00:22","date_gmt":"2017-04-19T12:00:22","guid":{"rendered":"http:\/\/patagoniambiental.com.ar\/info\/?p=27723"},"modified":"2017-04-18T20:22:13","modified_gmt":"2017-04-18T23:22:13","slug":"energias-renovables-seran-la-fuente-de-energia-mas-barata-del-mundo-en-10-anos","status":"publish","type":"post","link":"https:\/\/patagoniambiental.com.ar\/info\/energias-renovables-seran-la-fuente-de-energia-mas-barata-del-mundo-en-10-anos\/","title":{"rendered":"Energ\u00edas renovables: ser\u00e1n la fuente de energ\u00eda m\u00e1s barata del mundo en 10 a\u00f1os"},"content":{"rendered":"<div class=\"content-txt\">\n<p>En los \u00faltimos tiempos, las mejoras tecnol\u00f3gicas contribuyeron a la puesta en marcha de\u00a0nuevos proyectos renovables. La energ\u00eda solar fotovoltaica y la e\u00f3lica fueron las que se vieron m\u00e1s beneficiadas por una baja de costos que permiti\u00f3 obtener una mayor capacidad &#8216;verde&#8217; pagando menos.<\/p>\n<div id=\"aep-placement-58700fb4cec6170004b4484c\" class=\"aep-ads aep-inline\">\n<div id=\"cronista-inline\">\n<div class=\"adm-header\">\n<p>De esta forma, las inversiones destinadas a financiar instalaciones renovables duplic\u00f3 la que se destin\u00f3 a las de combustibles f\u00f3siles<\/p>\n<\/div>\n<\/div>\n<\/div>\n<p>De hecho, en 2016 se invirti\u00f3 menos en instalaciones de este tipo en todo el mundo que en 2015 (un total de 227.575 millones de euros, lo que supone un descenso del 23%) y, sin embargo, se sum\u00f3 m\u00e1s potencia renovable que cualquier otro a\u00f1o previo de los que se tienen registros (138,5 GW, un 9% m\u00e1s que en 2015), seg\u00fan los datos de un informe elaborado por la ONU, la Frankfurt School of Finance &amp; Management y Bloomberg.<\/p>\n<p>Otro estudio, tambi\u00e9n firmado por la ONU, confirma que esta<strong> &#8216;positiva&#8217; tendencia a la baja de los precios de las energ\u00edas limpias se mantendr\u00e1 durante los pr\u00f3ximos a\u00f1os y que, en apenas una d\u00e9cada, resultar\u00e1 m\u00e1s barato apostar por ellas que por cualquier otro tipo de fuente en todo el mundo.<\/strong><\/p>\n<div class=\"content-banner\"><strong>Enormes diferencias<\/strong><\/div>\n<p>Esto no implica que la &#8216;fiebre verde&#8217; contagie a todo el planeta. En el informe se se\u00f1ala que lo m\u00e1s probable es que los mercados emergentes -como India o la mayor\u00eda de los pa\u00edses de \u00c1frica- , est\u00e9n tan centrados en crecer econ\u00f3micamente que s\u00f3lo tengan como meta abastecer toda su demanda energ\u00e9tica lo m\u00e1s r\u00e1pido posible, sin pararse a pensar dos veces si lo hacen o no con renovables o si sus elecciones en este campo tendr\u00e1n una repercusi\u00f3n negativa en el medio ambiente.<\/p>\n<blockquote><p>La ONU tambi\u00e9n considera que habr\u00e1 bastantes diferencias entre Europa y Australia, volcadas completamente con las fuentes &#8216;limpias&#8217;, y EEUU y Jap\u00f3n, m\u00e1s \u00abreticentes\u00bb.<\/p><\/blockquote>\n<p>En el caso del pa\u00eds nip\u00f3n, el problema principal es el espacio, ya que cuenta con poca superficie para instalar plantas e\u00f3licas o solares y, mucho menos, para albergar las voluminosas centrales hidroel\u00e9ctricas. Adem\u00e1s, se\u00f1ala el estudio, es poco probable que la \u00abtradicional\u00bb industria el\u00e9ctrica japonesa se decida a apoyar un viraje &#8216;verde&#8217; de buenas a primeras.<\/p>\n<p>EE.UU. tambi\u00e9n sufre este \u00faltimo problema, potenciado, a d\u00eda de hoy, por la ideolog\u00eda del partido que ostenta el poder -recordemos que el presidente Donald Trump que, incluso,\u00a0neg\u00f3 el cambio clim\u00e1tico, emprendi\u00f3\u00a0una particular cruzada anti-renovable-.<\/p>\n<p>Por su parte, China , aunque vive una situaci\u00f3n parecida a la de India en cuanto a su creciente econom\u00eda y a su gran poblaci\u00f3n en constante aumento, decidi\u00f3\u00a0marcar la diferencia, apostar por una red energ\u00e9tica m\u00e1s &#8216;limpia&#8217; y alejarse, en la medida de lo posible, de los combustibles f\u00f3siles.<\/p>\n<\/div>\n<div class=\"entry-tag-persons clearfix\">\u00a0Fuente: El Cronista<\/div>\n","protected":false},"excerpt":{"rendered":"<p>En los \u00faltimos tiempos, las mejoras tecnol\u00f3gicas contribuyeron a la puesta en marcha de\u00a0nuevos proyectos renovables. La energ\u00eda solar fotovoltaica [&hellip;]<\/p>\n","protected":false},"author":2,"featured_media":27304,"comment_status":"open","ping_status":"open","sticky":false,"template":"","format":"standard","meta":{"site-sidebar-layout":"default","site-content-layout":"","ast-site-content-layout":"default","site-content-style":"default","site-sidebar-style":"default","ast-global-header-display":"","ast-banner-title-visibility":"","ast-main-header-display":"","ast-hfb-above-header-display":"","ast-hfb-below-header-display":"","ast-hfb-mobile-header-display":"","site-post-title":"","ast-breadcrumbs-content":"","ast-featured-img":"","footer-sml-layout":"","ast-disable-related-posts":"","theme-transparent-header-meta":"","adv-header-id-meta":"","stick-header-meta":"","header-above-stick-meta":"","header-main-stick-meta":"","header-below-stick-meta":"","astra-migrate-meta-layouts":"default","ast-page-background-enabled":"default","ast-page-background-meta":{"desktop":{"background-color":"var(--ast-global-color-5)","background-image":"","background-repeat":"repeat","background-position":"center center","background-size":"auto","background-attachment":"scroll","background-type":"","background-media":"","overlay-type":"","overlay-color":"","overlay-opacity":"","overlay-gradient":""},"tablet":{"background-color":"","background-image":"","background-repeat":"repeat","background-position":"center center","background-size":"auto","background-attachment":"scroll","background-type":"","background-media":"","overlay-type":"","overlay-color":"","overlay-opacity":"","overlay-gradient":""},"mobile":{"background-color":"","background-image":"","background-repeat":"repeat","background-position":"center center","background-size":"auto","background-attachment":"scroll","background-type":"","background-media":"","overlay-type":"","overlay-color":"","overlay-opacity":"","overlay-gradient":""}},"ast-content-background-meta":{"desktop":{"background-color":"var(--ast-global-color-4)","background-image":"","background-repeat":"repeat","background-position":"center center","background-size":"auto","background-attachment":"scroll","background-type":"","background-media":"","overlay-type":"","overlay-color":"","overlay-opacity":"","overlay-gradient":""},"tablet":{"background-color":"var(--ast-global-color-4)","background-image":"","background-repeat":"repeat","background-position":"center center","background-size":"auto","background-attachment":"scroll","background-type":"","background-media":"","overlay-type":"","overlay-color":"","overlay-opacity":"","overlay-gradient":""},"mobile":{"background-color":"var(--ast-global-color-4)","background-image":"","background-repeat":"repeat","background-position":"center center","background-size":"auto","background-attachment":"scroll","background-type":"","background-media":"","overlay-type":"","overlay-color":"","overlay-opacity":"","overlay-gradient":""}},"footnotes":""},"categories":[11,53,1,10],"tags":[],"class_list":["post-27723","post","type-post","status-publish","format-standard","has-post-thumbnail","hentry","category-boletin","category-general","category-noticias","category-rotador"],"yoast_head":"<!-- This site is optimized with the Yoast SEO Premium plugin v23.0 (Yoast SEO v27.5) - https:\/\/yoast.com\/product\/yoast-seo-premium-wordpress\/ -->\n<title>Energ\u00edas renovables: ser\u00e1n la fuente de energ\u00eda m\u00e1s barata del mundo en 10 a\u00f1os<\/title>\n<meta name=\"robots\" content=\"index, follow, max-snippet:-1, max-image-preview:large, max-video-preview:-1\" \/>\n<link rel=\"canonical\" href=\"https:\/\/patagoniambiental.com.ar\/info\/energias-renovables-seran-la-fuente-de-energia-mas-barata-del-mundo-en-10-anos\/\" \/>\n<meta property=\"og:locale\" content=\"es_ES\" \/>\n<meta property=\"og:type\" content=\"article\" \/>\n<meta property=\"og:title\" content=\"Energ\u00edas renovables: ser\u00e1n la fuente de energ\u00eda m\u00e1s barata del mundo en 10 a\u00f1os\" \/>\n<meta property=\"og:description\" content=\"En los \u00faltimos tiempos, las mejoras tecnol\u00f3gicas contribuyeron a la puesta en marcha de\u00a0nuevos proyectos renovables. La energ\u00eda solar fotovoltaica [&hellip;]\" \/>\n<meta property=\"og:url\" content=\"https:\/\/patagoniambiental.com.ar\/info\/energias-renovables-seran-la-fuente-de-energia-mas-barata-del-mundo-en-10-anos\/\" \/>\n<meta property=\"og:site_name\" content=\"Patagonia Ambiental\" \/>\n<meta property=\"article:publisher\" content=\"https:\/\/www.facebook.com\/patagonia.ambiental\" \/>\n<meta property=\"article:author\" content=\"https:\/\/www.facebook.com\/share\/1C1V8Gv9BX\/?mibextid=qi2Omg\" \/>\n<meta property=\"article:published_time\" content=\"2017-04-19T12:00:22+00:00\" \/>\n<meta property=\"og:image\" content=\"https:\/\/patagoniambiental.com.ar\/info\/wp-content\/uploads\/2017\/04\/molinos-y-paneles-solares.jpg\" \/>\n\t<meta property=\"og:image:width\" content=\"829\" \/>\n\t<meta property=\"og:image:height\" content=\"466\" \/>\n\t<meta property=\"og:image:type\" content=\"image\/jpeg\" \/>\n<meta name=\"author\" content=\"Patagonia Ambiental\" \/>\n<meta name=\"twitter:card\" content=\"summary_large_image\" \/>\n<meta name=\"twitter:creator\" content=\"@PatAmb\" \/>\n<meta name=\"twitter:site\" content=\"@PatAmb\" \/>\n<script type=\"application\/ld+json\" class=\"yoast-schema-graph\">{\"@context\":\"https:\\\/\\\/schema.org\",\"@graph\":[{\"@type\":\"Article\",\"@id\":\"https:\\\/\\\/patagoniambiental.com.ar\\\/info\\\/energias-renovables-seran-la-fuente-de-energia-mas-barata-del-mundo-en-10-anos\\\/#article\",\"isPartOf\":{\"@id\":\"https:\\\/\\\/patagoniambiental.com.ar\\\/info\\\/energias-renovables-seran-la-fuente-de-energia-mas-barata-del-mundo-en-10-anos\\\/\"},\"author\":{\"name\":\"Patagonia Ambiental\",\"@id\":\"https:\\\/\\\/patagoniambiental.com.ar\\\/info\\\/#\\\/schema\\\/person\\\/db12bff64bbcbf6a253710bf0ea37b5d\"},\"headline\":\"Energ\u00edas renovables: ser\u00e1n la fuente de energ\u00eda m\u00e1s barata del mundo en 10 a\u00f1os\",\"datePublished\":\"2017-04-19T12:00:22+00:00\",\"mainEntityOfPage\":{\"@id\":\"https:\\\/\\\/patagoniambiental.com.ar\\\/info\\\/energias-renovables-seran-la-fuente-de-energia-mas-barata-del-mundo-en-10-anos\\\/\"},\"wordCount\":511,\"commentCount\":0,\"publisher\":{\"@id\":\"https:\\\/\\\/patagoniambiental.com.ar\\\/info\\\/#organization\"},\"image\":{\"@id\":\"https:\\\/\\\/patagoniambiental.com.ar\\\/info\\\/energias-renovables-seran-la-fuente-de-energia-mas-barata-del-mundo-en-10-anos\\\/#primaryimage\"},\"thumbnailUrl\":\"https:\\\/\\\/patagoniambiental.com.ar\\\/info\\\/wp-content\\\/uploads\\\/2017\\\/04\\\/molinos-y-paneles-solares.jpg\",\"articleSection\":[\"Bolet\u00edn\",\"General\",\"Noticias\",\"Rotador\"],\"inLanguage\":\"es\",\"potentialAction\":[{\"@type\":\"CommentAction\",\"name\":\"Comment\",\"target\":[\"https:\\\/\\\/patagoniambiental.com.ar\\\/info\\\/energias-renovables-seran-la-fuente-de-energia-mas-barata-del-mundo-en-10-anos\\\/#respond\"]}]},{\"@type\":\"WebPage\",\"@id\":\"https:\\\/\\\/patagoniambiental.com.ar\\\/info\\\/energias-renovables-seran-la-fuente-de-energia-mas-barata-del-mundo-en-10-anos\\\/\",\"url\":\"https:\\\/\\\/patagoniambiental.com.ar\\\/info\\\/energias-renovables-seran-la-fuente-de-energia-mas-barata-del-mundo-en-10-anos\\\/\",\"name\":\"Energ\u00edas renovables: ser\u00e1n la fuente de energ\u00eda m\u00e1s barata del mundo en 10 a\u00f1os\",\"isPartOf\":{\"@id\":\"https:\\\/\\\/patagoniambiental.com.ar\\\/info\\\/#website\"},\"primaryImageOfPage\":{\"@id\":\"https:\\\/\\\/patagoniambiental.com.ar\\\/info\\\/energias-renovables-seran-la-fuente-de-energia-mas-barata-del-mundo-en-10-anos\\\/#primaryimage\"},\"image\":{\"@id\":\"https:\\\/\\\/patagoniambiental.com.ar\\\/info\\\/energias-renovables-seran-la-fuente-de-energia-mas-barata-del-mundo-en-10-anos\\\/#primaryimage\"},\"thumbnailUrl\":\"https:\\\/\\\/patagoniambiental.com.ar\\\/info\\\/wp-content\\\/uploads\\\/2017\\\/04\\\/molinos-y-paneles-solares.jpg\",\"datePublished\":\"2017-04-19T12:00:22+00:00\",\"breadcrumb\":{\"@id\":\"https:\\\/\\\/patagoniambiental.com.ar\\\/info\\\/energias-renovables-seran-la-fuente-de-energia-mas-barata-del-mundo-en-10-anos\\\/#breadcrumb\"},\"inLanguage\":\"es\",\"potentialAction\":[{\"@type\":\"ReadAction\",\"target\":[\"https:\\\/\\\/patagoniambiental.com.ar\\\/info\\\/energias-renovables-seran-la-fuente-de-energia-mas-barata-del-mundo-en-10-anos\\\/\"]}]},{\"@type\":\"ImageObject\",\"inLanguage\":\"es\",\"@id\":\"https:\\\/\\\/patagoniambiental.com.ar\\\/info\\\/energias-renovables-seran-la-fuente-de-energia-mas-barata-del-mundo-en-10-anos\\\/#primaryimage\",\"url\":\"https:\\\/\\\/patagoniambiental.com.ar\\\/info\\\/wp-content\\\/uploads\\\/2017\\\/04\\\/molinos-y-paneles-solares.jpg\",\"contentUrl\":\"https:\\\/\\\/patagoniambiental.com.ar\\\/info\\\/wp-content\\\/uploads\\\/2017\\\/04\\\/molinos-y-paneles-solares.jpg\",\"width\":829,\"height\":466},{\"@type\":\"BreadcrumbList\",\"@id\":\"https:\\\/\\\/patagoniambiental.com.ar\\\/info\\\/energias-renovables-seran-la-fuente-de-energia-mas-barata-del-mundo-en-10-anos\\\/#breadcrumb\",\"itemListElement\":[{\"@type\":\"ListItem\",\"position\":1,\"name\":\"Inicio\",\"item\":\"https:\\\/\\\/patagoniambiental.com.ar\\\/info\\\/\"},{\"@type\":\"ListItem\",\"position\":2,\"name\":\"Energ\u00edas renovables: ser\u00e1n la fuente de energ\u00eda m\u00e1s barata del mundo en 10 a\u00f1os\"}]},{\"@type\":\"WebSite\",\"@id\":\"https:\\\/\\\/patagoniambiental.com.ar\\\/info\\\/#website\",\"url\":\"https:\\\/\\\/patagoniambiental.com.ar\\\/info\\\/\",\"name\":\"Patagonia Ambiental\",\"description\":\"Monitoreo y an\u00e1lisis de la situaci\u00f3n geopol\u00edtica en el mundo y su implicancia en la Patagonia\",\"publisher\":{\"@id\":\"https:\\\/\\\/patagoniambiental.com.ar\\\/info\\\/#organization\"},\"potentialAction\":[{\"@type\":\"SearchAction\",\"target\":{\"@type\":\"EntryPoint\",\"urlTemplate\":\"https:\\\/\\\/patagoniambiental.com.ar\\\/info\\\/?s={search_term_string}\"},\"query-input\":{\"@type\":\"PropertyValueSpecification\",\"valueRequired\":true,\"valueName\":\"search_term_string\"}}],\"inLanguage\":\"es\"},{\"@type\":\"Organization\",\"@id\":\"https:\\\/\\\/patagoniambiental.com.ar\\\/info\\\/#organization\",\"name\":\"Patagonia Ambiental\",\"url\":\"https:\\\/\\\/patagoniambiental.com.ar\\\/info\\\/\",\"logo\":{\"@type\":\"ImageObject\",\"inLanguage\":\"es\",\"@id\":\"https:\\\/\\\/patagoniambiental.com.ar\\\/info\\\/#\\\/schema\\\/logo\\\/image\\\/\",\"url\":\"https:\\\/\\\/patagoniambiental.com.ar\\\/info\\\/wp-content\\\/uploads\\\/2025\\\/05\\\/LOGO-PATAGONIA-AMBIENTAL.png\",\"contentUrl\":\"https:\\\/\\\/patagoniambiental.com.ar\\\/info\\\/wp-content\\\/uploads\\\/2025\\\/05\\\/LOGO-PATAGONIA-AMBIENTAL.png\",\"width\":433,\"height\":250,\"caption\":\"Patagonia Ambiental\"},\"image\":{\"@id\":\"https:\\\/\\\/patagoniambiental.com.ar\\\/info\\\/#\\\/schema\\\/logo\\\/image\\\/\"},\"sameAs\":[\"https:\\\/\\\/www.facebook.com\\\/patagonia.ambiental\",\"https:\\\/\\\/x.com\\\/PatAmb\"]},{\"@type\":\"Person\",\"@id\":\"https:\\\/\\\/patagoniambiental.com.ar\\\/info\\\/#\\\/schema\\\/person\\\/db12bff64bbcbf6a253710bf0ea37b5d\",\"name\":\"Patagonia Ambiental\",\"description\":\"Andr\u00e9s Nievas T\u00e9cnico en manejo ambiental, consultor Ambiental y escritor para medios locales e internacionales sobre temas de geopolitica y medio ambiente.\",\"sameAs\":[\"http:\\\/\\\/www.patagoniambiental.com.ar\",\"https:\\\/\\\/www.facebook.com\\\/share\\\/1C1V8Gv9BX\\\/?mibextid=qi2Omg\",\"@patagoniambiental\",\"https:\\\/\\\/youtube.com\\\/@patagoniaambiental2023?si=BLt58t0wuXquxlYZ\"]}]}<\/script>\n<!-- \/ Yoast SEO Premium plugin. -->","yoast_head_json":{"title":"Energ\u00edas renovables: ser\u00e1n la fuente de energ\u00eda m\u00e1s barata del mundo en 10 a\u00f1os","robots":{"index":"index","follow":"follow","max-snippet":"max-snippet:-1","max-image-preview":"max-image-preview:large","max-video-preview":"max-video-preview:-1"},"canonical":"https:\/\/patagoniambiental.com.ar\/info\/energias-renovables-seran-la-fuente-de-energia-mas-barata-del-mundo-en-10-anos\/","og_locale":"es_ES","og_type":"article","og_title":"Energ\u00edas renovables: ser\u00e1n la fuente de energ\u00eda m\u00e1s barata del mundo en 10 a\u00f1os","og_description":"En los \u00faltimos tiempos, las mejoras tecnol\u00f3gicas contribuyeron a la puesta en marcha de\u00a0nuevos proyectos renovables. La energ\u00eda solar fotovoltaica [&hellip;]","og_url":"https:\/\/patagoniambiental.com.ar\/info\/energias-renovables-seran-la-fuente-de-energia-mas-barata-del-mundo-en-10-anos\/","og_site_name":"Patagonia Ambiental","article_publisher":"https:\/\/www.facebook.com\/patagonia.ambiental","article_author":"https:\/\/www.facebook.com\/share\/1C1V8Gv9BX\/?mibextid=qi2Omg","article_published_time":"2017-04-19T12:00:22+00:00","og_image":[{"width":829,"height":466,"url":"https:\/\/patagoniambiental.com.ar\/info\/wp-content\/uploads\/2017\/04\/molinos-y-paneles-solares.jpg","type":"image\/jpeg"}],"author":"Patagonia Ambiental","twitter_card":"summary_large_image","twitter_creator":"@PatAmb","twitter_site":"@PatAmb","schema":{"@context":"https:\/\/schema.org","@graph":[{"@type":"Article","@id":"https:\/\/patagoniambiental.com.ar\/info\/energias-renovables-seran-la-fuente-de-energia-mas-barata-del-mundo-en-10-anos\/#article","isPartOf":{"@id":"https:\/\/patagoniambiental.com.ar\/info\/energias-renovables-seran-la-fuente-de-energia-mas-barata-del-mundo-en-10-anos\/"},"author":{"name":"Patagonia Ambiental","@id":"https:\/\/patagoniambiental.com.ar\/info\/#\/schema\/person\/db12bff64bbcbf6a253710bf0ea37b5d"},"headline":"Energ\u00edas renovables: ser\u00e1n la fuente de energ\u00eda m\u00e1s barata del mundo en 10 a\u00f1os","datePublished":"2017-04-19T12:00:22+00:00","mainEntityOfPage":{"@id":"https:\/\/patagoniambiental.com.ar\/info\/energias-renovables-seran-la-fuente-de-energia-mas-barata-del-mundo-en-10-anos\/"},"wordCount":511,"commentCount":0,"publisher":{"@id":"https:\/\/patagoniambiental.com.ar\/info\/#organization"},"image":{"@id":"https:\/\/patagoniambiental.com.ar\/info\/energias-renovables-seran-la-fuente-de-energia-mas-barata-del-mundo-en-10-anos\/#primaryimage"},"thumbnailUrl":"https:\/\/patagoniambiental.com.ar\/info\/wp-content\/uploads\/2017\/04\/molinos-y-paneles-solares.jpg","articleSection":["Bolet\u00edn","General","Noticias","Rotador"],"inLanguage":"es","potentialAction":[{"@type":"CommentAction","name":"Comment","target":["https:\/\/patagoniambiental.com.ar\/info\/energias-renovables-seran-la-fuente-de-energia-mas-barata-del-mundo-en-10-anos\/#respond"]}]},{"@type":"WebPage","@id":"https:\/\/patagoniambiental.com.ar\/info\/energias-renovables-seran-la-fuente-de-energia-mas-barata-del-mundo-en-10-anos\/","url":"https:\/\/patagoniambiental.com.ar\/info\/energias-renovables-seran-la-fuente-de-energia-mas-barata-del-mundo-en-10-anos\/","name":"Energ\u00edas renovables: ser\u00e1n la fuente de energ\u00eda m\u00e1s barata del mundo en 10 a\u00f1os","isPartOf":{"@id":"https:\/\/patagoniambiental.com.ar\/info\/#website"},"primaryImageOfPage":{"@id":"https:\/\/patagoniambiental.com.ar\/info\/energias-renovables-seran-la-fuente-de-energia-mas-barata-del-mundo-en-10-anos\/#primaryimage"},"image":{"@id":"https:\/\/patagoniambiental.com.ar\/info\/energias-renovables-seran-la-fuente-de-energia-mas-barata-del-mundo-en-10-anos\/#primaryimage"},"thumbnailUrl":"https:\/\/patagoniambiental.com.ar\/info\/wp-content\/uploads\/2017\/04\/molinos-y-paneles-solares.jpg","datePublished":"2017-04-19T12:00:22+00:00","breadcrumb":{"@id":"https:\/\/patagoniambiental.com.ar\/info\/energias-renovables-seran-la-fuente-de-energia-mas-barata-del-mundo-en-10-anos\/#breadcrumb"},"inLanguage":"es","potentialAction":[{"@type":"ReadAction","target":["https:\/\/patagoniambiental.com.ar\/info\/energias-renovables-seran-la-fuente-de-energia-mas-barata-del-mundo-en-10-anos\/"]}]},{"@type":"ImageObject","inLanguage":"es","@id":"https:\/\/patagoniambiental.com.ar\/info\/energias-renovables-seran-la-fuente-de-energia-mas-barata-del-mundo-en-10-anos\/#primaryimage","url":"https:\/\/patagoniambiental.com.ar\/info\/wp-content\/uploads\/2017\/04\/molinos-y-paneles-solares.jpg","contentUrl":"https:\/\/patagoniambiental.com.ar\/info\/wp-content\/uploads\/2017\/04\/molinos-y-paneles-solares.jpg","width":829,"height":466},{"@type":"BreadcrumbList","@id":"https:\/\/patagoniambiental.com.ar\/info\/energias-renovables-seran-la-fuente-de-energia-mas-barata-del-mundo-en-10-anos\/#breadcrumb","itemListElement":[{"@type":"ListItem","position":1,"name":"Inicio","item":"https:\/\/patagoniambiental.com.ar\/info\/"},{"@type":"ListItem","position":2,"name":"Energ\u00edas renovables: ser\u00e1n la fuente de energ\u00eda m\u00e1s barata del mundo en 10 a\u00f1os"}]},{"@type":"WebSite","@id":"https:\/\/patagoniambiental.com.ar\/info\/#website","url":"https:\/\/patagoniambiental.com.ar\/info\/","name":"Patagonia Ambiental","description":"Monitoreo y an\u00e1lisis de la situaci\u00f3n geopol\u00edtica en el mundo y su implicancia en la Patagonia","publisher":{"@id":"https:\/\/patagoniambiental.com.ar\/info\/#organization"},"potentialAction":[{"@type":"SearchAction","target":{"@type":"EntryPoint","urlTemplate":"https:\/\/patagoniambiental.com.ar\/info\/?s={search_term_string}"},"query-input":{"@type":"PropertyValueSpecification","valueRequired":true,"valueName":"search_term_string"}}],"inLanguage":"es"},{"@type":"Organization","@id":"https:\/\/patagoniambiental.com.ar\/info\/#organization","name":"Patagonia Ambiental","url":"https:\/\/patagoniambiental.com.ar\/info\/","logo":{"@type":"ImageObject","inLanguage":"es","@id":"https:\/\/patagoniambiental.com.ar\/info\/#\/schema\/logo\/image\/","url":"https:\/\/patagoniambiental.com.ar\/info\/wp-content\/uploads\/2025\/05\/LOGO-PATAGONIA-AMBIENTAL.png","contentUrl":"https:\/\/patagoniambiental.com.ar\/info\/wp-content\/uploads\/2025\/05\/LOGO-PATAGONIA-AMBIENTAL.png","width":433,"height":250,"caption":"Patagonia Ambiental"},"image":{"@id":"https:\/\/patagoniambiental.com.ar\/info\/#\/schema\/logo\/image\/"},"sameAs":["https:\/\/www.facebook.com\/patagonia.ambiental","https:\/\/x.com\/PatAmb"]},{"@type":"Person","@id":"https:\/\/patagoniambiental.com.ar\/info\/#\/schema\/person\/db12bff64bbcbf6a253710bf0ea37b5d","name":"Patagonia Ambiental","description":"Andr\u00e9s Nievas T\u00e9cnico en manejo ambiental, consultor Ambiental y escritor para medios locales e internacionales sobre temas de geopolitica y medio ambiente.","sameAs":["http:\/\/www.patagoniambiental.com.ar","https:\/\/www.facebook.com\/share\/1C1V8Gv9BX\/?mibextid=qi2Omg","@patagoniambiental","https:\/\/youtube.com\/@patagoniaambiental2023?si=BLt58t0wuXquxlYZ"]}]}},"_links":{"self":[{"href":"https:\/\/patagoniambiental.com.ar\/info\/wp-json\/wp\/v2\/posts\/27723","targetHints":{"allow":["GET"]}}],"collection":[{"href":"https:\/\/patagoniambiental.com.ar\/info\/wp-json\/wp\/v2\/posts"}],"about":[{"href":"https:\/\/patagoniambiental.com.ar\/info\/wp-json\/wp\/v2\/types\/post"}],"author":[{"embeddable":true,"href":"https:\/\/patagoniambiental.com.ar\/info\/wp-json\/wp\/v2\/users\/2"}],"replies":[{"embeddable":true,"href":"https:\/\/patagoniambiental.com.ar\/info\/wp-json\/wp\/v2\/comments?post=27723"}],"version-history":[{"count":0,"href":"https:\/\/patagoniambiental.com.ar\/info\/wp-json\/wp\/v2\/posts\/27723\/revisions"}],"wp:featuredmedia":[{"embeddable":true,"href":"https:\/\/patagoniambiental.com.ar\/info\/wp-json\/wp\/v2\/media\/27304"}],"wp:attachment":[{"href":"https:\/\/patagoniambiental.com.ar\/info\/wp-json\/wp\/v2\/media?parent=27723"}],"wp:term":[{"taxonomy":"category","embeddable":true,"href":"https:\/\/patagoniambiental.com.ar\/info\/wp-json\/wp\/v2\/categories?post=27723"},{"taxonomy":"post_tag","embeddable":true,"href":"https:\/\/patagoniambiental.com.ar\/info\/wp-json\/wp\/v2\/tags?post=27723"}],"curies":[{"name":"wp","href":"https:\/\/api.w.org\/{rel}","templated":true}]}}