{"id":27728,"date":"2017-04-19T09:00:29","date_gmt":"2017-04-19T12:00:29","guid":{"rendered":"http:\/\/patagoniambiental.com.ar\/info\/?p=27728"},"modified":"2017-04-18T20:36:50","modified_gmt":"2017-04-18T23:36:50","slug":"wildpoldsried-el-pueblo-de-la-energia-renovable","status":"publish","type":"post","link":"https:\/\/patagoniambiental.com.ar\/info\/wildpoldsried-el-pueblo-de-la-energia-renovable\/","title":{"rendered":"Wildpoldsried, el pueblo de la energ\u00eda renovable"},"content":{"rendered":"<div>Wildpolsried, un pueblo de la regi\u00f3n alemana de Baviera, se ha convertido en un referente mundial de las energ\u00edas renovables. \u00bfSu maravilla? Ha sabido aplicar una simple idea b\u00e1sica: la transici\u00f3n energ\u00e9tica es un objetivo prioritario, debe implicar a todo el pueblo, y tambi\u00e9n beneficiar a sus habitantes.<\/div>\n<div><\/div>\n<div>La doble apuesta de buscar ese paso a las energ\u00edas verdes logrando una gran implicaci\u00f3n de sus habitantes y, por lo tanto, fomentando la econom\u00eda local caracteriza a este peque\u00f1o gran milagro verde que ha convertido la energ\u00eda alternativa en una fuente de riqueza para el municipio.<\/div>\n<div><\/div>\n<div>En otras palabras, los inversores externos no han sido los impulsores de esta iniciativa, que empez\u00f3 a cobrar fuerza con el inicio de siglo, coincidiendo con la edad dorada de las energ\u00edas verdes en el pa\u00eds, al margen de que ahora Alemania se encuentre en la punta de lanza de los pa\u00edses que m\u00e1s se mueven hacia la tan necesaria sociedad baja en carbono.<\/div>\n<div><\/div>\n<div><b>Un primer impulso<\/b><\/div>\n<div><\/div>\n<div>Antes de la importante reducci\u00f3n de los subsidios que se disfrutaron en el pa\u00eds germano en los a\u00f1os noventa, Wildpolsried supo aprovechar las ayudas de forma que ahora, cuando \u00e9stos est\u00e1n recort\u00e1ndose, su camino andado los convierte en imparables.<\/div>\n<div><\/div>\n<div>A su vez, los productores locales de energ\u00eda solar y e\u00f3lica han disfrutado de precios fijos y acceso prioritario a la red, por lo que se trata de inversiones con apenas riesgo. Un escenario id\u00f3neo para ir a por todas, tal como hizo este municipio b\u00e1varo, un modelo que no deja de suscitar la curiosidad de los expertos, pol\u00edticos, funcionarios y diplom\u00e1ticos. Cada a\u00f1o centenares de visitantes acuden a interesarse por Wildpolsried, el pueblo de las energ\u00edas limpias.<\/div>\n<div><\/div>\n<div><b>Quintuplican la energ\u00eda que necesitan<\/b><\/div>\n<div><\/div>\n<div>\u00bfY, qu\u00e9 se encuentran al llegar? Una poblaci\u00f3n de alrededor de 2.600 residentes, situada al pie de los Alpes b\u00e1varos, donde se las han ingeniado para producir cinco veces m\u00e1s electricidad de la que consumen.<\/div>\n<div><\/div>\n<div>Un excedente que adem\u00e1s no cesa de aumentar gracias a un mix energ\u00e9tico procedente de la e\u00f3lica, la fotovoltaica, geot\u00e9rmica, biomasa y ahorro de energ\u00eda. No en vano, durante las \u00faltimas dos d\u00e9cadas ha estado invirtiendo en infraestructuras como paneles solares, instalaciones de biog\u00e1s, generadores y un sistema hidroel\u00e9ctrico.<\/div>\n<div><\/div>\n<div>Todo comenz\u00f3 cuando el ayuntamiento de la ciudad elabor\u00f3 un documento titulado \u201cWildpoldsried Innovativ richtungsweisend\u201d, en el que se plante\u00f3 la estimulaci\u00f3n del crecimiento de las energ\u00edas verdes mediante la inversi\u00f3n en nuevas instalaciones comunitarias sin endeudarse. Para lograrlo, se apost\u00f3 por materiales de construcci\u00f3n ecol\u00f3gicos, como la madera, la protecci\u00f3n de los recursos h\u00eddricos y el ahorro, una noci\u00f3n que adquiere un gran significado en una comunidad peque\u00f1a en la que se est\u00e1 acostumbrado a gastar poco y hacer mucho.<\/div>\n<div><\/div>\n<div>Es decir, no se gasta en lo que se puede hacer por uno mismo, con lo que los proyectos empezaron a dar sus frutos antes de lo esperado, hasta superar las mejores expectativas con creces. Resultado: se obtuvo energ\u00eda para las necesidades del pueblo y un excedente que tra\u00eda una lluvia de millones de euros cada a\u00f1o.<\/div>\n<div><\/div>\n<div>La meta de la independencia energ\u00e9tica ha quedado sobradamente superada, por lo tanto, convirti\u00e9ndose en un inmejorable ejemplo de la tremenda transformaci\u00f3n energ\u00e9tica que est\u00e1 llevando a cabo el pa\u00eds, conocida como la Energiewende.<\/div>\n<div><b>\u00a0<\/b><\/div>\n<div><b>El ejemplo alem\u00e1n<\/b><\/div>\n<div><\/div>\n<div>Desde hace alrededor de dos d\u00e9cadas, Alemania est\u00e1 a la cabeza como promotor de las energ\u00edas renovables no convencionales (ERNC), principalmente la energ\u00eda solar fotovoltaica, la e\u00f3lica y la biomasa. Fue en diciembre de 1990 cuando se aprob\u00f3 la primera de ley de fomento a las ERNC, obligando a las distribuidoras a comprar este tipo de energ\u00eda. Desde entonces, se ha reforzado la normativa en este sentido.<\/div>\n<div><\/div>\n<div>Destaca la ley aprobada en abril de 2000, Ley de energ\u00edas renovables, y sus sucesivas modificaciones, cuya finalidad es aumentar la participaci\u00f3n de las ERNG en la generaci\u00f3n de electricidad de forma paulatina. Los objetivos son llegar a un 35% en 2020, a un 50% en 2030, a un 65% en 2040 y a un 80% a mitad de siglo.<\/div>\n<div><\/div>\n<div>Por otro lado, el costo extra lo est\u00e1n asumiendo los consumidores con tarifas m\u00e1s altas por la electricidad. De igual manera, las subvenciones sal\u00edan del dinero de los contribuyentes y de las pymes<\/div>\n<div><\/div>\n<div>Aun as\u00ed, es un esfuerzo que, si todo sale seg\u00fan lo previsto, realmente habr\u00e1 valido la pena para el pa\u00eds y tambi\u00e9n como ejemplo a seguir.<\/div>\n<div><\/div>\n<div>Imaginemos un escenario futuro: A\u00f1o 2050. Alemania, ha conseguido producir el 80% de su electricidad con energ\u00edas limpias, adem\u00e1s de haber haber cerrado los \u00faltimos reactores en el 2022, por lo que llevan casi tres d\u00e9cadas sin depender de la energ\u00eda nuclear.<\/div>\n<div><\/div>\n<div>Nada queda de aquellas 17 plantas de energ\u00eda nuclear que hab\u00eda a comienzos de siglo, adem\u00e1s, por lo que se ha acabado con el peligro que suponen estas instalaciones a nivel ambiental y, consecuentemente, tambi\u00e9n se preserva la salud p\u00fablica.<\/div>\n<div><\/div>\n<div>Una transici\u00f3n a un sistema energ\u00e9tico mucho m\u00e1s ecol\u00f3gico, basado en las renovables. En definitiva, si Alemania cumple sus objetivos, el pa\u00eds se convertir\u00e1 en el motor de la energ\u00eda limpia en Europa y buena parte del mundo. Pero la realidad no es tan de color de rosa. A pesar de invertir fuertemente en energ\u00edas renovables, el carb\u00f3n sigue siendo clave para garantizar una energ\u00eda confiable, abundante y barata, con la que paliar la intermitencia del suministro de las energ\u00edas verdes, as\u00ed como el encarecimiento de la tarifa que \u00e9stas suponen.<\/div>\n<div><\/div>\n<div>Por otro lado, el a\u00f1o 2050 es un objetivo demasiado lejano, y llevar a cabo su ambicioso plan es mucho m\u00e1s complicado que convertir un pueblo en un para\u00edso para las renovables, sin que ello reste m\u00e9ritos a Wildpoldsried. Muy al contrario, tanto una como otra iniciativa tienen la gran virtud de apostarlo todo al verde, dejando abierta la puerta a la esperanza en un mundo mejor.<\/div>\n<div><\/div>\n<div>En palabras del vicealcalde, G\u00fcnter M\u00f6gele, \u201cla gente se sorprende de que el Energiewende est\u00e9 sucediendo tan r\u00e1pido\u201d, y de hecho no puede extrapolarse a un proyecto nacional, pero s\u00ed es un ejemplo incre\u00edble del gran potencial que tienen las energ\u00edas verdes cuando los ciudadanos y sus municipios trabajan juntos.<\/div>\n<div><\/div>\n<div>\n<table class=\"contentpaneopen\">\n<tbody>\n<tr>\n<td colspan=\"2\" valign=\"top\">\n<div>Fuente:\u00a0<a href=\"http:\/\/www.ecologiaverde.com\/wildpoldsried-pueblo-la-energia-renovable\/\">http:\/\/www.ecologiaverde.com\/<\/a><\/div>\n<\/td>\n<\/tr>\n<\/tbody>\n<\/table>\n<\/div>\n","protected":false},"excerpt":{"rendered":"<p>Wildpolsried, un pueblo de la regi\u00f3n alemana de Baviera, se ha convertido en un referente mundial de las energ\u00edas renovables. [&hellip;]<\/p>\n","protected":false},"author":2,"featured_media":27729,"comment_status":"open","ping_status":"open","sticky":false,"template":"","format":"standard","meta":{"site-sidebar-layout":"default","site-content-layout":"","ast-site-content-layout":"default","site-content-style":"default","site-sidebar-style":"default","ast-global-header-display":"","ast-banner-title-visibility":"","ast-main-header-display":"","ast-hfb-above-header-display":"","ast-hfb-below-header-display":"","ast-hfb-mobile-header-display":"","site-post-title":"","ast-breadcrumbs-content":"","ast-featured-img":"","footer-sml-layout":"","ast-disable-related-posts":"","theme-transparent-header-meta":"","adv-header-id-meta":"","stick-header-meta":"","header-above-stick-meta":"","header-main-stick-meta":"","header-below-stick-meta":"","astra-migrate-meta-layouts":"default","ast-page-background-enabled":"default","ast-page-background-meta":{"desktop":{"background-color":"var(--ast-global-color-5)","background-image":"","background-repeat":"repeat","background-position":"center center","background-size":"auto","background-attachment":"scroll","background-type":"","background-media":"","overlay-type":"","overlay-color":"","overlay-opacity":"","overlay-gradient":""},"tablet":{"background-color":"","background-image":"","background-repeat":"repeat","background-position":"center center","background-size":"auto","background-attachment":"scroll","background-type":"","background-media":"","overlay-type":"","overlay-color":"","overlay-opacity":"","overlay-gradient":""},"mobile":{"background-color":"","background-image":"","background-repeat":"repeat","background-position":"center center","background-size":"auto","background-attachment":"scroll","background-type":"","background-media":"","overlay-type":"","overlay-color":"","overlay-opacity":"","overlay-gradient":""}},"ast-content-background-meta":{"desktop":{"background-color":"var(--ast-global-color-4)","background-image":"","background-repeat":"repeat","background-position":"center center","background-size":"auto","background-attachment":"scroll","background-type":"","background-media":"","overlay-type":"","overlay-color":"","overlay-opacity":"","overlay-gradient":""},"tablet":{"background-color":"var(--ast-global-color-4)","background-image":"","background-repeat":"repeat","background-position":"center center","background-size":"auto","background-attachment":"scroll","background-type":"","background-media":"","overlay-type":"","overlay-color":"","overlay-opacity":"","overlay-gradient":""},"mobile":{"background-color":"var(--ast-global-color-4)","background-image":"","background-repeat":"repeat","background-position":"center center","background-size":"auto","background-attachment":"scroll","background-type":"","background-media":"","overlay-type":"","overlay-color":"","overlay-opacity":"","overlay-gradient":""}},"footnotes":""},"categories":[11,23,1,10],"tags":[],"class_list":["post-27728","post","type-post","status-publish","format-standard","has-post-thumbnail","hentry","category-boletin","category-internacionales","category-noticias","category-rotador"],"yoast_head":"<!-- This site is optimized with the Yoast SEO Premium plugin v23.0 (Yoast SEO v27.4) - https:\/\/yoast.com\/product\/yoast-seo-premium-wordpress\/ -->\n<title>Wildpoldsried, el pueblo de la energ\u00eda renovable<\/title>\n<meta name=\"robots\" content=\"index, follow, max-snippet:-1, max-image-preview:large, max-video-preview:-1\" \/>\n<link rel=\"canonical\" href=\"https:\/\/patagoniambiental.com.ar\/info\/wildpoldsried-el-pueblo-de-la-energia-renovable\/\" \/>\n<meta property=\"og:locale\" content=\"es_ES\" \/>\n<meta property=\"og:type\" content=\"article\" \/>\n<meta property=\"og:title\" content=\"Wildpoldsried, el pueblo de la energ\u00eda renovable\" \/>\n<meta property=\"og:description\" content=\"Wildpolsried, un pueblo de la regi\u00f3n alemana de Baviera, se ha convertido en un referente mundial de las energ\u00edas renovables. [&hellip;]\" \/>\n<meta property=\"og:url\" content=\"https:\/\/patagoniambiental.com.ar\/info\/wildpoldsried-el-pueblo-de-la-energia-renovable\/\" \/>\n<meta property=\"og:site_name\" content=\"Patagonia Ambiental\" \/>\n<meta property=\"article:publisher\" content=\"https:\/\/www.facebook.com\/patagonia.ambiental\" \/>\n<meta property=\"article:author\" content=\"https:\/\/www.facebook.com\/share\/1C1V8Gv9BX\/?mibextid=qi2Omg\" \/>\n<meta property=\"article:published_time\" content=\"2017-04-19T12:00:29+00:00\" \/>\n<meta property=\"og:image\" content=\"https:\/\/patagoniambiental.com.ar\/info\/wp-content\/uploads\/2017\/04\/Wildpoldsried-pueblo-energias-renovables-3.jpg\" \/>\n\t<meta property=\"og:image:width\" content=\"650\" \/>\n\t<meta property=\"og:image:height\" content=\"351\" \/>\n\t<meta property=\"og:image:type\" content=\"image\/jpeg\" \/>\n<meta name=\"author\" content=\"Patagonia Ambiental\" \/>\n<meta name=\"twitter:card\" content=\"summary_large_image\" \/>\n<meta name=\"twitter:creator\" content=\"@PatAmb\" \/>\n<meta name=\"twitter:site\" content=\"@PatAmb\" \/>\n<script type=\"application\/ld+json\" class=\"yoast-schema-graph\">{\"@context\":\"https:\\\/\\\/schema.org\",\"@graph\":[{\"@type\":\"Article\",\"@id\":\"https:\\\/\\\/patagoniambiental.com.ar\\\/info\\\/wildpoldsried-el-pueblo-de-la-energia-renovable\\\/#article\",\"isPartOf\":{\"@id\":\"https:\\\/\\\/patagoniambiental.com.ar\\\/info\\\/wildpoldsried-el-pueblo-de-la-energia-renovable\\\/\"},\"author\":{\"name\":\"Patagonia Ambiental\",\"@id\":\"https:\\\/\\\/patagoniambiental.com.ar\\\/info\\\/#\\\/schema\\\/person\\\/db12bff64bbcbf6a253710bf0ea37b5d\"},\"headline\":\"Wildpoldsried, el pueblo de la energ\u00eda renovable\",\"datePublished\":\"2017-04-19T12:00:29+00:00\",\"mainEntityOfPage\":{\"@id\":\"https:\\\/\\\/patagoniambiental.com.ar\\\/info\\\/wildpoldsried-el-pueblo-de-la-energia-renovable\\\/\"},\"wordCount\":1118,\"commentCount\":0,\"publisher\":{\"@id\":\"https:\\\/\\\/patagoniambiental.com.ar\\\/info\\\/#organization\"},\"image\":{\"@id\":\"https:\\\/\\\/patagoniambiental.com.ar\\\/info\\\/wildpoldsried-el-pueblo-de-la-energia-renovable\\\/#primaryimage\"},\"thumbnailUrl\":\"https:\\\/\\\/patagoniambiental.com.ar\\\/info\\\/wp-content\\\/uploads\\\/2017\\\/04\\\/Wildpoldsried-pueblo-energias-renovables-3.jpg\",\"articleSection\":[\"Bolet\u00edn\",\"Internacionales\",\"Noticias\",\"Rotador\"],\"inLanguage\":\"es\",\"potentialAction\":[{\"@type\":\"CommentAction\",\"name\":\"Comment\",\"target\":[\"https:\\\/\\\/patagoniambiental.com.ar\\\/info\\\/wildpoldsried-el-pueblo-de-la-energia-renovable\\\/#respond\"]}]},{\"@type\":\"WebPage\",\"@id\":\"https:\\\/\\\/patagoniambiental.com.ar\\\/info\\\/wildpoldsried-el-pueblo-de-la-energia-renovable\\\/\",\"url\":\"https:\\\/\\\/patagoniambiental.com.ar\\\/info\\\/wildpoldsried-el-pueblo-de-la-energia-renovable\\\/\",\"name\":\"Wildpoldsried, el pueblo de la energ\u00eda renovable\",\"isPartOf\":{\"@id\":\"https:\\\/\\\/patagoniambiental.com.ar\\\/info\\\/#website\"},\"primaryImageOfPage\":{\"@id\":\"https:\\\/\\\/patagoniambiental.com.ar\\\/info\\\/wildpoldsried-el-pueblo-de-la-energia-renovable\\\/#primaryimage\"},\"image\":{\"@id\":\"https:\\\/\\\/patagoniambiental.com.ar\\\/info\\\/wildpoldsried-el-pueblo-de-la-energia-renovable\\\/#primaryimage\"},\"thumbnailUrl\":\"https:\\\/\\\/patagoniambiental.com.ar\\\/info\\\/wp-content\\\/uploads\\\/2017\\\/04\\\/Wildpoldsried-pueblo-energias-renovables-3.jpg\",\"datePublished\":\"2017-04-19T12:00:29+00:00\",\"breadcrumb\":{\"@id\":\"https:\\\/\\\/patagoniambiental.com.ar\\\/info\\\/wildpoldsried-el-pueblo-de-la-energia-renovable\\\/#breadcrumb\"},\"inLanguage\":\"es\",\"potentialAction\":[{\"@type\":\"ReadAction\",\"target\":[\"https:\\\/\\\/patagoniambiental.com.ar\\\/info\\\/wildpoldsried-el-pueblo-de-la-energia-renovable\\\/\"]}]},{\"@type\":\"ImageObject\",\"inLanguage\":\"es\",\"@id\":\"https:\\\/\\\/patagoniambiental.com.ar\\\/info\\\/wildpoldsried-el-pueblo-de-la-energia-renovable\\\/#primaryimage\",\"url\":\"https:\\\/\\\/patagoniambiental.com.ar\\\/info\\\/wp-content\\\/uploads\\\/2017\\\/04\\\/Wildpoldsried-pueblo-energias-renovables-3.jpg\",\"contentUrl\":\"https:\\\/\\\/patagoniambiental.com.ar\\\/info\\\/wp-content\\\/uploads\\\/2017\\\/04\\\/Wildpoldsried-pueblo-energias-renovables-3.jpg\",\"width\":650,\"height\":351},{\"@type\":\"BreadcrumbList\",\"@id\":\"https:\\\/\\\/patagoniambiental.com.ar\\\/info\\\/wildpoldsried-el-pueblo-de-la-energia-renovable\\\/#breadcrumb\",\"itemListElement\":[{\"@type\":\"ListItem\",\"position\":1,\"name\":\"Inicio\",\"item\":\"https:\\\/\\\/patagoniambiental.com.ar\\\/info\\\/\"},{\"@type\":\"ListItem\",\"position\":2,\"name\":\"Wildpoldsried, el pueblo de la energ\u00eda renovable\"}]},{\"@type\":\"WebSite\",\"@id\":\"https:\\\/\\\/patagoniambiental.com.ar\\\/info\\\/#website\",\"url\":\"https:\\\/\\\/patagoniambiental.com.ar\\\/info\\\/\",\"name\":\"Patagonia Ambiental\",\"description\":\"Monitoreo y an\u00e1lisis de la situaci\u00f3n geopol\u00edtica en el mundo y su implicancia en la Patagonia\",\"publisher\":{\"@id\":\"https:\\\/\\\/patagoniambiental.com.ar\\\/info\\\/#organization\"},\"potentialAction\":[{\"@type\":\"SearchAction\",\"target\":{\"@type\":\"EntryPoint\",\"urlTemplate\":\"https:\\\/\\\/patagoniambiental.com.ar\\\/info\\\/?s={search_term_string}\"},\"query-input\":{\"@type\":\"PropertyValueSpecification\",\"valueRequired\":true,\"valueName\":\"search_term_string\"}}],\"inLanguage\":\"es\"},{\"@type\":\"Organization\",\"@id\":\"https:\\\/\\\/patagoniambiental.com.ar\\\/info\\\/#organization\",\"name\":\"Patagonia Ambiental\",\"url\":\"https:\\\/\\\/patagoniambiental.com.ar\\\/info\\\/\",\"logo\":{\"@type\":\"ImageObject\",\"inLanguage\":\"es\",\"@id\":\"https:\\\/\\\/patagoniambiental.com.ar\\\/info\\\/#\\\/schema\\\/logo\\\/image\\\/\",\"url\":\"https:\\\/\\\/patagoniambiental.com.ar\\\/info\\\/wp-content\\\/uploads\\\/2025\\\/05\\\/LOGO-PATAGONIA-AMBIENTAL.png\",\"contentUrl\":\"https:\\\/\\\/patagoniambiental.com.ar\\\/info\\\/wp-content\\\/uploads\\\/2025\\\/05\\\/LOGO-PATAGONIA-AMBIENTAL.png\",\"width\":433,\"height\":250,\"caption\":\"Patagonia Ambiental\"},\"image\":{\"@id\":\"https:\\\/\\\/patagoniambiental.com.ar\\\/info\\\/#\\\/schema\\\/logo\\\/image\\\/\"},\"sameAs\":[\"https:\\\/\\\/www.facebook.com\\\/patagonia.ambiental\",\"https:\\\/\\\/x.com\\\/PatAmb\"]},{\"@type\":\"Person\",\"@id\":\"https:\\\/\\\/patagoniambiental.com.ar\\\/info\\\/#\\\/schema\\\/person\\\/db12bff64bbcbf6a253710bf0ea37b5d\",\"name\":\"Patagonia Ambiental\",\"description\":\"Andr\u00e9s Nievas T\u00e9cnico en manejo ambiental, consultor Ambiental y escritor para medios locales e internacionales sobre temas de geopolitica y medio ambiente.\",\"sameAs\":[\"http:\\\/\\\/www.patagoniambiental.com.ar\",\"https:\\\/\\\/www.facebook.com\\\/share\\\/1C1V8Gv9BX\\\/?mibextid=qi2Omg\",\"@patagoniambiental\",\"https:\\\/\\\/youtube.com\\\/@patagoniaambiental2023?si=BLt58t0wuXquxlYZ\"]}]}<\/script>\n<!-- \/ Yoast SEO Premium plugin. -->","yoast_head_json":{"title":"Wildpoldsried, el pueblo de la energ\u00eda renovable","robots":{"index":"index","follow":"follow","max-snippet":"max-snippet:-1","max-image-preview":"max-image-preview:large","max-video-preview":"max-video-preview:-1"},"canonical":"https:\/\/patagoniambiental.com.ar\/info\/wildpoldsried-el-pueblo-de-la-energia-renovable\/","og_locale":"es_ES","og_type":"article","og_title":"Wildpoldsried, el pueblo de la energ\u00eda renovable","og_description":"Wildpolsried, un pueblo de la regi\u00f3n alemana de Baviera, se ha convertido en un referente mundial de las energ\u00edas renovables. [&hellip;]","og_url":"https:\/\/patagoniambiental.com.ar\/info\/wildpoldsried-el-pueblo-de-la-energia-renovable\/","og_site_name":"Patagonia Ambiental","article_publisher":"https:\/\/www.facebook.com\/patagonia.ambiental","article_author":"https:\/\/www.facebook.com\/share\/1C1V8Gv9BX\/?mibextid=qi2Omg","article_published_time":"2017-04-19T12:00:29+00:00","og_image":[{"width":650,"height":351,"url":"https:\/\/patagoniambiental.com.ar\/info\/wp-content\/uploads\/2017\/04\/Wildpoldsried-pueblo-energias-renovables-3.jpg","type":"image\/jpeg"}],"author":"Patagonia Ambiental","twitter_card":"summary_large_image","twitter_creator":"@PatAmb","twitter_site":"@PatAmb","schema":{"@context":"https:\/\/schema.org","@graph":[{"@type":"Article","@id":"https:\/\/patagoniambiental.com.ar\/info\/wildpoldsried-el-pueblo-de-la-energia-renovable\/#article","isPartOf":{"@id":"https:\/\/patagoniambiental.com.ar\/info\/wildpoldsried-el-pueblo-de-la-energia-renovable\/"},"author":{"name":"Patagonia Ambiental","@id":"https:\/\/patagoniambiental.com.ar\/info\/#\/schema\/person\/db12bff64bbcbf6a253710bf0ea37b5d"},"headline":"Wildpoldsried, el pueblo de la energ\u00eda renovable","datePublished":"2017-04-19T12:00:29+00:00","mainEntityOfPage":{"@id":"https:\/\/patagoniambiental.com.ar\/info\/wildpoldsried-el-pueblo-de-la-energia-renovable\/"},"wordCount":1118,"commentCount":0,"publisher":{"@id":"https:\/\/patagoniambiental.com.ar\/info\/#organization"},"image":{"@id":"https:\/\/patagoniambiental.com.ar\/info\/wildpoldsried-el-pueblo-de-la-energia-renovable\/#primaryimage"},"thumbnailUrl":"https:\/\/patagoniambiental.com.ar\/info\/wp-content\/uploads\/2017\/04\/Wildpoldsried-pueblo-energias-renovables-3.jpg","articleSection":["Bolet\u00edn","Internacionales","Noticias","Rotador"],"inLanguage":"es","potentialAction":[{"@type":"CommentAction","name":"Comment","target":["https:\/\/patagoniambiental.com.ar\/info\/wildpoldsried-el-pueblo-de-la-energia-renovable\/#respond"]}]},{"@type":"WebPage","@id":"https:\/\/patagoniambiental.com.ar\/info\/wildpoldsried-el-pueblo-de-la-energia-renovable\/","url":"https:\/\/patagoniambiental.com.ar\/info\/wildpoldsried-el-pueblo-de-la-energia-renovable\/","name":"Wildpoldsried, el pueblo de la energ\u00eda renovable","isPartOf":{"@id":"https:\/\/patagoniambiental.com.ar\/info\/#website"},"primaryImageOfPage":{"@id":"https:\/\/patagoniambiental.com.ar\/info\/wildpoldsried-el-pueblo-de-la-energia-renovable\/#primaryimage"},"image":{"@id":"https:\/\/patagoniambiental.com.ar\/info\/wildpoldsried-el-pueblo-de-la-energia-renovable\/#primaryimage"},"thumbnailUrl":"https:\/\/patagoniambiental.com.ar\/info\/wp-content\/uploads\/2017\/04\/Wildpoldsried-pueblo-energias-renovables-3.jpg","datePublished":"2017-04-19T12:00:29+00:00","breadcrumb":{"@id":"https:\/\/patagoniambiental.com.ar\/info\/wildpoldsried-el-pueblo-de-la-energia-renovable\/#breadcrumb"},"inLanguage":"es","potentialAction":[{"@type":"ReadAction","target":["https:\/\/patagoniambiental.com.ar\/info\/wildpoldsried-el-pueblo-de-la-energia-renovable\/"]}]},{"@type":"ImageObject","inLanguage":"es","@id":"https:\/\/patagoniambiental.com.ar\/info\/wildpoldsried-el-pueblo-de-la-energia-renovable\/#primaryimage","url":"https:\/\/patagoniambiental.com.ar\/info\/wp-content\/uploads\/2017\/04\/Wildpoldsried-pueblo-energias-renovables-3.jpg","contentUrl":"https:\/\/patagoniambiental.com.ar\/info\/wp-content\/uploads\/2017\/04\/Wildpoldsried-pueblo-energias-renovables-3.jpg","width":650,"height":351},{"@type":"BreadcrumbList","@id":"https:\/\/patagoniambiental.com.ar\/info\/wildpoldsried-el-pueblo-de-la-energia-renovable\/#breadcrumb","itemListElement":[{"@type":"ListItem","position":1,"name":"Inicio","item":"https:\/\/patagoniambiental.com.ar\/info\/"},{"@type":"ListItem","position":2,"name":"Wildpoldsried, el pueblo de la energ\u00eda renovable"}]},{"@type":"WebSite","@id":"https:\/\/patagoniambiental.com.ar\/info\/#website","url":"https:\/\/patagoniambiental.com.ar\/info\/","name":"Patagonia Ambiental","description":"Monitoreo y an\u00e1lisis de la situaci\u00f3n geopol\u00edtica en el mundo y su implicancia en la Patagonia","publisher":{"@id":"https:\/\/patagoniambiental.com.ar\/info\/#organization"},"potentialAction":[{"@type":"SearchAction","target":{"@type":"EntryPoint","urlTemplate":"https:\/\/patagoniambiental.com.ar\/info\/?s={search_term_string}"},"query-input":{"@type":"PropertyValueSpecification","valueRequired":true,"valueName":"search_term_string"}}],"inLanguage":"es"},{"@type":"Organization","@id":"https:\/\/patagoniambiental.com.ar\/info\/#organization","name":"Patagonia Ambiental","url":"https:\/\/patagoniambiental.com.ar\/info\/","logo":{"@type":"ImageObject","inLanguage":"es","@id":"https:\/\/patagoniambiental.com.ar\/info\/#\/schema\/logo\/image\/","url":"https:\/\/patagoniambiental.com.ar\/info\/wp-content\/uploads\/2025\/05\/LOGO-PATAGONIA-AMBIENTAL.png","contentUrl":"https:\/\/patagoniambiental.com.ar\/info\/wp-content\/uploads\/2025\/05\/LOGO-PATAGONIA-AMBIENTAL.png","width":433,"height":250,"caption":"Patagonia Ambiental"},"image":{"@id":"https:\/\/patagoniambiental.com.ar\/info\/#\/schema\/logo\/image\/"},"sameAs":["https:\/\/www.facebook.com\/patagonia.ambiental","https:\/\/x.com\/PatAmb"]},{"@type":"Person","@id":"https:\/\/patagoniambiental.com.ar\/info\/#\/schema\/person\/db12bff64bbcbf6a253710bf0ea37b5d","name":"Patagonia Ambiental","description":"Andr\u00e9s Nievas T\u00e9cnico en manejo ambiental, consultor Ambiental y escritor para medios locales e internacionales sobre temas de geopolitica y medio ambiente.","sameAs":["http:\/\/www.patagoniambiental.com.ar","https:\/\/www.facebook.com\/share\/1C1V8Gv9BX\/?mibextid=qi2Omg","@patagoniambiental","https:\/\/youtube.com\/@patagoniaambiental2023?si=BLt58t0wuXquxlYZ"]}]}},"_links":{"self":[{"href":"https:\/\/patagoniambiental.com.ar\/info\/wp-json\/wp\/v2\/posts\/27728","targetHints":{"allow":["GET"]}}],"collection":[{"href":"https:\/\/patagoniambiental.com.ar\/info\/wp-json\/wp\/v2\/posts"}],"about":[{"href":"https:\/\/patagoniambiental.com.ar\/info\/wp-json\/wp\/v2\/types\/post"}],"author":[{"embeddable":true,"href":"https:\/\/patagoniambiental.com.ar\/info\/wp-json\/wp\/v2\/users\/2"}],"replies":[{"embeddable":true,"href":"https:\/\/patagoniambiental.com.ar\/info\/wp-json\/wp\/v2\/comments?post=27728"}],"version-history":[{"count":0,"href":"https:\/\/patagoniambiental.com.ar\/info\/wp-json\/wp\/v2\/posts\/27728\/revisions"}],"wp:featuredmedia":[{"embeddable":true,"href":"https:\/\/patagoniambiental.com.ar\/info\/wp-json\/wp\/v2\/media\/27729"}],"wp:attachment":[{"href":"https:\/\/patagoniambiental.com.ar\/info\/wp-json\/wp\/v2\/media?parent=27728"}],"wp:term":[{"taxonomy":"category","embeddable":true,"href":"https:\/\/patagoniambiental.com.ar\/info\/wp-json\/wp\/v2\/categories?post=27728"},{"taxonomy":"post_tag","embeddable":true,"href":"https:\/\/patagoniambiental.com.ar\/info\/wp-json\/wp\/v2\/tags?post=27728"}],"curies":[{"name":"wp","href":"https:\/\/api.w.org\/{rel}","templated":true}]}}