{"id":28389,"date":"2017-05-02T09:00:25","date_gmt":"2017-05-02T12:00:25","guid":{"rendered":"http:\/\/patagoniambiental.com.ar\/info\/?p=28389"},"modified":"2017-05-01T20:19:17","modified_gmt":"2017-05-01T23:19:17","slug":"puerto-madryn-revela-su-identidad-cultural-y-sus-bellezas-paisajisticas-a-traves-de-recorridos-urbanos","status":"publish","type":"post","link":"https:\/\/patagoniambiental.com.ar\/info\/puerto-madryn-revela-su-identidad-cultural-y-sus-bellezas-paisajisticas-a-traves-de-recorridos-urbanos\/","title":{"rendered":"Puerto Madryn revela su identidad cultural y sus bellezas paisaj\u00edsticas a trav\u00e9s de recorridos urbanos"},"content":{"rendered":"<div class=\"wrapper-editable-content\">\n<div class=\"editable-content clearfix\">La fauna marina y la calidad de las aguas de las playas de Puerto Madryn encuentran un complemento tur\u00edstico ideal en los paseos por el casco urbano de esta localidad chubutense, a trav\u00e9s de los cuales es posible conocer importantes vestigios hist\u00f3ricos y culturales de las comunidades que habitaron esta ciudad patag\u00f3nica conocida como la \u00abCapital Nacional del Buceo\u00bb.<\/p>\n<p>Los recorridos a lo largo de los tres kil\u00f3metros de playa ba\u00f1ados con las transparentes y verdosas aguas del Golfo Nuevo son el atractivo saliente de los paseos por el casco urbano, que tambi\u00e9n permiten conocer una serie de museos y sitios hist\u00f3ricos de singular belleza y valor cultural, entre los que se destacan el de Ciencias Naturales y Oceanogr\u00e1fico, el Ecocentro, el municipal de Arte y la Casa Tasser.<\/p>\n<p>El museo provincial de Ciencias Naturales y Oceanogr\u00e1fico est\u00e1 establecido en un antiguo edificio de la ciudad, el Chalet Pujol, que fue construido en 1917 y que cuenta con diferentes salas en las que se exponen las pr\u00e1cticas ancestrales de las comunidades locales y sus formas de vida.<\/p>\n<p>La gu\u00eda de turismo provincial, Fabiana Rodr\u00edguez, se\u00f1al\u00f3 durante una recorrida por ese sitio con T\u00e9lam que \u00abel espacio tiene otras salas dedicadas a los peces, los mam\u00edferos marinos, las aves y los cet\u00e1ceos\u00bb y dijo que \u00abel final de la visita culmina en un mirador desde donde se puede disfrutar de una de las mejores vistas panor\u00e1micas de la ciudad\u00bb.<\/p>\n<p>El Ecocentro est\u00e1 dedicado a la interpretaci\u00f3n de los ecosistemas marinos y su objetivo es difundir el conocimiento del mar a trav\u00e9s de programas de educaci\u00f3n ambiental, investigaci\u00f3n cient\u00edfica y expresiones art\u00edsticas.<\/p>\n<p>La secretaria de Turismo de Puerto Madryn, Mariela Blanco, sostuvo que al recorrer este espacio \u00abse puede descubrir la diversidad de la costa patag\u00f3nica y de las distintas especies de aves y mam\u00edferos marinos que la habitan\u00bb y tambi\u00e9n \u00abconocer algunos aspectos biol\u00f3gicos que revelan sus capacidades de adaptaci\u00f3n al medio ambiente\u00bb.<\/p>\n<p>El museo tiene 1.800 metros cuadrados de superficie, una arquitectura con reminiscencias de las casas de los primeros pobladores galeses de la zona, y en la sala principal, una muestra permanente denominada \u00abA orillas de un fr\u00edo r\u00edo de mar\u00bb.<\/p>\n<p>Rodr\u00edguez afirm\u00f3 que en este sitio \u00abse puede apreciar la riqueza de la naturaleza costera patag\u00f3nica y las particularidades de los animales que viven en el lugar\u00bb y destac\u00f3 que al final del recorrido \u00abhay una biblioteca con material informativo muy valioso y con muy buenas vistas panor\u00e1micas del Golfo Nuevo\u00bb.<\/p>\n<p>El Centro de Estudios Hist\u00f3ricos est\u00e1 ubicado en la vieja estaci\u00f3n del ferrocarril y en su interior contiene informaci\u00f3n y documentos que testimonian la dura vida de los primeros habitantes de la ciudad, quienes seg\u00fan la gu\u00eda de turismo provincial \u00ablograron una integraci\u00f3n con los pueblos originarios casi \u00fanica en el mundo\u00bb.<\/p>\n<p>El Museo del Desembarco y sitio hist\u00f3rico Punta Cuevas est\u00e1 emplazado en el sector donde en 1865 desembarc\u00f3 el primer grupo de 153 colonos provenientes de Gales, quienes construyeron sus primeros refugios en cuevas naturales de las cuales hoy pueden apreciarse sus ruinas.<\/p>\n<p>Estos vestigios son excavaciones en hilera, situadas por encima del nivel de pleamar, en la cara oeste de Punta Cuevas, que \u00abtienen el tama\u00f1o de habitaciones peque\u00f1as y son muy atractivas \u00f3pticamente\u00bb, afirm\u00f3 la gu\u00eda de turismo local.<\/p>\n<div class=\"image-right\">El recorrido por el casco urbano madrynense brinda la posibilidad de visitar la Exposici\u00f3n Permanente de Rocas y Minerales y conocer parte de la belleza natural que secretamente encierra nuestra Patagonia.<\/div>\n<p>La muestra tambi\u00e9n cuenta con un gran Taller-Escuela donde se dictan cursos de Orfebrer\u00eda y de trabajos en plata, alpaca y piedras.<br \/>\nAdem\u00e1s, incluye una visita a la Casa Tassier, construida en 1913, que deja al descubierto el sistema de edificaci\u00f3n utilizados en la antig\u00fcedad, que se caracterizaron por tener un entramado de madera en paredes, techos y pisos y por estar revestidos con chapas acanaladas de zinc que le brindan un aspecto particular.<\/p>\n<p>Los turistas que visitan Puerto Madryn tambi\u00e9n pueden disfrutar de espectaculares circuitos para practicar mountain bike o caminatas de unos 14 kil\u00f3metros para llegar a la reserva Faun\u00edstica de Punta Loma, donde se puede acceder a un mirador con vista al Golfo Nuevo.<\/p>\n<p>Un recorrido de otros tres kil\u00f3metros deposita a los visitantes en las playas Paran\u00e1 y Cerro Avanzado, lugares donde se conservan restos f\u00f3siles de ostras e invertebrados marinos y desde donde se alcanzan vistas panor\u00e1micas de singular belleza.<\/p>\n<p>\u00abLa riqueza paisaj\u00edstica y faun\u00edstica de la regi\u00f3n y sus sitios hist\u00f3ricos y culturales complementan a los atractivos salientes de la ciudad, que son la Costanera y las aguas del Golfo\u00bb, manifest\u00f3 por \u00faltimo Blanco.<\/p><\/div>\n<\/div>\n<div class=\"wrapper-tags\"><\/div>\n<div class=\"wrapper-tags\">Fuente: telam<\/div>\n","protected":false},"excerpt":{"rendered":"<p>La fauna marina y la calidad de las aguas de las playas de Puerto Madryn encuentran un complemento tur\u00edstico ideal [&hellip;]<\/p>\n","protected":false},"author":2,"featured_media":28390,"comment_status":"open","ping_status":"open","sticky":false,"template":"","format":"standard","meta":{"site-sidebar-layout":"default","site-content-layout":"","ast-site-content-layout":"default","site-content-style":"default","site-sidebar-style":"default","ast-global-header-display":"","ast-banner-title-visibility":"","ast-main-header-display":"","ast-hfb-above-header-display":"","ast-hfb-below-header-display":"","ast-hfb-mobile-header-display":"","site-post-title":"","ast-breadcrumbs-content":"","ast-featured-img":"","footer-sml-layout":"","ast-disable-related-posts":"","theme-transparent-header-meta":"","adv-header-id-meta":"","stick-header-meta":"","header-above-stick-meta":"","header-main-stick-meta":"","header-below-stick-meta":"","astra-migrate-meta-layouts":"default","ast-page-background-enabled":"default","ast-page-background-meta":{"desktop":{"background-color":"var(--ast-global-color-5)","background-image":"","background-repeat":"repeat","background-position":"center center","background-size":"auto","background-attachment":"scroll","background-type":"","background-media":"","overlay-type":"","overlay-color":"","overlay-opacity":"","overlay-gradient":""},"tablet":{"background-color":"","background-image":"","background-repeat":"repeat","background-position":"center center","background-size":"auto","background-attachment":"scroll","background-type":"","background-media":"","overlay-type":"","overlay-color":"","overlay-opacity":"","overlay-gradient":""},"mobile":{"background-color":"","background-image":"","background-repeat":"repeat","background-position":"center center","background-size":"auto","background-attachment":"scroll","background-type":"","background-media":"","overlay-type":"","overlay-color":"","overlay-opacity":"","overlay-gradient":""}},"ast-content-background-meta":{"desktop":{"background-color":"var(--ast-global-color-4)","background-image":"","background-repeat":"repeat","background-position":"center center","background-size":"auto","background-attachment":"scroll","background-type":"","background-media":"","overlay-type":"","overlay-color":"","overlay-opacity":"","overlay-gradient":""},"tablet":{"background-color":"var(--ast-global-color-4)","background-image":"","background-repeat":"repeat","background-position":"center center","background-size":"auto","background-attachment":"scroll","background-type":"","background-media":"","overlay-type":"","overlay-color":"","overlay-opacity":"","overlay-gradient":""},"mobile":{"background-color":"var(--ast-global-color-4)","background-image":"","background-repeat":"repeat","background-position":"center center","background-size":"auto","background-attachment":"scroll","background-type":"","background-media":"","overlay-type":"","overlay-color":"","overlay-opacity":"","overlay-gradient":""}},"footnotes":""},"categories":[16,1],"tags":[],"class_list":["post-28389","post","type-post","status-publish","format-standard","has-post-thumbnail","hentry","category-municipales","category-noticias"],"yoast_head":"<!-- This site is optimized with the Yoast SEO Premium plugin v23.0 (Yoast SEO v27.4) - https:\/\/yoast.com\/product\/yoast-seo-premium-wordpress\/ -->\n<title>Puerto Madryn revela su identidad cultural y sus bellezas paisaj\u00edsticas a trav\u00e9s de recorridos urbanos<\/title>\n<meta name=\"robots\" content=\"index, follow, max-snippet:-1, max-image-preview:large, max-video-preview:-1\" \/>\n<link rel=\"canonical\" href=\"https:\/\/patagoniambiental.com.ar\/info\/puerto-madryn-revela-su-identidad-cultural-y-sus-bellezas-paisajisticas-a-traves-de-recorridos-urbanos\/\" \/>\n<meta property=\"og:locale\" content=\"es_ES\" \/>\n<meta property=\"og:type\" content=\"article\" \/>\n<meta property=\"og:title\" content=\"Puerto Madryn revela su identidad cultural y sus bellezas paisaj\u00edsticas a trav\u00e9s de recorridos urbanos\" \/>\n<meta property=\"og:description\" content=\"La fauna marina y la calidad de las aguas de las playas de Puerto Madryn encuentran un complemento tur\u00edstico ideal [&hellip;]\" \/>\n<meta property=\"og:url\" content=\"https:\/\/patagoniambiental.com.ar\/info\/puerto-madryn-revela-su-identidad-cultural-y-sus-bellezas-paisajisticas-a-traves-de-recorridos-urbanos\/\" \/>\n<meta property=\"og:site_name\" content=\"Patagonia Ambiental\" \/>\n<meta property=\"article:publisher\" content=\"https:\/\/www.facebook.com\/patagonia.ambiental\" \/>\n<meta property=\"article:author\" content=\"https:\/\/www.facebook.com\/share\/1C1V8Gv9BX\/?mibextid=qi2Omg\" \/>\n<meta property=\"article:published_time\" content=\"2017-05-02T12:00:25+00:00\" \/>\n<meta property=\"og:image\" content=\"https:\/\/patagoniambiental.com.ar\/info\/wp-content\/uploads\/2017\/05\/ballena-cola.jpg\" \/>\n\t<meta property=\"og:image:width\" content=\"324\" \/>\n\t<meta property=\"og:image:height\" content=\"216\" \/>\n\t<meta property=\"og:image:type\" content=\"image\/jpeg\" \/>\n<meta name=\"author\" content=\"Patagonia Ambiental\" \/>\n<meta name=\"twitter:card\" content=\"summary_large_image\" \/>\n<meta name=\"twitter:creator\" content=\"@PatAmb\" \/>\n<meta name=\"twitter:site\" content=\"@PatAmb\" \/>\n<script type=\"application\/ld+json\" class=\"yoast-schema-graph\">{\"@context\":\"https:\\\/\\\/schema.org\",\"@graph\":[{\"@type\":\"Article\",\"@id\":\"https:\\\/\\\/patagoniambiental.com.ar\\\/info\\\/puerto-madryn-revela-su-identidad-cultural-y-sus-bellezas-paisajisticas-a-traves-de-recorridos-urbanos\\\/#article\",\"isPartOf\":{\"@id\":\"https:\\\/\\\/patagoniambiental.com.ar\\\/info\\\/puerto-madryn-revela-su-identidad-cultural-y-sus-bellezas-paisajisticas-a-traves-de-recorridos-urbanos\\\/\"},\"author\":{\"name\":\"Patagonia Ambiental\",\"@id\":\"https:\\\/\\\/patagoniambiental.com.ar\\\/info\\\/#\\\/schema\\\/person\\\/db12bff64bbcbf6a253710bf0ea37b5d\"},\"headline\":\"Puerto Madryn revela su identidad cultural y sus bellezas paisaj\u00edsticas a trav\u00e9s de recorridos urbanos\",\"datePublished\":\"2017-05-02T12:00:25+00:00\",\"mainEntityOfPage\":{\"@id\":\"https:\\\/\\\/patagoniambiental.com.ar\\\/info\\\/puerto-madryn-revela-su-identidad-cultural-y-sus-bellezas-paisajisticas-a-traves-de-recorridos-urbanos\\\/\"},\"wordCount\":840,\"commentCount\":0,\"publisher\":{\"@id\":\"https:\\\/\\\/patagoniambiental.com.ar\\\/info\\\/#organization\"},\"image\":{\"@id\":\"https:\\\/\\\/patagoniambiental.com.ar\\\/info\\\/puerto-madryn-revela-su-identidad-cultural-y-sus-bellezas-paisajisticas-a-traves-de-recorridos-urbanos\\\/#primaryimage\"},\"thumbnailUrl\":\"https:\\\/\\\/patagoniambiental.com.ar\\\/info\\\/wp-content\\\/uploads\\\/2017\\\/05\\\/ballena-cola.jpg\",\"articleSection\":[\"Municipales\",\"Noticias\"],\"inLanguage\":\"es\",\"potentialAction\":[{\"@type\":\"CommentAction\",\"name\":\"Comment\",\"target\":[\"https:\\\/\\\/patagoniambiental.com.ar\\\/info\\\/puerto-madryn-revela-su-identidad-cultural-y-sus-bellezas-paisajisticas-a-traves-de-recorridos-urbanos\\\/#respond\"]}]},{\"@type\":\"WebPage\",\"@id\":\"https:\\\/\\\/patagoniambiental.com.ar\\\/info\\\/puerto-madryn-revela-su-identidad-cultural-y-sus-bellezas-paisajisticas-a-traves-de-recorridos-urbanos\\\/\",\"url\":\"https:\\\/\\\/patagoniambiental.com.ar\\\/info\\\/puerto-madryn-revela-su-identidad-cultural-y-sus-bellezas-paisajisticas-a-traves-de-recorridos-urbanos\\\/\",\"name\":\"Puerto Madryn revela su identidad cultural y sus bellezas paisaj\u00edsticas a trav\u00e9s de recorridos urbanos\",\"isPartOf\":{\"@id\":\"https:\\\/\\\/patagoniambiental.com.ar\\\/info\\\/#website\"},\"primaryImageOfPage\":{\"@id\":\"https:\\\/\\\/patagoniambiental.com.ar\\\/info\\\/puerto-madryn-revela-su-identidad-cultural-y-sus-bellezas-paisajisticas-a-traves-de-recorridos-urbanos\\\/#primaryimage\"},\"image\":{\"@id\":\"https:\\\/\\\/patagoniambiental.com.ar\\\/info\\\/puerto-madryn-revela-su-identidad-cultural-y-sus-bellezas-paisajisticas-a-traves-de-recorridos-urbanos\\\/#primaryimage\"},\"thumbnailUrl\":\"https:\\\/\\\/patagoniambiental.com.ar\\\/info\\\/wp-content\\\/uploads\\\/2017\\\/05\\\/ballena-cola.jpg\",\"datePublished\":\"2017-05-02T12:00:25+00:00\",\"breadcrumb\":{\"@id\":\"https:\\\/\\\/patagoniambiental.com.ar\\\/info\\\/puerto-madryn-revela-su-identidad-cultural-y-sus-bellezas-paisajisticas-a-traves-de-recorridos-urbanos\\\/#breadcrumb\"},\"inLanguage\":\"es\",\"potentialAction\":[{\"@type\":\"ReadAction\",\"target\":[\"https:\\\/\\\/patagoniambiental.com.ar\\\/info\\\/puerto-madryn-revela-su-identidad-cultural-y-sus-bellezas-paisajisticas-a-traves-de-recorridos-urbanos\\\/\"]}]},{\"@type\":\"ImageObject\",\"inLanguage\":\"es\",\"@id\":\"https:\\\/\\\/patagoniambiental.com.ar\\\/info\\\/puerto-madryn-revela-su-identidad-cultural-y-sus-bellezas-paisajisticas-a-traves-de-recorridos-urbanos\\\/#primaryimage\",\"url\":\"https:\\\/\\\/patagoniambiental.com.ar\\\/info\\\/wp-content\\\/uploads\\\/2017\\\/05\\\/ballena-cola.jpg\",\"contentUrl\":\"https:\\\/\\\/patagoniambiental.com.ar\\\/info\\\/wp-content\\\/uploads\\\/2017\\\/05\\\/ballena-cola.jpg\",\"width\":324,\"height\":216},{\"@type\":\"BreadcrumbList\",\"@id\":\"https:\\\/\\\/patagoniambiental.com.ar\\\/info\\\/puerto-madryn-revela-su-identidad-cultural-y-sus-bellezas-paisajisticas-a-traves-de-recorridos-urbanos\\\/#breadcrumb\",\"itemListElement\":[{\"@type\":\"ListItem\",\"position\":1,\"name\":\"Inicio\",\"item\":\"https:\\\/\\\/patagoniambiental.com.ar\\\/info\\\/\"},{\"@type\":\"ListItem\",\"position\":2,\"name\":\"Puerto Madryn revela su identidad cultural y sus bellezas paisaj\u00edsticas a trav\u00e9s de recorridos urbanos\"}]},{\"@type\":\"WebSite\",\"@id\":\"https:\\\/\\\/patagoniambiental.com.ar\\\/info\\\/#website\",\"url\":\"https:\\\/\\\/patagoniambiental.com.ar\\\/info\\\/\",\"name\":\"Patagonia Ambiental\",\"description\":\"Monitoreo y an\u00e1lisis de la situaci\u00f3n geopol\u00edtica en el mundo y su implicancia en la Patagonia\",\"publisher\":{\"@id\":\"https:\\\/\\\/patagoniambiental.com.ar\\\/info\\\/#organization\"},\"potentialAction\":[{\"@type\":\"SearchAction\",\"target\":{\"@type\":\"EntryPoint\",\"urlTemplate\":\"https:\\\/\\\/patagoniambiental.com.ar\\\/info\\\/?s={search_term_string}\"},\"query-input\":{\"@type\":\"PropertyValueSpecification\",\"valueRequired\":true,\"valueName\":\"search_term_string\"}}],\"inLanguage\":\"es\"},{\"@type\":\"Organization\",\"@id\":\"https:\\\/\\\/patagoniambiental.com.ar\\\/info\\\/#organization\",\"name\":\"Patagonia Ambiental\",\"url\":\"https:\\\/\\\/patagoniambiental.com.ar\\\/info\\\/\",\"logo\":{\"@type\":\"ImageObject\",\"inLanguage\":\"es\",\"@id\":\"https:\\\/\\\/patagoniambiental.com.ar\\\/info\\\/#\\\/schema\\\/logo\\\/image\\\/\",\"url\":\"https:\\\/\\\/patagoniambiental.com.ar\\\/info\\\/wp-content\\\/uploads\\\/2025\\\/05\\\/LOGO-PATAGONIA-AMBIENTAL.png\",\"contentUrl\":\"https:\\\/\\\/patagoniambiental.com.ar\\\/info\\\/wp-content\\\/uploads\\\/2025\\\/05\\\/LOGO-PATAGONIA-AMBIENTAL.png\",\"width\":433,\"height\":250,\"caption\":\"Patagonia Ambiental\"},\"image\":{\"@id\":\"https:\\\/\\\/patagoniambiental.com.ar\\\/info\\\/#\\\/schema\\\/logo\\\/image\\\/\"},\"sameAs\":[\"https:\\\/\\\/www.facebook.com\\\/patagonia.ambiental\",\"https:\\\/\\\/x.com\\\/PatAmb\"]},{\"@type\":\"Person\",\"@id\":\"https:\\\/\\\/patagoniambiental.com.ar\\\/info\\\/#\\\/schema\\\/person\\\/db12bff64bbcbf6a253710bf0ea37b5d\",\"name\":\"Patagonia Ambiental\",\"description\":\"Andr\u00e9s Nievas T\u00e9cnico en manejo ambiental, consultor Ambiental y escritor para medios locales e internacionales sobre temas de geopolitica y medio ambiente.\",\"sameAs\":[\"http:\\\/\\\/www.patagoniambiental.com.ar\",\"https:\\\/\\\/www.facebook.com\\\/share\\\/1C1V8Gv9BX\\\/?mibextid=qi2Omg\",\"@patagoniambiental\",\"https:\\\/\\\/youtube.com\\\/@patagoniaambiental2023?si=BLt58t0wuXquxlYZ\"]}]}<\/script>\n<!-- \/ Yoast SEO Premium plugin. -->","yoast_head_json":{"title":"Puerto Madryn revela su identidad cultural y sus bellezas paisaj\u00edsticas a trav\u00e9s de recorridos urbanos","robots":{"index":"index","follow":"follow","max-snippet":"max-snippet:-1","max-image-preview":"max-image-preview:large","max-video-preview":"max-video-preview:-1"},"canonical":"https:\/\/patagoniambiental.com.ar\/info\/puerto-madryn-revela-su-identidad-cultural-y-sus-bellezas-paisajisticas-a-traves-de-recorridos-urbanos\/","og_locale":"es_ES","og_type":"article","og_title":"Puerto Madryn revela su identidad cultural y sus bellezas paisaj\u00edsticas a trav\u00e9s de recorridos urbanos","og_description":"La fauna marina y la calidad de las aguas de las playas de Puerto Madryn encuentran un complemento tur\u00edstico ideal [&hellip;]","og_url":"https:\/\/patagoniambiental.com.ar\/info\/puerto-madryn-revela-su-identidad-cultural-y-sus-bellezas-paisajisticas-a-traves-de-recorridos-urbanos\/","og_site_name":"Patagonia Ambiental","article_publisher":"https:\/\/www.facebook.com\/patagonia.ambiental","article_author":"https:\/\/www.facebook.com\/share\/1C1V8Gv9BX\/?mibextid=qi2Omg","article_published_time":"2017-05-02T12:00:25+00:00","og_image":[{"width":324,"height":216,"url":"https:\/\/patagoniambiental.com.ar\/info\/wp-content\/uploads\/2017\/05\/ballena-cola.jpg","type":"image\/jpeg"}],"author":"Patagonia Ambiental","twitter_card":"summary_large_image","twitter_creator":"@PatAmb","twitter_site":"@PatAmb","schema":{"@context":"https:\/\/schema.org","@graph":[{"@type":"Article","@id":"https:\/\/patagoniambiental.com.ar\/info\/puerto-madryn-revela-su-identidad-cultural-y-sus-bellezas-paisajisticas-a-traves-de-recorridos-urbanos\/#article","isPartOf":{"@id":"https:\/\/patagoniambiental.com.ar\/info\/puerto-madryn-revela-su-identidad-cultural-y-sus-bellezas-paisajisticas-a-traves-de-recorridos-urbanos\/"},"author":{"name":"Patagonia Ambiental","@id":"https:\/\/patagoniambiental.com.ar\/info\/#\/schema\/person\/db12bff64bbcbf6a253710bf0ea37b5d"},"headline":"Puerto Madryn revela su identidad cultural y sus bellezas paisaj\u00edsticas a trav\u00e9s de recorridos urbanos","datePublished":"2017-05-02T12:00:25+00:00","mainEntityOfPage":{"@id":"https:\/\/patagoniambiental.com.ar\/info\/puerto-madryn-revela-su-identidad-cultural-y-sus-bellezas-paisajisticas-a-traves-de-recorridos-urbanos\/"},"wordCount":840,"commentCount":0,"publisher":{"@id":"https:\/\/patagoniambiental.com.ar\/info\/#organization"},"image":{"@id":"https:\/\/patagoniambiental.com.ar\/info\/puerto-madryn-revela-su-identidad-cultural-y-sus-bellezas-paisajisticas-a-traves-de-recorridos-urbanos\/#primaryimage"},"thumbnailUrl":"https:\/\/patagoniambiental.com.ar\/info\/wp-content\/uploads\/2017\/05\/ballena-cola.jpg","articleSection":["Municipales","Noticias"],"inLanguage":"es","potentialAction":[{"@type":"CommentAction","name":"Comment","target":["https:\/\/patagoniambiental.com.ar\/info\/puerto-madryn-revela-su-identidad-cultural-y-sus-bellezas-paisajisticas-a-traves-de-recorridos-urbanos\/#respond"]}]},{"@type":"WebPage","@id":"https:\/\/patagoniambiental.com.ar\/info\/puerto-madryn-revela-su-identidad-cultural-y-sus-bellezas-paisajisticas-a-traves-de-recorridos-urbanos\/","url":"https:\/\/patagoniambiental.com.ar\/info\/puerto-madryn-revela-su-identidad-cultural-y-sus-bellezas-paisajisticas-a-traves-de-recorridos-urbanos\/","name":"Puerto Madryn revela su identidad cultural y sus bellezas paisaj\u00edsticas a trav\u00e9s de recorridos urbanos","isPartOf":{"@id":"https:\/\/patagoniambiental.com.ar\/info\/#website"},"primaryImageOfPage":{"@id":"https:\/\/patagoniambiental.com.ar\/info\/puerto-madryn-revela-su-identidad-cultural-y-sus-bellezas-paisajisticas-a-traves-de-recorridos-urbanos\/#primaryimage"},"image":{"@id":"https:\/\/patagoniambiental.com.ar\/info\/puerto-madryn-revela-su-identidad-cultural-y-sus-bellezas-paisajisticas-a-traves-de-recorridos-urbanos\/#primaryimage"},"thumbnailUrl":"https:\/\/patagoniambiental.com.ar\/info\/wp-content\/uploads\/2017\/05\/ballena-cola.jpg","datePublished":"2017-05-02T12:00:25+00:00","breadcrumb":{"@id":"https:\/\/patagoniambiental.com.ar\/info\/puerto-madryn-revela-su-identidad-cultural-y-sus-bellezas-paisajisticas-a-traves-de-recorridos-urbanos\/#breadcrumb"},"inLanguage":"es","potentialAction":[{"@type":"ReadAction","target":["https:\/\/patagoniambiental.com.ar\/info\/puerto-madryn-revela-su-identidad-cultural-y-sus-bellezas-paisajisticas-a-traves-de-recorridos-urbanos\/"]}]},{"@type":"ImageObject","inLanguage":"es","@id":"https:\/\/patagoniambiental.com.ar\/info\/puerto-madryn-revela-su-identidad-cultural-y-sus-bellezas-paisajisticas-a-traves-de-recorridos-urbanos\/#primaryimage","url":"https:\/\/patagoniambiental.com.ar\/info\/wp-content\/uploads\/2017\/05\/ballena-cola.jpg","contentUrl":"https:\/\/patagoniambiental.com.ar\/info\/wp-content\/uploads\/2017\/05\/ballena-cola.jpg","width":324,"height":216},{"@type":"BreadcrumbList","@id":"https:\/\/patagoniambiental.com.ar\/info\/puerto-madryn-revela-su-identidad-cultural-y-sus-bellezas-paisajisticas-a-traves-de-recorridos-urbanos\/#breadcrumb","itemListElement":[{"@type":"ListItem","position":1,"name":"Inicio","item":"https:\/\/patagoniambiental.com.ar\/info\/"},{"@type":"ListItem","position":2,"name":"Puerto Madryn revela su identidad cultural y sus bellezas paisaj\u00edsticas a trav\u00e9s de recorridos urbanos"}]},{"@type":"WebSite","@id":"https:\/\/patagoniambiental.com.ar\/info\/#website","url":"https:\/\/patagoniambiental.com.ar\/info\/","name":"Patagonia Ambiental","description":"Monitoreo y an\u00e1lisis de la situaci\u00f3n geopol\u00edtica en el mundo y su implicancia en la Patagonia","publisher":{"@id":"https:\/\/patagoniambiental.com.ar\/info\/#organization"},"potentialAction":[{"@type":"SearchAction","target":{"@type":"EntryPoint","urlTemplate":"https:\/\/patagoniambiental.com.ar\/info\/?s={search_term_string}"},"query-input":{"@type":"PropertyValueSpecification","valueRequired":true,"valueName":"search_term_string"}}],"inLanguage":"es"},{"@type":"Organization","@id":"https:\/\/patagoniambiental.com.ar\/info\/#organization","name":"Patagonia Ambiental","url":"https:\/\/patagoniambiental.com.ar\/info\/","logo":{"@type":"ImageObject","inLanguage":"es","@id":"https:\/\/patagoniambiental.com.ar\/info\/#\/schema\/logo\/image\/","url":"https:\/\/patagoniambiental.com.ar\/info\/wp-content\/uploads\/2025\/05\/LOGO-PATAGONIA-AMBIENTAL.png","contentUrl":"https:\/\/patagoniambiental.com.ar\/info\/wp-content\/uploads\/2025\/05\/LOGO-PATAGONIA-AMBIENTAL.png","width":433,"height":250,"caption":"Patagonia Ambiental"},"image":{"@id":"https:\/\/patagoniambiental.com.ar\/info\/#\/schema\/logo\/image\/"},"sameAs":["https:\/\/www.facebook.com\/patagonia.ambiental","https:\/\/x.com\/PatAmb"]},{"@type":"Person","@id":"https:\/\/patagoniambiental.com.ar\/info\/#\/schema\/person\/db12bff64bbcbf6a253710bf0ea37b5d","name":"Patagonia Ambiental","description":"Andr\u00e9s Nievas T\u00e9cnico en manejo ambiental, consultor Ambiental y escritor para medios locales e internacionales sobre temas de geopolitica y medio ambiente.","sameAs":["http:\/\/www.patagoniambiental.com.ar","https:\/\/www.facebook.com\/share\/1C1V8Gv9BX\/?mibextid=qi2Omg","@patagoniambiental","https:\/\/youtube.com\/@patagoniaambiental2023?si=BLt58t0wuXquxlYZ"]}]}},"_links":{"self":[{"href":"https:\/\/patagoniambiental.com.ar\/info\/wp-json\/wp\/v2\/posts\/28389","targetHints":{"allow":["GET"]}}],"collection":[{"href":"https:\/\/patagoniambiental.com.ar\/info\/wp-json\/wp\/v2\/posts"}],"about":[{"href":"https:\/\/patagoniambiental.com.ar\/info\/wp-json\/wp\/v2\/types\/post"}],"author":[{"embeddable":true,"href":"https:\/\/patagoniambiental.com.ar\/info\/wp-json\/wp\/v2\/users\/2"}],"replies":[{"embeddable":true,"href":"https:\/\/patagoniambiental.com.ar\/info\/wp-json\/wp\/v2\/comments?post=28389"}],"version-history":[{"count":0,"href":"https:\/\/patagoniambiental.com.ar\/info\/wp-json\/wp\/v2\/posts\/28389\/revisions"}],"wp:featuredmedia":[{"embeddable":true,"href":"https:\/\/patagoniambiental.com.ar\/info\/wp-json\/wp\/v2\/media\/28390"}],"wp:attachment":[{"href":"https:\/\/patagoniambiental.com.ar\/info\/wp-json\/wp\/v2\/media?parent=28389"}],"wp:term":[{"taxonomy":"category","embeddable":true,"href":"https:\/\/patagoniambiental.com.ar\/info\/wp-json\/wp\/v2\/categories?post=28389"},{"taxonomy":"post_tag","embeddable":true,"href":"https:\/\/patagoniambiental.com.ar\/info\/wp-json\/wp\/v2\/tags?post=28389"}],"curies":[{"name":"wp","href":"https:\/\/api.w.org\/{rel}","templated":true}]}}