{"id":28392,"date":"2017-05-02T09:00:20","date_gmt":"2017-05-02T12:00:20","guid":{"rendered":"http:\/\/patagoniambiental.com.ar\/info\/?p=28392"},"modified":"2017-05-01T20:23:09","modified_gmt":"2017-05-01T23:23:09","slug":"foro-latinoamericano-y-cepal-concluyen-que-no-hay-modelos-unicos-para-la-agenda-2030","status":"publish","type":"post","link":"https:\/\/patagoniambiental.com.ar\/info\/foro-latinoamericano-y-cepal-concluyen-que-no-hay-modelos-unicos-para-la-agenda-2030\/","title":{"rendered":"Foro Latinoamericano y CEPAL concluyen que \u201cno hay modelos \u00fanicos\u201d para la Agenda 2030"},"content":{"rendered":"<p class=\"entradilla\">La primera reuni\u00f3n del Foro de pa\u00edses de Am\u00e9rica Latina y el Caribe sobre el Desarrollo Sostenible y del CEPAL concluy\u00f3 con el convencimiento de que \u00abno hay modelos \u00fanicos\u00bb para la implementaci\u00f3n de la Agenda 2030.<\/p>\n<p>La celebraci\u00f3n de este encuentro, que se desarroll\u00f3 en la Ciudad de M\u00e9xico desde el pasado mi\u00e9rcoles, es solo <em>\u201cel primer cap\u00edtulo, apenas el comienzo\u201d<\/em> hacia los <strong>Objetivos de Desarrollo Sostenible<\/strong> (ODS), dijo en la clausura la secretaria ejecutiva de la <a href=\"http:\/\/www.cepal.org\/es\" target=\"_blank\" rel=\"noopener noreferrer\">Comisi\u00f3n Econ\u00f3mica para Am\u00e9rica Latina y el Caribe<\/a> (Cepal), Alicia B\u00e1rcena.<\/p>\n<p>Destac\u00f3 que a lo largo de estos tres <em>\u201cintensos\u201d<\/em> d\u00edas se dieron cita 789 participantes en representaci\u00f3n de 31 pa\u00edses de la Cepal, 280 observadores de la sociedad civil y 157 delegados de 39 organismos intergubernamentales.<\/p>\n<h2>Modelos diversos<\/h2>\n<p>El intercambio de experiencias entre estos actores ha demostrado que la Agenda 2030, promovida por las Naciones Unidas en 2015,<em> \u201ces \u00fanica, pero las maneras de implementarla son muchas\u201d.<\/em><\/p>\n<p>La secretaria ejecutiva defendi\u00f3 que Am\u00e9rica Latina y el Caribe han dado una \u201cdemostraci\u00f3n potente de acuerdo y unidad\u201d, en un momento en el que las circunstancias y los tiempos de \u201cgran incertidumbre\u201d invitan a los pa\u00edses a integrarse y \u201cactuar juntos\u201d.<\/p>\n<p>Asimismo, la regi\u00f3n ha demostrado su intenci\u00f3n de derrumbar la premisa que ubica a sus pa\u00edses<em> \u201ccomo l\u00edderes de la desigualdad\u201d<\/em>, apunt\u00f3 B\u00e1rcena, partidaria de acabar con este <em>\u201cflagelo\u201d<\/em> en todos sus \u00e1mbitos.<\/p>\n<p>Para ello \u201cse requiere que nos apropiemos de la Agenda a nivel de Estado y no de Gobierno\u201d, asever\u00f3.<\/p>\n<p>Y que esta sea <em>\u201cun proyecto de sociedad, de ciudadan\u00eda, que nos invite a avanzar en la perspectiva y la prospectiva de pensar colectivamente d\u00f3nde queremos estar en el 2030\u201d.<\/em><\/p>\n<h2>Integrar a la sociedad<\/h2>\n<p>Haciendo balance de lo planteado durante las sesiones del foro, B\u00e1rcena destac\u00f3 que uno de los desaf\u00edos es qu\u00e9 hacer <em>\u201cpara integrar plenamente a la sociedad civil\u201d,<\/em> as\u00ed como al sector privado.<em> \u201cCambiemos la conversaci\u00f3n para adoptar los ODS m\u00e1s all\u00e1 de la filantrop\u00eda\u201d,<\/em> propuso.<\/p>\n<p>Adem\u00e1s, est\u00e1 presente la cuesti\u00f3n de c\u00f3mo se va a financiar la Agenda, para lo cual la titular de la Cepal afirm\u00f3 que <em>\u201cla voz colectiva de la regi\u00f3n\u201d<\/em> puede abrir espacios con los que incorporarse m\u00e1s eficazmente en las reglas de los mecanismos financieros.<\/p>\n<p>Entre otros aspectos debatidos en las mesas del foro, B\u00e1rcena tambi\u00e9n mencion\u00f3 la igualdad de g\u00e9nero y la inteligencia artificial, un tema del cual, por su complejidad, solo se mostr\u00f3 <em>\u201cla punta del iceberg\u201d.<\/em><\/p>\n<h2>Pobreza y desarrollo<\/h2>\n<p>El documento de conclusiones aprobado en el cierre del foro pide a los Gobiernos que elaboren <em>\u201cmediciones transparentes\u201d<\/em> para el progreso del desarrollo sostenible, que reconozcan la pobreza en todas sus formas y vayan m\u00e1s all\u00e1 del ingreso per c\u00e1pita.<\/p>\n<p>Entre otros aspectos, el texto tambi\u00e9n enfatiza la importancia que tiene para la regi\u00f3n <em>\u201cla asistencia oficial para el desarrollo y el financiamiento clim\u00e1tico\u201d,<\/em> con el fin de erradicar la pobreza en todas sus formas y cerrar las brechas estructurales, as\u00ed como la importancia de la cooperaci\u00f3n Sur-Sur.<\/p>\n<p>&nbsp;<\/p>\n","protected":false},"excerpt":{"rendered":"<p>La primera reuni\u00f3n del Foro de pa\u00edses de Am\u00e9rica Latina y el Caribe sobre el Desarrollo Sostenible y del CEPAL [&hellip;]<\/p>\n","protected":false},"author":2,"featured_media":28393,"comment_status":"open","ping_status":"open","sticky":false,"template":"","format":"standard","meta":{"site-sidebar-layout":"default","site-content-layout":"","ast-site-content-layout":"default","site-content-style":"default","site-sidebar-style":"default","ast-global-header-display":"","ast-banner-title-visibility":"","ast-main-header-display":"","ast-hfb-above-header-display":"","ast-hfb-below-header-display":"","ast-hfb-mobile-header-display":"","site-post-title":"","ast-breadcrumbs-content":"","ast-featured-img":"","footer-sml-layout":"","ast-disable-related-posts":"","theme-transparent-header-meta":"","adv-header-id-meta":"","stick-header-meta":"","header-above-stick-meta":"","header-main-stick-meta":"","header-below-stick-meta":"","astra-migrate-meta-layouts":"default","ast-page-background-enabled":"default","ast-page-background-meta":{"desktop":{"background-color":"var(--ast-global-color-5)","background-image":"","background-repeat":"repeat","background-position":"center center","background-size":"auto","background-attachment":"scroll","background-type":"","background-media":"","overlay-type":"","overlay-color":"","overlay-opacity":"","overlay-gradient":""},"tablet":{"background-color":"","background-image":"","background-repeat":"repeat","background-position":"center center","background-size":"auto","background-attachment":"scroll","background-type":"","background-media":"","overlay-type":"","overlay-color":"","overlay-opacity":"","overlay-gradient":""},"mobile":{"background-color":"","background-image":"","background-repeat":"repeat","background-position":"center center","background-size":"auto","background-attachment":"scroll","background-type":"","background-media":"","overlay-type":"","overlay-color":"","overlay-opacity":"","overlay-gradient":""}},"ast-content-background-meta":{"desktop":{"background-color":"var(--ast-global-color-4)","background-image":"","background-repeat":"repeat","background-position":"center center","background-size":"auto","background-attachment":"scroll","background-type":"","background-media":"","overlay-type":"","overlay-color":"","overlay-opacity":"","overlay-gradient":""},"tablet":{"background-color":"var(--ast-global-color-4)","background-image":"","background-repeat":"repeat","background-position":"center center","background-size":"auto","background-attachment":"scroll","background-type":"","background-media":"","overlay-type":"","overlay-color":"","overlay-opacity":"","overlay-gradient":""},"mobile":{"background-color":"var(--ast-global-color-4)","background-image":"","background-repeat":"repeat","background-position":"center center","background-size":"auto","background-attachment":"scroll","background-type":"","background-media":"","overlay-type":"","overlay-color":"","overlay-opacity":"","overlay-gradient":""}},"footnotes":""},"categories":[23],"tags":[],"class_list":["post-28392","post","type-post","status-publish","format-standard","has-post-thumbnail","hentry","category-internacionales"],"yoast_head":"<!-- This site is optimized with the Yoast SEO Premium plugin v23.0 (Yoast SEO v27.4) - https:\/\/yoast.com\/product\/yoast-seo-premium-wordpress\/ -->\n<title>Foro Latinoamericano y CEPAL concluyen que \u201cno hay modelos \u00fanicos\u201d para la Agenda 2030<\/title>\n<meta name=\"robots\" content=\"index, follow, max-snippet:-1, max-image-preview:large, max-video-preview:-1\" \/>\n<link rel=\"canonical\" href=\"https:\/\/patagoniambiental.com.ar\/info\/foro-latinoamericano-y-cepal-concluyen-que-no-hay-modelos-unicos-para-la-agenda-2030\/\" \/>\n<meta property=\"og:locale\" content=\"es_ES\" \/>\n<meta property=\"og:type\" content=\"article\" \/>\n<meta property=\"og:title\" content=\"Foro Latinoamericano y CEPAL concluyen que \u201cno hay modelos \u00fanicos\u201d para la Agenda 2030\" \/>\n<meta property=\"og:description\" content=\"La primera reuni\u00f3n del Foro de pa\u00edses de Am\u00e9rica Latina y el Caribe sobre el Desarrollo Sostenible y del CEPAL [&hellip;]\" \/>\n<meta property=\"og:url\" content=\"https:\/\/patagoniambiental.com.ar\/info\/foro-latinoamericano-y-cepal-concluyen-que-no-hay-modelos-unicos-para-la-agenda-2030\/\" \/>\n<meta property=\"og:site_name\" content=\"Patagonia Ambiental\" \/>\n<meta property=\"article:publisher\" content=\"https:\/\/www.facebook.com\/patagonia.ambiental\" \/>\n<meta property=\"article:author\" content=\"https:\/\/www.facebook.com\/share\/1C1V8Gv9BX\/?mibextid=qi2Omg\" \/>\n<meta property=\"article:published_time\" content=\"2017-05-02T12:00:20+00:00\" \/>\n<meta property=\"og:image\" content=\"https:\/\/patagoniambiental.com.ar\/info\/wp-content\/uploads\/2017\/05\/foro-lotinoamericano.jpg\" \/>\n\t<meta property=\"og:image:width\" content=\"600\" \/>\n\t<meta property=\"og:image:height\" content=\"310\" \/>\n\t<meta property=\"og:image:type\" content=\"image\/jpeg\" \/>\n<meta name=\"author\" content=\"Patagonia Ambiental\" \/>\n<meta name=\"twitter:card\" content=\"summary_large_image\" \/>\n<meta name=\"twitter:creator\" content=\"@PatAmb\" \/>\n<meta name=\"twitter:site\" content=\"@PatAmb\" \/>\n<script type=\"application\/ld+json\" class=\"yoast-schema-graph\">{\"@context\":\"https:\\\/\\\/schema.org\",\"@graph\":[{\"@type\":\"Article\",\"@id\":\"https:\\\/\\\/patagoniambiental.com.ar\\\/info\\\/foro-latinoamericano-y-cepal-concluyen-que-no-hay-modelos-unicos-para-la-agenda-2030\\\/#article\",\"isPartOf\":{\"@id\":\"https:\\\/\\\/patagoniambiental.com.ar\\\/info\\\/foro-latinoamericano-y-cepal-concluyen-que-no-hay-modelos-unicos-para-la-agenda-2030\\\/\"},\"author\":{\"name\":\"Patagonia Ambiental\",\"@id\":\"https:\\\/\\\/patagoniambiental.com.ar\\\/info\\\/#\\\/schema\\\/person\\\/db12bff64bbcbf6a253710bf0ea37b5d\"},\"headline\":\"Foro Latinoamericano y CEPAL concluyen que \u201cno hay modelos \u00fanicos\u201d para la Agenda 2030\",\"datePublished\":\"2017-05-02T12:00:20+00:00\",\"mainEntityOfPage\":{\"@id\":\"https:\\\/\\\/patagoniambiental.com.ar\\\/info\\\/foro-latinoamericano-y-cepal-concluyen-que-no-hay-modelos-unicos-para-la-agenda-2030\\\/\"},\"wordCount\":548,\"commentCount\":0,\"publisher\":{\"@id\":\"https:\\\/\\\/patagoniambiental.com.ar\\\/info\\\/#organization\"},\"image\":{\"@id\":\"https:\\\/\\\/patagoniambiental.com.ar\\\/info\\\/foro-latinoamericano-y-cepal-concluyen-que-no-hay-modelos-unicos-para-la-agenda-2030\\\/#primaryimage\"},\"thumbnailUrl\":\"https:\\\/\\\/patagoniambiental.com.ar\\\/info\\\/wp-content\\\/uploads\\\/2017\\\/05\\\/foro-lotinoamericano.jpg\",\"articleSection\":[\"Internacionales\"],\"inLanguage\":\"es\",\"potentialAction\":[{\"@type\":\"CommentAction\",\"name\":\"Comment\",\"target\":[\"https:\\\/\\\/patagoniambiental.com.ar\\\/info\\\/foro-latinoamericano-y-cepal-concluyen-que-no-hay-modelos-unicos-para-la-agenda-2030\\\/#respond\"]}]},{\"@type\":\"WebPage\",\"@id\":\"https:\\\/\\\/patagoniambiental.com.ar\\\/info\\\/foro-latinoamericano-y-cepal-concluyen-que-no-hay-modelos-unicos-para-la-agenda-2030\\\/\",\"url\":\"https:\\\/\\\/patagoniambiental.com.ar\\\/info\\\/foro-latinoamericano-y-cepal-concluyen-que-no-hay-modelos-unicos-para-la-agenda-2030\\\/\",\"name\":\"Foro Latinoamericano y CEPAL concluyen que \u201cno hay modelos \u00fanicos\u201d para la Agenda 2030\",\"isPartOf\":{\"@id\":\"https:\\\/\\\/patagoniambiental.com.ar\\\/info\\\/#website\"},\"primaryImageOfPage\":{\"@id\":\"https:\\\/\\\/patagoniambiental.com.ar\\\/info\\\/foro-latinoamericano-y-cepal-concluyen-que-no-hay-modelos-unicos-para-la-agenda-2030\\\/#primaryimage\"},\"image\":{\"@id\":\"https:\\\/\\\/patagoniambiental.com.ar\\\/info\\\/foro-latinoamericano-y-cepal-concluyen-que-no-hay-modelos-unicos-para-la-agenda-2030\\\/#primaryimage\"},\"thumbnailUrl\":\"https:\\\/\\\/patagoniambiental.com.ar\\\/info\\\/wp-content\\\/uploads\\\/2017\\\/05\\\/foro-lotinoamericano.jpg\",\"datePublished\":\"2017-05-02T12:00:20+00:00\",\"breadcrumb\":{\"@id\":\"https:\\\/\\\/patagoniambiental.com.ar\\\/info\\\/foro-latinoamericano-y-cepal-concluyen-que-no-hay-modelos-unicos-para-la-agenda-2030\\\/#breadcrumb\"},\"inLanguage\":\"es\",\"potentialAction\":[{\"@type\":\"ReadAction\",\"target\":[\"https:\\\/\\\/patagoniambiental.com.ar\\\/info\\\/foro-latinoamericano-y-cepal-concluyen-que-no-hay-modelos-unicos-para-la-agenda-2030\\\/\"]}]},{\"@type\":\"ImageObject\",\"inLanguage\":\"es\",\"@id\":\"https:\\\/\\\/patagoniambiental.com.ar\\\/info\\\/foro-latinoamericano-y-cepal-concluyen-que-no-hay-modelos-unicos-para-la-agenda-2030\\\/#primaryimage\",\"url\":\"https:\\\/\\\/patagoniambiental.com.ar\\\/info\\\/wp-content\\\/uploads\\\/2017\\\/05\\\/foro-lotinoamericano.jpg\",\"contentUrl\":\"https:\\\/\\\/patagoniambiental.com.ar\\\/info\\\/wp-content\\\/uploads\\\/2017\\\/05\\\/foro-lotinoamericano.jpg\",\"width\":600,\"height\":310},{\"@type\":\"BreadcrumbList\",\"@id\":\"https:\\\/\\\/patagoniambiental.com.ar\\\/info\\\/foro-latinoamericano-y-cepal-concluyen-que-no-hay-modelos-unicos-para-la-agenda-2030\\\/#breadcrumb\",\"itemListElement\":[{\"@type\":\"ListItem\",\"position\":1,\"name\":\"Inicio\",\"item\":\"https:\\\/\\\/patagoniambiental.com.ar\\\/info\\\/\"},{\"@type\":\"ListItem\",\"position\":2,\"name\":\"Foro Latinoamericano y CEPAL concluyen que \u201cno hay modelos \u00fanicos\u201d para la Agenda 2030\"}]},{\"@type\":\"WebSite\",\"@id\":\"https:\\\/\\\/patagoniambiental.com.ar\\\/info\\\/#website\",\"url\":\"https:\\\/\\\/patagoniambiental.com.ar\\\/info\\\/\",\"name\":\"Patagonia Ambiental\",\"description\":\"Monitoreo y an\u00e1lisis de la situaci\u00f3n geopol\u00edtica en el mundo y su implicancia en la Patagonia\",\"publisher\":{\"@id\":\"https:\\\/\\\/patagoniambiental.com.ar\\\/info\\\/#organization\"},\"potentialAction\":[{\"@type\":\"SearchAction\",\"target\":{\"@type\":\"EntryPoint\",\"urlTemplate\":\"https:\\\/\\\/patagoniambiental.com.ar\\\/info\\\/?s={search_term_string}\"},\"query-input\":{\"@type\":\"PropertyValueSpecification\",\"valueRequired\":true,\"valueName\":\"search_term_string\"}}],\"inLanguage\":\"es\"},{\"@type\":\"Organization\",\"@id\":\"https:\\\/\\\/patagoniambiental.com.ar\\\/info\\\/#organization\",\"name\":\"Patagonia Ambiental\",\"url\":\"https:\\\/\\\/patagoniambiental.com.ar\\\/info\\\/\",\"logo\":{\"@type\":\"ImageObject\",\"inLanguage\":\"es\",\"@id\":\"https:\\\/\\\/patagoniambiental.com.ar\\\/info\\\/#\\\/schema\\\/logo\\\/image\\\/\",\"url\":\"https:\\\/\\\/patagoniambiental.com.ar\\\/info\\\/wp-content\\\/uploads\\\/2025\\\/05\\\/LOGO-PATAGONIA-AMBIENTAL.png\",\"contentUrl\":\"https:\\\/\\\/patagoniambiental.com.ar\\\/info\\\/wp-content\\\/uploads\\\/2025\\\/05\\\/LOGO-PATAGONIA-AMBIENTAL.png\",\"width\":433,\"height\":250,\"caption\":\"Patagonia Ambiental\"},\"image\":{\"@id\":\"https:\\\/\\\/patagoniambiental.com.ar\\\/info\\\/#\\\/schema\\\/logo\\\/image\\\/\"},\"sameAs\":[\"https:\\\/\\\/www.facebook.com\\\/patagonia.ambiental\",\"https:\\\/\\\/x.com\\\/PatAmb\"]},{\"@type\":\"Person\",\"@id\":\"https:\\\/\\\/patagoniambiental.com.ar\\\/info\\\/#\\\/schema\\\/person\\\/db12bff64bbcbf6a253710bf0ea37b5d\",\"name\":\"Patagonia Ambiental\",\"description\":\"Andr\u00e9s Nievas T\u00e9cnico en manejo ambiental, consultor Ambiental y escritor para medios locales e internacionales sobre temas de geopolitica y medio ambiente.\",\"sameAs\":[\"http:\\\/\\\/www.patagoniambiental.com.ar\",\"https:\\\/\\\/www.facebook.com\\\/share\\\/1C1V8Gv9BX\\\/?mibextid=qi2Omg\",\"@patagoniambiental\",\"https:\\\/\\\/youtube.com\\\/@patagoniaambiental2023?si=BLt58t0wuXquxlYZ\"]}]}<\/script>\n<!-- \/ Yoast SEO Premium plugin. -->","yoast_head_json":{"title":"Foro Latinoamericano y CEPAL concluyen que \u201cno hay modelos \u00fanicos\u201d para la Agenda 2030","robots":{"index":"index","follow":"follow","max-snippet":"max-snippet:-1","max-image-preview":"max-image-preview:large","max-video-preview":"max-video-preview:-1"},"canonical":"https:\/\/patagoniambiental.com.ar\/info\/foro-latinoamericano-y-cepal-concluyen-que-no-hay-modelos-unicos-para-la-agenda-2030\/","og_locale":"es_ES","og_type":"article","og_title":"Foro Latinoamericano y CEPAL concluyen que \u201cno hay modelos \u00fanicos\u201d para la Agenda 2030","og_description":"La primera reuni\u00f3n del Foro de pa\u00edses de Am\u00e9rica Latina y el Caribe sobre el Desarrollo Sostenible y del CEPAL [&hellip;]","og_url":"https:\/\/patagoniambiental.com.ar\/info\/foro-latinoamericano-y-cepal-concluyen-que-no-hay-modelos-unicos-para-la-agenda-2030\/","og_site_name":"Patagonia Ambiental","article_publisher":"https:\/\/www.facebook.com\/patagonia.ambiental","article_author":"https:\/\/www.facebook.com\/share\/1C1V8Gv9BX\/?mibextid=qi2Omg","article_published_time":"2017-05-02T12:00:20+00:00","og_image":[{"width":600,"height":310,"url":"https:\/\/patagoniambiental.com.ar\/info\/wp-content\/uploads\/2017\/05\/foro-lotinoamericano.jpg","type":"image\/jpeg"}],"author":"Patagonia Ambiental","twitter_card":"summary_large_image","twitter_creator":"@PatAmb","twitter_site":"@PatAmb","schema":{"@context":"https:\/\/schema.org","@graph":[{"@type":"Article","@id":"https:\/\/patagoniambiental.com.ar\/info\/foro-latinoamericano-y-cepal-concluyen-que-no-hay-modelos-unicos-para-la-agenda-2030\/#article","isPartOf":{"@id":"https:\/\/patagoniambiental.com.ar\/info\/foro-latinoamericano-y-cepal-concluyen-que-no-hay-modelos-unicos-para-la-agenda-2030\/"},"author":{"name":"Patagonia Ambiental","@id":"https:\/\/patagoniambiental.com.ar\/info\/#\/schema\/person\/db12bff64bbcbf6a253710bf0ea37b5d"},"headline":"Foro Latinoamericano y CEPAL concluyen que \u201cno hay modelos \u00fanicos\u201d para la Agenda 2030","datePublished":"2017-05-02T12:00:20+00:00","mainEntityOfPage":{"@id":"https:\/\/patagoniambiental.com.ar\/info\/foro-latinoamericano-y-cepal-concluyen-que-no-hay-modelos-unicos-para-la-agenda-2030\/"},"wordCount":548,"commentCount":0,"publisher":{"@id":"https:\/\/patagoniambiental.com.ar\/info\/#organization"},"image":{"@id":"https:\/\/patagoniambiental.com.ar\/info\/foro-latinoamericano-y-cepal-concluyen-que-no-hay-modelos-unicos-para-la-agenda-2030\/#primaryimage"},"thumbnailUrl":"https:\/\/patagoniambiental.com.ar\/info\/wp-content\/uploads\/2017\/05\/foro-lotinoamericano.jpg","articleSection":["Internacionales"],"inLanguage":"es","potentialAction":[{"@type":"CommentAction","name":"Comment","target":["https:\/\/patagoniambiental.com.ar\/info\/foro-latinoamericano-y-cepal-concluyen-que-no-hay-modelos-unicos-para-la-agenda-2030\/#respond"]}]},{"@type":"WebPage","@id":"https:\/\/patagoniambiental.com.ar\/info\/foro-latinoamericano-y-cepal-concluyen-que-no-hay-modelos-unicos-para-la-agenda-2030\/","url":"https:\/\/patagoniambiental.com.ar\/info\/foro-latinoamericano-y-cepal-concluyen-que-no-hay-modelos-unicos-para-la-agenda-2030\/","name":"Foro Latinoamericano y CEPAL concluyen que \u201cno hay modelos \u00fanicos\u201d para la Agenda 2030","isPartOf":{"@id":"https:\/\/patagoniambiental.com.ar\/info\/#website"},"primaryImageOfPage":{"@id":"https:\/\/patagoniambiental.com.ar\/info\/foro-latinoamericano-y-cepal-concluyen-que-no-hay-modelos-unicos-para-la-agenda-2030\/#primaryimage"},"image":{"@id":"https:\/\/patagoniambiental.com.ar\/info\/foro-latinoamericano-y-cepal-concluyen-que-no-hay-modelos-unicos-para-la-agenda-2030\/#primaryimage"},"thumbnailUrl":"https:\/\/patagoniambiental.com.ar\/info\/wp-content\/uploads\/2017\/05\/foro-lotinoamericano.jpg","datePublished":"2017-05-02T12:00:20+00:00","breadcrumb":{"@id":"https:\/\/patagoniambiental.com.ar\/info\/foro-latinoamericano-y-cepal-concluyen-que-no-hay-modelos-unicos-para-la-agenda-2030\/#breadcrumb"},"inLanguage":"es","potentialAction":[{"@type":"ReadAction","target":["https:\/\/patagoniambiental.com.ar\/info\/foro-latinoamericano-y-cepal-concluyen-que-no-hay-modelos-unicos-para-la-agenda-2030\/"]}]},{"@type":"ImageObject","inLanguage":"es","@id":"https:\/\/patagoniambiental.com.ar\/info\/foro-latinoamericano-y-cepal-concluyen-que-no-hay-modelos-unicos-para-la-agenda-2030\/#primaryimage","url":"https:\/\/patagoniambiental.com.ar\/info\/wp-content\/uploads\/2017\/05\/foro-lotinoamericano.jpg","contentUrl":"https:\/\/patagoniambiental.com.ar\/info\/wp-content\/uploads\/2017\/05\/foro-lotinoamericano.jpg","width":600,"height":310},{"@type":"BreadcrumbList","@id":"https:\/\/patagoniambiental.com.ar\/info\/foro-latinoamericano-y-cepal-concluyen-que-no-hay-modelos-unicos-para-la-agenda-2030\/#breadcrumb","itemListElement":[{"@type":"ListItem","position":1,"name":"Inicio","item":"https:\/\/patagoniambiental.com.ar\/info\/"},{"@type":"ListItem","position":2,"name":"Foro Latinoamericano y CEPAL concluyen que \u201cno hay modelos \u00fanicos\u201d para la Agenda 2030"}]},{"@type":"WebSite","@id":"https:\/\/patagoniambiental.com.ar\/info\/#website","url":"https:\/\/patagoniambiental.com.ar\/info\/","name":"Patagonia Ambiental","description":"Monitoreo y an\u00e1lisis de la situaci\u00f3n geopol\u00edtica en el mundo y su implicancia en la Patagonia","publisher":{"@id":"https:\/\/patagoniambiental.com.ar\/info\/#organization"},"potentialAction":[{"@type":"SearchAction","target":{"@type":"EntryPoint","urlTemplate":"https:\/\/patagoniambiental.com.ar\/info\/?s={search_term_string}"},"query-input":{"@type":"PropertyValueSpecification","valueRequired":true,"valueName":"search_term_string"}}],"inLanguage":"es"},{"@type":"Organization","@id":"https:\/\/patagoniambiental.com.ar\/info\/#organization","name":"Patagonia Ambiental","url":"https:\/\/patagoniambiental.com.ar\/info\/","logo":{"@type":"ImageObject","inLanguage":"es","@id":"https:\/\/patagoniambiental.com.ar\/info\/#\/schema\/logo\/image\/","url":"https:\/\/patagoniambiental.com.ar\/info\/wp-content\/uploads\/2025\/05\/LOGO-PATAGONIA-AMBIENTAL.png","contentUrl":"https:\/\/patagoniambiental.com.ar\/info\/wp-content\/uploads\/2025\/05\/LOGO-PATAGONIA-AMBIENTAL.png","width":433,"height":250,"caption":"Patagonia Ambiental"},"image":{"@id":"https:\/\/patagoniambiental.com.ar\/info\/#\/schema\/logo\/image\/"},"sameAs":["https:\/\/www.facebook.com\/patagonia.ambiental","https:\/\/x.com\/PatAmb"]},{"@type":"Person","@id":"https:\/\/patagoniambiental.com.ar\/info\/#\/schema\/person\/db12bff64bbcbf6a253710bf0ea37b5d","name":"Patagonia Ambiental","description":"Andr\u00e9s Nievas T\u00e9cnico en manejo ambiental, consultor Ambiental y escritor para medios locales e internacionales sobre temas de geopolitica y medio ambiente.","sameAs":["http:\/\/www.patagoniambiental.com.ar","https:\/\/www.facebook.com\/share\/1C1V8Gv9BX\/?mibextid=qi2Omg","@patagoniambiental","https:\/\/youtube.com\/@patagoniaambiental2023?si=BLt58t0wuXquxlYZ"]}]}},"_links":{"self":[{"href":"https:\/\/patagoniambiental.com.ar\/info\/wp-json\/wp\/v2\/posts\/28392","targetHints":{"allow":["GET"]}}],"collection":[{"href":"https:\/\/patagoniambiental.com.ar\/info\/wp-json\/wp\/v2\/posts"}],"about":[{"href":"https:\/\/patagoniambiental.com.ar\/info\/wp-json\/wp\/v2\/types\/post"}],"author":[{"embeddable":true,"href":"https:\/\/patagoniambiental.com.ar\/info\/wp-json\/wp\/v2\/users\/2"}],"replies":[{"embeddable":true,"href":"https:\/\/patagoniambiental.com.ar\/info\/wp-json\/wp\/v2\/comments?post=28392"}],"version-history":[{"count":0,"href":"https:\/\/patagoniambiental.com.ar\/info\/wp-json\/wp\/v2\/posts\/28392\/revisions"}],"wp:featuredmedia":[{"embeddable":true,"href":"https:\/\/patagoniambiental.com.ar\/info\/wp-json\/wp\/v2\/media\/28393"}],"wp:attachment":[{"href":"https:\/\/patagoniambiental.com.ar\/info\/wp-json\/wp\/v2\/media?parent=28392"}],"wp:term":[{"taxonomy":"category","embeddable":true,"href":"https:\/\/patagoniambiental.com.ar\/info\/wp-json\/wp\/v2\/categories?post=28392"},{"taxonomy":"post_tag","embeddable":true,"href":"https:\/\/patagoniambiental.com.ar\/info\/wp-json\/wp\/v2\/tags?post=28392"}],"curies":[{"name":"wp","href":"https:\/\/api.w.org\/{rel}","templated":true}]}}