{"id":28412,"date":"2017-05-02T09:00:38","date_gmt":"2017-05-02T12:00:38","guid":{"rendered":"http:\/\/patagoniambiental.com.ar\/info\/?p=28412"},"modified":"2017-05-02T09:00:44","modified_gmt":"2017-05-02T12:00:44","slug":"chile-viaje-al-interior-de-temucuicui-el-enclave-quemante-de-la-araucania","status":"publish","type":"post","link":"https:\/\/patagoniambiental.com.ar\/info\/chile-viaje-al-interior-de-temucuicui-el-enclave-quemante-de-la-araucania\/","title":{"rendered":"CHILE: Viaje al interior de Temucuicui , el enclave \u00abquemante\u00bb de La Araucan\u00eda"},"content":{"rendered":"<div><b>La Araucania.-El Mercurio<\/b> \/ Viaje al interior de Temucuicui , el enclave \u00abquemante\u00bb de La Araucan\u00eda \u00abEl<\/div>\n<p><!--more--><\/p>\n<div>Mercurio\u00bb entr\u00f3 a la comunidad que el INE no pudo censar el 19 de abril y comprob\u00f3 que se obstaculiza el acceso de los afuerinos a ciertas \u00e1reas p\u00fablicas, argumentando \u00abrestricciones\u00bb, y que proh\u00edben, incluso, hablar por celular, lo que se ver\u00eda facilitado por un aparente repliegue de las fuerzas policiales en el sector. Marcelo Pinto E. \u00a0 \u00a0 \u00ab\u00bfQu\u00e9 es la violencia contra\u2026\u00bb. La pregunta no se puede leer completa. La hoja en que est\u00e1 impresa -en un folleto del Gobierno- se encuentra embarrada y quemada en los extremos, al interior de un furg\u00f3n del Ministerio de la Mujer y Equidad de G\u00e9nero que encapuchados emboscaron e incendiaron, el 22 de noviembre de 2016, en el camino que lleva a Temucuicui.<\/div>\n<div>\nEl asentamiento ind\u00edgena, ubicado en plena \u00abzona roja\u00bb del conflicto de La Araucan\u00eda, volvi\u00f3 a cobrar notoriedad el 19 de abril pasado, cuando algunos de sus vecinos derribaron \u00e1rboles y bloquearon rutas para impedir que el INE los censara. Previamente, sus l\u00edderes hab\u00edan advertido, en tono vociferante, que no estaban dispuestos a ser \u00abcontados como animales\u00bb.<\/p>\n<p>Cinco meses despu\u00e9s del atentado incendiario contra el veh\u00edculo del Ministerio de la Mujer, que acudi\u00f3 a la zona para atender a una integrante de la comunidad ind\u00edgena, los restos de la van permanecen a\u00fan en el lugar de la emboscada. Como una prueba elocuente del perfil controversial que se ha granjeado el asentamiento desde 1999 (ver l\u00ednea del tiempo).<\/p>\n<p>\u00bfTerritorio \u00abindependiente\u00bb?<\/p>\n<p>Solo seis kil\u00f3metros separan a Temucuicui de la localidad de Ercilla y de la Panamericana Sur (ver mapa). El viaje en veh\u00edculo toma, a lo m\u00e1s, unos 10 minutos, a trav\u00e9s de un camino ripiado en buen estado. Pero la comunidad parece, por momentos, un mundo aparte. Una especie de \u00abterritorio independiente\u00bb, como proclaman amenazantes distintos grafitis garrapateados a uno y otro lado de la ruta.<\/p>\n<p>La peculiar atm\u00f3sfera que se respira en el asentamiento se adivina ya en Ercilla: cabecera de la comuna hom\u00f3nima, que registra la mayor cantidad de delitos vinculados al conflicto ind\u00edgena. Incluso, en el respaldo de los asientos de la sala de espera del municipio es posible encontrar rayados con consignas alusivas a la \u00abnaci\u00f3n mapuche\u00bb.<\/p>\n<p>A un par de cuadras de ah\u00ed, frente a la Plaza de Armas, hay una oficina con un cartel manuscrito, en el que se lee: \u00abCenso\u00bb. All\u00ed, en dos horarios, se atiende a quienes no se sometieron al catastro del INE. Entre ellos, comuneros de Temucuicui, en su mayor\u00eda <a href=\"http:\/\/www.tipsfemeninos.com\/\" target=\"'_blank'\">mujer<\/a>es, que han ido voluntariamente frente al temor de perder subsidios estatales tras la \u00abrebeli\u00f3n\u00bb del 19 de abril.<\/p>\n<p>Furg\u00f3n incendiado es parte del paisaje<\/p>\n<p>Desde la salida de Ercilla se divisa el camino a Temucuicui. En varios tramos est\u00e1 flanqueado por vegetaci\u00f3n tupida. Pero tambi\u00e9n hay claros que dejan ver parcelas y casas desperdigadas. Mismo cuadro que apreciaron los censistas la semana pasada. Antes de dar la media vuelta y volver al municipio, con sus formularios en blanco, despu\u00e9s de encontrar los caminos bloqueados. Y de o\u00edr, supuestamente, algunos disparos.<\/p>\n<p>Los \u00e1rboles talados por los violentistas para cerrarles el paso ese d\u00eda est\u00e1n todav\u00eda en el camino, aunque en los costados. El jueves en la ma\u00f1ana hab\u00eda por lo menos cinco lugares con pilas de troncos en las v\u00edas adyacentes a Temucuicui.<\/p>\n<p>La ruta que lleva al asentamiento tiene poco <a href=\"http:\/\/www.safedriveflorida.com\/\" target=\"'_blank'\">tr\u00e1nsito<\/a>. Y quienes pasan, ni siquiera miran el furg\u00f3n calcinado del Ministerio de la Mujer, como si formara parte del paisaje. El d\u00eda de la emboscada, antes de prenderle fuego, los extremistas gritaron consignas a favor de la machi Francisca Linconao, imputada por el homicidio de los Luchsinger.<\/p>\n<p>Agujeros de bala<\/p>\n<p>Unos cientos de metros m\u00e1s all\u00e1 hay otro indicio de la violencia que durante los \u00faltimos a\u00f1os ha golpeado al sector. Y que le da al camino un aspecto digno de una pel\u00edcula b\u00e9lica: un paradero de microbuses cuyas paredes presentan una cantidad considerable de agujeros de bala y perdigones.<\/p>\n<p>No es casual. Desde que los comuneros iniciaron las \u00abhostilidades\u00bb para reclamar \u00abtierras ancestrales\u00bb, a fines de los 90, los tiroteos e incidentes con armas de fuego se han multiplicado en el sector. Entre las v\u00edctimas se cuenta Juan Cruz, un anarquista que fue a Temucuicui para solidarizar con la \u00abcausa\u00bb y que termin\u00f3 asesinado de un balazo en el rostro, al interior de la casa de un mapuche. En la n\u00f3mina figuran igualmente carabineros que resultaron heridos con munici\u00f3n de distinto tipo y calibre, en sucesivos choques con los ind\u00edgenas.<\/p>\n<p>Un poco m\u00e1s all\u00e1 del paradero agujerado por los proyectiles se divisa Temucuicui. Que no es un pueblo como tal, sino un \u00e1rea en la que la mayor parte de las casas est\u00e1n desperdigadas. Pero donde los mapuches hacen sentir su \u00abautoridad\u00bb.<\/p>\n<p>Tanto, que definen hasta d\u00f3nde pueden llegar los afuerinos, aun en caminos p\u00fablicos. O proh\u00edben el uso de celulares.<\/p>\n<p>No hay claridad sobre cu\u00e1ntas personas habitan la comunidad. Menos todav\u00eda despu\u00e9s del frustrado censo, como admiten en el entorno del municipio de Ercilla.<\/p>\n<p>Algunos hablan de unos 200 habitantes. Otros elevan la estimaci\u00f3n a unos 400. Pero s\u00ed hay consenso en cuanto a que todos ellos ser\u00edan ind\u00edgenas. Porque en el sector los \u00abhuincas\u00bb (no mapuches) generan \u00abanticuerpos\u00bb, como previene un agricultor que conoce la zona.<\/p>\n<p>Werk\u00e9n Carbone: \u00abHay restricciones\u00bb<\/p>\n<p>A la bajada del lugar desde donde se visualiza el asentamiento hay una bifurcaci\u00f3n. Y un letrero met\u00e1lico, instalado por Vialidad, que dice Temucuicui. Pero que los lugare\u00f1os doblaron a golpes, quiz\u00e1s para evidenciar su rechazo a la autoridad. Y al Estado.<\/p>\n<p>Es jueves al mediod\u00eda y \u00abEl Mercurio\u00bb ya est\u00e1 en la comunidad. Unos dos kil\u00f3metros m\u00e1s all\u00e1 del punto al que pudieron llegar los censistas antes de encontrarse con las barricadas.<\/p>\n<p>\u00abLa poblaci\u00f3n\u00bb, como la llama Carabineros, est\u00e1 formada por unas 20 casas emplazadas a uno y otro lado del camino. Ah\u00ed se encuentran tambi\u00e9n los tres servicios p\u00fablicos presentes en el lugar: un jard\u00edn infantil, la escuela municipal G-816 y una posta.<\/p>\n<p>En este sector viven el lonko Juan Catrillanca y el werk\u00e9n (mensajero) Mijael Carbone, l\u00edderes de la comunidad Temucuicui Tradicional, uno de los dos grupos en que se dividen los ind\u00edgenas del asentamiento.<\/p>\n<p>Desde el \u00e1mbito judicial explican que Catrillanca y Carbone tienen un perfil m\u00e1s \u00abpol\u00edtico\u00bb. Sin perjuicio de que ambos se han visto envueltos en controversias.<\/p>\n<p>El primero, por ejemplo, sufri\u00f3 un ataque a tiros por parte de otros ind\u00edgenas, en su casa, a fines de 2008. La agresi\u00f3n fue atribuida en su minuto a rencillas con la comunidad Temucuicui Aut\u00f3noma: el otro n\u00facleo de mapuches que hay en el lugar.<\/p>\n<p>Carbone, en tanto, registra cinco condenas, por delitos o faltas, entre ellos des\u00f3rdenes y amenazas. En otra ocasi\u00f3n, adem\u00e1s, fue sentenciado por un homicidio frustrado contra Carabineros, pero en un segundo juicio result\u00f3 absuelto.<\/p>\n<p>Fuera de la propiedad de Carbone hay dos autos, unas <a href=\"http:\/\/www.safedriveflorida.com\/\" target=\"'_blank'\">motos<\/a> y un generador en funcionamiento. Con el ruido como tel\u00f3n de fondo, el werk\u00e9n entra en escena. Se acerca lentamente, y en un primer momento mira con desconfianza.<\/p>\n<p>Es el vocero de su comunidad, pero prefiere no hablar. Entonces remite al lonko Juan Catrillanca. Cuando se le piden indicaciones para llegar, dice que no es posible permitir el paso hacia all\u00e1. Porque en la zona \u00abhay restricciones\u00bb, que no precisa. Se compromete, en todo caso, a servir de puente e instruye que se le contacte en una hora.<\/p>\n<p>Banderas mapuches en el jard\u00edn infantil<\/p>\n<p>Las \u00abrestricciones\u00bb de las que habla Carbone apuntan a las dificultades que, en los hechos, hay para recorrer Temucuicui, pese a que los caminos son p\u00fablicos. Incluso, carabineros y detectives evitan adentrarse en la comunidad, seg\u00fan revelan en el entorno judicial de Temuco (ver recuadro).<\/p>\n<p>Los comuneros miran con recelo a los afuerinos. Y mediante gestos, advierten que no est\u00e1n disponibles para hablar. Ni siquiera un hombre que se identifica como profesor de la escuela acepta preguntas. \u00abNo estoy autorizado\u00bb, explica con visible embarazo, sin detallar de d\u00f3nde proviene la \u00abprohibici\u00f3n\u00bb.<\/p>\n<p>Aparte de unos ni\u00f1os que corretean en la parte delantera del colegio, no hay movimiento en las edificaciones vecinas: la posta abre \u00fanicamente los mi\u00e9rcoles y el jard\u00edn infantil parece cerrado. Fuera de este \u00faltimo establecimiento, que es p\u00fablico, se observan dos grandes banderas mapuches (azules con la estrella de seis puntas al medio) que flamean desafiantes. Pabell\u00f3n chileno, en cambio, no hay.<\/p>\n<p>Hacia el lado contrario de \u00abla poblaci\u00f3n\u00bb viven dos figuras de la otra comunidad de Temucuicui: la Aut\u00f3noma. Originalmente, los ind\u00edgenas formaban un mismo grupo, pero se dividieron en 2008.<\/p>\n<p>En el cisma influyeron distintos factores. Conocedores del conflicto explican que el principal se relacion\u00f3 con las distintas visiones surgidas entre los comuneros respecto del modo en que deb\u00eda encauzarse la reivindicaci\u00f3n de tierras.<\/p>\n<p>La escisi\u00f3n, en todo caso, se explica igualmente por una motivaci\u00f3n pr\u00e1ctica. La Ley Ind\u00edgena, que regula la compra y entrega de predios a los mapuches, permite que una misma comunidad se divida en una o m\u00e1s agrupaciones y opte de ese modo a una mayor cantidad de campos.<\/p>\n<p>As\u00ed, bajo tres \u00abrazones sociales\u00bb distintas -Comunidad Ignacio Queipul, Comunidad Ignacio Queipul II y Comunidad Aut\u00f3noma Temucuicui-, estos mapuches recibieron m\u00e1s de 3.100 hect\u00e1reas, entre 1998 y 2014. Adquisiciones que para el Estado implicaron un desembolso de $4.056 millones, conforme a un estudio de la Multigremial de La Araucan\u00eda.<\/p>\n<p>Los fundos Alaska, Montenegro, Nilontraro y La Romana se cuentan entre los campos que la Conadi traspas\u00f3 a los ind\u00edgenas de Temucuicui. En todos los casos, sus due\u00f1os aceptaron venderlos despu\u00e9s de enfrentar, por a\u00f1os, una cadena de atentados. Sin que los tribunales, las polic\u00edas ni los sucesivos gobiernos pudieran detenerlos.<\/p>\n<p>Como le sucedi\u00f3 a Ren\u00e9 Urban, ex propietario de los \u00faltimos tres fundos, quien, junto a su esposa e hijos, termin\u00f3 doblando la rodilla tras marcar un verdadero r\u00e9cord en materia de ataques: 250.<\/p>\n<p>Urban, \u00faltimo agricultor que colindaba directamente con la Temucuicui, sigue viviendo en Ercilla. Y con el dinero que acept\u00f3 pagarle el Estado (\u00abmuy inferior\u00bb al valor comercial, seg\u00fan su entorno) contin\u00faa hoy con su actividad, pero en una zona m\u00e1s segura.<\/p>\n<p>Lonco Queipul: \u00abMejor no hablo\u00bb<\/p>\n<p>Para llegar donde viven los l\u00edderes de la comunidad Temucuicui Aut\u00f3noma es necesario pasar, precisamente, junto a los fundos que fueron de Urban. Como la Tradicional, tiene dos cabezas: un lonco, en este caso, V\u00edctor Queipul, y un werk\u00e9n, Jorge Huenchull\u00e1n.<\/p>\n<p>El primero vive junto al camino. Pasado el mediod\u00eda del jueves, est\u00e1 trabajando en un galp\u00f3n, fuera de su casa. Como Carbone -de la comunidad tradicional-, saluda con desconfianza. \u00ab\u00bfCon qui\u00e9n estoy hablando yo?\u00bb, pregunta. Luego hace una pausa y corta el di\u00e1logo: \u00abMejor no hablo\u00bb.<\/p>\n<p>En la zona cuentan que \u00e9l fue uno de los impulsores de la divisi\u00f3n de la comunidad original. Que la llev\u00f3 adelante por diferencias con Catrillanca y para consolidar su creciente liderazgo entre una parte de los ind\u00edgenas. Como otros l\u00edderes mapuches, ha estado preso. En diciembre del a\u00f1o pasado, por ejemplo, fue arrestado por una supuesta agresi\u00f3n a un detective, causa que est\u00e1 a\u00fan en tr\u00e1mite.<\/p>\n<p>El werk\u00e9n Huenchull\u00e1n tambi\u00e9n ha tenido complicaciones. La \u00faltima es reciente y se vincula con el hallazgo, hace unas semanas, de decenas de plantas de marihuana, en un invernadero de su predio.<\/p>\n<p>En el operativo, los carabineros detuvieron a su pareja, pero se llevaron solo una parte de la droga. En Temuco explican que lo anterior obedeci\u00f3 al hecho de que los uniformados se replegaron anticipadamente, ante el riesgo de que se generara una batalla campal con los comuneros.<\/p>\n<p>Huenchull\u00e1n, que hoy est\u00e1 pr\u00f3fugo, ha enfrentado a la justicia en m\u00e1s de una oportunidad. A fines de 2009, por ejemplo, se le abri\u00f3 una causa por amenazar al fiscal Miguel Vel\u00e1squez.<\/p>\n<p>Pasa del mediod\u00eda en Temucuicui, y en el sector de \u00abla poblaci\u00f3n\u00bb, el movimiento sigue siendo escaso. Al interior de los predios se ven algunos j\u00f3venes que parecen vigilar. Ahora, del hogar de Carbone sale otra persona. Es un hombre joven. Dice que el werk\u00e9n no est\u00e1. Que sali\u00f3. Y advierte que en el lugar no hay \u00abpermiso\u00bb para usar celulares. \u00bfPor qu\u00e9? \u00abPorque no se puede\u00bb, responde secamente.<\/p>\n<p>De regreso en Ercilla, la oficina del \u00abcenso\u00bb sigue abierta a la espera de que aparezcan habitantes de Temucuicui y respondan el cuestionario. M\u00e1s all\u00e1 de que, como reflexionan en la zona, la comunidad mantendr\u00e1 su perfil. Est\u00e9n o no en blanco los formularios del INE.<\/p>\n<p>Los obst\u00e1culos que entorpecen el avance de las investigaciones contra los encapuchados que act\u00faan en la zona Impunidad. Las v\u00edctimas de la violencia que desde hace casi dos d\u00e9cadas estremece a La Araucan\u00eda suelen repetir esa palabra cuando hablan de los atentados o delitos que las han afectado.<\/p>\n<p>Entonces, apuntan al modo en que funcionan tres engranajes de un mismo mecanismo: polic\u00edas, fiscales y tribunales.<\/p>\n<p>En el entorno judicial de Temuco admiten que todos los actores pueden tener una cuota de responsabilidad, pero se detienen en el papel que est\u00e1n jugando hoy las polic\u00edas. Principalmente, Carabineros.<\/p>\n<p>Los efectivos, aseguran, se muestran cada vez m\u00e1s reacios a entrar en sectores \u00abquemantes\u00bb, como la comunidad de Temucuicui. Por temor a que esas incursiones desemboquen en escaramuzas violentas, con heridos o, incluso, muertos.<\/p>\n<p>Lo anterior se refleja en que los uniformados dilatar\u00edan el cumplimiento de las instrucciones de los fiscales.<\/p>\n<p>Seg\u00fan estos datos, la ejecuci\u00f3n de las \u00f3rdenes provenientes del Ministerio P\u00fablico se retrasar\u00eda bajo distintos argumentos. Como que no cuentan en ese minuto con veh\u00edculos blindados para entrar a las comunidades, o que estructurar un contingente adecuado a la diligencia \u00abtoma tiempo\u00bb.<\/p>\n<p>Quienes despliegan esos \u00abalegatos\u00bb ante los fiscales ser\u00edan jefes policiales de rango medio, de perfil operativo.<\/p>\n<p>El escenario descrito, en todo caso, se relaciona con otro problema: el insuficiente respaldo \u00abpol\u00edtico\u00bb que percibir\u00edan los polic\u00edas al cumplir sus tareas.<\/p>\n<p>Ello explicar\u00eda que los carabineros lleven solo balas de goma cuando entran en los asentamientos. O que los detectives planteen a veces que, antes de allanar, tienen la instrucci\u00f3n de contactarse con los jefes mapuches para evitar roces.<\/p>\n<p>En ese marco, los persecutores investigan actualmente los dos principales delitos que se dan en la zona de Temucuicui: asaltos armados a automovilistas, por parte de encapuchados, y tr\u00e1fico de drogas, delitos que desplazaron en el \u00e1rea al abigeato (robo de ganado).<\/p>\n<p>La Fiscal\u00eda de Alta Complejidad de la zona, a cargo de Luis Arroyo, contabiliza en el \u00faltimo tiempo siete robos violentos de veh\u00edculos que parecen vincularse con la comunidad mapuche. En algunos casos, los m\u00f3viles han sido quemados.<\/p>\n<p>Durante las pesquisas, ha sido detenida una docena de personas, tres de las cuales permanecen actualmente presas.<\/p>\n<p>Esas mismas averiguaciones, adem\u00e1s, dieron la pista para que el Ministerio P\u00fablico descubriera, con la ayuda de un dron, la plantaci\u00f3n de marihuana en la casa del werk\u00e9n de la comunidad Temucuicui Aut\u00f3noma, Jorge Huenchull\u00e1n.<\/p>\n<p>Desde Carabineros se hizo ver que personal de la instituci\u00f3n ha entrado al sector con el fin de cumplir distintos \u00abprocedimientos\u00bb. Y que para sus efectivos \u00abno hay lugares vedados\u00bb en la zona.<\/p>\n<p><b>CHILE: Viaje al interior de Temucuicui , el enclave \u00abquemante\u00bb de La Araucan\u00eda<\/b><\/p>\n<p>Con Informaci\u00f3n de <b>El Mercurio<\/b><\/p>\n<p><a title=\"'CHILE:\" href=\"http:\/\/www.entornointeligente.com\/articulo\/9926633\/'\/articulo\/9926633\/CHILE-Viaje-al-interior-de-Temucuicui--el-enclave-quemante-de-La-Araucania'\">http:\/\/entornointeligente.com\/articulo\/9926633\/CHILE-Viaje-al-interior-de-Temucuicui&#8211;el-enclave-quemante-de-La-Araucania<\/a><\/p>\n<p>S\u00edguenos en Twitter @entornoi<\/p>\n<div class=\"addthis_toolbox addthis_vertical_style\"><\/div>\n<\/div>\n<p>Para mas informaci\u00f3n visite: <a href=\"http:\/\/mundinews.com\/\" target=\"_blank\" rel=\"noopener noreferrer\">Mundinews.com<\/a><\/p>\n<p>Fuente: http:\/\/www.entornointeligente.com\/articulo\/9926633\/CHILE-Viaje-al-interior-de-Temucuicui&#8211;el-enclave-quemante-de-La-Araucania<\/p>\n","protected":false},"excerpt":{"rendered":"<p>La Araucania.-El Mercurio \/ Viaje al interior de Temucuicui , el enclave \u00abquemante\u00bb de La Araucan\u00eda \u00abEl<\/p>\n","protected":false},"author":2,"featured_media":28413,"comment_status":"open","ping_status":"open","sticky":false,"template":"","format":"standard","meta":{"site-sidebar-layout":"default","site-content-layout":"","ast-site-content-layout":"default","site-content-style":"default","site-sidebar-style":"default","ast-global-header-display":"","ast-banner-title-visibility":"","ast-main-header-display":"","ast-hfb-above-header-display":"","ast-hfb-below-header-display":"","ast-hfb-mobile-header-display":"","site-post-title":"","ast-breadcrumbs-content":"","ast-featured-img":"","footer-sml-layout":"","ast-disable-related-posts":"","theme-transparent-header-meta":"","adv-header-id-meta":"","stick-header-meta":"","header-above-stick-meta":"","header-main-stick-meta":"","header-below-stick-meta":"","astra-migrate-meta-layouts":"default","ast-page-background-enabled":"default","ast-page-background-meta":{"desktop":{"background-color":"var(--ast-global-color-5)","background-image":"","background-repeat":"repeat","background-position":"center center","background-size":"auto","background-attachment":"scroll","background-type":"","background-media":"","overlay-type":"","overlay-color":"","overlay-opacity":"","overlay-gradient":""},"tablet":{"background-color":"","background-image":"","background-repeat":"repeat","background-position":"center center","background-size":"auto","background-attachment":"scroll","background-type":"","background-media":"","overlay-type":"","overlay-color":"","overlay-opacity":"","overlay-gradient":""},"mobile":{"background-color":"","background-image":"","background-repeat":"repeat","background-position":"center center","background-size":"auto","background-attachment":"scroll","background-type":"","background-media":"","overlay-type":"","overlay-color":"","overlay-opacity":"","overlay-gradient":""}},"ast-content-background-meta":{"desktop":{"background-color":"var(--ast-global-color-4)","background-image":"","background-repeat":"repeat","background-position":"center center","background-size":"auto","background-attachment":"scroll","background-type":"","background-media":"","overlay-type":"","overlay-color":"","overlay-opacity":"","overlay-gradient":""},"tablet":{"background-color":"var(--ast-global-color-4)","background-image":"","background-repeat":"repeat","background-position":"center center","background-size":"auto","background-attachment":"scroll","background-type":"","background-media":"","overlay-type":"","overlay-color":"","overlay-opacity":"","overlay-gradient":""},"mobile":{"background-color":"var(--ast-global-color-4)","background-image":"","background-repeat":"repeat","background-position":"center center","background-size":"auto","background-attachment":"scroll","background-type":"","background-media":"","overlay-type":"","overlay-color":"","overlay-opacity":"","overlay-gradient":""}},"footnotes":""},"categories":[23,1],"tags":[],"class_list":["post-28412","post","type-post","status-publish","format-standard","has-post-thumbnail","hentry","category-internacionales","category-noticias"],"yoast_head":"<!-- This site is optimized with the Yoast SEO Premium plugin v23.0 (Yoast SEO v27.4) - https:\/\/yoast.com\/product\/yoast-seo-premium-wordpress\/ -->\n<title>CHILE: Viaje al interior de Temucuicui , el enclave &quot;quemante&quot; de La Araucan\u00eda<\/title>\n<meta name=\"robots\" content=\"index, follow, max-snippet:-1, max-image-preview:large, max-video-preview:-1\" \/>\n<link rel=\"canonical\" href=\"https:\/\/patagoniambiental.com.ar\/info\/chile-viaje-al-interior-de-temucuicui-el-enclave-quemante-de-la-araucania\/\" \/>\n<meta property=\"og:locale\" content=\"es_ES\" \/>\n<meta property=\"og:type\" content=\"article\" \/>\n<meta property=\"og:title\" content=\"CHILE: Viaje al interior de Temucuicui , el enclave &quot;quemante&quot; de La Araucan\u00eda\" \/>\n<meta property=\"og:description\" content=\"La Araucania.-El Mercurio \/ Viaje al interior de Temucuicui , el enclave \u00abquemante\u00bb de La Araucan\u00eda \u00abEl\" \/>\n<meta property=\"og:url\" content=\"https:\/\/patagoniambiental.com.ar\/info\/chile-viaje-al-interior-de-temucuicui-el-enclave-quemante-de-la-araucania\/\" \/>\n<meta property=\"og:site_name\" content=\"Patagonia Ambiental\" \/>\n<meta property=\"article:publisher\" content=\"https:\/\/www.facebook.com\/patagonia.ambiental\" \/>\n<meta property=\"article:author\" content=\"https:\/\/www.facebook.com\/share\/1C1V8Gv9BX\/?mibextid=qi2Omg\" \/>\n<meta property=\"article:published_time\" content=\"2017-05-02T12:00:38+00:00\" \/>\n<meta property=\"article:modified_time\" content=\"2017-05-02T12:00:44+00:00\" \/>\n<meta property=\"og:image\" content=\"https:\/\/patagoniambiental.com.ar\/info\/wp-content\/uploads\/2017\/05\/tomas-elias-gonzalez-CHILE-Viaje-al-interior-de-Temucuicui-el-enclave-quemante-de-La-Araucan-a.jpg\" \/>\n\t<meta property=\"og:image:width\" content=\"302\" \/>\n\t<meta property=\"og:image:height\" content=\"203\" \/>\n\t<meta property=\"og:image:type\" content=\"image\/jpeg\" \/>\n<meta name=\"author\" content=\"Patagonia Ambiental\" \/>\n<meta name=\"twitter:card\" content=\"summary_large_image\" \/>\n<meta name=\"twitter:creator\" content=\"@PatAmb\" \/>\n<meta name=\"twitter:site\" content=\"@PatAmb\" \/>\n<script type=\"application\/ld+json\" class=\"yoast-schema-graph\">{\"@context\":\"https:\\\/\\\/schema.org\",\"@graph\":[{\"@type\":\"Article\",\"@id\":\"https:\\\/\\\/patagoniambiental.com.ar\\\/info\\\/chile-viaje-al-interior-de-temucuicui-el-enclave-quemante-de-la-araucania\\\/#article\",\"isPartOf\":{\"@id\":\"https:\\\/\\\/patagoniambiental.com.ar\\\/info\\\/chile-viaje-al-interior-de-temucuicui-el-enclave-quemante-de-la-araucania\\\/\"},\"author\":{\"name\":\"Patagonia Ambiental\",\"@id\":\"https:\\\/\\\/patagoniambiental.com.ar\\\/info\\\/#\\\/schema\\\/person\\\/db12bff64bbcbf6a253710bf0ea37b5d\"},\"headline\":\"CHILE: Viaje al interior de Temucuicui , el enclave \u00abquemante\u00bb de La Araucan\u00eda\",\"datePublished\":\"2017-05-02T12:00:38+00:00\",\"dateModified\":\"2017-05-02T12:00:44+00:00\",\"mainEntityOfPage\":{\"@id\":\"https:\\\/\\\/patagoniambiental.com.ar\\\/info\\\/chile-viaje-al-interior-de-temucuicui-el-enclave-quemante-de-la-araucania\\\/\"},\"wordCount\":2721,\"commentCount\":0,\"publisher\":{\"@id\":\"https:\\\/\\\/patagoniambiental.com.ar\\\/info\\\/#organization\"},\"image\":{\"@id\":\"https:\\\/\\\/patagoniambiental.com.ar\\\/info\\\/chile-viaje-al-interior-de-temucuicui-el-enclave-quemante-de-la-araucania\\\/#primaryimage\"},\"thumbnailUrl\":\"https:\\\/\\\/patagoniambiental.com.ar\\\/info\\\/wp-content\\\/uploads\\\/2017\\\/05\\\/tomas-elias-gonzalez-CHILE-Viaje-al-interior-de-Temucuicui-el-enclave-quemante-de-La-Araucan-a.jpg\",\"articleSection\":[\"Internacionales\",\"Noticias\"],\"inLanguage\":\"es\",\"potentialAction\":[{\"@type\":\"CommentAction\",\"name\":\"Comment\",\"target\":[\"https:\\\/\\\/patagoniambiental.com.ar\\\/info\\\/chile-viaje-al-interior-de-temucuicui-el-enclave-quemante-de-la-araucania\\\/#respond\"]}]},{\"@type\":\"WebPage\",\"@id\":\"https:\\\/\\\/patagoniambiental.com.ar\\\/info\\\/chile-viaje-al-interior-de-temucuicui-el-enclave-quemante-de-la-araucania\\\/\",\"url\":\"https:\\\/\\\/patagoniambiental.com.ar\\\/info\\\/chile-viaje-al-interior-de-temucuicui-el-enclave-quemante-de-la-araucania\\\/\",\"name\":\"CHILE: Viaje al interior de Temucuicui , el enclave \\\"quemante\\\" de La Araucan\u00eda\",\"isPartOf\":{\"@id\":\"https:\\\/\\\/patagoniambiental.com.ar\\\/info\\\/#website\"},\"primaryImageOfPage\":{\"@id\":\"https:\\\/\\\/patagoniambiental.com.ar\\\/info\\\/chile-viaje-al-interior-de-temucuicui-el-enclave-quemante-de-la-araucania\\\/#primaryimage\"},\"image\":{\"@id\":\"https:\\\/\\\/patagoniambiental.com.ar\\\/info\\\/chile-viaje-al-interior-de-temucuicui-el-enclave-quemante-de-la-araucania\\\/#primaryimage\"},\"thumbnailUrl\":\"https:\\\/\\\/patagoniambiental.com.ar\\\/info\\\/wp-content\\\/uploads\\\/2017\\\/05\\\/tomas-elias-gonzalez-CHILE-Viaje-al-interior-de-Temucuicui-el-enclave-quemante-de-La-Araucan-a.jpg\",\"datePublished\":\"2017-05-02T12:00:38+00:00\",\"dateModified\":\"2017-05-02T12:00:44+00:00\",\"breadcrumb\":{\"@id\":\"https:\\\/\\\/patagoniambiental.com.ar\\\/info\\\/chile-viaje-al-interior-de-temucuicui-el-enclave-quemante-de-la-araucania\\\/#breadcrumb\"},\"inLanguage\":\"es\",\"potentialAction\":[{\"@type\":\"ReadAction\",\"target\":[\"https:\\\/\\\/patagoniambiental.com.ar\\\/info\\\/chile-viaje-al-interior-de-temucuicui-el-enclave-quemante-de-la-araucania\\\/\"]}]},{\"@type\":\"ImageObject\",\"inLanguage\":\"es\",\"@id\":\"https:\\\/\\\/patagoniambiental.com.ar\\\/info\\\/chile-viaje-al-interior-de-temucuicui-el-enclave-quemante-de-la-araucania\\\/#primaryimage\",\"url\":\"https:\\\/\\\/patagoniambiental.com.ar\\\/info\\\/wp-content\\\/uploads\\\/2017\\\/05\\\/tomas-elias-gonzalez-CHILE-Viaje-al-interior-de-Temucuicui-el-enclave-quemante-de-La-Araucan-a.jpg\",\"contentUrl\":\"https:\\\/\\\/patagoniambiental.com.ar\\\/info\\\/wp-content\\\/uploads\\\/2017\\\/05\\\/tomas-elias-gonzalez-CHILE-Viaje-al-interior-de-Temucuicui-el-enclave-quemante-de-La-Araucan-a.jpg\",\"width\":302,\"height\":203},{\"@type\":\"BreadcrumbList\",\"@id\":\"https:\\\/\\\/patagoniambiental.com.ar\\\/info\\\/chile-viaje-al-interior-de-temucuicui-el-enclave-quemante-de-la-araucania\\\/#breadcrumb\",\"itemListElement\":[{\"@type\":\"ListItem\",\"position\":1,\"name\":\"Inicio\",\"item\":\"https:\\\/\\\/patagoniambiental.com.ar\\\/info\\\/\"},{\"@type\":\"ListItem\",\"position\":2,\"name\":\"CHILE: Viaje al interior de Temucuicui , el enclave \u00abquemante\u00bb de La Araucan\u00eda\"}]},{\"@type\":\"WebSite\",\"@id\":\"https:\\\/\\\/patagoniambiental.com.ar\\\/info\\\/#website\",\"url\":\"https:\\\/\\\/patagoniambiental.com.ar\\\/info\\\/\",\"name\":\"Patagonia Ambiental\",\"description\":\"Monitoreo y an\u00e1lisis de la situaci\u00f3n geopol\u00edtica en el mundo y su implicancia en la Patagonia\",\"publisher\":{\"@id\":\"https:\\\/\\\/patagoniambiental.com.ar\\\/info\\\/#organization\"},\"potentialAction\":[{\"@type\":\"SearchAction\",\"target\":{\"@type\":\"EntryPoint\",\"urlTemplate\":\"https:\\\/\\\/patagoniambiental.com.ar\\\/info\\\/?s={search_term_string}\"},\"query-input\":{\"@type\":\"PropertyValueSpecification\",\"valueRequired\":true,\"valueName\":\"search_term_string\"}}],\"inLanguage\":\"es\"},{\"@type\":\"Organization\",\"@id\":\"https:\\\/\\\/patagoniambiental.com.ar\\\/info\\\/#organization\",\"name\":\"Patagonia Ambiental\",\"url\":\"https:\\\/\\\/patagoniambiental.com.ar\\\/info\\\/\",\"logo\":{\"@type\":\"ImageObject\",\"inLanguage\":\"es\",\"@id\":\"https:\\\/\\\/patagoniambiental.com.ar\\\/info\\\/#\\\/schema\\\/logo\\\/image\\\/\",\"url\":\"https:\\\/\\\/patagoniambiental.com.ar\\\/info\\\/wp-content\\\/uploads\\\/2025\\\/05\\\/LOGO-PATAGONIA-AMBIENTAL.png\",\"contentUrl\":\"https:\\\/\\\/patagoniambiental.com.ar\\\/info\\\/wp-content\\\/uploads\\\/2025\\\/05\\\/LOGO-PATAGONIA-AMBIENTAL.png\",\"width\":433,\"height\":250,\"caption\":\"Patagonia Ambiental\"},\"image\":{\"@id\":\"https:\\\/\\\/patagoniambiental.com.ar\\\/info\\\/#\\\/schema\\\/logo\\\/image\\\/\"},\"sameAs\":[\"https:\\\/\\\/www.facebook.com\\\/patagonia.ambiental\",\"https:\\\/\\\/x.com\\\/PatAmb\"]},{\"@type\":\"Person\",\"@id\":\"https:\\\/\\\/patagoniambiental.com.ar\\\/info\\\/#\\\/schema\\\/person\\\/db12bff64bbcbf6a253710bf0ea37b5d\",\"name\":\"Patagonia Ambiental\",\"description\":\"Andr\u00e9s Nievas T\u00e9cnico en manejo ambiental, consultor Ambiental y escritor para medios locales e internacionales sobre temas de geopolitica y medio ambiente.\",\"sameAs\":[\"http:\\\/\\\/www.patagoniambiental.com.ar\",\"https:\\\/\\\/www.facebook.com\\\/share\\\/1C1V8Gv9BX\\\/?mibextid=qi2Omg\",\"@patagoniambiental\",\"https:\\\/\\\/youtube.com\\\/@patagoniaambiental2023?si=BLt58t0wuXquxlYZ\"]}]}<\/script>\n<!-- \/ Yoast SEO Premium plugin. -->","yoast_head_json":{"title":"CHILE: Viaje al interior de Temucuicui , el enclave \"quemante\" de La Araucan\u00eda","robots":{"index":"index","follow":"follow","max-snippet":"max-snippet:-1","max-image-preview":"max-image-preview:large","max-video-preview":"max-video-preview:-1"},"canonical":"https:\/\/patagoniambiental.com.ar\/info\/chile-viaje-al-interior-de-temucuicui-el-enclave-quemante-de-la-araucania\/","og_locale":"es_ES","og_type":"article","og_title":"CHILE: Viaje al interior de Temucuicui , el enclave \"quemante\" de La Araucan\u00eda","og_description":"La Araucania.-El Mercurio \/ Viaje al interior de Temucuicui , el enclave \u00abquemante\u00bb de La Araucan\u00eda \u00abEl","og_url":"https:\/\/patagoniambiental.com.ar\/info\/chile-viaje-al-interior-de-temucuicui-el-enclave-quemante-de-la-araucania\/","og_site_name":"Patagonia Ambiental","article_publisher":"https:\/\/www.facebook.com\/patagonia.ambiental","article_author":"https:\/\/www.facebook.com\/share\/1C1V8Gv9BX\/?mibextid=qi2Omg","article_published_time":"2017-05-02T12:00:38+00:00","article_modified_time":"2017-05-02T12:00:44+00:00","og_image":[{"width":302,"height":203,"url":"https:\/\/patagoniambiental.com.ar\/info\/wp-content\/uploads\/2017\/05\/tomas-elias-gonzalez-CHILE-Viaje-al-interior-de-Temucuicui-el-enclave-quemante-de-La-Araucan-a.jpg","type":"image\/jpeg"}],"author":"Patagonia Ambiental","twitter_card":"summary_large_image","twitter_creator":"@PatAmb","twitter_site":"@PatAmb","schema":{"@context":"https:\/\/schema.org","@graph":[{"@type":"Article","@id":"https:\/\/patagoniambiental.com.ar\/info\/chile-viaje-al-interior-de-temucuicui-el-enclave-quemante-de-la-araucania\/#article","isPartOf":{"@id":"https:\/\/patagoniambiental.com.ar\/info\/chile-viaje-al-interior-de-temucuicui-el-enclave-quemante-de-la-araucania\/"},"author":{"name":"Patagonia Ambiental","@id":"https:\/\/patagoniambiental.com.ar\/info\/#\/schema\/person\/db12bff64bbcbf6a253710bf0ea37b5d"},"headline":"CHILE: Viaje al interior de Temucuicui , el enclave \u00abquemante\u00bb de La Araucan\u00eda","datePublished":"2017-05-02T12:00:38+00:00","dateModified":"2017-05-02T12:00:44+00:00","mainEntityOfPage":{"@id":"https:\/\/patagoniambiental.com.ar\/info\/chile-viaje-al-interior-de-temucuicui-el-enclave-quemante-de-la-araucania\/"},"wordCount":2721,"commentCount":0,"publisher":{"@id":"https:\/\/patagoniambiental.com.ar\/info\/#organization"},"image":{"@id":"https:\/\/patagoniambiental.com.ar\/info\/chile-viaje-al-interior-de-temucuicui-el-enclave-quemante-de-la-araucania\/#primaryimage"},"thumbnailUrl":"https:\/\/patagoniambiental.com.ar\/info\/wp-content\/uploads\/2017\/05\/tomas-elias-gonzalez-CHILE-Viaje-al-interior-de-Temucuicui-el-enclave-quemante-de-La-Araucan-a.jpg","articleSection":["Internacionales","Noticias"],"inLanguage":"es","potentialAction":[{"@type":"CommentAction","name":"Comment","target":["https:\/\/patagoniambiental.com.ar\/info\/chile-viaje-al-interior-de-temucuicui-el-enclave-quemante-de-la-araucania\/#respond"]}]},{"@type":"WebPage","@id":"https:\/\/patagoniambiental.com.ar\/info\/chile-viaje-al-interior-de-temucuicui-el-enclave-quemante-de-la-araucania\/","url":"https:\/\/patagoniambiental.com.ar\/info\/chile-viaje-al-interior-de-temucuicui-el-enclave-quemante-de-la-araucania\/","name":"CHILE: Viaje al interior de Temucuicui , el enclave \"quemante\" de La Araucan\u00eda","isPartOf":{"@id":"https:\/\/patagoniambiental.com.ar\/info\/#website"},"primaryImageOfPage":{"@id":"https:\/\/patagoniambiental.com.ar\/info\/chile-viaje-al-interior-de-temucuicui-el-enclave-quemante-de-la-araucania\/#primaryimage"},"image":{"@id":"https:\/\/patagoniambiental.com.ar\/info\/chile-viaje-al-interior-de-temucuicui-el-enclave-quemante-de-la-araucania\/#primaryimage"},"thumbnailUrl":"https:\/\/patagoniambiental.com.ar\/info\/wp-content\/uploads\/2017\/05\/tomas-elias-gonzalez-CHILE-Viaje-al-interior-de-Temucuicui-el-enclave-quemante-de-La-Araucan-a.jpg","datePublished":"2017-05-02T12:00:38+00:00","dateModified":"2017-05-02T12:00:44+00:00","breadcrumb":{"@id":"https:\/\/patagoniambiental.com.ar\/info\/chile-viaje-al-interior-de-temucuicui-el-enclave-quemante-de-la-araucania\/#breadcrumb"},"inLanguage":"es","potentialAction":[{"@type":"ReadAction","target":["https:\/\/patagoniambiental.com.ar\/info\/chile-viaje-al-interior-de-temucuicui-el-enclave-quemante-de-la-araucania\/"]}]},{"@type":"ImageObject","inLanguage":"es","@id":"https:\/\/patagoniambiental.com.ar\/info\/chile-viaje-al-interior-de-temucuicui-el-enclave-quemante-de-la-araucania\/#primaryimage","url":"https:\/\/patagoniambiental.com.ar\/info\/wp-content\/uploads\/2017\/05\/tomas-elias-gonzalez-CHILE-Viaje-al-interior-de-Temucuicui-el-enclave-quemante-de-La-Araucan-a.jpg","contentUrl":"https:\/\/patagoniambiental.com.ar\/info\/wp-content\/uploads\/2017\/05\/tomas-elias-gonzalez-CHILE-Viaje-al-interior-de-Temucuicui-el-enclave-quemante-de-La-Araucan-a.jpg","width":302,"height":203},{"@type":"BreadcrumbList","@id":"https:\/\/patagoniambiental.com.ar\/info\/chile-viaje-al-interior-de-temucuicui-el-enclave-quemante-de-la-araucania\/#breadcrumb","itemListElement":[{"@type":"ListItem","position":1,"name":"Inicio","item":"https:\/\/patagoniambiental.com.ar\/info\/"},{"@type":"ListItem","position":2,"name":"CHILE: Viaje al interior de Temucuicui , el enclave \u00abquemante\u00bb de La Araucan\u00eda"}]},{"@type":"WebSite","@id":"https:\/\/patagoniambiental.com.ar\/info\/#website","url":"https:\/\/patagoniambiental.com.ar\/info\/","name":"Patagonia Ambiental","description":"Monitoreo y an\u00e1lisis de la situaci\u00f3n geopol\u00edtica en el mundo y su implicancia en la Patagonia","publisher":{"@id":"https:\/\/patagoniambiental.com.ar\/info\/#organization"},"potentialAction":[{"@type":"SearchAction","target":{"@type":"EntryPoint","urlTemplate":"https:\/\/patagoniambiental.com.ar\/info\/?s={search_term_string}"},"query-input":{"@type":"PropertyValueSpecification","valueRequired":true,"valueName":"search_term_string"}}],"inLanguage":"es"},{"@type":"Organization","@id":"https:\/\/patagoniambiental.com.ar\/info\/#organization","name":"Patagonia Ambiental","url":"https:\/\/patagoniambiental.com.ar\/info\/","logo":{"@type":"ImageObject","inLanguage":"es","@id":"https:\/\/patagoniambiental.com.ar\/info\/#\/schema\/logo\/image\/","url":"https:\/\/patagoniambiental.com.ar\/info\/wp-content\/uploads\/2025\/05\/LOGO-PATAGONIA-AMBIENTAL.png","contentUrl":"https:\/\/patagoniambiental.com.ar\/info\/wp-content\/uploads\/2025\/05\/LOGO-PATAGONIA-AMBIENTAL.png","width":433,"height":250,"caption":"Patagonia Ambiental"},"image":{"@id":"https:\/\/patagoniambiental.com.ar\/info\/#\/schema\/logo\/image\/"},"sameAs":["https:\/\/www.facebook.com\/patagonia.ambiental","https:\/\/x.com\/PatAmb"]},{"@type":"Person","@id":"https:\/\/patagoniambiental.com.ar\/info\/#\/schema\/person\/db12bff64bbcbf6a253710bf0ea37b5d","name":"Patagonia Ambiental","description":"Andr\u00e9s Nievas T\u00e9cnico en manejo ambiental, consultor Ambiental y escritor para medios locales e internacionales sobre temas de geopolitica y medio ambiente.","sameAs":["http:\/\/www.patagoniambiental.com.ar","https:\/\/www.facebook.com\/share\/1C1V8Gv9BX\/?mibextid=qi2Omg","@patagoniambiental","https:\/\/youtube.com\/@patagoniaambiental2023?si=BLt58t0wuXquxlYZ"]}]}},"_links":{"self":[{"href":"https:\/\/patagoniambiental.com.ar\/info\/wp-json\/wp\/v2\/posts\/28412","targetHints":{"allow":["GET"]}}],"collection":[{"href":"https:\/\/patagoniambiental.com.ar\/info\/wp-json\/wp\/v2\/posts"}],"about":[{"href":"https:\/\/patagoniambiental.com.ar\/info\/wp-json\/wp\/v2\/types\/post"}],"author":[{"embeddable":true,"href":"https:\/\/patagoniambiental.com.ar\/info\/wp-json\/wp\/v2\/users\/2"}],"replies":[{"embeddable":true,"href":"https:\/\/patagoniambiental.com.ar\/info\/wp-json\/wp\/v2\/comments?post=28412"}],"version-history":[{"count":0,"href":"https:\/\/patagoniambiental.com.ar\/info\/wp-json\/wp\/v2\/posts\/28412\/revisions"}],"wp:featuredmedia":[{"embeddable":true,"href":"https:\/\/patagoniambiental.com.ar\/info\/wp-json\/wp\/v2\/media\/28413"}],"wp:attachment":[{"href":"https:\/\/patagoniambiental.com.ar\/info\/wp-json\/wp\/v2\/media?parent=28412"}],"wp:term":[{"taxonomy":"category","embeddable":true,"href":"https:\/\/patagoniambiental.com.ar\/info\/wp-json\/wp\/v2\/categories?post=28412"},{"taxonomy":"post_tag","embeddable":true,"href":"https:\/\/patagoniambiental.com.ar\/info\/wp-json\/wp\/v2\/tags?post=28412"}],"curies":[{"name":"wp","href":"https:\/\/api.w.org\/{rel}","templated":true}]}}