{"id":28422,"date":"2017-05-02T19:00:59","date_gmt":"2017-05-02T22:00:59","guid":{"rendered":"http:\/\/patagoniambiental.com.ar\/info\/?p=28422"},"modified":"2017-05-02T09:26:52","modified_gmt":"2017-05-02T12:26:52","slug":"la-iglesia-propone-negociar-espacios-de-plurinacionalidad-y-autonomia-mapuche","status":"publish","type":"post","link":"https:\/\/patagoniambiental.com.ar\/info\/la-iglesia-propone-negociar-espacios-de-plurinacionalidad-y-autonomia-mapuche\/","title":{"rendered":"La Iglesia propone negociar espacios de plurinacionalidad y autonom\u00eda mapuche"},"content":{"rendered":"<p class=\"entradilla\">La Araucan\u00eda.-Documento de trabajo de la Conferencia Episcopal plantea incluir a sectores radicales, como la CAM. Obispo H\u00e9ctor Vargas dice que propuesta fue descartada por mesa de di\u00e1logo para La Araucan\u00eda.<!--more--><\/p>\n<p>\u201cAceptar las verdades esenciales del fracaso de la contienda Estado-pueblo mapuche, con la obligaci\u00f3n de negociar la paz sin miedo a la plurinacionalidad y la autonom\u00eda\u201d, propuso a la Comisi\u00f3n Asesora Presidencial para La Araucan\u00eda, encabezada por el obispo H\u00e9ctor Vargas, la Comisi\u00f3n Nacional de Justicia y Paz de la Conferencia Episcopal.<\/p>\n<p>El documento, fechado en octubre del a\u00f1o pasado y al que tuvo acceso La Tercera, da cuenta de la posici\u00f3n favorable de la Iglesia a las demandas m\u00e1s pol\u00edticas del pueblo mapuche, en momentos en que se espera la propuesta de la Presidenta Bachelet para abordar la paz social en La Araucan\u00eda.<\/p>\n<p>En sus nueve p\u00e1ginas y guiados por la Doctrina Social de la Iglesia, la Comisi\u00f3n Justicia y Paz realiza un severo diagn\u00f3stico de las dos principales \u201cv\u00edas fracasadas\u201d para abordar el conflicto: la militarizaci\u00f3n y el di\u00e1logo sin los actores del mundo mapuche que esgrimen demandas pol\u00edticas frente al Estado.<\/p>\n<p>\u201cLa militarizaci\u00f3n no ha sido soluci\u00f3n a la contienda de sectores mapuches significativos con el Estado, grandes agricultores y empresas forestales. La propia Iglesia lo advirti\u00f3 hace m\u00e1s de una d\u00e9cada\u201d, se\u00f1ala el texto.<\/p>\n<p>De la misma forma, se\u00f1al\u00f3 que \u201cno hay camino sin aceptar que una negociaci\u00f3n es con todas las organizaciones mapuches, incluyendo las actualmente clandestinas; un proceso de consulta vinculante sin miedo, como lo plante\u00f3 el ex intendente Francisco Huenchumilla\u201d.<\/p>\n<p>\u201cEste es el \u00fanico camino posible, la fraternidad es con el distinto\u201d, agrega el documento, que menciona textualmente a la Coordinadora Arauco-Malleco (CAM).<\/p>\n<p>A juicio de la Iglesia, una negociaci\u00f3n efectiva implicar\u00eda transitar un camino en que los grupos radicales \u201cacepten las v\u00edas institucionales\u201d y el Estado y las grandes empresas \u201cacepten que los mapuches tienen derechos colectivos como pueblo-naci\u00f3n\u201d.<\/p>\n<p>En tal sentido, entre sus recomendaciones propone usar el concepto de \u201cnaciones ind\u00edgenas\u201d, citando los avances en materia de reconocimiento existentes en Guatemala, Ecuador y Bolivia, as\u00ed como en los pa\u00edses n\u00f3rdicos con el Pueblo Sami.<\/p>\n<p>\u201cEl reconocimiento a la autodeterminaci\u00f3n de los pueblos no supone una contradicci\u00f3n con el principio de integridad territorial del Estado, sino que releva la importancia de que la organizaci\u00f3n pol\u00edtica y jur\u00eddica del pa\u00eds se haga cargo de la existencia de diversas naciones\u201d, agrega el documento.<\/p>\n<p>Ello har\u00eda necesario \u201creconocer espacios de autonom\u00eda en materias donde muchas de ellas tienen impactos sobre su propio destino; por ejemplo, que el Poder Legislativo tenga representantes ind\u00edgenas y se reconozcan la justicia ind\u00edgena en el Poder Judicial y las autonom\u00edas regionales\u201d, especifica.<\/p>\n<p>En este punto, el documento menciona al obispo H\u00e9ctor Vargas, subrayando que \u00e9l \u201cha respaldado la idea de modificar la Constituci\u00f3n en la perspectiva de un Estado plurinacional como propuso la Comisi\u00f3n para la Descentralizaci\u00f3n\u201d.<\/p>\n<p>Consultado por La Tercera, Vargas confirm\u00f3 la veracidad del texto, indicando que proviene de la Comisi\u00f3n Justicia y Paz, \u201cintegrada por laicos que reflexionan acerca de los desaf\u00edos que la realidad ofrece a la sociedad, como a la tarea evangelizadora de la Iglesia, una instancia al interior de la Conferencia Episcopal\u201d.<\/p>\n<p>A juicio de Vargas, se trata de un \u201cdocumento de trabajo\u201d que busca ser un aporte al debate y que en su oportunidad fue remitido y analizado por la secretar\u00eda t\u00e9cnica de la Comisi\u00f3n Asesora Presidencial.<\/p>\n<p>\u201cLamentablemente, temas all\u00ed propuestos, como la plurinacionalidad del Estado, no lograron el consenso requerido entre los miembros, quedando fuera de las 70 propuestas del documento final\u201d, aclar\u00f3 el obispo de Temuco.<\/p>\n<p>Dicha omisi\u00f3n tuvo sus costos: signific\u00f3 la renuncia a la instancia del representante de la Corporaci\u00f3n de Profesionales Mapuches Enama, abogado Richard Caifal. Vargas desdramatiza el punto y aclara que, en lo personal, comparte la visi\u00f3n planteada por la Comisi\u00f3n Justicia y Paz.<\/p>\n<p>\u201cSe requiere un nuevo acuerdo entre el Estado y los pueblos ind\u00edgenas, y en especial con el pueblo mapuche. La situaci\u00f3n que se vive en La Araucan\u00eda es un indicador claro de esta urgente necesidad\u201d, se\u00f1al\u00f3.<\/p>\n<p>\u201cEn este nuevo pacto, y m\u00e1s a\u00fan en el contexto de una sociedad democr\u00e1tica, no debieran existir temas vetados y todos los puntos deben ser objeto de di\u00e1logo y de an\u00e1lisis conjunto\u201d, precis\u00f3 respecto de conceptos como lo plurinacional y la autonom\u00eda.<\/p>\n<p>\u201cEstos son temas que deben interesarnos si queremos superar asimetr\u00edas muy da\u00f1inas. Estoy consciente, a su vez, que estos conceptos requieren de contenido. Es clave que el mismo mundo ind\u00edgena pueda especificar lo que entiende por ellos\u201d, agreg\u00f3 el obispo.<\/p>\n<p>A juicio del cientista pol\u00edtico Jos\u00e9 Marim\u00e1n, ex miembro de la Comisi\u00f3n para la Descentralizaci\u00f3n y uno de los ide\u00f3logos de la autonom\u00eda mapuche, \u201ces saludable esta nueva postura de la Iglesia, porque apoya la idea de que hay que crear un nuevo escenario pol\u00edtico en La Araucan\u00eda o Wallmapu\u201d.<\/p>\n<p>Marim\u00e1n consider\u00f3, adem\u00e1s, \u201cun paso adelante\u201d el texto y sus propuestas \u201cen el sentido de buscar salidas democr\u00e1ticas a la confrontaci\u00f3n del Estado versus los mapuches y tambi\u00e9n en la evoluci\u00f3n del lenguaje, ya que se nos reconoce desde la Iglesia como parte de un pueblo o una naci\u00f3n\u201d.<\/p>\n<p>Seg\u00fan el acad\u00e9mico mapuche, la aceptaci\u00f3n de formas de autodeterminaci\u00f3n interna o autonom\u00eda, en concordancia con los avances en el derecho internacional, constituyen lo nuevo y destacable en el documento de la Conferencia Episcopal.<\/p>\n<p>\u201cEs una propuesta de nuevo comienzo, que crea nuevas condiciones para que los mapuches participen con poder de decisi\u00f3n en la b\u00fasqueda de soluciones para toda la poblaci\u00f3n pluri\u00e9tnica regional. Y en esto hay que actuar con generosidad y visi\u00f3n de futuro para no excluir a nadie de la convocatoria a abordar el tema\u201d, finaliz\u00f3.<\/p>\n<p>Fuente:\u00a0http:\/\/www.latercera.com\/noticia\/la-iglesia-propone-negociar-espacios-plurinacionalidad-autonomia-mapuche\/<\/p>\n","protected":false},"excerpt":{"rendered":"<p>La Araucan\u00eda.-Documento de trabajo de la Conferencia Episcopal plantea incluir a sectores radicales, como la CAM. Obispo H\u00e9ctor Vargas dice [&hellip;]<\/p>\n","protected":false},"author":2,"featured_media":28423,"comment_status":"open","ping_status":"open","sticky":false,"template":"","format":"standard","meta":{"site-sidebar-layout":"default","site-content-layout":"","ast-site-content-layout":"default","site-content-style":"default","site-sidebar-style":"default","ast-global-header-display":"","ast-banner-title-visibility":"","ast-main-header-display":"","ast-hfb-above-header-display":"","ast-hfb-below-header-display":"","ast-hfb-mobile-header-display":"","site-post-title":"","ast-breadcrumbs-content":"","ast-featured-img":"","footer-sml-layout":"","ast-disable-related-posts":"","theme-transparent-header-meta":"","adv-header-id-meta":"","stick-header-meta":"","header-above-stick-meta":"","header-main-stick-meta":"","header-below-stick-meta":"","astra-migrate-meta-layouts":"default","ast-page-background-enabled":"default","ast-page-background-meta":{"desktop":{"background-color":"var(--ast-global-color-5)","background-image":"","background-repeat":"repeat","background-position":"center center","background-size":"auto","background-attachment":"scroll","background-type":"","background-media":"","overlay-type":"","overlay-color":"","overlay-opacity":"","overlay-gradient":""},"tablet":{"background-color":"","background-image":"","background-repeat":"repeat","background-position":"center center","background-size":"auto","background-attachment":"scroll","background-type":"","background-media":"","overlay-type":"","overlay-color":"","overlay-opacity":"","overlay-gradient":""},"mobile":{"background-color":"","background-image":"","background-repeat":"repeat","background-position":"center center","background-size":"auto","background-attachment":"scroll","background-type":"","background-media":"","overlay-type":"","overlay-color":"","overlay-opacity":"","overlay-gradient":""}},"ast-content-background-meta":{"desktop":{"background-color":"var(--ast-global-color-4)","background-image":"","background-repeat":"repeat","background-position":"center center","background-size":"auto","background-attachment":"scroll","background-type":"","background-media":"","overlay-type":"","overlay-color":"","overlay-opacity":"","overlay-gradient":""},"tablet":{"background-color":"var(--ast-global-color-4)","background-image":"","background-repeat":"repeat","background-position":"center center","background-size":"auto","background-attachment":"scroll","background-type":"","background-media":"","overlay-type":"","overlay-color":"","overlay-opacity":"","overlay-gradient":""},"mobile":{"background-color":"var(--ast-global-color-4)","background-image":"","background-repeat":"repeat","background-position":"center center","background-size":"auto","background-attachment":"scroll","background-type":"","background-media":"","overlay-type":"","overlay-color":"","overlay-opacity":"","overlay-gradient":""}},"footnotes":""},"categories":[23,1],"tags":[],"class_list":["post-28422","post","type-post","status-publish","format-standard","has-post-thumbnail","hentry","category-internacionales","category-noticias"],"yoast_head":"<!-- This site is optimized with the Yoast SEO Premium plugin v23.0 (Yoast SEO v27.4) - https:\/\/yoast.com\/product\/yoast-seo-premium-wordpress\/ -->\n<title>La Iglesia propone negociar espacios de plurinacionalidad y autonom\u00eda mapuche<\/title>\n<meta name=\"robots\" content=\"index, follow, max-snippet:-1, max-image-preview:large, max-video-preview:-1\" \/>\n<link rel=\"canonical\" href=\"https:\/\/patagoniambiental.com.ar\/info\/la-iglesia-propone-negociar-espacios-de-plurinacionalidad-y-autonomia-mapuche\/\" \/>\n<meta property=\"og:locale\" content=\"es_ES\" \/>\n<meta property=\"og:type\" content=\"article\" \/>\n<meta property=\"og:title\" content=\"La Iglesia propone negociar espacios de plurinacionalidad y autonom\u00eda mapuche\" \/>\n<meta property=\"og:description\" content=\"La Araucan\u00eda.-Documento de trabajo de la Conferencia Episcopal plantea incluir a sectores radicales, como la CAM. Obispo H\u00e9ctor Vargas dice [&hellip;]\" \/>\n<meta property=\"og:url\" content=\"https:\/\/patagoniambiental.com.ar\/info\/la-iglesia-propone-negociar-espacios-de-plurinacionalidad-y-autonomia-mapuche\/\" \/>\n<meta property=\"og:site_name\" content=\"Patagonia Ambiental\" \/>\n<meta property=\"article:publisher\" content=\"https:\/\/www.facebook.com\/patagonia.ambiental\" \/>\n<meta property=\"article:author\" content=\"https:\/\/www.facebook.com\/share\/1C1V8Gv9BX\/?mibextid=qi2Omg\" \/>\n<meta property=\"article:published_time\" content=\"2017-05-02T22:00:59+00:00\" \/>\n<meta property=\"og:image\" content=\"https:\/\/patagoniambiental.com.ar\/info\/wp-content\/uploads\/2017\/05\/181-820x385.jpg\" \/>\n\t<meta property=\"og:image:width\" content=\"820\" \/>\n\t<meta property=\"og:image:height\" content=\"385\" \/>\n\t<meta property=\"og:image:type\" content=\"image\/jpeg\" \/>\n<meta name=\"author\" content=\"Patagonia Ambiental\" \/>\n<meta name=\"twitter:card\" content=\"summary_large_image\" \/>\n<meta name=\"twitter:creator\" content=\"@PatAmb\" \/>\n<meta name=\"twitter:site\" content=\"@PatAmb\" \/>\n<script type=\"application\/ld+json\" class=\"yoast-schema-graph\">{\"@context\":\"https:\\\/\\\/schema.org\",\"@graph\":[{\"@type\":\"Article\",\"@id\":\"https:\\\/\\\/patagoniambiental.com.ar\\\/info\\\/la-iglesia-propone-negociar-espacios-de-plurinacionalidad-y-autonomia-mapuche\\\/#article\",\"isPartOf\":{\"@id\":\"https:\\\/\\\/patagoniambiental.com.ar\\\/info\\\/la-iglesia-propone-negociar-espacios-de-plurinacionalidad-y-autonomia-mapuche\\\/\"},\"author\":{\"name\":\"Patagonia Ambiental\",\"@id\":\"https:\\\/\\\/patagoniambiental.com.ar\\\/info\\\/#\\\/schema\\\/person\\\/db12bff64bbcbf6a253710bf0ea37b5d\"},\"headline\":\"La Iglesia propone negociar espacios de plurinacionalidad y autonom\u00eda mapuche\",\"datePublished\":\"2017-05-02T22:00:59+00:00\",\"mainEntityOfPage\":{\"@id\":\"https:\\\/\\\/patagoniambiental.com.ar\\\/info\\\/la-iglesia-propone-negociar-espacios-de-plurinacionalidad-y-autonomia-mapuche\\\/\"},\"wordCount\":1061,\"commentCount\":0,\"publisher\":{\"@id\":\"https:\\\/\\\/patagoniambiental.com.ar\\\/info\\\/#organization\"},\"image\":{\"@id\":\"https:\\\/\\\/patagoniambiental.com.ar\\\/info\\\/la-iglesia-propone-negociar-espacios-de-plurinacionalidad-y-autonomia-mapuche\\\/#primaryimage\"},\"thumbnailUrl\":\"https:\\\/\\\/patagoniambiental.com.ar\\\/info\\\/wp-content\\\/uploads\\\/2017\\\/05\\\/181-820x385.jpg\",\"articleSection\":[\"Internacionales\",\"Noticias\"],\"inLanguage\":\"es\",\"potentialAction\":[{\"@type\":\"CommentAction\",\"name\":\"Comment\",\"target\":[\"https:\\\/\\\/patagoniambiental.com.ar\\\/info\\\/la-iglesia-propone-negociar-espacios-de-plurinacionalidad-y-autonomia-mapuche\\\/#respond\"]}]},{\"@type\":\"WebPage\",\"@id\":\"https:\\\/\\\/patagoniambiental.com.ar\\\/info\\\/la-iglesia-propone-negociar-espacios-de-plurinacionalidad-y-autonomia-mapuche\\\/\",\"url\":\"https:\\\/\\\/patagoniambiental.com.ar\\\/info\\\/la-iglesia-propone-negociar-espacios-de-plurinacionalidad-y-autonomia-mapuche\\\/\",\"name\":\"La Iglesia propone negociar espacios de plurinacionalidad y autonom\u00eda mapuche\",\"isPartOf\":{\"@id\":\"https:\\\/\\\/patagoniambiental.com.ar\\\/info\\\/#website\"},\"primaryImageOfPage\":{\"@id\":\"https:\\\/\\\/patagoniambiental.com.ar\\\/info\\\/la-iglesia-propone-negociar-espacios-de-plurinacionalidad-y-autonomia-mapuche\\\/#primaryimage\"},\"image\":{\"@id\":\"https:\\\/\\\/patagoniambiental.com.ar\\\/info\\\/la-iglesia-propone-negociar-espacios-de-plurinacionalidad-y-autonomia-mapuche\\\/#primaryimage\"},\"thumbnailUrl\":\"https:\\\/\\\/patagoniambiental.com.ar\\\/info\\\/wp-content\\\/uploads\\\/2017\\\/05\\\/181-820x385.jpg\",\"datePublished\":\"2017-05-02T22:00:59+00:00\",\"breadcrumb\":{\"@id\":\"https:\\\/\\\/patagoniambiental.com.ar\\\/info\\\/la-iglesia-propone-negociar-espacios-de-plurinacionalidad-y-autonomia-mapuche\\\/#breadcrumb\"},\"inLanguage\":\"es\",\"potentialAction\":[{\"@type\":\"ReadAction\",\"target\":[\"https:\\\/\\\/patagoniambiental.com.ar\\\/info\\\/la-iglesia-propone-negociar-espacios-de-plurinacionalidad-y-autonomia-mapuche\\\/\"]}]},{\"@type\":\"ImageObject\",\"inLanguage\":\"es\",\"@id\":\"https:\\\/\\\/patagoniambiental.com.ar\\\/info\\\/la-iglesia-propone-negociar-espacios-de-plurinacionalidad-y-autonomia-mapuche\\\/#primaryimage\",\"url\":\"https:\\\/\\\/patagoniambiental.com.ar\\\/info\\\/wp-content\\\/uploads\\\/2017\\\/05\\\/181-820x385.jpg\",\"contentUrl\":\"https:\\\/\\\/patagoniambiental.com.ar\\\/info\\\/wp-content\\\/uploads\\\/2017\\\/05\\\/181-820x385.jpg\",\"width\":820,\"height\":385,\"caption\":\"Marcha de comunidades mapuche en Temuco.\"},{\"@type\":\"BreadcrumbList\",\"@id\":\"https:\\\/\\\/patagoniambiental.com.ar\\\/info\\\/la-iglesia-propone-negociar-espacios-de-plurinacionalidad-y-autonomia-mapuche\\\/#breadcrumb\",\"itemListElement\":[{\"@type\":\"ListItem\",\"position\":1,\"name\":\"Inicio\",\"item\":\"https:\\\/\\\/patagoniambiental.com.ar\\\/info\\\/\"},{\"@type\":\"ListItem\",\"position\":2,\"name\":\"La Iglesia propone negociar espacios de plurinacionalidad y autonom\u00eda mapuche\"}]},{\"@type\":\"WebSite\",\"@id\":\"https:\\\/\\\/patagoniambiental.com.ar\\\/info\\\/#website\",\"url\":\"https:\\\/\\\/patagoniambiental.com.ar\\\/info\\\/\",\"name\":\"Patagonia Ambiental\",\"description\":\"Monitoreo y an\u00e1lisis de la situaci\u00f3n geopol\u00edtica en el mundo y su implicancia en la Patagonia\",\"publisher\":{\"@id\":\"https:\\\/\\\/patagoniambiental.com.ar\\\/info\\\/#organization\"},\"potentialAction\":[{\"@type\":\"SearchAction\",\"target\":{\"@type\":\"EntryPoint\",\"urlTemplate\":\"https:\\\/\\\/patagoniambiental.com.ar\\\/info\\\/?s={search_term_string}\"},\"query-input\":{\"@type\":\"PropertyValueSpecification\",\"valueRequired\":true,\"valueName\":\"search_term_string\"}}],\"inLanguage\":\"es\"},{\"@type\":\"Organization\",\"@id\":\"https:\\\/\\\/patagoniambiental.com.ar\\\/info\\\/#organization\",\"name\":\"Patagonia Ambiental\",\"url\":\"https:\\\/\\\/patagoniambiental.com.ar\\\/info\\\/\",\"logo\":{\"@type\":\"ImageObject\",\"inLanguage\":\"es\",\"@id\":\"https:\\\/\\\/patagoniambiental.com.ar\\\/info\\\/#\\\/schema\\\/logo\\\/image\\\/\",\"url\":\"https:\\\/\\\/patagoniambiental.com.ar\\\/info\\\/wp-content\\\/uploads\\\/2025\\\/05\\\/LOGO-PATAGONIA-AMBIENTAL.png\",\"contentUrl\":\"https:\\\/\\\/patagoniambiental.com.ar\\\/info\\\/wp-content\\\/uploads\\\/2025\\\/05\\\/LOGO-PATAGONIA-AMBIENTAL.png\",\"width\":433,\"height\":250,\"caption\":\"Patagonia Ambiental\"},\"image\":{\"@id\":\"https:\\\/\\\/patagoniambiental.com.ar\\\/info\\\/#\\\/schema\\\/logo\\\/image\\\/\"},\"sameAs\":[\"https:\\\/\\\/www.facebook.com\\\/patagonia.ambiental\",\"https:\\\/\\\/x.com\\\/PatAmb\"]},{\"@type\":\"Person\",\"@id\":\"https:\\\/\\\/patagoniambiental.com.ar\\\/info\\\/#\\\/schema\\\/person\\\/db12bff64bbcbf6a253710bf0ea37b5d\",\"name\":\"Patagonia Ambiental\",\"description\":\"Andr\u00e9s Nievas T\u00e9cnico en manejo ambiental, consultor Ambiental y escritor para medios locales e internacionales sobre temas de geopolitica y medio ambiente.\",\"sameAs\":[\"http:\\\/\\\/www.patagoniambiental.com.ar\",\"https:\\\/\\\/www.facebook.com\\\/share\\\/1C1V8Gv9BX\\\/?mibextid=qi2Omg\",\"@patagoniambiental\",\"https:\\\/\\\/youtube.com\\\/@patagoniaambiental2023?si=BLt58t0wuXquxlYZ\"]}]}<\/script>\n<!-- \/ Yoast SEO Premium plugin. -->","yoast_head_json":{"title":"La Iglesia propone negociar espacios de plurinacionalidad y autonom\u00eda mapuche","robots":{"index":"index","follow":"follow","max-snippet":"max-snippet:-1","max-image-preview":"max-image-preview:large","max-video-preview":"max-video-preview:-1"},"canonical":"https:\/\/patagoniambiental.com.ar\/info\/la-iglesia-propone-negociar-espacios-de-plurinacionalidad-y-autonomia-mapuche\/","og_locale":"es_ES","og_type":"article","og_title":"La Iglesia propone negociar espacios de plurinacionalidad y autonom\u00eda mapuche","og_description":"La Araucan\u00eda.-Documento de trabajo de la Conferencia Episcopal plantea incluir a sectores radicales, como la CAM. Obispo H\u00e9ctor Vargas dice [&hellip;]","og_url":"https:\/\/patagoniambiental.com.ar\/info\/la-iglesia-propone-negociar-espacios-de-plurinacionalidad-y-autonomia-mapuche\/","og_site_name":"Patagonia Ambiental","article_publisher":"https:\/\/www.facebook.com\/patagonia.ambiental","article_author":"https:\/\/www.facebook.com\/share\/1C1V8Gv9BX\/?mibextid=qi2Omg","article_published_time":"2017-05-02T22:00:59+00:00","og_image":[{"width":820,"height":385,"url":"https:\/\/patagoniambiental.com.ar\/info\/wp-content\/uploads\/2017\/05\/181-820x385.jpg","type":"image\/jpeg"}],"author":"Patagonia Ambiental","twitter_card":"summary_large_image","twitter_creator":"@PatAmb","twitter_site":"@PatAmb","schema":{"@context":"https:\/\/schema.org","@graph":[{"@type":"Article","@id":"https:\/\/patagoniambiental.com.ar\/info\/la-iglesia-propone-negociar-espacios-de-plurinacionalidad-y-autonomia-mapuche\/#article","isPartOf":{"@id":"https:\/\/patagoniambiental.com.ar\/info\/la-iglesia-propone-negociar-espacios-de-plurinacionalidad-y-autonomia-mapuche\/"},"author":{"name":"Patagonia Ambiental","@id":"https:\/\/patagoniambiental.com.ar\/info\/#\/schema\/person\/db12bff64bbcbf6a253710bf0ea37b5d"},"headline":"La Iglesia propone negociar espacios de plurinacionalidad y autonom\u00eda mapuche","datePublished":"2017-05-02T22:00:59+00:00","mainEntityOfPage":{"@id":"https:\/\/patagoniambiental.com.ar\/info\/la-iglesia-propone-negociar-espacios-de-plurinacionalidad-y-autonomia-mapuche\/"},"wordCount":1061,"commentCount":0,"publisher":{"@id":"https:\/\/patagoniambiental.com.ar\/info\/#organization"},"image":{"@id":"https:\/\/patagoniambiental.com.ar\/info\/la-iglesia-propone-negociar-espacios-de-plurinacionalidad-y-autonomia-mapuche\/#primaryimage"},"thumbnailUrl":"https:\/\/patagoniambiental.com.ar\/info\/wp-content\/uploads\/2017\/05\/181-820x385.jpg","articleSection":["Internacionales","Noticias"],"inLanguage":"es","potentialAction":[{"@type":"CommentAction","name":"Comment","target":["https:\/\/patagoniambiental.com.ar\/info\/la-iglesia-propone-negociar-espacios-de-plurinacionalidad-y-autonomia-mapuche\/#respond"]}]},{"@type":"WebPage","@id":"https:\/\/patagoniambiental.com.ar\/info\/la-iglesia-propone-negociar-espacios-de-plurinacionalidad-y-autonomia-mapuche\/","url":"https:\/\/patagoniambiental.com.ar\/info\/la-iglesia-propone-negociar-espacios-de-plurinacionalidad-y-autonomia-mapuche\/","name":"La Iglesia propone negociar espacios de plurinacionalidad y autonom\u00eda mapuche","isPartOf":{"@id":"https:\/\/patagoniambiental.com.ar\/info\/#website"},"primaryImageOfPage":{"@id":"https:\/\/patagoniambiental.com.ar\/info\/la-iglesia-propone-negociar-espacios-de-plurinacionalidad-y-autonomia-mapuche\/#primaryimage"},"image":{"@id":"https:\/\/patagoniambiental.com.ar\/info\/la-iglesia-propone-negociar-espacios-de-plurinacionalidad-y-autonomia-mapuche\/#primaryimage"},"thumbnailUrl":"https:\/\/patagoniambiental.com.ar\/info\/wp-content\/uploads\/2017\/05\/181-820x385.jpg","datePublished":"2017-05-02T22:00:59+00:00","breadcrumb":{"@id":"https:\/\/patagoniambiental.com.ar\/info\/la-iglesia-propone-negociar-espacios-de-plurinacionalidad-y-autonomia-mapuche\/#breadcrumb"},"inLanguage":"es","potentialAction":[{"@type":"ReadAction","target":["https:\/\/patagoniambiental.com.ar\/info\/la-iglesia-propone-negociar-espacios-de-plurinacionalidad-y-autonomia-mapuche\/"]}]},{"@type":"ImageObject","inLanguage":"es","@id":"https:\/\/patagoniambiental.com.ar\/info\/la-iglesia-propone-negociar-espacios-de-plurinacionalidad-y-autonomia-mapuche\/#primaryimage","url":"https:\/\/patagoniambiental.com.ar\/info\/wp-content\/uploads\/2017\/05\/181-820x385.jpg","contentUrl":"https:\/\/patagoniambiental.com.ar\/info\/wp-content\/uploads\/2017\/05\/181-820x385.jpg","width":820,"height":385,"caption":"Marcha de comunidades mapuche en Temuco."},{"@type":"BreadcrumbList","@id":"https:\/\/patagoniambiental.com.ar\/info\/la-iglesia-propone-negociar-espacios-de-plurinacionalidad-y-autonomia-mapuche\/#breadcrumb","itemListElement":[{"@type":"ListItem","position":1,"name":"Inicio","item":"https:\/\/patagoniambiental.com.ar\/info\/"},{"@type":"ListItem","position":2,"name":"La Iglesia propone negociar espacios de plurinacionalidad y autonom\u00eda mapuche"}]},{"@type":"WebSite","@id":"https:\/\/patagoniambiental.com.ar\/info\/#website","url":"https:\/\/patagoniambiental.com.ar\/info\/","name":"Patagonia Ambiental","description":"Monitoreo y an\u00e1lisis de la situaci\u00f3n geopol\u00edtica en el mundo y su implicancia en la Patagonia","publisher":{"@id":"https:\/\/patagoniambiental.com.ar\/info\/#organization"},"potentialAction":[{"@type":"SearchAction","target":{"@type":"EntryPoint","urlTemplate":"https:\/\/patagoniambiental.com.ar\/info\/?s={search_term_string}"},"query-input":{"@type":"PropertyValueSpecification","valueRequired":true,"valueName":"search_term_string"}}],"inLanguage":"es"},{"@type":"Organization","@id":"https:\/\/patagoniambiental.com.ar\/info\/#organization","name":"Patagonia Ambiental","url":"https:\/\/patagoniambiental.com.ar\/info\/","logo":{"@type":"ImageObject","inLanguage":"es","@id":"https:\/\/patagoniambiental.com.ar\/info\/#\/schema\/logo\/image\/","url":"https:\/\/patagoniambiental.com.ar\/info\/wp-content\/uploads\/2025\/05\/LOGO-PATAGONIA-AMBIENTAL.png","contentUrl":"https:\/\/patagoniambiental.com.ar\/info\/wp-content\/uploads\/2025\/05\/LOGO-PATAGONIA-AMBIENTAL.png","width":433,"height":250,"caption":"Patagonia Ambiental"},"image":{"@id":"https:\/\/patagoniambiental.com.ar\/info\/#\/schema\/logo\/image\/"},"sameAs":["https:\/\/www.facebook.com\/patagonia.ambiental","https:\/\/x.com\/PatAmb"]},{"@type":"Person","@id":"https:\/\/patagoniambiental.com.ar\/info\/#\/schema\/person\/db12bff64bbcbf6a253710bf0ea37b5d","name":"Patagonia Ambiental","description":"Andr\u00e9s Nievas T\u00e9cnico en manejo ambiental, consultor Ambiental y escritor para medios locales e internacionales sobre temas de geopolitica y medio ambiente.","sameAs":["http:\/\/www.patagoniambiental.com.ar","https:\/\/www.facebook.com\/share\/1C1V8Gv9BX\/?mibextid=qi2Omg","@patagoniambiental","https:\/\/youtube.com\/@patagoniaambiental2023?si=BLt58t0wuXquxlYZ"]}]}},"_links":{"self":[{"href":"https:\/\/patagoniambiental.com.ar\/info\/wp-json\/wp\/v2\/posts\/28422","targetHints":{"allow":["GET"]}}],"collection":[{"href":"https:\/\/patagoniambiental.com.ar\/info\/wp-json\/wp\/v2\/posts"}],"about":[{"href":"https:\/\/patagoniambiental.com.ar\/info\/wp-json\/wp\/v2\/types\/post"}],"author":[{"embeddable":true,"href":"https:\/\/patagoniambiental.com.ar\/info\/wp-json\/wp\/v2\/users\/2"}],"replies":[{"embeddable":true,"href":"https:\/\/patagoniambiental.com.ar\/info\/wp-json\/wp\/v2\/comments?post=28422"}],"version-history":[{"count":0,"href":"https:\/\/patagoniambiental.com.ar\/info\/wp-json\/wp\/v2\/posts\/28422\/revisions"}],"wp:featuredmedia":[{"embeddable":true,"href":"https:\/\/patagoniambiental.com.ar\/info\/wp-json\/wp\/v2\/media\/28423"}],"wp:attachment":[{"href":"https:\/\/patagoniambiental.com.ar\/info\/wp-json\/wp\/v2\/media?parent=28422"}],"wp:term":[{"taxonomy":"category","embeddable":true,"href":"https:\/\/patagoniambiental.com.ar\/info\/wp-json\/wp\/v2\/categories?post=28422"},{"taxonomy":"post_tag","embeddable":true,"href":"https:\/\/patagoniambiental.com.ar\/info\/wp-json\/wp\/v2\/tags?post=28422"}],"curies":[{"name":"wp","href":"https:\/\/api.w.org\/{rel}","templated":true}]}}