{"id":28438,"date":"2017-05-02T19:00:56","date_gmt":"2017-05-02T22:00:56","guid":{"rendered":"http:\/\/patagoniambiental.com.ar\/info\/?p=28438"},"modified":"2017-05-02T10:36:53","modified_gmt":"2017-05-02T13:36:53","slug":"en-cooperacion-con-sierra-nevada-corporation-la-onu-prepara-su-primera-mision-espacial-para-el-ano-2021","status":"publish","type":"post","link":"https:\/\/patagoniambiental.com.ar\/info\/en-cooperacion-con-sierra-nevada-corporation-la-onu-prepara-su-primera-mision-espacial-para-el-ano-2021\/","title":{"rendered":"EN COOPERACI\u00d3N CON SIERRA NEVADA CORPORATION: La ONU prepara su primera misi\u00f3n espacial para el a\u00f1o 2021"},"content":{"rendered":"<div class=\"Antetitulo\"><span class=\"MayusculasNegrita\">VIENA <\/span>&#8211; Proporcionar\u00e1 a pa\u00edses con pocos recursos tecnolog\u00edas \u00fatiles para el desarrollo sostenible.<\/div>\n<p><!--more--><\/p>\n<div class=\"Antetitulo\">\n<div class=\"Entradilla\">\n<p>\u201cLlevar los beneficios que proporciona el espacio a toda la humanidad es nuestra meta\u201d<\/p>\n<\/div>\n<p>Naciones Unidas prepara el lanzamiento de su primera misi\u00f3n espacial en el a\u00f1o 2021, con el objetivo de que los pa\u00edses con menos recursos puedan realizar experimentos y beneficiarse de tecnolog\u00edas \u00fatiles para el desarrollo sostenible.<\/p>\n<p>\u201cLa misi\u00f3n est\u00e1 prevista para el 2021 y estamos realmente emocionados al ofrecer por primera vez la oportunidad de realizar experimentos cient\u00edficos en la baja \u00f3rbita terrestre con el paraguas de la ONU\u201d, explica la directora de la Oficina de Naciones Unidas para el Espacio Exterior (Unoosa), Simonetta di Pippo.<\/p>\n<p>\u201cLlevar los beneficios del espacio a toda la humanidad es nuestra meta y facilitar el acceso al espacio a pa\u00edses en desarrollo es una parte clave de eso\u201d, respondi\u00f3 la astrof\u00edsica italiana.<\/p>\n<p>El objetivo es \u201cestudiar asuntos relacionados con los Objetivos de Desarrollo Sostenible, como el cambio clim\u00e1tico, la seguridad alimentaria o la preservaci\u00f3n de la biodiversidad\u201d.<\/p>\n<p>La misi\u00f3n no tripulada se desarrollar\u00e1 en cooperaci\u00f3n con Sierra Nevada Corporation, una empresa estadounidense que desarrolla una nave espacial reutilizable llamada <i>Dream Chaser<\/i>, parecida a los antiguos transbordadores de la NASA.<\/p>\n<p>\u201cEl <i>Dream Chaser<\/i> fue seleccionado por esa agencia de EEUU para dar futuros servicios de reabastecimiento a la Estaci\u00f3n Espacial Internacional\u201d, indica Di Pippo.<\/p>\n<p>La misi\u00f3n durar\u00e1 dos semanas y llevar\u00e1 entre 25 y 30 experimentos para ser realizados en microgravedad en \u00f3rbita terrestre baja, a entre 200 y 2000 kil\u00f3metros de altura.<\/p>\n<p>Al ser un veh\u00edculo reutilizable, el coste para la misi\u00f3n es m\u00e1s reducido que si se utilizase una nave de un solo uso.<\/p>\n<p>La ONU tambi\u00e9n est\u00e1 buscando patrocinadores para reducir el costo pero, a\u00fan as\u00ed, los pa\u00edses cuyos experimentos sean seleccionados deber\u00e1n hacer tambi\u00e9n una aportaci\u00f3n al proyecto.<\/p>\n<p>Cualquier Estado de la ONU puede participar, pero la misi\u00f3n est\u00e1 especialmente pensada para pa\u00edses que no tienen recursos para un programa espacial propio, se\u00f1ala Di Pippo.<\/p>\n<p>\u201cLos preparativos est\u00e1n en curso para abrir la convocatoria para los experimentos de la misi\u00f3n. Esperamos recibir muchas solicitudes de pa\u00edses latinoamericanos\u201d, conf\u00eda.<\/p>\n<p>La directora de la agencia de la ONU, con sede en Viena, subraya los beneficios de la ciencia y tecnolog\u00eda espacial y considera indispensable seguir invirtiendo en ella.<\/p>\n<p>\u201cLas actividades espaciales son cruciales en nuestra vida cotidiana. Influyen y hacen posible muchas de las cosas que damos por sentadas, ya sea utilizar un m\u00f3vil, revisar el pron\u00f3stico del tiempo o recibir ayuda tras un desastre\u201d, expone.<\/p>\n<p><span class=\"MayusculasNegrita\">INVERTIR EN INVESTIGACI\u00d3N <\/span>\u201cEs importante recordar que el espacio fomenta el desarrollo industrial y econ\u00f3mico: invertir en el espacio significa crear nuevos empleos y tiene un efecto positivo en la riqueza de todo el pa\u00eds\u201d, defiende.<\/p>\n<p>Di Pippo considera que la tecnolog\u00eda espacial es un motor a largo plazo para la innovaci\u00f3n y que ofrece nuevas soluciones para hacer frente a los desaf\u00edos de la humanidad.<\/p>\n<p>\u201cLos datos espaciales son extremadamente \u00fatiles para supervisar los efectos del cambio clim\u00e1tico, as\u00ed como los esfuerzos de mitigaci\u00f3n y adaptaci\u00f3n\u201d, ejemplifica.<\/p>\n<p>As\u00ed, a\u00f1ade, \u201cla informaci\u00f3n espacial tambi\u00e9n es relevante en caso de desastre, dado que los datos de observaci\u00f3n pueden mostrar en pocas horas las condiciones de una zona afectada y ayudar con la coordinaci\u00f3n de los trabajos de rescate\u201d.<\/p>\n<p>\u201cEn cuanto a cuestiones de salud, la tecnolog\u00eda espacial puede ayudarnos a rastrear la propagaci\u00f3n de enfermedades y permite la telemedicina\u201d, dice.<\/p>\n<p>Di Pippo defiende un acceso abierto a datos procedentes del espacio, lo que aumentar\u00eda \u201clos beneficios econ\u00f3micos, la investigaci\u00f3n y la innovaci\u00f3n y apoyar\u00eda los procesos de toma de decisiones sobre estos datos\u201d.<\/p>\n<p>Fuente:\u00a0http:\/\/www.noticiasdenavarra.com\/2017\/05\/01\/mundo\/la-onu-prepara-su-primera-mision-espacial-para-el-ano-2021<\/p>\n<\/div>\n","protected":false},"excerpt":{"rendered":"<p>VIENA &#8211; Proporcionar\u00e1 a pa\u00edses con pocos recursos tecnolog\u00edas \u00fatiles para el desarrollo sostenible.<\/p>\n","protected":false},"author":2,"featured_media":28439,"comment_status":"open","ping_status":"open","sticky":false,"template":"","format":"standard","meta":{"site-sidebar-layout":"default","site-content-layout":"","ast-site-content-layout":"default","site-content-style":"default","site-sidebar-style":"default","ast-global-header-display":"","ast-banner-title-visibility":"","ast-main-header-display":"","ast-hfb-above-header-display":"","ast-hfb-below-header-display":"","ast-hfb-mobile-header-display":"","site-post-title":"","ast-breadcrumbs-content":"","ast-featured-img":"","footer-sml-layout":"","ast-disable-related-posts":"","theme-transparent-header-meta":"","adv-header-id-meta":"","stick-header-meta":"","header-above-stick-meta":"","header-main-stick-meta":"","header-below-stick-meta":"","astra-migrate-meta-layouts":"default","ast-page-background-enabled":"default","ast-page-background-meta":{"desktop":{"background-color":"var(--ast-global-color-5)","background-image":"","background-repeat":"repeat","background-position":"center center","background-size":"auto","background-attachment":"scroll","background-type":"","background-media":"","overlay-type":"","overlay-color":"","overlay-opacity":"","overlay-gradient":""},"tablet":{"background-color":"","background-image":"","background-repeat":"repeat","background-position":"center center","background-size":"auto","background-attachment":"scroll","background-type":"","background-media":"","overlay-type":"","overlay-color":"","overlay-opacity":"","overlay-gradient":""},"mobile":{"background-color":"","background-image":"","background-repeat":"repeat","background-position":"center center","background-size":"auto","background-attachment":"scroll","background-type":"","background-media":"","overlay-type":"","overlay-color":"","overlay-opacity":"","overlay-gradient":""}},"ast-content-background-meta":{"desktop":{"background-color":"var(--ast-global-color-4)","background-image":"","background-repeat":"repeat","background-position":"center center","background-size":"auto","background-attachment":"scroll","background-type":"","background-media":"","overlay-type":"","overlay-color":"","overlay-opacity":"","overlay-gradient":""},"tablet":{"background-color":"var(--ast-global-color-4)","background-image":"","background-repeat":"repeat","background-position":"center center","background-size":"auto","background-attachment":"scroll","background-type":"","background-media":"","overlay-type":"","overlay-color":"","overlay-opacity":"","overlay-gradient":""},"mobile":{"background-color":"var(--ast-global-color-4)","background-image":"","background-repeat":"repeat","background-position":"center center","background-size":"auto","background-attachment":"scroll","background-type":"","background-media":"","overlay-type":"","overlay-color":"","overlay-opacity":"","overlay-gradient":""}},"footnotes":""},"categories":[23,1],"tags":[],"class_list":["post-28438","post","type-post","status-publish","format-standard","has-post-thumbnail","hentry","category-internacionales","category-noticias"],"yoast_head":"<!-- This site is optimized with the Yoast SEO Premium plugin v23.0 (Yoast SEO v27.4) - https:\/\/yoast.com\/product\/yoast-seo-premium-wordpress\/ -->\n<title>EN COOPERACI\u00d3N CON SIERRA NEVADA CORPORATION: La ONU prepara su primera misi\u00f3n espacial para el a\u00f1o 2021<\/title>\n<meta name=\"robots\" content=\"index, follow, max-snippet:-1, max-image-preview:large, max-video-preview:-1\" \/>\n<link rel=\"canonical\" href=\"https:\/\/patagoniambiental.com.ar\/info\/en-cooperacion-con-sierra-nevada-corporation-la-onu-prepara-su-primera-mision-espacial-para-el-ano-2021\/\" \/>\n<meta property=\"og:locale\" content=\"es_ES\" \/>\n<meta property=\"og:type\" content=\"article\" \/>\n<meta property=\"og:title\" content=\"EN COOPERACI\u00d3N CON SIERRA NEVADA CORPORATION: La ONU prepara su primera misi\u00f3n espacial para el a\u00f1o 2021\" \/>\n<meta property=\"og:description\" content=\"VIENA &#8211; Proporcionar\u00e1 a pa\u00edses con pocos recursos tecnolog\u00edas \u00fatiles para el desarrollo sostenible.\" \/>\n<meta property=\"og:url\" content=\"https:\/\/patagoniambiental.com.ar\/info\/en-cooperacion-con-sierra-nevada-corporation-la-onu-prepara-su-primera-mision-espacial-para-el-ano-2021\/\" \/>\n<meta property=\"og:site_name\" content=\"Patagonia Ambiental\" \/>\n<meta property=\"article:publisher\" content=\"https:\/\/www.facebook.com\/patagonia.ambiental\" \/>\n<meta property=\"article:author\" content=\"https:\/\/www.facebook.com\/share\/1C1V8Gv9BX\/?mibextid=qi2Omg\" \/>\n<meta property=\"article:published_time\" content=\"2017-05-02T22:00:56+00:00\" \/>\n<meta property=\"og:image\" content=\"https:\/\/patagoniambiental.com.ar\/info\/wp-content\/uploads\/2017\/05\/efe_20170430_101759_pa0346_22775_1.jpg\" \/>\n\t<meta property=\"og:image:width\" content=\"614\" \/>\n\t<meta property=\"og:image:height\" content=\"347\" \/>\n\t<meta property=\"og:image:type\" content=\"image\/jpeg\" \/>\n<meta name=\"author\" content=\"Patagonia Ambiental\" \/>\n<meta name=\"twitter:card\" content=\"summary_large_image\" \/>\n<meta name=\"twitter:creator\" content=\"@PatAmb\" \/>\n<meta name=\"twitter:site\" content=\"@PatAmb\" \/>\n<script type=\"application\/ld+json\" class=\"yoast-schema-graph\">{\"@context\":\"https:\\\/\\\/schema.org\",\"@graph\":[{\"@type\":\"Article\",\"@id\":\"https:\\\/\\\/patagoniambiental.com.ar\\\/info\\\/en-cooperacion-con-sierra-nevada-corporation-la-onu-prepara-su-primera-mision-espacial-para-el-ano-2021\\\/#article\",\"isPartOf\":{\"@id\":\"https:\\\/\\\/patagoniambiental.com.ar\\\/info\\\/en-cooperacion-con-sierra-nevada-corporation-la-onu-prepara-su-primera-mision-espacial-para-el-ano-2021\\\/\"},\"author\":{\"name\":\"Patagonia Ambiental\",\"@id\":\"https:\\\/\\\/patagoniambiental.com.ar\\\/info\\\/#\\\/schema\\\/person\\\/db12bff64bbcbf6a253710bf0ea37b5d\"},\"headline\":\"EN COOPERACI\u00d3N CON SIERRA NEVADA CORPORATION: La ONU prepara su primera misi\u00f3n espacial para el a\u00f1o 2021\",\"datePublished\":\"2017-05-02T22:00:56+00:00\",\"mainEntityOfPage\":{\"@id\":\"https:\\\/\\\/patagoniambiental.com.ar\\\/info\\\/en-cooperacion-con-sierra-nevada-corporation-la-onu-prepara-su-primera-mision-espacial-para-el-ano-2021\\\/\"},\"wordCount\":680,\"commentCount\":0,\"publisher\":{\"@id\":\"https:\\\/\\\/patagoniambiental.com.ar\\\/info\\\/#organization\"},\"image\":{\"@id\":\"https:\\\/\\\/patagoniambiental.com.ar\\\/info\\\/en-cooperacion-con-sierra-nevada-corporation-la-onu-prepara-su-primera-mision-espacial-para-el-ano-2021\\\/#primaryimage\"},\"thumbnailUrl\":\"https:\\\/\\\/patagoniambiental.com.ar\\\/info\\\/wp-content\\\/uploads\\\/2017\\\/05\\\/efe_20170430_101759_pa0346_22775_1.jpg\",\"articleSection\":[\"Internacionales\",\"Noticias\"],\"inLanguage\":\"es\",\"potentialAction\":[{\"@type\":\"CommentAction\",\"name\":\"Comment\",\"target\":[\"https:\\\/\\\/patagoniambiental.com.ar\\\/info\\\/en-cooperacion-con-sierra-nevada-corporation-la-onu-prepara-su-primera-mision-espacial-para-el-ano-2021\\\/#respond\"]}]},{\"@type\":\"WebPage\",\"@id\":\"https:\\\/\\\/patagoniambiental.com.ar\\\/info\\\/en-cooperacion-con-sierra-nevada-corporation-la-onu-prepara-su-primera-mision-espacial-para-el-ano-2021\\\/\",\"url\":\"https:\\\/\\\/patagoniambiental.com.ar\\\/info\\\/en-cooperacion-con-sierra-nevada-corporation-la-onu-prepara-su-primera-mision-espacial-para-el-ano-2021\\\/\",\"name\":\"EN COOPERACI\u00d3N CON SIERRA NEVADA CORPORATION: La ONU prepara su primera misi\u00f3n espacial para el a\u00f1o 2021\",\"isPartOf\":{\"@id\":\"https:\\\/\\\/patagoniambiental.com.ar\\\/info\\\/#website\"},\"primaryImageOfPage\":{\"@id\":\"https:\\\/\\\/patagoniambiental.com.ar\\\/info\\\/en-cooperacion-con-sierra-nevada-corporation-la-onu-prepara-su-primera-mision-espacial-para-el-ano-2021\\\/#primaryimage\"},\"image\":{\"@id\":\"https:\\\/\\\/patagoniambiental.com.ar\\\/info\\\/en-cooperacion-con-sierra-nevada-corporation-la-onu-prepara-su-primera-mision-espacial-para-el-ano-2021\\\/#primaryimage\"},\"thumbnailUrl\":\"https:\\\/\\\/patagoniambiental.com.ar\\\/info\\\/wp-content\\\/uploads\\\/2017\\\/05\\\/efe_20170430_101759_pa0346_22775_1.jpg\",\"datePublished\":\"2017-05-02T22:00:56+00:00\",\"breadcrumb\":{\"@id\":\"https:\\\/\\\/patagoniambiental.com.ar\\\/info\\\/en-cooperacion-con-sierra-nevada-corporation-la-onu-prepara-su-primera-mision-espacial-para-el-ano-2021\\\/#breadcrumb\"},\"inLanguage\":\"es\",\"potentialAction\":[{\"@type\":\"ReadAction\",\"target\":[\"https:\\\/\\\/patagoniambiental.com.ar\\\/info\\\/en-cooperacion-con-sierra-nevada-corporation-la-onu-prepara-su-primera-mision-espacial-para-el-ano-2021\\\/\"]}]},{\"@type\":\"ImageObject\",\"inLanguage\":\"es\",\"@id\":\"https:\\\/\\\/patagoniambiental.com.ar\\\/info\\\/en-cooperacion-con-sierra-nevada-corporation-la-onu-prepara-su-primera-mision-espacial-para-el-ano-2021\\\/#primaryimage\",\"url\":\"https:\\\/\\\/patagoniambiental.com.ar\\\/info\\\/wp-content\\\/uploads\\\/2017\\\/05\\\/efe_20170430_101759_pa0346_22775_1.jpg\",\"contentUrl\":\"https:\\\/\\\/patagoniambiental.com.ar\\\/info\\\/wp-content\\\/uploads\\\/2017\\\/05\\\/efe_20170430_101759_pa0346_22775_1.jpg\",\"width\":614,\"height\":347},{\"@type\":\"BreadcrumbList\",\"@id\":\"https:\\\/\\\/patagoniambiental.com.ar\\\/info\\\/en-cooperacion-con-sierra-nevada-corporation-la-onu-prepara-su-primera-mision-espacial-para-el-ano-2021\\\/#breadcrumb\",\"itemListElement\":[{\"@type\":\"ListItem\",\"position\":1,\"name\":\"Inicio\",\"item\":\"https:\\\/\\\/patagoniambiental.com.ar\\\/info\\\/\"},{\"@type\":\"ListItem\",\"position\":2,\"name\":\"EN COOPERACI\u00d3N CON SIERRA NEVADA CORPORATION: La ONU prepara su primera misi\u00f3n espacial para el a\u00f1o 2021\"}]},{\"@type\":\"WebSite\",\"@id\":\"https:\\\/\\\/patagoniambiental.com.ar\\\/info\\\/#website\",\"url\":\"https:\\\/\\\/patagoniambiental.com.ar\\\/info\\\/\",\"name\":\"Patagonia Ambiental\",\"description\":\"Monitoreo y an\u00e1lisis de la situaci\u00f3n geopol\u00edtica en el mundo y su implicancia en la Patagonia\",\"publisher\":{\"@id\":\"https:\\\/\\\/patagoniambiental.com.ar\\\/info\\\/#organization\"},\"potentialAction\":[{\"@type\":\"SearchAction\",\"target\":{\"@type\":\"EntryPoint\",\"urlTemplate\":\"https:\\\/\\\/patagoniambiental.com.ar\\\/info\\\/?s={search_term_string}\"},\"query-input\":{\"@type\":\"PropertyValueSpecification\",\"valueRequired\":true,\"valueName\":\"search_term_string\"}}],\"inLanguage\":\"es\"},{\"@type\":\"Organization\",\"@id\":\"https:\\\/\\\/patagoniambiental.com.ar\\\/info\\\/#organization\",\"name\":\"Patagonia Ambiental\",\"url\":\"https:\\\/\\\/patagoniambiental.com.ar\\\/info\\\/\",\"logo\":{\"@type\":\"ImageObject\",\"inLanguage\":\"es\",\"@id\":\"https:\\\/\\\/patagoniambiental.com.ar\\\/info\\\/#\\\/schema\\\/logo\\\/image\\\/\",\"url\":\"https:\\\/\\\/patagoniambiental.com.ar\\\/info\\\/wp-content\\\/uploads\\\/2025\\\/05\\\/LOGO-PATAGONIA-AMBIENTAL.png\",\"contentUrl\":\"https:\\\/\\\/patagoniambiental.com.ar\\\/info\\\/wp-content\\\/uploads\\\/2025\\\/05\\\/LOGO-PATAGONIA-AMBIENTAL.png\",\"width\":433,\"height\":250,\"caption\":\"Patagonia Ambiental\"},\"image\":{\"@id\":\"https:\\\/\\\/patagoniambiental.com.ar\\\/info\\\/#\\\/schema\\\/logo\\\/image\\\/\"},\"sameAs\":[\"https:\\\/\\\/www.facebook.com\\\/patagonia.ambiental\",\"https:\\\/\\\/x.com\\\/PatAmb\"]},{\"@type\":\"Person\",\"@id\":\"https:\\\/\\\/patagoniambiental.com.ar\\\/info\\\/#\\\/schema\\\/person\\\/db12bff64bbcbf6a253710bf0ea37b5d\",\"name\":\"Patagonia Ambiental\",\"description\":\"Andr\u00e9s Nievas T\u00e9cnico en manejo ambiental, consultor Ambiental y escritor para medios locales e internacionales sobre temas de geopolitica y medio ambiente.\",\"sameAs\":[\"http:\\\/\\\/www.patagoniambiental.com.ar\",\"https:\\\/\\\/www.facebook.com\\\/share\\\/1C1V8Gv9BX\\\/?mibextid=qi2Omg\",\"@patagoniambiental\",\"https:\\\/\\\/youtube.com\\\/@patagoniaambiental2023?si=BLt58t0wuXquxlYZ\"]}]}<\/script>\n<!-- \/ Yoast SEO Premium plugin. -->","yoast_head_json":{"title":"EN COOPERACI\u00d3N CON SIERRA NEVADA CORPORATION: La ONU prepara su primera misi\u00f3n espacial para el a\u00f1o 2021","robots":{"index":"index","follow":"follow","max-snippet":"max-snippet:-1","max-image-preview":"max-image-preview:large","max-video-preview":"max-video-preview:-1"},"canonical":"https:\/\/patagoniambiental.com.ar\/info\/en-cooperacion-con-sierra-nevada-corporation-la-onu-prepara-su-primera-mision-espacial-para-el-ano-2021\/","og_locale":"es_ES","og_type":"article","og_title":"EN COOPERACI\u00d3N CON SIERRA NEVADA CORPORATION: La ONU prepara su primera misi\u00f3n espacial para el a\u00f1o 2021","og_description":"VIENA &#8211; Proporcionar\u00e1 a pa\u00edses con pocos recursos tecnolog\u00edas \u00fatiles para el desarrollo sostenible.","og_url":"https:\/\/patagoniambiental.com.ar\/info\/en-cooperacion-con-sierra-nevada-corporation-la-onu-prepara-su-primera-mision-espacial-para-el-ano-2021\/","og_site_name":"Patagonia Ambiental","article_publisher":"https:\/\/www.facebook.com\/patagonia.ambiental","article_author":"https:\/\/www.facebook.com\/share\/1C1V8Gv9BX\/?mibextid=qi2Omg","article_published_time":"2017-05-02T22:00:56+00:00","og_image":[{"width":614,"height":347,"url":"https:\/\/patagoniambiental.com.ar\/info\/wp-content\/uploads\/2017\/05\/efe_20170430_101759_pa0346_22775_1.jpg","type":"image\/jpeg"}],"author":"Patagonia Ambiental","twitter_card":"summary_large_image","twitter_creator":"@PatAmb","twitter_site":"@PatAmb","schema":{"@context":"https:\/\/schema.org","@graph":[{"@type":"Article","@id":"https:\/\/patagoniambiental.com.ar\/info\/en-cooperacion-con-sierra-nevada-corporation-la-onu-prepara-su-primera-mision-espacial-para-el-ano-2021\/#article","isPartOf":{"@id":"https:\/\/patagoniambiental.com.ar\/info\/en-cooperacion-con-sierra-nevada-corporation-la-onu-prepara-su-primera-mision-espacial-para-el-ano-2021\/"},"author":{"name":"Patagonia Ambiental","@id":"https:\/\/patagoniambiental.com.ar\/info\/#\/schema\/person\/db12bff64bbcbf6a253710bf0ea37b5d"},"headline":"EN COOPERACI\u00d3N CON SIERRA NEVADA CORPORATION: La ONU prepara su primera misi\u00f3n espacial para el a\u00f1o 2021","datePublished":"2017-05-02T22:00:56+00:00","mainEntityOfPage":{"@id":"https:\/\/patagoniambiental.com.ar\/info\/en-cooperacion-con-sierra-nevada-corporation-la-onu-prepara-su-primera-mision-espacial-para-el-ano-2021\/"},"wordCount":680,"commentCount":0,"publisher":{"@id":"https:\/\/patagoniambiental.com.ar\/info\/#organization"},"image":{"@id":"https:\/\/patagoniambiental.com.ar\/info\/en-cooperacion-con-sierra-nevada-corporation-la-onu-prepara-su-primera-mision-espacial-para-el-ano-2021\/#primaryimage"},"thumbnailUrl":"https:\/\/patagoniambiental.com.ar\/info\/wp-content\/uploads\/2017\/05\/efe_20170430_101759_pa0346_22775_1.jpg","articleSection":["Internacionales","Noticias"],"inLanguage":"es","potentialAction":[{"@type":"CommentAction","name":"Comment","target":["https:\/\/patagoniambiental.com.ar\/info\/en-cooperacion-con-sierra-nevada-corporation-la-onu-prepara-su-primera-mision-espacial-para-el-ano-2021\/#respond"]}]},{"@type":"WebPage","@id":"https:\/\/patagoniambiental.com.ar\/info\/en-cooperacion-con-sierra-nevada-corporation-la-onu-prepara-su-primera-mision-espacial-para-el-ano-2021\/","url":"https:\/\/patagoniambiental.com.ar\/info\/en-cooperacion-con-sierra-nevada-corporation-la-onu-prepara-su-primera-mision-espacial-para-el-ano-2021\/","name":"EN COOPERACI\u00d3N CON SIERRA NEVADA CORPORATION: La ONU prepara su primera misi\u00f3n espacial para el a\u00f1o 2021","isPartOf":{"@id":"https:\/\/patagoniambiental.com.ar\/info\/#website"},"primaryImageOfPage":{"@id":"https:\/\/patagoniambiental.com.ar\/info\/en-cooperacion-con-sierra-nevada-corporation-la-onu-prepara-su-primera-mision-espacial-para-el-ano-2021\/#primaryimage"},"image":{"@id":"https:\/\/patagoniambiental.com.ar\/info\/en-cooperacion-con-sierra-nevada-corporation-la-onu-prepara-su-primera-mision-espacial-para-el-ano-2021\/#primaryimage"},"thumbnailUrl":"https:\/\/patagoniambiental.com.ar\/info\/wp-content\/uploads\/2017\/05\/efe_20170430_101759_pa0346_22775_1.jpg","datePublished":"2017-05-02T22:00:56+00:00","breadcrumb":{"@id":"https:\/\/patagoniambiental.com.ar\/info\/en-cooperacion-con-sierra-nevada-corporation-la-onu-prepara-su-primera-mision-espacial-para-el-ano-2021\/#breadcrumb"},"inLanguage":"es","potentialAction":[{"@type":"ReadAction","target":["https:\/\/patagoniambiental.com.ar\/info\/en-cooperacion-con-sierra-nevada-corporation-la-onu-prepara-su-primera-mision-espacial-para-el-ano-2021\/"]}]},{"@type":"ImageObject","inLanguage":"es","@id":"https:\/\/patagoniambiental.com.ar\/info\/en-cooperacion-con-sierra-nevada-corporation-la-onu-prepara-su-primera-mision-espacial-para-el-ano-2021\/#primaryimage","url":"https:\/\/patagoniambiental.com.ar\/info\/wp-content\/uploads\/2017\/05\/efe_20170430_101759_pa0346_22775_1.jpg","contentUrl":"https:\/\/patagoniambiental.com.ar\/info\/wp-content\/uploads\/2017\/05\/efe_20170430_101759_pa0346_22775_1.jpg","width":614,"height":347},{"@type":"BreadcrumbList","@id":"https:\/\/patagoniambiental.com.ar\/info\/en-cooperacion-con-sierra-nevada-corporation-la-onu-prepara-su-primera-mision-espacial-para-el-ano-2021\/#breadcrumb","itemListElement":[{"@type":"ListItem","position":1,"name":"Inicio","item":"https:\/\/patagoniambiental.com.ar\/info\/"},{"@type":"ListItem","position":2,"name":"EN COOPERACI\u00d3N CON SIERRA NEVADA CORPORATION: La ONU prepara su primera misi\u00f3n espacial para el a\u00f1o 2021"}]},{"@type":"WebSite","@id":"https:\/\/patagoniambiental.com.ar\/info\/#website","url":"https:\/\/patagoniambiental.com.ar\/info\/","name":"Patagonia Ambiental","description":"Monitoreo y an\u00e1lisis de la situaci\u00f3n geopol\u00edtica en el mundo y su implicancia en la Patagonia","publisher":{"@id":"https:\/\/patagoniambiental.com.ar\/info\/#organization"},"potentialAction":[{"@type":"SearchAction","target":{"@type":"EntryPoint","urlTemplate":"https:\/\/patagoniambiental.com.ar\/info\/?s={search_term_string}"},"query-input":{"@type":"PropertyValueSpecification","valueRequired":true,"valueName":"search_term_string"}}],"inLanguage":"es"},{"@type":"Organization","@id":"https:\/\/patagoniambiental.com.ar\/info\/#organization","name":"Patagonia Ambiental","url":"https:\/\/patagoniambiental.com.ar\/info\/","logo":{"@type":"ImageObject","inLanguage":"es","@id":"https:\/\/patagoniambiental.com.ar\/info\/#\/schema\/logo\/image\/","url":"https:\/\/patagoniambiental.com.ar\/info\/wp-content\/uploads\/2025\/05\/LOGO-PATAGONIA-AMBIENTAL.png","contentUrl":"https:\/\/patagoniambiental.com.ar\/info\/wp-content\/uploads\/2025\/05\/LOGO-PATAGONIA-AMBIENTAL.png","width":433,"height":250,"caption":"Patagonia Ambiental"},"image":{"@id":"https:\/\/patagoniambiental.com.ar\/info\/#\/schema\/logo\/image\/"},"sameAs":["https:\/\/www.facebook.com\/patagonia.ambiental","https:\/\/x.com\/PatAmb"]},{"@type":"Person","@id":"https:\/\/patagoniambiental.com.ar\/info\/#\/schema\/person\/db12bff64bbcbf6a253710bf0ea37b5d","name":"Patagonia Ambiental","description":"Andr\u00e9s Nievas T\u00e9cnico en manejo ambiental, consultor Ambiental y escritor para medios locales e internacionales sobre temas de geopolitica y medio ambiente.","sameAs":["http:\/\/www.patagoniambiental.com.ar","https:\/\/www.facebook.com\/share\/1C1V8Gv9BX\/?mibextid=qi2Omg","@patagoniambiental","https:\/\/youtube.com\/@patagoniaambiental2023?si=BLt58t0wuXquxlYZ"]}]}},"_links":{"self":[{"href":"https:\/\/patagoniambiental.com.ar\/info\/wp-json\/wp\/v2\/posts\/28438","targetHints":{"allow":["GET"]}}],"collection":[{"href":"https:\/\/patagoniambiental.com.ar\/info\/wp-json\/wp\/v2\/posts"}],"about":[{"href":"https:\/\/patagoniambiental.com.ar\/info\/wp-json\/wp\/v2\/types\/post"}],"author":[{"embeddable":true,"href":"https:\/\/patagoniambiental.com.ar\/info\/wp-json\/wp\/v2\/users\/2"}],"replies":[{"embeddable":true,"href":"https:\/\/patagoniambiental.com.ar\/info\/wp-json\/wp\/v2\/comments?post=28438"}],"version-history":[{"count":0,"href":"https:\/\/patagoniambiental.com.ar\/info\/wp-json\/wp\/v2\/posts\/28438\/revisions"}],"wp:featuredmedia":[{"embeddable":true,"href":"https:\/\/patagoniambiental.com.ar\/info\/wp-json\/wp\/v2\/media\/28439"}],"wp:attachment":[{"href":"https:\/\/patagoniambiental.com.ar\/info\/wp-json\/wp\/v2\/media?parent=28438"}],"wp:term":[{"taxonomy":"category","embeddable":true,"href":"https:\/\/patagoniambiental.com.ar\/info\/wp-json\/wp\/v2\/categories?post=28438"},{"taxonomy":"post_tag","embeddable":true,"href":"https:\/\/patagoniambiental.com.ar\/info\/wp-json\/wp\/v2\/tags?post=28438"}],"curies":[{"name":"wp","href":"https:\/\/api.w.org\/{rel}","templated":true}]}}