{"id":28495,"date":"2017-05-03T19:00:16","date_gmt":"2017-05-03T22:00:16","guid":{"rendered":"http:\/\/patagoniambiental.com.ar\/info\/?p=28495"},"modified":"2017-05-03T10:37:20","modified_gmt":"2017-05-03T13:37:20","slug":"hay-huellas-en-roca-y-neuquen-del-cataclismo-que-extinguio-a-los-dinos","status":"publish","type":"post","link":"https:\/\/patagoniambiental.com.ar\/info\/hay-huellas-en-roca-y-neuquen-del-cataclismo-que-extinguio-a-los-dinos\/","title":{"rendered":"Hay huellas en Roca y Neuqu\u00e9n del cataclismo que extingui\u00f3 a los dinos"},"content":{"rendered":"<div id=\"p_p_id_contentviewerportlet_WAR_newsportlet_INSTANCE_229f3cd6860140ac83ab3bc0b4f00d31_\" class=\"portlet-boundary portlet-boundary_contentviewerportlet_WAR_newsportlet_  portlet-static portlet-static-end content-viewer-portlet \">\n<div class=\"td-portlet\">\n<section id=\"portlet_contentviewerportlet_WAR_newsportlet_INSTANCE_229f3cd6860140ac83ab3bc0b4f00d31\" class=\"portlet\">\n<div class=\"portlet-content\">\n<div class=\" portlet-content-container\">\n<div class=\"portlet-body\">\n<div class=\"last td-viewer full-access\">\n<div class=\"template-90\">\n<div class=\"left-block\">\n<p class=\"headline font-1-bold fs34\"><a href=\"http:\/\/www.rionegro.com.ar\/tag\/-\/meta\/roca\">ROCA.<\/a>.-Cient\u00edficos de R\u00edo Negro y del mundo persiguen, incansables, rastros del fen\u00f3meno que se desat\u00f3 tras el impacto del asteroide con la Tierra hace 66 millones de a\u00f1os.<\/p>\n<p class=\"headline font-1-bold fs34\"><!--more--><\/p>\n<p class=\"headline font-1-bold fs34\">Hallan rocas que cuentan parte de esa historia en la barda norte de Roca y en Bajada de Jag\u00fcel<\/p>\n<div class=\"separator\"><\/div>\n<div class=\"block-author\">\n<div class=\"block\">\n<figure class=\"img-author\">\n<div><img decoding=\"async\" class=\"waslazy\" src=\"http:\/\/www.rionegro.com.ar\/documents\/1\/0\/55x55\/0c0\/0d0\/none\/12350\/YLXF\/image_content_7098218_20160513153646.png\" width=\"55\" height=\"55\" data-original=\"\/documents\/1\/0\/55x55\/0c0\/0d0\/none\/12350\/YLXF\/image_content_7098218_20160513153646.png\" \/><\/div>\n<\/figure>\n<\/div>\n<div class=\"info-author\">\n<div class=\"byline font-1-bold fs12\"><a href=\"http:\/\/www.rionegro.com.ar\/tag\/-\/meta\/silvana-salinas\">SILVANA SALINAS<\/a><\/div>\n<div class=\"byline email font-1 fs12\"><\/div>\n<\/div>\n<\/div>\n<div class=\"datefrom font-2 fs10\">02 MAY 2017 &#8211; 00:00<\/div>\n<\/div>\n<div class=\"cl\"><\/div>\n<\/div>\n<\/div>\n<\/div>\n<\/div>\n<\/div>\n<\/section>\n<\/div>\n<\/div>\n<p>&nbsp;<\/p>\n<div id=\"p_p_id_relatedviewerportlet_WAR_newsportlet_INSTANCE_86c1785003804205a495e30ab20c4624_\" class=\"portlet-boundary portlet-boundary_relatedviewerportlet_WAR_newsportlet_  portlet-static portlet-static-end related-viewer-portlet advanced-91\"><\/div>\n<div id=\"p_p_id_contentviewerportlet_WAR_newsportlet_INSTANCE_c2cdf71bd79844bcaba784897c21c96b_\" class=\"portlet-boundary portlet-boundary_contentviewerportlet_WAR_newsportlet_  portlet-static portlet-static-end content-viewer-portlet \"><a id=\"p_contentviewerportlet_WAR_newsportlet_INSTANCE_c2cdf71bd79844bcaba784897c21c96b\"><\/a><\/p>\n<div class=\"td-portlet\">\n<section id=\"portlet_contentviewerportlet_WAR_newsportlet_INSTANCE_c2cdf71bd79844bcaba784897c21c96b\" class=\"portlet\">\n<div class=\"portlet-content\">\n<div class=\" portlet-content-container\">\n<div class=\"portlet-body\">\n<div class=\"last td-viewer full-access\">\n<div class=\"template-92\">\n<div class=\"left-block\">\n<div class=\"bx-wrapper\">\n<div class=\"bx-viewport\">\n<div class=\"multimediaMacroWrapper bxMultimedia2703574\">\n<div class=\"contentMedia art-gallery\">\n<figure class=\"cutlineShow\">\n<div><img fetchpriority=\"high\" decoding=\"async\" class=\"waslazy\" title=\"Johan Vellekoop, el investigador holand\u00e9s, en la bajada del Jag\u00fcel.\" src=\"http:\/\/www.rionegro.com.ar\/documents\/1\/0\/660x495\/0c63\/660d370\/none\/12350\/PTNE\/image_content_8353033_20170502000321.jpg\" alt=\"Johan Vellekoop, el investigador holand\u00e9s, en la bajada del Jag\u00fcel.\" width=\"660\" height=\"370\" data-original=\"\/documents\/1\/0\/660x495\/0c63\/660d370\/none\/12350\/PTNE\/image_content_8353033_20170502000321.jpg\" \/><\/div>\n<\/figure>\n<div class=\"cutline\">Johan Vellekoop, el investigador holand\u00e9s, en la bajada del Jag\u00fcel.<\/div>\n<\/div>\n<div class=\"contentMedia art-gallery\">\n<figure class=\"cutlineShow\">\n<div><img decoding=\"async\" class=\"waslazy\" title=\"Hay huellas en Roca y Neuqu\u00e9n del cataclismo que extingui\u00f3 a los dinos\" src=\"http:\/\/www.rionegro.com.ar\/documents\/1\/0\/660x437\/0c34\/660d370\/none\/12350\/BTLM\/image_content_8353036_20170502161814.jpg\" alt=\"Hay huellas en Roca y Neuqu\u00e9n del cataclismo que extingui\u00f3 a los dinos\" width=\"660\" height=\"370\" data-original=\"\/documents\/1\/0\/660x437\/0c34\/660d370\/none\/12350\/BTLM\/image_content_8353036_20170502161814.jpg\" \/><\/div>\n<\/figure>\n<div class=\"cutline\"><\/div>\n<\/div>\n<\/div>\n<\/div>\n<div class=\"bx-controls bx-has-controls-direction\"><\/div>\n<\/div>\n<div class=\"separator\"><\/div>\n<\/div>\n<div class=\"cl\"><\/div>\n<\/div>\n<\/div>\n<\/div>\n<\/div>\n<\/div>\n<\/section>\n<\/div>\n<\/div>\n<div id=\"p_p_id_contentviewerportlet_WAR_newsportlet_INSTANCE_eda4bc6b33c2436f8aad6fa3216d3914_\" class=\"portlet-boundary portlet-boundary_contentviewerportlet_WAR_newsportlet_  portlet-static portlet-static-end content-viewer-portlet advanced-93\"><a id=\"p_contentviewerportlet_WAR_newsportlet_INSTANCE_eda4bc6b33c2436f8aad6fa3216d3914\"><\/a><\/p>\n<div class=\"td-portlet\">\n<section id=\"portlet_contentviewerportlet_WAR_newsportlet_INSTANCE_eda4bc6b33c2436f8aad6fa3216d3914\" class=\"portlet\">\n<div class=\"portlet-content\">\n<div class=\" portlet-content-container\">\n<div class=\"portlet-body\">\n<div class=\"last td-viewer full-access\">\n<div class=\"template-93\">\n<div class=\"left-block\">\n<div class=\"title font-1-bold fs12\">Comparte esta noticia<\/div>\n<div class=\"addthis_toolbox addthis_default_style  addthis_32x32_style\"><\/div>\n<\/div>\n<div class=\"right-block hidden-xs\">\n<div class=\"subtitle font-2 fs10\">IMPRIMI LA VERSION SOLO TEXTO<\/div>\n<div class=\"addthis_toolbox addthis_default_style  addthis_32x32_style\"><\/div>\n<\/div>\n<div class=\"cl\"><\/div>\n<\/div>\n<\/div>\n<\/div>\n<\/div>\n<\/div>\n<\/section>\n<\/div>\n<\/div>\n<div id=\"p_p_id_adcontainerportlet_WAR_advertisementportlet_INSTANCE_e3978fc10c794087b95cfdc3f3e2e076_\" class=\"portlet-boundary portlet-boundary_adcontainerportlet_WAR_advertisementportlet_  portlet-static portlet-static-end adcontainer-portlet ad-border\"><\/div>\n<div id=\"p_p_id_contentviewerportlet_WAR_newsportlet_INSTANCE_300950490143490ea86815ac10159c1b_\" class=\"portlet-boundary portlet-boundary_contentviewerportlet_WAR_newsportlet_  portlet-static portlet-static-end content-viewer-portlet \"><a id=\"p_contentviewerportlet_WAR_newsportlet_INSTANCE_300950490143490ea86815ac10159c1b\"><\/a><\/p>\n<div class=\"td-portlet\">\n<section id=\"portlet_contentviewerportlet_WAR_newsportlet_INSTANCE_300950490143490ea86815ac10159c1b\" class=\"portlet\">\n<div class=\"portlet-content\">\n<div class=\" portlet-content-container\">\n<div class=\"portlet-body\">\n<div class=\"last td-viewer full-access\">\n<div class=\"template-94\">\n<div class=\"left-block\">\n<div class=\"text font-4 fs16 resizable\">\n<div class=\"highlight_text ant-$componentKeyAnt\">En la barda norte de Roca y en Bajada de Jag\u00fcel, est\u00e1n expuestas las rocas que se formaron en el fondo del mar que, millones de a\u00f1os atr\u00e1s, cubr\u00eda gran parte de la Patagonia.<\/div>\n<div class=\"paragraph\">\n<p>Para tratar de entender las maravillas del trabajo cient\u00edfico y una investigaci\u00f3n que arranc\u00f3 hace cinco a\u00f1os, de la mano de un pu\u00f1ado de investigadores de todo el mundo, hay que tratar de poner la mente en blanco. Despu\u00e9s, intentar retroceder en el tiempo. Cien a\u00f1os&#8230; no. Mil a\u00f1os atr\u00e1s&#8230; no. Un mill\u00f3n&#8230; tampoco. Imposible (para muchos o la gran mayor\u00eda). Tendr\u00edamos que<b> tratar de irnos&#8230; 66 millones de a\u00f1os atr\u00e1s, desde el aqu\u00ed y ahora<\/b>. Exactamente, cuando se produjo el choque de un asteroide contra la Tierra.<\/p>\n<p>Lo que se sabe, hace tiempo, es que<b> el impacto tuvo lugar en M\u00e9xico<\/b>, m\u00e1s precisamente en la pen\u00ednsula de Yucat\u00e1n, y dej\u00f3 un cr\u00e1ter de 180 kil\u00f3metros de di\u00e1metro que se conoce como cr\u00e1ter de Chicxulub. Las consecuencias sobre la vida en el planeta fueron dram\u00e1ticas e incluyeron la extinci\u00f3n de los dinosaurios y otras muchas formas de vida.<\/p>\n<p>Hace a\u00f1os, cient\u00edficos de todo el mundo y de diferentes especialidades estudian rocas de esa edad <b>buscando conocer c\u00f3mo fue el clima y otras caracter\u00edsticas<\/b> ambientales antes y despu\u00e9s del impacto y cu\u00e1les y qu\u00e9 tan profundas fueron sus consecuencias sobre la vida en el planeta. He aqu\u00ed, <b>una parte fundamental para nuestra regi\u00f3n<\/b>&#8230; (y el dato m\u00e1s asombroso!)<\/p>\n<p>El problema con que se enfrentan los investigadores es que <b>no abundan en el mundo las localidades en donde esas rocas est\u00e9n disponibles<\/b> para su estudio ya que, con el transcurrir del tiempo, se erosionaron o cubrieron de sedimentos por lo que se encuentran a miles de metros debajo de la superficie o en el medio del oc\u00e9ano cubiertas por fango marino y centenares de metros de agua.<\/p>\n<\/div>\n<div class=\"multimediaIconMacroWrapper\">\n<div class=\"contentMedia foto-vertical\">\n<div><img loading=\"lazy\" decoding=\"async\" class=\"waslazy\" src=\"http:\/\/www.rionegro.com.ar\/documents\/1\/0\/600x688\/0c0\/0d0\/none\/12350\/KAXD\/image_content_8355367_20170502114330.jpg\" width=\"600\" height=\"688\" data-original=\"\/documents\/1\/0\/600x688\/0c0\/0d0\/none\/12350\/KAXD\/image_content_8355367_20170502114330.jpg\" \/><\/div>\n<\/div>\n<\/div>\n<div class=\"chronology_headline ant-foto_vertical\">Sitios \u00fanicos<\/div>\n<div class=\"paragraph\">\n<p>Sin embargo, dos lugares excepcionales para estudiar estos acontecimientos, que tuvieron lugar en el planeta mucho antes que los seres humanos lo habitaran, se encuentran (!!!!) a pocos kil\u00f3metros de General Roca.<\/p>\n<p>Uno de ellos est\u00e1<b> en la barda Norte de General Roca<\/b> y el otro<b> en Bajada de Jag\u00fcel<\/b>, muy cerca de <b>Auca Mahuida, en la provincia de Neuqu\u00e9n<\/b>.<\/p>\n<p>En ambos lugares est\u00e1n expuestas en la superficie rocas que se formaron en<b> el fondo del mar que hace 66 millones de a\u00f1os cubr\u00eda gran parte de la Patagonia<\/b>, las que contienen el nivel que corresponde al momento preciso del impacto del asteroide, explic\u00f3 Silvio Casad\u00edo, uno de los expertos que lider\u00f3 la investigaci\u00f3n.<\/p>\n<p>En <b>Bajada de Jag\u00fcel<\/b>, la capa que se form\u00f3 pocas horas despu\u00e9s del impacto fue identificada hace algunos a\u00f1os por un grupo de ge\u00f3logos y paleont\u00f3logos de la Universidad de Buenos Aires y corresponde a los sedimentos que dej\u00f3 el tsunami que se form\u00f3 entonces como consecuencia del impacto.<\/p>\n<\/div>\n<div class=\"chronology_headline ant-text\">El antes y el despu\u00e9s<\/div>\n<div class=\"paragraph\">\n<p>Desde hace cinco a\u00f1os un grupo de investigadores de Holanda, B\u00e9lgica, Escocia, Italia y Argentina estudian las rocas y los f\u00f3siles de la barda Norte y Bajada de Jag\u00fcel con la finalidad de conocer c\u00f3mo eran las condiciones clim\u00e1ticas antes y despu\u00e9s del impacto del asteroide en el norte de la Patagonia y c\u00f3mo se correlacionan estos datos con los de otras regiones del planeta.<\/p>\n<p>Recientemente dieron a conocer parte de los resultados de sus estudios en un art\u00edculo que se public\u00f3 en la revista Paleoceanography de la American Geophysical Union.<\/p>\n<p>Silvio Casad\u00edo, profesor de la Universidad Nacional de R\u00edo Negro, investigador del Conicet en el Instituto de Paleobiolog\u00eda y Geolog\u00eda, y uno de los autores del trabajo, adelant\u00f3 m\u00e1s detalles sobre el trabajo cient\u00edfico a \u201cR\u00edo Negro\u201d.<\/p>\n<p><b>P- \u00bfPor qu\u00e9 son tan importantes las localidades de Bajada de Jag\u00fcel y la barda Norte?<\/b><\/p>\n<p>R- Son lugares muy especiales porque sus rocas guardan el registro de los eventos que tuvieron lugar hace 66 millones de a\u00f1os antes del presente. Por ejemplo en Bajada tenemos el registro del tsunami que recorri\u00f3 gran parte de los oc\u00e9anos del mundo luego del impacto y recientemente hemos podido obtener datos muy detallados de c\u00f3mo era la temperatura del agua del \u201cmar Rocanense\u201d entre 700.000 a\u00f1os antes del impacto y unos 40.000 a\u00f1os con posterioridad al mismo.<\/p>\n<p><b>P- \u00bfY c\u00f3mo se puede conocer la temperatura del agua del mar de hace tanto tiempo atr\u00e1s?<\/b><\/p>\n<p>R- Bueno, ese es uno de los puntos m\u00e1s interesantes del trabajo que estamos realizando y que consiste en aplicar un m\u00e9todo nuevo que se denomina TEX86. Este m\u00e9todo, desarrollado por investigadores holandeses, se basa en organismos unicelulares del grupo de las arqueas que viven en la superficie del oc\u00e9ano y que forman su membrana celular con una estructura molecular que se relaciona directamente con la temperatura del agua. Los l\u00edpidos que forman la membrana, una vez que el organismo se muere, quedan incorporados en los sedimentos del fondo del mar y si no fueron sometidos a temperaturas mayores de 300\u00b0C se preservan hasta la actualidad!<\/p>\n<p><b>P- \u00bfEntonces se extrae ese l\u00edpido de la roca?<\/b><\/p>\n<p>R- Claro, con solventes se extrae el l\u00edpido y se lo analiza para conocer su estructura molecular y as\u00ed se puede determinar por ejemplo la temperatura del agua del mar hace 66 millones de a\u00f1os.<\/p>\n<p>\u00bfY c\u00f3mo era la temperatura del agua del \u201cmar Rocanense\u201d hace 66 millones de a\u00f1os?<\/p>\n<p>Hasta los 67 millones la temperatura del agua rond\u00f3 los 30\u00b0C&#8230; como algunos lugares del Caribe! Pero luego se registra un descenso y var\u00eda entre los 24 y 28\u00b0 hasta el momento del impacto, indic\u00f3 el experto.<\/p>\n<p>Estas variaciones pudieron estar vinculadas con una serie de enormes erupciones volc\u00e1nicas que se produjeron en la India antes que este continente chocara con Asia. \u201cEn nuestro trabajo comparamos estas variaciones con las observadas en una perforaci\u00f3n realizada en el Atl\u00e1ntico, al oeste de Angola\u201d.<\/p>\n<p><b>P- \u00bfQue ocurri\u00f3 despu\u00e9s del impacto?<\/b><\/p>\n<p>R- Tenemos un par de muestras de los niveles inmediatamente por encima del dep\u00f3sito del tsunami e indican que la temperatura cay\u00f3 m\u00e1s de 8\u00b0C, lo que podr\u00eda representar una especie de \u201cinvierno nuclear\u201d pero vinculado con el impacto.<\/p>\n<p><b>P- \u00bfY luego de eso?<\/b><\/p>\n<p>R- Vemos cosas muy interesantes&#8230; la temperatura del agua sufri\u00f3 varios cambios, pero siempre se mantuvo por encima de los 24\u00b0C. Particularmente interesante es un pico que sigui\u00f3 al \u201cInvierno\u201d postimpacto y que lleg\u00f3 a 32\u00b0C.<\/p>\n<p>Esto es much\u00edsimo y podr\u00eda ser el momento en el que en La Pampa, al norte de Catriel, se registra un arrecife de corales. Esto nos dice que el \u201cmar Rocanense\u201d era muy parecido a lo que actualmente es el Caribe.<\/p>\n<\/div>\n<div class=\"highlight_text ant-text\">\u201cSon lugares muy especiales porque sus rocas guardan el registro de los eventos que tuvieron lugar hace 66 millones de a\u00f1os\u201d<\/div>\n<div class=\"highlight_author ant-highlight_text\">Explic\u00f3 Silvio Casadio, profesor de la UNRN e investigador del Conicet.<\/div>\n<\/div>\n<\/div>\n<\/div>\n<\/div>\n<\/div>\n<\/div>\n<\/div>\n<\/section>\n<\/div>\n<\/div>\n","protected":false},"excerpt":{"rendered":"<p>ROCA..-Cient\u00edficos de R\u00edo Negro y del mundo persiguen, incansables, rastros del fen\u00f3meno que se desat\u00f3 tras el impacto del asteroide [&hellip;]<\/p>\n","protected":false},"author":2,"featured_media":28496,"comment_status":"open","ping_status":"open","sticky":false,"template":"","format":"standard","meta":{"site-sidebar-layout":"default","site-content-layout":"","ast-site-content-layout":"default","site-content-style":"default","site-sidebar-style":"default","ast-global-header-display":"","ast-banner-title-visibility":"","ast-main-header-display":"","ast-hfb-above-header-display":"","ast-hfb-below-header-display":"","ast-hfb-mobile-header-display":"","site-post-title":"","ast-breadcrumbs-content":"","ast-featured-img":"","footer-sml-layout":"","ast-disable-related-posts":"","theme-transparent-header-meta":"","adv-header-id-meta":"","stick-header-meta":"","header-above-stick-meta":"","header-main-stick-meta":"","header-below-stick-meta":"","astra-migrate-meta-layouts":"default","ast-page-background-enabled":"default","ast-page-background-meta":{"desktop":{"background-color":"var(--ast-global-color-5)","background-image":"","background-repeat":"repeat","background-position":"center center","background-size":"auto","background-attachment":"scroll","background-type":"","background-media":"","overlay-type":"","overlay-color":"","overlay-opacity":"","overlay-gradient":""},"tablet":{"background-color":"","background-image":"","background-repeat":"repeat","background-position":"center center","background-size":"auto","background-attachment":"scroll","background-type":"","background-media":"","overlay-type":"","overlay-color":"","overlay-opacity":"","overlay-gradient":""},"mobile":{"background-color":"","background-image":"","background-repeat":"repeat","background-position":"center center","background-size":"auto","background-attachment":"scroll","background-type":"","background-media":"","overlay-type":"","overlay-color":"","overlay-opacity":"","overlay-gradient":""}},"ast-content-background-meta":{"desktop":{"background-color":"var(--ast-global-color-4)","background-image":"","background-repeat":"repeat","background-position":"center center","background-size":"auto","background-attachment":"scroll","background-type":"","background-media":"","overlay-type":"","overlay-color":"","overlay-opacity":"","overlay-gradient":""},"tablet":{"background-color":"var(--ast-global-color-4)","background-image":"","background-repeat":"repeat","background-position":"center center","background-size":"auto","background-attachment":"scroll","background-type":"","background-media":"","overlay-type":"","overlay-color":"","overlay-opacity":"","overlay-gradient":""},"mobile":{"background-color":"var(--ast-global-color-4)","background-image":"","background-repeat":"repeat","background-position":"center center","background-size":"auto","background-attachment":"scroll","background-type":"","background-media":"","overlay-type":"","overlay-color":"","overlay-opacity":"","overlay-gradient":""}},"footnotes":""},"categories":[23,1],"tags":[],"class_list":["post-28495","post","type-post","status-publish","format-standard","has-post-thumbnail","hentry","category-internacionales","category-noticias"],"yoast_head":"<!-- This site is optimized with the Yoast SEO Premium plugin v23.0 (Yoast SEO v27.4) - https:\/\/yoast.com\/product\/yoast-seo-premium-wordpress\/ -->\n<title>Hay huellas en Roca y Neuqu\u00e9n del cataclismo que extingui\u00f3 a los dinos<\/title>\n<meta name=\"robots\" content=\"index, follow, max-snippet:-1, max-image-preview:large, max-video-preview:-1\" \/>\n<link rel=\"canonical\" href=\"https:\/\/patagoniambiental.com.ar\/info\/hay-huellas-en-roca-y-neuquen-del-cataclismo-que-extinguio-a-los-dinos\/\" \/>\n<meta property=\"og:locale\" content=\"es_ES\" \/>\n<meta property=\"og:type\" content=\"article\" \/>\n<meta property=\"og:title\" content=\"Hay huellas en Roca y Neuqu\u00e9n del cataclismo que extingui\u00f3 a los dinos\" \/>\n<meta property=\"og:description\" content=\"ROCA..-Cient\u00edficos de R\u00edo Negro y del mundo persiguen, incansables, rastros del fen\u00f3meno que se desat\u00f3 tras el impacto del asteroide [&hellip;]\" \/>\n<meta property=\"og:url\" content=\"https:\/\/patagoniambiental.com.ar\/info\/hay-huellas-en-roca-y-neuquen-del-cataclismo-que-extinguio-a-los-dinos\/\" \/>\n<meta property=\"og:site_name\" content=\"Patagonia Ambiental\" \/>\n<meta property=\"article:publisher\" content=\"https:\/\/www.facebook.com\/patagonia.ambiental\" \/>\n<meta property=\"article:author\" content=\"https:\/\/www.facebook.com\/share\/1C1V8Gv9BX\/?mibextid=qi2Omg\" \/>\n<meta property=\"article:published_time\" content=\"2017-05-03T22:00:16+00:00\" \/>\n<meta property=\"og:image\" content=\"https:\/\/patagoniambiental.com.ar\/info\/wp-content\/uploads\/2017\/05\/image_content_8353033_20170502000321.jpg\" \/>\n\t<meta property=\"og:image:width\" content=\"660\" \/>\n\t<meta property=\"og:image:height\" content=\"370\" \/>\n\t<meta property=\"og:image:type\" content=\"image\/jpeg\" \/>\n<meta name=\"author\" content=\"Patagonia Ambiental\" \/>\n<meta name=\"twitter:card\" content=\"summary_large_image\" \/>\n<meta name=\"twitter:creator\" content=\"@PatAmb\" \/>\n<meta name=\"twitter:site\" content=\"@PatAmb\" \/>\n<script type=\"application\/ld+json\" class=\"yoast-schema-graph\">{\"@context\":\"https:\\\/\\\/schema.org\",\"@graph\":[{\"@type\":\"Article\",\"@id\":\"https:\\\/\\\/patagoniambiental.com.ar\\\/info\\\/hay-huellas-en-roca-y-neuquen-del-cataclismo-que-extinguio-a-los-dinos\\\/#article\",\"isPartOf\":{\"@id\":\"https:\\\/\\\/patagoniambiental.com.ar\\\/info\\\/hay-huellas-en-roca-y-neuquen-del-cataclismo-que-extinguio-a-los-dinos\\\/\"},\"author\":{\"name\":\"Patagonia Ambiental\",\"@id\":\"https:\\\/\\\/patagoniambiental.com.ar\\\/info\\\/#\\\/schema\\\/person\\\/db12bff64bbcbf6a253710bf0ea37b5d\"},\"headline\":\"Hay huellas en Roca y Neuqu\u00e9n del cataclismo que extingui\u00f3 a los dinos\",\"datePublished\":\"2017-05-03T22:00:16+00:00\",\"mainEntityOfPage\":{\"@id\":\"https:\\\/\\\/patagoniambiental.com.ar\\\/info\\\/hay-huellas-en-roca-y-neuquen-del-cataclismo-que-extinguio-a-los-dinos\\\/\"},\"wordCount\":1299,\"commentCount\":0,\"publisher\":{\"@id\":\"https:\\\/\\\/patagoniambiental.com.ar\\\/info\\\/#organization\"},\"image\":{\"@id\":\"https:\\\/\\\/patagoniambiental.com.ar\\\/info\\\/hay-huellas-en-roca-y-neuquen-del-cataclismo-que-extinguio-a-los-dinos\\\/#primaryimage\"},\"thumbnailUrl\":\"https:\\\/\\\/patagoniambiental.com.ar\\\/info\\\/wp-content\\\/uploads\\\/2017\\\/05\\\/image_content_8353033_20170502000321.jpg\",\"articleSection\":[\"Internacionales\",\"Noticias\"],\"inLanguage\":\"es\",\"potentialAction\":[{\"@type\":\"CommentAction\",\"name\":\"Comment\",\"target\":[\"https:\\\/\\\/patagoniambiental.com.ar\\\/info\\\/hay-huellas-en-roca-y-neuquen-del-cataclismo-que-extinguio-a-los-dinos\\\/#respond\"]}]},{\"@type\":\"WebPage\",\"@id\":\"https:\\\/\\\/patagoniambiental.com.ar\\\/info\\\/hay-huellas-en-roca-y-neuquen-del-cataclismo-que-extinguio-a-los-dinos\\\/\",\"url\":\"https:\\\/\\\/patagoniambiental.com.ar\\\/info\\\/hay-huellas-en-roca-y-neuquen-del-cataclismo-que-extinguio-a-los-dinos\\\/\",\"name\":\"Hay huellas en Roca y Neuqu\u00e9n del cataclismo que extingui\u00f3 a los dinos\",\"isPartOf\":{\"@id\":\"https:\\\/\\\/patagoniambiental.com.ar\\\/info\\\/#website\"},\"primaryImageOfPage\":{\"@id\":\"https:\\\/\\\/patagoniambiental.com.ar\\\/info\\\/hay-huellas-en-roca-y-neuquen-del-cataclismo-que-extinguio-a-los-dinos\\\/#primaryimage\"},\"image\":{\"@id\":\"https:\\\/\\\/patagoniambiental.com.ar\\\/info\\\/hay-huellas-en-roca-y-neuquen-del-cataclismo-que-extinguio-a-los-dinos\\\/#primaryimage\"},\"thumbnailUrl\":\"https:\\\/\\\/patagoniambiental.com.ar\\\/info\\\/wp-content\\\/uploads\\\/2017\\\/05\\\/image_content_8353033_20170502000321.jpg\",\"datePublished\":\"2017-05-03T22:00:16+00:00\",\"breadcrumb\":{\"@id\":\"https:\\\/\\\/patagoniambiental.com.ar\\\/info\\\/hay-huellas-en-roca-y-neuquen-del-cataclismo-que-extinguio-a-los-dinos\\\/#breadcrumb\"},\"inLanguage\":\"es\",\"potentialAction\":[{\"@type\":\"ReadAction\",\"target\":[\"https:\\\/\\\/patagoniambiental.com.ar\\\/info\\\/hay-huellas-en-roca-y-neuquen-del-cataclismo-que-extinguio-a-los-dinos\\\/\"]}]},{\"@type\":\"ImageObject\",\"inLanguage\":\"es\",\"@id\":\"https:\\\/\\\/patagoniambiental.com.ar\\\/info\\\/hay-huellas-en-roca-y-neuquen-del-cataclismo-que-extinguio-a-los-dinos\\\/#primaryimage\",\"url\":\"https:\\\/\\\/patagoniambiental.com.ar\\\/info\\\/wp-content\\\/uploads\\\/2017\\\/05\\\/image_content_8353033_20170502000321.jpg\",\"contentUrl\":\"https:\\\/\\\/patagoniambiental.com.ar\\\/info\\\/wp-content\\\/uploads\\\/2017\\\/05\\\/image_content_8353033_20170502000321.jpg\",\"width\":660,\"height\":370},{\"@type\":\"BreadcrumbList\",\"@id\":\"https:\\\/\\\/patagoniambiental.com.ar\\\/info\\\/hay-huellas-en-roca-y-neuquen-del-cataclismo-que-extinguio-a-los-dinos\\\/#breadcrumb\",\"itemListElement\":[{\"@type\":\"ListItem\",\"position\":1,\"name\":\"Inicio\",\"item\":\"https:\\\/\\\/patagoniambiental.com.ar\\\/info\\\/\"},{\"@type\":\"ListItem\",\"position\":2,\"name\":\"Hay huellas en Roca y Neuqu\u00e9n del cataclismo que extingui\u00f3 a los dinos\"}]},{\"@type\":\"WebSite\",\"@id\":\"https:\\\/\\\/patagoniambiental.com.ar\\\/info\\\/#website\",\"url\":\"https:\\\/\\\/patagoniambiental.com.ar\\\/info\\\/\",\"name\":\"Patagonia Ambiental\",\"description\":\"Monitoreo y an\u00e1lisis de la situaci\u00f3n geopol\u00edtica en el mundo y su implicancia en la Patagonia\",\"publisher\":{\"@id\":\"https:\\\/\\\/patagoniambiental.com.ar\\\/info\\\/#organization\"},\"potentialAction\":[{\"@type\":\"SearchAction\",\"target\":{\"@type\":\"EntryPoint\",\"urlTemplate\":\"https:\\\/\\\/patagoniambiental.com.ar\\\/info\\\/?s={search_term_string}\"},\"query-input\":{\"@type\":\"PropertyValueSpecification\",\"valueRequired\":true,\"valueName\":\"search_term_string\"}}],\"inLanguage\":\"es\"},{\"@type\":\"Organization\",\"@id\":\"https:\\\/\\\/patagoniambiental.com.ar\\\/info\\\/#organization\",\"name\":\"Patagonia Ambiental\",\"url\":\"https:\\\/\\\/patagoniambiental.com.ar\\\/info\\\/\",\"logo\":{\"@type\":\"ImageObject\",\"inLanguage\":\"es\",\"@id\":\"https:\\\/\\\/patagoniambiental.com.ar\\\/info\\\/#\\\/schema\\\/logo\\\/image\\\/\",\"url\":\"https:\\\/\\\/patagoniambiental.com.ar\\\/info\\\/wp-content\\\/uploads\\\/2025\\\/05\\\/LOGO-PATAGONIA-AMBIENTAL.png\",\"contentUrl\":\"https:\\\/\\\/patagoniambiental.com.ar\\\/info\\\/wp-content\\\/uploads\\\/2025\\\/05\\\/LOGO-PATAGONIA-AMBIENTAL.png\",\"width\":433,\"height\":250,\"caption\":\"Patagonia Ambiental\"},\"image\":{\"@id\":\"https:\\\/\\\/patagoniambiental.com.ar\\\/info\\\/#\\\/schema\\\/logo\\\/image\\\/\"},\"sameAs\":[\"https:\\\/\\\/www.facebook.com\\\/patagonia.ambiental\",\"https:\\\/\\\/x.com\\\/PatAmb\"]},{\"@type\":\"Person\",\"@id\":\"https:\\\/\\\/patagoniambiental.com.ar\\\/info\\\/#\\\/schema\\\/person\\\/db12bff64bbcbf6a253710bf0ea37b5d\",\"name\":\"Patagonia Ambiental\",\"description\":\"Andr\u00e9s Nievas T\u00e9cnico en manejo ambiental, consultor Ambiental y escritor para medios locales e internacionales sobre temas de geopolitica y medio ambiente.\",\"sameAs\":[\"http:\\\/\\\/www.patagoniambiental.com.ar\",\"https:\\\/\\\/www.facebook.com\\\/share\\\/1C1V8Gv9BX\\\/?mibextid=qi2Omg\",\"@patagoniambiental\",\"https:\\\/\\\/youtube.com\\\/@patagoniaambiental2023?si=BLt58t0wuXquxlYZ\"]}]}<\/script>\n<!-- \/ Yoast SEO Premium plugin. -->","yoast_head_json":{"title":"Hay huellas en Roca y Neuqu\u00e9n del cataclismo que extingui\u00f3 a los dinos","robots":{"index":"index","follow":"follow","max-snippet":"max-snippet:-1","max-image-preview":"max-image-preview:large","max-video-preview":"max-video-preview:-1"},"canonical":"https:\/\/patagoniambiental.com.ar\/info\/hay-huellas-en-roca-y-neuquen-del-cataclismo-que-extinguio-a-los-dinos\/","og_locale":"es_ES","og_type":"article","og_title":"Hay huellas en Roca y Neuqu\u00e9n del cataclismo que extingui\u00f3 a los dinos","og_description":"ROCA..-Cient\u00edficos de R\u00edo Negro y del mundo persiguen, incansables, rastros del fen\u00f3meno que se desat\u00f3 tras el impacto del asteroide [&hellip;]","og_url":"https:\/\/patagoniambiental.com.ar\/info\/hay-huellas-en-roca-y-neuquen-del-cataclismo-que-extinguio-a-los-dinos\/","og_site_name":"Patagonia Ambiental","article_publisher":"https:\/\/www.facebook.com\/patagonia.ambiental","article_author":"https:\/\/www.facebook.com\/share\/1C1V8Gv9BX\/?mibextid=qi2Omg","article_published_time":"2017-05-03T22:00:16+00:00","og_image":[{"width":660,"height":370,"url":"https:\/\/patagoniambiental.com.ar\/info\/wp-content\/uploads\/2017\/05\/image_content_8353033_20170502000321.jpg","type":"image\/jpeg"}],"author":"Patagonia Ambiental","twitter_card":"summary_large_image","twitter_creator":"@PatAmb","twitter_site":"@PatAmb","schema":{"@context":"https:\/\/schema.org","@graph":[{"@type":"Article","@id":"https:\/\/patagoniambiental.com.ar\/info\/hay-huellas-en-roca-y-neuquen-del-cataclismo-que-extinguio-a-los-dinos\/#article","isPartOf":{"@id":"https:\/\/patagoniambiental.com.ar\/info\/hay-huellas-en-roca-y-neuquen-del-cataclismo-que-extinguio-a-los-dinos\/"},"author":{"name":"Patagonia Ambiental","@id":"https:\/\/patagoniambiental.com.ar\/info\/#\/schema\/person\/db12bff64bbcbf6a253710bf0ea37b5d"},"headline":"Hay huellas en Roca y Neuqu\u00e9n del cataclismo que extingui\u00f3 a los dinos","datePublished":"2017-05-03T22:00:16+00:00","mainEntityOfPage":{"@id":"https:\/\/patagoniambiental.com.ar\/info\/hay-huellas-en-roca-y-neuquen-del-cataclismo-que-extinguio-a-los-dinos\/"},"wordCount":1299,"commentCount":0,"publisher":{"@id":"https:\/\/patagoniambiental.com.ar\/info\/#organization"},"image":{"@id":"https:\/\/patagoniambiental.com.ar\/info\/hay-huellas-en-roca-y-neuquen-del-cataclismo-que-extinguio-a-los-dinos\/#primaryimage"},"thumbnailUrl":"https:\/\/patagoniambiental.com.ar\/info\/wp-content\/uploads\/2017\/05\/image_content_8353033_20170502000321.jpg","articleSection":["Internacionales","Noticias"],"inLanguage":"es","potentialAction":[{"@type":"CommentAction","name":"Comment","target":["https:\/\/patagoniambiental.com.ar\/info\/hay-huellas-en-roca-y-neuquen-del-cataclismo-que-extinguio-a-los-dinos\/#respond"]}]},{"@type":"WebPage","@id":"https:\/\/patagoniambiental.com.ar\/info\/hay-huellas-en-roca-y-neuquen-del-cataclismo-que-extinguio-a-los-dinos\/","url":"https:\/\/patagoniambiental.com.ar\/info\/hay-huellas-en-roca-y-neuquen-del-cataclismo-que-extinguio-a-los-dinos\/","name":"Hay huellas en Roca y Neuqu\u00e9n del cataclismo que extingui\u00f3 a los dinos","isPartOf":{"@id":"https:\/\/patagoniambiental.com.ar\/info\/#website"},"primaryImageOfPage":{"@id":"https:\/\/patagoniambiental.com.ar\/info\/hay-huellas-en-roca-y-neuquen-del-cataclismo-que-extinguio-a-los-dinos\/#primaryimage"},"image":{"@id":"https:\/\/patagoniambiental.com.ar\/info\/hay-huellas-en-roca-y-neuquen-del-cataclismo-que-extinguio-a-los-dinos\/#primaryimage"},"thumbnailUrl":"https:\/\/patagoniambiental.com.ar\/info\/wp-content\/uploads\/2017\/05\/image_content_8353033_20170502000321.jpg","datePublished":"2017-05-03T22:00:16+00:00","breadcrumb":{"@id":"https:\/\/patagoniambiental.com.ar\/info\/hay-huellas-en-roca-y-neuquen-del-cataclismo-que-extinguio-a-los-dinos\/#breadcrumb"},"inLanguage":"es","potentialAction":[{"@type":"ReadAction","target":["https:\/\/patagoniambiental.com.ar\/info\/hay-huellas-en-roca-y-neuquen-del-cataclismo-que-extinguio-a-los-dinos\/"]}]},{"@type":"ImageObject","inLanguage":"es","@id":"https:\/\/patagoniambiental.com.ar\/info\/hay-huellas-en-roca-y-neuquen-del-cataclismo-que-extinguio-a-los-dinos\/#primaryimage","url":"https:\/\/patagoniambiental.com.ar\/info\/wp-content\/uploads\/2017\/05\/image_content_8353033_20170502000321.jpg","contentUrl":"https:\/\/patagoniambiental.com.ar\/info\/wp-content\/uploads\/2017\/05\/image_content_8353033_20170502000321.jpg","width":660,"height":370},{"@type":"BreadcrumbList","@id":"https:\/\/patagoniambiental.com.ar\/info\/hay-huellas-en-roca-y-neuquen-del-cataclismo-que-extinguio-a-los-dinos\/#breadcrumb","itemListElement":[{"@type":"ListItem","position":1,"name":"Inicio","item":"https:\/\/patagoniambiental.com.ar\/info\/"},{"@type":"ListItem","position":2,"name":"Hay huellas en Roca y Neuqu\u00e9n del cataclismo que extingui\u00f3 a los dinos"}]},{"@type":"WebSite","@id":"https:\/\/patagoniambiental.com.ar\/info\/#website","url":"https:\/\/patagoniambiental.com.ar\/info\/","name":"Patagonia Ambiental","description":"Monitoreo y an\u00e1lisis de la situaci\u00f3n geopol\u00edtica en el mundo y su implicancia en la Patagonia","publisher":{"@id":"https:\/\/patagoniambiental.com.ar\/info\/#organization"},"potentialAction":[{"@type":"SearchAction","target":{"@type":"EntryPoint","urlTemplate":"https:\/\/patagoniambiental.com.ar\/info\/?s={search_term_string}"},"query-input":{"@type":"PropertyValueSpecification","valueRequired":true,"valueName":"search_term_string"}}],"inLanguage":"es"},{"@type":"Organization","@id":"https:\/\/patagoniambiental.com.ar\/info\/#organization","name":"Patagonia Ambiental","url":"https:\/\/patagoniambiental.com.ar\/info\/","logo":{"@type":"ImageObject","inLanguage":"es","@id":"https:\/\/patagoniambiental.com.ar\/info\/#\/schema\/logo\/image\/","url":"https:\/\/patagoniambiental.com.ar\/info\/wp-content\/uploads\/2025\/05\/LOGO-PATAGONIA-AMBIENTAL.png","contentUrl":"https:\/\/patagoniambiental.com.ar\/info\/wp-content\/uploads\/2025\/05\/LOGO-PATAGONIA-AMBIENTAL.png","width":433,"height":250,"caption":"Patagonia Ambiental"},"image":{"@id":"https:\/\/patagoniambiental.com.ar\/info\/#\/schema\/logo\/image\/"},"sameAs":["https:\/\/www.facebook.com\/patagonia.ambiental","https:\/\/x.com\/PatAmb"]},{"@type":"Person","@id":"https:\/\/patagoniambiental.com.ar\/info\/#\/schema\/person\/db12bff64bbcbf6a253710bf0ea37b5d","name":"Patagonia Ambiental","description":"Andr\u00e9s Nievas T\u00e9cnico en manejo ambiental, consultor Ambiental y escritor para medios locales e internacionales sobre temas de geopolitica y medio ambiente.","sameAs":["http:\/\/www.patagoniambiental.com.ar","https:\/\/www.facebook.com\/share\/1C1V8Gv9BX\/?mibextid=qi2Omg","@patagoniambiental","https:\/\/youtube.com\/@patagoniaambiental2023?si=BLt58t0wuXquxlYZ"]}]}},"_links":{"self":[{"href":"https:\/\/patagoniambiental.com.ar\/info\/wp-json\/wp\/v2\/posts\/28495","targetHints":{"allow":["GET"]}}],"collection":[{"href":"https:\/\/patagoniambiental.com.ar\/info\/wp-json\/wp\/v2\/posts"}],"about":[{"href":"https:\/\/patagoniambiental.com.ar\/info\/wp-json\/wp\/v2\/types\/post"}],"author":[{"embeddable":true,"href":"https:\/\/patagoniambiental.com.ar\/info\/wp-json\/wp\/v2\/users\/2"}],"replies":[{"embeddable":true,"href":"https:\/\/patagoniambiental.com.ar\/info\/wp-json\/wp\/v2\/comments?post=28495"}],"version-history":[{"count":0,"href":"https:\/\/patagoniambiental.com.ar\/info\/wp-json\/wp\/v2\/posts\/28495\/revisions"}],"wp:featuredmedia":[{"embeddable":true,"href":"https:\/\/patagoniambiental.com.ar\/info\/wp-json\/wp\/v2\/media\/28496"}],"wp:attachment":[{"href":"https:\/\/patagoniambiental.com.ar\/info\/wp-json\/wp\/v2\/media?parent=28495"}],"wp:term":[{"taxonomy":"category","embeddable":true,"href":"https:\/\/patagoniambiental.com.ar\/info\/wp-json\/wp\/v2\/categories?post=28495"},{"taxonomy":"post_tag","embeddable":true,"href":"https:\/\/patagoniambiental.com.ar\/info\/wp-json\/wp\/v2\/tags?post=28495"}],"curies":[{"name":"wp","href":"https:\/\/api.w.org\/{rel}","templated":true}]}}