{"id":28518,"date":"2017-05-04T09:00:56","date_gmt":"2017-05-04T12:00:56","guid":{"rendered":"http:\/\/patagoniambiental.com.ar\/info\/?p=28518"},"modified":"2017-05-04T08:55:07","modified_gmt":"2017-05-04T11:55:07","slug":"un-geologo-indico-que-una-obra-en-el-cerro-chenque-salvo-a-comodoro-de-un-alud","status":"publish","type":"post","link":"https:\/\/patagoniambiental.com.ar\/info\/un-geologo-indico-que-una-obra-en-el-cerro-chenque-salvo-a-comodoro-de-un-alud\/","title":{"rendered":"Un ge\u00f3logo indic\u00f3 que una obra en el Cerro Chenque salv\u00f3 a Comodoro de un alud"},"content":{"rendered":"<p>Comodoro Rivadavia.-Los trabajos de contenci\u00f3n realizados en la ladera oriental del Cerro Chenque, de 212 metros<\/p>\n<p><!--more--><\/p>\n<p>de altura y lindero a la ciudad petrolera evit\u00f3 una cat\u00e1strofe mayor y evit\u00f3 el deslizamiento de barro y agua, en el c\u00e1sco c\u00e9ntrico durante el temporal que se produjo hace un mes,<\/p>\n<p>El ge\u00f3logo N\u00e9stor Hirtz, profesor responsable de la c\u00e1tedra de geolog\u00eda aplicada a ingenier\u00eda y al medio ambiente de la Universidad Nacional de la Patagonia San Bosco, con sede en Comodoro Rivadavia, asegur\u00f3 que \u00abla obra de aterrazamiento (construcci\u00f3n de una meseta sobre la ladera) respondi\u00f3 a pesar de no estar finalizada\u00bb.<\/p>\n<p>Fue la c\u00e1tedra de Hirtz la que desarroll\u00f3, a pedido de la municipalidad de Comodoro Rivadavia, alternativas para estabilizar el cerro Chenque que se encuentra pegado a la ciudad y se convirti\u00f3, por su suelo inestable, en una amenaza permanente de desmoronamientos como el ocurrido en febrero de 2010 mientras ca\u00eda un temporal de lluvia sobre la ciudad y el barro se esparci\u00f3 por el centro.<\/p>\n<p>Antes, en febrero de 1995, hubo desprendimientos y la formaci\u00f3n de una grieta que oblig\u00f3 al corte de la ruta 3 por varias semanas e incluso hay otros incidentes, m\u00e1s viejos en el tiempo, como el ocurrido en la urbanizaci\u00f3n de 1969, cuando tambi\u00e9n cort\u00f3 el paso por la ruta Nacional 3.<\/p>\n<p>&nbsp;<\/p>\n<div class=\"js-code\">\n<div class=\"SandboxRoot env-bp-350\" data-twitter-event-id=\"0\">\n<div id=\"twitter-widget-0\" class=\"EmbeddedTweet EmbeddedTweet--mediaForward media-forward js-clickToOpenTarget js-tweetIdInfo tweet-InformationCircle-widgetParent\" lang=\"es\" data-click-to-open-target=\"https:\/\/twitter.com\/AgenciaTelam\/status\/855380617407717378\" data-iframe-title=\"Tweet de Twitter\" data-dt-full=\"%{hours24}:%{minutes} - %{day} %{month} %{year}\" data-dt-months=\"Jan|Feb|Mar|Apr|May|Jun|Jul|Aug|Sep|Oct|Nov|Dec\" data-dt-am=\"AM\" data-dt-pm=\"PM\" data-dt-now=\"now\" data-dt-s=\"s\" data-dt-m=\"m\" data-dt-h=\"h\" data-dt-second=\"segundo\" data-dt-seconds=\"segundos\" data-dt-minute=\"minuto\" data-dt-minutes=\"minutos\" data-dt-hour=\"hora\" data-dt-hours=\"horas\" data-dt-abbr=\"%{number}%{symbol}\" data-dt-short=\"%{day} %{month}\" data-dt-long=\"%{day} %{month} %{year}\" data-scribe=\"page:tweet\" data-tweet-id=\"855380617407717378\" data-twitter-event-id=\"3\">\n<article class=\"MediaCard MediaCard--mediaForward customisable-border\" dir=\"ltr\" data-scribe=\"component:card\">\n<div class=\"MediaCard-media\">\n<p><a class=\"MediaCard-borderOverlay\" tabindex=\"-1\" title=\"Ver imagen en Twitter\" href=\"https:\/\/twitter.com\/AgenciaTelam\/status\/855380617407717378\/photo\/1\"><span class=\"u-hiddenVisually\">Ver imagen en Twitter<\/span><\/a><\/p>\n<div class=\"MediaCard-widthConstraint js-cspForcedStyle\" data-style=\"max-width: 645px\">\n<div class=\"MediaCard-mediaContainer js-cspForcedStyle\" data-style=\"padding-bottom: 56.1240%\"><a class=\"MediaCard-mediaAsset NaturalImage \" href=\"https:\/\/twitter.com\/AgenciaTelam\/status\/855380617407717378\/photo\/1\" data-scribe=\"element:photo\"><img fetchpriority=\"high\" decoding=\"async\" class=\"NaturalImage-image\" title=\"Ver imagen en Twitter\" src=\"https:\/\/pbs.twimg.com\/media\/C97sIw0W0AMVP_s.jpg:small\" alt=\"Ver imagen en Twitter\" width=\"645\" height=\"362\" data-srcset=\"https%3A%2F%2Fpbs.twimg.com%2Fmedia%2FC97sIw0W0AMVP_s.jpg%3Asmall 645w,https%3A%2F%2Fpbs.twimg.com%2Fmedia%2FC97sIw0W0AMVP_s.jpg%3Alarge 645w,https%3A%2F%2Fpbs.twimg.com%2Fmedia%2FC97sIw0W0AMVP_s.jpg 645w\" \/><\/a><\/div>\n<\/div>\n<\/div>\n<\/article>\n<div class=\"EmbeddedTweet-tweet\">\n<blockquote class=\"Tweet h-entry js-tweetIdInfo subject expanded is-deciderHtmlWhitespace\" cite=\"https:\/\/twitter.com\/AgenciaTelam\/status\/855380617407717378\" data-tweet-id=\"855380617407717378\" data-scribe=\"section:subject\">\n<div class=\"Tweet-header u-cf\">\n<div class=\"Tweet-brand u-floatRight\">\n<div class=\"Icon Icon--twitter \" title=\"\"><\/div>\n<p><span class=\"u-hiddenInNarrowEnv\"><a class=\"FollowButton follow-button profile\" title=\"Seguir a Agencia T\u00e9lam en Twitter\" href=\"https:\/\/twitter.com\/AgenciaTelam\" data-scribe=\"component:followbutton\">Seguir<\/a><\/span><\/p>\n<\/div>\n<div class=\"TweetAuthor \" data-scribe=\"component:author\">\n<p><a class=\"TweetAuthor-link Identity u-linkBlend\" href=\"https:\/\/twitter.com\/AgenciaTelam\" data-scribe=\"element:user_link\"><span class=\"TweetAuthor-avatar Identity-avatar\"><img decoding=\"async\" class=\"Avatar\" src=\"https:\/\/pbs.twimg.com\/profile_images\/783330074443513856\/wGWOKoGh_normal.jpg\" alt=\"\" data-scribe=\"element:avatar\" data-src-2x=\"https:\/\/pbs.twimg.com\/profile_images\/783330074443513856\/wGWOKoGh_bigger.jpg\" data-src-1x=\"https:\/\/pbs.twimg.com\/profile_images\/783330074443513856\/wGWOKoGh_normal.jpg\" \/><\/span><span class=\"TweetAuthor-name Identity-name customisable-highlight\" title=\"Agencia T\u00e9lam\" data-scribe=\"element:name\">Agencia T\u00e9lam<\/span> <\/a><\/p>\n<div class=\"Icon Icon--verified \" title=\"Cuenta verificada\"><\/div>\n<p><a class=\"TweetAuthor-link Identity u-linkBlend\" href=\"https:\/\/twitter.com\/AgenciaTelam\" data-scribe=\"element:user_link\"><span class=\"TweetAuthor-verifiedBadge\" data-scribe=\"element:verified_badge\"><b class=\"u-hiddenVisually\">\u2714<\/b><\/span><span class=\"TweetAuthor-screenName Identity-screenName\" dir=\"ltr\" title=\"@AgenciaTelam\" data-scribe=\"element:screen_name\">@AgenciaTelam<\/span><\/a><\/p>\n<\/div>\n<\/div>\n<div class=\"Tweet-body e-entry-content\" data-scribe=\"component:tweet\">\n<p class=\"Tweet-text e-entry-title\" dir=\"ltr\" lang=\"es\"><a class=\"PrettyLink hashtag customisable\" dir=\"ltr\" href=\"https:\/\/twitter.com\/hashtag\/Chubut?src=hash\" rel=\"tag\" data-query-source=\"hashtag_click\" data-scribe=\"element:hashtag\"><span class=\"PrettyLink-prefix\">#<\/span><span class=\"PrettyLink-value\">Chubut<\/span><\/a> | Hirtz y el temporal: \u201cEstamos con preocupaci\u00f3n asign\u00e1ndolo al cambio clim\u00e1tico\u201d <a class=\"link customisable\" dir=\"ltr\" title=\"http:\/\/bit.ly\/2oXW3hj\" href=\"https:\/\/t.co\/xVaKTk1Wy6\" target=\"_blank\" rel=\"nofollow noopener noreferrer\" data-expanded-url=\"http:\/\/bit.ly\/2oXW3hj\" data-scribe=\"element:url\"><span class=\"u-hiddenVisually\">http:\/\/<\/span>bit.ly\/2oXW3hj<span class=\"u-hiddenVisually\">\u00a0<\/span><\/a><\/p>\n<div class=\"Tweet-metadata dateline\"><a class=\"u-linkBlend u-url customisable-highlight long-permalink\" href=\"https:\/\/twitter.com\/AgenciaTelam\/status\/855380617407717378\" data-datetime=\"2017-04-21T11:20:06+0000\" data-scribe=\"element:full_timestamp\"><time class=\"dt-updated\" title=\"Publicado a las: 21 Apr 2017, 11:20:06 (UTC)\" datetime=\"2017-04-21T11:20:06+0000\">08:20 &#8211; 21 Apr 2017<\/time><\/a><\/div>\n<ul class=\"Tweet-actions\" data-scribe=\"component:actions\">\n<li class=\"Tweet-action\">\n<div class=\"Icon Icon--reply TweetAction-icon\" title=\"Responder\"><\/div>\n<\/li>\n<li class=\"Tweet-action\">\n<div class=\"Icon Icon--retweet TweetAction-icon\" title=\"Retweet\"><\/div>\n<p><a class=\"TweetAction TweetAction--retweet web-intent\" href=\"https:\/\/twitter.com\/intent\/retweet?tweet_id=855380617407717378\" data-scribe=\"element:retweet\"><span class=\"TweetAction-stat\" data-scribe=\"element:retweet_count\">4<\/span><span class=\"u-hiddenVisually\">4 Retweets<\/span><\/a><\/li>\n<li class=\"Tweet-action\">\n<div class=\"Icon Icon--heart TweetAction-icon\" title=\"Me gusta\"><\/div>\n<p><a class=\"TweetAction TweetAction--heart web-intent\" href=\"https:\/\/twitter.com\/intent\/like?tweet_id=855380617407717378\" data-scribe=\"element:heart\"><span class=\"TweetAction-stat\" data-scribe=\"element:heart_count\">5<\/span><span class=\"u-hiddenVisually\">5 me gusta<\/span><\/a><\/li>\n<\/ul>\n<\/div>\n<\/blockquote>\n<\/div>\n<\/div>\n<div class=\"resize-sensor\"><\/div>\n<\/div>\n<\/div>\n<p>\u00abEntre las alternativas que sugerimos estaba el aterrazamiento, cuyo proyecto ejecutivo lo desarroll\u00f3 una empresa privada y se comenz\u00f3 a ejecutar hace alrededor de cinco a\u00f1os\u00bb aunque, como suele ocurrir con obras de gran magnitud como esta, su impulso se vio demorado por problemas financieros y la re determinaci\u00f3n de precios, llevando el plazo de ejecuci\u00f3n que originalmente era de un a\u00f1o, a m\u00e1s de un lustro.<\/p>\n<p>El \u00abaterrazamiento\u00bb del Chenque consisti\u00f3 en extraer 1.200.000 metros c\u00fabicos de terreno en forma de 17 escalones, con una pendiente m\u00e1s estable, del orden de los 28 a 29 grados con un sistema de zanjas de drenaje para evitar la erosi\u00f3n y encauzar las corrientes de aguas que se generan con las lluvias y que terminan desplaz\u00e1ndose en forma de lodo hacia el casco c\u00e9ntrico de la ciudad.<\/p>\n<div class=\"js-code\"><iframe src=\"https:\/\/www.google.com\/maps\/embed?pb=!1m0!3m2!1ses-419!2sar!4v1493832219310!6m8!1m7!1sSud_x_mNAxV2xPNVUIDQSQ!2m2!1d-45.85849727335206!2d-67.47570957831266!3f262.2188910761986!4f1.8719622018560358!5f0.7820865974627469\" width=\"500\" height=\"400\" frameborder=\"0\" allowfullscreen=\"allowfullscreen\" data-mce-fragment=\"1\"><\/iframe><\/div>\n<p>\u00abLo que ocurre es que la obra se hizo sobre una valoraci\u00f3n de lo que era la pluviometr\u00eda de los a\u00f1os m\u00e1s cr\u00edticos como en abril de 1998 o el 2011, con precipitaciones que superaron los 100 mil\u00edmetros y produjeron anegamientos y aluvionamiento de barros, pero esta vez se cuadruplic\u00f3 esa cantidad y se superaron los 400 mil\u00edmetros, algo de lo que no se ten\u00eda antecedentes, a pesar que la obra se dise\u00f1\u00f3 tomando los \u00faltimos 50 a\u00f1os de precipitaciones\u00bb detall\u00f3 Hirtz.<\/p>\n<p>El ge\u00f3logo, a quien se considera \u00abel padre\u00bb del proyecto de aterrazamiento del cerro Chenque, asegur\u00f3 en di\u00e1logo con T\u00e9lam que \u00abla obra respondi\u00f3, aunque tuvo algunos deslizamientos en la parte donde todav\u00eda no est\u00e1 terminado, porque de lo contrario no sabemos qu\u00e9 hubiera pasado\u00bb.<\/p>\n<p>Es frecuente que tras una situaci\u00f3n como la que se vivi\u00f3, se escuchen voces de quienes opinan sobre si hubiera estado tal o cual obra se hubieran evitado las consecuencias, pero Hirtz frente a esto es contundente: \u00abes muy f\u00e1cil hablar con el diario del lunes, lo cierto es que esto jam\u00e1s lo pudo prever nadie porque no hay registros de semejante lluvia\u00bb.<\/p>\n<p>La ladera que se \u00abaterraz\u00f3\u00bb es el faldeo que da al mar, con una base de 500 metros y una altura de 212 metros, del que se extrajeron bancos intercalados de arenas consolidadas, conocidas como areniscas y arcillas propias de la meseta patag\u00f3nica.<\/p>\n<p>\u00abEs un suelo que se altera con mucha facilidad y eso es lo que lo hace inestable, de mucho riesgo, sobre todo por la pendiente que da al mar, en medio del cual est\u00e1 la ciudad misma\u00bb explic\u00f3 el especialista.<\/p>\n<p>Seg\u00fan el gobernador del Chubut, Mario Das Neves, existe un compromiso del gobierno nacional de continuar financiando la obra del aterrazamiento, que deber\u00e1 incluir la ladera norte, en el acceso a Comodoro Rivadavia por la ruta nacional 3, que en alg\u00fan momento se desmoron\u00f3 provocando el aislamiento terrestre de Comodoro Rivadavia obligando a los t\u00e9cnicos de vialidad a dise\u00f1ar una \u00abS\u00bb en el trazado, para esquivar el atierre.<\/p>\n<p>Los especialistas consultados por T\u00e9lam coinciden en opinar que \u00abel problema no son los tiempos geol\u00f3gicos del cerro sino lo tiempos humanos de la urbanizaci\u00f3n<a href=\"http:\/\/www.telam.com.ar\/notas\/201704\/186232-temporal-comodoro-rivadavia-historia-planificacion-casas-franco-cordoba.html\">\u00bb y refieren a las oleadas migratorias que recibi\u00f3 esa ciudad con el boom del petr\u00f3leo provocando que la gente se asiente donde pueda, sin ninguna planificaci\u00f3n, incluso en los faldeos con un alto grado de <\/a>inestabilidad que lo hace vulnerable a derrumbes como de hecho ocurrieron en incidentes aislados en los \u00faltimos 20 a\u00f1os.<\/p>\n<div class=\"js-code\">\n<div class=\"SandboxRoot env-bp-350\" data-twitter-event-id=\"1\">\n<div id=\"twitter-widget-1\" class=\"EmbeddedTweet EmbeddedTweet--mediaForward media-forward js-clickToOpenTarget js-tweetIdInfo tweet-InformationCircle-widgetParent\" lang=\"es\" data-click-to-open-target=\"https:\/\/twitter.com\/AgenciaTelam\/status\/855375751461392384\" data-iframe-title=\"Tweet de Twitter\" data-dt-full=\"%{hours24}:%{minutes} - %{day} %{month} %{year}\" data-dt-months=\"Jan|Feb|Mar|Apr|May|Jun|Jul|Aug|Sep|Oct|Nov|Dec\" data-dt-am=\"AM\" data-dt-pm=\"PM\" data-dt-now=\"now\" data-dt-s=\"s\" data-dt-m=\"m\" data-dt-h=\"h\" data-dt-second=\"segundo\" data-dt-seconds=\"segundos\" data-dt-minute=\"minuto\" data-dt-minutes=\"minutos\" data-dt-hour=\"hora\" data-dt-hours=\"horas\" data-dt-abbr=\"%{number}%{symbol}\" data-dt-short=\"%{day} %{month}\" data-dt-long=\"%{day} %{month} %{year}\" data-scribe=\"page:tweet\" data-tweet-id=\"855375751461392384\" data-twitter-event-id=\"2\">\n<article class=\"MediaCard MediaCard--mediaForward customisable-border\" dir=\"ltr\" data-scribe=\"component:card\">\n<div class=\"MediaCard-media\">\n<p><a class=\"MediaCard-borderOverlay\" tabindex=\"-1\" title=\"Ver imagen en Twitter\" href=\"https:\/\/twitter.com\/AgenciaTelam\/status\/855375751461392384\/photo\/1\"><span class=\"u-hiddenVisually\">Ver imagen en Twitter<\/span><\/a><\/p>\n<div class=\"MediaCard-widthConstraint js-cspForcedStyle\" data-style=\"max-width: 645px\">\n<div class=\"MediaCard-mediaContainer js-cspForcedStyle\" data-style=\"padding-bottom: 56.1240%\"><a class=\"MediaCard-mediaAsset NaturalImage \" href=\"https:\/\/twitter.com\/AgenciaTelam\/status\/855375751461392384\/photo\/1\" data-scribe=\"element:photo\"><img decoding=\"async\" class=\"NaturalImage-image\" title=\"Ver imagen en Twitter\" src=\"https:\/\/pbs.twimg.com\/media\/C97nth6WAAIJy7L.jpg:small\" alt=\"Ver imagen en Twitter\" width=\"645\" height=\"362\" data-srcset=\"https%3A%2F%2Fpbs.twimg.com%2Fmedia%2FC97nth6WAAIJy7L.jpg%3Asmall 645w,https%3A%2F%2Fpbs.twimg.com%2Fmedia%2FC97nth6WAAIJy7L.jpg%3Alarge 645w,https%3A%2F%2Fpbs.twimg.com%2Fmedia%2FC97nth6WAAIJy7L.jpg 645w\" \/><\/a><\/div>\n<\/div>\n<\/div>\n<\/article>\n<div class=\"EmbeddedTweet-tweet\">\n<blockquote class=\"Tweet h-entry js-tweetIdInfo subject expanded is-deciderHtmlWhitespace\" cite=\"https:\/\/twitter.com\/AgenciaTelam\/status\/855375751461392384\" data-tweet-id=\"855375751461392384\" data-scribe=\"section:subject\">\n<div class=\"Tweet-header u-cf\">\n<div class=\"Tweet-brand u-floatRight\">\n<div class=\"Icon Icon--twitter \" title=\"\"><\/div>\n<p><span class=\"u-hiddenInNarrowEnv\"><a class=\"FollowButton follow-button profile\" title=\"Seguir a Agencia T\u00e9lam en Twitter\" href=\"https:\/\/twitter.com\/AgenciaTelam\" data-scribe=\"component:followbutton\">Seguir<\/a><\/span><\/p>\n<\/div>\n<div class=\"TweetAuthor \" data-scribe=\"component:author\">\n<p><a class=\"TweetAuthor-link Identity u-linkBlend\" href=\"https:\/\/twitter.com\/AgenciaTelam\" data-scribe=\"element:user_link\"><span class=\"TweetAuthor-avatar Identity-avatar\"><img decoding=\"async\" class=\"Avatar\" src=\"https:\/\/pbs.twimg.com\/profile_images\/783330074443513856\/wGWOKoGh_normal.jpg\" alt=\"\" data-scribe=\"element:avatar\" data-src-2x=\"https:\/\/pbs.twimg.com\/profile_images\/783330074443513856\/wGWOKoGh_bigger.jpg\" data-src-1x=\"https:\/\/pbs.twimg.com\/profile_images\/783330074443513856\/wGWOKoGh_normal.jpg\" \/><\/span><span class=\"TweetAuthor-name Identity-name customisable-highlight\" title=\"Agencia T\u00e9lam\" data-scribe=\"element:name\">Agencia T\u00e9lam<\/span> <\/a><\/p>\n<div class=\"Icon Icon--verified \" title=\"Cuenta verificada\"><\/div>\n<p><a class=\"TweetAuthor-link Identity u-linkBlend\" href=\"https:\/\/twitter.com\/AgenciaTelam\" data-scribe=\"element:user_link\"><span class=\"TweetAuthor-verifiedBadge\" data-scribe=\"element:verified_badge\"><b class=\"u-hiddenVisually\">\u2714<\/b><\/span><span class=\"TweetAuthor-screenName Identity-screenName\" dir=\"ltr\" title=\"@AgenciaTelam\" data-scribe=\"element:screen_name\">@AgenciaTelam<\/span><\/a><\/p>\n<\/div>\n<\/div>\n<div class=\"Tweet-body e-entry-content\" data-scribe=\"component:tweet\">\n<p class=\"Tweet-text e-entry-title\" dir=\"ltr\" lang=\"es\">Comodoro Rivadavia: por qu\u00e9 la prosperidad econ\u00f3mica le jug\u00f3 en contra <a class=\"link customisable\" dir=\"ltr\" title=\"http:\/\/bit.ly\/2pL4mjq\" href=\"https:\/\/t.co\/IdBPs0mLps\" target=\"_blank\" rel=\"nofollow noopener noreferrer\" data-expanded-url=\"http:\/\/bit.ly\/2pL4mjq\" data-scribe=\"element:url\"><span class=\"u-hiddenVisually\">http:\/\/<\/span>bit.ly\/2pL4mjq<span class=\"u-hiddenVisually\">\u00a0<\/span><\/a><\/p>\n<div class=\"Tweet-metadata dateline\"><a class=\"u-linkBlend u-url customisable-highlight long-permalink\" href=\"https:\/\/twitter.com\/AgenciaTelam\/status\/855375751461392384\" data-datetime=\"2017-04-21T11:00:45+0000\" data-scribe=\"element:full_timestamp\"><time class=\"dt-updated\" title=\"Publicado a las: 21 Apr 2017, 11:00:45 (UTC)\" datetime=\"2017-04-21T11:00:45+0000\">08:00 &#8211; 21 Apr 2017<\/time><\/a><\/div>\n<ul class=\"Tweet-actions\" data-scribe=\"component:actions\">\n<li class=\"Tweet-action\">\n<div class=\"Icon Icon--reply TweetAction-icon\" title=\"Responder\"><\/div>\n<\/li>\n<li class=\"Tweet-action\">\n<div class=\"Icon Icon--retweet TweetAction-icon\" title=\"Retweet\"><\/div>\n<p><a class=\"TweetAction TweetAction--retweet web-intent\" href=\"https:\/\/twitter.com\/intent\/retweet?tweet_id=855375751461392384\" data-scribe=\"element:retweet\"><span class=\"TweetAction-stat\" data-scribe=\"element:retweet_count\">9<\/span><span class=\"u-hiddenVisually\">9 Retweets<\/span><\/a><\/li>\n<li class=\"Tweet-action\">\n<div class=\"Icon Icon--heart TweetAction-icon\" title=\"Me gusta\"><\/div>\n<p><a class=\"TweetAction TweetAction--heart web-intent\" href=\"https:\/\/twitter.com\/intent\/like?tweet_id=855375751461392384\" data-scribe=\"element:heart\"><span class=\"TweetAction-stat\" data-scribe=\"element:heart_count\">3<\/span><span class=\"u-hiddenVisually\">3 me gusta<\/span><\/a><\/li>\n<\/ul>\n<\/div>\n<p>Fuente: http:\/\/www.telam.com.ar\/notas\/201705\/187683-temporal-en-comodoro-cerro-chenque-aterrazamiento.html<\/p><\/blockquote>\n<\/div>\n<\/div>\n<\/div>\n<\/div>\n","protected":false},"excerpt":{"rendered":"<p>Comodoro Rivadavia.-Los trabajos de contenci\u00f3n realizados en la ladera oriental del Cerro Chenque, de 212 metros<\/p>\n","protected":false},"author":2,"featured_media":28519,"comment_status":"open","ping_status":"open","sticky":false,"template":"","format":"standard","meta":{"site-sidebar-layout":"default","site-content-layout":"","ast-site-content-layout":"default","site-content-style":"default","site-sidebar-style":"default","ast-global-header-display":"","ast-banner-title-visibility":"","ast-main-header-display":"","ast-hfb-above-header-display":"","ast-hfb-below-header-display":"","ast-hfb-mobile-header-display":"","site-post-title":"","ast-breadcrumbs-content":"","ast-featured-img":"","footer-sml-layout":"","ast-disable-related-posts":"","theme-transparent-header-meta":"","adv-header-id-meta":"","stick-header-meta":"","header-above-stick-meta":"","header-main-stick-meta":"","header-below-stick-meta":"","astra-migrate-meta-layouts":"default","ast-page-background-enabled":"default","ast-page-background-meta":{"desktop":{"background-color":"var(--ast-global-color-5)","background-image":"","background-repeat":"repeat","background-position":"center center","background-size":"auto","background-attachment":"scroll","background-type":"","background-media":"","overlay-type":"","overlay-color":"","overlay-opacity":"","overlay-gradient":""},"tablet":{"background-color":"","background-image":"","background-repeat":"repeat","background-position":"center center","background-size":"auto","background-attachment":"scroll","background-type":"","background-media":"","overlay-type":"","overlay-color":"","overlay-opacity":"","overlay-gradient":""},"mobile":{"background-color":"","background-image":"","background-repeat":"repeat","background-position":"center center","background-size":"auto","background-attachment":"scroll","background-type":"","background-media":"","overlay-type":"","overlay-color":"","overlay-opacity":"","overlay-gradient":""}},"ast-content-background-meta":{"desktop":{"background-color":"var(--ast-global-color-4)","background-image":"","background-repeat":"repeat","background-position":"center center","background-size":"auto","background-attachment":"scroll","background-type":"","background-media":"","overlay-type":"","overlay-color":"","overlay-opacity":"","overlay-gradient":""},"tablet":{"background-color":"var(--ast-global-color-4)","background-image":"","background-repeat":"repeat","background-position":"center center","background-size":"auto","background-attachment":"scroll","background-type":"","background-media":"","overlay-type":"","overlay-color":"","overlay-opacity":"","overlay-gradient":""},"mobile":{"background-color":"var(--ast-global-color-4)","background-image":"","background-repeat":"repeat","background-position":"center center","background-size":"auto","background-attachment":"scroll","background-type":"","background-media":"","overlay-type":"","overlay-color":"","overlay-opacity":"","overlay-gradient":""}},"footnotes":""},"categories":[16,1],"tags":[],"class_list":["post-28518","post","type-post","status-publish","format-standard","has-post-thumbnail","hentry","category-municipales","category-noticias"],"yoast_head":"<!-- This site is optimized with the Yoast SEO Premium plugin v23.0 (Yoast SEO v27.4) - https:\/\/yoast.com\/product\/yoast-seo-premium-wordpress\/ -->\n<title>Un ge\u00f3logo indic\u00f3 que una obra en el Cerro Chenque salv\u00f3 a Comodoro de un alud<\/title>\n<meta name=\"robots\" content=\"index, follow, max-snippet:-1, max-image-preview:large, max-video-preview:-1\" \/>\n<link rel=\"canonical\" href=\"https:\/\/patagoniambiental.com.ar\/info\/un-geologo-indico-que-una-obra-en-el-cerro-chenque-salvo-a-comodoro-de-un-alud\/\" \/>\n<meta property=\"og:locale\" content=\"es_ES\" \/>\n<meta property=\"og:type\" content=\"article\" \/>\n<meta property=\"og:title\" content=\"Un ge\u00f3logo indic\u00f3 que una obra en el Cerro Chenque salv\u00f3 a Comodoro de un alud\" \/>\n<meta property=\"og:description\" content=\"Comodoro Rivadavia.-Los trabajos de contenci\u00f3n realizados en la ladera oriental del Cerro Chenque, de 212 metros\" \/>\n<meta property=\"og:url\" content=\"https:\/\/patagoniambiental.com.ar\/info\/un-geologo-indico-que-una-obra-en-el-cerro-chenque-salvo-a-comodoro-de-un-alud\/\" \/>\n<meta property=\"og:site_name\" content=\"Patagonia Ambiental\" \/>\n<meta property=\"article:publisher\" content=\"https:\/\/www.facebook.com\/patagonia.ambiental\" \/>\n<meta property=\"article:author\" content=\"https:\/\/www.facebook.com\/share\/1C1V8Gv9BX\/?mibextid=qi2Omg\" \/>\n<meta property=\"article:published_time\" content=\"2017-05-04T12:00:56+00:00\" \/>\n<meta property=\"og:image\" content=\"https:\/\/patagoniambiental.com.ar\/info\/wp-content\/uploads\/2017\/05\/590a0c8ea5c4e_645x362-1.jpg\" \/>\n\t<meta property=\"og:image:width\" content=\"645\" \/>\n\t<meta property=\"og:image:height\" content=\"362\" \/>\n\t<meta property=\"og:image:type\" content=\"image\/jpeg\" \/>\n<meta name=\"author\" content=\"Patagonia Ambiental\" \/>\n<meta name=\"twitter:card\" content=\"summary_large_image\" \/>\n<meta name=\"twitter:creator\" content=\"@PatAmb\" \/>\n<meta name=\"twitter:site\" content=\"@PatAmb\" \/>\n<script type=\"application\/ld+json\" class=\"yoast-schema-graph\">{\"@context\":\"https:\\\/\\\/schema.org\",\"@graph\":[{\"@type\":\"Article\",\"@id\":\"https:\\\/\\\/patagoniambiental.com.ar\\\/info\\\/un-geologo-indico-que-una-obra-en-el-cerro-chenque-salvo-a-comodoro-de-un-alud\\\/#article\",\"isPartOf\":{\"@id\":\"https:\\\/\\\/patagoniambiental.com.ar\\\/info\\\/un-geologo-indico-que-una-obra-en-el-cerro-chenque-salvo-a-comodoro-de-un-alud\\\/\"},\"author\":{\"name\":\"Patagonia Ambiental\",\"@id\":\"https:\\\/\\\/patagoniambiental.com.ar\\\/info\\\/#\\\/schema\\\/person\\\/db12bff64bbcbf6a253710bf0ea37b5d\"},\"headline\":\"Un ge\u00f3logo indic\u00f3 que una obra en el Cerro Chenque salv\u00f3 a Comodoro de un alud\",\"datePublished\":\"2017-05-04T12:00:56+00:00\",\"mainEntityOfPage\":{\"@id\":\"https:\\\/\\\/patagoniambiental.com.ar\\\/info\\\/un-geologo-indico-que-una-obra-en-el-cerro-chenque-salvo-a-comodoro-de-un-alud\\\/\"},\"wordCount\":901,\"commentCount\":0,\"publisher\":{\"@id\":\"https:\\\/\\\/patagoniambiental.com.ar\\\/info\\\/#organization\"},\"image\":{\"@id\":\"https:\\\/\\\/patagoniambiental.com.ar\\\/info\\\/un-geologo-indico-que-una-obra-en-el-cerro-chenque-salvo-a-comodoro-de-un-alud\\\/#primaryimage\"},\"thumbnailUrl\":\"https:\\\/\\\/patagoniambiental.com.ar\\\/info\\\/wp-content\\\/uploads\\\/2017\\\/05\\\/590a0c8ea5c4e_645x362-1.jpg\",\"articleSection\":[\"Municipales\",\"Noticias\"],\"inLanguage\":\"es\",\"potentialAction\":[{\"@type\":\"CommentAction\",\"name\":\"Comment\",\"target\":[\"https:\\\/\\\/patagoniambiental.com.ar\\\/info\\\/un-geologo-indico-que-una-obra-en-el-cerro-chenque-salvo-a-comodoro-de-un-alud\\\/#respond\"]}]},{\"@type\":\"WebPage\",\"@id\":\"https:\\\/\\\/patagoniambiental.com.ar\\\/info\\\/un-geologo-indico-que-una-obra-en-el-cerro-chenque-salvo-a-comodoro-de-un-alud\\\/\",\"url\":\"https:\\\/\\\/patagoniambiental.com.ar\\\/info\\\/un-geologo-indico-que-una-obra-en-el-cerro-chenque-salvo-a-comodoro-de-un-alud\\\/\",\"name\":\"Un ge\u00f3logo indic\u00f3 que una obra en el Cerro Chenque salv\u00f3 a Comodoro de un alud\",\"isPartOf\":{\"@id\":\"https:\\\/\\\/patagoniambiental.com.ar\\\/info\\\/#website\"},\"primaryImageOfPage\":{\"@id\":\"https:\\\/\\\/patagoniambiental.com.ar\\\/info\\\/un-geologo-indico-que-una-obra-en-el-cerro-chenque-salvo-a-comodoro-de-un-alud\\\/#primaryimage\"},\"image\":{\"@id\":\"https:\\\/\\\/patagoniambiental.com.ar\\\/info\\\/un-geologo-indico-que-una-obra-en-el-cerro-chenque-salvo-a-comodoro-de-un-alud\\\/#primaryimage\"},\"thumbnailUrl\":\"https:\\\/\\\/patagoniambiental.com.ar\\\/info\\\/wp-content\\\/uploads\\\/2017\\\/05\\\/590a0c8ea5c4e_645x362-1.jpg\",\"datePublished\":\"2017-05-04T12:00:56+00:00\",\"breadcrumb\":{\"@id\":\"https:\\\/\\\/patagoniambiental.com.ar\\\/info\\\/un-geologo-indico-que-una-obra-en-el-cerro-chenque-salvo-a-comodoro-de-un-alud\\\/#breadcrumb\"},\"inLanguage\":\"es\",\"potentialAction\":[{\"@type\":\"ReadAction\",\"target\":[\"https:\\\/\\\/patagoniambiental.com.ar\\\/info\\\/un-geologo-indico-que-una-obra-en-el-cerro-chenque-salvo-a-comodoro-de-un-alud\\\/\"]}]},{\"@type\":\"ImageObject\",\"inLanguage\":\"es\",\"@id\":\"https:\\\/\\\/patagoniambiental.com.ar\\\/info\\\/un-geologo-indico-que-una-obra-en-el-cerro-chenque-salvo-a-comodoro-de-un-alud\\\/#primaryimage\",\"url\":\"https:\\\/\\\/patagoniambiental.com.ar\\\/info\\\/wp-content\\\/uploads\\\/2017\\\/05\\\/590a0c8ea5c4e_645x362-1.jpg\",\"contentUrl\":\"https:\\\/\\\/patagoniambiental.com.ar\\\/info\\\/wp-content\\\/uploads\\\/2017\\\/05\\\/590a0c8ea5c4e_645x362-1.jpg\",\"width\":645,\"height\":362},{\"@type\":\"BreadcrumbList\",\"@id\":\"https:\\\/\\\/patagoniambiental.com.ar\\\/info\\\/un-geologo-indico-que-una-obra-en-el-cerro-chenque-salvo-a-comodoro-de-un-alud\\\/#breadcrumb\",\"itemListElement\":[{\"@type\":\"ListItem\",\"position\":1,\"name\":\"Inicio\",\"item\":\"https:\\\/\\\/patagoniambiental.com.ar\\\/info\\\/\"},{\"@type\":\"ListItem\",\"position\":2,\"name\":\"Un ge\u00f3logo indic\u00f3 que una obra en el Cerro Chenque salv\u00f3 a Comodoro de un alud\"}]},{\"@type\":\"WebSite\",\"@id\":\"https:\\\/\\\/patagoniambiental.com.ar\\\/info\\\/#website\",\"url\":\"https:\\\/\\\/patagoniambiental.com.ar\\\/info\\\/\",\"name\":\"Patagonia Ambiental\",\"description\":\"Monitoreo y an\u00e1lisis de la situaci\u00f3n geopol\u00edtica en el mundo y su implicancia en la Patagonia\",\"publisher\":{\"@id\":\"https:\\\/\\\/patagoniambiental.com.ar\\\/info\\\/#organization\"},\"potentialAction\":[{\"@type\":\"SearchAction\",\"target\":{\"@type\":\"EntryPoint\",\"urlTemplate\":\"https:\\\/\\\/patagoniambiental.com.ar\\\/info\\\/?s={search_term_string}\"},\"query-input\":{\"@type\":\"PropertyValueSpecification\",\"valueRequired\":true,\"valueName\":\"search_term_string\"}}],\"inLanguage\":\"es\"},{\"@type\":\"Organization\",\"@id\":\"https:\\\/\\\/patagoniambiental.com.ar\\\/info\\\/#organization\",\"name\":\"Patagonia Ambiental\",\"url\":\"https:\\\/\\\/patagoniambiental.com.ar\\\/info\\\/\",\"logo\":{\"@type\":\"ImageObject\",\"inLanguage\":\"es\",\"@id\":\"https:\\\/\\\/patagoniambiental.com.ar\\\/info\\\/#\\\/schema\\\/logo\\\/image\\\/\",\"url\":\"https:\\\/\\\/patagoniambiental.com.ar\\\/info\\\/wp-content\\\/uploads\\\/2025\\\/05\\\/LOGO-PATAGONIA-AMBIENTAL.png\",\"contentUrl\":\"https:\\\/\\\/patagoniambiental.com.ar\\\/info\\\/wp-content\\\/uploads\\\/2025\\\/05\\\/LOGO-PATAGONIA-AMBIENTAL.png\",\"width\":433,\"height\":250,\"caption\":\"Patagonia Ambiental\"},\"image\":{\"@id\":\"https:\\\/\\\/patagoniambiental.com.ar\\\/info\\\/#\\\/schema\\\/logo\\\/image\\\/\"},\"sameAs\":[\"https:\\\/\\\/www.facebook.com\\\/patagonia.ambiental\",\"https:\\\/\\\/x.com\\\/PatAmb\"]},{\"@type\":\"Person\",\"@id\":\"https:\\\/\\\/patagoniambiental.com.ar\\\/info\\\/#\\\/schema\\\/person\\\/db12bff64bbcbf6a253710bf0ea37b5d\",\"name\":\"Patagonia Ambiental\",\"description\":\"Andr\u00e9s Nievas T\u00e9cnico en manejo ambiental, consultor Ambiental y escritor para medios locales e internacionales sobre temas de geopolitica y medio ambiente.\",\"sameAs\":[\"http:\\\/\\\/www.patagoniambiental.com.ar\",\"https:\\\/\\\/www.facebook.com\\\/share\\\/1C1V8Gv9BX\\\/?mibextid=qi2Omg\",\"@patagoniambiental\",\"https:\\\/\\\/youtube.com\\\/@patagoniaambiental2023?si=BLt58t0wuXquxlYZ\"]}]}<\/script>\n<!-- \/ Yoast SEO Premium plugin. -->","yoast_head_json":{"title":"Un ge\u00f3logo indic\u00f3 que una obra en el Cerro Chenque salv\u00f3 a Comodoro de un alud","robots":{"index":"index","follow":"follow","max-snippet":"max-snippet:-1","max-image-preview":"max-image-preview:large","max-video-preview":"max-video-preview:-1"},"canonical":"https:\/\/patagoniambiental.com.ar\/info\/un-geologo-indico-que-una-obra-en-el-cerro-chenque-salvo-a-comodoro-de-un-alud\/","og_locale":"es_ES","og_type":"article","og_title":"Un ge\u00f3logo indic\u00f3 que una obra en el Cerro Chenque salv\u00f3 a Comodoro de un alud","og_description":"Comodoro Rivadavia.-Los trabajos de contenci\u00f3n realizados en la ladera oriental del Cerro Chenque, de 212 metros","og_url":"https:\/\/patagoniambiental.com.ar\/info\/un-geologo-indico-que-una-obra-en-el-cerro-chenque-salvo-a-comodoro-de-un-alud\/","og_site_name":"Patagonia Ambiental","article_publisher":"https:\/\/www.facebook.com\/patagonia.ambiental","article_author":"https:\/\/www.facebook.com\/share\/1C1V8Gv9BX\/?mibextid=qi2Omg","article_published_time":"2017-05-04T12:00:56+00:00","og_image":[{"width":645,"height":362,"url":"https:\/\/patagoniambiental.com.ar\/info\/wp-content\/uploads\/2017\/05\/590a0c8ea5c4e_645x362-1.jpg","type":"image\/jpeg"}],"author":"Patagonia Ambiental","twitter_card":"summary_large_image","twitter_creator":"@PatAmb","twitter_site":"@PatAmb","schema":{"@context":"https:\/\/schema.org","@graph":[{"@type":"Article","@id":"https:\/\/patagoniambiental.com.ar\/info\/un-geologo-indico-que-una-obra-en-el-cerro-chenque-salvo-a-comodoro-de-un-alud\/#article","isPartOf":{"@id":"https:\/\/patagoniambiental.com.ar\/info\/un-geologo-indico-que-una-obra-en-el-cerro-chenque-salvo-a-comodoro-de-un-alud\/"},"author":{"name":"Patagonia Ambiental","@id":"https:\/\/patagoniambiental.com.ar\/info\/#\/schema\/person\/db12bff64bbcbf6a253710bf0ea37b5d"},"headline":"Un ge\u00f3logo indic\u00f3 que una obra en el Cerro Chenque salv\u00f3 a Comodoro de un alud","datePublished":"2017-05-04T12:00:56+00:00","mainEntityOfPage":{"@id":"https:\/\/patagoniambiental.com.ar\/info\/un-geologo-indico-que-una-obra-en-el-cerro-chenque-salvo-a-comodoro-de-un-alud\/"},"wordCount":901,"commentCount":0,"publisher":{"@id":"https:\/\/patagoniambiental.com.ar\/info\/#organization"},"image":{"@id":"https:\/\/patagoniambiental.com.ar\/info\/un-geologo-indico-que-una-obra-en-el-cerro-chenque-salvo-a-comodoro-de-un-alud\/#primaryimage"},"thumbnailUrl":"https:\/\/patagoniambiental.com.ar\/info\/wp-content\/uploads\/2017\/05\/590a0c8ea5c4e_645x362-1.jpg","articleSection":["Municipales","Noticias"],"inLanguage":"es","potentialAction":[{"@type":"CommentAction","name":"Comment","target":["https:\/\/patagoniambiental.com.ar\/info\/un-geologo-indico-que-una-obra-en-el-cerro-chenque-salvo-a-comodoro-de-un-alud\/#respond"]}]},{"@type":"WebPage","@id":"https:\/\/patagoniambiental.com.ar\/info\/un-geologo-indico-que-una-obra-en-el-cerro-chenque-salvo-a-comodoro-de-un-alud\/","url":"https:\/\/patagoniambiental.com.ar\/info\/un-geologo-indico-que-una-obra-en-el-cerro-chenque-salvo-a-comodoro-de-un-alud\/","name":"Un ge\u00f3logo indic\u00f3 que una obra en el Cerro Chenque salv\u00f3 a Comodoro de un alud","isPartOf":{"@id":"https:\/\/patagoniambiental.com.ar\/info\/#website"},"primaryImageOfPage":{"@id":"https:\/\/patagoniambiental.com.ar\/info\/un-geologo-indico-que-una-obra-en-el-cerro-chenque-salvo-a-comodoro-de-un-alud\/#primaryimage"},"image":{"@id":"https:\/\/patagoniambiental.com.ar\/info\/un-geologo-indico-que-una-obra-en-el-cerro-chenque-salvo-a-comodoro-de-un-alud\/#primaryimage"},"thumbnailUrl":"https:\/\/patagoniambiental.com.ar\/info\/wp-content\/uploads\/2017\/05\/590a0c8ea5c4e_645x362-1.jpg","datePublished":"2017-05-04T12:00:56+00:00","breadcrumb":{"@id":"https:\/\/patagoniambiental.com.ar\/info\/un-geologo-indico-que-una-obra-en-el-cerro-chenque-salvo-a-comodoro-de-un-alud\/#breadcrumb"},"inLanguage":"es","potentialAction":[{"@type":"ReadAction","target":["https:\/\/patagoniambiental.com.ar\/info\/un-geologo-indico-que-una-obra-en-el-cerro-chenque-salvo-a-comodoro-de-un-alud\/"]}]},{"@type":"ImageObject","inLanguage":"es","@id":"https:\/\/patagoniambiental.com.ar\/info\/un-geologo-indico-que-una-obra-en-el-cerro-chenque-salvo-a-comodoro-de-un-alud\/#primaryimage","url":"https:\/\/patagoniambiental.com.ar\/info\/wp-content\/uploads\/2017\/05\/590a0c8ea5c4e_645x362-1.jpg","contentUrl":"https:\/\/patagoniambiental.com.ar\/info\/wp-content\/uploads\/2017\/05\/590a0c8ea5c4e_645x362-1.jpg","width":645,"height":362},{"@type":"BreadcrumbList","@id":"https:\/\/patagoniambiental.com.ar\/info\/un-geologo-indico-que-una-obra-en-el-cerro-chenque-salvo-a-comodoro-de-un-alud\/#breadcrumb","itemListElement":[{"@type":"ListItem","position":1,"name":"Inicio","item":"https:\/\/patagoniambiental.com.ar\/info\/"},{"@type":"ListItem","position":2,"name":"Un ge\u00f3logo indic\u00f3 que una obra en el Cerro Chenque salv\u00f3 a Comodoro de un alud"}]},{"@type":"WebSite","@id":"https:\/\/patagoniambiental.com.ar\/info\/#website","url":"https:\/\/patagoniambiental.com.ar\/info\/","name":"Patagonia Ambiental","description":"Monitoreo y an\u00e1lisis de la situaci\u00f3n geopol\u00edtica en el mundo y su implicancia en la Patagonia","publisher":{"@id":"https:\/\/patagoniambiental.com.ar\/info\/#organization"},"potentialAction":[{"@type":"SearchAction","target":{"@type":"EntryPoint","urlTemplate":"https:\/\/patagoniambiental.com.ar\/info\/?s={search_term_string}"},"query-input":{"@type":"PropertyValueSpecification","valueRequired":true,"valueName":"search_term_string"}}],"inLanguage":"es"},{"@type":"Organization","@id":"https:\/\/patagoniambiental.com.ar\/info\/#organization","name":"Patagonia Ambiental","url":"https:\/\/patagoniambiental.com.ar\/info\/","logo":{"@type":"ImageObject","inLanguage":"es","@id":"https:\/\/patagoniambiental.com.ar\/info\/#\/schema\/logo\/image\/","url":"https:\/\/patagoniambiental.com.ar\/info\/wp-content\/uploads\/2025\/05\/LOGO-PATAGONIA-AMBIENTAL.png","contentUrl":"https:\/\/patagoniambiental.com.ar\/info\/wp-content\/uploads\/2025\/05\/LOGO-PATAGONIA-AMBIENTAL.png","width":433,"height":250,"caption":"Patagonia Ambiental"},"image":{"@id":"https:\/\/patagoniambiental.com.ar\/info\/#\/schema\/logo\/image\/"},"sameAs":["https:\/\/www.facebook.com\/patagonia.ambiental","https:\/\/x.com\/PatAmb"]},{"@type":"Person","@id":"https:\/\/patagoniambiental.com.ar\/info\/#\/schema\/person\/db12bff64bbcbf6a253710bf0ea37b5d","name":"Patagonia Ambiental","description":"Andr\u00e9s Nievas T\u00e9cnico en manejo ambiental, consultor Ambiental y escritor para medios locales e internacionales sobre temas de geopolitica y medio ambiente.","sameAs":["http:\/\/www.patagoniambiental.com.ar","https:\/\/www.facebook.com\/share\/1C1V8Gv9BX\/?mibextid=qi2Omg","@patagoniambiental","https:\/\/youtube.com\/@patagoniaambiental2023?si=BLt58t0wuXquxlYZ"]}]}},"_links":{"self":[{"href":"https:\/\/patagoniambiental.com.ar\/info\/wp-json\/wp\/v2\/posts\/28518","targetHints":{"allow":["GET"]}}],"collection":[{"href":"https:\/\/patagoniambiental.com.ar\/info\/wp-json\/wp\/v2\/posts"}],"about":[{"href":"https:\/\/patagoniambiental.com.ar\/info\/wp-json\/wp\/v2\/types\/post"}],"author":[{"embeddable":true,"href":"https:\/\/patagoniambiental.com.ar\/info\/wp-json\/wp\/v2\/users\/2"}],"replies":[{"embeddable":true,"href":"https:\/\/patagoniambiental.com.ar\/info\/wp-json\/wp\/v2\/comments?post=28518"}],"version-history":[{"count":0,"href":"https:\/\/patagoniambiental.com.ar\/info\/wp-json\/wp\/v2\/posts\/28518\/revisions"}],"wp:featuredmedia":[{"embeddable":true,"href":"https:\/\/patagoniambiental.com.ar\/info\/wp-json\/wp\/v2\/media\/28519"}],"wp:attachment":[{"href":"https:\/\/patagoniambiental.com.ar\/info\/wp-json\/wp\/v2\/media?parent=28518"}],"wp:term":[{"taxonomy":"category","embeddable":true,"href":"https:\/\/patagoniambiental.com.ar\/info\/wp-json\/wp\/v2\/categories?post=28518"},{"taxonomy":"post_tag","embeddable":true,"href":"https:\/\/patagoniambiental.com.ar\/info\/wp-json\/wp\/v2\/tags?post=28518"}],"curies":[{"name":"wp","href":"https:\/\/api.w.org\/{rel}","templated":true}]}}