{"id":28540,"date":"2017-05-04T09:18:26","date_gmt":"2017-05-04T12:18:26","guid":{"rendered":"http:\/\/patagoniambiental.com.ar\/info\/?p=28540"},"modified":"2017-05-04T09:18:26","modified_gmt":"2017-05-04T12:18:26","slug":"uruguay-da-explicaciones-sobre-el-barco-de-malvinas","status":"publish","type":"post","link":"https:\/\/patagoniambiental.com.ar\/info\/uruguay-da-explicaciones-sobre-el-barco-de-malvinas\/","title":{"rendered":"Uruguay da explicaciones sobre el barco de Malvinas"},"content":{"rendered":"<div class=\"notTitulo2\">Montevideo\/uruguay.-La nave Ernest Shackleton usa en Montevideo una bandera de la marina mercante brit\u00e1nica que no es la suya. Y lleva el cartel \u00abStanley -Falklands Islands\u00bb.<\/div>\n<p><!--more--><\/p>\n<div class=\"notCuerpo\"><img decoding=\"async\" class=\"lazy\" title=\"Ampliar\" src=\"http:\/\/www.diarioelanalista.com.ar\/archivos\/noticias\/fotografias\/8463_3.jpg\" alt=\"Uruguay da explicaciones sobre el barco de Malvinas\" width=\"100%\" data-original=\"..\/archivos\/noticias\/fotografias\/8463_3.jpg\" \/><\/p>\n<div><\/div>\n<p>El buque Ernest Shackleton, que es de investigaci\u00f3n y se moviliza habitualmente con bandera de las Islas Malvinas, atrac\u00f3 hace algunas horas en el puerto de Montevideo. En una Cumbre del Mercosur celebrada en la capital uruguaya en diciembre de 2011, se hab\u00eda resuelto que todos los pa\u00edses del bloque prohibieran el ingreso a sus puertos de barcos con bandera de Malvinas. Pero en esta oportunidad el Shackleton ancl\u00f3 con un pabell\u00f3n de la marina mercante brit\u00e1nica.<\/p>\n<p>Al respecto, Clar\u00edn.com consult\u00f3 a Juan Jos\u00e9 Dom\u00ednguez, vicepresidente de la Administraci\u00f3n de Puertos de Uruguay. \u201cSe resolvi\u00f3, y eso lo hicieron las canciller\u00edas tiempo atr\u00e1s, que para prefectura mar\u00edtima uruguaya (que est\u00e1 en la \u00f3rbita del Ministerio de Defensa), cualquier barco que venga no va a tener especificaciones de Falkland, sino que fondear\u00e1n con bandera del Reino Unido\u201d. El jerarca agreg\u00f3 que estos barcos no usan bandera de Malvinas, siempre llegan con una brit\u00e1nica.<\/p>\n<p>Al informarle que el Shackleton arrib\u00f3 al puerto de Montevideo con un pabell\u00f3n de la marina mercante brit\u00e1nica (que es de color rojo y tiene en su v\u00e9rtice superior izquierdo la bandera del Reino Unido), Dom\u00ednguez expres\u00f3 que \u201ceso est\u00e1 dentro de lo legal\u201d y que \u201clas autoridades del puerto no pueden negarle la entrada\u201d. En cuanto a las alteraciones de banderas, situaci\u00f3n que no est\u00e1 del todo clara, dijo que \u201cesa es una cuesti\u00f3n t\u00e1ctica, que habr\u00e1 que analizarla particularmente\u201d.<\/p>\n<p>En su momento, el tema del ingreso de barcos con bandera de Malvinas a terminales uruguayas llev\u00f3 a peque\u00f1os cortocircuitos entre Buenos Aires y Montevideo. D\u00edas antes de la resoluci\u00f3n del Mercosur de diciembre de 2011, el ex presidente Jos\u00e9 Mujica, en la l\u00f3gica del particular relacionamiento que ten\u00eda con su par Cristina Fern\u00e1ndez (con la que de a poco intentaba destrabar asuntos pendiente entre ambas naciones) orden\u00f3 a la Administraci\u00f3n de Puertos que prohibiera el ingreso de buques con emblema de las islas a cualquier terminal uruguaya. Pero al mes trascendi\u00f3 que el ejecutivo oriental estaba dispuesto a admitir a esos barcos, siempre y cuando utilizaran la ense\u00f1a del Reino Unido. De esa forma no hab\u00eda base legal para cerrarles las puertas.<\/p>\n<p>Este golpe de tim\u00f3n de Mujica tuvo por esos d\u00edas otros dos objetivos: uno fue el evitar, o en su defecto morigerar, las cuantiosas p\u00e9rdidas de las empresas uruguayas de distintos rubros que sol\u00edan -y suelen- abastecen y dar servicio a estos barcos que amarran en la principal terminal portuaria local; y el otro fue para aliviar tensiones con los gobiernos de Gran Breta\u00f1a y Espa\u00f1a, pa\u00edses a los que mayormente pertenecen estos barcos que, como en determinado momento pescan en aguas territoriales de las islas, el gobierno de Malvinas le exige que tenga una bandera suya debido a que las autoridades isle\u00f1as tiene en diversos temas bastante autonom\u00eda del gobierno brit\u00e1nico, por ejemplo las licencias de autorizaci\u00f3n de pesca se pagan en sus oficinas de administraci\u00f3n.<\/p><\/div>\n","protected":false},"excerpt":{"rendered":"<p>Montevideo\/uruguay.-La nave Ernest Shackleton usa en Montevideo una bandera de la marina mercante brit\u00e1nica que no es la suya. Y [&hellip;]<\/p>\n","protected":false},"author":2,"featured_media":28541,"comment_status":"open","ping_status":"open","sticky":false,"template":"","format":"standard","meta":{"site-sidebar-layout":"default","site-content-layout":"","ast-site-content-layout":"default","site-content-style":"default","site-sidebar-style":"default","ast-global-header-display":"","ast-banner-title-visibility":"","ast-main-header-display":"","ast-hfb-above-header-display":"","ast-hfb-below-header-display":"","ast-hfb-mobile-header-display":"","site-post-title":"","ast-breadcrumbs-content":"","ast-featured-img":"","footer-sml-layout":"","ast-disable-related-posts":"","theme-transparent-header-meta":"","adv-header-id-meta":"","stick-header-meta":"","header-above-stick-meta":"","header-main-stick-meta":"","header-below-stick-meta":"","astra-migrate-meta-layouts":"default","ast-page-background-enabled":"default","ast-page-background-meta":{"desktop":{"background-color":"var(--ast-global-color-5)","background-image":"","background-repeat":"repeat","background-position":"center center","background-size":"auto","background-attachment":"scroll","background-type":"","background-media":"","overlay-type":"","overlay-color":"","overlay-opacity":"","overlay-gradient":""},"tablet":{"background-color":"","background-image":"","background-repeat":"repeat","background-position":"center center","background-size":"auto","background-attachment":"scroll","background-type":"","background-media":"","overlay-type":"","overlay-color":"","overlay-opacity":"","overlay-gradient":""},"mobile":{"background-color":"","background-image":"","background-repeat":"repeat","background-position":"center center","background-size":"auto","background-attachment":"scroll","background-type":"","background-media":"","overlay-type":"","overlay-color":"","overlay-opacity":"","overlay-gradient":""}},"ast-content-background-meta":{"desktop":{"background-color":"var(--ast-global-color-4)","background-image":"","background-repeat":"repeat","background-position":"center center","background-size":"auto","background-attachment":"scroll","background-type":"","background-media":"","overlay-type":"","overlay-color":"","overlay-opacity":"","overlay-gradient":""},"tablet":{"background-color":"var(--ast-global-color-4)","background-image":"","background-repeat":"repeat","background-position":"center center","background-size":"auto","background-attachment":"scroll","background-type":"","background-media":"","overlay-type":"","overlay-color":"","overlay-opacity":"","overlay-gradient":""},"mobile":{"background-color":"var(--ast-global-color-4)","background-image":"","background-repeat":"repeat","background-position":"center center","background-size":"auto","background-attachment":"scroll","background-type":"","background-media":"","overlay-type":"","overlay-color":"","overlay-opacity":"","overlay-gradient":""}},"footnotes":""},"categories":[23,1],"tags":[],"class_list":["post-28540","post","type-post","status-publish","format-standard","has-post-thumbnail","hentry","category-internacionales","category-noticias"],"yoast_head":"<!-- This site is optimized with the Yoast SEO Premium plugin v23.0 (Yoast SEO v27.4) - https:\/\/yoast.com\/product\/yoast-seo-premium-wordpress\/ -->\n<title>Uruguay da explicaciones sobre el barco de Malvinas<\/title>\n<meta name=\"robots\" content=\"index, follow, max-snippet:-1, max-image-preview:large, max-video-preview:-1\" \/>\n<link rel=\"canonical\" href=\"https:\/\/patagoniambiental.com.ar\/info\/uruguay-da-explicaciones-sobre-el-barco-de-malvinas\/\" \/>\n<meta property=\"og:locale\" content=\"es_ES\" \/>\n<meta property=\"og:type\" content=\"article\" \/>\n<meta property=\"og:title\" content=\"Uruguay da explicaciones sobre el barco de Malvinas\" \/>\n<meta property=\"og:description\" content=\"Montevideo\/uruguay.-La nave Ernest Shackleton usa en Montevideo una bandera de la marina mercante brit\u00e1nica que no es la suya. Y [&hellip;]\" \/>\n<meta property=\"og:url\" content=\"https:\/\/patagoniambiental.com.ar\/info\/uruguay-da-explicaciones-sobre-el-barco-de-malvinas\/\" \/>\n<meta property=\"og:site_name\" content=\"Patagonia Ambiental\" \/>\n<meta property=\"article:publisher\" content=\"https:\/\/www.facebook.com\/patagonia.ambiental\" \/>\n<meta property=\"article:author\" content=\"https:\/\/www.facebook.com\/share\/1C1V8Gv9BX\/?mibextid=qi2Omg\" \/>\n<meta property=\"article:published_time\" content=\"2017-05-04T12:18:26+00:00\" \/>\n<meta property=\"og:image\" content=\"https:\/\/patagoniambiental.com.ar\/info\/wp-content\/uploads\/2017\/05\/8463_3.jpg\" \/>\n\t<meta property=\"og:image:width\" content=\"500\" \/>\n\t<meta property=\"og:image:height\" content=\"333\" \/>\n\t<meta property=\"og:image:type\" content=\"image\/jpeg\" \/>\n<meta name=\"author\" content=\"Patagonia Ambiental\" \/>\n<meta name=\"twitter:card\" content=\"summary_large_image\" \/>\n<meta name=\"twitter:creator\" content=\"@PatAmb\" \/>\n<meta name=\"twitter:site\" content=\"@PatAmb\" \/>\n<script type=\"application\/ld+json\" class=\"yoast-schema-graph\">{\"@context\":\"https:\\\/\\\/schema.org\",\"@graph\":[{\"@type\":\"Article\",\"@id\":\"https:\\\/\\\/patagoniambiental.com.ar\\\/info\\\/uruguay-da-explicaciones-sobre-el-barco-de-malvinas\\\/#article\",\"isPartOf\":{\"@id\":\"https:\\\/\\\/patagoniambiental.com.ar\\\/info\\\/uruguay-da-explicaciones-sobre-el-barco-de-malvinas\\\/\"},\"author\":{\"name\":\"Patagonia Ambiental\",\"@id\":\"https:\\\/\\\/patagoniambiental.com.ar\\\/info\\\/#\\\/schema\\\/person\\\/db12bff64bbcbf6a253710bf0ea37b5d\"},\"headline\":\"Uruguay da explicaciones sobre el barco de Malvinas\",\"datePublished\":\"2017-05-04T12:18:26+00:00\",\"mainEntityOfPage\":{\"@id\":\"https:\\\/\\\/patagoniambiental.com.ar\\\/info\\\/uruguay-da-explicaciones-sobre-el-barco-de-malvinas\\\/\"},\"wordCount\":560,\"commentCount\":0,\"publisher\":{\"@id\":\"https:\\\/\\\/patagoniambiental.com.ar\\\/info\\\/#organization\"},\"image\":{\"@id\":\"https:\\\/\\\/patagoniambiental.com.ar\\\/info\\\/uruguay-da-explicaciones-sobre-el-barco-de-malvinas\\\/#primaryimage\"},\"thumbnailUrl\":\"https:\\\/\\\/patagoniambiental.com.ar\\\/info\\\/wp-content\\\/uploads\\\/2017\\\/05\\\/8463_3.jpg\",\"articleSection\":[\"Internacionales\",\"Noticias\"],\"inLanguage\":\"es\",\"potentialAction\":[{\"@type\":\"CommentAction\",\"name\":\"Comment\",\"target\":[\"https:\\\/\\\/patagoniambiental.com.ar\\\/info\\\/uruguay-da-explicaciones-sobre-el-barco-de-malvinas\\\/#respond\"]}]},{\"@type\":\"WebPage\",\"@id\":\"https:\\\/\\\/patagoniambiental.com.ar\\\/info\\\/uruguay-da-explicaciones-sobre-el-barco-de-malvinas\\\/\",\"url\":\"https:\\\/\\\/patagoniambiental.com.ar\\\/info\\\/uruguay-da-explicaciones-sobre-el-barco-de-malvinas\\\/\",\"name\":\"Uruguay da explicaciones sobre el barco de Malvinas\",\"isPartOf\":{\"@id\":\"https:\\\/\\\/patagoniambiental.com.ar\\\/info\\\/#website\"},\"primaryImageOfPage\":{\"@id\":\"https:\\\/\\\/patagoniambiental.com.ar\\\/info\\\/uruguay-da-explicaciones-sobre-el-barco-de-malvinas\\\/#primaryimage\"},\"image\":{\"@id\":\"https:\\\/\\\/patagoniambiental.com.ar\\\/info\\\/uruguay-da-explicaciones-sobre-el-barco-de-malvinas\\\/#primaryimage\"},\"thumbnailUrl\":\"https:\\\/\\\/patagoniambiental.com.ar\\\/info\\\/wp-content\\\/uploads\\\/2017\\\/05\\\/8463_3.jpg\",\"datePublished\":\"2017-05-04T12:18:26+00:00\",\"breadcrumb\":{\"@id\":\"https:\\\/\\\/patagoniambiental.com.ar\\\/info\\\/uruguay-da-explicaciones-sobre-el-barco-de-malvinas\\\/#breadcrumb\"},\"inLanguage\":\"es\",\"potentialAction\":[{\"@type\":\"ReadAction\",\"target\":[\"https:\\\/\\\/patagoniambiental.com.ar\\\/info\\\/uruguay-da-explicaciones-sobre-el-barco-de-malvinas\\\/\"]}]},{\"@type\":\"ImageObject\",\"inLanguage\":\"es\",\"@id\":\"https:\\\/\\\/patagoniambiental.com.ar\\\/info\\\/uruguay-da-explicaciones-sobre-el-barco-de-malvinas\\\/#primaryimage\",\"url\":\"https:\\\/\\\/patagoniambiental.com.ar\\\/info\\\/wp-content\\\/uploads\\\/2017\\\/05\\\/8463_3.jpg\",\"contentUrl\":\"https:\\\/\\\/patagoniambiental.com.ar\\\/info\\\/wp-content\\\/uploads\\\/2017\\\/05\\\/8463_3.jpg\",\"width\":500,\"height\":333},{\"@type\":\"BreadcrumbList\",\"@id\":\"https:\\\/\\\/patagoniambiental.com.ar\\\/info\\\/uruguay-da-explicaciones-sobre-el-barco-de-malvinas\\\/#breadcrumb\",\"itemListElement\":[{\"@type\":\"ListItem\",\"position\":1,\"name\":\"Inicio\",\"item\":\"https:\\\/\\\/patagoniambiental.com.ar\\\/info\\\/\"},{\"@type\":\"ListItem\",\"position\":2,\"name\":\"Uruguay da explicaciones sobre el barco de Malvinas\"}]},{\"@type\":\"WebSite\",\"@id\":\"https:\\\/\\\/patagoniambiental.com.ar\\\/info\\\/#website\",\"url\":\"https:\\\/\\\/patagoniambiental.com.ar\\\/info\\\/\",\"name\":\"Patagonia Ambiental\",\"description\":\"Monitoreo y an\u00e1lisis de la situaci\u00f3n geopol\u00edtica en el mundo y su implicancia en la Patagonia\",\"publisher\":{\"@id\":\"https:\\\/\\\/patagoniambiental.com.ar\\\/info\\\/#organization\"},\"potentialAction\":[{\"@type\":\"SearchAction\",\"target\":{\"@type\":\"EntryPoint\",\"urlTemplate\":\"https:\\\/\\\/patagoniambiental.com.ar\\\/info\\\/?s={search_term_string}\"},\"query-input\":{\"@type\":\"PropertyValueSpecification\",\"valueRequired\":true,\"valueName\":\"search_term_string\"}}],\"inLanguage\":\"es\"},{\"@type\":\"Organization\",\"@id\":\"https:\\\/\\\/patagoniambiental.com.ar\\\/info\\\/#organization\",\"name\":\"Patagonia Ambiental\",\"url\":\"https:\\\/\\\/patagoniambiental.com.ar\\\/info\\\/\",\"logo\":{\"@type\":\"ImageObject\",\"inLanguage\":\"es\",\"@id\":\"https:\\\/\\\/patagoniambiental.com.ar\\\/info\\\/#\\\/schema\\\/logo\\\/image\\\/\",\"url\":\"https:\\\/\\\/patagoniambiental.com.ar\\\/info\\\/wp-content\\\/uploads\\\/2025\\\/05\\\/LOGO-PATAGONIA-AMBIENTAL.png\",\"contentUrl\":\"https:\\\/\\\/patagoniambiental.com.ar\\\/info\\\/wp-content\\\/uploads\\\/2025\\\/05\\\/LOGO-PATAGONIA-AMBIENTAL.png\",\"width\":433,\"height\":250,\"caption\":\"Patagonia Ambiental\"},\"image\":{\"@id\":\"https:\\\/\\\/patagoniambiental.com.ar\\\/info\\\/#\\\/schema\\\/logo\\\/image\\\/\"},\"sameAs\":[\"https:\\\/\\\/www.facebook.com\\\/patagonia.ambiental\",\"https:\\\/\\\/x.com\\\/PatAmb\"]},{\"@type\":\"Person\",\"@id\":\"https:\\\/\\\/patagoniambiental.com.ar\\\/info\\\/#\\\/schema\\\/person\\\/db12bff64bbcbf6a253710bf0ea37b5d\",\"name\":\"Patagonia Ambiental\",\"description\":\"Andr\u00e9s Nievas T\u00e9cnico en manejo ambiental, consultor Ambiental y escritor para medios locales e internacionales sobre temas de geopolitica y medio ambiente.\",\"sameAs\":[\"http:\\\/\\\/www.patagoniambiental.com.ar\",\"https:\\\/\\\/www.facebook.com\\\/share\\\/1C1V8Gv9BX\\\/?mibextid=qi2Omg\",\"@patagoniambiental\",\"https:\\\/\\\/youtube.com\\\/@patagoniaambiental2023?si=BLt58t0wuXquxlYZ\"]}]}<\/script>\n<!-- \/ Yoast SEO Premium plugin. -->","yoast_head_json":{"title":"Uruguay da explicaciones sobre el barco de Malvinas","robots":{"index":"index","follow":"follow","max-snippet":"max-snippet:-1","max-image-preview":"max-image-preview:large","max-video-preview":"max-video-preview:-1"},"canonical":"https:\/\/patagoniambiental.com.ar\/info\/uruguay-da-explicaciones-sobre-el-barco-de-malvinas\/","og_locale":"es_ES","og_type":"article","og_title":"Uruguay da explicaciones sobre el barco de Malvinas","og_description":"Montevideo\/uruguay.-La nave Ernest Shackleton usa en Montevideo una bandera de la marina mercante brit\u00e1nica que no es la suya. Y [&hellip;]","og_url":"https:\/\/patagoniambiental.com.ar\/info\/uruguay-da-explicaciones-sobre-el-barco-de-malvinas\/","og_site_name":"Patagonia Ambiental","article_publisher":"https:\/\/www.facebook.com\/patagonia.ambiental","article_author":"https:\/\/www.facebook.com\/share\/1C1V8Gv9BX\/?mibextid=qi2Omg","article_published_time":"2017-05-04T12:18:26+00:00","og_image":[{"width":500,"height":333,"url":"https:\/\/patagoniambiental.com.ar\/info\/wp-content\/uploads\/2017\/05\/8463_3.jpg","type":"image\/jpeg"}],"author":"Patagonia Ambiental","twitter_card":"summary_large_image","twitter_creator":"@PatAmb","twitter_site":"@PatAmb","schema":{"@context":"https:\/\/schema.org","@graph":[{"@type":"Article","@id":"https:\/\/patagoniambiental.com.ar\/info\/uruguay-da-explicaciones-sobre-el-barco-de-malvinas\/#article","isPartOf":{"@id":"https:\/\/patagoniambiental.com.ar\/info\/uruguay-da-explicaciones-sobre-el-barco-de-malvinas\/"},"author":{"name":"Patagonia Ambiental","@id":"https:\/\/patagoniambiental.com.ar\/info\/#\/schema\/person\/db12bff64bbcbf6a253710bf0ea37b5d"},"headline":"Uruguay da explicaciones sobre el barco de Malvinas","datePublished":"2017-05-04T12:18:26+00:00","mainEntityOfPage":{"@id":"https:\/\/patagoniambiental.com.ar\/info\/uruguay-da-explicaciones-sobre-el-barco-de-malvinas\/"},"wordCount":560,"commentCount":0,"publisher":{"@id":"https:\/\/patagoniambiental.com.ar\/info\/#organization"},"image":{"@id":"https:\/\/patagoniambiental.com.ar\/info\/uruguay-da-explicaciones-sobre-el-barco-de-malvinas\/#primaryimage"},"thumbnailUrl":"https:\/\/patagoniambiental.com.ar\/info\/wp-content\/uploads\/2017\/05\/8463_3.jpg","articleSection":["Internacionales","Noticias"],"inLanguage":"es","potentialAction":[{"@type":"CommentAction","name":"Comment","target":["https:\/\/patagoniambiental.com.ar\/info\/uruguay-da-explicaciones-sobre-el-barco-de-malvinas\/#respond"]}]},{"@type":"WebPage","@id":"https:\/\/patagoniambiental.com.ar\/info\/uruguay-da-explicaciones-sobre-el-barco-de-malvinas\/","url":"https:\/\/patagoniambiental.com.ar\/info\/uruguay-da-explicaciones-sobre-el-barco-de-malvinas\/","name":"Uruguay da explicaciones sobre el barco de Malvinas","isPartOf":{"@id":"https:\/\/patagoniambiental.com.ar\/info\/#website"},"primaryImageOfPage":{"@id":"https:\/\/patagoniambiental.com.ar\/info\/uruguay-da-explicaciones-sobre-el-barco-de-malvinas\/#primaryimage"},"image":{"@id":"https:\/\/patagoniambiental.com.ar\/info\/uruguay-da-explicaciones-sobre-el-barco-de-malvinas\/#primaryimage"},"thumbnailUrl":"https:\/\/patagoniambiental.com.ar\/info\/wp-content\/uploads\/2017\/05\/8463_3.jpg","datePublished":"2017-05-04T12:18:26+00:00","breadcrumb":{"@id":"https:\/\/patagoniambiental.com.ar\/info\/uruguay-da-explicaciones-sobre-el-barco-de-malvinas\/#breadcrumb"},"inLanguage":"es","potentialAction":[{"@type":"ReadAction","target":["https:\/\/patagoniambiental.com.ar\/info\/uruguay-da-explicaciones-sobre-el-barco-de-malvinas\/"]}]},{"@type":"ImageObject","inLanguage":"es","@id":"https:\/\/patagoniambiental.com.ar\/info\/uruguay-da-explicaciones-sobre-el-barco-de-malvinas\/#primaryimage","url":"https:\/\/patagoniambiental.com.ar\/info\/wp-content\/uploads\/2017\/05\/8463_3.jpg","contentUrl":"https:\/\/patagoniambiental.com.ar\/info\/wp-content\/uploads\/2017\/05\/8463_3.jpg","width":500,"height":333},{"@type":"BreadcrumbList","@id":"https:\/\/patagoniambiental.com.ar\/info\/uruguay-da-explicaciones-sobre-el-barco-de-malvinas\/#breadcrumb","itemListElement":[{"@type":"ListItem","position":1,"name":"Inicio","item":"https:\/\/patagoniambiental.com.ar\/info\/"},{"@type":"ListItem","position":2,"name":"Uruguay da explicaciones sobre el barco de Malvinas"}]},{"@type":"WebSite","@id":"https:\/\/patagoniambiental.com.ar\/info\/#website","url":"https:\/\/patagoniambiental.com.ar\/info\/","name":"Patagonia Ambiental","description":"Monitoreo y an\u00e1lisis de la situaci\u00f3n geopol\u00edtica en el mundo y su implicancia en la Patagonia","publisher":{"@id":"https:\/\/patagoniambiental.com.ar\/info\/#organization"},"potentialAction":[{"@type":"SearchAction","target":{"@type":"EntryPoint","urlTemplate":"https:\/\/patagoniambiental.com.ar\/info\/?s={search_term_string}"},"query-input":{"@type":"PropertyValueSpecification","valueRequired":true,"valueName":"search_term_string"}}],"inLanguage":"es"},{"@type":"Organization","@id":"https:\/\/patagoniambiental.com.ar\/info\/#organization","name":"Patagonia Ambiental","url":"https:\/\/patagoniambiental.com.ar\/info\/","logo":{"@type":"ImageObject","inLanguage":"es","@id":"https:\/\/patagoniambiental.com.ar\/info\/#\/schema\/logo\/image\/","url":"https:\/\/patagoniambiental.com.ar\/info\/wp-content\/uploads\/2025\/05\/LOGO-PATAGONIA-AMBIENTAL.png","contentUrl":"https:\/\/patagoniambiental.com.ar\/info\/wp-content\/uploads\/2025\/05\/LOGO-PATAGONIA-AMBIENTAL.png","width":433,"height":250,"caption":"Patagonia Ambiental"},"image":{"@id":"https:\/\/patagoniambiental.com.ar\/info\/#\/schema\/logo\/image\/"},"sameAs":["https:\/\/www.facebook.com\/patagonia.ambiental","https:\/\/x.com\/PatAmb"]},{"@type":"Person","@id":"https:\/\/patagoniambiental.com.ar\/info\/#\/schema\/person\/db12bff64bbcbf6a253710bf0ea37b5d","name":"Patagonia Ambiental","description":"Andr\u00e9s Nievas T\u00e9cnico en manejo ambiental, consultor Ambiental y escritor para medios locales e internacionales sobre temas de geopolitica y medio ambiente.","sameAs":["http:\/\/www.patagoniambiental.com.ar","https:\/\/www.facebook.com\/share\/1C1V8Gv9BX\/?mibextid=qi2Omg","@patagoniambiental","https:\/\/youtube.com\/@patagoniaambiental2023?si=BLt58t0wuXquxlYZ"]}]}},"_links":{"self":[{"href":"https:\/\/patagoniambiental.com.ar\/info\/wp-json\/wp\/v2\/posts\/28540","targetHints":{"allow":["GET"]}}],"collection":[{"href":"https:\/\/patagoniambiental.com.ar\/info\/wp-json\/wp\/v2\/posts"}],"about":[{"href":"https:\/\/patagoniambiental.com.ar\/info\/wp-json\/wp\/v2\/types\/post"}],"author":[{"embeddable":true,"href":"https:\/\/patagoniambiental.com.ar\/info\/wp-json\/wp\/v2\/users\/2"}],"replies":[{"embeddable":true,"href":"https:\/\/patagoniambiental.com.ar\/info\/wp-json\/wp\/v2\/comments?post=28540"}],"version-history":[{"count":0,"href":"https:\/\/patagoniambiental.com.ar\/info\/wp-json\/wp\/v2\/posts\/28540\/revisions"}],"wp:featuredmedia":[{"embeddable":true,"href":"https:\/\/patagoniambiental.com.ar\/info\/wp-json\/wp\/v2\/media\/28541"}],"wp:attachment":[{"href":"https:\/\/patagoniambiental.com.ar\/info\/wp-json\/wp\/v2\/media?parent=28540"}],"wp:term":[{"taxonomy":"category","embeddable":true,"href":"https:\/\/patagoniambiental.com.ar\/info\/wp-json\/wp\/v2\/categories?post=28540"},{"taxonomy":"post_tag","embeddable":true,"href":"https:\/\/patagoniambiental.com.ar\/info\/wp-json\/wp\/v2\/tags?post=28540"}],"curies":[{"name":"wp","href":"https:\/\/api.w.org\/{rel}","templated":true}]}}