{"id":28543,"date":"2017-05-04T09:22:22","date_gmt":"2017-05-04T12:22:22","guid":{"rendered":"http:\/\/patagoniambiental.com.ar\/info\/?p=28543"},"modified":"2017-05-04T09:22:22","modified_gmt":"2017-05-04T12:22:22","slug":"este-inmenso-iceberg-se-desprendera-en-la-antartida","status":"publish","type":"post","link":"https:\/\/patagoniambiental.com.ar\/info\/este-inmenso-iceberg-se-desprendera-en-la-antartida\/","title":{"rendered":"Este inmenso iceberg se desprender\u00e1 en la Ant\u00e1rtida"},"content":{"rendered":"<p>Ant\u00e1rtida.-Un inmenso iceberg, que se estima es uno de los mayores registrados con un \u00e1rea casi del tama\u00f1o de la isla caribe\u00f1a de Trinidad y Tobago, se desprender\u00e1 de la Ant\u00e1rtida, dijeron cient\u00edficos.<!--more--><\/p>\n<p>Una grieta, que se extiende lentamente por la barrera de hielo Larsen C en la pen\u00ednsula ant\u00e1rtica desde hace unos a\u00f1os, aument\u00f3 de tama\u00f1o abruptamente en enero pasado y la \u00faltima medici\u00f3n del 6 de abril sum\u00f3 180 kil\u00f3metros de largo y s\u00f3lo faltan 16 kil\u00f3metros para que se rompa, a\u00f1adieron.<\/p>\n<p>\u00abLa barrera de hielo Larsen C en la Ant\u00e1rtida se prepara para desprender un \u00e1rea de m\u00e1s de 5 mil kil\u00f3metros cuadrados tras el sustancial crecimiento de la grieta\u00bb, informaron cient\u00edficos del Proyecto Midas de la Universidad de Swansea en Gales en un comunicado.<\/p>\n<p>El iceberg \u00abcambiar\u00e1 b\u00e1sicamente el paisaje de la pen\u00ednsula ant\u00e1rtica\u00bb y podr\u00eda presagiar un mayor rompimiento de la plataforma de hielo Larsen C, a\u00f1adieron. Las barreras de hielo son \u00e1reas de hielo flotante en el mar, de varios metros de grosor, al final de los glaciares.<\/p>\n<p><img fetchpriority=\"high\" decoding=\"async\" src=\"http:\/\/graficos.elfinanciero.com.mx\/interior-nota\/2017\/img\/promo-iceberg-inmenso.png\" alt=\"\" width=\"454\" height=\"300\" \/><\/p>\n<p>Cient\u00edficos temen que la p\u00e9rdida de barreras alrededor del continente helado har\u00e1 que los glaciares se deslicen m\u00e1s r\u00e1pido hacia el mar en medio de un aumento de las temperaturas por el calentamiento global, elevando los niveles del oc\u00e9ano.<\/p>\n<p>Varias barreras de hielo se han agrietado alrededor de zonas del norte de la Ant\u00e1rtida en los \u00faltimos a\u00f1os, incluyendo la plataforma Larsen B que se desintegr\u00f3 en el 2002. Andrew Fleming, del British Antarctic Survey dijo que el hielo se estaba derritiendo por aire caliente en la superficie y aguas m\u00e1s c\u00e1lidas abajo del hielo.<\/p>\n<p>En algunos casos, los icebergs flotan alrededor de la Ant\u00e1rtida por a\u00f1os, representando una amenaza menor para el transporte mar\u00edtimo. En pocas ocasiones se han desplazado hacia el norte, hacia Am\u00e9rica del Sur.<\/p>\n<p>El a\u00f1o pasado fue el m\u00e1s caluroso registrado, alimentado por gases de efecto invernadero y el fen\u00f3meno clim\u00e1tico El Ni\u00f1o que lanza calor desde el oc\u00e9ano Pac\u00edfico, dijo el Servicio del Cambio Clim\u00e1tico de Cop\u00e9rnico, un programa de la Uni\u00f3n Europea.<\/p>\n<p>&nbsp;<\/p>\n<p>Fuente:\u00a0http:\/\/www.eldiarioangelopolitano.com\/noticia\/Internacionales\/Este-inmenso-iceberg-se-desprender%C3%A1-en-la-Ant&amp;aacutertida\/3199.html<\/p>\n","protected":false},"excerpt":{"rendered":"<p>Ant\u00e1rtida.-Un inmenso iceberg, que se estima es uno de los mayores registrados con un \u00e1rea casi del tama\u00f1o de la [&hellip;]<\/p>\n","protected":false},"author":2,"featured_media":28544,"comment_status":"open","ping_status":"open","sticky":false,"template":"","format":"standard","meta":{"site-sidebar-layout":"default","site-content-layout":"","ast-site-content-layout":"default","site-content-style":"default","site-sidebar-style":"default","ast-global-header-display":"","ast-banner-title-visibility":"","ast-main-header-display":"","ast-hfb-above-header-display":"","ast-hfb-below-header-display":"","ast-hfb-mobile-header-display":"","site-post-title":"","ast-breadcrumbs-content":"","ast-featured-img":"","footer-sml-layout":"","ast-disable-related-posts":"","theme-transparent-header-meta":"","adv-header-id-meta":"","stick-header-meta":"","header-above-stick-meta":"","header-main-stick-meta":"","header-below-stick-meta":"","astra-migrate-meta-layouts":"default","ast-page-background-enabled":"default","ast-page-background-meta":{"desktop":{"background-color":"var(--ast-global-color-5)","background-image":"","background-repeat":"repeat","background-position":"center center","background-size":"auto","background-attachment":"scroll","background-type":"","background-media":"","overlay-type":"","overlay-color":"","overlay-opacity":"","overlay-gradient":""},"tablet":{"background-color":"","background-image":"","background-repeat":"repeat","background-position":"center center","background-size":"auto","background-attachment":"scroll","background-type":"","background-media":"","overlay-type":"","overlay-color":"","overlay-opacity":"","overlay-gradient":""},"mobile":{"background-color":"","background-image":"","background-repeat":"repeat","background-position":"center center","background-size":"auto","background-attachment":"scroll","background-type":"","background-media":"","overlay-type":"","overlay-color":"","overlay-opacity":"","overlay-gradient":""}},"ast-content-background-meta":{"desktop":{"background-color":"var(--ast-global-color-4)","background-image":"","background-repeat":"repeat","background-position":"center center","background-size":"auto","background-attachment":"scroll","background-type":"","background-media":"","overlay-type":"","overlay-color":"","overlay-opacity":"","overlay-gradient":""},"tablet":{"background-color":"var(--ast-global-color-4)","background-image":"","background-repeat":"repeat","background-position":"center center","background-size":"auto","background-attachment":"scroll","background-type":"","background-media":"","overlay-type":"","overlay-color":"","overlay-opacity":"","overlay-gradient":""},"mobile":{"background-color":"var(--ast-global-color-4)","background-image":"","background-repeat":"repeat","background-position":"center center","background-size":"auto","background-attachment":"scroll","background-type":"","background-media":"","overlay-type":"","overlay-color":"","overlay-opacity":"","overlay-gradient":""}},"footnotes":""},"categories":[23,1],"tags":[],"class_list":["post-28543","post","type-post","status-publish","format-standard","has-post-thumbnail","hentry","category-internacionales","category-noticias"],"yoast_head":"<!-- This site is optimized with the Yoast SEO Premium plugin v23.0 (Yoast SEO v27.4) - https:\/\/yoast.com\/product\/yoast-seo-premium-wordpress\/ -->\n<title>Este inmenso iceberg se desprender\u00e1 en la Ant\u00e1rtida<\/title>\n<meta name=\"robots\" content=\"index, follow, max-snippet:-1, max-image-preview:large, max-video-preview:-1\" \/>\n<link rel=\"canonical\" href=\"https:\/\/patagoniambiental.com.ar\/info\/este-inmenso-iceberg-se-desprendera-en-la-antartida\/\" \/>\n<meta property=\"og:locale\" content=\"es_ES\" \/>\n<meta property=\"og:type\" content=\"article\" \/>\n<meta property=\"og:title\" content=\"Este inmenso iceberg se desprender\u00e1 en la Ant\u00e1rtida\" \/>\n<meta property=\"og:description\" content=\"Ant\u00e1rtida.-Un inmenso iceberg, que se estima es uno de los mayores registrados con un \u00e1rea casi del tama\u00f1o de la [&hellip;]\" \/>\n<meta property=\"og:url\" content=\"https:\/\/patagoniambiental.com.ar\/info\/este-inmenso-iceberg-se-desprendera-en-la-antartida\/\" \/>\n<meta property=\"og:site_name\" content=\"Patagonia Ambiental\" \/>\n<meta property=\"article:publisher\" content=\"https:\/\/www.facebook.com\/patagonia.ambiental\" \/>\n<meta property=\"article:author\" content=\"https:\/\/www.facebook.com\/share\/1C1V8Gv9BX\/?mibextid=qi2Omg\" \/>\n<meta property=\"article:published_time\" content=\"2017-05-04T12:22:22+00:00\" \/>\n<meta property=\"og:image\" content=\"https:\/\/patagoniambiental.com.ar\/info\/wp-content\/uploads\/2017\/05\/3504.png\" \/>\n\t<meta property=\"og:image:width\" content=\"980\" \/>\n\t<meta property=\"og:image:height\" content=\"647\" \/>\n\t<meta property=\"og:image:type\" content=\"image\/png\" \/>\n<meta name=\"author\" content=\"Patagonia Ambiental\" \/>\n<meta name=\"twitter:card\" content=\"summary_large_image\" \/>\n<meta name=\"twitter:creator\" content=\"@PatAmb\" \/>\n<meta name=\"twitter:site\" content=\"@PatAmb\" \/>\n<script type=\"application\/ld+json\" class=\"yoast-schema-graph\">{\"@context\":\"https:\\\/\\\/schema.org\",\"@graph\":[{\"@type\":\"Article\",\"@id\":\"https:\\\/\\\/patagoniambiental.com.ar\\\/info\\\/este-inmenso-iceberg-se-desprendera-en-la-antartida\\\/#article\",\"isPartOf\":{\"@id\":\"https:\\\/\\\/patagoniambiental.com.ar\\\/info\\\/este-inmenso-iceberg-se-desprendera-en-la-antartida\\\/\"},\"author\":{\"name\":\"Patagonia Ambiental\",\"@id\":\"https:\\\/\\\/patagoniambiental.com.ar\\\/info\\\/#\\\/schema\\\/person\\\/db12bff64bbcbf6a253710bf0ea37b5d\"},\"headline\":\"Este inmenso iceberg se desprender\u00e1 en la Ant\u00e1rtida\",\"datePublished\":\"2017-05-04T12:22:22+00:00\",\"mainEntityOfPage\":{\"@id\":\"https:\\\/\\\/patagoniambiental.com.ar\\\/info\\\/este-inmenso-iceberg-se-desprendera-en-la-antartida\\\/\"},\"wordCount\":409,\"commentCount\":0,\"publisher\":{\"@id\":\"https:\\\/\\\/patagoniambiental.com.ar\\\/info\\\/#organization\"},\"image\":{\"@id\":\"https:\\\/\\\/patagoniambiental.com.ar\\\/info\\\/este-inmenso-iceberg-se-desprendera-en-la-antartida\\\/#primaryimage\"},\"thumbnailUrl\":\"https:\\\/\\\/patagoniambiental.com.ar\\\/info\\\/wp-content\\\/uploads\\\/2017\\\/05\\\/3504.png\",\"articleSection\":[\"Internacionales\",\"Noticias\"],\"inLanguage\":\"es\",\"potentialAction\":[{\"@type\":\"CommentAction\",\"name\":\"Comment\",\"target\":[\"https:\\\/\\\/patagoniambiental.com.ar\\\/info\\\/este-inmenso-iceberg-se-desprendera-en-la-antartida\\\/#respond\"]}]},{\"@type\":\"WebPage\",\"@id\":\"https:\\\/\\\/patagoniambiental.com.ar\\\/info\\\/este-inmenso-iceberg-se-desprendera-en-la-antartida\\\/\",\"url\":\"https:\\\/\\\/patagoniambiental.com.ar\\\/info\\\/este-inmenso-iceberg-se-desprendera-en-la-antartida\\\/\",\"name\":\"Este inmenso iceberg se desprender\u00e1 en la Ant\u00e1rtida\",\"isPartOf\":{\"@id\":\"https:\\\/\\\/patagoniambiental.com.ar\\\/info\\\/#website\"},\"primaryImageOfPage\":{\"@id\":\"https:\\\/\\\/patagoniambiental.com.ar\\\/info\\\/este-inmenso-iceberg-se-desprendera-en-la-antartida\\\/#primaryimage\"},\"image\":{\"@id\":\"https:\\\/\\\/patagoniambiental.com.ar\\\/info\\\/este-inmenso-iceberg-se-desprendera-en-la-antartida\\\/#primaryimage\"},\"thumbnailUrl\":\"https:\\\/\\\/patagoniambiental.com.ar\\\/info\\\/wp-content\\\/uploads\\\/2017\\\/05\\\/3504.png\",\"datePublished\":\"2017-05-04T12:22:22+00:00\",\"breadcrumb\":{\"@id\":\"https:\\\/\\\/patagoniambiental.com.ar\\\/info\\\/este-inmenso-iceberg-se-desprendera-en-la-antartida\\\/#breadcrumb\"},\"inLanguage\":\"es\",\"potentialAction\":[{\"@type\":\"ReadAction\",\"target\":[\"https:\\\/\\\/patagoniambiental.com.ar\\\/info\\\/este-inmenso-iceberg-se-desprendera-en-la-antartida\\\/\"]}]},{\"@type\":\"ImageObject\",\"inLanguage\":\"es\",\"@id\":\"https:\\\/\\\/patagoniambiental.com.ar\\\/info\\\/este-inmenso-iceberg-se-desprendera-en-la-antartida\\\/#primaryimage\",\"url\":\"https:\\\/\\\/patagoniambiental.com.ar\\\/info\\\/wp-content\\\/uploads\\\/2017\\\/05\\\/3504.png\",\"contentUrl\":\"https:\\\/\\\/patagoniambiental.com.ar\\\/info\\\/wp-content\\\/uploads\\\/2017\\\/05\\\/3504.png\",\"width\":980,\"height\":647},{\"@type\":\"BreadcrumbList\",\"@id\":\"https:\\\/\\\/patagoniambiental.com.ar\\\/info\\\/este-inmenso-iceberg-se-desprendera-en-la-antartida\\\/#breadcrumb\",\"itemListElement\":[{\"@type\":\"ListItem\",\"position\":1,\"name\":\"Inicio\",\"item\":\"https:\\\/\\\/patagoniambiental.com.ar\\\/info\\\/\"},{\"@type\":\"ListItem\",\"position\":2,\"name\":\"Este inmenso iceberg se desprender\u00e1 en la Ant\u00e1rtida\"}]},{\"@type\":\"WebSite\",\"@id\":\"https:\\\/\\\/patagoniambiental.com.ar\\\/info\\\/#website\",\"url\":\"https:\\\/\\\/patagoniambiental.com.ar\\\/info\\\/\",\"name\":\"Patagonia Ambiental\",\"description\":\"Monitoreo y an\u00e1lisis de la situaci\u00f3n geopol\u00edtica en el mundo y su implicancia en la Patagonia\",\"publisher\":{\"@id\":\"https:\\\/\\\/patagoniambiental.com.ar\\\/info\\\/#organization\"},\"potentialAction\":[{\"@type\":\"SearchAction\",\"target\":{\"@type\":\"EntryPoint\",\"urlTemplate\":\"https:\\\/\\\/patagoniambiental.com.ar\\\/info\\\/?s={search_term_string}\"},\"query-input\":{\"@type\":\"PropertyValueSpecification\",\"valueRequired\":true,\"valueName\":\"search_term_string\"}}],\"inLanguage\":\"es\"},{\"@type\":\"Organization\",\"@id\":\"https:\\\/\\\/patagoniambiental.com.ar\\\/info\\\/#organization\",\"name\":\"Patagonia Ambiental\",\"url\":\"https:\\\/\\\/patagoniambiental.com.ar\\\/info\\\/\",\"logo\":{\"@type\":\"ImageObject\",\"inLanguage\":\"es\",\"@id\":\"https:\\\/\\\/patagoniambiental.com.ar\\\/info\\\/#\\\/schema\\\/logo\\\/image\\\/\",\"url\":\"https:\\\/\\\/patagoniambiental.com.ar\\\/info\\\/wp-content\\\/uploads\\\/2025\\\/05\\\/LOGO-PATAGONIA-AMBIENTAL.png\",\"contentUrl\":\"https:\\\/\\\/patagoniambiental.com.ar\\\/info\\\/wp-content\\\/uploads\\\/2025\\\/05\\\/LOGO-PATAGONIA-AMBIENTAL.png\",\"width\":433,\"height\":250,\"caption\":\"Patagonia Ambiental\"},\"image\":{\"@id\":\"https:\\\/\\\/patagoniambiental.com.ar\\\/info\\\/#\\\/schema\\\/logo\\\/image\\\/\"},\"sameAs\":[\"https:\\\/\\\/www.facebook.com\\\/patagonia.ambiental\",\"https:\\\/\\\/x.com\\\/PatAmb\"]},{\"@type\":\"Person\",\"@id\":\"https:\\\/\\\/patagoniambiental.com.ar\\\/info\\\/#\\\/schema\\\/person\\\/db12bff64bbcbf6a253710bf0ea37b5d\",\"name\":\"Patagonia Ambiental\",\"description\":\"Andr\u00e9s Nievas T\u00e9cnico en manejo ambiental, consultor Ambiental y escritor para medios locales e internacionales sobre temas de geopolitica y medio ambiente.\",\"sameAs\":[\"http:\\\/\\\/www.patagoniambiental.com.ar\",\"https:\\\/\\\/www.facebook.com\\\/share\\\/1C1V8Gv9BX\\\/?mibextid=qi2Omg\",\"@patagoniambiental\",\"https:\\\/\\\/youtube.com\\\/@patagoniaambiental2023?si=BLt58t0wuXquxlYZ\"]}]}<\/script>\n<!-- \/ Yoast SEO Premium plugin. -->","yoast_head_json":{"title":"Este inmenso iceberg se desprender\u00e1 en la Ant\u00e1rtida","robots":{"index":"index","follow":"follow","max-snippet":"max-snippet:-1","max-image-preview":"max-image-preview:large","max-video-preview":"max-video-preview:-1"},"canonical":"https:\/\/patagoniambiental.com.ar\/info\/este-inmenso-iceberg-se-desprendera-en-la-antartida\/","og_locale":"es_ES","og_type":"article","og_title":"Este inmenso iceberg se desprender\u00e1 en la Ant\u00e1rtida","og_description":"Ant\u00e1rtida.-Un inmenso iceberg, que se estima es uno de los mayores registrados con un \u00e1rea casi del tama\u00f1o de la [&hellip;]","og_url":"https:\/\/patagoniambiental.com.ar\/info\/este-inmenso-iceberg-se-desprendera-en-la-antartida\/","og_site_name":"Patagonia Ambiental","article_publisher":"https:\/\/www.facebook.com\/patagonia.ambiental","article_author":"https:\/\/www.facebook.com\/share\/1C1V8Gv9BX\/?mibextid=qi2Omg","article_published_time":"2017-05-04T12:22:22+00:00","og_image":[{"width":980,"height":647,"url":"https:\/\/patagoniambiental.com.ar\/info\/wp-content\/uploads\/2017\/05\/3504.png","type":"image\/png"}],"author":"Patagonia Ambiental","twitter_card":"summary_large_image","twitter_creator":"@PatAmb","twitter_site":"@PatAmb","schema":{"@context":"https:\/\/schema.org","@graph":[{"@type":"Article","@id":"https:\/\/patagoniambiental.com.ar\/info\/este-inmenso-iceberg-se-desprendera-en-la-antartida\/#article","isPartOf":{"@id":"https:\/\/patagoniambiental.com.ar\/info\/este-inmenso-iceberg-se-desprendera-en-la-antartida\/"},"author":{"name":"Patagonia Ambiental","@id":"https:\/\/patagoniambiental.com.ar\/info\/#\/schema\/person\/db12bff64bbcbf6a253710bf0ea37b5d"},"headline":"Este inmenso iceberg se desprender\u00e1 en la Ant\u00e1rtida","datePublished":"2017-05-04T12:22:22+00:00","mainEntityOfPage":{"@id":"https:\/\/patagoniambiental.com.ar\/info\/este-inmenso-iceberg-se-desprendera-en-la-antartida\/"},"wordCount":409,"commentCount":0,"publisher":{"@id":"https:\/\/patagoniambiental.com.ar\/info\/#organization"},"image":{"@id":"https:\/\/patagoniambiental.com.ar\/info\/este-inmenso-iceberg-se-desprendera-en-la-antartida\/#primaryimage"},"thumbnailUrl":"https:\/\/patagoniambiental.com.ar\/info\/wp-content\/uploads\/2017\/05\/3504.png","articleSection":["Internacionales","Noticias"],"inLanguage":"es","potentialAction":[{"@type":"CommentAction","name":"Comment","target":["https:\/\/patagoniambiental.com.ar\/info\/este-inmenso-iceberg-se-desprendera-en-la-antartida\/#respond"]}]},{"@type":"WebPage","@id":"https:\/\/patagoniambiental.com.ar\/info\/este-inmenso-iceberg-se-desprendera-en-la-antartida\/","url":"https:\/\/patagoniambiental.com.ar\/info\/este-inmenso-iceberg-se-desprendera-en-la-antartida\/","name":"Este inmenso iceberg se desprender\u00e1 en la Ant\u00e1rtida","isPartOf":{"@id":"https:\/\/patagoniambiental.com.ar\/info\/#website"},"primaryImageOfPage":{"@id":"https:\/\/patagoniambiental.com.ar\/info\/este-inmenso-iceberg-se-desprendera-en-la-antartida\/#primaryimage"},"image":{"@id":"https:\/\/patagoniambiental.com.ar\/info\/este-inmenso-iceberg-se-desprendera-en-la-antartida\/#primaryimage"},"thumbnailUrl":"https:\/\/patagoniambiental.com.ar\/info\/wp-content\/uploads\/2017\/05\/3504.png","datePublished":"2017-05-04T12:22:22+00:00","breadcrumb":{"@id":"https:\/\/patagoniambiental.com.ar\/info\/este-inmenso-iceberg-se-desprendera-en-la-antartida\/#breadcrumb"},"inLanguage":"es","potentialAction":[{"@type":"ReadAction","target":["https:\/\/patagoniambiental.com.ar\/info\/este-inmenso-iceberg-se-desprendera-en-la-antartida\/"]}]},{"@type":"ImageObject","inLanguage":"es","@id":"https:\/\/patagoniambiental.com.ar\/info\/este-inmenso-iceberg-se-desprendera-en-la-antartida\/#primaryimage","url":"https:\/\/patagoniambiental.com.ar\/info\/wp-content\/uploads\/2017\/05\/3504.png","contentUrl":"https:\/\/patagoniambiental.com.ar\/info\/wp-content\/uploads\/2017\/05\/3504.png","width":980,"height":647},{"@type":"BreadcrumbList","@id":"https:\/\/patagoniambiental.com.ar\/info\/este-inmenso-iceberg-se-desprendera-en-la-antartida\/#breadcrumb","itemListElement":[{"@type":"ListItem","position":1,"name":"Inicio","item":"https:\/\/patagoniambiental.com.ar\/info\/"},{"@type":"ListItem","position":2,"name":"Este inmenso iceberg se desprender\u00e1 en la Ant\u00e1rtida"}]},{"@type":"WebSite","@id":"https:\/\/patagoniambiental.com.ar\/info\/#website","url":"https:\/\/patagoniambiental.com.ar\/info\/","name":"Patagonia Ambiental","description":"Monitoreo y an\u00e1lisis de la situaci\u00f3n geopol\u00edtica en el mundo y su implicancia en la Patagonia","publisher":{"@id":"https:\/\/patagoniambiental.com.ar\/info\/#organization"},"potentialAction":[{"@type":"SearchAction","target":{"@type":"EntryPoint","urlTemplate":"https:\/\/patagoniambiental.com.ar\/info\/?s={search_term_string}"},"query-input":{"@type":"PropertyValueSpecification","valueRequired":true,"valueName":"search_term_string"}}],"inLanguage":"es"},{"@type":"Organization","@id":"https:\/\/patagoniambiental.com.ar\/info\/#organization","name":"Patagonia Ambiental","url":"https:\/\/patagoniambiental.com.ar\/info\/","logo":{"@type":"ImageObject","inLanguage":"es","@id":"https:\/\/patagoniambiental.com.ar\/info\/#\/schema\/logo\/image\/","url":"https:\/\/patagoniambiental.com.ar\/info\/wp-content\/uploads\/2025\/05\/LOGO-PATAGONIA-AMBIENTAL.png","contentUrl":"https:\/\/patagoniambiental.com.ar\/info\/wp-content\/uploads\/2025\/05\/LOGO-PATAGONIA-AMBIENTAL.png","width":433,"height":250,"caption":"Patagonia Ambiental"},"image":{"@id":"https:\/\/patagoniambiental.com.ar\/info\/#\/schema\/logo\/image\/"},"sameAs":["https:\/\/www.facebook.com\/patagonia.ambiental","https:\/\/x.com\/PatAmb"]},{"@type":"Person","@id":"https:\/\/patagoniambiental.com.ar\/info\/#\/schema\/person\/db12bff64bbcbf6a253710bf0ea37b5d","name":"Patagonia Ambiental","description":"Andr\u00e9s Nievas T\u00e9cnico en manejo ambiental, consultor Ambiental y escritor para medios locales e internacionales sobre temas de geopolitica y medio ambiente.","sameAs":["http:\/\/www.patagoniambiental.com.ar","https:\/\/www.facebook.com\/share\/1C1V8Gv9BX\/?mibextid=qi2Omg","@patagoniambiental","https:\/\/youtube.com\/@patagoniaambiental2023?si=BLt58t0wuXquxlYZ"]}]}},"_links":{"self":[{"href":"https:\/\/patagoniambiental.com.ar\/info\/wp-json\/wp\/v2\/posts\/28543","targetHints":{"allow":["GET"]}}],"collection":[{"href":"https:\/\/patagoniambiental.com.ar\/info\/wp-json\/wp\/v2\/posts"}],"about":[{"href":"https:\/\/patagoniambiental.com.ar\/info\/wp-json\/wp\/v2\/types\/post"}],"author":[{"embeddable":true,"href":"https:\/\/patagoniambiental.com.ar\/info\/wp-json\/wp\/v2\/users\/2"}],"replies":[{"embeddable":true,"href":"https:\/\/patagoniambiental.com.ar\/info\/wp-json\/wp\/v2\/comments?post=28543"}],"version-history":[{"count":0,"href":"https:\/\/patagoniambiental.com.ar\/info\/wp-json\/wp\/v2\/posts\/28543\/revisions"}],"wp:featuredmedia":[{"embeddable":true,"href":"https:\/\/patagoniambiental.com.ar\/info\/wp-json\/wp\/v2\/media\/28544"}],"wp:attachment":[{"href":"https:\/\/patagoniambiental.com.ar\/info\/wp-json\/wp\/v2\/media?parent=28543"}],"wp:term":[{"taxonomy":"category","embeddable":true,"href":"https:\/\/patagoniambiental.com.ar\/info\/wp-json\/wp\/v2\/categories?post=28543"},{"taxonomy":"post_tag","embeddable":true,"href":"https:\/\/patagoniambiental.com.ar\/info\/wp-json\/wp\/v2\/tags?post=28543"}],"curies":[{"name":"wp","href":"https:\/\/api.w.org\/{rel}","templated":true}]}}