{"id":28604,"date":"2017-05-05T09:00:57","date_gmt":"2017-05-05T12:00:57","guid":{"rendered":"http:\/\/patagoniambiental.com.ar\/info\/?p=28604"},"modified":"2017-05-05T02:50:47","modified_gmt":"2017-05-05T05:50:47","slug":"quedo-inaugurado-el-congreso-patagonico-de-derecho-ambiental-en-bariloche","status":"publish","type":"post","link":"https:\/\/patagoniambiental.com.ar\/info\/quedo-inaugurado-el-congreso-patagonico-de-derecho-ambiental-en-bariloche\/","title":{"rendered":"Qued\u00f3 inaugurado el Congreso Patag\u00f3nico de Derecho Ambiental en Bariloche"},"content":{"rendered":"<div class=\"entry-content\">\n<p>BARILOCHE.- Con la presencia del Presidente de la Corte Suprema de Justicia de la Naci\u00f3n Dr. Ricardo Lorenzetti, comenz\u00f3 en Bariloche el Congreso Patag\u00f3nico de Derecho Ambiental, organizado por el Foro Patag\u00f3nico de Superiores Tribunales de Justicia.<\/p>\n<p>Esta actividad re\u00fane a juristas y especialistas de todo el pa\u00eds, se lleva a cabo en el auditorio del hotel Inacayal y se extender\u00e1 hasta ma\u00f1ana viernes al mediod\u00eda, oportunidad en la que expondr\u00e1 la catedr\u00e1tica A\u00edda Kemelmajer de Carlucci, reconocida jurista y premio Konex en Ciencias Sociales.<\/p>\n<p>En la apertura del congreso el presidente subrogante del Superior Tribunal de Justicia de R\u00edo Negro, Enrique Mansilla, dio la bienvenida a los participantes y tuvo palabras de agradecimiento para el Foro Patag\u00f3nico de Superiores Tribunales y espec\u00edficamente en los vocales de los tribunales superiores de Santa Cruz y R\u00edo Negro, Enrique Peretti y Sergio Barotto atento el esfuerzo que requiere un encuentro de estas caracter\u00edsticas.<\/p>\n<p>\u201cCelebro la presencia de legisladores, concejales, miembros de asociaciones ambientalistas, ciudadanos, ya que la tem\u00e1tica ambiental nos involucra a todos\u201d, se\u00f1al\u00f3. Breg\u00f3 por ser protagonistas de la preservaci\u00f3n del medio ambiente e invit\u00f3 a los presentes a participar de una escucha activa y efectiva.<\/p>\n<p>Por su parte el juez del TSJ santacruce\u00f1o, Enrique Peretti, destac\u00f3 la necesidad de hablar del Derecho Ambiental en una perspectiva de futuro, toda vez que es un tema central que se ha instalado en la cotidianeidad e inst\u00f3 al compromiso de las instituciones jur\u00eddicas y de la ciudadan\u00eda.<\/p>\n<p>Finalmente, el juez Sergio Barotto agradeci\u00f3 la presencia de destacados especialistas y record\u00f3 que la ecolog\u00eda y el medio ambiente son temas que han acompa\u00f1ado a la humanidad a lo largo de la historia y hoy tiene especial relevancia.<\/p>\n<p>Conferencia Magistral<\/p>\n<p>El Presidente de la Corte Suprema de Justicia de la Naci\u00f3, Ricardo Lorenzetti, comenz\u00f3 su alocuci\u00f3n agradeciendo la oportunidad de estar en este encuentro donde se debatir\u00e1 sobre Derecho Ambiental. Hizo menci\u00f3n a los diversos \u00e1mbitos en los que se han reunido en nuestro pa\u00eds juristas y especialistas, todos necesarios y fundantes. En este marco destac\u00f3 el encuentro realizado en Calafate con la creaci\u00f3n del Instituto \u201cEl Derecho por un Planeta Verde Argentina\u201d, el fallo de la Corte por la situaci\u00f3n del Riachuelo en Buenos Aires, la participaci\u00f3n en Brasil ante la grave situaci\u00f3n por 70 millones de hect\u00e1reas deforestadas. Destac\u00f3 adem\u00e1s que la Corte es embajadora ambiental ante la OEA.<\/p>\n<p>Resalt\u00f3 en su alocuci\u00f3n que hoy m\u00e1s que nunca el derecho ambiental debe tener especial relevancia, ya que \u201clas perspectivas no son buenas\u201d.<\/p>\n<p>\u201cEl mundo est\u00e1 retrocediendo, el tema ambiental no figura en las agendas. Junto a los conflictos religiosos, los temas ambientales son parte de los grandes conflictos del mundo\u201d. En este sentido se\u00f1al\u00f3 la necesidad de muchos pueblos del mundo de contar con agua potable. \u201cEn el futuro ser\u00e1 uno de los grandes conflictos, junto a otro tema enorme como es la \u201ceconom\u00eda del post-consumo\u201d es decir los residuos, la basura , otro tema que necesita especial tratamiento. Es un gran problema, pero es una gran oportunidad\u201d, destac\u00f3.<\/p>\n<p>\u201cEs un error negar el tema\u201d, se\u00f1al\u00f3 el titular del m\u00e1ximo tribunal de la Naci\u00f3n, citando como ejemplo a China, que tiene hoy graves problemas en su medio ambiente que se traslada a la salud de su poblaci\u00f3n. \u201cEs un tema que debe tratarse en cada barrio, en cada pueblo, a todos nos ata\u00f1e\u201d, agreg\u00f3.<\/p>\n<p>Dese el punto jur\u00eddico consider\u00f3 que uno de los puntos centrales a resolver ser\u00e1 la definici\u00f3n de \u201cclase\u201d, especialmente en temas que incumben a colectivos. En causas judiciales debe necesariamente definirse a la causa como una cuesti\u00f3n de identificaci\u00f3n, un asunto que los afecta y los identifica, explic\u00f3.<\/p>\n<p>En segundo t\u00e9rmino consign\u00f3 a los bienes colectivos. En este marco se\u00f1al\u00f3 que son bienes a proteger, bienes comunes. A modo de ejemplo se\u00f1al\u00f3 en una audiencia p\u00fablica, los vecinos afectados tienen legitimaci\u00f3n para actuar. Sobre todo porque es un bien colectivo.<\/p>\n<p>Finalmente el Magistrado breg\u00f3 por el trabajo interdisciplinario: \u201cescuchar a todas las voces\u201d y luego tomar la decisi\u00f3n. En este marco consider\u00f3 a la audiencia p\u00fablica como herramienta fundamental.<\/p>\n<p>Consider\u00f3 que hay que diferenciar entre procesos cautelares y procesos urgentes. Se\u00f1al\u00f3 dos fallos fundamentales en la jurisprudencia argentina: el relacionado a la situaci\u00f3n del Riachuelo y el denominado juicio Badaro, que exhort\u00f3 al congreso a legislar sobre la movilidad de los jubilados, En ese caso para cumplir los objetivos tuvieron que reformular la pol\u00edtica.<\/p>\n<p>Procesos colectivos<\/p>\n<p>El presidente de la CSJN se pregunt\u00f3: \u201c\u00bfC\u00f3mo debemos entender el ambiente? El ambiente es un sistema y como tal tiene que tener un equilibrio\u201d. Agreg\u00f3 que es tan sofisticado que muchas veces no se entiende, es un tema que es recurrente a lo largo del mundo, El urbanismo debe cuidar el ambiente y en este sentido los Poderes Judiciales pueden ayudar mucho.<\/p>\n<p>Desarrollo y Ambiente<\/p>\n<p>El Presidente de la Corte insisti\u00f3 en resaltar que estamos retrocediendo culturalmente, toda vez que se promueve el desarrollo y se menoscaba la naturaleza.<\/p>\n<p>Como ejemplo cit\u00f3 la deforestaci\u00f3n del norte santafecino y en el mundo las poblaciones que migran porque no hay condiciones ambientales dignas. \u201cDebemos luchar por un desarrollo sustentable Cuando hay litigio, se recurre a la justicia, pero debemos defender tambi\u00e9n la independencia de poderes\u201d, consign\u00f3.<\/p>\n<\/div>\n<p>Fuente: APP Noticias<\/p>\n","protected":false},"excerpt":{"rendered":"<p>BARILOCHE.- Con la presencia del Presidente de la Corte Suprema de Justicia de la Naci\u00f3n Dr. Ricardo Lorenzetti, comenz\u00f3 en [&hellip;]<\/p>\n","protected":false},"author":2,"featured_media":28605,"comment_status":"open","ping_status":"open","sticky":false,"template":"","format":"standard","meta":{"site-sidebar-layout":"default","site-content-layout":"","ast-site-content-layout":"default","site-content-style":"default","site-sidebar-style":"default","ast-global-header-display":"","ast-banner-title-visibility":"","ast-main-header-display":"","ast-hfb-above-header-display":"","ast-hfb-below-header-display":"","ast-hfb-mobile-header-display":"","site-post-title":"","ast-breadcrumbs-content":"","ast-featured-img":"","footer-sml-layout":"","ast-disable-related-posts":"","theme-transparent-header-meta":"","adv-header-id-meta":"","stick-header-meta":"","header-above-stick-meta":"","header-main-stick-meta":"","header-below-stick-meta":"","astra-migrate-meta-layouts":"default","ast-page-background-enabled":"default","ast-page-background-meta":{"desktop":{"background-color":"var(--ast-global-color-5)","background-image":"","background-repeat":"repeat","background-position":"center center","background-size":"auto","background-attachment":"scroll","background-type":"","background-media":"","overlay-type":"","overlay-color":"","overlay-opacity":"","overlay-gradient":""},"tablet":{"background-color":"","background-image":"","background-repeat":"repeat","background-position":"center center","background-size":"auto","background-attachment":"scroll","background-type":"","background-media":"","overlay-type":"","overlay-color":"","overlay-opacity":"","overlay-gradient":""},"mobile":{"background-color":"","background-image":"","background-repeat":"repeat","background-position":"center center","background-size":"auto","background-attachment":"scroll","background-type":"","background-media":"","overlay-type":"","overlay-color":"","overlay-opacity":"","overlay-gradient":""}},"ast-content-background-meta":{"desktop":{"background-color":"var(--ast-global-color-4)","background-image":"","background-repeat":"repeat","background-position":"center center","background-size":"auto","background-attachment":"scroll","background-type":"","background-media":"","overlay-type":"","overlay-color":"","overlay-opacity":"","overlay-gradient":""},"tablet":{"background-color":"var(--ast-global-color-4)","background-image":"","background-repeat":"repeat","background-position":"center center","background-size":"auto","background-attachment":"scroll","background-type":"","background-media":"","overlay-type":"","overlay-color":"","overlay-opacity":"","overlay-gradient":""},"mobile":{"background-color":"var(--ast-global-color-4)","background-image":"","background-repeat":"repeat","background-position":"center center","background-size":"auto","background-attachment":"scroll","background-type":"","background-media":"","overlay-type":"","overlay-color":"","overlay-opacity":"","overlay-gradient":""}},"footnotes":""},"categories":[11,19,1,10],"tags":[],"class_list":["post-28604","post","type-post","status-publish","format-standard","has-post-thumbnail","hentry","category-boletin","category-nacionales","category-noticias","category-rotador"],"yoast_head":"<!-- This site is optimized with the Yoast SEO Premium plugin v23.0 (Yoast SEO v27.5) - https:\/\/yoast.com\/product\/yoast-seo-premium-wordpress\/ -->\n<title>Qued\u00f3 inaugurado el Congreso Patag\u00f3nico de Derecho Ambiental en Bariloche<\/title>\n<meta name=\"robots\" content=\"index, follow, max-snippet:-1, max-image-preview:large, max-video-preview:-1\" \/>\n<link rel=\"canonical\" href=\"https:\/\/patagoniambiental.com.ar\/info\/quedo-inaugurado-el-congreso-patagonico-de-derecho-ambiental-en-bariloche\/\" \/>\n<meta property=\"og:locale\" content=\"es_ES\" \/>\n<meta property=\"og:type\" content=\"article\" \/>\n<meta property=\"og:title\" content=\"Qued\u00f3 inaugurado el Congreso Patag\u00f3nico de Derecho Ambiental en Bariloche\" \/>\n<meta property=\"og:description\" content=\"BARILOCHE.- Con la presencia del Presidente de la Corte Suprema de Justicia de la Naci\u00f3n Dr. Ricardo Lorenzetti, comenz\u00f3 en [&hellip;]\" \/>\n<meta property=\"og:url\" content=\"https:\/\/patagoniambiental.com.ar\/info\/quedo-inaugurado-el-congreso-patagonico-de-derecho-ambiental-en-bariloche\/\" \/>\n<meta property=\"og:site_name\" content=\"Patagonia Ambiental\" \/>\n<meta property=\"article:publisher\" content=\"https:\/\/www.facebook.com\/patagonia.ambiental\" \/>\n<meta property=\"article:author\" content=\"https:\/\/www.facebook.com\/share\/1C1V8Gv9BX\/?mibextid=qi2Omg\" \/>\n<meta property=\"article:published_time\" content=\"2017-05-05T12:00:57+00:00\" \/>\n<meta property=\"og:image\" content=\"https:\/\/patagoniambiental.com.ar\/info\/wp-content\/uploads\/2017\/05\/Mansilla-752x440.jpg\" \/>\n\t<meta property=\"og:image:width\" content=\"752\" \/>\n\t<meta property=\"og:image:height\" content=\"440\" \/>\n\t<meta property=\"og:image:type\" content=\"image\/jpeg\" \/>\n<meta name=\"author\" content=\"Patagonia Ambiental\" \/>\n<meta name=\"twitter:card\" content=\"summary_large_image\" \/>\n<meta name=\"twitter:creator\" content=\"@PatAmb\" \/>\n<meta name=\"twitter:site\" content=\"@PatAmb\" \/>\n<script type=\"application\/ld+json\" class=\"yoast-schema-graph\">{\"@context\":\"https:\\\/\\\/schema.org\",\"@graph\":[{\"@type\":\"Article\",\"@id\":\"https:\\\/\\\/patagoniambiental.com.ar\\\/info\\\/quedo-inaugurado-el-congreso-patagonico-de-derecho-ambiental-en-bariloche\\\/#article\",\"isPartOf\":{\"@id\":\"https:\\\/\\\/patagoniambiental.com.ar\\\/info\\\/quedo-inaugurado-el-congreso-patagonico-de-derecho-ambiental-en-bariloche\\\/\"},\"author\":{\"name\":\"Patagonia Ambiental\",\"@id\":\"https:\\\/\\\/patagoniambiental.com.ar\\\/info\\\/#\\\/schema\\\/person\\\/db12bff64bbcbf6a253710bf0ea37b5d\"},\"headline\":\"Qued\u00f3 inaugurado el Congreso Patag\u00f3nico de Derecho Ambiental en Bariloche\",\"datePublished\":\"2017-05-05T12:00:57+00:00\",\"mainEntityOfPage\":{\"@id\":\"https:\\\/\\\/patagoniambiental.com.ar\\\/info\\\/quedo-inaugurado-el-congreso-patagonico-de-derecho-ambiental-en-bariloche\\\/\"},\"wordCount\":942,\"commentCount\":0,\"publisher\":{\"@id\":\"https:\\\/\\\/patagoniambiental.com.ar\\\/info\\\/#organization\"},\"image\":{\"@id\":\"https:\\\/\\\/patagoniambiental.com.ar\\\/info\\\/quedo-inaugurado-el-congreso-patagonico-de-derecho-ambiental-en-bariloche\\\/#primaryimage\"},\"thumbnailUrl\":\"https:\\\/\\\/patagoniambiental.com.ar\\\/info\\\/wp-content\\\/uploads\\\/2017\\\/05\\\/Mansilla-752x440.jpg\",\"articleSection\":[\"Bolet\u00edn\",\"Nacionales\",\"Noticias\",\"Rotador\"],\"inLanguage\":\"es\",\"potentialAction\":[{\"@type\":\"CommentAction\",\"name\":\"Comment\",\"target\":[\"https:\\\/\\\/patagoniambiental.com.ar\\\/info\\\/quedo-inaugurado-el-congreso-patagonico-de-derecho-ambiental-en-bariloche\\\/#respond\"]}]},{\"@type\":\"WebPage\",\"@id\":\"https:\\\/\\\/patagoniambiental.com.ar\\\/info\\\/quedo-inaugurado-el-congreso-patagonico-de-derecho-ambiental-en-bariloche\\\/\",\"url\":\"https:\\\/\\\/patagoniambiental.com.ar\\\/info\\\/quedo-inaugurado-el-congreso-patagonico-de-derecho-ambiental-en-bariloche\\\/\",\"name\":\"Qued\u00f3 inaugurado el Congreso Patag\u00f3nico de Derecho Ambiental en Bariloche\",\"isPartOf\":{\"@id\":\"https:\\\/\\\/patagoniambiental.com.ar\\\/info\\\/#website\"},\"primaryImageOfPage\":{\"@id\":\"https:\\\/\\\/patagoniambiental.com.ar\\\/info\\\/quedo-inaugurado-el-congreso-patagonico-de-derecho-ambiental-en-bariloche\\\/#primaryimage\"},\"image\":{\"@id\":\"https:\\\/\\\/patagoniambiental.com.ar\\\/info\\\/quedo-inaugurado-el-congreso-patagonico-de-derecho-ambiental-en-bariloche\\\/#primaryimage\"},\"thumbnailUrl\":\"https:\\\/\\\/patagoniambiental.com.ar\\\/info\\\/wp-content\\\/uploads\\\/2017\\\/05\\\/Mansilla-752x440.jpg\",\"datePublished\":\"2017-05-05T12:00:57+00:00\",\"breadcrumb\":{\"@id\":\"https:\\\/\\\/patagoniambiental.com.ar\\\/info\\\/quedo-inaugurado-el-congreso-patagonico-de-derecho-ambiental-en-bariloche\\\/#breadcrumb\"},\"inLanguage\":\"es\",\"potentialAction\":[{\"@type\":\"ReadAction\",\"target\":[\"https:\\\/\\\/patagoniambiental.com.ar\\\/info\\\/quedo-inaugurado-el-congreso-patagonico-de-derecho-ambiental-en-bariloche\\\/\"]}]},{\"@type\":\"ImageObject\",\"inLanguage\":\"es\",\"@id\":\"https:\\\/\\\/patagoniambiental.com.ar\\\/info\\\/quedo-inaugurado-el-congreso-patagonico-de-derecho-ambiental-en-bariloche\\\/#primaryimage\",\"url\":\"https:\\\/\\\/patagoniambiental.com.ar\\\/info\\\/wp-content\\\/uploads\\\/2017\\\/05\\\/Mansilla-752x440.jpg\",\"contentUrl\":\"https:\\\/\\\/patagoniambiental.com.ar\\\/info\\\/wp-content\\\/uploads\\\/2017\\\/05\\\/Mansilla-752x440.jpg\",\"width\":752,\"height\":440},{\"@type\":\"BreadcrumbList\",\"@id\":\"https:\\\/\\\/patagoniambiental.com.ar\\\/info\\\/quedo-inaugurado-el-congreso-patagonico-de-derecho-ambiental-en-bariloche\\\/#breadcrumb\",\"itemListElement\":[{\"@type\":\"ListItem\",\"position\":1,\"name\":\"Inicio\",\"item\":\"https:\\\/\\\/patagoniambiental.com.ar\\\/info\\\/\"},{\"@type\":\"ListItem\",\"position\":2,\"name\":\"Qued\u00f3 inaugurado el Congreso Patag\u00f3nico de Derecho Ambiental en Bariloche\"}]},{\"@type\":\"WebSite\",\"@id\":\"https:\\\/\\\/patagoniambiental.com.ar\\\/info\\\/#website\",\"url\":\"https:\\\/\\\/patagoniambiental.com.ar\\\/info\\\/\",\"name\":\"Patagonia Ambiental\",\"description\":\"Monitoreo y an\u00e1lisis de la situaci\u00f3n geopol\u00edtica en el mundo y su implicancia en la Patagonia\",\"publisher\":{\"@id\":\"https:\\\/\\\/patagoniambiental.com.ar\\\/info\\\/#organization\"},\"potentialAction\":[{\"@type\":\"SearchAction\",\"target\":{\"@type\":\"EntryPoint\",\"urlTemplate\":\"https:\\\/\\\/patagoniambiental.com.ar\\\/info\\\/?s={search_term_string}\"},\"query-input\":{\"@type\":\"PropertyValueSpecification\",\"valueRequired\":true,\"valueName\":\"search_term_string\"}}],\"inLanguage\":\"es\"},{\"@type\":\"Organization\",\"@id\":\"https:\\\/\\\/patagoniambiental.com.ar\\\/info\\\/#organization\",\"name\":\"Patagonia Ambiental\",\"url\":\"https:\\\/\\\/patagoniambiental.com.ar\\\/info\\\/\",\"logo\":{\"@type\":\"ImageObject\",\"inLanguage\":\"es\",\"@id\":\"https:\\\/\\\/patagoniambiental.com.ar\\\/info\\\/#\\\/schema\\\/logo\\\/image\\\/\",\"url\":\"https:\\\/\\\/patagoniambiental.com.ar\\\/info\\\/wp-content\\\/uploads\\\/2025\\\/05\\\/LOGO-PATAGONIA-AMBIENTAL.png\",\"contentUrl\":\"https:\\\/\\\/patagoniambiental.com.ar\\\/info\\\/wp-content\\\/uploads\\\/2025\\\/05\\\/LOGO-PATAGONIA-AMBIENTAL.png\",\"width\":433,\"height\":250,\"caption\":\"Patagonia Ambiental\"},\"image\":{\"@id\":\"https:\\\/\\\/patagoniambiental.com.ar\\\/info\\\/#\\\/schema\\\/logo\\\/image\\\/\"},\"sameAs\":[\"https:\\\/\\\/www.facebook.com\\\/patagonia.ambiental\",\"https:\\\/\\\/x.com\\\/PatAmb\"]},{\"@type\":\"Person\",\"@id\":\"https:\\\/\\\/patagoniambiental.com.ar\\\/info\\\/#\\\/schema\\\/person\\\/db12bff64bbcbf6a253710bf0ea37b5d\",\"name\":\"Patagonia Ambiental\",\"description\":\"Andr\u00e9s Nievas T\u00e9cnico en manejo ambiental, consultor Ambiental y escritor para medios locales e internacionales sobre temas de geopolitica y medio ambiente.\",\"sameAs\":[\"http:\\\/\\\/www.patagoniambiental.com.ar\",\"https:\\\/\\\/www.facebook.com\\\/share\\\/1C1V8Gv9BX\\\/?mibextid=qi2Omg\",\"@patagoniambiental\",\"https:\\\/\\\/youtube.com\\\/@patagoniaambiental2023?si=BLt58t0wuXquxlYZ\"]}]}<\/script>\n<!-- \/ Yoast SEO Premium plugin. -->","yoast_head_json":{"title":"Qued\u00f3 inaugurado el Congreso Patag\u00f3nico de Derecho Ambiental en Bariloche","robots":{"index":"index","follow":"follow","max-snippet":"max-snippet:-1","max-image-preview":"max-image-preview:large","max-video-preview":"max-video-preview:-1"},"canonical":"https:\/\/patagoniambiental.com.ar\/info\/quedo-inaugurado-el-congreso-patagonico-de-derecho-ambiental-en-bariloche\/","og_locale":"es_ES","og_type":"article","og_title":"Qued\u00f3 inaugurado el Congreso Patag\u00f3nico de Derecho Ambiental en Bariloche","og_description":"BARILOCHE.- Con la presencia del Presidente de la Corte Suprema de Justicia de la Naci\u00f3n Dr. Ricardo Lorenzetti, comenz\u00f3 en [&hellip;]","og_url":"https:\/\/patagoniambiental.com.ar\/info\/quedo-inaugurado-el-congreso-patagonico-de-derecho-ambiental-en-bariloche\/","og_site_name":"Patagonia Ambiental","article_publisher":"https:\/\/www.facebook.com\/patagonia.ambiental","article_author":"https:\/\/www.facebook.com\/share\/1C1V8Gv9BX\/?mibextid=qi2Omg","article_published_time":"2017-05-05T12:00:57+00:00","og_image":[{"width":752,"height":440,"url":"https:\/\/patagoniambiental.com.ar\/info\/wp-content\/uploads\/2017\/05\/Mansilla-752x440.jpg","type":"image\/jpeg"}],"author":"Patagonia Ambiental","twitter_card":"summary_large_image","twitter_creator":"@PatAmb","twitter_site":"@PatAmb","schema":{"@context":"https:\/\/schema.org","@graph":[{"@type":"Article","@id":"https:\/\/patagoniambiental.com.ar\/info\/quedo-inaugurado-el-congreso-patagonico-de-derecho-ambiental-en-bariloche\/#article","isPartOf":{"@id":"https:\/\/patagoniambiental.com.ar\/info\/quedo-inaugurado-el-congreso-patagonico-de-derecho-ambiental-en-bariloche\/"},"author":{"name":"Patagonia Ambiental","@id":"https:\/\/patagoniambiental.com.ar\/info\/#\/schema\/person\/db12bff64bbcbf6a253710bf0ea37b5d"},"headline":"Qued\u00f3 inaugurado el Congreso Patag\u00f3nico de Derecho Ambiental en Bariloche","datePublished":"2017-05-05T12:00:57+00:00","mainEntityOfPage":{"@id":"https:\/\/patagoniambiental.com.ar\/info\/quedo-inaugurado-el-congreso-patagonico-de-derecho-ambiental-en-bariloche\/"},"wordCount":942,"commentCount":0,"publisher":{"@id":"https:\/\/patagoniambiental.com.ar\/info\/#organization"},"image":{"@id":"https:\/\/patagoniambiental.com.ar\/info\/quedo-inaugurado-el-congreso-patagonico-de-derecho-ambiental-en-bariloche\/#primaryimage"},"thumbnailUrl":"https:\/\/patagoniambiental.com.ar\/info\/wp-content\/uploads\/2017\/05\/Mansilla-752x440.jpg","articleSection":["Bolet\u00edn","Nacionales","Noticias","Rotador"],"inLanguage":"es","potentialAction":[{"@type":"CommentAction","name":"Comment","target":["https:\/\/patagoniambiental.com.ar\/info\/quedo-inaugurado-el-congreso-patagonico-de-derecho-ambiental-en-bariloche\/#respond"]}]},{"@type":"WebPage","@id":"https:\/\/patagoniambiental.com.ar\/info\/quedo-inaugurado-el-congreso-patagonico-de-derecho-ambiental-en-bariloche\/","url":"https:\/\/patagoniambiental.com.ar\/info\/quedo-inaugurado-el-congreso-patagonico-de-derecho-ambiental-en-bariloche\/","name":"Qued\u00f3 inaugurado el Congreso Patag\u00f3nico de Derecho Ambiental en Bariloche","isPartOf":{"@id":"https:\/\/patagoniambiental.com.ar\/info\/#website"},"primaryImageOfPage":{"@id":"https:\/\/patagoniambiental.com.ar\/info\/quedo-inaugurado-el-congreso-patagonico-de-derecho-ambiental-en-bariloche\/#primaryimage"},"image":{"@id":"https:\/\/patagoniambiental.com.ar\/info\/quedo-inaugurado-el-congreso-patagonico-de-derecho-ambiental-en-bariloche\/#primaryimage"},"thumbnailUrl":"https:\/\/patagoniambiental.com.ar\/info\/wp-content\/uploads\/2017\/05\/Mansilla-752x440.jpg","datePublished":"2017-05-05T12:00:57+00:00","breadcrumb":{"@id":"https:\/\/patagoniambiental.com.ar\/info\/quedo-inaugurado-el-congreso-patagonico-de-derecho-ambiental-en-bariloche\/#breadcrumb"},"inLanguage":"es","potentialAction":[{"@type":"ReadAction","target":["https:\/\/patagoniambiental.com.ar\/info\/quedo-inaugurado-el-congreso-patagonico-de-derecho-ambiental-en-bariloche\/"]}]},{"@type":"ImageObject","inLanguage":"es","@id":"https:\/\/patagoniambiental.com.ar\/info\/quedo-inaugurado-el-congreso-patagonico-de-derecho-ambiental-en-bariloche\/#primaryimage","url":"https:\/\/patagoniambiental.com.ar\/info\/wp-content\/uploads\/2017\/05\/Mansilla-752x440.jpg","contentUrl":"https:\/\/patagoniambiental.com.ar\/info\/wp-content\/uploads\/2017\/05\/Mansilla-752x440.jpg","width":752,"height":440},{"@type":"BreadcrumbList","@id":"https:\/\/patagoniambiental.com.ar\/info\/quedo-inaugurado-el-congreso-patagonico-de-derecho-ambiental-en-bariloche\/#breadcrumb","itemListElement":[{"@type":"ListItem","position":1,"name":"Inicio","item":"https:\/\/patagoniambiental.com.ar\/info\/"},{"@type":"ListItem","position":2,"name":"Qued\u00f3 inaugurado el Congreso Patag\u00f3nico de Derecho Ambiental en Bariloche"}]},{"@type":"WebSite","@id":"https:\/\/patagoniambiental.com.ar\/info\/#website","url":"https:\/\/patagoniambiental.com.ar\/info\/","name":"Patagonia Ambiental","description":"Monitoreo y an\u00e1lisis de la situaci\u00f3n geopol\u00edtica en el mundo y su implicancia en la Patagonia","publisher":{"@id":"https:\/\/patagoniambiental.com.ar\/info\/#organization"},"potentialAction":[{"@type":"SearchAction","target":{"@type":"EntryPoint","urlTemplate":"https:\/\/patagoniambiental.com.ar\/info\/?s={search_term_string}"},"query-input":{"@type":"PropertyValueSpecification","valueRequired":true,"valueName":"search_term_string"}}],"inLanguage":"es"},{"@type":"Organization","@id":"https:\/\/patagoniambiental.com.ar\/info\/#organization","name":"Patagonia Ambiental","url":"https:\/\/patagoniambiental.com.ar\/info\/","logo":{"@type":"ImageObject","inLanguage":"es","@id":"https:\/\/patagoniambiental.com.ar\/info\/#\/schema\/logo\/image\/","url":"https:\/\/patagoniambiental.com.ar\/info\/wp-content\/uploads\/2025\/05\/LOGO-PATAGONIA-AMBIENTAL.png","contentUrl":"https:\/\/patagoniambiental.com.ar\/info\/wp-content\/uploads\/2025\/05\/LOGO-PATAGONIA-AMBIENTAL.png","width":433,"height":250,"caption":"Patagonia Ambiental"},"image":{"@id":"https:\/\/patagoniambiental.com.ar\/info\/#\/schema\/logo\/image\/"},"sameAs":["https:\/\/www.facebook.com\/patagonia.ambiental","https:\/\/x.com\/PatAmb"]},{"@type":"Person","@id":"https:\/\/patagoniambiental.com.ar\/info\/#\/schema\/person\/db12bff64bbcbf6a253710bf0ea37b5d","name":"Patagonia Ambiental","description":"Andr\u00e9s Nievas T\u00e9cnico en manejo ambiental, consultor Ambiental y escritor para medios locales e internacionales sobre temas de geopolitica y medio ambiente.","sameAs":["http:\/\/www.patagoniambiental.com.ar","https:\/\/www.facebook.com\/share\/1C1V8Gv9BX\/?mibextid=qi2Omg","@patagoniambiental","https:\/\/youtube.com\/@patagoniaambiental2023?si=BLt58t0wuXquxlYZ"]}]}},"_links":{"self":[{"href":"https:\/\/patagoniambiental.com.ar\/info\/wp-json\/wp\/v2\/posts\/28604","targetHints":{"allow":["GET"]}}],"collection":[{"href":"https:\/\/patagoniambiental.com.ar\/info\/wp-json\/wp\/v2\/posts"}],"about":[{"href":"https:\/\/patagoniambiental.com.ar\/info\/wp-json\/wp\/v2\/types\/post"}],"author":[{"embeddable":true,"href":"https:\/\/patagoniambiental.com.ar\/info\/wp-json\/wp\/v2\/users\/2"}],"replies":[{"embeddable":true,"href":"https:\/\/patagoniambiental.com.ar\/info\/wp-json\/wp\/v2\/comments?post=28604"}],"version-history":[{"count":0,"href":"https:\/\/patagoniambiental.com.ar\/info\/wp-json\/wp\/v2\/posts\/28604\/revisions"}],"wp:featuredmedia":[{"embeddable":true,"href":"https:\/\/patagoniambiental.com.ar\/info\/wp-json\/wp\/v2\/media\/28605"}],"wp:attachment":[{"href":"https:\/\/patagoniambiental.com.ar\/info\/wp-json\/wp\/v2\/media?parent=28604"}],"wp:term":[{"taxonomy":"category","embeddable":true,"href":"https:\/\/patagoniambiental.com.ar\/info\/wp-json\/wp\/v2\/categories?post=28604"},{"taxonomy":"post_tag","embeddable":true,"href":"https:\/\/patagoniambiental.com.ar\/info\/wp-json\/wp\/v2\/tags?post=28604"}],"curies":[{"name":"wp","href":"https:\/\/api.w.org\/{rel}","templated":true}]}}