{"id":28717,"date":"2017-05-08T19:00:27","date_gmt":"2017-05-08T22:00:27","guid":{"rendered":"http:\/\/patagoniambiental.com.ar\/info\/?p=28717"},"modified":"2017-05-08T09:41:39","modified_gmt":"2017-05-08T12:41:39","slug":"es-la-segunda-en-el-pais-empresa-regional-inicia-proceso-de-reciclado-de-miles-de-neumaticos","status":"publish","type":"post","link":"https:\/\/patagoniambiental.com.ar\/info\/es-la-segunda-en-el-pais-empresa-regional-inicia-proceso-de-reciclado-de-miles-de-neumaticos\/","title":{"rendered":"ES LA SEGUNDA EN EL PA\u00cdS Empresa regional inicia proceso de reciclado de miles de neum\u00e1ticos"},"content":{"rendered":"<h4>Regi\u00f3n de Magallanes\/Chile.-Instalaciones de planta de tratamiento de l\u00edquidos y s\u00f3lidos<\/h4>\n<p><!--more--><\/p>\n<h4>Magallanes, Sociedad Por Acciones est\u00e1n ubicadas en el kil\u00f3metro 71 de la ruta a Monte Aymond Este proceso de reciclado se inicia ma\u00f1ana y se tienen acopiados ya 4 mil neum\u00e1ticos.<\/h4>\n<div class=\"post-body\">\n<div class=\"single-contenido-texto\">\n<p>Un total de cuatro mil neum\u00e1ticos en desuso comenzar\u00e1 a ser reciclado a partir de ma\u00f1ana, dando inicio a un proceso calificado como altamente beneficioso para la Regi\u00f3n de Magallanes puesto que elimina uno de los factores e contaminaci\u00f3n m\u00e1s severos de la actualidad.<br \/>\nAs\u00ed lo adelant\u00f3 a Diario El Ping\u00fcino Bernardo Mora, product manager de TLS Magallanes, empresa que \u201cpicar\u00e1\u201d los neum\u00e1ticos. El ejecutivo indic\u00f3 que han logrado superar las exigencias de los servicios de Salud y obtenido las autorizaciones correspondientes para ejecutar esta tarea.<br \/>\nLa planta de tratamiento de l\u00edquidos y s\u00f3lidos de Magallanes, Sociedad por Acciones, est\u00e1 instalada en un predio de 10 hect\u00e1reas, ubicado a la altura del kil\u00f3metro 71 de la ruta que lleva a Monte Aymond, donde no s\u00f3lo se reciclar\u00e1 neum\u00e1ticos sino que, adem\u00e1s, otros materiales contaminantes.<br \/>\nLa idea, explic\u00f3 Mora, es solucionar el problema que deben enfrentar quienes adquieren neum\u00e1ticos nuevos y carecen de un sitio adecuado para depositar aquellos que quedaron fuera de uso con la compra por parte de sus due\u00f1os.<br \/>\nEsa carencia ha determinado, de acuerdo con lo establecido en fuentes municipales, del Gobierno Regional y de la Zona Franca de Punta Arenas, que muchos magall\u00e1nicos, adquirentes de neum\u00e1ticos nuevos, los abandonan en sitios eriazos de la ciudad, en las riberas de esteros, en las orillas de caminos rurales y hasta en sitios que alguna vez sirvieron de recintos deportivos, como el buggy cross, por ejemplo.<br \/>\nPor su parte, se ha se\u00f1alado que los compradores extranjeros, en su mayor\u00eda provenientes de ciudades de la Patagonia argentina, abandonan los neum\u00e1ticos viejos en las bermas de la ruta que los lleva y trae a R\u00edo Gallegos, Piedrabuena y Santa Cruz, entre otras, provocando contaminaci\u00f3n en la Patagonia chilena, con todo lo que ello implica en el deterioro del medio ambiente de Magallanes.<br \/>\nLey de aplicaci\u00f3n inminente<br \/>\nRespecto de lo mismo, Iv\u00e1n Barticevic Jeldres, manager de neum\u00e1ticos de la empresa Recasur, destac\u00f3 esta posibilidad real de solucionar un problema que podr\u00eda agudizarse si, como se ha anunciado por parte de las autoridades, la entrada en vigencia de la nueva Ley del Medio Ambiente podr\u00eda producirse dentro de un par de meses, una vez que se ponga en pr\u00e1ctica el respectivo reglamento legal que establece procedimientos para el manejo de materiales y elementos contaminantes.<br \/>\nEl ejecutivo agreg\u00f3 que \u201ces importante para todos, mantener limpio nuestro medio ambiente\u201d, indicando que se estudiar\u00e1 lo que debe ocurrir con las bater\u00edas en desuso.<br \/>\nLas bater\u00edas deber\u00e1n ser acopiadas, se indic\u00f3 en fuentes ajenas a la empresa, y el plomo y \u00e1cidos que contienen, m\u00e1s otros l\u00edquidos altamente contaminantes, como los lodos acu\u00edcolas y los desechos de la explotaci\u00f3n petrolera, deber\u00e1n tener el manejo necesario para que no da\u00f1en la naturaleza y, en lo posible, apelando a las nuevas tecnolog\u00edas, reutilizar lo procesado para mejorar los terrenos cultivables.<br \/>\nFinalmente, Barticevic indic\u00f3 que, pese a las complicaciones del momento econ\u00f3mico que enfrenta la regi\u00f3n y el pa\u00eds, se har\u00e1 todo lo posible para adoptar las medidas necesarias para cumplir con el nuevo marco legal y contribuir a la protecci\u00f3n del medio ambiente de nuestra regi\u00f3n.<\/p>\n<p>Fuente:\u00a0http:\/\/elpinguino.com\/noticia\/2017\/05\/07\/empresa-regional-inicia-proceso-de-reciclado-de-miles-de-neumaticos<\/p>\n<\/div>\n<\/div>\n","protected":false},"excerpt":{"rendered":"<p>Regi\u00f3n de Magallanes\/Chile.-Instalaciones de planta de tratamiento de l\u00edquidos y s\u00f3lidos<\/p>\n","protected":false},"author":2,"featured_media":28718,"comment_status":"open","ping_status":"open","sticky":false,"template":"","format":"standard","meta":{"site-sidebar-layout":"default","site-content-layout":"","ast-site-content-layout":"default","site-content-style":"default","site-sidebar-style":"default","ast-global-header-display":"","ast-banner-title-visibility":"","ast-main-header-display":"","ast-hfb-above-header-display":"","ast-hfb-below-header-display":"","ast-hfb-mobile-header-display":"","site-post-title":"","ast-breadcrumbs-content":"","ast-featured-img":"","footer-sml-layout":"","ast-disable-related-posts":"","theme-transparent-header-meta":"","adv-header-id-meta":"","stick-header-meta":"","header-above-stick-meta":"","header-main-stick-meta":"","header-below-stick-meta":"","astra-migrate-meta-layouts":"default","ast-page-background-enabled":"default","ast-page-background-meta":{"desktop":{"background-color":"var(--ast-global-color-5)","background-image":"","background-repeat":"repeat","background-position":"center center","background-size":"auto","background-attachment":"scroll","background-type":"","background-media":"","overlay-type":"","overlay-color":"","overlay-opacity":"","overlay-gradient":""},"tablet":{"background-color":"","background-image":"","background-repeat":"repeat","background-position":"center center","background-size":"auto","background-attachment":"scroll","background-type":"","background-media":"","overlay-type":"","overlay-color":"","overlay-opacity":"","overlay-gradient":""},"mobile":{"background-color":"","background-image":"","background-repeat":"repeat","background-position":"center center","background-size":"auto","background-attachment":"scroll","background-type":"","background-media":"","overlay-type":"","overlay-color":"","overlay-opacity":"","overlay-gradient":""}},"ast-content-background-meta":{"desktop":{"background-color":"var(--ast-global-color-4)","background-image":"","background-repeat":"repeat","background-position":"center center","background-size":"auto","background-attachment":"scroll","background-type":"","background-media":"","overlay-type":"","overlay-color":"","overlay-opacity":"","overlay-gradient":""},"tablet":{"background-color":"var(--ast-global-color-4)","background-image":"","background-repeat":"repeat","background-position":"center center","background-size":"auto","background-attachment":"scroll","background-type":"","background-media":"","overlay-type":"","overlay-color":"","overlay-opacity":"","overlay-gradient":""},"mobile":{"background-color":"var(--ast-global-color-4)","background-image":"","background-repeat":"repeat","background-position":"center center","background-size":"auto","background-attachment":"scroll","background-type":"","background-media":"","overlay-type":"","overlay-color":"","overlay-opacity":"","overlay-gradient":""}},"footnotes":""},"categories":[23,1],"tags":[],"class_list":["post-28717","post","type-post","status-publish","format-standard","has-post-thumbnail","hentry","category-internacionales","category-noticias"],"yoast_head":"<!-- This site is optimized with the Yoast SEO Premium plugin v23.0 (Yoast SEO v27.4) - https:\/\/yoast.com\/product\/yoast-seo-premium-wordpress\/ -->\n<title>ES LA SEGUNDA EN EL PA\u00cdS Empresa regional inicia proceso de reciclado de miles de neum\u00e1ticos<\/title>\n<meta name=\"robots\" content=\"index, follow, max-snippet:-1, max-image-preview:large, max-video-preview:-1\" \/>\n<link rel=\"canonical\" href=\"https:\/\/patagoniambiental.com.ar\/info\/es-la-segunda-en-el-pais-empresa-regional-inicia-proceso-de-reciclado-de-miles-de-neumaticos\/\" \/>\n<meta property=\"og:locale\" content=\"es_ES\" \/>\n<meta property=\"og:type\" content=\"article\" \/>\n<meta property=\"og:title\" content=\"ES LA SEGUNDA EN EL PA\u00cdS Empresa regional inicia proceso de reciclado de miles de neum\u00e1ticos\" \/>\n<meta property=\"og:description\" content=\"Regi\u00f3n de Magallanes\/Chile.-Instalaciones de planta de tratamiento de l\u00edquidos y s\u00f3lidos\" \/>\n<meta property=\"og:url\" content=\"https:\/\/patagoniambiental.com.ar\/info\/es-la-segunda-en-el-pais-empresa-regional-inicia-proceso-de-reciclado-de-miles-de-neumaticos\/\" \/>\n<meta property=\"og:site_name\" content=\"Patagonia Ambiental\" \/>\n<meta property=\"article:publisher\" content=\"https:\/\/www.facebook.com\/patagonia.ambiental\" \/>\n<meta property=\"article:author\" content=\"https:\/\/www.facebook.com\/share\/1C1V8Gv9BX\/?mibextid=qi2Omg\" \/>\n<meta property=\"article:published_time\" content=\"2017-05-08T22:00:27+00:00\" \/>\n<meta property=\"og:image\" content=\"https:\/\/patagoniambiental.com.ar\/info\/wp-content\/uploads\/2017\/05\/323232.png\" \/>\n\t<meta property=\"og:image:width\" content=\"701\" \/>\n\t<meta property=\"og:image:height\" content=\"423\" \/>\n\t<meta property=\"og:image:type\" content=\"image\/png\" \/>\n<meta name=\"author\" content=\"Patagonia Ambiental\" \/>\n<meta name=\"twitter:card\" content=\"summary_large_image\" \/>\n<meta name=\"twitter:creator\" content=\"@PatAmb\" \/>\n<meta name=\"twitter:site\" content=\"@PatAmb\" \/>\n<script type=\"application\/ld+json\" class=\"yoast-schema-graph\">{\"@context\":\"https:\\\/\\\/schema.org\",\"@graph\":[{\"@type\":\"Article\",\"@id\":\"https:\\\/\\\/patagoniambiental.com.ar\\\/info\\\/es-la-segunda-en-el-pais-empresa-regional-inicia-proceso-de-reciclado-de-miles-de-neumaticos\\\/#article\",\"isPartOf\":{\"@id\":\"https:\\\/\\\/patagoniambiental.com.ar\\\/info\\\/es-la-segunda-en-el-pais-empresa-regional-inicia-proceso-de-reciclado-de-miles-de-neumaticos\\\/\"},\"author\":{\"name\":\"Patagonia Ambiental\",\"@id\":\"https:\\\/\\\/patagoniambiental.com.ar\\\/info\\\/#\\\/schema\\\/person\\\/db12bff64bbcbf6a253710bf0ea37b5d\"},\"headline\":\"ES LA SEGUNDA EN EL PA\u00cdS Empresa regional inicia proceso de reciclado de miles de neum\u00e1ticos\",\"datePublished\":\"2017-05-08T22:00:27+00:00\",\"mainEntityOfPage\":{\"@id\":\"https:\\\/\\\/patagoniambiental.com.ar\\\/info\\\/es-la-segunda-en-el-pais-empresa-regional-inicia-proceso-de-reciclado-de-miles-de-neumaticos\\\/\"},\"wordCount\":632,\"commentCount\":0,\"publisher\":{\"@id\":\"https:\\\/\\\/patagoniambiental.com.ar\\\/info\\\/#organization\"},\"image\":{\"@id\":\"https:\\\/\\\/patagoniambiental.com.ar\\\/info\\\/es-la-segunda-en-el-pais-empresa-regional-inicia-proceso-de-reciclado-de-miles-de-neumaticos\\\/#primaryimage\"},\"thumbnailUrl\":\"https:\\\/\\\/patagoniambiental.com.ar\\\/info\\\/wp-content\\\/uploads\\\/2017\\\/05\\\/323232.png\",\"articleSection\":[\"Internacionales\",\"Noticias\"],\"inLanguage\":\"es\",\"potentialAction\":[{\"@type\":\"CommentAction\",\"name\":\"Comment\",\"target\":[\"https:\\\/\\\/patagoniambiental.com.ar\\\/info\\\/es-la-segunda-en-el-pais-empresa-regional-inicia-proceso-de-reciclado-de-miles-de-neumaticos\\\/#respond\"]}]},{\"@type\":\"WebPage\",\"@id\":\"https:\\\/\\\/patagoniambiental.com.ar\\\/info\\\/es-la-segunda-en-el-pais-empresa-regional-inicia-proceso-de-reciclado-de-miles-de-neumaticos\\\/\",\"url\":\"https:\\\/\\\/patagoniambiental.com.ar\\\/info\\\/es-la-segunda-en-el-pais-empresa-regional-inicia-proceso-de-reciclado-de-miles-de-neumaticos\\\/\",\"name\":\"ES LA SEGUNDA EN EL PA\u00cdS Empresa regional inicia proceso de reciclado de miles de neum\u00e1ticos\",\"isPartOf\":{\"@id\":\"https:\\\/\\\/patagoniambiental.com.ar\\\/info\\\/#website\"},\"primaryImageOfPage\":{\"@id\":\"https:\\\/\\\/patagoniambiental.com.ar\\\/info\\\/es-la-segunda-en-el-pais-empresa-regional-inicia-proceso-de-reciclado-de-miles-de-neumaticos\\\/#primaryimage\"},\"image\":{\"@id\":\"https:\\\/\\\/patagoniambiental.com.ar\\\/info\\\/es-la-segunda-en-el-pais-empresa-regional-inicia-proceso-de-reciclado-de-miles-de-neumaticos\\\/#primaryimage\"},\"thumbnailUrl\":\"https:\\\/\\\/patagoniambiental.com.ar\\\/info\\\/wp-content\\\/uploads\\\/2017\\\/05\\\/323232.png\",\"datePublished\":\"2017-05-08T22:00:27+00:00\",\"breadcrumb\":{\"@id\":\"https:\\\/\\\/patagoniambiental.com.ar\\\/info\\\/es-la-segunda-en-el-pais-empresa-regional-inicia-proceso-de-reciclado-de-miles-de-neumaticos\\\/#breadcrumb\"},\"inLanguage\":\"es\",\"potentialAction\":[{\"@type\":\"ReadAction\",\"target\":[\"https:\\\/\\\/patagoniambiental.com.ar\\\/info\\\/es-la-segunda-en-el-pais-empresa-regional-inicia-proceso-de-reciclado-de-miles-de-neumaticos\\\/\"]}]},{\"@type\":\"ImageObject\",\"inLanguage\":\"es\",\"@id\":\"https:\\\/\\\/patagoniambiental.com.ar\\\/info\\\/es-la-segunda-en-el-pais-empresa-regional-inicia-proceso-de-reciclado-de-miles-de-neumaticos\\\/#primaryimage\",\"url\":\"https:\\\/\\\/patagoniambiental.com.ar\\\/info\\\/wp-content\\\/uploads\\\/2017\\\/05\\\/323232.png\",\"contentUrl\":\"https:\\\/\\\/patagoniambiental.com.ar\\\/info\\\/wp-content\\\/uploads\\\/2017\\\/05\\\/323232.png\",\"width\":701,\"height\":423},{\"@type\":\"BreadcrumbList\",\"@id\":\"https:\\\/\\\/patagoniambiental.com.ar\\\/info\\\/es-la-segunda-en-el-pais-empresa-regional-inicia-proceso-de-reciclado-de-miles-de-neumaticos\\\/#breadcrumb\",\"itemListElement\":[{\"@type\":\"ListItem\",\"position\":1,\"name\":\"Inicio\",\"item\":\"https:\\\/\\\/patagoniambiental.com.ar\\\/info\\\/\"},{\"@type\":\"ListItem\",\"position\":2,\"name\":\"ES LA SEGUNDA EN EL PA\u00cdS Empresa regional inicia proceso de reciclado de miles de neum\u00e1ticos\"}]},{\"@type\":\"WebSite\",\"@id\":\"https:\\\/\\\/patagoniambiental.com.ar\\\/info\\\/#website\",\"url\":\"https:\\\/\\\/patagoniambiental.com.ar\\\/info\\\/\",\"name\":\"Patagonia Ambiental\",\"description\":\"Monitoreo y an\u00e1lisis de la situaci\u00f3n geopol\u00edtica en el mundo y su implicancia en la Patagonia\",\"publisher\":{\"@id\":\"https:\\\/\\\/patagoniambiental.com.ar\\\/info\\\/#organization\"},\"potentialAction\":[{\"@type\":\"SearchAction\",\"target\":{\"@type\":\"EntryPoint\",\"urlTemplate\":\"https:\\\/\\\/patagoniambiental.com.ar\\\/info\\\/?s={search_term_string}\"},\"query-input\":{\"@type\":\"PropertyValueSpecification\",\"valueRequired\":true,\"valueName\":\"search_term_string\"}}],\"inLanguage\":\"es\"},{\"@type\":\"Organization\",\"@id\":\"https:\\\/\\\/patagoniambiental.com.ar\\\/info\\\/#organization\",\"name\":\"Patagonia Ambiental\",\"url\":\"https:\\\/\\\/patagoniambiental.com.ar\\\/info\\\/\",\"logo\":{\"@type\":\"ImageObject\",\"inLanguage\":\"es\",\"@id\":\"https:\\\/\\\/patagoniambiental.com.ar\\\/info\\\/#\\\/schema\\\/logo\\\/image\\\/\",\"url\":\"https:\\\/\\\/patagoniambiental.com.ar\\\/info\\\/wp-content\\\/uploads\\\/2025\\\/05\\\/LOGO-PATAGONIA-AMBIENTAL.png\",\"contentUrl\":\"https:\\\/\\\/patagoniambiental.com.ar\\\/info\\\/wp-content\\\/uploads\\\/2025\\\/05\\\/LOGO-PATAGONIA-AMBIENTAL.png\",\"width\":433,\"height\":250,\"caption\":\"Patagonia Ambiental\"},\"image\":{\"@id\":\"https:\\\/\\\/patagoniambiental.com.ar\\\/info\\\/#\\\/schema\\\/logo\\\/image\\\/\"},\"sameAs\":[\"https:\\\/\\\/www.facebook.com\\\/patagonia.ambiental\",\"https:\\\/\\\/x.com\\\/PatAmb\"]},{\"@type\":\"Person\",\"@id\":\"https:\\\/\\\/patagoniambiental.com.ar\\\/info\\\/#\\\/schema\\\/person\\\/db12bff64bbcbf6a253710bf0ea37b5d\",\"name\":\"Patagonia Ambiental\",\"description\":\"Andr\u00e9s Nievas T\u00e9cnico en manejo ambiental, consultor Ambiental y escritor para medios locales e internacionales sobre temas de geopolitica y medio ambiente.\",\"sameAs\":[\"http:\\\/\\\/www.patagoniambiental.com.ar\",\"https:\\\/\\\/www.facebook.com\\\/share\\\/1C1V8Gv9BX\\\/?mibextid=qi2Omg\",\"@patagoniambiental\",\"https:\\\/\\\/youtube.com\\\/@patagoniaambiental2023?si=BLt58t0wuXquxlYZ\"]}]}<\/script>\n<!-- \/ Yoast SEO Premium plugin. -->","yoast_head_json":{"title":"ES LA SEGUNDA EN EL PA\u00cdS Empresa regional inicia proceso de reciclado de miles de neum\u00e1ticos","robots":{"index":"index","follow":"follow","max-snippet":"max-snippet:-1","max-image-preview":"max-image-preview:large","max-video-preview":"max-video-preview:-1"},"canonical":"https:\/\/patagoniambiental.com.ar\/info\/es-la-segunda-en-el-pais-empresa-regional-inicia-proceso-de-reciclado-de-miles-de-neumaticos\/","og_locale":"es_ES","og_type":"article","og_title":"ES LA SEGUNDA EN EL PA\u00cdS Empresa regional inicia proceso de reciclado de miles de neum\u00e1ticos","og_description":"Regi\u00f3n de Magallanes\/Chile.-Instalaciones de planta de tratamiento de l\u00edquidos y s\u00f3lidos","og_url":"https:\/\/patagoniambiental.com.ar\/info\/es-la-segunda-en-el-pais-empresa-regional-inicia-proceso-de-reciclado-de-miles-de-neumaticos\/","og_site_name":"Patagonia Ambiental","article_publisher":"https:\/\/www.facebook.com\/patagonia.ambiental","article_author":"https:\/\/www.facebook.com\/share\/1C1V8Gv9BX\/?mibextid=qi2Omg","article_published_time":"2017-05-08T22:00:27+00:00","og_image":[{"width":701,"height":423,"url":"https:\/\/patagoniambiental.com.ar\/info\/wp-content\/uploads\/2017\/05\/323232.png","type":"image\/png"}],"author":"Patagonia Ambiental","twitter_card":"summary_large_image","twitter_creator":"@PatAmb","twitter_site":"@PatAmb","schema":{"@context":"https:\/\/schema.org","@graph":[{"@type":"Article","@id":"https:\/\/patagoniambiental.com.ar\/info\/es-la-segunda-en-el-pais-empresa-regional-inicia-proceso-de-reciclado-de-miles-de-neumaticos\/#article","isPartOf":{"@id":"https:\/\/patagoniambiental.com.ar\/info\/es-la-segunda-en-el-pais-empresa-regional-inicia-proceso-de-reciclado-de-miles-de-neumaticos\/"},"author":{"name":"Patagonia Ambiental","@id":"https:\/\/patagoniambiental.com.ar\/info\/#\/schema\/person\/db12bff64bbcbf6a253710bf0ea37b5d"},"headline":"ES LA SEGUNDA EN EL PA\u00cdS Empresa regional inicia proceso de reciclado de miles de neum\u00e1ticos","datePublished":"2017-05-08T22:00:27+00:00","mainEntityOfPage":{"@id":"https:\/\/patagoniambiental.com.ar\/info\/es-la-segunda-en-el-pais-empresa-regional-inicia-proceso-de-reciclado-de-miles-de-neumaticos\/"},"wordCount":632,"commentCount":0,"publisher":{"@id":"https:\/\/patagoniambiental.com.ar\/info\/#organization"},"image":{"@id":"https:\/\/patagoniambiental.com.ar\/info\/es-la-segunda-en-el-pais-empresa-regional-inicia-proceso-de-reciclado-de-miles-de-neumaticos\/#primaryimage"},"thumbnailUrl":"https:\/\/patagoniambiental.com.ar\/info\/wp-content\/uploads\/2017\/05\/323232.png","articleSection":["Internacionales","Noticias"],"inLanguage":"es","potentialAction":[{"@type":"CommentAction","name":"Comment","target":["https:\/\/patagoniambiental.com.ar\/info\/es-la-segunda-en-el-pais-empresa-regional-inicia-proceso-de-reciclado-de-miles-de-neumaticos\/#respond"]}]},{"@type":"WebPage","@id":"https:\/\/patagoniambiental.com.ar\/info\/es-la-segunda-en-el-pais-empresa-regional-inicia-proceso-de-reciclado-de-miles-de-neumaticos\/","url":"https:\/\/patagoniambiental.com.ar\/info\/es-la-segunda-en-el-pais-empresa-regional-inicia-proceso-de-reciclado-de-miles-de-neumaticos\/","name":"ES LA SEGUNDA EN EL PA\u00cdS Empresa regional inicia proceso de reciclado de miles de neum\u00e1ticos","isPartOf":{"@id":"https:\/\/patagoniambiental.com.ar\/info\/#website"},"primaryImageOfPage":{"@id":"https:\/\/patagoniambiental.com.ar\/info\/es-la-segunda-en-el-pais-empresa-regional-inicia-proceso-de-reciclado-de-miles-de-neumaticos\/#primaryimage"},"image":{"@id":"https:\/\/patagoniambiental.com.ar\/info\/es-la-segunda-en-el-pais-empresa-regional-inicia-proceso-de-reciclado-de-miles-de-neumaticos\/#primaryimage"},"thumbnailUrl":"https:\/\/patagoniambiental.com.ar\/info\/wp-content\/uploads\/2017\/05\/323232.png","datePublished":"2017-05-08T22:00:27+00:00","breadcrumb":{"@id":"https:\/\/patagoniambiental.com.ar\/info\/es-la-segunda-en-el-pais-empresa-regional-inicia-proceso-de-reciclado-de-miles-de-neumaticos\/#breadcrumb"},"inLanguage":"es","potentialAction":[{"@type":"ReadAction","target":["https:\/\/patagoniambiental.com.ar\/info\/es-la-segunda-en-el-pais-empresa-regional-inicia-proceso-de-reciclado-de-miles-de-neumaticos\/"]}]},{"@type":"ImageObject","inLanguage":"es","@id":"https:\/\/patagoniambiental.com.ar\/info\/es-la-segunda-en-el-pais-empresa-regional-inicia-proceso-de-reciclado-de-miles-de-neumaticos\/#primaryimage","url":"https:\/\/patagoniambiental.com.ar\/info\/wp-content\/uploads\/2017\/05\/323232.png","contentUrl":"https:\/\/patagoniambiental.com.ar\/info\/wp-content\/uploads\/2017\/05\/323232.png","width":701,"height":423},{"@type":"BreadcrumbList","@id":"https:\/\/patagoniambiental.com.ar\/info\/es-la-segunda-en-el-pais-empresa-regional-inicia-proceso-de-reciclado-de-miles-de-neumaticos\/#breadcrumb","itemListElement":[{"@type":"ListItem","position":1,"name":"Inicio","item":"https:\/\/patagoniambiental.com.ar\/info\/"},{"@type":"ListItem","position":2,"name":"ES LA SEGUNDA EN EL PA\u00cdS Empresa regional inicia proceso de reciclado de miles de neum\u00e1ticos"}]},{"@type":"WebSite","@id":"https:\/\/patagoniambiental.com.ar\/info\/#website","url":"https:\/\/patagoniambiental.com.ar\/info\/","name":"Patagonia Ambiental","description":"Monitoreo y an\u00e1lisis de la situaci\u00f3n geopol\u00edtica en el mundo y su implicancia en la Patagonia","publisher":{"@id":"https:\/\/patagoniambiental.com.ar\/info\/#organization"},"potentialAction":[{"@type":"SearchAction","target":{"@type":"EntryPoint","urlTemplate":"https:\/\/patagoniambiental.com.ar\/info\/?s={search_term_string}"},"query-input":{"@type":"PropertyValueSpecification","valueRequired":true,"valueName":"search_term_string"}}],"inLanguage":"es"},{"@type":"Organization","@id":"https:\/\/patagoniambiental.com.ar\/info\/#organization","name":"Patagonia Ambiental","url":"https:\/\/patagoniambiental.com.ar\/info\/","logo":{"@type":"ImageObject","inLanguage":"es","@id":"https:\/\/patagoniambiental.com.ar\/info\/#\/schema\/logo\/image\/","url":"https:\/\/patagoniambiental.com.ar\/info\/wp-content\/uploads\/2025\/05\/LOGO-PATAGONIA-AMBIENTAL.png","contentUrl":"https:\/\/patagoniambiental.com.ar\/info\/wp-content\/uploads\/2025\/05\/LOGO-PATAGONIA-AMBIENTAL.png","width":433,"height":250,"caption":"Patagonia Ambiental"},"image":{"@id":"https:\/\/patagoniambiental.com.ar\/info\/#\/schema\/logo\/image\/"},"sameAs":["https:\/\/www.facebook.com\/patagonia.ambiental","https:\/\/x.com\/PatAmb"]},{"@type":"Person","@id":"https:\/\/patagoniambiental.com.ar\/info\/#\/schema\/person\/db12bff64bbcbf6a253710bf0ea37b5d","name":"Patagonia Ambiental","description":"Andr\u00e9s Nievas T\u00e9cnico en manejo ambiental, consultor Ambiental y escritor para medios locales e internacionales sobre temas de geopolitica y medio ambiente.","sameAs":["http:\/\/www.patagoniambiental.com.ar","https:\/\/www.facebook.com\/share\/1C1V8Gv9BX\/?mibextid=qi2Omg","@patagoniambiental","https:\/\/youtube.com\/@patagoniaambiental2023?si=BLt58t0wuXquxlYZ"]}]}},"_links":{"self":[{"href":"https:\/\/patagoniambiental.com.ar\/info\/wp-json\/wp\/v2\/posts\/28717","targetHints":{"allow":["GET"]}}],"collection":[{"href":"https:\/\/patagoniambiental.com.ar\/info\/wp-json\/wp\/v2\/posts"}],"about":[{"href":"https:\/\/patagoniambiental.com.ar\/info\/wp-json\/wp\/v2\/types\/post"}],"author":[{"embeddable":true,"href":"https:\/\/patagoniambiental.com.ar\/info\/wp-json\/wp\/v2\/users\/2"}],"replies":[{"embeddable":true,"href":"https:\/\/patagoniambiental.com.ar\/info\/wp-json\/wp\/v2\/comments?post=28717"}],"version-history":[{"count":0,"href":"https:\/\/patagoniambiental.com.ar\/info\/wp-json\/wp\/v2\/posts\/28717\/revisions"}],"wp:featuredmedia":[{"embeddable":true,"href":"https:\/\/patagoniambiental.com.ar\/info\/wp-json\/wp\/v2\/media\/28718"}],"wp:attachment":[{"href":"https:\/\/patagoniambiental.com.ar\/info\/wp-json\/wp\/v2\/media?parent=28717"}],"wp:term":[{"taxonomy":"category","embeddable":true,"href":"https:\/\/patagoniambiental.com.ar\/info\/wp-json\/wp\/v2\/categories?post=28717"},{"taxonomy":"post_tag","embeddable":true,"href":"https:\/\/patagoniambiental.com.ar\/info\/wp-json\/wp\/v2\/tags?post=28717"}],"curies":[{"name":"wp","href":"https:\/\/api.w.org\/{rel}","templated":true}]}}