{"id":28726,"date":"2017-05-08T19:00:49","date_gmt":"2017-05-08T22:00:49","guid":{"rendered":"http:\/\/patagoniambiental.com.ar\/info\/?p=28726"},"modified":"2017-05-08T09:54:48","modified_gmt":"2017-05-08T12:54:48","slug":"laguna-de-mar-chiquita-cada-vez-mas-cerca-de-ser-el-parque-nacional-mas-grande-del-pais","status":"publish","type":"post","link":"https:\/\/patagoniambiental.com.ar\/info\/laguna-de-mar-chiquita-cada-vez-mas-cerca-de-ser-el-parque-nacional-mas-grande-del-pais\/","title":{"rendered":"Laguna de Mar Chiquita, cada vez m\u00e1s cerca de ser el parque nacional m\u00e1s grande del pa\u00eds"},"content":{"rendered":"<p>C\u00f3rdoba.-Ubicada en C\u00f3rdoba, es el espejo de agua salada m\u00e1s extenso de Am\u00e9rica latina; ocupa unas 800.000 hect\u00e1reas, es decir, supera en 73.000 a Los Glaciares, en Santa Cruz.<\/p>\n<p><!--more--><\/p>\n<p class=\"primero\">\n<div class=\"columnista\">\n<div><a href=\"http:\/\/www.lanacion.com.ar\/autor\/javier-drovetto-8410\">Javier Drovetto<\/a><\/div>\n<p><span class=\"ln\">PARA LA NACION<\/span><\/div>\n<div class=\"fecha\">LUNES 08 DE MAYO DE 2017<\/div>\n<p class=\"primero\">El mar cordob\u00e9s, como llaman a la laguna de Mar Chiquita, con 100.000 flamencos que ti\u00f1en de rosa el paisaje y nubes de hasta 500.000 aves sobrevolando un espejo de agua salada que tiene 30 veces la superficie de la ciudad de Buenos Aires, ser\u00e1 el \u00edcono natural del parque nacional m\u00e1s grande que tendr\u00e1 el pa\u00eds: unas 800.000 hect\u00e1reas, entre la laguna, ba\u00f1ados y pastizales.<\/p>\n<p>As\u00ed de ampulosos son algunos de los n\u00fameros que sirven para caracterizar el \u00e1rea protegida que se comprometieron a conformar los gobiernos de la Naci\u00f3n y de C\u00f3rdoba, provincia que espera apuntalar con el turismo la econom\u00eda regional de 13 pueblos ubicados en el entorno de la laguna.<\/p>\n<aside class=\"banner caja2\" data-adpos=\"caja2\">\n<div id=\"eplAdDivcaja2\"><\/div>\n<\/aside>\n<p>Esta gran depresi\u00f3n salina ubicada en el nordeste de C\u00f3rdoba y en el sudoeste de Santiago del Estero es, desde 1994, una reserva provincial de usos m\u00faltiples, por lo que se mantiene conservada, pero admite la actividad natural de los pueblos, que suman 55.000 habitantes y que en alguna medida viven de la ganader\u00eda. En ese contexto se inscriben los planes para que la zona sea convertida en un parque nacional, la m\u00e1xima figura de protecci\u00f3n que existe en el pa\u00eds. Esa gesti\u00f3n la inici\u00f3 hace tres a\u00f1os Aves Argentinas, una ONG que tiene registros en la zona de por lo menos 300 especies de aves. Hace dos meses, el ambicioso plan empez\u00f3 a tomar forma y a avanzar con cierto v\u00e9rtigo y un objetivo: lograr la cesi\u00f3n en favor de la Administraci\u00f3n de Parques Nacionales antes de fin de a\u00f1o. El primer paso se dio en marzo, cuando C\u00f3rdoba y la Naci\u00f3n firmaron un convenio de cooperaci\u00f3n para avanzar en la creaci\u00f3n del parque.<\/p>\n<p>La Secretar\u00eda de Ambiente de C\u00f3rdoba trabaja en la definici\u00f3n exacta del \u00e1rea que conformar\u00e1 el parque. La apuesta es que del mill\u00f3n de hect\u00e1reas que conforman hoy la reserva provincial de usos m\u00faltiples 200.000 sigan bajo esa figura y 800.000 sean convertidas en parque nacional. \u00abEl \u00e1rea que permanecer\u00eda como reserva es la que abarca las ciudades. De esa manera, podr\u00e1n conservar las actividades que desarrollan y, al mismo tiempo, se convertir\u00e1n en un contorno de amortiguamiento entre el parque y el resto de la provincia\u00bb, explic\u00f3 Javier Britch, secretario de Ambiente de C\u00f3rdoba.<\/p>\n<figure class=\"S encolumnada\">\n<div class=\"conModal f-imagenRelacionada\" data-notaid=\"2021573\" data-imagenid=\"2451101\" data-tipo=\"imagen\" data-extension=\"jpg\" data-esrelacionada=\"0\"><img decoding=\"async\" id=\"imagen_2451101\" class=\"f-sinGif\" src=\"http:\/\/bucket2.glanacion.com\/anexos\/fotos\/01\/medio-ambiente-2451101w280.jpg\" data-imagenid=\"2451101\" \/><\/div><figcaption id=\"epigrafe2451101\">Foto: LA NACION<\/figcaption><\/figure>\n<aside class=\"banner caja3\" data-adpos=\"caja3\">\n<div id=\"eplAdDivcaja3\"><iframe id=\"ifr2ae76a82448b9b21_4e55fac5cb\" src=\"about:blank\" name=\"ifr2ae76a82448b9b21_4e55fac5cb\" width=\"300px\" height=\"600px\" frameborder=\"0\" scrolling=\"no\" data-mce-fragment=\"1\"><\/iframe><\/div>\n<\/aside>\n<p>Las restantes 800.000 hect\u00e1reas son las que pasar\u00e1n a constituirse como el parque nacional n\u00famero 35, que posiblemente lleve el nombre de Mar de Ansenuza, como llamaban los pueblos originarios la laguna. De esa forma, se convertir\u00eda en el m\u00e1s gran del pa\u00eds, unas 73.000 hect\u00e1reas m\u00e1s extenso que Los Glaciares, en Santa Cruz.<\/p>\n<p>\u00abHay que terminar de definir la superficie, pero todo est\u00e1 dado para que sea el m\u00e1s grande del pa\u00eds\u00bb, confirm\u00f3 el vicepresidente de la Administraci\u00f3n de Parques Nacionales, Emiliano Ezcurra, que en 2008 cre\u00f3 la Fundaci\u00f3n Banco de Bosques, una ONG que trabaj\u00f3 en la campa\u00f1a para crear el Parque Nacional El Impenetrable.<\/p>\n<aside class=\"banner caja4\" data-adpos=\"caja4\">\n<div id=\"eplAdDivcaja4\"><a href=\"http:\/\/ads.e-planning.net\/ei\/3\/39aa\/sociedad_ep\/caja4?rnd=0.8157238106101059&amp;pb=6e22de770ad6e9c4&amp;fi=d72bf31613814a12&amp;kw_busqueda=se_fotos%7Cte_medio_ambiente%7Cse_sociedad%7Cau_javier_drovetto%7Cca_sociedad%7C2021573&amp;d_nvg_connection=30|5&amp;d_nvg_region=16&amp;d_nvg_brand=60|72&amp;d_nvg_city=1002193&amp;d_nvg_cluster=41&amp;d_nvg_age=4&amp;d_nvg_gender=1&amp;d_nvg_education=1&amp;d_nvg_interest=61|62|97|101|2|3|8|14|15|18|24|27|198&amp;d_nvg_product=127|18&amp;d_nvg_income=1&amp;d_nvg_marital=1&amp;d_nvg_custom=862&amp;ur=http%3A\/\/www.lanacion.com.ar\/2021573-laguna-de-mar-chiquita-cada-vez-mas-cerca-de-ser-el-parque-nacional-mas-grande-del-pais\" target=\"_blank\" rel=\"noopener noreferrer\"><img fetchpriority=\"high\" decoding=\"async\" id=\"eplad_caja4_6e22de770ad6e9c4_image\" src=\"http:\/\/ar.img.e-planning.net\/esb\/4\/1\/39a8\/d76c60500631fa63.jpg\" alt=\"Click Aqui\" width=\"300\" height=\"250\" name=\"eplad_caja4_6e22de770ad6e9c4_image\" border=\"0\" \/><\/a><\/div>\n<\/aside>\n<p>Para lograr la cesi\u00f3n a la Naci\u00f3n de esas 800.000 hect\u00e1reas, habr\u00e1 que recorrer un camino que no ser\u00e1 sencillo. Cerca de 100 parcelas est\u00e1n en manos privadas y conforman una superficie de por lo menos 200.000 hect\u00e1reas, que al ser parte de la actual reserva no tienen demasiado valor para el mercado.<\/p>\n<p>El gobierno de C\u00f3rdoba trabaja para evitar la expropiaci\u00f3n. Una opci\u00f3n es que sea una ONG la que negocie con los privados la compra de esas tierras para luego cederlas a la Naci\u00f3n, como ocurri\u00f3 con gran parte de las tierras que adquiri\u00f3 el conservacionista norteamericano Douglas Tompkins, ya fallecido, para consolidar el parque nacional Iber\u00e1. \u00abHay inter\u00e9s de fil\u00e1ntropos que quieren financiar la compra\u00bb, se\u00f1al\u00f3 Hern\u00e1n Casa\u00f1as, director ejecutivo de Aves Argentinas, que forma parte, junto con la Universidad Austral, del comit\u00e9 asesor que asiste a los gobiernos de C\u00f3rdoba y de la Naci\u00f3n en la conformaci\u00f3n del nuevo parque.<\/p>\n<p>M\u00e1s all\u00e1 de la cuesti\u00f3n catastral a resolver, tanto a nivel provincial como nacional esperan que la conformaci\u00f3n del parque se logre antes de fin de a\u00f1o. \u00abLos legisladores forman parte de la comisi\u00f3n de trabajo y est\u00e1n avanzando en el proyecto de ley. Nos gustar\u00eda que en el transcurso de este a\u00f1o podamos tener la cesi\u00f3n mediante una ley\u00bb, adelant\u00f3 Britch.<\/p>\n<p>El ministro de Ambiente de la Naci\u00f3n, Sergio Bergman, se pronunci\u00f3 en ese sentido: \u00abTanto el compromiso de C\u00f3rdoba como el de la Naci\u00f3n es avanzar a la mayor velocidad posible. El objetivo es este a\u00f1o\u00bb.<\/p>\n<p>C\u00f3rdoba entiende que conseguir un segundo parque nacional -en 1996 se constituy\u00f3 uno de 35.000 hect\u00e1reas en la Quebrada del Condorito- y de la dimensi\u00f3n y caracter\u00edsticas que tendr\u00eda el de Mar Chiquita ser\u00eda determinante para las econom\u00edas regionales. Sobre la costa de la laguna o muy cerca hay 13 pueblos, de entre 100 y 17.000 habitantes. Son Miramar, Morteros, La Para, Balnearia, Marull, Altos de Chipion, La Paquita, Brinkmann, Devoto, La Puerta, Las Arrias, Obispo Trejo y La Rinconada.<\/p>\n<p>\u00abUna de las puertas de acceso al parque ser\u00eda La Rinconada, que tiene apenas 106 habitantes. La intenci\u00f3n es que, poco a poco, las econom\u00edas de estos pueblos se vuelquen al turismo\u00bb, se\u00f1al\u00f3 Britch, y destac\u00f3 que alcanzar la protecci\u00f3n como parque nacional le dar\u00e1 a la zona presencia en gu\u00edas de turismo internacional, inversiones y menos estacionalidad al turismo que convoca actualmente Mar Chiquita, que en un 70% est\u00e1 constituido por los propios cordobeses. En Aves Argentinas, en tanto, recuerdan que tras la creaci\u00f3n del parque de la Quebrada del Condorito, la zona pas\u00f3 de sumar 1000 visitantes al a\u00f1o a recibir 20.000.<\/p>\n<p>M\u00e1s all\u00e1 de las alternativas que puedan surgir para darle sustentabilidad al futuro parque nacional fomentando el turismo, tanto la Naci\u00f3n como C\u00f3rdoba coinciden en la necesidad de preservar la biodiversidad y las caracter\u00edsticas \u00fanicas que ofrece el \u00e1rea. Destacan que es el espejo de agua salada m\u00e1s grande de Am\u00e9rica del Sur y el quinto del mundo y que en 2002 fue declarado sitio Ramsar por ser un humedal de importancia internacional.<\/p>\n<p>Con m\u00e1s de 300 especies, suma el 70% de todas las aves que pueden encontrarse en C\u00f3rdoba. Los flamencos, que son el emblema de la laguna, est\u00e1n representados por tres de las seis especies que existen en el mundo. Adem\u00e1s, llegan cientos de miles de aves playeras desde Canad\u00e1 y los Estados Unidos. Si el lugar no se conservara, directamente no tendr\u00edan qu\u00e9 comer y poco a poco no volver\u00edan.<\/p>\n<p>De los mam\u00edferos, destacan que la zona es habitada por especies amenazadas, como el aguar\u00e1 guaz\u00fa o lobo de crin, el mapache cangrejero y el conejo de monte. Casa\u00f1as, de Aves Argentinas, se ilusiona: \u00abEn la d\u00e9cada del 50, en la zona hab\u00eda venados de las pampas. Se han encontrado ornamentos. Cuando se cree el parque, se podr\u00eda iniciar un plan de reintroducci\u00f3n\u00bb.<\/p>\n<h2>Expropiar\u00edan una Estancia de Manubens Calvet<\/h2>\n<p>Paralelamente al acuerdo para convertir en parque nacional la Laguna de Mar Chiquita, los gobiernos de C\u00f3rdoba y de la Naci\u00f3n pactaron avanzar en la creaci\u00f3n de un tercer parque nacional para la provincia en lo que fue la estancia Pinas, propiedad del terrateniente multimillonario Juan Feliciano Manubens Calvet, que muri\u00f3 en el valle de Traslasierra, en 1981, sin dejar descendientes directos. Manubens Calvet, que no tuvo descendencia directa, hab\u00eda sido diputado provincial y dos veces intendente de Villa Dolores.<\/p>\n<p>Esas 105.000 hect\u00e1reas de chaco seco ubicadas en el oeste de C\u00f3rdoba, con bosques, matorrales, pastizales naturales y ambientes salinos, est\u00e1n muy bien conservadas y tienen una biodiversidad extraordinaria: 239 especies, entre peces, anfibios, reptiles, aves y mam\u00edferos.<\/p>\n<p>De esos, al menos 25 est\u00e1n catalogados como con riesgo de extinci\u00f3n.<\/p>\n<p>Mientras cerca de 100 supuestos herederos pelean judicialmente por la herencia de Manubens Calvet, calculada en unos US$ 400 millones, C\u00f3rdoba planea expropiar el lugar y cederlo a la Naci\u00f3n para crear un parque. \u00abSeguramente, lo crearemos antes de fin de a\u00f1o\u00bb, especula Javier Britch, secretario de Ambiente de C\u00f3rdoba.<\/p>\n","protected":false},"excerpt":{"rendered":"<p>C\u00f3rdoba.-Ubicada en C\u00f3rdoba, es el espejo de agua salada m\u00e1s extenso de Am\u00e9rica latina; ocupa unas 800.000 hect\u00e1reas, es decir, [&hellip;]<\/p>\n","protected":false},"author":2,"featured_media":28727,"comment_status":"open","ping_status":"open","sticky":false,"template":"","format":"standard","meta":{"site-sidebar-layout":"default","site-content-layout":"","ast-site-content-layout":"default","site-content-style":"default","site-sidebar-style":"default","ast-global-header-display":"","ast-banner-title-visibility":"","ast-main-header-display":"","ast-hfb-above-header-display":"","ast-hfb-below-header-display":"","ast-hfb-mobile-header-display":"","site-post-title":"","ast-breadcrumbs-content":"","ast-featured-img":"","footer-sml-layout":"","ast-disable-related-posts":"","theme-transparent-header-meta":"","adv-header-id-meta":"","stick-header-meta":"","header-above-stick-meta":"","header-main-stick-meta":"","header-below-stick-meta":"","astra-migrate-meta-layouts":"default","ast-page-background-enabled":"default","ast-page-background-meta":{"desktop":{"background-color":"var(--ast-global-color-5)","background-image":"","background-repeat":"repeat","background-position":"center center","background-size":"auto","background-attachment":"scroll","background-type":"","background-media":"","overlay-type":"","overlay-color":"","overlay-opacity":"","overlay-gradient":""},"tablet":{"background-color":"","background-image":"","background-repeat":"repeat","background-position":"center center","background-size":"auto","background-attachment":"scroll","background-type":"","background-media":"","overlay-type":"","overlay-color":"","overlay-opacity":"","overlay-gradient":""},"mobile":{"background-color":"","background-image":"","background-repeat":"repeat","background-position":"center center","background-size":"auto","background-attachment":"scroll","background-type":"","background-media":"","overlay-type":"","overlay-color":"","overlay-opacity":"","overlay-gradient":""}},"ast-content-background-meta":{"desktop":{"background-color":"var(--ast-global-color-4)","background-image":"","background-repeat":"repeat","background-position":"center center","background-size":"auto","background-attachment":"scroll","background-type":"","background-media":"","overlay-type":"","overlay-color":"","overlay-opacity":"","overlay-gradient":""},"tablet":{"background-color":"var(--ast-global-color-4)","background-image":"","background-repeat":"repeat","background-position":"center center","background-size":"auto","background-attachment":"scroll","background-type":"","background-media":"","overlay-type":"","overlay-color":"","overlay-opacity":"","overlay-gradient":""},"mobile":{"background-color":"var(--ast-global-color-4)","background-image":"","background-repeat":"repeat","background-position":"center center","background-size":"auto","background-attachment":"scroll","background-type":"","background-media":"","overlay-type":"","overlay-color":"","overlay-opacity":"","overlay-gradient":""}},"footnotes":""},"categories":[1],"tags":[],"class_list":["post-28726","post","type-post","status-publish","format-standard","has-post-thumbnail","hentry","category-noticias"],"yoast_head":"<!-- This site is optimized with the Yoast SEO Premium plugin v23.0 (Yoast SEO v27.4) - https:\/\/yoast.com\/product\/yoast-seo-premium-wordpress\/ -->\n<title>Laguna de Mar Chiquita, cada vez m\u00e1s cerca de ser el parque nacional m\u00e1s grande del pa\u00eds<\/title>\n<meta name=\"robots\" content=\"index, follow, max-snippet:-1, max-image-preview:large, max-video-preview:-1\" \/>\n<link rel=\"canonical\" href=\"https:\/\/patagoniambiental.com.ar\/info\/laguna-de-mar-chiquita-cada-vez-mas-cerca-de-ser-el-parque-nacional-mas-grande-del-pais\/\" \/>\n<meta property=\"og:locale\" content=\"es_ES\" \/>\n<meta property=\"og:type\" content=\"article\" \/>\n<meta property=\"og:title\" content=\"Laguna de Mar Chiquita, cada vez m\u00e1s cerca de ser el parque nacional m\u00e1s grande del pa\u00eds\" \/>\n<meta property=\"og:description\" content=\"C\u00f3rdoba.-Ubicada en C\u00f3rdoba, es el espejo de agua salada m\u00e1s extenso de Am\u00e9rica latina; ocupa unas 800.000 hect\u00e1reas, es decir, [&hellip;]\" \/>\n<meta property=\"og:url\" content=\"https:\/\/patagoniambiental.com.ar\/info\/laguna-de-mar-chiquita-cada-vez-mas-cerca-de-ser-el-parque-nacional-mas-grande-del-pais\/\" \/>\n<meta property=\"og:site_name\" content=\"Patagonia Ambiental\" \/>\n<meta property=\"article:publisher\" content=\"https:\/\/www.facebook.com\/patagonia.ambiental\" \/>\n<meta property=\"article:author\" content=\"https:\/\/www.facebook.com\/share\/1C1V8Gv9BX\/?mibextid=qi2Omg\" \/>\n<meta property=\"article:published_time\" content=\"2017-05-08T22:00:49+00:00\" \/>\n<meta property=\"og:image\" content=\"https:\/\/patagoniambiental.com.ar\/info\/wp-content\/uploads\/2017\/05\/medio-ambiente-2451147h540.jpg\" \/>\n\t<meta property=\"og:image:width\" content=\"960\" \/>\n\t<meta property=\"og:image:height\" content=\"540\" \/>\n\t<meta property=\"og:image:type\" content=\"image\/jpeg\" \/>\n<meta name=\"author\" content=\"Patagonia Ambiental\" \/>\n<meta name=\"twitter:card\" content=\"summary_large_image\" \/>\n<meta name=\"twitter:creator\" content=\"@PatAmb\" \/>\n<meta name=\"twitter:site\" content=\"@PatAmb\" \/>\n<script type=\"application\/ld+json\" class=\"yoast-schema-graph\">{\"@context\":\"https:\\\/\\\/schema.org\",\"@graph\":[{\"@type\":\"Article\",\"@id\":\"https:\\\/\\\/patagoniambiental.com.ar\\\/info\\\/laguna-de-mar-chiquita-cada-vez-mas-cerca-de-ser-el-parque-nacional-mas-grande-del-pais\\\/#article\",\"isPartOf\":{\"@id\":\"https:\\\/\\\/patagoniambiental.com.ar\\\/info\\\/laguna-de-mar-chiquita-cada-vez-mas-cerca-de-ser-el-parque-nacional-mas-grande-del-pais\\\/\"},\"author\":{\"name\":\"Patagonia Ambiental\",\"@id\":\"https:\\\/\\\/patagoniambiental.com.ar\\\/info\\\/#\\\/schema\\\/person\\\/db12bff64bbcbf6a253710bf0ea37b5d\"},\"headline\":\"Laguna de Mar Chiquita, cada vez m\u00e1s cerca de ser el parque nacional m\u00e1s grande del pa\u00eds\",\"datePublished\":\"2017-05-08T22:00:49+00:00\",\"mainEntityOfPage\":{\"@id\":\"https:\\\/\\\/patagoniambiental.com.ar\\\/info\\\/laguna-de-mar-chiquita-cada-vez-mas-cerca-de-ser-el-parque-nacional-mas-grande-del-pais\\\/\"},\"wordCount\":1466,\"commentCount\":0,\"publisher\":{\"@id\":\"https:\\\/\\\/patagoniambiental.com.ar\\\/info\\\/#organization\"},\"image\":{\"@id\":\"https:\\\/\\\/patagoniambiental.com.ar\\\/info\\\/laguna-de-mar-chiquita-cada-vez-mas-cerca-de-ser-el-parque-nacional-mas-grande-del-pais\\\/#primaryimage\"},\"thumbnailUrl\":\"https:\\\/\\\/patagoniambiental.com.ar\\\/info\\\/wp-content\\\/uploads\\\/2017\\\/05\\\/medio-ambiente-2451147h540.jpg\",\"articleSection\":[\"Noticias\"],\"inLanguage\":\"es\",\"potentialAction\":[{\"@type\":\"CommentAction\",\"name\":\"Comment\",\"target\":[\"https:\\\/\\\/patagoniambiental.com.ar\\\/info\\\/laguna-de-mar-chiquita-cada-vez-mas-cerca-de-ser-el-parque-nacional-mas-grande-del-pais\\\/#respond\"]}]},{\"@type\":\"WebPage\",\"@id\":\"https:\\\/\\\/patagoniambiental.com.ar\\\/info\\\/laguna-de-mar-chiquita-cada-vez-mas-cerca-de-ser-el-parque-nacional-mas-grande-del-pais\\\/\",\"url\":\"https:\\\/\\\/patagoniambiental.com.ar\\\/info\\\/laguna-de-mar-chiquita-cada-vez-mas-cerca-de-ser-el-parque-nacional-mas-grande-del-pais\\\/\",\"name\":\"Laguna de Mar Chiquita, cada vez m\u00e1s cerca de ser el parque nacional m\u00e1s grande del pa\u00eds\",\"isPartOf\":{\"@id\":\"https:\\\/\\\/patagoniambiental.com.ar\\\/info\\\/#website\"},\"primaryImageOfPage\":{\"@id\":\"https:\\\/\\\/patagoniambiental.com.ar\\\/info\\\/laguna-de-mar-chiquita-cada-vez-mas-cerca-de-ser-el-parque-nacional-mas-grande-del-pais\\\/#primaryimage\"},\"image\":{\"@id\":\"https:\\\/\\\/patagoniambiental.com.ar\\\/info\\\/laguna-de-mar-chiquita-cada-vez-mas-cerca-de-ser-el-parque-nacional-mas-grande-del-pais\\\/#primaryimage\"},\"thumbnailUrl\":\"https:\\\/\\\/patagoniambiental.com.ar\\\/info\\\/wp-content\\\/uploads\\\/2017\\\/05\\\/medio-ambiente-2451147h540.jpg\",\"datePublished\":\"2017-05-08T22:00:49+00:00\",\"breadcrumb\":{\"@id\":\"https:\\\/\\\/patagoniambiental.com.ar\\\/info\\\/laguna-de-mar-chiquita-cada-vez-mas-cerca-de-ser-el-parque-nacional-mas-grande-del-pais\\\/#breadcrumb\"},\"inLanguage\":\"es\",\"potentialAction\":[{\"@type\":\"ReadAction\",\"target\":[\"https:\\\/\\\/patagoniambiental.com.ar\\\/info\\\/laguna-de-mar-chiquita-cada-vez-mas-cerca-de-ser-el-parque-nacional-mas-grande-del-pais\\\/\"]}]},{\"@type\":\"ImageObject\",\"inLanguage\":\"es\",\"@id\":\"https:\\\/\\\/patagoniambiental.com.ar\\\/info\\\/laguna-de-mar-chiquita-cada-vez-mas-cerca-de-ser-el-parque-nacional-mas-grande-del-pais\\\/#primaryimage\",\"url\":\"https:\\\/\\\/patagoniambiental.com.ar\\\/info\\\/wp-content\\\/uploads\\\/2017\\\/05\\\/medio-ambiente-2451147h540.jpg\",\"contentUrl\":\"https:\\\/\\\/patagoniambiental.com.ar\\\/info\\\/wp-content\\\/uploads\\\/2017\\\/05\\\/medio-ambiente-2451147h540.jpg\",\"width\":960,\"height\":540},{\"@type\":\"BreadcrumbList\",\"@id\":\"https:\\\/\\\/patagoniambiental.com.ar\\\/info\\\/laguna-de-mar-chiquita-cada-vez-mas-cerca-de-ser-el-parque-nacional-mas-grande-del-pais\\\/#breadcrumb\",\"itemListElement\":[{\"@type\":\"ListItem\",\"position\":1,\"name\":\"Inicio\",\"item\":\"https:\\\/\\\/patagoniambiental.com.ar\\\/info\\\/\"},{\"@type\":\"ListItem\",\"position\":2,\"name\":\"Laguna de Mar Chiquita, cada vez m\u00e1s cerca de ser el parque nacional m\u00e1s grande del pa\u00eds\"}]},{\"@type\":\"WebSite\",\"@id\":\"https:\\\/\\\/patagoniambiental.com.ar\\\/info\\\/#website\",\"url\":\"https:\\\/\\\/patagoniambiental.com.ar\\\/info\\\/\",\"name\":\"Patagonia Ambiental\",\"description\":\"Monitoreo y an\u00e1lisis de la situaci\u00f3n geopol\u00edtica en el mundo y su implicancia en la Patagonia\",\"publisher\":{\"@id\":\"https:\\\/\\\/patagoniambiental.com.ar\\\/info\\\/#organization\"},\"potentialAction\":[{\"@type\":\"SearchAction\",\"target\":{\"@type\":\"EntryPoint\",\"urlTemplate\":\"https:\\\/\\\/patagoniambiental.com.ar\\\/info\\\/?s={search_term_string}\"},\"query-input\":{\"@type\":\"PropertyValueSpecification\",\"valueRequired\":true,\"valueName\":\"search_term_string\"}}],\"inLanguage\":\"es\"},{\"@type\":\"Organization\",\"@id\":\"https:\\\/\\\/patagoniambiental.com.ar\\\/info\\\/#organization\",\"name\":\"Patagonia Ambiental\",\"url\":\"https:\\\/\\\/patagoniambiental.com.ar\\\/info\\\/\",\"logo\":{\"@type\":\"ImageObject\",\"inLanguage\":\"es\",\"@id\":\"https:\\\/\\\/patagoniambiental.com.ar\\\/info\\\/#\\\/schema\\\/logo\\\/image\\\/\",\"url\":\"https:\\\/\\\/patagoniambiental.com.ar\\\/info\\\/wp-content\\\/uploads\\\/2025\\\/05\\\/LOGO-PATAGONIA-AMBIENTAL.png\",\"contentUrl\":\"https:\\\/\\\/patagoniambiental.com.ar\\\/info\\\/wp-content\\\/uploads\\\/2025\\\/05\\\/LOGO-PATAGONIA-AMBIENTAL.png\",\"width\":433,\"height\":250,\"caption\":\"Patagonia Ambiental\"},\"image\":{\"@id\":\"https:\\\/\\\/patagoniambiental.com.ar\\\/info\\\/#\\\/schema\\\/logo\\\/image\\\/\"},\"sameAs\":[\"https:\\\/\\\/www.facebook.com\\\/patagonia.ambiental\",\"https:\\\/\\\/x.com\\\/PatAmb\"]},{\"@type\":\"Person\",\"@id\":\"https:\\\/\\\/patagoniambiental.com.ar\\\/info\\\/#\\\/schema\\\/person\\\/db12bff64bbcbf6a253710bf0ea37b5d\",\"name\":\"Patagonia Ambiental\",\"description\":\"Andr\u00e9s Nievas T\u00e9cnico en manejo ambiental, consultor Ambiental y escritor para medios locales e internacionales sobre temas de geopolitica y medio ambiente.\",\"sameAs\":[\"http:\\\/\\\/www.patagoniambiental.com.ar\",\"https:\\\/\\\/www.facebook.com\\\/share\\\/1C1V8Gv9BX\\\/?mibextid=qi2Omg\",\"@patagoniambiental\",\"https:\\\/\\\/youtube.com\\\/@patagoniaambiental2023?si=BLt58t0wuXquxlYZ\"]}]}<\/script>\n<!-- \/ Yoast SEO Premium plugin. -->","yoast_head_json":{"title":"Laguna de Mar Chiquita, cada vez m\u00e1s cerca de ser el parque nacional m\u00e1s grande del pa\u00eds","robots":{"index":"index","follow":"follow","max-snippet":"max-snippet:-1","max-image-preview":"max-image-preview:large","max-video-preview":"max-video-preview:-1"},"canonical":"https:\/\/patagoniambiental.com.ar\/info\/laguna-de-mar-chiquita-cada-vez-mas-cerca-de-ser-el-parque-nacional-mas-grande-del-pais\/","og_locale":"es_ES","og_type":"article","og_title":"Laguna de Mar Chiquita, cada vez m\u00e1s cerca de ser el parque nacional m\u00e1s grande del pa\u00eds","og_description":"C\u00f3rdoba.-Ubicada en C\u00f3rdoba, es el espejo de agua salada m\u00e1s extenso de Am\u00e9rica latina; ocupa unas 800.000 hect\u00e1reas, es decir, [&hellip;]","og_url":"https:\/\/patagoniambiental.com.ar\/info\/laguna-de-mar-chiquita-cada-vez-mas-cerca-de-ser-el-parque-nacional-mas-grande-del-pais\/","og_site_name":"Patagonia Ambiental","article_publisher":"https:\/\/www.facebook.com\/patagonia.ambiental","article_author":"https:\/\/www.facebook.com\/share\/1C1V8Gv9BX\/?mibextid=qi2Omg","article_published_time":"2017-05-08T22:00:49+00:00","og_image":[{"width":960,"height":540,"url":"https:\/\/patagoniambiental.com.ar\/info\/wp-content\/uploads\/2017\/05\/medio-ambiente-2451147h540.jpg","type":"image\/jpeg"}],"author":"Patagonia Ambiental","twitter_card":"summary_large_image","twitter_creator":"@PatAmb","twitter_site":"@PatAmb","schema":{"@context":"https:\/\/schema.org","@graph":[{"@type":"Article","@id":"https:\/\/patagoniambiental.com.ar\/info\/laguna-de-mar-chiquita-cada-vez-mas-cerca-de-ser-el-parque-nacional-mas-grande-del-pais\/#article","isPartOf":{"@id":"https:\/\/patagoniambiental.com.ar\/info\/laguna-de-mar-chiquita-cada-vez-mas-cerca-de-ser-el-parque-nacional-mas-grande-del-pais\/"},"author":{"name":"Patagonia Ambiental","@id":"https:\/\/patagoniambiental.com.ar\/info\/#\/schema\/person\/db12bff64bbcbf6a253710bf0ea37b5d"},"headline":"Laguna de Mar Chiquita, cada vez m\u00e1s cerca de ser el parque nacional m\u00e1s grande del pa\u00eds","datePublished":"2017-05-08T22:00:49+00:00","mainEntityOfPage":{"@id":"https:\/\/patagoniambiental.com.ar\/info\/laguna-de-mar-chiquita-cada-vez-mas-cerca-de-ser-el-parque-nacional-mas-grande-del-pais\/"},"wordCount":1466,"commentCount":0,"publisher":{"@id":"https:\/\/patagoniambiental.com.ar\/info\/#organization"},"image":{"@id":"https:\/\/patagoniambiental.com.ar\/info\/laguna-de-mar-chiquita-cada-vez-mas-cerca-de-ser-el-parque-nacional-mas-grande-del-pais\/#primaryimage"},"thumbnailUrl":"https:\/\/patagoniambiental.com.ar\/info\/wp-content\/uploads\/2017\/05\/medio-ambiente-2451147h540.jpg","articleSection":["Noticias"],"inLanguage":"es","potentialAction":[{"@type":"CommentAction","name":"Comment","target":["https:\/\/patagoniambiental.com.ar\/info\/laguna-de-mar-chiquita-cada-vez-mas-cerca-de-ser-el-parque-nacional-mas-grande-del-pais\/#respond"]}]},{"@type":"WebPage","@id":"https:\/\/patagoniambiental.com.ar\/info\/laguna-de-mar-chiquita-cada-vez-mas-cerca-de-ser-el-parque-nacional-mas-grande-del-pais\/","url":"https:\/\/patagoniambiental.com.ar\/info\/laguna-de-mar-chiquita-cada-vez-mas-cerca-de-ser-el-parque-nacional-mas-grande-del-pais\/","name":"Laguna de Mar Chiquita, cada vez m\u00e1s cerca de ser el parque nacional m\u00e1s grande del pa\u00eds","isPartOf":{"@id":"https:\/\/patagoniambiental.com.ar\/info\/#website"},"primaryImageOfPage":{"@id":"https:\/\/patagoniambiental.com.ar\/info\/laguna-de-mar-chiquita-cada-vez-mas-cerca-de-ser-el-parque-nacional-mas-grande-del-pais\/#primaryimage"},"image":{"@id":"https:\/\/patagoniambiental.com.ar\/info\/laguna-de-mar-chiquita-cada-vez-mas-cerca-de-ser-el-parque-nacional-mas-grande-del-pais\/#primaryimage"},"thumbnailUrl":"https:\/\/patagoniambiental.com.ar\/info\/wp-content\/uploads\/2017\/05\/medio-ambiente-2451147h540.jpg","datePublished":"2017-05-08T22:00:49+00:00","breadcrumb":{"@id":"https:\/\/patagoniambiental.com.ar\/info\/laguna-de-mar-chiquita-cada-vez-mas-cerca-de-ser-el-parque-nacional-mas-grande-del-pais\/#breadcrumb"},"inLanguage":"es","potentialAction":[{"@type":"ReadAction","target":["https:\/\/patagoniambiental.com.ar\/info\/laguna-de-mar-chiquita-cada-vez-mas-cerca-de-ser-el-parque-nacional-mas-grande-del-pais\/"]}]},{"@type":"ImageObject","inLanguage":"es","@id":"https:\/\/patagoniambiental.com.ar\/info\/laguna-de-mar-chiquita-cada-vez-mas-cerca-de-ser-el-parque-nacional-mas-grande-del-pais\/#primaryimage","url":"https:\/\/patagoniambiental.com.ar\/info\/wp-content\/uploads\/2017\/05\/medio-ambiente-2451147h540.jpg","contentUrl":"https:\/\/patagoniambiental.com.ar\/info\/wp-content\/uploads\/2017\/05\/medio-ambiente-2451147h540.jpg","width":960,"height":540},{"@type":"BreadcrumbList","@id":"https:\/\/patagoniambiental.com.ar\/info\/laguna-de-mar-chiquita-cada-vez-mas-cerca-de-ser-el-parque-nacional-mas-grande-del-pais\/#breadcrumb","itemListElement":[{"@type":"ListItem","position":1,"name":"Inicio","item":"https:\/\/patagoniambiental.com.ar\/info\/"},{"@type":"ListItem","position":2,"name":"Laguna de Mar Chiquita, cada vez m\u00e1s cerca de ser el parque nacional m\u00e1s grande del pa\u00eds"}]},{"@type":"WebSite","@id":"https:\/\/patagoniambiental.com.ar\/info\/#website","url":"https:\/\/patagoniambiental.com.ar\/info\/","name":"Patagonia Ambiental","description":"Monitoreo y an\u00e1lisis de la situaci\u00f3n geopol\u00edtica en el mundo y su implicancia en la Patagonia","publisher":{"@id":"https:\/\/patagoniambiental.com.ar\/info\/#organization"},"potentialAction":[{"@type":"SearchAction","target":{"@type":"EntryPoint","urlTemplate":"https:\/\/patagoniambiental.com.ar\/info\/?s={search_term_string}"},"query-input":{"@type":"PropertyValueSpecification","valueRequired":true,"valueName":"search_term_string"}}],"inLanguage":"es"},{"@type":"Organization","@id":"https:\/\/patagoniambiental.com.ar\/info\/#organization","name":"Patagonia Ambiental","url":"https:\/\/patagoniambiental.com.ar\/info\/","logo":{"@type":"ImageObject","inLanguage":"es","@id":"https:\/\/patagoniambiental.com.ar\/info\/#\/schema\/logo\/image\/","url":"https:\/\/patagoniambiental.com.ar\/info\/wp-content\/uploads\/2025\/05\/LOGO-PATAGONIA-AMBIENTAL.png","contentUrl":"https:\/\/patagoniambiental.com.ar\/info\/wp-content\/uploads\/2025\/05\/LOGO-PATAGONIA-AMBIENTAL.png","width":433,"height":250,"caption":"Patagonia Ambiental"},"image":{"@id":"https:\/\/patagoniambiental.com.ar\/info\/#\/schema\/logo\/image\/"},"sameAs":["https:\/\/www.facebook.com\/patagonia.ambiental","https:\/\/x.com\/PatAmb"]},{"@type":"Person","@id":"https:\/\/patagoniambiental.com.ar\/info\/#\/schema\/person\/db12bff64bbcbf6a253710bf0ea37b5d","name":"Patagonia Ambiental","description":"Andr\u00e9s Nievas T\u00e9cnico en manejo ambiental, consultor Ambiental y escritor para medios locales e internacionales sobre temas de geopolitica y medio ambiente.","sameAs":["http:\/\/www.patagoniambiental.com.ar","https:\/\/www.facebook.com\/share\/1C1V8Gv9BX\/?mibextid=qi2Omg","@patagoniambiental","https:\/\/youtube.com\/@patagoniaambiental2023?si=BLt58t0wuXquxlYZ"]}]}},"_links":{"self":[{"href":"https:\/\/patagoniambiental.com.ar\/info\/wp-json\/wp\/v2\/posts\/28726","targetHints":{"allow":["GET"]}}],"collection":[{"href":"https:\/\/patagoniambiental.com.ar\/info\/wp-json\/wp\/v2\/posts"}],"about":[{"href":"https:\/\/patagoniambiental.com.ar\/info\/wp-json\/wp\/v2\/types\/post"}],"author":[{"embeddable":true,"href":"https:\/\/patagoniambiental.com.ar\/info\/wp-json\/wp\/v2\/users\/2"}],"replies":[{"embeddable":true,"href":"https:\/\/patagoniambiental.com.ar\/info\/wp-json\/wp\/v2\/comments?post=28726"}],"version-history":[{"count":0,"href":"https:\/\/patagoniambiental.com.ar\/info\/wp-json\/wp\/v2\/posts\/28726\/revisions"}],"wp:featuredmedia":[{"embeddable":true,"href":"https:\/\/patagoniambiental.com.ar\/info\/wp-json\/wp\/v2\/media\/28727"}],"wp:attachment":[{"href":"https:\/\/patagoniambiental.com.ar\/info\/wp-json\/wp\/v2\/media?parent=28726"}],"wp:term":[{"taxonomy":"category","embeddable":true,"href":"https:\/\/patagoniambiental.com.ar\/info\/wp-json\/wp\/v2\/categories?post=28726"},{"taxonomy":"post_tag","embeddable":true,"href":"https:\/\/patagoniambiental.com.ar\/info\/wp-json\/wp\/v2\/tags?post=28726"}],"curies":[{"name":"wp","href":"https:\/\/api.w.org\/{rel}","templated":true}]}}