{"id":28746,"date":"2017-05-09T09:00:21","date_gmt":"2017-05-09T12:00:21","guid":{"rendered":"http:\/\/patagoniambiental.com.ar\/info\/?p=28746"},"modified":"2017-05-08T20:27:16","modified_gmt":"2017-05-08T23:27:16","slug":"continuan-en-bariloche-las-charlas-para-prevenir-las-intoxicaciones-con-monoxido-de-carbono","status":"publish","type":"post","link":"https:\/\/patagoniambiental.com.ar\/info\/continuan-en-bariloche-las-charlas-para-prevenir-las-intoxicaciones-con-monoxido-de-carbono\/","title":{"rendered":"Contin\u00faan en Bariloche las charlas para prevenir las intoxicaciones con mon\u00f3xido de carbono"},"content":{"rendered":"<div dir=\"ltr\">\n<div dir=\"ltr\"><\/div>\n<div dir=\"ltr\"><\/div>\n<div dir=\"ltr\">BARILOCHE.- La Subsecretar\u00eda de Protecci\u00f3n Civil comenz\u00f3 hoy un ciclo de charlas informativas gratuitas en diversos puntos de la ciudad, que brindar especialistas del Hospital Zonal, Bomberos Voluntarios y Camuzzi. Hay charlas hoy, el viernes 12 y el lunes 15 en distintos horarios.<\/div>\n<div dir=\"ltr\"><\/div>\n<div dir=\"ltr\">Los encuentros informativos comenzaron hoy lunes y se extender\u00e1n durante todo el mes de mayo, con la organizaci\u00f3n de la Subsecretar\u00eda de Protecci\u00f3n Civil municipal en el marco del \u201cPrograma de Prevenci\u00f3n de Intoxicaci\u00f3n por Inhalaci\u00f3n de Mon\u00f3xido de Carbono\u201d, que fue aprobado por unanimidad en el Concejo Deliberante el a\u00f1o pasado a trav\u00e9s de la ordenanza N\u00ba 2805.<\/div>\n<div dir=\"ltr\"><\/div>\n<div dir=\"ltr\">El programa de charlas busca reflejar distintos enfoques sobre la tem\u00e1tica, desde el aspecto t\u00e9cnico hasta el m\u00e9dico, pasando por los procedimientos de primera respuesta. Para esto, el Municipio convoc\u00f3 para trabajar en conjunto a profesionales del Hospital Zonal \u201cRam\u00f3n Carrillo\u201d, de Bomberos Voluntarios y de la empresa Camuzzi Gas del Sur.<\/div>\n<div dir=\"ltr\"><\/div>\n<div dir=\"ltr\">\u201cLa intenci\u00f3n de este programa \u2014explicaron desde el \u00e1rea\u2014 es acercar al ciudadano los conocimientos b\u00e1sicos, en caso de que tenga que participar en eventos relacionados con el mon\u00f3xido de carbono, primero para evitarlos y tambi\u00e9n para poder brindar una acertada atenci\u00f3n m\u00ednima con conocimientos y habilidades encaminadas\u201d.<\/div>\n<div dir=\"ltr\"><\/div>\n<div dir=\"ltr\">De esta manera, durante los encuentros se trabajar\u00e1 sobre: la identificaci\u00f3n de riesgos en distintos escenarios; reconocer cuando se est\u00e1 en presencia de CO; medidas preventivas b\u00e1sicas; reconocimiento de s\u00edntomas de intoxicaci\u00f3n (cuando se inician y cuando terminan); mecanismos de primeras atenciones en caso de inhalaci\u00f3n; identificaci\u00f3n de paro cardio respiratorio en lactantes, ni\u00f1os y adultos y c\u00f3mo activar la Cadena de la Supervivencia, y tratamiento b\u00e1sico hasta la llegada de profesionales, bomberos y\/o ambulancia.<\/div>\n<div dir=\"ltr\"><\/div>\n<div dir=\"ltr\">Para asegurar que los encuentros sean accesibles a los vecinos de los distintos barrios de la ciudad, Protecci\u00f3n Civil elabor\u00f3 un cronograma de varias charlas \u2014con una duraci\u00f3n de 2 horas cada una\u2014 que tendr\u00e1n lugar en diversos puntos y fechas a lo largo del mes de mayo:<\/div>\n<div dir=\"ltr\"><\/div>\n<div dir=\"ltr\"><\/div>\n<div dir=\"ltr\"><\/div>\n<div dir=\"ltr\"><b>Viernes 12 de mayo:<\/b><\/div>\n<div dir=\"ltr\"><\/div>\n<div dir=\"ltr\">&#8211; 10:30 a 12:30 hs: Destacamento de Bomberos Melipal (Roca N\u00ba 3745, B\u00ba Melipal)<\/div>\n<div dir=\"ltr\"><\/div>\n<div dir=\"ltr\">&#8211; 13:00 a 15:00 hs: Destacamento de Bomberos N\u00ba 1 \u201cLos Coihues\u201d (PN Lago Puelo N\u00ba 736, Los Coihues)<\/div>\n<div dir=\"ltr\"><\/div>\n<div dir=\"ltr\">&#8211; 15:30 a 18:00 hs: Destacamento de Bomberos Ruca Cura (calle 11 N\u00b0 933, B\u00ba Casa de Piedra)<\/div>\n<div dir=\"ltr\"><\/div>\n<div dir=\"ltr\"><\/div>\n<div dir=\"ltr\"><b>Lunes 15 de mayo:<\/b><\/div>\n<div dir=\"ltr\"><\/div>\n<div dir=\"ltr\">&#8211; 10:00 a 12:00 hs: Destacamento de Bomberos Campanario (km 20, Av. Bustillo)<\/div>\n<div dir=\"ltr\"><\/div>\n<div dir=\"ltr\"><\/div>\n<\/div>\n","protected":false},"excerpt":{"rendered":"<p>BARILOCHE.- La Subsecretar\u00eda de Protecci\u00f3n Civil comenz\u00f3 hoy un ciclo de charlas informativas gratuitas en diversos puntos de la ciudad, [&hellip;]<\/p>\n","protected":false},"author":2,"featured_media":28747,"comment_status":"open","ping_status":"open","sticky":false,"template":"","format":"standard","meta":{"site-sidebar-layout":"default","site-content-layout":"","ast-site-content-layout":"default","site-content-style":"default","site-sidebar-style":"default","ast-global-header-display":"","ast-banner-title-visibility":"","ast-main-header-display":"","ast-hfb-above-header-display":"","ast-hfb-below-header-display":"","ast-hfb-mobile-header-display":"","site-post-title":"","ast-breadcrumbs-content":"","ast-featured-img":"","footer-sml-layout":"","ast-disable-related-posts":"","theme-transparent-header-meta":"","adv-header-id-meta":"","stick-header-meta":"","header-above-stick-meta":"","header-main-stick-meta":"","header-below-stick-meta":"","astra-migrate-meta-layouts":"default","ast-page-background-enabled":"default","ast-page-background-meta":{"desktop":{"background-color":"var(--ast-global-color-5)","background-image":"","background-repeat":"repeat","background-position":"center center","background-size":"auto","background-attachment":"scroll","background-type":"","background-media":"","overlay-type":"","overlay-color":"","overlay-opacity":"","overlay-gradient":""},"tablet":{"background-color":"","background-image":"","background-repeat":"repeat","background-position":"center center","background-size":"auto","background-attachment":"scroll","background-type":"","background-media":"","overlay-type":"","overlay-color":"","overlay-opacity":"","overlay-gradient":""},"mobile":{"background-color":"","background-image":"","background-repeat":"repeat","background-position":"center center","background-size":"auto","background-attachment":"scroll","background-type":"","background-media":"","overlay-type":"","overlay-color":"","overlay-opacity":"","overlay-gradient":""}},"ast-content-background-meta":{"desktop":{"background-color":"var(--ast-global-color-4)","background-image":"","background-repeat":"repeat","background-position":"center center","background-size":"auto","background-attachment":"scroll","background-type":"","background-media":"","overlay-type":"","overlay-color":"","overlay-opacity":"","overlay-gradient":""},"tablet":{"background-color":"var(--ast-global-color-4)","background-image":"","background-repeat":"repeat","background-position":"center center","background-size":"auto","background-attachment":"scroll","background-type":"","background-media":"","overlay-type":"","overlay-color":"","overlay-opacity":"","overlay-gradient":""},"mobile":{"background-color":"var(--ast-global-color-4)","background-image":"","background-repeat":"repeat","background-position":"center center","background-size":"auto","background-attachment":"scroll","background-type":"","background-media":"","overlay-type":"","overlay-color":"","overlay-opacity":"","overlay-gradient":""}},"footnotes":""},"categories":[12,46,1],"tags":[],"class_list":["post-28746","post","type-post","status-publish","format-standard","has-post-thumbnail","hentry","category-agenda-ambiental","category-municipios","category-noticias"],"yoast_head":"<!-- This site is optimized with the Yoast SEO Premium plugin v23.0 (Yoast SEO v27.5) - https:\/\/yoast.com\/product\/yoast-seo-premium-wordpress\/ -->\n<title>Contin\u00faan en Bariloche las charlas para prevenir las intoxicaciones con mon\u00f3xido de carbono<\/title>\n<meta name=\"robots\" content=\"index, follow, max-snippet:-1, max-image-preview:large, max-video-preview:-1\" \/>\n<link rel=\"canonical\" href=\"https:\/\/patagoniambiental.com.ar\/info\/continuan-en-bariloche-las-charlas-para-prevenir-las-intoxicaciones-con-monoxido-de-carbono\/\" \/>\n<meta property=\"og:locale\" content=\"es_ES\" \/>\n<meta property=\"og:type\" content=\"article\" \/>\n<meta property=\"og:title\" content=\"Contin\u00faan en Bariloche las charlas para prevenir las intoxicaciones con mon\u00f3xido de carbono\" \/>\n<meta property=\"og:description\" content=\"BARILOCHE.- La Subsecretar\u00eda de Protecci\u00f3n Civil comenz\u00f3 hoy un ciclo de charlas informativas gratuitas en diversos puntos de la ciudad, [&hellip;]\" \/>\n<meta property=\"og:url\" content=\"https:\/\/patagoniambiental.com.ar\/info\/continuan-en-bariloche-las-charlas-para-prevenir-las-intoxicaciones-con-monoxido-de-carbono\/\" \/>\n<meta property=\"og:site_name\" content=\"Patagonia Ambiental\" \/>\n<meta property=\"article:publisher\" content=\"https:\/\/www.facebook.com\/patagonia.ambiental\" \/>\n<meta property=\"article:author\" content=\"https:\/\/www.facebook.com\/share\/1C1V8Gv9BX\/?mibextid=qi2Omg\" \/>\n<meta property=\"article:published_time\" content=\"2017-05-09T12:00:21+00:00\" \/>\n<meta property=\"og:image\" content=\"https:\/\/patagoniambiental.com.ar\/info\/wp-content\/uploads\/2017\/05\/afiche-monoxido-1.jpg\" \/>\n\t<meta property=\"og:image:width\" content=\"855\" \/>\n\t<meta property=\"og:image:height\" content=\"1225\" \/>\n\t<meta property=\"og:image:type\" content=\"image\/jpeg\" \/>\n<meta name=\"author\" content=\"Patagonia Ambiental\" \/>\n<meta name=\"twitter:card\" content=\"summary_large_image\" \/>\n<meta name=\"twitter:creator\" content=\"@PatAmb\" \/>\n<meta name=\"twitter:site\" content=\"@PatAmb\" \/>\n<script type=\"application\/ld+json\" class=\"yoast-schema-graph\">{\"@context\":\"https:\\\/\\\/schema.org\",\"@graph\":[{\"@type\":\"Article\",\"@id\":\"https:\\\/\\\/patagoniambiental.com.ar\\\/info\\\/continuan-en-bariloche-las-charlas-para-prevenir-las-intoxicaciones-con-monoxido-de-carbono\\\/#article\",\"isPartOf\":{\"@id\":\"https:\\\/\\\/patagoniambiental.com.ar\\\/info\\\/continuan-en-bariloche-las-charlas-para-prevenir-las-intoxicaciones-con-monoxido-de-carbono\\\/\"},\"author\":{\"name\":\"Patagonia Ambiental\",\"@id\":\"https:\\\/\\\/patagoniambiental.com.ar\\\/info\\\/#\\\/schema\\\/person\\\/db12bff64bbcbf6a253710bf0ea37b5d\"},\"headline\":\"Contin\u00faan en Bariloche las charlas para prevenir las intoxicaciones con mon\u00f3xido de carbono\",\"datePublished\":\"2017-05-09T12:00:21+00:00\",\"mainEntityOfPage\":{\"@id\":\"https:\\\/\\\/patagoniambiental.com.ar\\\/info\\\/continuan-en-bariloche-las-charlas-para-prevenir-las-intoxicaciones-con-monoxido-de-carbono\\\/\"},\"wordCount\":428,\"commentCount\":0,\"publisher\":{\"@id\":\"https:\\\/\\\/patagoniambiental.com.ar\\\/info\\\/#organization\"},\"image\":{\"@id\":\"https:\\\/\\\/patagoniambiental.com.ar\\\/info\\\/continuan-en-bariloche-las-charlas-para-prevenir-las-intoxicaciones-con-monoxido-de-carbono\\\/#primaryimage\"},\"thumbnailUrl\":\"https:\\\/\\\/patagoniambiental.com.ar\\\/info\\\/wp-content\\\/uploads\\\/2017\\\/05\\\/afiche-monoxido-1.jpg\",\"articleSection\":[\"Agenda Ambiental\",\"Municipios\",\"Noticias\"],\"inLanguage\":\"es\",\"potentialAction\":[{\"@type\":\"CommentAction\",\"name\":\"Comment\",\"target\":[\"https:\\\/\\\/patagoniambiental.com.ar\\\/info\\\/continuan-en-bariloche-las-charlas-para-prevenir-las-intoxicaciones-con-monoxido-de-carbono\\\/#respond\"]}]},{\"@type\":\"WebPage\",\"@id\":\"https:\\\/\\\/patagoniambiental.com.ar\\\/info\\\/continuan-en-bariloche-las-charlas-para-prevenir-las-intoxicaciones-con-monoxido-de-carbono\\\/\",\"url\":\"https:\\\/\\\/patagoniambiental.com.ar\\\/info\\\/continuan-en-bariloche-las-charlas-para-prevenir-las-intoxicaciones-con-monoxido-de-carbono\\\/\",\"name\":\"Contin\u00faan en Bariloche las charlas para prevenir las intoxicaciones con mon\u00f3xido de carbono\",\"isPartOf\":{\"@id\":\"https:\\\/\\\/patagoniambiental.com.ar\\\/info\\\/#website\"},\"primaryImageOfPage\":{\"@id\":\"https:\\\/\\\/patagoniambiental.com.ar\\\/info\\\/continuan-en-bariloche-las-charlas-para-prevenir-las-intoxicaciones-con-monoxido-de-carbono\\\/#primaryimage\"},\"image\":{\"@id\":\"https:\\\/\\\/patagoniambiental.com.ar\\\/info\\\/continuan-en-bariloche-las-charlas-para-prevenir-las-intoxicaciones-con-monoxido-de-carbono\\\/#primaryimage\"},\"thumbnailUrl\":\"https:\\\/\\\/patagoniambiental.com.ar\\\/info\\\/wp-content\\\/uploads\\\/2017\\\/05\\\/afiche-monoxido-1.jpg\",\"datePublished\":\"2017-05-09T12:00:21+00:00\",\"breadcrumb\":{\"@id\":\"https:\\\/\\\/patagoniambiental.com.ar\\\/info\\\/continuan-en-bariloche-las-charlas-para-prevenir-las-intoxicaciones-con-monoxido-de-carbono\\\/#breadcrumb\"},\"inLanguage\":\"es\",\"potentialAction\":[{\"@type\":\"ReadAction\",\"target\":[\"https:\\\/\\\/patagoniambiental.com.ar\\\/info\\\/continuan-en-bariloche-las-charlas-para-prevenir-las-intoxicaciones-con-monoxido-de-carbono\\\/\"]}]},{\"@type\":\"ImageObject\",\"inLanguage\":\"es\",\"@id\":\"https:\\\/\\\/patagoniambiental.com.ar\\\/info\\\/continuan-en-bariloche-las-charlas-para-prevenir-las-intoxicaciones-con-monoxido-de-carbono\\\/#primaryimage\",\"url\":\"https:\\\/\\\/patagoniambiental.com.ar\\\/info\\\/wp-content\\\/uploads\\\/2017\\\/05\\\/afiche-monoxido-1.jpg\",\"contentUrl\":\"https:\\\/\\\/patagoniambiental.com.ar\\\/info\\\/wp-content\\\/uploads\\\/2017\\\/05\\\/afiche-monoxido-1.jpg\",\"width\":419,\"height\":600},{\"@type\":\"BreadcrumbList\",\"@id\":\"https:\\\/\\\/patagoniambiental.com.ar\\\/info\\\/continuan-en-bariloche-las-charlas-para-prevenir-las-intoxicaciones-con-monoxido-de-carbono\\\/#breadcrumb\",\"itemListElement\":[{\"@type\":\"ListItem\",\"position\":1,\"name\":\"Inicio\",\"item\":\"https:\\\/\\\/patagoniambiental.com.ar\\\/info\\\/\"},{\"@type\":\"ListItem\",\"position\":2,\"name\":\"Contin\u00faan en Bariloche las charlas para prevenir las intoxicaciones con mon\u00f3xido de carbono\"}]},{\"@type\":\"WebSite\",\"@id\":\"https:\\\/\\\/patagoniambiental.com.ar\\\/info\\\/#website\",\"url\":\"https:\\\/\\\/patagoniambiental.com.ar\\\/info\\\/\",\"name\":\"Patagonia Ambiental\",\"description\":\"Monitoreo y an\u00e1lisis de la situaci\u00f3n geopol\u00edtica en el mundo y su implicancia en la Patagonia\",\"publisher\":{\"@id\":\"https:\\\/\\\/patagoniambiental.com.ar\\\/info\\\/#organization\"},\"potentialAction\":[{\"@type\":\"SearchAction\",\"target\":{\"@type\":\"EntryPoint\",\"urlTemplate\":\"https:\\\/\\\/patagoniambiental.com.ar\\\/info\\\/?s={search_term_string}\"},\"query-input\":{\"@type\":\"PropertyValueSpecification\",\"valueRequired\":true,\"valueName\":\"search_term_string\"}}],\"inLanguage\":\"es\"},{\"@type\":\"Organization\",\"@id\":\"https:\\\/\\\/patagoniambiental.com.ar\\\/info\\\/#organization\",\"name\":\"Patagonia Ambiental\",\"url\":\"https:\\\/\\\/patagoniambiental.com.ar\\\/info\\\/\",\"logo\":{\"@type\":\"ImageObject\",\"inLanguage\":\"es\",\"@id\":\"https:\\\/\\\/patagoniambiental.com.ar\\\/info\\\/#\\\/schema\\\/logo\\\/image\\\/\",\"url\":\"https:\\\/\\\/patagoniambiental.com.ar\\\/info\\\/wp-content\\\/uploads\\\/2025\\\/05\\\/LOGO-PATAGONIA-AMBIENTAL.png\",\"contentUrl\":\"https:\\\/\\\/patagoniambiental.com.ar\\\/info\\\/wp-content\\\/uploads\\\/2025\\\/05\\\/LOGO-PATAGONIA-AMBIENTAL.png\",\"width\":433,\"height\":250,\"caption\":\"Patagonia Ambiental\"},\"image\":{\"@id\":\"https:\\\/\\\/patagoniambiental.com.ar\\\/info\\\/#\\\/schema\\\/logo\\\/image\\\/\"},\"sameAs\":[\"https:\\\/\\\/www.facebook.com\\\/patagonia.ambiental\",\"https:\\\/\\\/x.com\\\/PatAmb\"]},{\"@type\":\"Person\",\"@id\":\"https:\\\/\\\/patagoniambiental.com.ar\\\/info\\\/#\\\/schema\\\/person\\\/db12bff64bbcbf6a253710bf0ea37b5d\",\"name\":\"Patagonia Ambiental\",\"description\":\"Andr\u00e9s Nievas T\u00e9cnico en manejo ambiental, consultor Ambiental y escritor para medios locales e internacionales sobre temas de geopolitica y medio ambiente.\",\"sameAs\":[\"http:\\\/\\\/www.patagoniambiental.com.ar\",\"https:\\\/\\\/www.facebook.com\\\/share\\\/1C1V8Gv9BX\\\/?mibextid=qi2Omg\",\"@patagoniambiental\",\"https:\\\/\\\/youtube.com\\\/@patagoniaambiental2023?si=BLt58t0wuXquxlYZ\"]}]}<\/script>\n<!-- \/ Yoast SEO Premium plugin. -->","yoast_head_json":{"title":"Contin\u00faan en Bariloche las charlas para prevenir las intoxicaciones con mon\u00f3xido de carbono","robots":{"index":"index","follow":"follow","max-snippet":"max-snippet:-1","max-image-preview":"max-image-preview:large","max-video-preview":"max-video-preview:-1"},"canonical":"https:\/\/patagoniambiental.com.ar\/info\/continuan-en-bariloche-las-charlas-para-prevenir-las-intoxicaciones-con-monoxido-de-carbono\/","og_locale":"es_ES","og_type":"article","og_title":"Contin\u00faan en Bariloche las charlas para prevenir las intoxicaciones con mon\u00f3xido de carbono","og_description":"BARILOCHE.- La Subsecretar\u00eda de Protecci\u00f3n Civil comenz\u00f3 hoy un ciclo de charlas informativas gratuitas en diversos puntos de la ciudad, [&hellip;]","og_url":"https:\/\/patagoniambiental.com.ar\/info\/continuan-en-bariloche-las-charlas-para-prevenir-las-intoxicaciones-con-monoxido-de-carbono\/","og_site_name":"Patagonia Ambiental","article_publisher":"https:\/\/www.facebook.com\/patagonia.ambiental","article_author":"https:\/\/www.facebook.com\/share\/1C1V8Gv9BX\/?mibextid=qi2Omg","article_published_time":"2017-05-09T12:00:21+00:00","og_image":[{"width":855,"height":1225,"url":"https:\/\/patagoniambiental.com.ar\/info\/wp-content\/uploads\/2017\/05\/afiche-monoxido-1.jpg","type":"image\/jpeg"}],"author":"Patagonia Ambiental","twitter_card":"summary_large_image","twitter_creator":"@PatAmb","twitter_site":"@PatAmb","schema":{"@context":"https:\/\/schema.org","@graph":[{"@type":"Article","@id":"https:\/\/patagoniambiental.com.ar\/info\/continuan-en-bariloche-las-charlas-para-prevenir-las-intoxicaciones-con-monoxido-de-carbono\/#article","isPartOf":{"@id":"https:\/\/patagoniambiental.com.ar\/info\/continuan-en-bariloche-las-charlas-para-prevenir-las-intoxicaciones-con-monoxido-de-carbono\/"},"author":{"name":"Patagonia Ambiental","@id":"https:\/\/patagoniambiental.com.ar\/info\/#\/schema\/person\/db12bff64bbcbf6a253710bf0ea37b5d"},"headline":"Contin\u00faan en Bariloche las charlas para prevenir las intoxicaciones con mon\u00f3xido de carbono","datePublished":"2017-05-09T12:00:21+00:00","mainEntityOfPage":{"@id":"https:\/\/patagoniambiental.com.ar\/info\/continuan-en-bariloche-las-charlas-para-prevenir-las-intoxicaciones-con-monoxido-de-carbono\/"},"wordCount":428,"commentCount":0,"publisher":{"@id":"https:\/\/patagoniambiental.com.ar\/info\/#organization"},"image":{"@id":"https:\/\/patagoniambiental.com.ar\/info\/continuan-en-bariloche-las-charlas-para-prevenir-las-intoxicaciones-con-monoxido-de-carbono\/#primaryimage"},"thumbnailUrl":"https:\/\/patagoniambiental.com.ar\/info\/wp-content\/uploads\/2017\/05\/afiche-monoxido-1.jpg","articleSection":["Agenda Ambiental","Municipios","Noticias"],"inLanguage":"es","potentialAction":[{"@type":"CommentAction","name":"Comment","target":["https:\/\/patagoniambiental.com.ar\/info\/continuan-en-bariloche-las-charlas-para-prevenir-las-intoxicaciones-con-monoxido-de-carbono\/#respond"]}]},{"@type":"WebPage","@id":"https:\/\/patagoniambiental.com.ar\/info\/continuan-en-bariloche-las-charlas-para-prevenir-las-intoxicaciones-con-monoxido-de-carbono\/","url":"https:\/\/patagoniambiental.com.ar\/info\/continuan-en-bariloche-las-charlas-para-prevenir-las-intoxicaciones-con-monoxido-de-carbono\/","name":"Contin\u00faan en Bariloche las charlas para prevenir las intoxicaciones con mon\u00f3xido de carbono","isPartOf":{"@id":"https:\/\/patagoniambiental.com.ar\/info\/#website"},"primaryImageOfPage":{"@id":"https:\/\/patagoniambiental.com.ar\/info\/continuan-en-bariloche-las-charlas-para-prevenir-las-intoxicaciones-con-monoxido-de-carbono\/#primaryimage"},"image":{"@id":"https:\/\/patagoniambiental.com.ar\/info\/continuan-en-bariloche-las-charlas-para-prevenir-las-intoxicaciones-con-monoxido-de-carbono\/#primaryimage"},"thumbnailUrl":"https:\/\/patagoniambiental.com.ar\/info\/wp-content\/uploads\/2017\/05\/afiche-monoxido-1.jpg","datePublished":"2017-05-09T12:00:21+00:00","breadcrumb":{"@id":"https:\/\/patagoniambiental.com.ar\/info\/continuan-en-bariloche-las-charlas-para-prevenir-las-intoxicaciones-con-monoxido-de-carbono\/#breadcrumb"},"inLanguage":"es","potentialAction":[{"@type":"ReadAction","target":["https:\/\/patagoniambiental.com.ar\/info\/continuan-en-bariloche-las-charlas-para-prevenir-las-intoxicaciones-con-monoxido-de-carbono\/"]}]},{"@type":"ImageObject","inLanguage":"es","@id":"https:\/\/patagoniambiental.com.ar\/info\/continuan-en-bariloche-las-charlas-para-prevenir-las-intoxicaciones-con-monoxido-de-carbono\/#primaryimage","url":"https:\/\/patagoniambiental.com.ar\/info\/wp-content\/uploads\/2017\/05\/afiche-monoxido-1.jpg","contentUrl":"https:\/\/patagoniambiental.com.ar\/info\/wp-content\/uploads\/2017\/05\/afiche-monoxido-1.jpg","width":419,"height":600},{"@type":"BreadcrumbList","@id":"https:\/\/patagoniambiental.com.ar\/info\/continuan-en-bariloche-las-charlas-para-prevenir-las-intoxicaciones-con-monoxido-de-carbono\/#breadcrumb","itemListElement":[{"@type":"ListItem","position":1,"name":"Inicio","item":"https:\/\/patagoniambiental.com.ar\/info\/"},{"@type":"ListItem","position":2,"name":"Contin\u00faan en Bariloche las charlas para prevenir las intoxicaciones con mon\u00f3xido de carbono"}]},{"@type":"WebSite","@id":"https:\/\/patagoniambiental.com.ar\/info\/#website","url":"https:\/\/patagoniambiental.com.ar\/info\/","name":"Patagonia Ambiental","description":"Monitoreo y an\u00e1lisis de la situaci\u00f3n geopol\u00edtica en el mundo y su implicancia en la Patagonia","publisher":{"@id":"https:\/\/patagoniambiental.com.ar\/info\/#organization"},"potentialAction":[{"@type":"SearchAction","target":{"@type":"EntryPoint","urlTemplate":"https:\/\/patagoniambiental.com.ar\/info\/?s={search_term_string}"},"query-input":{"@type":"PropertyValueSpecification","valueRequired":true,"valueName":"search_term_string"}}],"inLanguage":"es"},{"@type":"Organization","@id":"https:\/\/patagoniambiental.com.ar\/info\/#organization","name":"Patagonia Ambiental","url":"https:\/\/patagoniambiental.com.ar\/info\/","logo":{"@type":"ImageObject","inLanguage":"es","@id":"https:\/\/patagoniambiental.com.ar\/info\/#\/schema\/logo\/image\/","url":"https:\/\/patagoniambiental.com.ar\/info\/wp-content\/uploads\/2025\/05\/LOGO-PATAGONIA-AMBIENTAL.png","contentUrl":"https:\/\/patagoniambiental.com.ar\/info\/wp-content\/uploads\/2025\/05\/LOGO-PATAGONIA-AMBIENTAL.png","width":433,"height":250,"caption":"Patagonia Ambiental"},"image":{"@id":"https:\/\/patagoniambiental.com.ar\/info\/#\/schema\/logo\/image\/"},"sameAs":["https:\/\/www.facebook.com\/patagonia.ambiental","https:\/\/x.com\/PatAmb"]},{"@type":"Person","@id":"https:\/\/patagoniambiental.com.ar\/info\/#\/schema\/person\/db12bff64bbcbf6a253710bf0ea37b5d","name":"Patagonia Ambiental","description":"Andr\u00e9s Nievas T\u00e9cnico en manejo ambiental, consultor Ambiental y escritor para medios locales e internacionales sobre temas de geopolitica y medio ambiente.","sameAs":["http:\/\/www.patagoniambiental.com.ar","https:\/\/www.facebook.com\/share\/1C1V8Gv9BX\/?mibextid=qi2Omg","@patagoniambiental","https:\/\/youtube.com\/@patagoniaambiental2023?si=BLt58t0wuXquxlYZ"]}]}},"_links":{"self":[{"href":"https:\/\/patagoniambiental.com.ar\/info\/wp-json\/wp\/v2\/posts\/28746","targetHints":{"allow":["GET"]}}],"collection":[{"href":"https:\/\/patagoniambiental.com.ar\/info\/wp-json\/wp\/v2\/posts"}],"about":[{"href":"https:\/\/patagoniambiental.com.ar\/info\/wp-json\/wp\/v2\/types\/post"}],"author":[{"embeddable":true,"href":"https:\/\/patagoniambiental.com.ar\/info\/wp-json\/wp\/v2\/users\/2"}],"replies":[{"embeddable":true,"href":"https:\/\/patagoniambiental.com.ar\/info\/wp-json\/wp\/v2\/comments?post=28746"}],"version-history":[{"count":0,"href":"https:\/\/patagoniambiental.com.ar\/info\/wp-json\/wp\/v2\/posts\/28746\/revisions"}],"wp:featuredmedia":[{"embeddable":true,"href":"https:\/\/patagoniambiental.com.ar\/info\/wp-json\/wp\/v2\/media\/28747"}],"wp:attachment":[{"href":"https:\/\/patagoniambiental.com.ar\/info\/wp-json\/wp\/v2\/media?parent=28746"}],"wp:term":[{"taxonomy":"category","embeddable":true,"href":"https:\/\/patagoniambiental.com.ar\/info\/wp-json\/wp\/v2\/categories?post=28746"},{"taxonomy":"post_tag","embeddable":true,"href":"https:\/\/patagoniambiental.com.ar\/info\/wp-json\/wp\/v2\/tags?post=28746"}],"curies":[{"name":"wp","href":"https:\/\/api.w.org\/{rel}","templated":true}]}}